{"id":227069,"date":"2024-06-14T06:08:08","date_gmt":"2024-06-14T10:08:08","guid":{"rendered":"https:\/\/www.eldiario.net\/portal\/?p=227069"},"modified":"2024-06-14T06:08:08","modified_gmt":"2024-06-14T10:08:08","slug":"sobreseen-a-policia-senalado-como-agresor-de-periodistas","status":"publish","type":"post","link":"https:\/\/www.eldiario.net\/portal\/2024\/06\/14\/sobreseen-a-policia-senalado-como-agresor-de-periodistas\/","title":{"rendered":"Sobreseen a Polic\u00eda se\u00f1alado como agresor de periodistas"},"content":{"rendered":"<p>La Fiscal\u00eda de Santa Cruz libr\u00f3 de culpa ayer al capit\u00e1n de Polic\u00eda, V\u00edctor Hugo Santelices J\u00e1uregui, denunciado penalmente por agresiones a periodistas cruce\u00f1as durante protestas ciudadanas de enero de 2023; la Fiscal\u00eda emiti\u00f3 su sobreseimiento al no encontrar pruebas suficientes que se\u00f1alen al uniformado como el responsable de hechos de violencia a trabajadores de la prensa durante la detenci\u00f3n del gobernador cruce\u00f1o, Luis Fernando Camacho.<br \/>\nLa fiscal especializada en delitos contra la integridad personal, Marioly T\u00f3rrez, present\u00f3 su requerimiento conclusivo de sobreseimiento, en favor de Santelices, al juzgado de control jurisdiccional de la jueza cautelar, Ana Gloria Rojas, de acuerdo con lo que public\u00f3 ayer el diario cruce\u00f1o El Deber.<br \/>\nLa abogada del equipo de prensa, Raquel Guerrero, lament\u00f3 que la justicia haya preferido dejar libre de culpa al supuesto agresor sin haber realizado una \u00faltima pericia de desfiles identificativos, consistente en comparar los rostros del agresor y del oficial policial, seg\u00fan inform\u00f3 al Observatorio de Defensores de Derechos de Unitas.<br \/>\n\u201cMe sorprend\u00ed con esta decisi\u00f3n, yo identifiqu\u00e9 de manera clara a (Santelices), \u00e9l empez\u00f3 a forcejear conmigo queriendo quitarme la c\u00e1mara (\u2026). Con esta decisi\u00f3n pierdo la confianza en la justicia como muchas personas en el pa\u00eds espero que esta situaci\u00f3n no vuelva a pasar en nuestra sociedad, que no agredan a los trabajadores de los medios de prensa que s\u00f3lo realizan el trabajo de informar\u201d, declar\u00f3 a la Unidad de Monitoreo de la Asociaci\u00f3n Nacional de la Prensa (ANP) el camar\u00f3grafo, Joel Orellana.<br \/>\nSantelices era teniente cuando pertenec\u00eda a la Unidad T\u00e1ctica de Operaciones Policiales (UTOP) de Cochabamba y fue trasladado a Santa Cruz para ejercer acciones en contra de las personas que participaron de la citada protesta. En enero de este a\u00f1o, fue ascendido a capit\u00e1n.<br \/>\nEn mayo, T\u00f3rrez convoc\u00f3 a una audiencia de conciliaci\u00f3n entre el Polic\u00eda y los periodistas denunciantes, en busca de acercamiento y una soluci\u00f3n. Santelices entonces ofreci\u00f3 100 d\u00f3lares a los trabajadores de prensa como resarcimiento por los da\u00f1os causados y algunos gastos, propuesta que fue calificada como \u201cindignante\u201d por gremios period\u00edsticos defensores de la libertad de expresi\u00f3n.<\/p>\n<p>CONTRADICCIONES<br \/>\nLa madrugada del 1 de enero de 2023, en la zona del Segundo Anillo y la avenida Cristo Redentor de la capital cruce\u00f1a, los periodistas de Unitel, Joel Orellana y Miguel \u00c1ngel Rivero, fueron agredidos por un grupo policial cuando los agentes deten\u00edan a una persona.<br \/>\nCuando Orellana y Rivero solo realizaban cobertura period\u00edstica del hecho, fueron tumbados al piso por los polic\u00edas, quienes les propinaron patadas y les quitaron parte de sus equipos. Sin embargo, pudieron grabar a uno de sus agresores, el entonces teniente Santelices.<br \/>\nPara Guerrero, hay una \u201ccontradicci\u00f3n\u201d de la Fiscal\u00eda pues, habiendo imputado al acusado al hallar indicios de responsabilidad en su accionar, resulta \u201csorpresivo\u201d que ahora sea liberado y el caso sea cerrado.<br \/>\n\u201cLamentablemente, los procesos que se llevan contra polic\u00edas no avanzan; esto da el mensaje de que cualquier polic\u00eda (que) golpea y agrede va a quedar impune\u201d, lament\u00f3 la jurista, quien adem\u00e1s anticip\u00f3 que impugnar\u00e1n esta decisi\u00f3n, toda vez que no se concluy\u00f3 la investigaci\u00f3n. (Agencias)<\/p>\n","protected":false},"excerpt":{"rendered":"<p>La Fiscal\u00eda de Santa Cruz libr\u00f3 de culpa ayer al capit\u00e1n de Polic\u00eda, V\u00edctor Hugo Santelices J\u00e1uregui, denunciado penalmente por agresiones a periodistas cruce\u00f1as durante protestas ciudadanas de enero de 2023; la Fiscal\u00eda emiti\u00f3 su sobreseimiento al no encontrar pruebas suficientes que se\u00f1alen al uniformado como el responsable de hechos de violencia a trabajadores de [&hellip;]<\/p>\n","protected":false},"author":1,"featured_media":227070,"comment_status":"open","ping_status":"open","sticky":false,"template":"","format":"standard","meta":{"_acf_changed":false,"footnotes":""},"categories":[39],"tags":[],"class_list":["post-227069","post","type-post","status-publish","format-standard","has-post-thumbnail","category-sociedad"],"acf":{"antetitulo":"Ofreci\u00f3 $us 100 para frenar denuncia"},"yoast_head":"<!-- This site is optimized with the Yoast SEO plugin v28.4 - https:\/\/yoast.com\/product\/yoast-seo-wordpress\/ -->\n<title>Sobreseen a Polic\u00eda se\u00f1alado como agresor de periodistas - El Diario - Bolivia<\/title>\n<meta name=\"robots\" content=\"index, follow, max-snippet:-1, max-image-preview:large, max-video-preview:-1\" \/>\n<link rel=\"canonical\" href=\"https:\/\/www.eldiario.net\/portal\/2024\/06\/14\/sobreseen-a-policia-senalado-como-agresor-de-periodistas\/\" \/>\n<meta property=\"og:locale\" content=\"es_ES\" \/>\n<meta property=\"og:type\" content=\"article\" \/>\n<meta property=\"og:title\" content=\"Sobreseen a Polic\u00eda se\u00f1alado como agresor de periodistas - El Diario - Bolivia\" \/>\n<meta property=\"og:description\" content=\"La Fiscal\u00eda de Santa Cruz libr\u00f3 de culpa ayer al capit\u00e1n de Polic\u00eda, V\u00edctor Hugo Santelices J\u00e1uregui, denunciado penalmente por agresiones a periodistas cruce\u00f1as durante protestas ciudadanas de enero de 2023; la Fiscal\u00eda emiti\u00f3 su sobreseimiento al no encontrar pruebas suficientes que se\u00f1alen al uniformado como el responsable de hechos de violencia a trabajadores de [&hellip;]\" \/>\n<meta property=\"og:url\" content=\"https:\/\/www.eldiario.net\/portal\/2024\/06\/14\/sobreseen-a-policia-senalado-como-agresor-de-periodistas\/\" \/>\n<meta property=\"og:site_name\" content=\"El Diario - Bolivia\" \/>\n<meta property=\"article:publisher\" content=\"https:\/\/www.facebook.com\/eldiario.bolivia\/\" \/>\n<meta property=\"article:published_time\" content=\"2024-06-14T10:08:08+00:00\" \/>\n<meta property=\"og:image\" content=\"https:\/\/www.eldiario.net\/portal\/wp-content\/uploads\/2024\/06\/14-SANT.jpg\" \/>\n\t<meta property=\"og:image:width\" content=\"760\" \/>\n\t<meta property=\"og:image:height\" content=\"415\" \/>\n\t<meta property=\"og:image:type\" content=\"image\/jpeg\" \/>\n<meta name=\"author\" content=\"Jeanette\" \/>\n<meta name=\"twitter:card\" content=\"summary_large_image\" \/>\n<meta name=\"twitter:creator\" content=\"@eldiario_net\" \/>\n<meta name=\"twitter:site\" content=\"@eldiario_net\" \/>\n<meta name=\"twitter:label1\" content=\"Escrito por\" \/>\n\t<meta name=\"twitter:data1\" content=\"Jeanette\" \/>\n\t<meta name=\"twitter:label2\" content=\"Tiempo de lectura\" \/>\n\t<meta name=\"twitter:data2\" content=\"3 minutos\" \/>\n<script type=\"application\/ld+json\" class=\"yoast-schema-graph\">{\"@context\":\"https:\\\/\\\/schema.org\",\"@graph\":[{\"@type\":\"Article\",\"@id\":\"https:\\\/\\\/www.eldiario.net\\\/portal\\\/2024\\\/06\\\/14\\\/sobreseen-a-policia-senalado-como-agresor-de-periodistas\\\/#article\",\"isPartOf\":{\"@id\":\"https:\\\/\\\/www.eldiario.net\\\/portal\\\/2024\\\/06\\\/14\\\/sobreseen-a-policia-senalado-como-agresor-de-periodistas\\\/\"},\"author\":{\"name\":\"Jeanette\",\"@id\":\"https:\\\/\\\/www.eldiario.net\\\/portal\\\/#\\\/schema\\\/person\\\/f46445640444750d7d753ccd04ae01b7\"},\"headline\":\"Sobreseen a Polic\u00eda se\u00f1alado como agresor de periodistas\",\"datePublished\":\"2024-06-14T10:08:08+00:00\",\"mainEntityOfPage\":{\"@id\":\"https:\\\/\\\/www.eldiario.net\\\/portal\\\/2024\\\/06\\\/14\\\/sobreseen-a-policia-senalado-como-agresor-de-periodistas\\\/\"},\"wordCount\":562,\"commentCount\":0,\"publisher\":{\"@id\":\"https:\\\/\\\/www.eldiario.net\\\/portal\\\/#organization\"},\"image\":{\"@id\":\"https:\\\/\\\/www.eldiario.net\\\/portal\\\/2024\\\/06\\\/14\\\/sobreseen-a-policia-senalado-como-agresor-de-periodistas\\\/#primaryimage\"},\"thumbnailUrl\":\"https:\\\/\\\/www.eldiario.net\\\/portal\\\/wp-content\\\/uploads\\\/2024\\\/06\\\/14-SANT.jpg\",\"articleSection\":[\"Sociedad - Seguridad\"],\"inLanguage\":\"es\",\"potentialAction\":[{\"@type\":\"CommentAction\",\"name\":\"Comment\",\"target\":[\"https:\\\/\\\/www.eldiario.net\\\/portal\\\/2024\\\/06\\\/14\\\/sobreseen-a-policia-senalado-como-agresor-de-periodistas\\\/#respond\"]}]},{\"@type\":\"WebPage\",\"@id\":\"https:\\\/\\\/www.eldiario.net\\\/portal\\\/2024\\\/06\\\/14\\\/sobreseen-a-policia-senalado-como-agresor-de-periodistas\\\/\",\"url\":\"https:\\\/\\\/www.eldiario.net\\\/portal\\\/2024\\\/06\\\/14\\\/sobreseen-a-policia-senalado-como-agresor-de-periodistas\\\/\",\"name\":\"Sobreseen a Polic\u00eda se\u00f1alado como agresor de periodistas - El Diario - Bolivia\",\"isPartOf\":{\"@id\":\"https:\\\/\\\/www.eldiario.net\\\/portal\\\/#website\"},\"primaryImageOfPage\":{\"@id\":\"https:\\\/\\\/www.eldiario.net\\\/portal\\\/2024\\\/06\\\/14\\\/sobreseen-a-policia-senalado-como-agresor-de-periodistas\\\/#primaryimage\"},\"image\":{\"@id\":\"https:\\\/\\\/www.eldiario.net\\\/portal\\\/2024\\\/06\\\/14\\\/sobreseen-a-policia-senalado-como-agresor-de-periodistas\\\/#primaryimage\"},\"thumbnailUrl\":\"https:\\\/\\\/www.eldiario.net\\\/portal\\\/wp-content\\\/uploads\\\/2024\\\/06\\\/14-SANT.jpg\",\"datePublished\":\"2024-06-14T10:08:08+00:00\",\"breadcrumb\":{\"@id\":\"https:\\\/\\\/www.eldiario.net\\\/portal\\\/2024\\\/06\\\/14\\\/sobreseen-a-policia-senalado-como-agresor-de-periodistas\\\/#breadcrumb\"},\"inLanguage\":\"es\",\"potentialAction\":[{\"@type\":\"ReadAction\",\"target\":[\"https:\\\/\\\/www.eldiario.net\\\/portal\\\/2024\\\/06\\\/14\\\/sobreseen-a-policia-senalado-como-agresor-de-periodistas\\\/\"]}]},{\"@type\":\"ImageObject\",\"inLanguage\":\"es\",\"@id\":\"https:\\\/\\\/www.eldiario.net\\\/portal\\\/2024\\\/06\\\/14\\\/sobreseen-a-policia-senalado-como-agresor-de-periodistas\\\/#primaryimage\",\"url\":\"https:\\\/\\\/www.eldiario.net\\\/portal\\\/wp-content\\\/uploads\\\/2024\\\/06\\\/14-SANT.jpg\",\"contentUrl\":\"https:\\\/\\\/www.eldiario.net\\\/portal\\\/wp-content\\\/uploads\\\/2024\\\/06\\\/14-SANT.jpg\",\"width\":760,\"height\":415,\"caption\":\"Santelices, el capit\u00e1n sobrese\u00eddo (izq.), y Miguel Rivero, uno de los periodistas agredidos (der.).\"},{\"@type\":\"BreadcrumbList\",\"@id\":\"https:\\\/\\\/www.eldiario.net\\\/portal\\\/2024\\\/06\\\/14\\\/sobreseen-a-policia-senalado-como-agresor-de-periodistas\\\/#breadcrumb\",\"itemListElement\":[{\"@type\":\"ListItem\",\"position\":1,\"name\":\"Portada\",\"item\":\"https:\\\/\\\/www.eldiario.net\\\/portal\\\/\"},{\"@type\":\"ListItem\",\"position\":2,\"name\":\"Sobreseen a Polic\u00eda se\u00f1alado como agresor de periodistas\"}]},{\"@type\":\"WebSite\",\"@id\":\"https:\\\/\\\/www.eldiario.net\\\/portal\\\/#website\",\"url\":\"https:\\\/\\\/www.eldiario.net\\\/portal\\\/\",\"name\":\"El Diario - Decano de la prensa nacional\",\"description\":\"El Diario - Decano de la prensa nacional\",\"publisher\":{\"@id\":\"https:\\\/\\\/www.eldiario.net\\\/portal\\\/#organization\"},\"potentialAction\":[{\"@type\":\"SearchAction\",\"target\":{\"@type\":\"EntryPoint\",\"urlTemplate\":\"https:\\\/\\\/www.eldiario.net\\\/portal\\\/?s={search_term_string}\"},\"query-input\":{\"@type\":\"PropertyValueSpecification\",\"valueRequired\":true,\"valueName\":\"search_term_string\"}}],\"inLanguage\":\"es\"},{\"@type\":\"Organization\",\"@id\":\"https:\\\/\\\/www.eldiario.net\\\/portal\\\/#organization\",\"name\":\"El Diario - Decano de la prensa nacional\",\"url\":\"https:\\\/\\\/www.eldiario.net\\\/portal\\\/\",\"logo\":{\"@type\":\"ImageObject\",\"inLanguage\":\"es\",\"@id\":\"https:\\\/\\\/www.eldiario.net\\\/portal\\\/#\\\/schema\\\/logo\\\/image\\\/\",\"url\":\"https:\\\/\\\/www.eldiario.net\\\/portal\\\/wp-content\\\/uploads\\\/2023\\\/07\\\/logo_ED.jpg\",\"contentUrl\":\"https:\\\/\\\/www.eldiario.net\\\/portal\\\/wp-content\\\/uploads\\\/2023\\\/07\\\/logo_ED.jpg\",\"width\":272,\"height\":52,\"caption\":\"El Diario - Decano de la prensa nacional\"},\"image\":{\"@id\":\"https:\\\/\\\/www.eldiario.net\\\/portal\\\/#\\\/schema\\\/logo\\\/image\\\/\"},\"sameAs\":[\"https:\\\/\\\/www.facebook.com\\\/eldiario.bolivia\\\/\",\"https:\\\/\\\/x.com\\\/eldiario_net\"]},{\"@type\":\"Person\",\"@id\":\"https:\\\/\\\/www.eldiario.net\\\/portal\\\/#\\\/schema\\\/person\\\/f46445640444750d7d753ccd04ae01b7\",\"name\":\"Jeanette\",\"image\":{\"@type\":\"ImageObject\",\"inLanguage\":\"es\",\"@id\":\"https:\\\/\\\/secure.gravatar.com\\\/avatar\\\/3ea2118a5f7dad2b7138b1187a6b7ee55f160b9968b66013c3a3ef39dd7e5798?s=96&d=mm&r=g\",\"url\":\"https:\\\/\\\/secure.gravatar.com\\\/avatar\\\/3ea2118a5f7dad2b7138b1187a6b7ee55f160b9968b66013c3a3ef39dd7e5798?s=96&d=mm&r=g\",\"contentUrl\":\"https:\\\/\\\/secure.gravatar.com\\\/avatar\\\/3ea2118a5f7dad2b7138b1187a6b7ee55f160b9968b66013c3a3ef39dd7e5798?s=96&d=mm&r=g\",\"caption\":\"Jeanette\"},\"sameAs\":[\"https:\\\/\\\/www.eldiario.net\\\/portal\"],\"url\":\"https:\\\/\\\/www.eldiario.net\\\/portal\\\/author\\\/jeanette\\\/\"}]}<\/script>\n<!-- \/ Yoast SEO plugin. -->","yoast_head_json":{"title":"Sobreseen a Polic\u00eda se\u00f1alado como agresor de periodistas - El Diario - Bolivia","robots":{"index":"index","follow":"follow","max-snippet":"max-snippet:-1","max-image-preview":"max-image-preview:large","max-video-preview":"max-video-preview:-1"},"canonical":"https:\/\/www.eldiario.net\/portal\/2024\/06\/14\/sobreseen-a-policia-senalado-como-agresor-de-periodistas\/","og_locale":"es_ES","og_type":"article","og_title":"Sobreseen a Polic\u00eda se\u00f1alado como agresor de periodistas - El Diario - Bolivia","og_description":"La Fiscal\u00eda de Santa Cruz libr\u00f3 de culpa ayer al capit\u00e1n de Polic\u00eda, V\u00edctor Hugo Santelices J\u00e1uregui, denunciado penalmente por agresiones a periodistas cruce\u00f1as durante protestas ciudadanas de enero de 2023; la Fiscal\u00eda emiti\u00f3 su sobreseimiento al no encontrar pruebas suficientes que se\u00f1alen al uniformado como el responsable de hechos de violencia a trabajadores de [&hellip;]","og_url":"https:\/\/www.eldiario.net\/portal\/2024\/06\/14\/sobreseen-a-policia-senalado-como-agresor-de-periodistas\/","og_site_name":"El Diario - Bolivia","article_publisher":"https:\/\/www.facebook.com\/eldiario.bolivia\/","article_published_time":"2024-06-14T10:08:08+00:00","og_image":[{"width":760,"height":415,"url":"https:\/\/www.eldiario.net\/portal\/wp-content\/uploads\/2024\/06\/14-SANT.jpg","type":"image\/jpeg"}],"author":"Jeanette","twitter_card":"summary_large_image","twitter_creator":"@eldiario_net","twitter_site":"@eldiario_net","twitter_misc":{"Escrito por":"Jeanette","Tiempo de lectura":"3 minutos"},"schema":{"@context":"https:\/\/schema.org","@graph":[{"@type":"Article","@id":"https:\/\/www.eldiario.net\/portal\/2024\/06\/14\/sobreseen-a-policia-senalado-como-agresor-de-periodistas\/#article","isPartOf":{"@id":"https:\/\/www.eldiario.net\/portal\/2024\/06\/14\/sobreseen-a-policia-senalado-como-agresor-de-periodistas\/"},"author":{"name":"Jeanette","@id":"https:\/\/www.eldiario.net\/portal\/#\/schema\/person\/f46445640444750d7d753ccd04ae01b7"},"headline":"Sobreseen a Polic\u00eda se\u00f1alado como agresor de periodistas","datePublished":"2024-06-14T10:08:08+00:00","mainEntityOfPage":{"@id":"https:\/\/www.eldiario.net\/portal\/2024\/06\/14\/sobreseen-a-policia-senalado-como-agresor-de-periodistas\/"},"wordCount":562,"commentCount":0,"publisher":{"@id":"https:\/\/www.eldiario.net\/portal\/#organization"},"image":{"@id":"https:\/\/www.eldiario.net\/portal\/2024\/06\/14\/sobreseen-a-policia-senalado-como-agresor-de-periodistas\/#primaryimage"},"thumbnailUrl":"https:\/\/www.eldiario.net\/portal\/wp-content\/uploads\/2024\/06\/14-SANT.jpg","articleSection":["Sociedad - Seguridad"],"inLanguage":"es","potentialAction":[{"@type":"CommentAction","name":"Comment","target":["https:\/\/www.eldiario.net\/portal\/2024\/06\/14\/sobreseen-a-policia-senalado-como-agresor-de-periodistas\/#respond"]}]},{"@type":"WebPage","@id":"https:\/\/www.eldiario.net\/portal\/2024\/06\/14\/sobreseen-a-policia-senalado-como-agresor-de-periodistas\/","url":"https:\/\/www.eldiario.net\/portal\/2024\/06\/14\/sobreseen-a-policia-senalado-como-agresor-de-periodistas\/","name":"Sobreseen a Polic\u00eda se\u00f1alado como agresor de periodistas - El Diario - Bolivia","isPartOf":{"@id":"https:\/\/www.eldiario.net\/portal\/#website"},"primaryImageOfPage":{"@id":"https:\/\/www.eldiario.net\/portal\/2024\/06\/14\/sobreseen-a-policia-senalado-como-agresor-de-periodistas\/#primaryimage"},"image":{"@id":"https:\/\/www.eldiario.net\/portal\/2024\/06\/14\/sobreseen-a-policia-senalado-como-agresor-de-periodistas\/#primaryimage"},"thumbnailUrl":"https:\/\/www.eldiario.net\/portal\/wp-content\/uploads\/2024\/06\/14-SANT.jpg","datePublished":"2024-06-14T10:08:08+00:00","breadcrumb":{"@id":"https:\/\/www.eldiario.net\/portal\/2024\/06\/14\/sobreseen-a-policia-senalado-como-agresor-de-periodistas\/#breadcrumb"},"inLanguage":"es","potentialAction":[{"@type":"ReadAction","target":["https:\/\/www.eldiario.net\/portal\/2024\/06\/14\/sobreseen-a-policia-senalado-como-agresor-de-periodistas\/"]}]},{"@type":"ImageObject","inLanguage":"es","@id":"https:\/\/www.eldiario.net\/portal\/2024\/06\/14\/sobreseen-a-policia-senalado-como-agresor-de-periodistas\/#primaryimage","url":"https:\/\/www.eldiario.net\/portal\/wp-content\/uploads\/2024\/06\/14-SANT.jpg","contentUrl":"https:\/\/www.eldiario.net\/portal\/wp-content\/uploads\/2024\/06\/14-SANT.jpg","width":760,"height":415,"caption":"Santelices, el capit\u00e1n sobrese\u00eddo (izq.), y Miguel Rivero, uno de los periodistas agredidos (der.)."},{"@type":"BreadcrumbList","@id":"https:\/\/www.eldiario.net\/portal\/2024\/06\/14\/sobreseen-a-policia-senalado-como-agresor-de-periodistas\/#breadcrumb","itemListElement":[{"@type":"ListItem","position":1,"name":"Portada","item":"https:\/\/www.eldiario.net\/portal\/"},{"@type":"ListItem","position":2,"name":"Sobreseen a Polic\u00eda se\u00f1alado como agresor de periodistas"}]},{"@type":"WebSite","@id":"https:\/\/www.eldiario.net\/portal\/#website","url":"https:\/\/www.eldiario.net\/portal\/","name":"El Diario - Decano de la prensa nacional","description":"El Diario - Decano de la prensa nacional","publisher":{"@id":"https:\/\/www.eldiario.net\/portal\/#organization"},"potentialAction":[{"@type":"SearchAction","target":{"@type":"EntryPoint","urlTemplate":"https:\/\/www.eldiario.net\/portal\/?s={search_term_string}"},"query-input":{"@type":"PropertyValueSpecification","valueRequired":true,"valueName":"search_term_string"}}],"inLanguage":"es"},{"@type":"Organization","@id":"https:\/\/www.eldiario.net\/portal\/#organization","name":"El Diario - Decano de la prensa nacional","url":"https:\/\/www.eldiario.net\/portal\/","logo":{"@type":"ImageObject","inLanguage":"es","@id":"https:\/\/www.eldiario.net\/portal\/#\/schema\/logo\/image\/","url":"https:\/\/www.eldiario.net\/portal\/wp-content\/uploads\/2023\/07\/logo_ED.jpg","contentUrl":"https:\/\/www.eldiario.net\/portal\/wp-content\/uploads\/2023\/07\/logo_ED.jpg","width":272,"height":52,"caption":"El Diario - Decano de la prensa nacional"},"image":{"@id":"https:\/\/www.eldiario.net\/portal\/#\/schema\/logo\/image\/"},"sameAs":["https:\/\/www.facebook.com\/eldiario.bolivia\/","https:\/\/x.com\/eldiario_net"]},{"@type":"Person","@id":"https:\/\/www.eldiario.net\/portal\/#\/schema\/person\/f46445640444750d7d753ccd04ae01b7","name":"Jeanette","image":{"@type":"ImageObject","inLanguage":"es","@id":"https:\/\/secure.gravatar.com\/avatar\/3ea2118a5f7dad2b7138b1187a6b7ee55f160b9968b66013c3a3ef39dd7e5798?s=96&d=mm&r=g","url":"https:\/\/secure.gravatar.com\/avatar\/3ea2118a5f7dad2b7138b1187a6b7ee55f160b9968b66013c3a3ef39dd7e5798?s=96&d=mm&r=g","contentUrl":"https:\/\/secure.gravatar.com\/avatar\/3ea2118a5f7dad2b7138b1187a6b7ee55f160b9968b66013c3a3ef39dd7e5798?s=96&d=mm&r=g","caption":"Jeanette"},"sameAs":["https:\/\/www.eldiario.net\/portal"],"url":"https:\/\/www.eldiario.net\/portal\/author\/jeanette\/"}]}},"_links":{"self":[{"href":"https:\/\/www.eldiario.net\/portal\/wp-json\/wp\/v2\/posts\/227069","targetHints":{"allow":["GET"]}}],"collection":[{"href":"https:\/\/www.eldiario.net\/portal\/wp-json\/wp\/v2\/posts"}],"about":[{"href":"https:\/\/www.eldiario.net\/portal\/wp-json\/wp\/v2\/types\/post"}],"author":[{"embeddable":true,"href":"https:\/\/www.eldiario.net\/portal\/wp-json\/wp\/v2\/users\/1"}],"replies":[{"embeddable":true,"href":"https:\/\/www.eldiario.net\/portal\/wp-json\/wp\/v2\/comments?post=227069"}],"version-history":[{"count":1,"href":"https:\/\/www.eldiario.net\/portal\/wp-json\/wp\/v2\/posts\/227069\/revisions"}],"predecessor-version":[{"id":227071,"href":"https:\/\/www.eldiario.net\/portal\/wp-json\/wp\/v2\/posts\/227069\/revisions\/227071"}],"wp:featuredmedia":[{"embeddable":true,"href":"https:\/\/www.eldiario.net\/portal\/wp-json\/wp\/v2\/media\/227070"}],"wp:attachment":[{"href":"https:\/\/www.eldiario.net\/portal\/wp-json\/wp\/v2\/media?parent=227069"}],"wp:term":[{"taxonomy":"category","embeddable":true,"href":"https:\/\/www.eldiario.net\/portal\/wp-json\/wp\/v2\/categories?post=227069"},{"taxonomy":"post_tag","embeddable":true,"href":"https:\/\/www.eldiario.net\/portal\/wp-json\/wp\/v2\/tags?post=227069"}],"curies":[{"name":"wp","href":"https:\/\/api.w.org\/{rel}","templated":true}]}}