{"id":227059,"date":"2024-06-14T06:01:01","date_gmt":"2024-06-14T10:01:01","guid":{"rendered":"https:\/\/www.eldiario.net\/portal\/?p=227059"},"modified":"2024-06-14T06:01:01","modified_gmt":"2024-06-14T10:01:01","slug":"bolivia-y-paraguay-buscan-fortalecimiento-del-comercio","status":"publish","type":"post","link":"https:\/\/www.eldiario.net\/portal\/2024\/06\/14\/bolivia-y-paraguay-buscan-fortalecimiento-del-comercio\/","title":{"rendered":"Bolivia y Paraguay buscan fortalecimiento del comercio"},"content":{"rendered":"<p>Los presidentes Luis Arce y Santiago Pe\u00f1a, de Bolivia y Paraguay, reafirmaron ayer la voluntad de fortalecer el comercio entre ambas naciones, adem\u00e1s de la cooperaci\u00f3n en materia de infraestructura f\u00edsica y log\u00edstica, con el objetivo de aumentar el tr\u00e1nsito.<br \/>\nLos mandatarios manifestaron que existe el compromiso de realizar los \u201cmayores esfuerzos\u201d para concretar el proyecto del Corredor Bioce\u00e1nico de Integraci\u00f3n y consolidar la Hidrov\u00eda Paraguay-Paran\u00e1 para la integraci\u00f3n de ambos pa\u00edses y de la regi\u00f3n.<br \/>\nPrevio a la firma de los documentos, Arce y Pe\u00f1a encabezaron una reuni\u00f3n ampliada con los ministros de Estado de Bolivia y sus pares de la delegaci\u00f3n paraguaya en Casa Grande del Pueblo.<br \/>\nPor otro lado, el presidente de la Confederaci\u00f3n de Empresarios Privados de Bolivia (CEPB), Giovanni Ortu\u00f1o, mencion\u00f3 al presidente Santiago Pe\u00f1a de Paraguay, el inter\u00e9s del empresariado boliviano en mostrar al gobierno y al sector privado de la vecina naci\u00f3n, las posibilidades de inversi\u00f3n y desarrollo que hay en Bolivia, y sugieren organizar viaje de una delegaci\u00f3n p\u00fablico privada a la ciudad de Asunci\u00f3n.<br \/>\n\u201cEstamos seguros que este encuentro ser\u00e1 el primero de una serie de eventos que fortalecer\u00e1n la relaci\u00f3n entre nuestros pueblos, y que pronto una delegaci\u00f3n p\u00fablico privada boliviana, podr\u00e1 tener el privilegio de visitarlo en su hermoso pa\u00eds, para compartir con usted y con el sector privado paraguayo las posibilidades de inversi\u00f3n y desarrollo en Bolivia\u201d, se\u00f1al\u00f3 el presidente de la CEPB.<br \/>\nEl dirigente de los privados bolivianos adelant\u00f3 que existen grandes temas a desarrollar entre Paraguay y Bolivia, como el Mercosur, la Hidrov\u00eda Paran\u00e1-Paraguay, el Corredor Bioce\u00e1nico y la agroindustria, \u201cdonde las empresas y los gobiernos tenemos posibilidades reales y concretas de desarrollar proyectos de cooperaci\u00f3n y trabajo com\u00fan, para bien de nuestros pueblos y de nuestras empresas\u201d.<br \/>\nPor su parte, el mandatario paraguayo realiz\u00f3 una amplia explicaci\u00f3n sobre los avances que ha alcanzado su pa\u00eds en materia econ\u00f3mica, de atracci\u00f3n de inversiones y de desarrollo, que ahora buscan expandir su posicionamiento en la regi\u00f3n.<br \/>\n\u201cEstamos decididos a integrarnos y estamos decididos a construir sobre las fortalezas que tenemos nosotros los paraguayos y las fortalezas que compartimos con los pueblos hermanos\u201d, dijo.<br \/>\n\u201cSomos la regi\u00f3n del mundo que est\u00e1 menos integrada. Cuando comparamos con Asia y Europa, nuestro comercio interregional es muy peque\u00f1o comparado a otros bloques econ\u00f3micos. Y eso es un problema y tenemos que enfrentar esto y tenemos que integrarnos m\u00e1s\u201d, afirm\u00f3.<\/p>\n","protected":false},"excerpt":{"rendered":"<p>Los presidentes Luis Arce y Santiago Pe\u00f1a, de Bolivia y Paraguay, reafirmaron ayer la voluntad de fortalecer el comercio entre ambas naciones, adem\u00e1s de la cooperaci\u00f3n en materia de infraestructura f\u00edsica y log\u00edstica, con el objetivo de aumentar el tr\u00e1nsito. Los mandatarios manifestaron que existe el compromiso de realizar los \u201cmayores esfuerzos\u201d para concretar el [&hellip;]<\/p>\n","protected":false},"author":1,"featured_media":227060,"comment_status":"open","ping_status":"open","sticky":false,"template":"","format":"standard","meta":{"_acf_changed":false,"footnotes":""},"categories":[17],"tags":[],"class_list":["post-227059","post","type-post","status-publish","format-standard","has-post-thumbnail","category-principal"],"acf":{"antetitulo":"Suscribieron acuerdos de cooperaci\u00f3n"},"yoast_head":"<!-- This site is optimized with the Yoast SEO plugin v28.4 - https:\/\/yoast.com\/product\/yoast-seo-wordpress\/ -->\n<title>Bolivia y Paraguay buscan fortalecimiento del comercio - El Diario - Bolivia<\/title>\n<meta name=\"robots\" content=\"index, follow, max-snippet:-1, max-image-preview:large, max-video-preview:-1\" \/>\n<link rel=\"canonical\" href=\"https:\/\/www.eldiario.net\/portal\/2024\/06\/14\/bolivia-y-paraguay-buscan-fortalecimiento-del-comercio\/\" \/>\n<meta property=\"og:locale\" content=\"es_ES\" \/>\n<meta property=\"og:type\" content=\"article\" \/>\n<meta property=\"og:title\" content=\"Bolivia y Paraguay buscan fortalecimiento del comercio - El Diario - Bolivia\" \/>\n<meta property=\"og:description\" content=\"Los presidentes Luis Arce y Santiago Pe\u00f1a, de Bolivia y Paraguay, reafirmaron ayer la voluntad de fortalecer el comercio entre ambas naciones, adem\u00e1s de la cooperaci\u00f3n en materia de infraestructura f\u00edsica y log\u00edstica, con el objetivo de aumentar el tr\u00e1nsito. Los mandatarios manifestaron que existe el compromiso de realizar los \u201cmayores esfuerzos\u201d para concretar el [&hellip;]\" \/>\n<meta property=\"og:url\" content=\"https:\/\/www.eldiario.net\/portal\/2024\/06\/14\/bolivia-y-paraguay-buscan-fortalecimiento-del-comercio\/\" \/>\n<meta property=\"og:site_name\" content=\"El Diario - Bolivia\" \/>\n<meta property=\"article:publisher\" content=\"https:\/\/www.facebook.com\/eldiario.bolivia\/\" \/>\n<meta property=\"article:published_time\" content=\"2024-06-14T10:01:01+00:00\" \/>\n<meta property=\"og:image\" content=\"https:\/\/www.eldiario.net\/portal\/wp-content\/uploads\/2024\/06\/P-1-20-cm-x-10-2.jpg\" \/>\n\t<meta property=\"og:image:width\" content=\"1200\" \/>\n\t<meta property=\"og:image:height\" content=\"687\" \/>\n\t<meta property=\"og:image:type\" content=\"image\/jpeg\" \/>\n<meta name=\"author\" content=\"Jeanette\" \/>\n<meta name=\"twitter:card\" content=\"summary_large_image\" \/>\n<meta name=\"twitter:creator\" content=\"@eldiario_net\" \/>\n<meta name=\"twitter:site\" content=\"@eldiario_net\" \/>\n<meta name=\"twitter:label1\" content=\"Escrito por\" \/>\n\t<meta name=\"twitter:data1\" content=\"Jeanette\" \/>\n\t<meta name=\"twitter:label2\" content=\"Tiempo de lectura\" \/>\n\t<meta name=\"twitter:data2\" content=\"3 minutos\" \/>\n<script type=\"application\/ld+json\" class=\"yoast-schema-graph\">{\"@context\":\"https:\\\/\\\/schema.org\",\"@graph\":[{\"@type\":\"Article\",\"@id\":\"https:\\\/\\\/www.eldiario.net\\\/portal\\\/2024\\\/06\\\/14\\\/bolivia-y-paraguay-buscan-fortalecimiento-del-comercio\\\/#article\",\"isPartOf\":{\"@id\":\"https:\\\/\\\/www.eldiario.net\\\/portal\\\/2024\\\/06\\\/14\\\/bolivia-y-paraguay-buscan-fortalecimiento-del-comercio\\\/\"},\"author\":{\"name\":\"Jeanette\",\"@id\":\"https:\\\/\\\/www.eldiario.net\\\/portal\\\/#\\\/schema\\\/person\\\/f46445640444750d7d753ccd04ae01b7\"},\"headline\":\"Bolivia y Paraguay buscan fortalecimiento del comercio\",\"datePublished\":\"2024-06-14T10:01:01+00:00\",\"mainEntityOfPage\":{\"@id\":\"https:\\\/\\\/www.eldiario.net\\\/portal\\\/2024\\\/06\\\/14\\\/bolivia-y-paraguay-buscan-fortalecimiento-del-comercio\\\/\"},\"wordCount\":450,\"commentCount\":0,\"publisher\":{\"@id\":\"https:\\\/\\\/www.eldiario.net\\\/portal\\\/#organization\"},\"image\":{\"@id\":\"https:\\\/\\\/www.eldiario.net\\\/portal\\\/2024\\\/06\\\/14\\\/bolivia-y-paraguay-buscan-fortalecimiento-del-comercio\\\/#primaryimage\"},\"thumbnailUrl\":\"https:\\\/\\\/www.eldiario.net\\\/portal\\\/wp-content\\\/uploads\\\/2024\\\/06\\\/P-1-20-cm-x-10-2.jpg\",\"articleSection\":[\"Principal\"],\"inLanguage\":\"es\",\"potentialAction\":[{\"@type\":\"CommentAction\",\"name\":\"Comment\",\"target\":[\"https:\\\/\\\/www.eldiario.net\\\/portal\\\/2024\\\/06\\\/14\\\/bolivia-y-paraguay-buscan-fortalecimiento-del-comercio\\\/#respond\"]}]},{\"@type\":\"WebPage\",\"@id\":\"https:\\\/\\\/www.eldiario.net\\\/portal\\\/2024\\\/06\\\/14\\\/bolivia-y-paraguay-buscan-fortalecimiento-del-comercio\\\/\",\"url\":\"https:\\\/\\\/www.eldiario.net\\\/portal\\\/2024\\\/06\\\/14\\\/bolivia-y-paraguay-buscan-fortalecimiento-del-comercio\\\/\",\"name\":\"Bolivia y Paraguay buscan fortalecimiento del comercio - El Diario - Bolivia\",\"isPartOf\":{\"@id\":\"https:\\\/\\\/www.eldiario.net\\\/portal\\\/#website\"},\"primaryImageOfPage\":{\"@id\":\"https:\\\/\\\/www.eldiario.net\\\/portal\\\/2024\\\/06\\\/14\\\/bolivia-y-paraguay-buscan-fortalecimiento-del-comercio\\\/#primaryimage\"},\"image\":{\"@id\":\"https:\\\/\\\/www.eldiario.net\\\/portal\\\/2024\\\/06\\\/14\\\/bolivia-y-paraguay-buscan-fortalecimiento-del-comercio\\\/#primaryimage\"},\"thumbnailUrl\":\"https:\\\/\\\/www.eldiario.net\\\/portal\\\/wp-content\\\/uploads\\\/2024\\\/06\\\/P-1-20-cm-x-10-2.jpg\",\"datePublished\":\"2024-06-14T10:01:01+00:00\",\"breadcrumb\":{\"@id\":\"https:\\\/\\\/www.eldiario.net\\\/portal\\\/2024\\\/06\\\/14\\\/bolivia-y-paraguay-buscan-fortalecimiento-del-comercio\\\/#breadcrumb\"},\"inLanguage\":\"es\",\"potentialAction\":[{\"@type\":\"ReadAction\",\"target\":[\"https:\\\/\\\/www.eldiario.net\\\/portal\\\/2024\\\/06\\\/14\\\/bolivia-y-paraguay-buscan-fortalecimiento-del-comercio\\\/\"]}]},{\"@type\":\"ImageObject\",\"inLanguage\":\"es\",\"@id\":\"https:\\\/\\\/www.eldiario.net\\\/portal\\\/2024\\\/06\\\/14\\\/bolivia-y-paraguay-buscan-fortalecimiento-del-comercio\\\/#primaryimage\",\"url\":\"https:\\\/\\\/www.eldiario.net\\\/portal\\\/wp-content\\\/uploads\\\/2024\\\/06\\\/P-1-20-cm-x-10-2.jpg\",\"contentUrl\":\"https:\\\/\\\/www.eldiario.net\\\/portal\\\/wp-content\\\/uploads\\\/2024\\\/06\\\/P-1-20-cm-x-10-2.jpg\",\"width\":1200,\"height\":687,\"caption\":\"Delegaci\u00f3n presidencial y empresarial de Bolivia y Paraguay.\"},{\"@type\":\"BreadcrumbList\",\"@id\":\"https:\\\/\\\/www.eldiario.net\\\/portal\\\/2024\\\/06\\\/14\\\/bolivia-y-paraguay-buscan-fortalecimiento-del-comercio\\\/#breadcrumb\",\"itemListElement\":[{\"@type\":\"ListItem\",\"position\":1,\"name\":\"Portada\",\"item\":\"https:\\\/\\\/www.eldiario.net\\\/portal\\\/\"},{\"@type\":\"ListItem\",\"position\":2,\"name\":\"Bolivia y Paraguay buscan fortalecimiento del comercio\"}]},{\"@type\":\"WebSite\",\"@id\":\"https:\\\/\\\/www.eldiario.net\\\/portal\\\/#website\",\"url\":\"https:\\\/\\\/www.eldiario.net\\\/portal\\\/\",\"name\":\"El Diario - Decano de la prensa nacional\",\"description\":\"El Diario - Decano de la prensa nacional\",\"publisher\":{\"@id\":\"https:\\\/\\\/www.eldiario.net\\\/portal\\\/#organization\"},\"potentialAction\":[{\"@type\":\"SearchAction\",\"target\":{\"@type\":\"EntryPoint\",\"urlTemplate\":\"https:\\\/\\\/www.eldiario.net\\\/portal\\\/?s={search_term_string}\"},\"query-input\":{\"@type\":\"PropertyValueSpecification\",\"valueRequired\":true,\"valueName\":\"search_term_string\"}}],\"inLanguage\":\"es\"},{\"@type\":\"Organization\",\"@id\":\"https:\\\/\\\/www.eldiario.net\\\/portal\\\/#organization\",\"name\":\"El Diario - Decano de la prensa nacional\",\"url\":\"https:\\\/\\\/www.eldiario.net\\\/portal\\\/\",\"logo\":{\"@type\":\"ImageObject\",\"inLanguage\":\"es\",\"@id\":\"https:\\\/\\\/www.eldiario.net\\\/portal\\\/#\\\/schema\\\/logo\\\/image\\\/\",\"url\":\"https:\\\/\\\/www.eldiario.net\\\/portal\\\/wp-content\\\/uploads\\\/2023\\\/07\\\/logo_ED.jpg\",\"contentUrl\":\"https:\\\/\\\/www.eldiario.net\\\/portal\\\/wp-content\\\/uploads\\\/2023\\\/07\\\/logo_ED.jpg\",\"width\":272,\"height\":52,\"caption\":\"El Diario - Decano de la prensa nacional\"},\"image\":{\"@id\":\"https:\\\/\\\/www.eldiario.net\\\/portal\\\/#\\\/schema\\\/logo\\\/image\\\/\"},\"sameAs\":[\"https:\\\/\\\/www.facebook.com\\\/eldiario.bolivia\\\/\",\"https:\\\/\\\/x.com\\\/eldiario_net\"]},{\"@type\":\"Person\",\"@id\":\"https:\\\/\\\/www.eldiario.net\\\/portal\\\/#\\\/schema\\\/person\\\/f46445640444750d7d753ccd04ae01b7\",\"name\":\"Jeanette\",\"image\":{\"@type\":\"ImageObject\",\"inLanguage\":\"es\",\"@id\":\"https:\\\/\\\/secure.gravatar.com\\\/avatar\\\/3ea2118a5f7dad2b7138b1187a6b7ee55f160b9968b66013c3a3ef39dd7e5798?s=96&d=mm&r=g\",\"url\":\"https:\\\/\\\/secure.gravatar.com\\\/avatar\\\/3ea2118a5f7dad2b7138b1187a6b7ee55f160b9968b66013c3a3ef39dd7e5798?s=96&d=mm&r=g\",\"contentUrl\":\"https:\\\/\\\/secure.gravatar.com\\\/avatar\\\/3ea2118a5f7dad2b7138b1187a6b7ee55f160b9968b66013c3a3ef39dd7e5798?s=96&d=mm&r=g\",\"caption\":\"Jeanette\"},\"sameAs\":[\"https:\\\/\\\/www.eldiario.net\\\/portal\"],\"url\":\"https:\\\/\\\/www.eldiario.net\\\/portal\\\/author\\\/jeanette\\\/\"}]}<\/script>\n<!-- \/ Yoast SEO plugin. -->","yoast_head_json":{"title":"Bolivia y Paraguay buscan fortalecimiento del comercio - El Diario - Bolivia","robots":{"index":"index","follow":"follow","max-snippet":"max-snippet:-1","max-image-preview":"max-image-preview:large","max-video-preview":"max-video-preview:-1"},"canonical":"https:\/\/www.eldiario.net\/portal\/2024\/06\/14\/bolivia-y-paraguay-buscan-fortalecimiento-del-comercio\/","og_locale":"es_ES","og_type":"article","og_title":"Bolivia y Paraguay buscan fortalecimiento del comercio - El Diario - Bolivia","og_description":"Los presidentes Luis Arce y Santiago Pe\u00f1a, de Bolivia y Paraguay, reafirmaron ayer la voluntad de fortalecer el comercio entre ambas naciones, adem\u00e1s de la cooperaci\u00f3n en materia de infraestructura f\u00edsica y log\u00edstica, con el objetivo de aumentar el tr\u00e1nsito. Los mandatarios manifestaron que existe el compromiso de realizar los \u201cmayores esfuerzos\u201d para concretar el [&hellip;]","og_url":"https:\/\/www.eldiario.net\/portal\/2024\/06\/14\/bolivia-y-paraguay-buscan-fortalecimiento-del-comercio\/","og_site_name":"El Diario - Bolivia","article_publisher":"https:\/\/www.facebook.com\/eldiario.bolivia\/","article_published_time":"2024-06-14T10:01:01+00:00","og_image":[{"width":1200,"height":687,"url":"https:\/\/www.eldiario.net\/portal\/wp-content\/uploads\/2024\/06\/P-1-20-cm-x-10-2.jpg","type":"image\/jpeg"}],"author":"Jeanette","twitter_card":"summary_large_image","twitter_creator":"@eldiario_net","twitter_site":"@eldiario_net","twitter_misc":{"Escrito por":"Jeanette","Tiempo de lectura":"3 minutos"},"schema":{"@context":"https:\/\/schema.org","@graph":[{"@type":"Article","@id":"https:\/\/www.eldiario.net\/portal\/2024\/06\/14\/bolivia-y-paraguay-buscan-fortalecimiento-del-comercio\/#article","isPartOf":{"@id":"https:\/\/www.eldiario.net\/portal\/2024\/06\/14\/bolivia-y-paraguay-buscan-fortalecimiento-del-comercio\/"},"author":{"name":"Jeanette","@id":"https:\/\/www.eldiario.net\/portal\/#\/schema\/person\/f46445640444750d7d753ccd04ae01b7"},"headline":"Bolivia y Paraguay buscan fortalecimiento del comercio","datePublished":"2024-06-14T10:01:01+00:00","mainEntityOfPage":{"@id":"https:\/\/www.eldiario.net\/portal\/2024\/06\/14\/bolivia-y-paraguay-buscan-fortalecimiento-del-comercio\/"},"wordCount":450,"commentCount":0,"publisher":{"@id":"https:\/\/www.eldiario.net\/portal\/#organization"},"image":{"@id":"https:\/\/www.eldiario.net\/portal\/2024\/06\/14\/bolivia-y-paraguay-buscan-fortalecimiento-del-comercio\/#primaryimage"},"thumbnailUrl":"https:\/\/www.eldiario.net\/portal\/wp-content\/uploads\/2024\/06\/P-1-20-cm-x-10-2.jpg","articleSection":["Principal"],"inLanguage":"es","potentialAction":[{"@type":"CommentAction","name":"Comment","target":["https:\/\/www.eldiario.net\/portal\/2024\/06\/14\/bolivia-y-paraguay-buscan-fortalecimiento-del-comercio\/#respond"]}]},{"@type":"WebPage","@id":"https:\/\/www.eldiario.net\/portal\/2024\/06\/14\/bolivia-y-paraguay-buscan-fortalecimiento-del-comercio\/","url":"https:\/\/www.eldiario.net\/portal\/2024\/06\/14\/bolivia-y-paraguay-buscan-fortalecimiento-del-comercio\/","name":"Bolivia y Paraguay buscan fortalecimiento del comercio - El Diario - Bolivia","isPartOf":{"@id":"https:\/\/www.eldiario.net\/portal\/#website"},"primaryImageOfPage":{"@id":"https:\/\/www.eldiario.net\/portal\/2024\/06\/14\/bolivia-y-paraguay-buscan-fortalecimiento-del-comercio\/#primaryimage"},"image":{"@id":"https:\/\/www.eldiario.net\/portal\/2024\/06\/14\/bolivia-y-paraguay-buscan-fortalecimiento-del-comercio\/#primaryimage"},"thumbnailUrl":"https:\/\/www.eldiario.net\/portal\/wp-content\/uploads\/2024\/06\/P-1-20-cm-x-10-2.jpg","datePublished":"2024-06-14T10:01:01+00:00","breadcrumb":{"@id":"https:\/\/www.eldiario.net\/portal\/2024\/06\/14\/bolivia-y-paraguay-buscan-fortalecimiento-del-comercio\/#breadcrumb"},"inLanguage":"es","potentialAction":[{"@type":"ReadAction","target":["https:\/\/www.eldiario.net\/portal\/2024\/06\/14\/bolivia-y-paraguay-buscan-fortalecimiento-del-comercio\/"]}]},{"@type":"ImageObject","inLanguage":"es","@id":"https:\/\/www.eldiario.net\/portal\/2024\/06\/14\/bolivia-y-paraguay-buscan-fortalecimiento-del-comercio\/#primaryimage","url":"https:\/\/www.eldiario.net\/portal\/wp-content\/uploads\/2024\/06\/P-1-20-cm-x-10-2.jpg","contentUrl":"https:\/\/www.eldiario.net\/portal\/wp-content\/uploads\/2024\/06\/P-1-20-cm-x-10-2.jpg","width":1200,"height":687,"caption":"Delegaci\u00f3n presidencial y empresarial de Bolivia y Paraguay."},{"@type":"BreadcrumbList","@id":"https:\/\/www.eldiario.net\/portal\/2024\/06\/14\/bolivia-y-paraguay-buscan-fortalecimiento-del-comercio\/#breadcrumb","itemListElement":[{"@type":"ListItem","position":1,"name":"Portada","item":"https:\/\/www.eldiario.net\/portal\/"},{"@type":"ListItem","position":2,"name":"Bolivia y Paraguay buscan fortalecimiento del comercio"}]},{"@type":"WebSite","@id":"https:\/\/www.eldiario.net\/portal\/#website","url":"https:\/\/www.eldiario.net\/portal\/","name":"El Diario - Decano de la prensa nacional","description":"El Diario - Decano de la prensa nacional","publisher":{"@id":"https:\/\/www.eldiario.net\/portal\/#organization"},"potentialAction":[{"@type":"SearchAction","target":{"@type":"EntryPoint","urlTemplate":"https:\/\/www.eldiario.net\/portal\/?s={search_term_string}"},"query-input":{"@type":"PropertyValueSpecification","valueRequired":true,"valueName":"search_term_string"}}],"inLanguage":"es"},{"@type":"Organization","@id":"https:\/\/www.eldiario.net\/portal\/#organization","name":"El Diario - Decano de la prensa nacional","url":"https:\/\/www.eldiario.net\/portal\/","logo":{"@type":"ImageObject","inLanguage":"es","@id":"https:\/\/www.eldiario.net\/portal\/#\/schema\/logo\/image\/","url":"https:\/\/www.eldiario.net\/portal\/wp-content\/uploads\/2023\/07\/logo_ED.jpg","contentUrl":"https:\/\/www.eldiario.net\/portal\/wp-content\/uploads\/2023\/07\/logo_ED.jpg","width":272,"height":52,"caption":"El Diario - Decano de la prensa nacional"},"image":{"@id":"https:\/\/www.eldiario.net\/portal\/#\/schema\/logo\/image\/"},"sameAs":["https:\/\/www.facebook.com\/eldiario.bolivia\/","https:\/\/x.com\/eldiario_net"]},{"@type":"Person","@id":"https:\/\/www.eldiario.net\/portal\/#\/schema\/person\/f46445640444750d7d753ccd04ae01b7","name":"Jeanette","image":{"@type":"ImageObject","inLanguage":"es","@id":"https:\/\/secure.gravatar.com\/avatar\/3ea2118a5f7dad2b7138b1187a6b7ee55f160b9968b66013c3a3ef39dd7e5798?s=96&d=mm&r=g","url":"https:\/\/secure.gravatar.com\/avatar\/3ea2118a5f7dad2b7138b1187a6b7ee55f160b9968b66013c3a3ef39dd7e5798?s=96&d=mm&r=g","contentUrl":"https:\/\/secure.gravatar.com\/avatar\/3ea2118a5f7dad2b7138b1187a6b7ee55f160b9968b66013c3a3ef39dd7e5798?s=96&d=mm&r=g","caption":"Jeanette"},"sameAs":["https:\/\/www.eldiario.net\/portal"],"url":"https:\/\/www.eldiario.net\/portal\/author\/jeanette\/"}]}},"_links":{"self":[{"href":"https:\/\/www.eldiario.net\/portal\/wp-json\/wp\/v2\/posts\/227059","targetHints":{"allow":["GET"]}}],"collection":[{"href":"https:\/\/www.eldiario.net\/portal\/wp-json\/wp\/v2\/posts"}],"about":[{"href":"https:\/\/www.eldiario.net\/portal\/wp-json\/wp\/v2\/types\/post"}],"author":[{"embeddable":true,"href":"https:\/\/www.eldiario.net\/portal\/wp-json\/wp\/v2\/users\/1"}],"replies":[{"embeddable":true,"href":"https:\/\/www.eldiario.net\/portal\/wp-json\/wp\/v2\/comments?post=227059"}],"version-history":[{"count":1,"href":"https:\/\/www.eldiario.net\/portal\/wp-json\/wp\/v2\/posts\/227059\/revisions"}],"predecessor-version":[{"id":227061,"href":"https:\/\/www.eldiario.net\/portal\/wp-json\/wp\/v2\/posts\/227059\/revisions\/227061"}],"wp:featuredmedia":[{"embeddable":true,"href":"https:\/\/www.eldiario.net\/portal\/wp-json\/wp\/v2\/media\/227060"}],"wp:attachment":[{"href":"https:\/\/www.eldiario.net\/portal\/wp-json\/wp\/v2\/media?parent=227059"}],"wp:term":[{"taxonomy":"category","embeddable":true,"href":"https:\/\/www.eldiario.net\/portal\/wp-json\/wp\/v2\/categories?post=227059"},{"taxonomy":"post_tag","embeddable":true,"href":"https:\/\/www.eldiario.net\/portal\/wp-json\/wp\/v2\/tags?post=227059"}],"curies":[{"name":"wp","href":"https:\/\/api.w.org\/{rel}","templated":true}]}}