{"id":227056,"date":"2024-06-14T06:00:03","date_gmt":"2024-06-14T10:00:03","guid":{"rendered":"https:\/\/www.eldiario.net\/portal\/?p=227056"},"modified":"2024-06-14T06:00:03","modified_gmt":"2024-06-14T10:00:03","slug":"reconocen-y-destacan-labor-de-el-diario","status":"publish","type":"post","link":"https:\/\/www.eldiario.net\/portal\/2024\/06\/14\/reconocen-y-destacan-labor-de-el-diario\/","title":{"rendered":"Reconocen y destacan  labor de EL DIARIO"},"content":{"rendered":"<p>A trav\u00e9s de un homenaje camaral, El DIARIO, Decano de la Prensa Nacional, fue distinguido por la C\u00e1mara de Diputados, por sus 120 a\u00f1os de vigencia y por su destacada labor en defensa de los intereses nacionales, la reivindicaci\u00f3n mar\u00edtima y los recursos naturales del pa\u00eds.<br \/>\nEl acto fue desarrollado en instalaciones del nuevo edificio legislativo en la Sede de Gobierno, la diputada Mar\u00eda Ren\u00e9 \u00c1lvarez, en su calidad de cuarta secretaria de la C\u00e1mara de Diputados y miembro de la Comisi\u00f3n de Pol\u00edtica Social, se encarg\u00f3 de entregar al \u201cDecano de la Prensa Nacional\u201d una de las m\u00e1ximas distinciones que confiere la Asamblea Legislativa Plurinacional.<br \/>\n\u201cEste peri\u00f3dico de circulaci\u00f3n nacional tiene como pilares de trabajo buscar la verdad, la fraternidad entre hombres, la libertad a trav\u00e9s del pensamiento independiente, apoyando la industria, el comercio y los gremios, el amor a la patria por encima de los partidos, combatiendo la ignorancia y el regionalismo\u201d, se\u00f1ala parte de las consideraciones expresadas en dicha distinci\u00f3n.<br \/>\nDurante sus palabras de circunstancia, \u00c1lvarez afirm\u00f3 que, el desaf\u00edo de hacer empresa en el pa\u00eds es una tarea complicada, mientras que, sacar adelante una empresa dedicada a la comunicaci\u00f3n e informaci\u00f3n es una labor \u201ccasi imposible\u201d, por lo que cumplir 120 a\u00f1os de vigencia coloca a EL DIARIO como una instituci\u00f3n digna de reconocimiento por tratarse de un medio al servicio de su pa\u00eds, tomando en cuenta que pocos peri\u00f3dicos han logrado sobrevivir al paso del tiempo y la irrupci\u00f3n de las nuevas tecnolog\u00edas.<br \/>\n\u201cSe debe destacar la labor de EL DIARIO que siempre tuvo a la demanda mar\u00edtima nacional como parte fundamental y prioritaria de su l\u00ednea editorial, as\u00ed como por haber sido el medio que denunci\u00f3 el desv\u00edo de las aguas del Silala en la d\u00e9cada del 90\u201d, dijo.<br \/>\nLa asamble\u00edsta representante de la regi\u00f3n chiquitana tambi\u00e9n destac\u00f3 el aporte del Decano de la Prensa Nacional en la defensa del medio ambiente y las demandas de los pueblos ind\u00edgenas de tierras bajas, pese a la \u201csituaci\u00f3n cr\u00edtica\u201d por la que atraviesan los medios de comunicaci\u00f3n en la Bolivia actual.<br \/>\n\u201cSabemos que enfrentan mayores adversidades y amenazas a la libertad de informaci\u00f3n desde gobiernos totalitarios que quisieran ver solo al peri\u00f3dico oficialista en los kioscos, y casi lo han logrado porque quedan pocos medios impresos independientes en Bolivia, uno de ellos EL DIARIO\u201d, destac\u00f3 la asamble\u00edsta.<br \/>\nPor su parte, Rodrigo Ticona, Jefe de Redacci\u00f3n de EL DIARIO, en representaci\u00f3n de la Direcci\u00f3n y Gerencia de este medio, destac\u00f3 que a lo largo de sus a\u00f1os, EL DIARIO haya sido testigo de una infinidad de hechos informativos en el \u00e1mbito nacional e internacional, teniendo la responsabilidad de plasmar en sus p\u00e1ginas, de forma oportuna y responsable, sucesos que marcaron el rumbo de la humanidad.<br \/>\n\u201cA lo largo de los a\u00f1os, esta instituci\u00f3n period\u00edstica se ha convertido en baluarte de la defensa de los intereses nacionales, la libertad de expresi\u00f3n y el ejercicio de un periodismo confiable, imparcial e independiente, lejos de intereses sectarios que puedan enlodar las p\u00e1ginas del Decano de la Prensa Nacional\u201d, enfatiz\u00f3.<br \/>\nAsimismo, denunci\u00f3 que desde distintas instancias del poder se contin\u00faa ejerciendo acciones destinadas a hostigar y tratar de asfixiar econ\u00f3micamente la l\u00ednea independiente demostrada por este medio a lo largo de su historia. \u201cQue se tome en cuenta que este medio de comunicaci\u00f3n tambi\u00e9n genera fuentes de trabajo\u201d, demand\u00f3 el periodista, a tiempo de agradecer el reconocimiento conferido por la C\u00e1mara Baja.<br \/>\nEL DIARIO, miembro de la Asociaci\u00f3n Nacional de la Prensa y de la Sociedad Interamericana de la Prensa, cumpli\u00f3 120 a\u00f1os de creaci\u00f3n el pasado 5 de abril de la presente gesti\u00f3n, ratificando su condici\u00f3n de ser un medio comprometido con la libertad de expresi\u00f3n y expresi\u00f3n.<\/p>\n<p>&nbsp;<\/p>\n","protected":false},"excerpt":{"rendered":"<p>A trav\u00e9s de un homenaje camaral, El DIARIO, Decano de la Prensa Nacional, fue distinguido por la C\u00e1mara de Diputados, por sus 120 a\u00f1os de vigencia y por su destacada labor en defensa de los intereses nacionales, la reivindicaci\u00f3n mar\u00edtima y los recursos naturales del pa\u00eds. El acto fue desarrollado en instalaciones del nuevo edificio [&hellip;]<\/p>\n","protected":false},"author":1,"featured_media":227057,"comment_status":"open","ping_status":"open","sticky":false,"template":"","format":"standard","meta":{"_acf_changed":false,"footnotes":""},"categories":[15],"tags":[],"class_list":["post-227056","post","type-post","status-publish","format-standard","has-post-thumbnail","category-portada"],"acf":{"antetitulo":"Por defensa de intereses nacionales"},"yoast_head":"<!-- This site is optimized with the Yoast SEO plugin v28.4 - https:\/\/yoast.com\/product\/yoast-seo-wordpress\/ -->\n<title>Reconocen y destacan labor de EL DIARIO - El Diario - Bolivia<\/title>\n<meta name=\"robots\" content=\"index, follow, max-snippet:-1, max-image-preview:large, max-video-preview:-1\" \/>\n<link rel=\"canonical\" href=\"https:\/\/www.eldiario.net\/portal\/2024\/06\/14\/reconocen-y-destacan-labor-de-el-diario\/\" \/>\n<meta property=\"og:locale\" content=\"es_ES\" \/>\n<meta property=\"og:type\" content=\"article\" \/>\n<meta property=\"og:title\" content=\"Reconocen y destacan labor de EL DIARIO - El Diario - Bolivia\" \/>\n<meta property=\"og:description\" content=\"A trav\u00e9s de un homenaje camaral, El DIARIO, Decano de la Prensa Nacional, fue distinguido por la C\u00e1mara de Diputados, por sus 120 a\u00f1os de vigencia y por su destacada labor en defensa de los intereses nacionales, la reivindicaci\u00f3n mar\u00edtima y los recursos naturales del pa\u00eds. El acto fue desarrollado en instalaciones del nuevo edificio [&hellip;]\" \/>\n<meta property=\"og:url\" content=\"https:\/\/www.eldiario.net\/portal\/2024\/06\/14\/reconocen-y-destacan-labor-de-el-diario\/\" \/>\n<meta property=\"og:site_name\" content=\"El Diario - Bolivia\" \/>\n<meta property=\"article:publisher\" content=\"https:\/\/www.facebook.com\/eldiario.bolivia\/\" \/>\n<meta property=\"article:published_time\" content=\"2024-06-14T10:00:03+00:00\" \/>\n<meta property=\"og:image\" content=\"https:\/\/www.eldiario.net\/portal\/wp-content\/uploads\/2024\/06\/P-2-10-cm-x-13-1.jpg\" \/>\n\t<meta property=\"og:image:width\" content=\"1200\" \/>\n\t<meta property=\"og:image:height\" content=\"959\" \/>\n\t<meta property=\"og:image:type\" content=\"image\/jpeg\" \/>\n<meta name=\"author\" content=\"Jeanette\" \/>\n<meta name=\"twitter:card\" content=\"summary_large_image\" \/>\n<meta name=\"twitter:creator\" content=\"@eldiario_net\" \/>\n<meta name=\"twitter:site\" content=\"@eldiario_net\" \/>\n<meta name=\"twitter:label1\" content=\"Escrito por\" \/>\n\t<meta name=\"twitter:data1\" content=\"Jeanette\" \/>\n\t<meta name=\"twitter:label2\" content=\"Tiempo de lectura\" \/>\n\t<meta name=\"twitter:data2\" content=\"4 minutos\" \/>\n<script type=\"application\/ld+json\" class=\"yoast-schema-graph\">{\"@context\":\"https:\\\/\\\/schema.org\",\"@graph\":[{\"@type\":\"Article\",\"@id\":\"https:\\\/\\\/www.eldiario.net\\\/portal\\\/2024\\\/06\\\/14\\\/reconocen-y-destacan-labor-de-el-diario\\\/#article\",\"isPartOf\":{\"@id\":\"https:\\\/\\\/www.eldiario.net\\\/portal\\\/2024\\\/06\\\/14\\\/reconocen-y-destacan-labor-de-el-diario\\\/\"},\"author\":{\"name\":\"Jeanette\",\"@id\":\"https:\\\/\\\/www.eldiario.net\\\/portal\\\/#\\\/schema\\\/person\\\/f46445640444750d7d753ccd04ae01b7\"},\"headline\":\"Reconocen y destacan labor de EL DIARIO\",\"datePublished\":\"2024-06-14T10:00:03+00:00\",\"mainEntityOfPage\":{\"@id\":\"https:\\\/\\\/www.eldiario.net\\\/portal\\\/2024\\\/06\\\/14\\\/reconocen-y-destacan-labor-de-el-diario\\\/\"},\"wordCount\":684,\"commentCount\":0,\"publisher\":{\"@id\":\"https:\\\/\\\/www.eldiario.net\\\/portal\\\/#organization\"},\"image\":{\"@id\":\"https:\\\/\\\/www.eldiario.net\\\/portal\\\/2024\\\/06\\\/14\\\/reconocen-y-destacan-labor-de-el-diario\\\/#primaryimage\"},\"thumbnailUrl\":\"https:\\\/\\\/www.eldiario.net\\\/portal\\\/wp-content\\\/uploads\\\/2024\\\/06\\\/P-2-10-cm-x-13-1.jpg\",\"articleSection\":[\"Portada\"],\"inLanguage\":\"es\",\"potentialAction\":[{\"@type\":\"CommentAction\",\"name\":\"Comment\",\"target\":[\"https:\\\/\\\/www.eldiario.net\\\/portal\\\/2024\\\/06\\\/14\\\/reconocen-y-destacan-labor-de-el-diario\\\/#respond\"]}]},{\"@type\":\"WebPage\",\"@id\":\"https:\\\/\\\/www.eldiario.net\\\/portal\\\/2024\\\/06\\\/14\\\/reconocen-y-destacan-labor-de-el-diario\\\/\",\"url\":\"https:\\\/\\\/www.eldiario.net\\\/portal\\\/2024\\\/06\\\/14\\\/reconocen-y-destacan-labor-de-el-diario\\\/\",\"name\":\"Reconocen y destacan labor de EL DIARIO - El Diario - Bolivia\",\"isPartOf\":{\"@id\":\"https:\\\/\\\/www.eldiario.net\\\/portal\\\/#website\"},\"primaryImageOfPage\":{\"@id\":\"https:\\\/\\\/www.eldiario.net\\\/portal\\\/2024\\\/06\\\/14\\\/reconocen-y-destacan-labor-de-el-diario\\\/#primaryimage\"},\"image\":{\"@id\":\"https:\\\/\\\/www.eldiario.net\\\/portal\\\/2024\\\/06\\\/14\\\/reconocen-y-destacan-labor-de-el-diario\\\/#primaryimage\"},\"thumbnailUrl\":\"https:\\\/\\\/www.eldiario.net\\\/portal\\\/wp-content\\\/uploads\\\/2024\\\/06\\\/P-2-10-cm-x-13-1.jpg\",\"datePublished\":\"2024-06-14T10:00:03+00:00\",\"breadcrumb\":{\"@id\":\"https:\\\/\\\/www.eldiario.net\\\/portal\\\/2024\\\/06\\\/14\\\/reconocen-y-destacan-labor-de-el-diario\\\/#breadcrumb\"},\"inLanguage\":\"es\",\"potentialAction\":[{\"@type\":\"ReadAction\",\"target\":[\"https:\\\/\\\/www.eldiario.net\\\/portal\\\/2024\\\/06\\\/14\\\/reconocen-y-destacan-labor-de-el-diario\\\/\"]}]},{\"@type\":\"ImageObject\",\"inLanguage\":\"es\",\"@id\":\"https:\\\/\\\/www.eldiario.net\\\/portal\\\/2024\\\/06\\\/14\\\/reconocen-y-destacan-labor-de-el-diario\\\/#primaryimage\",\"url\":\"https:\\\/\\\/www.eldiario.net\\\/portal\\\/wp-content\\\/uploads\\\/2024\\\/06\\\/P-2-10-cm-x-13-1.jpg\",\"contentUrl\":\"https:\\\/\\\/www.eldiario.net\\\/portal\\\/wp-content\\\/uploads\\\/2024\\\/06\\\/P-2-10-cm-x-13-1.jpg\",\"width\":1200,\"height\":959,\"caption\":\"El Jefe de Redacci\u00f3n, Rodrigo Ticona, junto a la diputada Mar\u00eda Ren\u00e9 \u00c1lvarez.\"},{\"@type\":\"BreadcrumbList\",\"@id\":\"https:\\\/\\\/www.eldiario.net\\\/portal\\\/2024\\\/06\\\/14\\\/reconocen-y-destacan-labor-de-el-diario\\\/#breadcrumb\",\"itemListElement\":[{\"@type\":\"ListItem\",\"position\":1,\"name\":\"Portada\",\"item\":\"https:\\\/\\\/www.eldiario.net\\\/portal\\\/\"},{\"@type\":\"ListItem\",\"position\":2,\"name\":\"Reconocen y destacan labor de EL DIARIO\"}]},{\"@type\":\"WebSite\",\"@id\":\"https:\\\/\\\/www.eldiario.net\\\/portal\\\/#website\",\"url\":\"https:\\\/\\\/www.eldiario.net\\\/portal\\\/\",\"name\":\"El Diario - Decano de la prensa nacional\",\"description\":\"El Diario - Decano de la prensa nacional\",\"publisher\":{\"@id\":\"https:\\\/\\\/www.eldiario.net\\\/portal\\\/#organization\"},\"potentialAction\":[{\"@type\":\"SearchAction\",\"target\":{\"@type\":\"EntryPoint\",\"urlTemplate\":\"https:\\\/\\\/www.eldiario.net\\\/portal\\\/?s={search_term_string}\"},\"query-input\":{\"@type\":\"PropertyValueSpecification\",\"valueRequired\":true,\"valueName\":\"search_term_string\"}}],\"inLanguage\":\"es\"},{\"@type\":\"Organization\",\"@id\":\"https:\\\/\\\/www.eldiario.net\\\/portal\\\/#organization\",\"name\":\"El Diario - Decano de la prensa nacional\",\"url\":\"https:\\\/\\\/www.eldiario.net\\\/portal\\\/\",\"logo\":{\"@type\":\"ImageObject\",\"inLanguage\":\"es\",\"@id\":\"https:\\\/\\\/www.eldiario.net\\\/portal\\\/#\\\/schema\\\/logo\\\/image\\\/\",\"url\":\"https:\\\/\\\/www.eldiario.net\\\/portal\\\/wp-content\\\/uploads\\\/2023\\\/07\\\/logo_ED.jpg\",\"contentUrl\":\"https:\\\/\\\/www.eldiario.net\\\/portal\\\/wp-content\\\/uploads\\\/2023\\\/07\\\/logo_ED.jpg\",\"width\":272,\"height\":52,\"caption\":\"El Diario - Decano de la prensa nacional\"},\"image\":{\"@id\":\"https:\\\/\\\/www.eldiario.net\\\/portal\\\/#\\\/schema\\\/logo\\\/image\\\/\"},\"sameAs\":[\"https:\\\/\\\/www.facebook.com\\\/eldiario.bolivia\\\/\",\"https:\\\/\\\/x.com\\\/eldiario_net\"]},{\"@type\":\"Person\",\"@id\":\"https:\\\/\\\/www.eldiario.net\\\/portal\\\/#\\\/schema\\\/person\\\/f46445640444750d7d753ccd04ae01b7\",\"name\":\"Jeanette\",\"image\":{\"@type\":\"ImageObject\",\"inLanguage\":\"es\",\"@id\":\"https:\\\/\\\/secure.gravatar.com\\\/avatar\\\/3ea2118a5f7dad2b7138b1187a6b7ee55f160b9968b66013c3a3ef39dd7e5798?s=96&d=mm&r=g\",\"url\":\"https:\\\/\\\/secure.gravatar.com\\\/avatar\\\/3ea2118a5f7dad2b7138b1187a6b7ee55f160b9968b66013c3a3ef39dd7e5798?s=96&d=mm&r=g\",\"contentUrl\":\"https:\\\/\\\/secure.gravatar.com\\\/avatar\\\/3ea2118a5f7dad2b7138b1187a6b7ee55f160b9968b66013c3a3ef39dd7e5798?s=96&d=mm&r=g\",\"caption\":\"Jeanette\"},\"sameAs\":[\"https:\\\/\\\/www.eldiario.net\\\/portal\"],\"url\":\"https:\\\/\\\/www.eldiario.net\\\/portal\\\/author\\\/jeanette\\\/\"}]}<\/script>\n<!-- \/ Yoast SEO plugin. -->","yoast_head_json":{"title":"Reconocen y destacan labor de EL DIARIO - El Diario - Bolivia","robots":{"index":"index","follow":"follow","max-snippet":"max-snippet:-1","max-image-preview":"max-image-preview:large","max-video-preview":"max-video-preview:-1"},"canonical":"https:\/\/www.eldiario.net\/portal\/2024\/06\/14\/reconocen-y-destacan-labor-de-el-diario\/","og_locale":"es_ES","og_type":"article","og_title":"Reconocen y destacan labor de EL DIARIO - El Diario - Bolivia","og_description":"A trav\u00e9s de un homenaje camaral, El DIARIO, Decano de la Prensa Nacional, fue distinguido por la C\u00e1mara de Diputados, por sus 120 a\u00f1os de vigencia y por su destacada labor en defensa de los intereses nacionales, la reivindicaci\u00f3n mar\u00edtima y los recursos naturales del pa\u00eds. El acto fue desarrollado en instalaciones del nuevo edificio [&hellip;]","og_url":"https:\/\/www.eldiario.net\/portal\/2024\/06\/14\/reconocen-y-destacan-labor-de-el-diario\/","og_site_name":"El Diario - Bolivia","article_publisher":"https:\/\/www.facebook.com\/eldiario.bolivia\/","article_published_time":"2024-06-14T10:00:03+00:00","og_image":[{"width":1200,"height":959,"url":"https:\/\/www.eldiario.net\/portal\/wp-content\/uploads\/2024\/06\/P-2-10-cm-x-13-1.jpg","type":"image\/jpeg"}],"author":"Jeanette","twitter_card":"summary_large_image","twitter_creator":"@eldiario_net","twitter_site":"@eldiario_net","twitter_misc":{"Escrito por":"Jeanette","Tiempo de lectura":"4 minutos"},"schema":{"@context":"https:\/\/schema.org","@graph":[{"@type":"Article","@id":"https:\/\/www.eldiario.net\/portal\/2024\/06\/14\/reconocen-y-destacan-labor-de-el-diario\/#article","isPartOf":{"@id":"https:\/\/www.eldiario.net\/portal\/2024\/06\/14\/reconocen-y-destacan-labor-de-el-diario\/"},"author":{"name":"Jeanette","@id":"https:\/\/www.eldiario.net\/portal\/#\/schema\/person\/f46445640444750d7d753ccd04ae01b7"},"headline":"Reconocen y destacan labor de EL DIARIO","datePublished":"2024-06-14T10:00:03+00:00","mainEntityOfPage":{"@id":"https:\/\/www.eldiario.net\/portal\/2024\/06\/14\/reconocen-y-destacan-labor-de-el-diario\/"},"wordCount":684,"commentCount":0,"publisher":{"@id":"https:\/\/www.eldiario.net\/portal\/#organization"},"image":{"@id":"https:\/\/www.eldiario.net\/portal\/2024\/06\/14\/reconocen-y-destacan-labor-de-el-diario\/#primaryimage"},"thumbnailUrl":"https:\/\/www.eldiario.net\/portal\/wp-content\/uploads\/2024\/06\/P-2-10-cm-x-13-1.jpg","articleSection":["Portada"],"inLanguage":"es","potentialAction":[{"@type":"CommentAction","name":"Comment","target":["https:\/\/www.eldiario.net\/portal\/2024\/06\/14\/reconocen-y-destacan-labor-de-el-diario\/#respond"]}]},{"@type":"WebPage","@id":"https:\/\/www.eldiario.net\/portal\/2024\/06\/14\/reconocen-y-destacan-labor-de-el-diario\/","url":"https:\/\/www.eldiario.net\/portal\/2024\/06\/14\/reconocen-y-destacan-labor-de-el-diario\/","name":"Reconocen y destacan labor de EL DIARIO - El Diario - Bolivia","isPartOf":{"@id":"https:\/\/www.eldiario.net\/portal\/#website"},"primaryImageOfPage":{"@id":"https:\/\/www.eldiario.net\/portal\/2024\/06\/14\/reconocen-y-destacan-labor-de-el-diario\/#primaryimage"},"image":{"@id":"https:\/\/www.eldiario.net\/portal\/2024\/06\/14\/reconocen-y-destacan-labor-de-el-diario\/#primaryimage"},"thumbnailUrl":"https:\/\/www.eldiario.net\/portal\/wp-content\/uploads\/2024\/06\/P-2-10-cm-x-13-1.jpg","datePublished":"2024-06-14T10:00:03+00:00","breadcrumb":{"@id":"https:\/\/www.eldiario.net\/portal\/2024\/06\/14\/reconocen-y-destacan-labor-de-el-diario\/#breadcrumb"},"inLanguage":"es","potentialAction":[{"@type":"ReadAction","target":["https:\/\/www.eldiario.net\/portal\/2024\/06\/14\/reconocen-y-destacan-labor-de-el-diario\/"]}]},{"@type":"ImageObject","inLanguage":"es","@id":"https:\/\/www.eldiario.net\/portal\/2024\/06\/14\/reconocen-y-destacan-labor-de-el-diario\/#primaryimage","url":"https:\/\/www.eldiario.net\/portal\/wp-content\/uploads\/2024\/06\/P-2-10-cm-x-13-1.jpg","contentUrl":"https:\/\/www.eldiario.net\/portal\/wp-content\/uploads\/2024\/06\/P-2-10-cm-x-13-1.jpg","width":1200,"height":959,"caption":"El Jefe de Redacci\u00f3n, Rodrigo Ticona, junto a la diputada Mar\u00eda Ren\u00e9 \u00c1lvarez."},{"@type":"BreadcrumbList","@id":"https:\/\/www.eldiario.net\/portal\/2024\/06\/14\/reconocen-y-destacan-labor-de-el-diario\/#breadcrumb","itemListElement":[{"@type":"ListItem","position":1,"name":"Portada","item":"https:\/\/www.eldiario.net\/portal\/"},{"@type":"ListItem","position":2,"name":"Reconocen y destacan labor de EL DIARIO"}]},{"@type":"WebSite","@id":"https:\/\/www.eldiario.net\/portal\/#website","url":"https:\/\/www.eldiario.net\/portal\/","name":"El Diario - Decano de la prensa nacional","description":"El Diario - Decano de la prensa nacional","publisher":{"@id":"https:\/\/www.eldiario.net\/portal\/#organization"},"potentialAction":[{"@type":"SearchAction","target":{"@type":"EntryPoint","urlTemplate":"https:\/\/www.eldiario.net\/portal\/?s={search_term_string}"},"query-input":{"@type":"PropertyValueSpecification","valueRequired":true,"valueName":"search_term_string"}}],"inLanguage":"es"},{"@type":"Organization","@id":"https:\/\/www.eldiario.net\/portal\/#organization","name":"El Diario - Decano de la prensa nacional","url":"https:\/\/www.eldiario.net\/portal\/","logo":{"@type":"ImageObject","inLanguage":"es","@id":"https:\/\/www.eldiario.net\/portal\/#\/schema\/logo\/image\/","url":"https:\/\/www.eldiario.net\/portal\/wp-content\/uploads\/2023\/07\/logo_ED.jpg","contentUrl":"https:\/\/www.eldiario.net\/portal\/wp-content\/uploads\/2023\/07\/logo_ED.jpg","width":272,"height":52,"caption":"El Diario - Decano de la prensa nacional"},"image":{"@id":"https:\/\/www.eldiario.net\/portal\/#\/schema\/logo\/image\/"},"sameAs":["https:\/\/www.facebook.com\/eldiario.bolivia\/","https:\/\/x.com\/eldiario_net"]},{"@type":"Person","@id":"https:\/\/www.eldiario.net\/portal\/#\/schema\/person\/f46445640444750d7d753ccd04ae01b7","name":"Jeanette","image":{"@type":"ImageObject","inLanguage":"es","@id":"https:\/\/secure.gravatar.com\/avatar\/3ea2118a5f7dad2b7138b1187a6b7ee55f160b9968b66013c3a3ef39dd7e5798?s=96&d=mm&r=g","url":"https:\/\/secure.gravatar.com\/avatar\/3ea2118a5f7dad2b7138b1187a6b7ee55f160b9968b66013c3a3ef39dd7e5798?s=96&d=mm&r=g","contentUrl":"https:\/\/secure.gravatar.com\/avatar\/3ea2118a5f7dad2b7138b1187a6b7ee55f160b9968b66013c3a3ef39dd7e5798?s=96&d=mm&r=g","caption":"Jeanette"},"sameAs":["https:\/\/www.eldiario.net\/portal"],"url":"https:\/\/www.eldiario.net\/portal\/author\/jeanette\/"}]}},"_links":{"self":[{"href":"https:\/\/www.eldiario.net\/portal\/wp-json\/wp\/v2\/posts\/227056","targetHints":{"allow":["GET"]}}],"collection":[{"href":"https:\/\/www.eldiario.net\/portal\/wp-json\/wp\/v2\/posts"}],"about":[{"href":"https:\/\/www.eldiario.net\/portal\/wp-json\/wp\/v2\/types\/post"}],"author":[{"embeddable":true,"href":"https:\/\/www.eldiario.net\/portal\/wp-json\/wp\/v2\/users\/1"}],"replies":[{"embeddable":true,"href":"https:\/\/www.eldiario.net\/portal\/wp-json\/wp\/v2\/comments?post=227056"}],"version-history":[{"count":1,"href":"https:\/\/www.eldiario.net\/portal\/wp-json\/wp\/v2\/posts\/227056\/revisions"}],"predecessor-version":[{"id":227058,"href":"https:\/\/www.eldiario.net\/portal\/wp-json\/wp\/v2\/posts\/227056\/revisions\/227058"}],"wp:featuredmedia":[{"embeddable":true,"href":"https:\/\/www.eldiario.net\/portal\/wp-json\/wp\/v2\/media\/227057"}],"wp:attachment":[{"href":"https:\/\/www.eldiario.net\/portal\/wp-json\/wp\/v2\/media?parent=227056"}],"wp:term":[{"taxonomy":"category","embeddable":true,"href":"https:\/\/www.eldiario.net\/portal\/wp-json\/wp\/v2\/categories?post=227056"},{"taxonomy":"post_tag","embeddable":true,"href":"https:\/\/www.eldiario.net\/portal\/wp-json\/wp\/v2\/tags?post=227056"}],"curies":[{"name":"wp","href":"https:\/\/api.w.org\/{rel}","templated":true}]}}