{"id":227049,"date":"2024-06-14T05:57:09","date_gmt":"2024-06-14T09:57:09","guid":{"rendered":"https:\/\/www.eldiario.net\/portal\/?p=227049"},"modified":"2024-06-14T05:57:09","modified_gmt":"2024-06-14T09:57:09","slug":"aprueban-nueve-leyes-en-sesion-de-diputados","status":"publish","type":"post","link":"https:\/\/www.eldiario.net\/portal\/2024\/06\/14\/aprueban-nueve-leyes-en-sesion-de-diputados\/","title":{"rendered":"Aprueban nueve leyes  en sesi\u00f3n de Diputados"},"content":{"rendered":"<p class=\"v1MsoNormal\">En una marat\u00f3nica sesi\u00f3n, la C\u00e1mara de Diputados aprob\u00f3 ayer nueve leyes que van desde la delimitaci\u00f3n entre los municipios de Saucar\u00ed y El Choro de Oruro hasta la entrega de un predio en Villa Mojocoya a Emapa. Sin embargo, el debate se trab\u00f3 en el contrato minero entre Potos\u00ed \u2013 Chuquisaca y se propone cerrar con el tramo carretero Yapacan\u00ed &#8211; Norte Integrado, cuyos pobladores presionan en el hemiciclo.<\/p>\n<p class=\"v1MsoNormal\">La sesi\u00f3n comenz\u00f3 alrededor de las 14:30 y hasta las 19:45 el debate se trab\u00f3 en el tratamiento del proyecto de ley que aprueba el Contrato Administrativo Minero suscrito por la Direcci\u00f3n Regional Potos\u00ed &#8211; Chuquisaca de la Autoridad Jurisdiccional Administrativa Minera (AJAM) con la Empresa P\u00fablica Productiva Cementos de Bolivia (Ecebol). Los opositores advierten que este contrato minero no tiene un estudio de impacto ambiental.<\/p>\n<p class=\"v1MsoNormal\">En la sesi\u00f3n de se tiene en agenda, como \u00faltimo punto, el tratamiento del contrato de pr\u00e9stamo para la construcci\u00f3n del camino Norte Integrado &#8211; Yapacan\u00ed, suscrito el 27 de febrero de 2024, entre el Estado y la CAF &#8211; Banco de Desarrollo de Am\u00e9rica Latina, por 35 millones de d\u00f3lares.<\/p>\n<p class=\"v1MsoNormal\">Los pobladores de esta regi\u00f3n demandan la aprobaci\u00f3n de esta norma para levantar el bloqueo de la carretera, entre Santa Cruz y Cochabamba, que tiene siete d\u00edas aislada a toda la zona. Esperan la aprobaci\u00f3n de esta norma para levantar las medidas de presi\u00f3n.<\/p>\n<p class=\"v1MsoNormal\">\n<p class=\"v1MsoNormal\">\u00bfQu\u00e9 leyes aprobaron los diputados?<\/p>\n<p class=\"v1MsoNormal\">Primero. Diputados sancion\u00f3 el proyecto de Ley de delimitaci\u00f3n entre el municipio de Toledo de la provincia Saucar\u00ed y el municipio El Choro de la provincia Cercado del departamento de Oruro.<\/p>\n<p class=\"v1MsoNormal\">Segundo. Aprobaron el proyecto de ley que declara Patrimonio Cultural Inmaterial del Estado Plurinacional de Bolivia a la danza &#8216;Achachi Anata&#8217; de la comunidad Chuqui\u00f1a del municipio de Toledo, provincia Saucar\u00ed del departamento de Oruro.<\/p>\n<p class=\"v1MsoNormal\">Tercero. El proyecto de Ley que declara el 20 de febrero de 1781, fecha hist\u00f3rica en el territorio nacional en conmemoraci\u00f3n de la heroica batalla denominada Guerra Loma &#8211; La Punilla.<\/p>\n<p class=\"v1MsoNormal\">Cuarta. El proyecto de Ley que declara Patrimonio Nacional, Natural y Cultural del Estado Plurinacional de Bolivia al Lago Tumichucua del municipio de Riberalta del departamento de Beni.<\/p>\n<p class=\"v1MsoNormal\">\n<p class=\"v1MsoNormal\">Quinto. Sancionaron las modificaciones realizadas por el Senado al Proyecto de Ley que declara de Prioridad Nacional la Cadena Productiva de los Frutos Amaz\u00f3nicos de Bolivia.<\/p>\n<p class=\"v1MsoNormal\">Sexto. Sancionaron las modificaciones realizadas por el Senado al Proyecto de Ley que aprueba la transferencia, a t\u00edtulo gratuito, de una fracci\u00f3n de terreno, de propiedad del Gobierno Aut\u00f3nomo Departamental de Chuquisaca, a favor del Gobierno Aut\u00f3nomo Municipal de Sucre, con destino exclusivo para la ejecuci\u00f3n del proyecto de apertura de v\u00eda \u00abprolongaci\u00f3n calle Manuela Gandarillas\u00bb.<\/p>\n<p class=\"v1MsoNormal\">S\u00e9ptimo. Sancion\u00f3 las modificaciones realizadas por el Senado al Proyecto de Ley que aprueba la transferencia, a t\u00edtulo gratuito, de un lote de terreno de propiedad del Gobierno Aut\u00f3nomo Municipal de Punata, a favor del \u00d3rgano Judicial, para la construcci\u00f3n de la infraestructura de la Casa de Justicia de Punata.<\/p>\n<p class=\"v1MsoNormal\">Octavo. Sancion\u00f3 el Proyecto de Ley que aprueba la transferencia, a t\u00edtulo gratuito, de un lote de terreno de propiedad del Gobierno Aut\u00f3nomo Municipal de Quime, a favor del Gobierno Aut\u00f3nomo Departamental de La Paz, con destino exclusivo para la construcci\u00f3n del proyecto Instituto Tecnol\u00f3gico Ap\u00f3stol Santiago de Quime.<\/p>\n<p class=\"v1MsoNormal\">Noveno. Aprueban el Proyecto de Ley que aprueba la transferencia, a t\u00edtulo gratuito, de un terreno de propiedad del Gobierno Aut\u00f3nomo Municipal de Villa Mojocoya, a favor de la Empresa de Apoyo a la Producci\u00f3n de Alimentos &#8211; Emapa. (Br\u00fajula Digital)<\/p>\n","protected":false},"excerpt":{"rendered":"<p>En una marat\u00f3nica sesi\u00f3n, la C\u00e1mara de Diputados aprob\u00f3 ayer nueve leyes que van desde la delimitaci\u00f3n entre los municipios de Saucar\u00ed y El Choro de Oruro hasta la entrega de un predio en Villa Mojocoya a Emapa. Sin embargo, el debate se trab\u00f3 en el contrato minero entre Potos\u00ed \u2013 Chuquisaca y se propone [&hellip;]<\/p>\n","protected":false},"author":1,"featured_media":227050,"comment_status":"open","ping_status":"open","sticky":false,"template":"","format":"standard","meta":{"_acf_changed":false,"footnotes":""},"categories":[15],"tags":[],"class_list":["post-227049","post","type-post","status-publish","format-standard","has-post-thumbnail","category-portada"],"acf":{"antetitulo":""},"yoast_head":"<!-- This site is optimized with the Yoast SEO plugin v28.3 - https:\/\/yoast.com\/product\/yoast-seo-wordpress\/ -->\n<title>Aprueban nueve leyes en sesi\u00f3n de Diputados - El Diario - Bolivia<\/title>\n<meta name=\"robots\" content=\"index, follow, max-snippet:-1, max-image-preview:large, max-video-preview:-1\" \/>\n<link rel=\"canonical\" href=\"https:\/\/www.eldiario.net\/portal\/2024\/06\/14\/aprueban-nueve-leyes-en-sesion-de-diputados\/\" \/>\n<meta property=\"og:locale\" content=\"es_ES\" \/>\n<meta property=\"og:type\" content=\"article\" \/>\n<meta property=\"og:title\" content=\"Aprueban nueve leyes en sesi\u00f3n de Diputados - El Diario - Bolivia\" \/>\n<meta property=\"og:description\" content=\"En una marat\u00f3nica sesi\u00f3n, la C\u00e1mara de Diputados aprob\u00f3 ayer nueve leyes que van desde la delimitaci\u00f3n entre los municipios de Saucar\u00ed y El Choro de Oruro hasta la entrega de un predio en Villa Mojocoya a Emapa. Sin embargo, el debate se trab\u00f3 en el contrato minero entre Potos\u00ed \u2013 Chuquisaca y se propone [&hellip;]\" \/>\n<meta property=\"og:url\" content=\"https:\/\/www.eldiario.net\/portal\/2024\/06\/14\/aprueban-nueve-leyes-en-sesion-de-diputados\/\" \/>\n<meta property=\"og:site_name\" content=\"El Diario - Bolivia\" \/>\n<meta property=\"article:publisher\" content=\"https:\/\/www.facebook.com\/eldiario.bolivia\/\" \/>\n<meta property=\"article:published_time\" content=\"2024-06-14T09:57:09+00:00\" \/>\n<meta property=\"og:image\" content=\"https:\/\/www.eldiario.net\/portal\/wp-content\/uploads\/2024\/06\/P-5-10-cm-x-7-2.jpg\" \/>\n\t<meta property=\"og:image:width\" content=\"720\" \/>\n\t<meta property=\"og:image:height\" content=\"399\" \/>\n\t<meta property=\"og:image:type\" content=\"image\/jpeg\" \/>\n<meta name=\"author\" content=\"Jeanette\" \/>\n<meta name=\"twitter:card\" content=\"summary_large_image\" \/>\n<meta name=\"twitter:creator\" content=\"@eldiario_net\" \/>\n<meta name=\"twitter:site\" content=\"@eldiario_net\" \/>\n<meta name=\"twitter:label1\" content=\"Escrito por\" \/>\n\t<meta name=\"twitter:data1\" content=\"Jeanette\" \/>\n\t<meta name=\"twitter:label2\" content=\"Tiempo de lectura\" \/>\n\t<meta name=\"twitter:data2\" content=\"3 minutos\" \/>\n<script type=\"application\/ld+json\" class=\"yoast-schema-graph\">{\"@context\":\"https:\\\/\\\/schema.org\",\"@graph\":[{\"@type\":\"Article\",\"@id\":\"https:\\\/\\\/www.eldiario.net\\\/portal\\\/2024\\\/06\\\/14\\\/aprueban-nueve-leyes-en-sesion-de-diputados\\\/#article\",\"isPartOf\":{\"@id\":\"https:\\\/\\\/www.eldiario.net\\\/portal\\\/2024\\\/06\\\/14\\\/aprueban-nueve-leyes-en-sesion-de-diputados\\\/\"},\"author\":{\"name\":\"Jeanette\",\"@id\":\"https:\\\/\\\/www.eldiario.net\\\/portal\\\/#\\\/schema\\\/person\\\/f46445640444750d7d753ccd04ae01b7\"},\"headline\":\"Aprueban nueve leyes en sesi\u00f3n de Diputados\",\"datePublished\":\"2024-06-14T09:57:09+00:00\",\"mainEntityOfPage\":{\"@id\":\"https:\\\/\\\/www.eldiario.net\\\/portal\\\/2024\\\/06\\\/14\\\/aprueban-nueve-leyes-en-sesion-de-diputados\\\/\"},\"wordCount\":626,\"commentCount\":0,\"publisher\":{\"@id\":\"https:\\\/\\\/www.eldiario.net\\\/portal\\\/#organization\"},\"image\":{\"@id\":\"https:\\\/\\\/www.eldiario.net\\\/portal\\\/2024\\\/06\\\/14\\\/aprueban-nueve-leyes-en-sesion-de-diputados\\\/#primaryimage\"},\"thumbnailUrl\":\"https:\\\/\\\/www.eldiario.net\\\/portal\\\/wp-content\\\/uploads\\\/2024\\\/06\\\/P-5-10-cm-x-7-2.jpg\",\"articleSection\":[\"Portada\"],\"inLanguage\":\"es\",\"potentialAction\":[{\"@type\":\"CommentAction\",\"name\":\"Comment\",\"target\":[\"https:\\\/\\\/www.eldiario.net\\\/portal\\\/2024\\\/06\\\/14\\\/aprueban-nueve-leyes-en-sesion-de-diputados\\\/#respond\"]}]},{\"@type\":\"WebPage\",\"@id\":\"https:\\\/\\\/www.eldiario.net\\\/portal\\\/2024\\\/06\\\/14\\\/aprueban-nueve-leyes-en-sesion-de-diputados\\\/\",\"url\":\"https:\\\/\\\/www.eldiario.net\\\/portal\\\/2024\\\/06\\\/14\\\/aprueban-nueve-leyes-en-sesion-de-diputados\\\/\",\"name\":\"Aprueban nueve leyes en sesi\u00f3n de Diputados - El Diario - Bolivia\",\"isPartOf\":{\"@id\":\"https:\\\/\\\/www.eldiario.net\\\/portal\\\/#website\"},\"primaryImageOfPage\":{\"@id\":\"https:\\\/\\\/www.eldiario.net\\\/portal\\\/2024\\\/06\\\/14\\\/aprueban-nueve-leyes-en-sesion-de-diputados\\\/#primaryimage\"},\"image\":{\"@id\":\"https:\\\/\\\/www.eldiario.net\\\/portal\\\/2024\\\/06\\\/14\\\/aprueban-nueve-leyes-en-sesion-de-diputados\\\/#primaryimage\"},\"thumbnailUrl\":\"https:\\\/\\\/www.eldiario.net\\\/portal\\\/wp-content\\\/uploads\\\/2024\\\/06\\\/P-5-10-cm-x-7-2.jpg\",\"datePublished\":\"2024-06-14T09:57:09+00:00\",\"breadcrumb\":{\"@id\":\"https:\\\/\\\/www.eldiario.net\\\/portal\\\/2024\\\/06\\\/14\\\/aprueban-nueve-leyes-en-sesion-de-diputados\\\/#breadcrumb\"},\"inLanguage\":\"es\",\"potentialAction\":[{\"@type\":\"ReadAction\",\"target\":[\"https:\\\/\\\/www.eldiario.net\\\/portal\\\/2024\\\/06\\\/14\\\/aprueban-nueve-leyes-en-sesion-de-diputados\\\/\"]}]},{\"@type\":\"ImageObject\",\"inLanguage\":\"es\",\"@id\":\"https:\\\/\\\/www.eldiario.net\\\/portal\\\/2024\\\/06\\\/14\\\/aprueban-nueve-leyes-en-sesion-de-diputados\\\/#primaryimage\",\"url\":\"https:\\\/\\\/www.eldiario.net\\\/portal\\\/wp-content\\\/uploads\\\/2024\\\/06\\\/P-5-10-cm-x-7-2.jpg\",\"contentUrl\":\"https:\\\/\\\/www.eldiario.net\\\/portal\\\/wp-content\\\/uploads\\\/2024\\\/06\\\/P-5-10-cm-x-7-2.jpg\",\"width\":720,\"height\":399,\"caption\":\"Representantes de Yapacan\u00ed presencian la sesi\u00f3n de Diputados. CREDITO: Br\u00fajula Digital\"},{\"@type\":\"BreadcrumbList\",\"@id\":\"https:\\\/\\\/www.eldiario.net\\\/portal\\\/2024\\\/06\\\/14\\\/aprueban-nueve-leyes-en-sesion-de-diputados\\\/#breadcrumb\",\"itemListElement\":[{\"@type\":\"ListItem\",\"position\":1,\"name\":\"Portada\",\"item\":\"https:\\\/\\\/www.eldiario.net\\\/portal\\\/\"},{\"@type\":\"ListItem\",\"position\":2,\"name\":\"Aprueban nueve leyes en sesi\u00f3n de Diputados\"}]},{\"@type\":\"WebSite\",\"@id\":\"https:\\\/\\\/www.eldiario.net\\\/portal\\\/#website\",\"url\":\"https:\\\/\\\/www.eldiario.net\\\/portal\\\/\",\"name\":\"El Diario - Decano de la prensa nacional\",\"description\":\"El Diario - Decano de la prensa nacional\",\"publisher\":{\"@id\":\"https:\\\/\\\/www.eldiario.net\\\/portal\\\/#organization\"},\"potentialAction\":[{\"@type\":\"SearchAction\",\"target\":{\"@type\":\"EntryPoint\",\"urlTemplate\":\"https:\\\/\\\/www.eldiario.net\\\/portal\\\/?s={search_term_string}\"},\"query-input\":{\"@type\":\"PropertyValueSpecification\",\"valueRequired\":true,\"valueName\":\"search_term_string\"}}],\"inLanguage\":\"es\"},{\"@type\":\"Organization\",\"@id\":\"https:\\\/\\\/www.eldiario.net\\\/portal\\\/#organization\",\"name\":\"El Diario - Decano de la prensa nacional\",\"url\":\"https:\\\/\\\/www.eldiario.net\\\/portal\\\/\",\"logo\":{\"@type\":\"ImageObject\",\"inLanguage\":\"es\",\"@id\":\"https:\\\/\\\/www.eldiario.net\\\/portal\\\/#\\\/schema\\\/logo\\\/image\\\/\",\"url\":\"https:\\\/\\\/www.eldiario.net\\\/portal\\\/wp-content\\\/uploads\\\/2023\\\/07\\\/logo_ED.jpg\",\"contentUrl\":\"https:\\\/\\\/www.eldiario.net\\\/portal\\\/wp-content\\\/uploads\\\/2023\\\/07\\\/logo_ED.jpg\",\"width\":272,\"height\":52,\"caption\":\"El Diario - Decano de la prensa nacional\"},\"image\":{\"@id\":\"https:\\\/\\\/www.eldiario.net\\\/portal\\\/#\\\/schema\\\/logo\\\/image\\\/\"},\"sameAs\":[\"https:\\\/\\\/www.facebook.com\\\/eldiario.bolivia\\\/\",\"https:\\\/\\\/x.com\\\/eldiario_net\"]},{\"@type\":\"Person\",\"@id\":\"https:\\\/\\\/www.eldiario.net\\\/portal\\\/#\\\/schema\\\/person\\\/f46445640444750d7d753ccd04ae01b7\",\"name\":\"Jeanette\",\"image\":{\"@type\":\"ImageObject\",\"inLanguage\":\"es\",\"@id\":\"https:\\\/\\\/secure.gravatar.com\\\/avatar\\\/3ea2118a5f7dad2b7138b1187a6b7ee55f160b9968b66013c3a3ef39dd7e5798?s=96&d=mm&r=g\",\"url\":\"https:\\\/\\\/secure.gravatar.com\\\/avatar\\\/3ea2118a5f7dad2b7138b1187a6b7ee55f160b9968b66013c3a3ef39dd7e5798?s=96&d=mm&r=g\",\"contentUrl\":\"https:\\\/\\\/secure.gravatar.com\\\/avatar\\\/3ea2118a5f7dad2b7138b1187a6b7ee55f160b9968b66013c3a3ef39dd7e5798?s=96&d=mm&r=g\",\"caption\":\"Jeanette\"},\"sameAs\":[\"https:\\\/\\\/www.eldiario.net\\\/portal\"],\"url\":\"https:\\\/\\\/www.eldiario.net\\\/portal\\\/author\\\/jeanette\\\/\"}]}<\/script>\n<!-- \/ Yoast SEO plugin. -->","yoast_head_json":{"title":"Aprueban nueve leyes en sesi\u00f3n de Diputados - El Diario - Bolivia","robots":{"index":"index","follow":"follow","max-snippet":"max-snippet:-1","max-image-preview":"max-image-preview:large","max-video-preview":"max-video-preview:-1"},"canonical":"https:\/\/www.eldiario.net\/portal\/2024\/06\/14\/aprueban-nueve-leyes-en-sesion-de-diputados\/","og_locale":"es_ES","og_type":"article","og_title":"Aprueban nueve leyes en sesi\u00f3n de Diputados - El Diario - Bolivia","og_description":"En una marat\u00f3nica sesi\u00f3n, la C\u00e1mara de Diputados aprob\u00f3 ayer nueve leyes que van desde la delimitaci\u00f3n entre los municipios de Saucar\u00ed y El Choro de Oruro hasta la entrega de un predio en Villa Mojocoya a Emapa. Sin embargo, el debate se trab\u00f3 en el contrato minero entre Potos\u00ed \u2013 Chuquisaca y se propone [&hellip;]","og_url":"https:\/\/www.eldiario.net\/portal\/2024\/06\/14\/aprueban-nueve-leyes-en-sesion-de-diputados\/","og_site_name":"El Diario - Bolivia","article_publisher":"https:\/\/www.facebook.com\/eldiario.bolivia\/","article_published_time":"2024-06-14T09:57:09+00:00","og_image":[{"width":720,"height":399,"url":"https:\/\/www.eldiario.net\/portal\/wp-content\/uploads\/2024\/06\/P-5-10-cm-x-7-2.jpg","type":"image\/jpeg"}],"author":"Jeanette","twitter_card":"summary_large_image","twitter_creator":"@eldiario_net","twitter_site":"@eldiario_net","twitter_misc":{"Escrito por":"Jeanette","Tiempo de lectura":"3 minutos"},"schema":{"@context":"https:\/\/schema.org","@graph":[{"@type":"Article","@id":"https:\/\/www.eldiario.net\/portal\/2024\/06\/14\/aprueban-nueve-leyes-en-sesion-de-diputados\/#article","isPartOf":{"@id":"https:\/\/www.eldiario.net\/portal\/2024\/06\/14\/aprueban-nueve-leyes-en-sesion-de-diputados\/"},"author":{"name":"Jeanette","@id":"https:\/\/www.eldiario.net\/portal\/#\/schema\/person\/f46445640444750d7d753ccd04ae01b7"},"headline":"Aprueban nueve leyes en sesi\u00f3n de Diputados","datePublished":"2024-06-14T09:57:09+00:00","mainEntityOfPage":{"@id":"https:\/\/www.eldiario.net\/portal\/2024\/06\/14\/aprueban-nueve-leyes-en-sesion-de-diputados\/"},"wordCount":626,"commentCount":0,"publisher":{"@id":"https:\/\/www.eldiario.net\/portal\/#organization"},"image":{"@id":"https:\/\/www.eldiario.net\/portal\/2024\/06\/14\/aprueban-nueve-leyes-en-sesion-de-diputados\/#primaryimage"},"thumbnailUrl":"https:\/\/www.eldiario.net\/portal\/wp-content\/uploads\/2024\/06\/P-5-10-cm-x-7-2.jpg","articleSection":["Portada"],"inLanguage":"es","potentialAction":[{"@type":"CommentAction","name":"Comment","target":["https:\/\/www.eldiario.net\/portal\/2024\/06\/14\/aprueban-nueve-leyes-en-sesion-de-diputados\/#respond"]}]},{"@type":"WebPage","@id":"https:\/\/www.eldiario.net\/portal\/2024\/06\/14\/aprueban-nueve-leyes-en-sesion-de-diputados\/","url":"https:\/\/www.eldiario.net\/portal\/2024\/06\/14\/aprueban-nueve-leyes-en-sesion-de-diputados\/","name":"Aprueban nueve leyes en sesi\u00f3n de Diputados - El Diario - Bolivia","isPartOf":{"@id":"https:\/\/www.eldiario.net\/portal\/#website"},"primaryImageOfPage":{"@id":"https:\/\/www.eldiario.net\/portal\/2024\/06\/14\/aprueban-nueve-leyes-en-sesion-de-diputados\/#primaryimage"},"image":{"@id":"https:\/\/www.eldiario.net\/portal\/2024\/06\/14\/aprueban-nueve-leyes-en-sesion-de-diputados\/#primaryimage"},"thumbnailUrl":"https:\/\/www.eldiario.net\/portal\/wp-content\/uploads\/2024\/06\/P-5-10-cm-x-7-2.jpg","datePublished":"2024-06-14T09:57:09+00:00","breadcrumb":{"@id":"https:\/\/www.eldiario.net\/portal\/2024\/06\/14\/aprueban-nueve-leyes-en-sesion-de-diputados\/#breadcrumb"},"inLanguage":"es","potentialAction":[{"@type":"ReadAction","target":["https:\/\/www.eldiario.net\/portal\/2024\/06\/14\/aprueban-nueve-leyes-en-sesion-de-diputados\/"]}]},{"@type":"ImageObject","inLanguage":"es","@id":"https:\/\/www.eldiario.net\/portal\/2024\/06\/14\/aprueban-nueve-leyes-en-sesion-de-diputados\/#primaryimage","url":"https:\/\/www.eldiario.net\/portal\/wp-content\/uploads\/2024\/06\/P-5-10-cm-x-7-2.jpg","contentUrl":"https:\/\/www.eldiario.net\/portal\/wp-content\/uploads\/2024\/06\/P-5-10-cm-x-7-2.jpg","width":720,"height":399,"caption":"Representantes de Yapacan\u00ed presencian la sesi\u00f3n de Diputados. CREDITO: Br\u00fajula Digital"},{"@type":"BreadcrumbList","@id":"https:\/\/www.eldiario.net\/portal\/2024\/06\/14\/aprueban-nueve-leyes-en-sesion-de-diputados\/#breadcrumb","itemListElement":[{"@type":"ListItem","position":1,"name":"Portada","item":"https:\/\/www.eldiario.net\/portal\/"},{"@type":"ListItem","position":2,"name":"Aprueban nueve leyes en sesi\u00f3n de Diputados"}]},{"@type":"WebSite","@id":"https:\/\/www.eldiario.net\/portal\/#website","url":"https:\/\/www.eldiario.net\/portal\/","name":"El Diario - Decano de la prensa nacional","description":"El Diario - Decano de la prensa nacional","publisher":{"@id":"https:\/\/www.eldiario.net\/portal\/#organization"},"potentialAction":[{"@type":"SearchAction","target":{"@type":"EntryPoint","urlTemplate":"https:\/\/www.eldiario.net\/portal\/?s={search_term_string}"},"query-input":{"@type":"PropertyValueSpecification","valueRequired":true,"valueName":"search_term_string"}}],"inLanguage":"es"},{"@type":"Organization","@id":"https:\/\/www.eldiario.net\/portal\/#organization","name":"El Diario - Decano de la prensa nacional","url":"https:\/\/www.eldiario.net\/portal\/","logo":{"@type":"ImageObject","inLanguage":"es","@id":"https:\/\/www.eldiario.net\/portal\/#\/schema\/logo\/image\/","url":"https:\/\/www.eldiario.net\/portal\/wp-content\/uploads\/2023\/07\/logo_ED.jpg","contentUrl":"https:\/\/www.eldiario.net\/portal\/wp-content\/uploads\/2023\/07\/logo_ED.jpg","width":272,"height":52,"caption":"El Diario - Decano de la prensa nacional"},"image":{"@id":"https:\/\/www.eldiario.net\/portal\/#\/schema\/logo\/image\/"},"sameAs":["https:\/\/www.facebook.com\/eldiario.bolivia\/","https:\/\/x.com\/eldiario_net"]},{"@type":"Person","@id":"https:\/\/www.eldiario.net\/portal\/#\/schema\/person\/f46445640444750d7d753ccd04ae01b7","name":"Jeanette","image":{"@type":"ImageObject","inLanguage":"es","@id":"https:\/\/secure.gravatar.com\/avatar\/3ea2118a5f7dad2b7138b1187a6b7ee55f160b9968b66013c3a3ef39dd7e5798?s=96&d=mm&r=g","url":"https:\/\/secure.gravatar.com\/avatar\/3ea2118a5f7dad2b7138b1187a6b7ee55f160b9968b66013c3a3ef39dd7e5798?s=96&d=mm&r=g","contentUrl":"https:\/\/secure.gravatar.com\/avatar\/3ea2118a5f7dad2b7138b1187a6b7ee55f160b9968b66013c3a3ef39dd7e5798?s=96&d=mm&r=g","caption":"Jeanette"},"sameAs":["https:\/\/www.eldiario.net\/portal"],"url":"https:\/\/www.eldiario.net\/portal\/author\/jeanette\/"}]}},"_links":{"self":[{"href":"https:\/\/www.eldiario.net\/portal\/wp-json\/wp\/v2\/posts\/227049","targetHints":{"allow":["GET"]}}],"collection":[{"href":"https:\/\/www.eldiario.net\/portal\/wp-json\/wp\/v2\/posts"}],"about":[{"href":"https:\/\/www.eldiario.net\/portal\/wp-json\/wp\/v2\/types\/post"}],"author":[{"embeddable":true,"href":"https:\/\/www.eldiario.net\/portal\/wp-json\/wp\/v2\/users\/1"}],"replies":[{"embeddable":true,"href":"https:\/\/www.eldiario.net\/portal\/wp-json\/wp\/v2\/comments?post=227049"}],"version-history":[{"count":1,"href":"https:\/\/www.eldiario.net\/portal\/wp-json\/wp\/v2\/posts\/227049\/revisions"}],"predecessor-version":[{"id":227051,"href":"https:\/\/www.eldiario.net\/portal\/wp-json\/wp\/v2\/posts\/227049\/revisions\/227051"}],"wp:featuredmedia":[{"embeddable":true,"href":"https:\/\/www.eldiario.net\/portal\/wp-json\/wp\/v2\/media\/227050"}],"wp:attachment":[{"href":"https:\/\/www.eldiario.net\/portal\/wp-json\/wp\/v2\/media?parent=227049"}],"wp:term":[{"taxonomy":"category","embeddable":true,"href":"https:\/\/www.eldiario.net\/portal\/wp-json\/wp\/v2\/categories?post=227049"},{"taxonomy":"post_tag","embeddable":true,"href":"https:\/\/www.eldiario.net\/portal\/wp-json\/wp\/v2\/tags?post=227049"}],"curies":[{"name":"wp","href":"https:\/\/api.w.org\/{rel}","templated":true}]}}