{"id":227046,"date":"2024-06-14T05:54:54","date_gmt":"2024-06-14T09:54:54","guid":{"rendered":"https:\/\/www.eldiario.net\/portal\/?p=227046"},"modified":"2024-06-14T05:54:54","modified_gmt":"2024-06-14T09:54:54","slug":"denuncian-en-transporte-pesado-amedrentamiento-y-persecucion","status":"publish","type":"post","link":"https:\/\/www.eldiario.net\/portal\/2024\/06\/14\/denuncian-en-transporte-pesado-amedrentamiento-y-persecucion\/","title":{"rendered":"Denuncian en transporte pesado  amedrentamiento y persecuci\u00f3n"},"content":{"rendered":"<p class=\"v1MsoNormal\">El presidente de la C\u00e1mara Boliviana del Transporte Pesado, H\u00e9ctor Mercado, anunci\u00f3 este jueves que se declara en la clandestinidad porque se siente perseguido y amedrentado por parte del ministro de Obras, \u00c9dgar Monta\u00f1o.<\/p>\n<p class=\"v1MsoNormal\">Monta\u00f1o, en respuesta, neg\u00f3 que sea capaz de cometer una persecuci\u00f3n, tomando en cuenta lo que \u00e9l mismo sufri\u00f3 en 2019, y envi\u00f3 bendiciones para Mercado y su familia.<\/p>\n<p class=\"v1MsoNormal\">En esto conflicto, Mercado anunci\u00f3 un bloqueo indefinido desde el lunes, para que el presidente Luis Arce escuche las demandas de su sector, mientras que el ministro Monta\u00f1o denuncia que estas movilizaciones forman parte de un Golpe de Estado.<\/p>\n<p class=\"v1MsoNormal\">El dirigente mencion\u00f3 que le llegan amenazas de que el ministro Monta\u00f1o lo har\u00eda detener por estar detr\u00e1s de un golpe de Estado.<\/p>\n<p class=\"v1MsoNormal\">\u00abEl ministro Monta\u00f1o lo \u00fanico que hace es hacer perseguir a mi persona. Yo en este momento estoy declar\u00e1ndome en clandestinidad, porque el ministro Monta\u00f1o est\u00e1 haciendo que me persigan, est\u00e1 amedrentando a toda mi familia\u00bb, dijo Mercado en contacto con Erbol.<\/p>\n<p class=\"v1MsoNormal\">Mercado afirm\u00f3 que, si algo ocurre con su vida, la responsabilidad es del Ministro de Obras.<\/p>\n<p class=\"v1MsoNormal\">A su turno, el ministro Monta\u00f1o neg\u00f3 que haya persecuci\u00f3n. Record\u00f3 que \u00e9l mismo ha sufrido incluso la quema de su casa en 2019, por defender la democracia,\u00a0 y mal podr\u00eda estar detr\u00e1s de Mercado.<\/p>\n<p class=\"v1MsoNormal\">\u00abNo es necesario se\u00f1or Mercado que se declare en la clandestinidad\u00bb, afirm\u00f3 la autoridad en el programa La Tarde en Directo de Erbol.<\/p>\n<p class=\"v1MsoNormal\">\u00abMal podr\u00eda yo siquiera mencionar alg\u00fan nombre de su esposa o de sus hijos. Y yo m\u00e1s bien detesto aquello y m\u00e1s bien bendigo en nombre de Dios, que a ustedes los proteja Dios y los ilumine\u00bb, agreg\u00f3.<\/p>\n<p class=\"v1MsoNormal\">Monta\u00f1o dijo que no guarda rencor por lo que ha sufrido en 2019, sino ha perdido y se ha entregado a Dios. Asimismo, ahora tampoco se enojar\u00e1, sino m\u00e1s bien se alegra de que exista libertad de expresi\u00f3n.<\/p>\n<p class=\"v1MsoNormal\">Anunci\u00f3 que el viernes estar\u00e1 en Cochabamba y llamar\u00e1 a Mercado para buscar el di\u00e1logo, pero sin condiciones.<\/p>\n<p class=\"v1MsoNormal\">El transporte pesado insiste en que s\u00f3lo dialogar\u00e1 con el presidente Luis Arce, porque considera que el Ministro no ha solucionado sus problemas, sin embargo, Monta\u00f1o recalc\u00f3 que primero la reuni\u00f3n debe ser con \u00e9l. (Erbol)<\/p>\n<p class=\"v1MsoNormal\">\n","protected":false},"excerpt":{"rendered":"<p>El presidente de la C\u00e1mara Boliviana del Transporte Pesado, H\u00e9ctor Mercado, anunci\u00f3 este jueves que se declara en la clandestinidad porque se siente perseguido y amedrentado por parte del ministro de Obras, \u00c9dgar Monta\u00f1o. Monta\u00f1o, en respuesta, neg\u00f3 que sea capaz de cometer una persecuci\u00f3n, tomando en cuenta lo que \u00e9l mismo sufri\u00f3 en 2019, [&hellip;]<\/p>\n","protected":false},"author":1,"featured_media":227047,"comment_status":"open","ping_status":"open","sticky":false,"template":"","format":"standard","meta":{"_acf_changed":false,"footnotes":""},"categories":[15],"tags":[],"class_list":["post-227046","post","type-post","status-publish","format-standard","has-post-thumbnail","category-portada"],"acf":{"antetitulo":"Dirigente se declara en la clandestinidad"},"yoast_head":"<!-- This site is optimized with the Yoast SEO plugin v28.3 - https:\/\/yoast.com\/product\/yoast-seo-wordpress\/ -->\n<title>Denuncian en transporte pesado amedrentamiento y persecuci\u00f3n - El Diario - Bolivia<\/title>\n<meta name=\"robots\" content=\"index, follow, max-snippet:-1, max-image-preview:large, max-video-preview:-1\" \/>\n<link rel=\"canonical\" href=\"https:\/\/www.eldiario.net\/portal\/2024\/06\/14\/denuncian-en-transporte-pesado-amedrentamiento-y-persecucion\/\" \/>\n<meta property=\"og:locale\" content=\"es_ES\" \/>\n<meta property=\"og:type\" content=\"article\" \/>\n<meta property=\"og:title\" content=\"Denuncian en transporte pesado amedrentamiento y persecuci\u00f3n - El Diario - Bolivia\" \/>\n<meta property=\"og:description\" content=\"El presidente de la C\u00e1mara Boliviana del Transporte Pesado, H\u00e9ctor Mercado, anunci\u00f3 este jueves que se declara en la clandestinidad porque se siente perseguido y amedrentado por parte del ministro de Obras, \u00c9dgar Monta\u00f1o. Monta\u00f1o, en respuesta, neg\u00f3 que sea capaz de cometer una persecuci\u00f3n, tomando en cuenta lo que \u00e9l mismo sufri\u00f3 en 2019, [&hellip;]\" \/>\n<meta property=\"og:url\" content=\"https:\/\/www.eldiario.net\/portal\/2024\/06\/14\/denuncian-en-transporte-pesado-amedrentamiento-y-persecucion\/\" \/>\n<meta property=\"og:site_name\" content=\"El Diario - Bolivia\" \/>\n<meta property=\"article:publisher\" content=\"https:\/\/www.facebook.com\/eldiario.bolivia\/\" \/>\n<meta property=\"article:published_time\" content=\"2024-06-14T09:54:54+00:00\" \/>\n<meta property=\"og:image\" content=\"https:\/\/www.eldiario.net\/portal\/wp-content\/uploads\/2024\/06\/P-3-10-cm-x-7-2.jpg\" \/>\n\t<meta property=\"og:image:width\" content=\"647\" \/>\n\t<meta property=\"og:image:height\" content=\"420\" \/>\n\t<meta property=\"og:image:type\" content=\"image\/jpeg\" \/>\n<meta name=\"author\" content=\"Jeanette\" \/>\n<meta name=\"twitter:card\" content=\"summary_large_image\" \/>\n<meta name=\"twitter:creator\" content=\"@eldiario_net\" \/>\n<meta name=\"twitter:site\" content=\"@eldiario_net\" \/>\n<meta name=\"twitter:label1\" content=\"Escrito por\" \/>\n\t<meta name=\"twitter:data1\" content=\"Jeanette\" \/>\n\t<meta name=\"twitter:label2\" content=\"Tiempo de lectura\" \/>\n\t<meta name=\"twitter:data2\" content=\"2 minutos\" \/>\n<script type=\"application\/ld+json\" class=\"yoast-schema-graph\">{\"@context\":\"https:\\\/\\\/schema.org\",\"@graph\":[{\"@type\":\"Article\",\"@id\":\"https:\\\/\\\/www.eldiario.net\\\/portal\\\/2024\\\/06\\\/14\\\/denuncian-en-transporte-pesado-amedrentamiento-y-persecucion\\\/#article\",\"isPartOf\":{\"@id\":\"https:\\\/\\\/www.eldiario.net\\\/portal\\\/2024\\\/06\\\/14\\\/denuncian-en-transporte-pesado-amedrentamiento-y-persecucion\\\/\"},\"author\":{\"name\":\"Jeanette\",\"@id\":\"https:\\\/\\\/www.eldiario.net\\\/portal\\\/#\\\/schema\\\/person\\\/f46445640444750d7d753ccd04ae01b7\"},\"headline\":\"Denuncian en transporte pesado amedrentamiento y persecuci\u00f3n\",\"datePublished\":\"2024-06-14T09:54:54+00:00\",\"mainEntityOfPage\":{\"@id\":\"https:\\\/\\\/www.eldiario.net\\\/portal\\\/2024\\\/06\\\/14\\\/denuncian-en-transporte-pesado-amedrentamiento-y-persecucion\\\/\"},\"wordCount\":404,\"commentCount\":0,\"publisher\":{\"@id\":\"https:\\\/\\\/www.eldiario.net\\\/portal\\\/#organization\"},\"image\":{\"@id\":\"https:\\\/\\\/www.eldiario.net\\\/portal\\\/2024\\\/06\\\/14\\\/denuncian-en-transporte-pesado-amedrentamiento-y-persecucion\\\/#primaryimage\"},\"thumbnailUrl\":\"https:\\\/\\\/www.eldiario.net\\\/portal\\\/wp-content\\\/uploads\\\/2024\\\/06\\\/P-3-10-cm-x-7-2.jpg\",\"articleSection\":[\"Portada\"],\"inLanguage\":\"es\",\"potentialAction\":[{\"@type\":\"CommentAction\",\"name\":\"Comment\",\"target\":[\"https:\\\/\\\/www.eldiario.net\\\/portal\\\/2024\\\/06\\\/14\\\/denuncian-en-transporte-pesado-amedrentamiento-y-persecucion\\\/#respond\"]}]},{\"@type\":\"WebPage\",\"@id\":\"https:\\\/\\\/www.eldiario.net\\\/portal\\\/2024\\\/06\\\/14\\\/denuncian-en-transporte-pesado-amedrentamiento-y-persecucion\\\/\",\"url\":\"https:\\\/\\\/www.eldiario.net\\\/portal\\\/2024\\\/06\\\/14\\\/denuncian-en-transporte-pesado-amedrentamiento-y-persecucion\\\/\",\"name\":\"Denuncian en transporte pesado amedrentamiento y persecuci\u00f3n - El Diario - Bolivia\",\"isPartOf\":{\"@id\":\"https:\\\/\\\/www.eldiario.net\\\/portal\\\/#website\"},\"primaryImageOfPage\":{\"@id\":\"https:\\\/\\\/www.eldiario.net\\\/portal\\\/2024\\\/06\\\/14\\\/denuncian-en-transporte-pesado-amedrentamiento-y-persecucion\\\/#primaryimage\"},\"image\":{\"@id\":\"https:\\\/\\\/www.eldiario.net\\\/portal\\\/2024\\\/06\\\/14\\\/denuncian-en-transporte-pesado-amedrentamiento-y-persecucion\\\/#primaryimage\"},\"thumbnailUrl\":\"https:\\\/\\\/www.eldiario.net\\\/portal\\\/wp-content\\\/uploads\\\/2024\\\/06\\\/P-3-10-cm-x-7-2.jpg\",\"datePublished\":\"2024-06-14T09:54:54+00:00\",\"breadcrumb\":{\"@id\":\"https:\\\/\\\/www.eldiario.net\\\/portal\\\/2024\\\/06\\\/14\\\/denuncian-en-transporte-pesado-amedrentamiento-y-persecucion\\\/#breadcrumb\"},\"inLanguage\":\"es\",\"potentialAction\":[{\"@type\":\"ReadAction\",\"target\":[\"https:\\\/\\\/www.eldiario.net\\\/portal\\\/2024\\\/06\\\/14\\\/denuncian-en-transporte-pesado-amedrentamiento-y-persecucion\\\/\"]}]},{\"@type\":\"ImageObject\",\"inLanguage\":\"es\",\"@id\":\"https:\\\/\\\/www.eldiario.net\\\/portal\\\/2024\\\/06\\\/14\\\/denuncian-en-transporte-pesado-amedrentamiento-y-persecucion\\\/#primaryimage\",\"url\":\"https:\\\/\\\/www.eldiario.net\\\/portal\\\/wp-content\\\/uploads\\\/2024\\\/06\\\/P-3-10-cm-x-7-2.jpg\",\"contentUrl\":\"https:\\\/\\\/www.eldiario.net\\\/portal\\\/wp-content\\\/uploads\\\/2024\\\/06\\\/P-3-10-cm-x-7-2.jpg\",\"width\":647,\"height\":420,\"caption\":\"El dirigente H\u00e9ctor Mercado y el ministro Edgar Monta\u00f1o. CR\u00c9DITO: Erbol\"},{\"@type\":\"BreadcrumbList\",\"@id\":\"https:\\\/\\\/www.eldiario.net\\\/portal\\\/2024\\\/06\\\/14\\\/denuncian-en-transporte-pesado-amedrentamiento-y-persecucion\\\/#breadcrumb\",\"itemListElement\":[{\"@type\":\"ListItem\",\"position\":1,\"name\":\"Portada\",\"item\":\"https:\\\/\\\/www.eldiario.net\\\/portal\\\/\"},{\"@type\":\"ListItem\",\"position\":2,\"name\":\"Denuncian en transporte pesado amedrentamiento y persecuci\u00f3n\"}]},{\"@type\":\"WebSite\",\"@id\":\"https:\\\/\\\/www.eldiario.net\\\/portal\\\/#website\",\"url\":\"https:\\\/\\\/www.eldiario.net\\\/portal\\\/\",\"name\":\"El Diario - Decano de la prensa nacional\",\"description\":\"El Diario - Decano de la prensa nacional\",\"publisher\":{\"@id\":\"https:\\\/\\\/www.eldiario.net\\\/portal\\\/#organization\"},\"potentialAction\":[{\"@type\":\"SearchAction\",\"target\":{\"@type\":\"EntryPoint\",\"urlTemplate\":\"https:\\\/\\\/www.eldiario.net\\\/portal\\\/?s={search_term_string}\"},\"query-input\":{\"@type\":\"PropertyValueSpecification\",\"valueRequired\":true,\"valueName\":\"search_term_string\"}}],\"inLanguage\":\"es\"},{\"@type\":\"Organization\",\"@id\":\"https:\\\/\\\/www.eldiario.net\\\/portal\\\/#organization\",\"name\":\"El Diario - Decano de la prensa nacional\",\"url\":\"https:\\\/\\\/www.eldiario.net\\\/portal\\\/\",\"logo\":{\"@type\":\"ImageObject\",\"inLanguage\":\"es\",\"@id\":\"https:\\\/\\\/www.eldiario.net\\\/portal\\\/#\\\/schema\\\/logo\\\/image\\\/\",\"url\":\"https:\\\/\\\/www.eldiario.net\\\/portal\\\/wp-content\\\/uploads\\\/2023\\\/07\\\/logo_ED.jpg\",\"contentUrl\":\"https:\\\/\\\/www.eldiario.net\\\/portal\\\/wp-content\\\/uploads\\\/2023\\\/07\\\/logo_ED.jpg\",\"width\":272,\"height\":52,\"caption\":\"El Diario - Decano de la prensa nacional\"},\"image\":{\"@id\":\"https:\\\/\\\/www.eldiario.net\\\/portal\\\/#\\\/schema\\\/logo\\\/image\\\/\"},\"sameAs\":[\"https:\\\/\\\/www.facebook.com\\\/eldiario.bolivia\\\/\",\"https:\\\/\\\/x.com\\\/eldiario_net\"]},{\"@type\":\"Person\",\"@id\":\"https:\\\/\\\/www.eldiario.net\\\/portal\\\/#\\\/schema\\\/person\\\/f46445640444750d7d753ccd04ae01b7\",\"name\":\"Jeanette\",\"image\":{\"@type\":\"ImageObject\",\"inLanguage\":\"es\",\"@id\":\"https:\\\/\\\/secure.gravatar.com\\\/avatar\\\/3ea2118a5f7dad2b7138b1187a6b7ee55f160b9968b66013c3a3ef39dd7e5798?s=96&d=mm&r=g\",\"url\":\"https:\\\/\\\/secure.gravatar.com\\\/avatar\\\/3ea2118a5f7dad2b7138b1187a6b7ee55f160b9968b66013c3a3ef39dd7e5798?s=96&d=mm&r=g\",\"contentUrl\":\"https:\\\/\\\/secure.gravatar.com\\\/avatar\\\/3ea2118a5f7dad2b7138b1187a6b7ee55f160b9968b66013c3a3ef39dd7e5798?s=96&d=mm&r=g\",\"caption\":\"Jeanette\"},\"sameAs\":[\"https:\\\/\\\/www.eldiario.net\\\/portal\"],\"url\":\"https:\\\/\\\/www.eldiario.net\\\/portal\\\/author\\\/jeanette\\\/\"}]}<\/script>\n<!-- \/ Yoast SEO plugin. -->","yoast_head_json":{"title":"Denuncian en transporte pesado amedrentamiento y persecuci\u00f3n - El Diario - Bolivia","robots":{"index":"index","follow":"follow","max-snippet":"max-snippet:-1","max-image-preview":"max-image-preview:large","max-video-preview":"max-video-preview:-1"},"canonical":"https:\/\/www.eldiario.net\/portal\/2024\/06\/14\/denuncian-en-transporte-pesado-amedrentamiento-y-persecucion\/","og_locale":"es_ES","og_type":"article","og_title":"Denuncian en transporte pesado amedrentamiento y persecuci\u00f3n - El Diario - Bolivia","og_description":"El presidente de la C\u00e1mara Boliviana del Transporte Pesado, H\u00e9ctor Mercado, anunci\u00f3 este jueves que se declara en la clandestinidad porque se siente perseguido y amedrentado por parte del ministro de Obras, \u00c9dgar Monta\u00f1o. Monta\u00f1o, en respuesta, neg\u00f3 que sea capaz de cometer una persecuci\u00f3n, tomando en cuenta lo que \u00e9l mismo sufri\u00f3 en 2019, [&hellip;]","og_url":"https:\/\/www.eldiario.net\/portal\/2024\/06\/14\/denuncian-en-transporte-pesado-amedrentamiento-y-persecucion\/","og_site_name":"El Diario - Bolivia","article_publisher":"https:\/\/www.facebook.com\/eldiario.bolivia\/","article_published_time":"2024-06-14T09:54:54+00:00","og_image":[{"width":647,"height":420,"url":"https:\/\/www.eldiario.net\/portal\/wp-content\/uploads\/2024\/06\/P-3-10-cm-x-7-2.jpg","type":"image\/jpeg"}],"author":"Jeanette","twitter_card":"summary_large_image","twitter_creator":"@eldiario_net","twitter_site":"@eldiario_net","twitter_misc":{"Escrito por":"Jeanette","Tiempo de lectura":"2 minutos"},"schema":{"@context":"https:\/\/schema.org","@graph":[{"@type":"Article","@id":"https:\/\/www.eldiario.net\/portal\/2024\/06\/14\/denuncian-en-transporte-pesado-amedrentamiento-y-persecucion\/#article","isPartOf":{"@id":"https:\/\/www.eldiario.net\/portal\/2024\/06\/14\/denuncian-en-transporte-pesado-amedrentamiento-y-persecucion\/"},"author":{"name":"Jeanette","@id":"https:\/\/www.eldiario.net\/portal\/#\/schema\/person\/f46445640444750d7d753ccd04ae01b7"},"headline":"Denuncian en transporte pesado amedrentamiento y persecuci\u00f3n","datePublished":"2024-06-14T09:54:54+00:00","mainEntityOfPage":{"@id":"https:\/\/www.eldiario.net\/portal\/2024\/06\/14\/denuncian-en-transporte-pesado-amedrentamiento-y-persecucion\/"},"wordCount":404,"commentCount":0,"publisher":{"@id":"https:\/\/www.eldiario.net\/portal\/#organization"},"image":{"@id":"https:\/\/www.eldiario.net\/portal\/2024\/06\/14\/denuncian-en-transporte-pesado-amedrentamiento-y-persecucion\/#primaryimage"},"thumbnailUrl":"https:\/\/www.eldiario.net\/portal\/wp-content\/uploads\/2024\/06\/P-3-10-cm-x-7-2.jpg","articleSection":["Portada"],"inLanguage":"es","potentialAction":[{"@type":"CommentAction","name":"Comment","target":["https:\/\/www.eldiario.net\/portal\/2024\/06\/14\/denuncian-en-transporte-pesado-amedrentamiento-y-persecucion\/#respond"]}]},{"@type":"WebPage","@id":"https:\/\/www.eldiario.net\/portal\/2024\/06\/14\/denuncian-en-transporte-pesado-amedrentamiento-y-persecucion\/","url":"https:\/\/www.eldiario.net\/portal\/2024\/06\/14\/denuncian-en-transporte-pesado-amedrentamiento-y-persecucion\/","name":"Denuncian en transporte pesado amedrentamiento y persecuci\u00f3n - El Diario - Bolivia","isPartOf":{"@id":"https:\/\/www.eldiario.net\/portal\/#website"},"primaryImageOfPage":{"@id":"https:\/\/www.eldiario.net\/portal\/2024\/06\/14\/denuncian-en-transporte-pesado-amedrentamiento-y-persecucion\/#primaryimage"},"image":{"@id":"https:\/\/www.eldiario.net\/portal\/2024\/06\/14\/denuncian-en-transporte-pesado-amedrentamiento-y-persecucion\/#primaryimage"},"thumbnailUrl":"https:\/\/www.eldiario.net\/portal\/wp-content\/uploads\/2024\/06\/P-3-10-cm-x-7-2.jpg","datePublished":"2024-06-14T09:54:54+00:00","breadcrumb":{"@id":"https:\/\/www.eldiario.net\/portal\/2024\/06\/14\/denuncian-en-transporte-pesado-amedrentamiento-y-persecucion\/#breadcrumb"},"inLanguage":"es","potentialAction":[{"@type":"ReadAction","target":["https:\/\/www.eldiario.net\/portal\/2024\/06\/14\/denuncian-en-transporte-pesado-amedrentamiento-y-persecucion\/"]}]},{"@type":"ImageObject","inLanguage":"es","@id":"https:\/\/www.eldiario.net\/portal\/2024\/06\/14\/denuncian-en-transporte-pesado-amedrentamiento-y-persecucion\/#primaryimage","url":"https:\/\/www.eldiario.net\/portal\/wp-content\/uploads\/2024\/06\/P-3-10-cm-x-7-2.jpg","contentUrl":"https:\/\/www.eldiario.net\/portal\/wp-content\/uploads\/2024\/06\/P-3-10-cm-x-7-2.jpg","width":647,"height":420,"caption":"El dirigente H\u00e9ctor Mercado y el ministro Edgar Monta\u00f1o. CR\u00c9DITO: Erbol"},{"@type":"BreadcrumbList","@id":"https:\/\/www.eldiario.net\/portal\/2024\/06\/14\/denuncian-en-transporte-pesado-amedrentamiento-y-persecucion\/#breadcrumb","itemListElement":[{"@type":"ListItem","position":1,"name":"Portada","item":"https:\/\/www.eldiario.net\/portal\/"},{"@type":"ListItem","position":2,"name":"Denuncian en transporte pesado amedrentamiento y persecuci\u00f3n"}]},{"@type":"WebSite","@id":"https:\/\/www.eldiario.net\/portal\/#website","url":"https:\/\/www.eldiario.net\/portal\/","name":"El Diario - Decano de la prensa nacional","description":"El Diario - Decano de la prensa nacional","publisher":{"@id":"https:\/\/www.eldiario.net\/portal\/#organization"},"potentialAction":[{"@type":"SearchAction","target":{"@type":"EntryPoint","urlTemplate":"https:\/\/www.eldiario.net\/portal\/?s={search_term_string}"},"query-input":{"@type":"PropertyValueSpecification","valueRequired":true,"valueName":"search_term_string"}}],"inLanguage":"es"},{"@type":"Organization","@id":"https:\/\/www.eldiario.net\/portal\/#organization","name":"El Diario - Decano de la prensa nacional","url":"https:\/\/www.eldiario.net\/portal\/","logo":{"@type":"ImageObject","inLanguage":"es","@id":"https:\/\/www.eldiario.net\/portal\/#\/schema\/logo\/image\/","url":"https:\/\/www.eldiario.net\/portal\/wp-content\/uploads\/2023\/07\/logo_ED.jpg","contentUrl":"https:\/\/www.eldiario.net\/portal\/wp-content\/uploads\/2023\/07\/logo_ED.jpg","width":272,"height":52,"caption":"El Diario - Decano de la prensa nacional"},"image":{"@id":"https:\/\/www.eldiario.net\/portal\/#\/schema\/logo\/image\/"},"sameAs":["https:\/\/www.facebook.com\/eldiario.bolivia\/","https:\/\/x.com\/eldiario_net"]},{"@type":"Person","@id":"https:\/\/www.eldiario.net\/portal\/#\/schema\/person\/f46445640444750d7d753ccd04ae01b7","name":"Jeanette","image":{"@type":"ImageObject","inLanguage":"es","@id":"https:\/\/secure.gravatar.com\/avatar\/3ea2118a5f7dad2b7138b1187a6b7ee55f160b9968b66013c3a3ef39dd7e5798?s=96&d=mm&r=g","url":"https:\/\/secure.gravatar.com\/avatar\/3ea2118a5f7dad2b7138b1187a6b7ee55f160b9968b66013c3a3ef39dd7e5798?s=96&d=mm&r=g","contentUrl":"https:\/\/secure.gravatar.com\/avatar\/3ea2118a5f7dad2b7138b1187a6b7ee55f160b9968b66013c3a3ef39dd7e5798?s=96&d=mm&r=g","caption":"Jeanette"},"sameAs":["https:\/\/www.eldiario.net\/portal"],"url":"https:\/\/www.eldiario.net\/portal\/author\/jeanette\/"}]}},"_links":{"self":[{"href":"https:\/\/www.eldiario.net\/portal\/wp-json\/wp\/v2\/posts\/227046","targetHints":{"allow":["GET"]}}],"collection":[{"href":"https:\/\/www.eldiario.net\/portal\/wp-json\/wp\/v2\/posts"}],"about":[{"href":"https:\/\/www.eldiario.net\/portal\/wp-json\/wp\/v2\/types\/post"}],"author":[{"embeddable":true,"href":"https:\/\/www.eldiario.net\/portal\/wp-json\/wp\/v2\/users\/1"}],"replies":[{"embeddable":true,"href":"https:\/\/www.eldiario.net\/portal\/wp-json\/wp\/v2\/comments?post=227046"}],"version-history":[{"count":1,"href":"https:\/\/www.eldiario.net\/portal\/wp-json\/wp\/v2\/posts\/227046\/revisions"}],"predecessor-version":[{"id":227048,"href":"https:\/\/www.eldiario.net\/portal\/wp-json\/wp\/v2\/posts\/227046\/revisions\/227048"}],"wp:featuredmedia":[{"embeddable":true,"href":"https:\/\/www.eldiario.net\/portal\/wp-json\/wp\/v2\/media\/227047"}],"wp:attachment":[{"href":"https:\/\/www.eldiario.net\/portal\/wp-json\/wp\/v2\/media?parent=227046"}],"wp:term":[{"taxonomy":"category","embeddable":true,"href":"https:\/\/www.eldiario.net\/portal\/wp-json\/wp\/v2\/categories?post=227046"},{"taxonomy":"post_tag","embeddable":true,"href":"https:\/\/www.eldiario.net\/portal\/wp-json\/wp\/v2\/tags?post=227046"}],"curies":[{"name":"wp","href":"https:\/\/api.w.org\/{rel}","templated":true}]}}