{"id":226341,"date":"2024-06-11T06:12:29","date_gmt":"2024-06-11T10:12:29","guid":{"rendered":"https:\/\/www.eldiario.net\/portal\/?p=226341"},"modified":"2024-06-11T06:12:29","modified_gmt":"2024-06-11T10:12:29","slug":"anuncian-audiencia-de-conciliacion-a-diputadas-que-protagonizaron-gresca","status":"publish","type":"post","link":"https:\/\/www.eldiario.net\/portal\/2024\/06\/11\/anuncian-audiencia-de-conciliacion-a-diputadas-que-protagonizaron-gresca\/","title":{"rendered":"Anuncian audiencia de conciliaci\u00f3n a diputadas que protagonizaron gresca"},"content":{"rendered":"<p>La Fiscal\u00eda invit\u00f3 para hoy a una audiencia de conciliaci\u00f3n a la diputada denunciante Mayra Zalles, de Comunidad Ciudadana (CC), y Gloria Callisaya del MAS, presunta agresora, por el episodio bochornoso que ocurri\u00f3 durante la sesi\u00f3n del pasado 22 de febrero.<\/p>\n<p>El abogado Ricardo Rodr\u00edguez, defensa de la legisladora de CC, confirm\u00f3 la notificaci\u00f3n emitida por el Ministerio P\u00fablico y confirm\u00f3 su asistencia con el objetivo de conocer las bases de la convocatoria.<\/p>\n<p>\u201cEl Ministerio P\u00fablico tiene conocimiento que, en este tipo de casos, en los que est\u00e1 en peligro o est\u00e1 siendo vulnerado el derecho a la integridad personal, no est\u00e1 permitida la conciliaci\u00f3n, en ese entendido, veremos cu\u00e1les son las bases y la posici\u00f3n de la Fiscal\u00eda para convocarnos a este acto\u201d, afirm\u00f3.<\/p>\n<p>Rodr\u00edguez aclar\u00f3 que la posici\u00f3n de Zalles y del diputado Jos\u00e9 Manuel Ormachea, otro de los agredidos en la sesi\u00f3n del 22 de febrero, es que est\u00e1n \u201cimpedidos\u201d de poder conciliar ya que se busca sentar un precedente.<\/p>\n<p>De acuerdo con el relato de Zalles, durante la pol\u00e9mica sesi\u00f3n, se acerc\u00f3 a la testera para pedirle a Callisaya que detuviera las agresiones contra otros diputados de CC, pero en lugar de detenerse, le habr\u00eda escupido, empujado e incluso ara\u00f1ado el rostro. (Erbol)<\/p>\n","protected":false},"excerpt":{"rendered":"<p>La Fiscal\u00eda invit\u00f3 para hoy a una audiencia de conciliaci\u00f3n a la diputada denunciante Mayra Zalles, de Comunidad Ciudadana (CC), y Gloria Callisaya del MAS, presunta agresora, por el episodio bochornoso que ocurri\u00f3 durante la sesi\u00f3n del pasado 22 de febrero. El abogado Ricardo Rodr\u00edguez, defensa de la legisladora de CC, confirm\u00f3 la notificaci\u00f3n emitida [&hellip;]<\/p>\n","protected":false},"author":1,"featured_media":226342,"comment_status":"open","ping_status":"open","sticky":false,"template":"","format":"standard","meta":{"_acf_changed":false,"footnotes":""},"categories":[39],"tags":[],"class_list":["post-226341","post","type-post","status-publish","format-standard","has-post-thumbnail","category-sociedad"],"acf":{"antetitulo":""},"yoast_head":"<!-- This site is optimized with the Yoast SEO plugin v28.4 - https:\/\/yoast.com\/product\/yoast-seo-wordpress\/ -->\n<title>Anuncian audiencia de conciliaci\u00f3n a diputadas que protagonizaron gresca - El Diario - Bolivia<\/title>\n<meta name=\"robots\" content=\"index, follow, max-snippet:-1, max-image-preview:large, max-video-preview:-1\" \/>\n<link rel=\"canonical\" href=\"https:\/\/www.eldiario.net\/portal\/2024\/06\/11\/anuncian-audiencia-de-conciliacion-a-diputadas-que-protagonizaron-gresca\/\" \/>\n<meta property=\"og:locale\" content=\"es_ES\" \/>\n<meta property=\"og:type\" content=\"article\" \/>\n<meta property=\"og:title\" content=\"Anuncian audiencia de conciliaci\u00f3n a diputadas que protagonizaron gresca - El Diario - Bolivia\" \/>\n<meta property=\"og:description\" content=\"La Fiscal\u00eda invit\u00f3 para hoy a una audiencia de conciliaci\u00f3n a la diputada denunciante Mayra Zalles, de Comunidad Ciudadana (CC), y Gloria Callisaya del MAS, presunta agresora, por el episodio bochornoso que ocurri\u00f3 durante la sesi\u00f3n del pasado 22 de febrero. El abogado Ricardo Rodr\u00edguez, defensa de la legisladora de CC, confirm\u00f3 la notificaci\u00f3n emitida [&hellip;]\" \/>\n<meta property=\"og:url\" content=\"https:\/\/www.eldiario.net\/portal\/2024\/06\/11\/anuncian-audiencia-de-conciliacion-a-diputadas-que-protagonizaron-gresca\/\" \/>\n<meta property=\"og:site_name\" content=\"El Diario - Bolivia\" \/>\n<meta property=\"article:publisher\" content=\"https:\/\/www.facebook.com\/eldiario.bolivia\/\" \/>\n<meta property=\"article:published_time\" content=\"2024-06-11T10:12:29+00:00\" \/>\n<meta property=\"og:image\" content=\"https:\/\/www.eldiario.net\/portal\/wp-content\/uploads\/2024\/06\/SESION-FOTO.jpg\" \/>\n\t<meta property=\"og:image:width\" content=\"1297\" \/>\n\t<meta property=\"og:image:height\" content=\"1000\" \/>\n\t<meta property=\"og:image:type\" content=\"image\/jpeg\" \/>\n<meta name=\"author\" content=\"Jeanette\" \/>\n<meta name=\"twitter:card\" content=\"summary_large_image\" \/>\n<meta name=\"twitter:creator\" content=\"@eldiario_net\" \/>\n<meta name=\"twitter:site\" content=\"@eldiario_net\" \/>\n<meta name=\"twitter:label1\" content=\"Escrito por\" \/>\n\t<meta name=\"twitter:data1\" content=\"Jeanette\" \/>\n\t<meta name=\"twitter:label2\" content=\"Tiempo de lectura\" \/>\n\t<meta name=\"twitter:data2\" content=\"2 minutos\" \/>\n<script type=\"application\/ld+json\" class=\"yoast-schema-graph\">{\"@context\":\"https:\\\/\\\/schema.org\",\"@graph\":[{\"@type\":\"Article\",\"@id\":\"https:\\\/\\\/www.eldiario.net\\\/portal\\\/2024\\\/06\\\/11\\\/anuncian-audiencia-de-conciliacion-a-diputadas-que-protagonizaron-gresca\\\/#article\",\"isPartOf\":{\"@id\":\"https:\\\/\\\/www.eldiario.net\\\/portal\\\/2024\\\/06\\\/11\\\/anuncian-audiencia-de-conciliacion-a-diputadas-que-protagonizaron-gresca\\\/\"},\"author\":{\"name\":\"Jeanette\",\"@id\":\"https:\\\/\\\/www.eldiario.net\\\/portal\\\/#\\\/schema\\\/person\\\/f46445640444750d7d753ccd04ae01b7\"},\"headline\":\"Anuncian audiencia de conciliaci\u00f3n a diputadas que protagonizaron gresca\",\"datePublished\":\"2024-06-11T10:12:29+00:00\",\"mainEntityOfPage\":{\"@id\":\"https:\\\/\\\/www.eldiario.net\\\/portal\\\/2024\\\/06\\\/11\\\/anuncian-audiencia-de-conciliacion-a-diputadas-que-protagonizaron-gresca\\\/\"},\"wordCount\":234,\"commentCount\":0,\"publisher\":{\"@id\":\"https:\\\/\\\/www.eldiario.net\\\/portal\\\/#organization\"},\"image\":{\"@id\":\"https:\\\/\\\/www.eldiario.net\\\/portal\\\/2024\\\/06\\\/11\\\/anuncian-audiencia-de-conciliacion-a-diputadas-que-protagonizaron-gresca\\\/#primaryimage\"},\"thumbnailUrl\":\"https:\\\/\\\/www.eldiario.net\\\/portal\\\/wp-content\\\/uploads\\\/2024\\\/06\\\/SESION-FOTO.jpg\",\"articleSection\":[\"Sociedad - Seguridad\"],\"inLanguage\":\"es\",\"potentialAction\":[{\"@type\":\"CommentAction\",\"name\":\"Comment\",\"target\":[\"https:\\\/\\\/www.eldiario.net\\\/portal\\\/2024\\\/06\\\/11\\\/anuncian-audiencia-de-conciliacion-a-diputadas-que-protagonizaron-gresca\\\/#respond\"]}]},{\"@type\":\"WebPage\",\"@id\":\"https:\\\/\\\/www.eldiario.net\\\/portal\\\/2024\\\/06\\\/11\\\/anuncian-audiencia-de-conciliacion-a-diputadas-que-protagonizaron-gresca\\\/\",\"url\":\"https:\\\/\\\/www.eldiario.net\\\/portal\\\/2024\\\/06\\\/11\\\/anuncian-audiencia-de-conciliacion-a-diputadas-que-protagonizaron-gresca\\\/\",\"name\":\"Anuncian audiencia de conciliaci\u00f3n a diputadas que protagonizaron gresca - El Diario - Bolivia\",\"isPartOf\":{\"@id\":\"https:\\\/\\\/www.eldiario.net\\\/portal\\\/#website\"},\"primaryImageOfPage\":{\"@id\":\"https:\\\/\\\/www.eldiario.net\\\/portal\\\/2024\\\/06\\\/11\\\/anuncian-audiencia-de-conciliacion-a-diputadas-que-protagonizaron-gresca\\\/#primaryimage\"},\"image\":{\"@id\":\"https:\\\/\\\/www.eldiario.net\\\/portal\\\/2024\\\/06\\\/11\\\/anuncian-audiencia-de-conciliacion-a-diputadas-que-protagonizaron-gresca\\\/#primaryimage\"},\"thumbnailUrl\":\"https:\\\/\\\/www.eldiario.net\\\/portal\\\/wp-content\\\/uploads\\\/2024\\\/06\\\/SESION-FOTO.jpg\",\"datePublished\":\"2024-06-11T10:12:29+00:00\",\"breadcrumb\":{\"@id\":\"https:\\\/\\\/www.eldiario.net\\\/portal\\\/2024\\\/06\\\/11\\\/anuncian-audiencia-de-conciliacion-a-diputadas-que-protagonizaron-gresca\\\/#breadcrumb\"},\"inLanguage\":\"es\",\"potentialAction\":[{\"@type\":\"ReadAction\",\"target\":[\"https:\\\/\\\/www.eldiario.net\\\/portal\\\/2024\\\/06\\\/11\\\/anuncian-audiencia-de-conciliacion-a-diputadas-que-protagonizaron-gresca\\\/\"]}]},{\"@type\":\"ImageObject\",\"inLanguage\":\"es\",\"@id\":\"https:\\\/\\\/www.eldiario.net\\\/portal\\\/2024\\\/06\\\/11\\\/anuncian-audiencia-de-conciliacion-a-diputadas-que-protagonizaron-gresca\\\/#primaryimage\",\"url\":\"https:\\\/\\\/www.eldiario.net\\\/portal\\\/wp-content\\\/uploads\\\/2024\\\/06\\\/SESION-FOTO.jpg\",\"contentUrl\":\"https:\\\/\\\/www.eldiario.net\\\/portal\\\/wp-content\\\/uploads\\\/2024\\\/06\\\/SESION-FOTO.jpg\",\"width\":1297,\"height\":1000,\"caption\":\"La agresi\u00f3n que sufri\u00f3 la diputada Mayra Zalles, el hecho ocurri\u00f3 el 22 de febrero. FOTO: ERBOL\"},{\"@type\":\"BreadcrumbList\",\"@id\":\"https:\\\/\\\/www.eldiario.net\\\/portal\\\/2024\\\/06\\\/11\\\/anuncian-audiencia-de-conciliacion-a-diputadas-que-protagonizaron-gresca\\\/#breadcrumb\",\"itemListElement\":[{\"@type\":\"ListItem\",\"position\":1,\"name\":\"Portada\",\"item\":\"https:\\\/\\\/www.eldiario.net\\\/portal\\\/\"},{\"@type\":\"ListItem\",\"position\":2,\"name\":\"Anuncian audiencia de conciliaci\u00f3n a diputadas que protagonizaron gresca\"}]},{\"@type\":\"WebSite\",\"@id\":\"https:\\\/\\\/www.eldiario.net\\\/portal\\\/#website\",\"url\":\"https:\\\/\\\/www.eldiario.net\\\/portal\\\/\",\"name\":\"El Diario - Decano de la prensa nacional\",\"description\":\"El Diario - Decano de la prensa nacional\",\"publisher\":{\"@id\":\"https:\\\/\\\/www.eldiario.net\\\/portal\\\/#organization\"},\"potentialAction\":[{\"@type\":\"SearchAction\",\"target\":{\"@type\":\"EntryPoint\",\"urlTemplate\":\"https:\\\/\\\/www.eldiario.net\\\/portal\\\/?s={search_term_string}\"},\"query-input\":{\"@type\":\"PropertyValueSpecification\",\"valueRequired\":true,\"valueName\":\"search_term_string\"}}],\"inLanguage\":\"es\"},{\"@type\":\"Organization\",\"@id\":\"https:\\\/\\\/www.eldiario.net\\\/portal\\\/#organization\",\"name\":\"El Diario - Decano de la prensa nacional\",\"url\":\"https:\\\/\\\/www.eldiario.net\\\/portal\\\/\",\"logo\":{\"@type\":\"ImageObject\",\"inLanguage\":\"es\",\"@id\":\"https:\\\/\\\/www.eldiario.net\\\/portal\\\/#\\\/schema\\\/logo\\\/image\\\/\",\"url\":\"https:\\\/\\\/www.eldiario.net\\\/portal\\\/wp-content\\\/uploads\\\/2023\\\/07\\\/logo_ED.jpg\",\"contentUrl\":\"https:\\\/\\\/www.eldiario.net\\\/portal\\\/wp-content\\\/uploads\\\/2023\\\/07\\\/logo_ED.jpg\",\"width\":272,\"height\":52,\"caption\":\"El Diario - Decano de la prensa nacional\"},\"image\":{\"@id\":\"https:\\\/\\\/www.eldiario.net\\\/portal\\\/#\\\/schema\\\/logo\\\/image\\\/\"},\"sameAs\":[\"https:\\\/\\\/www.facebook.com\\\/eldiario.bolivia\\\/\",\"https:\\\/\\\/x.com\\\/eldiario_net\"]},{\"@type\":\"Person\",\"@id\":\"https:\\\/\\\/www.eldiario.net\\\/portal\\\/#\\\/schema\\\/person\\\/f46445640444750d7d753ccd04ae01b7\",\"name\":\"Jeanette\",\"image\":{\"@type\":\"ImageObject\",\"inLanguage\":\"es\",\"@id\":\"https:\\\/\\\/secure.gravatar.com\\\/avatar\\\/3ea2118a5f7dad2b7138b1187a6b7ee55f160b9968b66013c3a3ef39dd7e5798?s=96&d=mm&r=g\",\"url\":\"https:\\\/\\\/secure.gravatar.com\\\/avatar\\\/3ea2118a5f7dad2b7138b1187a6b7ee55f160b9968b66013c3a3ef39dd7e5798?s=96&d=mm&r=g\",\"contentUrl\":\"https:\\\/\\\/secure.gravatar.com\\\/avatar\\\/3ea2118a5f7dad2b7138b1187a6b7ee55f160b9968b66013c3a3ef39dd7e5798?s=96&d=mm&r=g\",\"caption\":\"Jeanette\"},\"sameAs\":[\"https:\\\/\\\/www.eldiario.net\\\/portal\"],\"url\":\"https:\\\/\\\/www.eldiario.net\\\/portal\\\/author\\\/jeanette\\\/\"}]}<\/script>\n<!-- \/ Yoast SEO plugin. -->","yoast_head_json":{"title":"Anuncian audiencia de conciliaci\u00f3n a diputadas que protagonizaron gresca - El Diario - Bolivia","robots":{"index":"index","follow":"follow","max-snippet":"max-snippet:-1","max-image-preview":"max-image-preview:large","max-video-preview":"max-video-preview:-1"},"canonical":"https:\/\/www.eldiario.net\/portal\/2024\/06\/11\/anuncian-audiencia-de-conciliacion-a-diputadas-que-protagonizaron-gresca\/","og_locale":"es_ES","og_type":"article","og_title":"Anuncian audiencia de conciliaci\u00f3n a diputadas que protagonizaron gresca - El Diario - Bolivia","og_description":"La Fiscal\u00eda invit\u00f3 para hoy a una audiencia de conciliaci\u00f3n a la diputada denunciante Mayra Zalles, de Comunidad Ciudadana (CC), y Gloria Callisaya del MAS, presunta agresora, por el episodio bochornoso que ocurri\u00f3 durante la sesi\u00f3n del pasado 22 de febrero. El abogado Ricardo Rodr\u00edguez, defensa de la legisladora de CC, confirm\u00f3 la notificaci\u00f3n emitida [&hellip;]","og_url":"https:\/\/www.eldiario.net\/portal\/2024\/06\/11\/anuncian-audiencia-de-conciliacion-a-diputadas-que-protagonizaron-gresca\/","og_site_name":"El Diario - Bolivia","article_publisher":"https:\/\/www.facebook.com\/eldiario.bolivia\/","article_published_time":"2024-06-11T10:12:29+00:00","og_image":[{"width":1297,"height":1000,"url":"https:\/\/www.eldiario.net\/portal\/wp-content\/uploads\/2024\/06\/SESION-FOTO.jpg","type":"image\/jpeg"}],"author":"Jeanette","twitter_card":"summary_large_image","twitter_creator":"@eldiario_net","twitter_site":"@eldiario_net","twitter_misc":{"Escrito por":"Jeanette","Tiempo de lectura":"2 minutos"},"schema":{"@context":"https:\/\/schema.org","@graph":[{"@type":"Article","@id":"https:\/\/www.eldiario.net\/portal\/2024\/06\/11\/anuncian-audiencia-de-conciliacion-a-diputadas-que-protagonizaron-gresca\/#article","isPartOf":{"@id":"https:\/\/www.eldiario.net\/portal\/2024\/06\/11\/anuncian-audiencia-de-conciliacion-a-diputadas-que-protagonizaron-gresca\/"},"author":{"name":"Jeanette","@id":"https:\/\/www.eldiario.net\/portal\/#\/schema\/person\/f46445640444750d7d753ccd04ae01b7"},"headline":"Anuncian audiencia de conciliaci\u00f3n a diputadas que protagonizaron gresca","datePublished":"2024-06-11T10:12:29+00:00","mainEntityOfPage":{"@id":"https:\/\/www.eldiario.net\/portal\/2024\/06\/11\/anuncian-audiencia-de-conciliacion-a-diputadas-que-protagonizaron-gresca\/"},"wordCount":234,"commentCount":0,"publisher":{"@id":"https:\/\/www.eldiario.net\/portal\/#organization"},"image":{"@id":"https:\/\/www.eldiario.net\/portal\/2024\/06\/11\/anuncian-audiencia-de-conciliacion-a-diputadas-que-protagonizaron-gresca\/#primaryimage"},"thumbnailUrl":"https:\/\/www.eldiario.net\/portal\/wp-content\/uploads\/2024\/06\/SESION-FOTO.jpg","articleSection":["Sociedad - Seguridad"],"inLanguage":"es","potentialAction":[{"@type":"CommentAction","name":"Comment","target":["https:\/\/www.eldiario.net\/portal\/2024\/06\/11\/anuncian-audiencia-de-conciliacion-a-diputadas-que-protagonizaron-gresca\/#respond"]}]},{"@type":"WebPage","@id":"https:\/\/www.eldiario.net\/portal\/2024\/06\/11\/anuncian-audiencia-de-conciliacion-a-diputadas-que-protagonizaron-gresca\/","url":"https:\/\/www.eldiario.net\/portal\/2024\/06\/11\/anuncian-audiencia-de-conciliacion-a-diputadas-que-protagonizaron-gresca\/","name":"Anuncian audiencia de conciliaci\u00f3n a diputadas que protagonizaron gresca - El Diario - Bolivia","isPartOf":{"@id":"https:\/\/www.eldiario.net\/portal\/#website"},"primaryImageOfPage":{"@id":"https:\/\/www.eldiario.net\/portal\/2024\/06\/11\/anuncian-audiencia-de-conciliacion-a-diputadas-que-protagonizaron-gresca\/#primaryimage"},"image":{"@id":"https:\/\/www.eldiario.net\/portal\/2024\/06\/11\/anuncian-audiencia-de-conciliacion-a-diputadas-que-protagonizaron-gresca\/#primaryimage"},"thumbnailUrl":"https:\/\/www.eldiario.net\/portal\/wp-content\/uploads\/2024\/06\/SESION-FOTO.jpg","datePublished":"2024-06-11T10:12:29+00:00","breadcrumb":{"@id":"https:\/\/www.eldiario.net\/portal\/2024\/06\/11\/anuncian-audiencia-de-conciliacion-a-diputadas-que-protagonizaron-gresca\/#breadcrumb"},"inLanguage":"es","potentialAction":[{"@type":"ReadAction","target":["https:\/\/www.eldiario.net\/portal\/2024\/06\/11\/anuncian-audiencia-de-conciliacion-a-diputadas-que-protagonizaron-gresca\/"]}]},{"@type":"ImageObject","inLanguage":"es","@id":"https:\/\/www.eldiario.net\/portal\/2024\/06\/11\/anuncian-audiencia-de-conciliacion-a-diputadas-que-protagonizaron-gresca\/#primaryimage","url":"https:\/\/www.eldiario.net\/portal\/wp-content\/uploads\/2024\/06\/SESION-FOTO.jpg","contentUrl":"https:\/\/www.eldiario.net\/portal\/wp-content\/uploads\/2024\/06\/SESION-FOTO.jpg","width":1297,"height":1000,"caption":"La agresi\u00f3n que sufri\u00f3 la diputada Mayra Zalles, el hecho ocurri\u00f3 el 22 de febrero. FOTO: ERBOL"},{"@type":"BreadcrumbList","@id":"https:\/\/www.eldiario.net\/portal\/2024\/06\/11\/anuncian-audiencia-de-conciliacion-a-diputadas-que-protagonizaron-gresca\/#breadcrumb","itemListElement":[{"@type":"ListItem","position":1,"name":"Portada","item":"https:\/\/www.eldiario.net\/portal\/"},{"@type":"ListItem","position":2,"name":"Anuncian audiencia de conciliaci\u00f3n a diputadas que protagonizaron gresca"}]},{"@type":"WebSite","@id":"https:\/\/www.eldiario.net\/portal\/#website","url":"https:\/\/www.eldiario.net\/portal\/","name":"El Diario - Decano de la prensa nacional","description":"El Diario - Decano de la prensa nacional","publisher":{"@id":"https:\/\/www.eldiario.net\/portal\/#organization"},"potentialAction":[{"@type":"SearchAction","target":{"@type":"EntryPoint","urlTemplate":"https:\/\/www.eldiario.net\/portal\/?s={search_term_string}"},"query-input":{"@type":"PropertyValueSpecification","valueRequired":true,"valueName":"search_term_string"}}],"inLanguage":"es"},{"@type":"Organization","@id":"https:\/\/www.eldiario.net\/portal\/#organization","name":"El Diario - Decano de la prensa nacional","url":"https:\/\/www.eldiario.net\/portal\/","logo":{"@type":"ImageObject","inLanguage":"es","@id":"https:\/\/www.eldiario.net\/portal\/#\/schema\/logo\/image\/","url":"https:\/\/www.eldiario.net\/portal\/wp-content\/uploads\/2023\/07\/logo_ED.jpg","contentUrl":"https:\/\/www.eldiario.net\/portal\/wp-content\/uploads\/2023\/07\/logo_ED.jpg","width":272,"height":52,"caption":"El Diario - Decano de la prensa nacional"},"image":{"@id":"https:\/\/www.eldiario.net\/portal\/#\/schema\/logo\/image\/"},"sameAs":["https:\/\/www.facebook.com\/eldiario.bolivia\/","https:\/\/x.com\/eldiario_net"]},{"@type":"Person","@id":"https:\/\/www.eldiario.net\/portal\/#\/schema\/person\/f46445640444750d7d753ccd04ae01b7","name":"Jeanette","image":{"@type":"ImageObject","inLanguage":"es","@id":"https:\/\/secure.gravatar.com\/avatar\/3ea2118a5f7dad2b7138b1187a6b7ee55f160b9968b66013c3a3ef39dd7e5798?s=96&d=mm&r=g","url":"https:\/\/secure.gravatar.com\/avatar\/3ea2118a5f7dad2b7138b1187a6b7ee55f160b9968b66013c3a3ef39dd7e5798?s=96&d=mm&r=g","contentUrl":"https:\/\/secure.gravatar.com\/avatar\/3ea2118a5f7dad2b7138b1187a6b7ee55f160b9968b66013c3a3ef39dd7e5798?s=96&d=mm&r=g","caption":"Jeanette"},"sameAs":["https:\/\/www.eldiario.net\/portal"],"url":"https:\/\/www.eldiario.net\/portal\/author\/jeanette\/"}]}},"_links":{"self":[{"href":"https:\/\/www.eldiario.net\/portal\/wp-json\/wp\/v2\/posts\/226341","targetHints":{"allow":["GET"]}}],"collection":[{"href":"https:\/\/www.eldiario.net\/portal\/wp-json\/wp\/v2\/posts"}],"about":[{"href":"https:\/\/www.eldiario.net\/portal\/wp-json\/wp\/v2\/types\/post"}],"author":[{"embeddable":true,"href":"https:\/\/www.eldiario.net\/portal\/wp-json\/wp\/v2\/users\/1"}],"replies":[{"embeddable":true,"href":"https:\/\/www.eldiario.net\/portal\/wp-json\/wp\/v2\/comments?post=226341"}],"version-history":[{"count":1,"href":"https:\/\/www.eldiario.net\/portal\/wp-json\/wp\/v2\/posts\/226341\/revisions"}],"predecessor-version":[{"id":226343,"href":"https:\/\/www.eldiario.net\/portal\/wp-json\/wp\/v2\/posts\/226341\/revisions\/226343"}],"wp:featuredmedia":[{"embeddable":true,"href":"https:\/\/www.eldiario.net\/portal\/wp-json\/wp\/v2\/media\/226342"}],"wp:attachment":[{"href":"https:\/\/www.eldiario.net\/portal\/wp-json\/wp\/v2\/media?parent=226341"}],"wp:term":[{"taxonomy":"category","embeddable":true,"href":"https:\/\/www.eldiario.net\/portal\/wp-json\/wp\/v2\/categories?post=226341"},{"taxonomy":"post_tag","embeddable":true,"href":"https:\/\/www.eldiario.net\/portal\/wp-json\/wp\/v2\/tags?post=226341"}],"curies":[{"name":"wp","href":"https:\/\/api.w.org\/{rel}","templated":true}]}}