{"id":226338,"date":"2024-06-11T06:12:03","date_gmt":"2024-06-11T10:12:03","guid":{"rendered":"https:\/\/www.eldiario.net\/portal\/?p=226338"},"modified":"2024-06-11T06:12:03","modified_gmt":"2024-06-11T10:12:03","slug":"policia-gasifica-a-transportistas-que-instalaron-un-bloqueo","status":"publish","type":"post","link":"https:\/\/www.eldiario.net\/portal\/2024\/06\/11\/policia-gasifica-a-transportistas-que-instalaron-un-bloqueo\/","title":{"rendered":"Polic\u00eda gasifica a transportistas  que instalaron un bloqueo"},"content":{"rendered":"<p>Pasadas las 17:30 horas de ayer, la Polic\u00eda comenz\u00f3 una gasificaci\u00f3n a transportistas del sector pesado federado, que instalaron un bloqueo en la doble v\u00eda La Paz &#8211; Oruro, cerca de Vilaque, protestando por la falta de d\u00f3lares y el irregular abastecimiento de combustible.<\/p>\n<p>Los transportistas activaron un bloqueo con sus camiones a la altura del peaje Vilaque, en se\u00f1al de protesta.<\/p>\n<p>Cerca de las 17:00 horas lleg\u00f3 un numeroso contingente policial hasta el punto de la vigilia que instalaron los transportistas. Un jefe policial lleg\u00f3 hasta el lugar para tratar de disuadir a los dirigentes.<\/p>\n<p>\u201dEn Ivirgarzama est\u00e1n bloqueando, por qu\u00e9 no desbloquean all\u00e1. Nosotros aqu\u00ed estamos luchando por todos, por el tema de di\u00e9sel que nos afecta a todos\u201d, manifest\u00f3 un transportista que convers\u00f3 con el jefe policial.<\/p>\n<p>Media hora m\u00e1s tarde, los uniformados comenzaron el operativo para desbloquear la carretera, que conecta a La Paz con Oruro.<\/p>\n<p>Los polic\u00edas utilizaron agentes qu\u00edmicos para dispersar a los manifestantes y desbloquear la v\u00eda. Desde el otro lado, se lanzaban piedras, para repelar a los uniformados que se acercaban al punto de bloqueo. (Con datos de Unitel)<\/p>\n","protected":false},"excerpt":{"rendered":"<p>Pasadas las 17:30 horas de ayer, la Polic\u00eda comenz\u00f3 una gasificaci\u00f3n a transportistas del sector pesado federado, que instalaron un bloqueo en la doble v\u00eda La Paz &#8211; Oruro, cerca de Vilaque, protestando por la falta de d\u00f3lares y el irregular abastecimiento de combustible. Los transportistas activaron un bloqueo con sus camiones a la altura [&hellip;]<\/p>\n","protected":false},"author":1,"featured_media":226339,"comment_status":"open","ping_status":"open","sticky":false,"template":"","format":"standard","meta":{"_acf_changed":false,"footnotes":""},"categories":[39],"tags":[],"class_list":["post-226338","post","type-post","status-publish","format-standard","has-post-thumbnail","category-sociedad"],"acf":{"antetitulo":""},"yoast_head":"<!-- This site is optimized with the Yoast SEO plugin v28.4 - https:\/\/yoast.com\/product\/yoast-seo-wordpress\/ -->\n<title>Polic\u00eda gasifica a transportistas que instalaron un bloqueo - El Diario - Bolivia<\/title>\n<meta name=\"robots\" content=\"index, follow, max-snippet:-1, max-image-preview:large, max-video-preview:-1\" \/>\n<link rel=\"canonical\" href=\"https:\/\/www.eldiario.net\/portal\/2024\/06\/11\/policia-gasifica-a-transportistas-que-instalaron-un-bloqueo\/\" \/>\n<meta property=\"og:locale\" content=\"es_ES\" \/>\n<meta property=\"og:type\" content=\"article\" \/>\n<meta property=\"og:title\" content=\"Polic\u00eda gasifica a transportistas que instalaron un bloqueo - El Diario - Bolivia\" \/>\n<meta property=\"og:description\" content=\"Pasadas las 17:30 horas de ayer, la Polic\u00eda comenz\u00f3 una gasificaci\u00f3n a transportistas del sector pesado federado, que instalaron un bloqueo en la doble v\u00eda La Paz &#8211; Oruro, cerca de Vilaque, protestando por la falta de d\u00f3lares y el irregular abastecimiento de combustible. Los transportistas activaron un bloqueo con sus camiones a la altura [&hellip;]\" \/>\n<meta property=\"og:url\" content=\"https:\/\/www.eldiario.net\/portal\/2024\/06\/11\/policia-gasifica-a-transportistas-que-instalaron-un-bloqueo\/\" \/>\n<meta property=\"og:site_name\" content=\"El Diario - Bolivia\" \/>\n<meta property=\"article:publisher\" content=\"https:\/\/www.facebook.com\/eldiario.bolivia\/\" \/>\n<meta property=\"article:published_time\" content=\"2024-06-11T10:12:03+00:00\" \/>\n<meta property=\"og:image\" content=\"https:\/\/www.eldiario.net\/portal\/wp-content\/uploads\/2024\/06\/TRANSPO-FOTO.jpg\" \/>\n\t<meta property=\"og:image:width\" content=\"1200\" \/>\n\t<meta property=\"og:image:height\" content=\"511\" \/>\n\t<meta property=\"og:image:type\" content=\"image\/jpeg\" \/>\n<meta name=\"author\" content=\"Jeanette\" \/>\n<meta name=\"twitter:card\" content=\"summary_large_image\" \/>\n<meta name=\"twitter:creator\" content=\"@eldiario_net\" \/>\n<meta name=\"twitter:site\" content=\"@eldiario_net\" \/>\n<meta name=\"twitter:label1\" content=\"Escrito por\" \/>\n\t<meta name=\"twitter:data1\" content=\"Jeanette\" \/>\n\t<meta name=\"twitter:label2\" content=\"Tiempo de lectura\" \/>\n\t<meta name=\"twitter:data2\" content=\"2 minutos\" \/>\n<script type=\"application\/ld+json\" class=\"yoast-schema-graph\">{\"@context\":\"https:\\\/\\\/schema.org\",\"@graph\":[{\"@type\":\"Article\",\"@id\":\"https:\\\/\\\/www.eldiario.net\\\/portal\\\/2024\\\/06\\\/11\\\/policia-gasifica-a-transportistas-que-instalaron-un-bloqueo\\\/#article\",\"isPartOf\":{\"@id\":\"https:\\\/\\\/www.eldiario.net\\\/portal\\\/2024\\\/06\\\/11\\\/policia-gasifica-a-transportistas-que-instalaron-un-bloqueo\\\/\"},\"author\":{\"name\":\"Jeanette\",\"@id\":\"https:\\\/\\\/www.eldiario.net\\\/portal\\\/#\\\/schema\\\/person\\\/f46445640444750d7d753ccd04ae01b7\"},\"headline\":\"Polic\u00eda gasifica a transportistas que instalaron un bloqueo\",\"datePublished\":\"2024-06-11T10:12:03+00:00\",\"mainEntityOfPage\":{\"@id\":\"https:\\\/\\\/www.eldiario.net\\\/portal\\\/2024\\\/06\\\/11\\\/policia-gasifica-a-transportistas-que-instalaron-un-bloqueo\\\/\"},\"wordCount\":205,\"commentCount\":0,\"publisher\":{\"@id\":\"https:\\\/\\\/www.eldiario.net\\\/portal\\\/#organization\"},\"image\":{\"@id\":\"https:\\\/\\\/www.eldiario.net\\\/portal\\\/2024\\\/06\\\/11\\\/policia-gasifica-a-transportistas-que-instalaron-un-bloqueo\\\/#primaryimage\"},\"thumbnailUrl\":\"https:\\\/\\\/www.eldiario.net\\\/portal\\\/wp-content\\\/uploads\\\/2024\\\/06\\\/TRANSPO-FOTO.jpg\",\"articleSection\":[\"Sociedad - Seguridad\"],\"inLanguage\":\"es\",\"potentialAction\":[{\"@type\":\"CommentAction\",\"name\":\"Comment\",\"target\":[\"https:\\\/\\\/www.eldiario.net\\\/portal\\\/2024\\\/06\\\/11\\\/policia-gasifica-a-transportistas-que-instalaron-un-bloqueo\\\/#respond\"]}]},{\"@type\":\"WebPage\",\"@id\":\"https:\\\/\\\/www.eldiario.net\\\/portal\\\/2024\\\/06\\\/11\\\/policia-gasifica-a-transportistas-que-instalaron-un-bloqueo\\\/\",\"url\":\"https:\\\/\\\/www.eldiario.net\\\/portal\\\/2024\\\/06\\\/11\\\/policia-gasifica-a-transportistas-que-instalaron-un-bloqueo\\\/\",\"name\":\"Polic\u00eda gasifica a transportistas que instalaron un bloqueo - El Diario - Bolivia\",\"isPartOf\":{\"@id\":\"https:\\\/\\\/www.eldiario.net\\\/portal\\\/#website\"},\"primaryImageOfPage\":{\"@id\":\"https:\\\/\\\/www.eldiario.net\\\/portal\\\/2024\\\/06\\\/11\\\/policia-gasifica-a-transportistas-que-instalaron-un-bloqueo\\\/#primaryimage\"},\"image\":{\"@id\":\"https:\\\/\\\/www.eldiario.net\\\/portal\\\/2024\\\/06\\\/11\\\/policia-gasifica-a-transportistas-que-instalaron-un-bloqueo\\\/#primaryimage\"},\"thumbnailUrl\":\"https:\\\/\\\/www.eldiario.net\\\/portal\\\/wp-content\\\/uploads\\\/2024\\\/06\\\/TRANSPO-FOTO.jpg\",\"datePublished\":\"2024-06-11T10:12:03+00:00\",\"breadcrumb\":{\"@id\":\"https:\\\/\\\/www.eldiario.net\\\/portal\\\/2024\\\/06\\\/11\\\/policia-gasifica-a-transportistas-que-instalaron-un-bloqueo\\\/#breadcrumb\"},\"inLanguage\":\"es\",\"potentialAction\":[{\"@type\":\"ReadAction\",\"target\":[\"https:\\\/\\\/www.eldiario.net\\\/portal\\\/2024\\\/06\\\/11\\\/policia-gasifica-a-transportistas-que-instalaron-un-bloqueo\\\/\"]}]},{\"@type\":\"ImageObject\",\"inLanguage\":\"es\",\"@id\":\"https:\\\/\\\/www.eldiario.net\\\/portal\\\/2024\\\/06\\\/11\\\/policia-gasifica-a-transportistas-que-instalaron-un-bloqueo\\\/#primaryimage\",\"url\":\"https:\\\/\\\/www.eldiario.net\\\/portal\\\/wp-content\\\/uploads\\\/2024\\\/06\\\/TRANSPO-FOTO.jpg\",\"contentUrl\":\"https:\\\/\\\/www.eldiario.net\\\/portal\\\/wp-content\\\/uploads\\\/2024\\\/06\\\/TRANSPO-FOTO.jpg\",\"width\":1200,\"height\":511,\"caption\":\"Minutos antes de la gasificaci\u00f3n, la Polic\u00eda pidi\u00f3 a los choferes levantar su medida de presi\u00f3n. FOTO: UNITEL\"},{\"@type\":\"BreadcrumbList\",\"@id\":\"https:\\\/\\\/www.eldiario.net\\\/portal\\\/2024\\\/06\\\/11\\\/policia-gasifica-a-transportistas-que-instalaron-un-bloqueo\\\/#breadcrumb\",\"itemListElement\":[{\"@type\":\"ListItem\",\"position\":1,\"name\":\"Portada\",\"item\":\"https:\\\/\\\/www.eldiario.net\\\/portal\\\/\"},{\"@type\":\"ListItem\",\"position\":2,\"name\":\"Polic\u00eda gasifica a transportistas que instalaron un bloqueo\"}]},{\"@type\":\"WebSite\",\"@id\":\"https:\\\/\\\/www.eldiario.net\\\/portal\\\/#website\",\"url\":\"https:\\\/\\\/www.eldiario.net\\\/portal\\\/\",\"name\":\"El Diario - Decano de la prensa nacional\",\"description\":\"El Diario - Decano de la prensa nacional\",\"publisher\":{\"@id\":\"https:\\\/\\\/www.eldiario.net\\\/portal\\\/#organization\"},\"potentialAction\":[{\"@type\":\"SearchAction\",\"target\":{\"@type\":\"EntryPoint\",\"urlTemplate\":\"https:\\\/\\\/www.eldiario.net\\\/portal\\\/?s={search_term_string}\"},\"query-input\":{\"@type\":\"PropertyValueSpecification\",\"valueRequired\":true,\"valueName\":\"search_term_string\"}}],\"inLanguage\":\"es\"},{\"@type\":\"Organization\",\"@id\":\"https:\\\/\\\/www.eldiario.net\\\/portal\\\/#organization\",\"name\":\"El Diario - Decano de la prensa nacional\",\"url\":\"https:\\\/\\\/www.eldiario.net\\\/portal\\\/\",\"logo\":{\"@type\":\"ImageObject\",\"inLanguage\":\"es\",\"@id\":\"https:\\\/\\\/www.eldiario.net\\\/portal\\\/#\\\/schema\\\/logo\\\/image\\\/\",\"url\":\"https:\\\/\\\/www.eldiario.net\\\/portal\\\/wp-content\\\/uploads\\\/2023\\\/07\\\/logo_ED.jpg\",\"contentUrl\":\"https:\\\/\\\/www.eldiario.net\\\/portal\\\/wp-content\\\/uploads\\\/2023\\\/07\\\/logo_ED.jpg\",\"width\":272,\"height\":52,\"caption\":\"El Diario - Decano de la prensa nacional\"},\"image\":{\"@id\":\"https:\\\/\\\/www.eldiario.net\\\/portal\\\/#\\\/schema\\\/logo\\\/image\\\/\"},\"sameAs\":[\"https:\\\/\\\/www.facebook.com\\\/eldiario.bolivia\\\/\",\"https:\\\/\\\/x.com\\\/eldiario_net\"]},{\"@type\":\"Person\",\"@id\":\"https:\\\/\\\/www.eldiario.net\\\/portal\\\/#\\\/schema\\\/person\\\/f46445640444750d7d753ccd04ae01b7\",\"name\":\"Jeanette\",\"image\":{\"@type\":\"ImageObject\",\"inLanguage\":\"es\",\"@id\":\"https:\\\/\\\/secure.gravatar.com\\\/avatar\\\/3ea2118a5f7dad2b7138b1187a6b7ee55f160b9968b66013c3a3ef39dd7e5798?s=96&d=mm&r=g\",\"url\":\"https:\\\/\\\/secure.gravatar.com\\\/avatar\\\/3ea2118a5f7dad2b7138b1187a6b7ee55f160b9968b66013c3a3ef39dd7e5798?s=96&d=mm&r=g\",\"contentUrl\":\"https:\\\/\\\/secure.gravatar.com\\\/avatar\\\/3ea2118a5f7dad2b7138b1187a6b7ee55f160b9968b66013c3a3ef39dd7e5798?s=96&d=mm&r=g\",\"caption\":\"Jeanette\"},\"sameAs\":[\"https:\\\/\\\/www.eldiario.net\\\/portal\"],\"url\":\"https:\\\/\\\/www.eldiario.net\\\/portal\\\/author\\\/jeanette\\\/\"}]}<\/script>\n<!-- \/ Yoast SEO plugin. -->","yoast_head_json":{"title":"Polic\u00eda gasifica a transportistas que instalaron un bloqueo - El Diario - Bolivia","robots":{"index":"index","follow":"follow","max-snippet":"max-snippet:-1","max-image-preview":"max-image-preview:large","max-video-preview":"max-video-preview:-1"},"canonical":"https:\/\/www.eldiario.net\/portal\/2024\/06\/11\/policia-gasifica-a-transportistas-que-instalaron-un-bloqueo\/","og_locale":"es_ES","og_type":"article","og_title":"Polic\u00eda gasifica a transportistas que instalaron un bloqueo - El Diario - Bolivia","og_description":"Pasadas las 17:30 horas de ayer, la Polic\u00eda comenz\u00f3 una gasificaci\u00f3n a transportistas del sector pesado federado, que instalaron un bloqueo en la doble v\u00eda La Paz &#8211; Oruro, cerca de Vilaque, protestando por la falta de d\u00f3lares y el irregular abastecimiento de combustible. Los transportistas activaron un bloqueo con sus camiones a la altura [&hellip;]","og_url":"https:\/\/www.eldiario.net\/portal\/2024\/06\/11\/policia-gasifica-a-transportistas-que-instalaron-un-bloqueo\/","og_site_name":"El Diario - Bolivia","article_publisher":"https:\/\/www.facebook.com\/eldiario.bolivia\/","article_published_time":"2024-06-11T10:12:03+00:00","og_image":[{"width":1200,"height":511,"url":"https:\/\/www.eldiario.net\/portal\/wp-content\/uploads\/2024\/06\/TRANSPO-FOTO.jpg","type":"image\/jpeg"}],"author":"Jeanette","twitter_card":"summary_large_image","twitter_creator":"@eldiario_net","twitter_site":"@eldiario_net","twitter_misc":{"Escrito por":"Jeanette","Tiempo de lectura":"2 minutos"},"schema":{"@context":"https:\/\/schema.org","@graph":[{"@type":"Article","@id":"https:\/\/www.eldiario.net\/portal\/2024\/06\/11\/policia-gasifica-a-transportistas-que-instalaron-un-bloqueo\/#article","isPartOf":{"@id":"https:\/\/www.eldiario.net\/portal\/2024\/06\/11\/policia-gasifica-a-transportistas-que-instalaron-un-bloqueo\/"},"author":{"name":"Jeanette","@id":"https:\/\/www.eldiario.net\/portal\/#\/schema\/person\/f46445640444750d7d753ccd04ae01b7"},"headline":"Polic\u00eda gasifica a transportistas que instalaron un bloqueo","datePublished":"2024-06-11T10:12:03+00:00","mainEntityOfPage":{"@id":"https:\/\/www.eldiario.net\/portal\/2024\/06\/11\/policia-gasifica-a-transportistas-que-instalaron-un-bloqueo\/"},"wordCount":205,"commentCount":0,"publisher":{"@id":"https:\/\/www.eldiario.net\/portal\/#organization"},"image":{"@id":"https:\/\/www.eldiario.net\/portal\/2024\/06\/11\/policia-gasifica-a-transportistas-que-instalaron-un-bloqueo\/#primaryimage"},"thumbnailUrl":"https:\/\/www.eldiario.net\/portal\/wp-content\/uploads\/2024\/06\/TRANSPO-FOTO.jpg","articleSection":["Sociedad - Seguridad"],"inLanguage":"es","potentialAction":[{"@type":"CommentAction","name":"Comment","target":["https:\/\/www.eldiario.net\/portal\/2024\/06\/11\/policia-gasifica-a-transportistas-que-instalaron-un-bloqueo\/#respond"]}]},{"@type":"WebPage","@id":"https:\/\/www.eldiario.net\/portal\/2024\/06\/11\/policia-gasifica-a-transportistas-que-instalaron-un-bloqueo\/","url":"https:\/\/www.eldiario.net\/portal\/2024\/06\/11\/policia-gasifica-a-transportistas-que-instalaron-un-bloqueo\/","name":"Polic\u00eda gasifica a transportistas que instalaron un bloqueo - El Diario - Bolivia","isPartOf":{"@id":"https:\/\/www.eldiario.net\/portal\/#website"},"primaryImageOfPage":{"@id":"https:\/\/www.eldiario.net\/portal\/2024\/06\/11\/policia-gasifica-a-transportistas-que-instalaron-un-bloqueo\/#primaryimage"},"image":{"@id":"https:\/\/www.eldiario.net\/portal\/2024\/06\/11\/policia-gasifica-a-transportistas-que-instalaron-un-bloqueo\/#primaryimage"},"thumbnailUrl":"https:\/\/www.eldiario.net\/portal\/wp-content\/uploads\/2024\/06\/TRANSPO-FOTO.jpg","datePublished":"2024-06-11T10:12:03+00:00","breadcrumb":{"@id":"https:\/\/www.eldiario.net\/portal\/2024\/06\/11\/policia-gasifica-a-transportistas-que-instalaron-un-bloqueo\/#breadcrumb"},"inLanguage":"es","potentialAction":[{"@type":"ReadAction","target":["https:\/\/www.eldiario.net\/portal\/2024\/06\/11\/policia-gasifica-a-transportistas-que-instalaron-un-bloqueo\/"]}]},{"@type":"ImageObject","inLanguage":"es","@id":"https:\/\/www.eldiario.net\/portal\/2024\/06\/11\/policia-gasifica-a-transportistas-que-instalaron-un-bloqueo\/#primaryimage","url":"https:\/\/www.eldiario.net\/portal\/wp-content\/uploads\/2024\/06\/TRANSPO-FOTO.jpg","contentUrl":"https:\/\/www.eldiario.net\/portal\/wp-content\/uploads\/2024\/06\/TRANSPO-FOTO.jpg","width":1200,"height":511,"caption":"Minutos antes de la gasificaci\u00f3n, la Polic\u00eda pidi\u00f3 a los choferes levantar su medida de presi\u00f3n. FOTO: UNITEL"},{"@type":"BreadcrumbList","@id":"https:\/\/www.eldiario.net\/portal\/2024\/06\/11\/policia-gasifica-a-transportistas-que-instalaron-un-bloqueo\/#breadcrumb","itemListElement":[{"@type":"ListItem","position":1,"name":"Portada","item":"https:\/\/www.eldiario.net\/portal\/"},{"@type":"ListItem","position":2,"name":"Polic\u00eda gasifica a transportistas que instalaron un bloqueo"}]},{"@type":"WebSite","@id":"https:\/\/www.eldiario.net\/portal\/#website","url":"https:\/\/www.eldiario.net\/portal\/","name":"El Diario - Decano de la prensa nacional","description":"El Diario - Decano de la prensa nacional","publisher":{"@id":"https:\/\/www.eldiario.net\/portal\/#organization"},"potentialAction":[{"@type":"SearchAction","target":{"@type":"EntryPoint","urlTemplate":"https:\/\/www.eldiario.net\/portal\/?s={search_term_string}"},"query-input":{"@type":"PropertyValueSpecification","valueRequired":true,"valueName":"search_term_string"}}],"inLanguage":"es"},{"@type":"Organization","@id":"https:\/\/www.eldiario.net\/portal\/#organization","name":"El Diario - Decano de la prensa nacional","url":"https:\/\/www.eldiario.net\/portal\/","logo":{"@type":"ImageObject","inLanguage":"es","@id":"https:\/\/www.eldiario.net\/portal\/#\/schema\/logo\/image\/","url":"https:\/\/www.eldiario.net\/portal\/wp-content\/uploads\/2023\/07\/logo_ED.jpg","contentUrl":"https:\/\/www.eldiario.net\/portal\/wp-content\/uploads\/2023\/07\/logo_ED.jpg","width":272,"height":52,"caption":"El Diario - Decano de la prensa nacional"},"image":{"@id":"https:\/\/www.eldiario.net\/portal\/#\/schema\/logo\/image\/"},"sameAs":["https:\/\/www.facebook.com\/eldiario.bolivia\/","https:\/\/x.com\/eldiario_net"]},{"@type":"Person","@id":"https:\/\/www.eldiario.net\/portal\/#\/schema\/person\/f46445640444750d7d753ccd04ae01b7","name":"Jeanette","image":{"@type":"ImageObject","inLanguage":"es","@id":"https:\/\/secure.gravatar.com\/avatar\/3ea2118a5f7dad2b7138b1187a6b7ee55f160b9968b66013c3a3ef39dd7e5798?s=96&d=mm&r=g","url":"https:\/\/secure.gravatar.com\/avatar\/3ea2118a5f7dad2b7138b1187a6b7ee55f160b9968b66013c3a3ef39dd7e5798?s=96&d=mm&r=g","contentUrl":"https:\/\/secure.gravatar.com\/avatar\/3ea2118a5f7dad2b7138b1187a6b7ee55f160b9968b66013c3a3ef39dd7e5798?s=96&d=mm&r=g","caption":"Jeanette"},"sameAs":["https:\/\/www.eldiario.net\/portal"],"url":"https:\/\/www.eldiario.net\/portal\/author\/jeanette\/"}]}},"_links":{"self":[{"href":"https:\/\/www.eldiario.net\/portal\/wp-json\/wp\/v2\/posts\/226338","targetHints":{"allow":["GET"]}}],"collection":[{"href":"https:\/\/www.eldiario.net\/portal\/wp-json\/wp\/v2\/posts"}],"about":[{"href":"https:\/\/www.eldiario.net\/portal\/wp-json\/wp\/v2\/types\/post"}],"author":[{"embeddable":true,"href":"https:\/\/www.eldiario.net\/portal\/wp-json\/wp\/v2\/users\/1"}],"replies":[{"embeddable":true,"href":"https:\/\/www.eldiario.net\/portal\/wp-json\/wp\/v2\/comments?post=226338"}],"version-history":[{"count":1,"href":"https:\/\/www.eldiario.net\/portal\/wp-json\/wp\/v2\/posts\/226338\/revisions"}],"predecessor-version":[{"id":226340,"href":"https:\/\/www.eldiario.net\/portal\/wp-json\/wp\/v2\/posts\/226338\/revisions\/226340"}],"wp:featuredmedia":[{"embeddable":true,"href":"https:\/\/www.eldiario.net\/portal\/wp-json\/wp\/v2\/media\/226339"}],"wp:attachment":[{"href":"https:\/\/www.eldiario.net\/portal\/wp-json\/wp\/v2\/media?parent=226338"}],"wp:term":[{"taxonomy":"category","embeddable":true,"href":"https:\/\/www.eldiario.net\/portal\/wp-json\/wp\/v2\/categories?post=226338"},{"taxonomy":"post_tag","embeddable":true,"href":"https:\/\/www.eldiario.net\/portal\/wp-json\/wp\/v2\/tags?post=226338"}],"curies":[{"name":"wp","href":"https:\/\/api.w.org\/{rel}","templated":true}]}}