{"id":226335,"date":"2024-06-11T06:10:34","date_gmt":"2024-06-11T10:10:34","guid":{"rendered":"https:\/\/www.eldiario.net\/portal\/?p=226335"},"modified":"2024-06-11T06:10:34","modified_gmt":"2024-06-11T10:10:34","slug":"caen-exportaciones-de-hidrocarburos-y-minerales","status":"publish","type":"post","link":"https:\/\/www.eldiario.net\/portal\/2024\/06\/11\/caen-exportaciones-de-hidrocarburos-y-minerales\/","title":{"rendered":"Caen exportaciones de  hidrocarburos y minerales"},"content":{"rendered":"<p>Las exportaciones bolivianas al primer trimestre del 2024 totalizaron 1.902 millones de d\u00f3lares por la venta de 2,6 millones de toneladas, registrando un descenso del 28% en valor y 11% en volumen en relaci\u00f3n con el mismo per\u00edodo del 2023. El valor de las ventas de productos tradicionales experiment\u00f3 una ca\u00edda del 33% mientras que su volumen descendi\u00f3 un 13%, asimismo, las exportaciones de productos no tradicionales disminuyeron un 7% en valor y 5% en volumen.<\/p>\n<p>Las comparaciones realizadas por el Instituto Boliviano de Comercio Exterior (IBCE) indican que las exportaciones a la fecha se\u00f1alada son bajas en relaci\u00f3n a 2018 y por encima del 2016 y 2017, respectivamente.<\/p>\n<p>El 2022 se registr\u00f3 la cifra m\u00e1s alta de los 9 a\u00f1os, con 3.337\u00a0 millones de d\u00f3lares, y el 2023 baj\u00f3 a 2.632 millones y en 2024 se redujo a 1.902 millones.\u00a0 Los precios no ayudaron mucho, pues la miner\u00eda a pesar de incrementar el volumen de venta, registr\u00f3 cifras negativas.<\/p>\n<p>Ni qu\u00e9 decir de los hidrocarburos, pues registr\u00f3 cifras negativas en volumen y exportaci\u00f3n, por la ca\u00edda de los precios del petr\u00f3leo en el mercado internacional, as\u00ed como por la reducci\u00f3n de la producci\u00f3n de gas.<\/p>\n<p>El saldo comercial acumulado de enero a marzo de la presente gesti\u00f3n fue negativo, 438,1 millones de d\u00f3lares y todas las actividades econ\u00f3micas han decrecido sus exportaciones respecto al 2023, principalmente la industria manufacturera (-42%).<\/p>\n<p>El principal producto exportado en este primer trimestre de 2024 fue el gas natural ($us. 444,8 millones). Esta cifra es menor en un 23% respecto al 2023, indic\u00f3 el presidente del Colegio Departamental de Economistas de Tarija, Fernando Romero, al analizar la informaci\u00f3n del comercio exterior publicado por el Instituto Nacional de Estad\u00edstica (INE).<\/p>\n<p>La importaci\u00f3n nacional igualmente decay\u00f3 en todas sus categor\u00edas econ\u00f3micas, destaca equipo de transporte y sus piezas, en -28,2%, mientras que la gasolina y di\u00e9sel, fueron los productos m\u00e1s importados del 2024, por 578,4 millones de d\u00f3lares.<\/p>\n<p>En los \u00faltimos 7 meses, tenemos un d\u00e9ficit comercial acumulado de 952 millones de d\u00f3lares se\u00f1al\u00f3.<\/p>\n","protected":false},"excerpt":{"rendered":"<p>Las exportaciones bolivianas al primer trimestre del 2024 totalizaron 1.902 millones de d\u00f3lares por la venta de 2,6 millones de toneladas, registrando un descenso del 28% en valor y 11% en volumen en relaci\u00f3n con el mismo per\u00edodo del 2023. El valor de las ventas de productos tradicionales experiment\u00f3 una ca\u00edda del 33% mientras que [&hellip;]<\/p>\n","protected":false},"author":1,"featured_media":226336,"comment_status":"open","ping_status":"open","sticky":false,"template":"","format":"standard","meta":{"_acf_changed":false,"footnotes":""},"categories":[17],"tags":[],"class_list":["post-226335","post","type-post","status-publish","format-standard","has-post-thumbnail","category-principal"],"acf":{"antetitulo":""},"yoast_head":"<!-- This site is optimized with the Yoast SEO plugin v28.4 - https:\/\/yoast.com\/product\/yoast-seo-wordpress\/ -->\n<title>Caen exportaciones de hidrocarburos y minerales - El Diario - Bolivia<\/title>\n<meta name=\"robots\" content=\"index, follow, max-snippet:-1, max-image-preview:large, max-video-preview:-1\" \/>\n<link rel=\"canonical\" href=\"https:\/\/www.eldiario.net\/portal\/2024\/06\/11\/caen-exportaciones-de-hidrocarburos-y-minerales\/\" \/>\n<meta property=\"og:locale\" content=\"es_ES\" \/>\n<meta property=\"og:type\" content=\"article\" \/>\n<meta property=\"og:title\" content=\"Caen exportaciones de hidrocarburos y minerales - El Diario - Bolivia\" \/>\n<meta property=\"og:description\" content=\"Las exportaciones bolivianas al primer trimestre del 2024 totalizaron 1.902 millones de d\u00f3lares por la venta de 2,6 millones de toneladas, registrando un descenso del 28% en valor y 11% en volumen en relaci\u00f3n con el mismo per\u00edodo del 2023. El valor de las ventas de productos tradicionales experiment\u00f3 una ca\u00edda del 33% mientras que [&hellip;]\" \/>\n<meta property=\"og:url\" content=\"https:\/\/www.eldiario.net\/portal\/2024\/06\/11\/caen-exportaciones-de-hidrocarburos-y-minerales\/\" \/>\n<meta property=\"og:site_name\" content=\"El Diario - Bolivia\" \/>\n<meta property=\"article:publisher\" content=\"https:\/\/www.facebook.com\/eldiario.bolivia\/\" \/>\n<meta property=\"article:published_time\" content=\"2024-06-11T10:10:34+00:00\" \/>\n<meta property=\"og:image\" content=\"https:\/\/www.eldiario.net\/portal\/wp-content\/uploads\/2024\/06\/ACAEN-FOTO.jpg\" \/>\n\t<meta property=\"og:image:width\" content=\"1029\" \/>\n\t<meta property=\"og:image:height\" content=\"615\" \/>\n\t<meta property=\"og:image:type\" content=\"image\/jpeg\" \/>\n<meta name=\"author\" content=\"Jeanette\" \/>\n<meta name=\"twitter:card\" content=\"summary_large_image\" \/>\n<meta name=\"twitter:creator\" content=\"@eldiario_net\" \/>\n<meta name=\"twitter:site\" content=\"@eldiario_net\" \/>\n<meta name=\"twitter:label1\" content=\"Escrito por\" \/>\n\t<meta name=\"twitter:data1\" content=\"Jeanette\" \/>\n\t<meta name=\"twitter:label2\" content=\"Tiempo de lectura\" \/>\n\t<meta name=\"twitter:data2\" content=\"2 minutos\" \/>\n<script type=\"application\/ld+json\" class=\"yoast-schema-graph\">{\"@context\":\"https:\\\/\\\/schema.org\",\"@graph\":[{\"@type\":\"Article\",\"@id\":\"https:\\\/\\\/www.eldiario.net\\\/portal\\\/2024\\\/06\\\/11\\\/caen-exportaciones-de-hidrocarburos-y-minerales\\\/#article\",\"isPartOf\":{\"@id\":\"https:\\\/\\\/www.eldiario.net\\\/portal\\\/2024\\\/06\\\/11\\\/caen-exportaciones-de-hidrocarburos-y-minerales\\\/\"},\"author\":{\"name\":\"Jeanette\",\"@id\":\"https:\\\/\\\/www.eldiario.net\\\/portal\\\/#\\\/schema\\\/person\\\/f46445640444750d7d753ccd04ae01b7\"},\"headline\":\"Caen exportaciones de hidrocarburos y minerales\",\"datePublished\":\"2024-06-11T10:10:34+00:00\",\"mainEntityOfPage\":{\"@id\":\"https:\\\/\\\/www.eldiario.net\\\/portal\\\/2024\\\/06\\\/11\\\/caen-exportaciones-de-hidrocarburos-y-minerales\\\/\"},\"wordCount\":343,\"commentCount\":0,\"publisher\":{\"@id\":\"https:\\\/\\\/www.eldiario.net\\\/portal\\\/#organization\"},\"image\":{\"@id\":\"https:\\\/\\\/www.eldiario.net\\\/portal\\\/2024\\\/06\\\/11\\\/caen-exportaciones-de-hidrocarburos-y-minerales\\\/#primaryimage\"},\"thumbnailUrl\":\"https:\\\/\\\/www.eldiario.net\\\/portal\\\/wp-content\\\/uploads\\\/2024\\\/06\\\/ACAEN-FOTO.jpg\",\"articleSection\":[\"Principal\"],\"inLanguage\":\"es\",\"potentialAction\":[{\"@type\":\"CommentAction\",\"name\":\"Comment\",\"target\":[\"https:\\\/\\\/www.eldiario.net\\\/portal\\\/2024\\\/06\\\/11\\\/caen-exportaciones-de-hidrocarburos-y-minerales\\\/#respond\"]}]},{\"@type\":\"WebPage\",\"@id\":\"https:\\\/\\\/www.eldiario.net\\\/portal\\\/2024\\\/06\\\/11\\\/caen-exportaciones-de-hidrocarburos-y-minerales\\\/\",\"url\":\"https:\\\/\\\/www.eldiario.net\\\/portal\\\/2024\\\/06\\\/11\\\/caen-exportaciones-de-hidrocarburos-y-minerales\\\/\",\"name\":\"Caen exportaciones de hidrocarburos y minerales - El Diario - Bolivia\",\"isPartOf\":{\"@id\":\"https:\\\/\\\/www.eldiario.net\\\/portal\\\/#website\"},\"primaryImageOfPage\":{\"@id\":\"https:\\\/\\\/www.eldiario.net\\\/portal\\\/2024\\\/06\\\/11\\\/caen-exportaciones-de-hidrocarburos-y-minerales\\\/#primaryimage\"},\"image\":{\"@id\":\"https:\\\/\\\/www.eldiario.net\\\/portal\\\/2024\\\/06\\\/11\\\/caen-exportaciones-de-hidrocarburos-y-minerales\\\/#primaryimage\"},\"thumbnailUrl\":\"https:\\\/\\\/www.eldiario.net\\\/portal\\\/wp-content\\\/uploads\\\/2024\\\/06\\\/ACAEN-FOTO.jpg\",\"datePublished\":\"2024-06-11T10:10:34+00:00\",\"breadcrumb\":{\"@id\":\"https:\\\/\\\/www.eldiario.net\\\/portal\\\/2024\\\/06\\\/11\\\/caen-exportaciones-de-hidrocarburos-y-minerales\\\/#breadcrumb\"},\"inLanguage\":\"es\",\"potentialAction\":[{\"@type\":\"ReadAction\",\"target\":[\"https:\\\/\\\/www.eldiario.net\\\/portal\\\/2024\\\/06\\\/11\\\/caen-exportaciones-de-hidrocarburos-y-minerales\\\/\"]}]},{\"@type\":\"ImageObject\",\"inLanguage\":\"es\",\"@id\":\"https:\\\/\\\/www.eldiario.net\\\/portal\\\/2024\\\/06\\\/11\\\/caen-exportaciones-de-hidrocarburos-y-minerales\\\/#primaryimage\",\"url\":\"https:\\\/\\\/www.eldiario.net\\\/portal\\\/wp-content\\\/uploads\\\/2024\\\/06\\\/ACAEN-FOTO.jpg\",\"contentUrl\":\"https:\\\/\\\/www.eldiario.net\\\/portal\\\/wp-content\\\/uploads\\\/2024\\\/06\\\/ACAEN-FOTO.jpg\",\"width\":1029,\"height\":615},{\"@type\":\"BreadcrumbList\",\"@id\":\"https:\\\/\\\/www.eldiario.net\\\/portal\\\/2024\\\/06\\\/11\\\/caen-exportaciones-de-hidrocarburos-y-minerales\\\/#breadcrumb\",\"itemListElement\":[{\"@type\":\"ListItem\",\"position\":1,\"name\":\"Portada\",\"item\":\"https:\\\/\\\/www.eldiario.net\\\/portal\\\/\"},{\"@type\":\"ListItem\",\"position\":2,\"name\":\"Caen exportaciones de hidrocarburos y minerales\"}]},{\"@type\":\"WebSite\",\"@id\":\"https:\\\/\\\/www.eldiario.net\\\/portal\\\/#website\",\"url\":\"https:\\\/\\\/www.eldiario.net\\\/portal\\\/\",\"name\":\"El Diario - Decano de la prensa nacional\",\"description\":\"El Diario - Decano de la prensa nacional\",\"publisher\":{\"@id\":\"https:\\\/\\\/www.eldiario.net\\\/portal\\\/#organization\"},\"potentialAction\":[{\"@type\":\"SearchAction\",\"target\":{\"@type\":\"EntryPoint\",\"urlTemplate\":\"https:\\\/\\\/www.eldiario.net\\\/portal\\\/?s={search_term_string}\"},\"query-input\":{\"@type\":\"PropertyValueSpecification\",\"valueRequired\":true,\"valueName\":\"search_term_string\"}}],\"inLanguage\":\"es\"},{\"@type\":\"Organization\",\"@id\":\"https:\\\/\\\/www.eldiario.net\\\/portal\\\/#organization\",\"name\":\"El Diario - Decano de la prensa nacional\",\"url\":\"https:\\\/\\\/www.eldiario.net\\\/portal\\\/\",\"logo\":{\"@type\":\"ImageObject\",\"inLanguage\":\"es\",\"@id\":\"https:\\\/\\\/www.eldiario.net\\\/portal\\\/#\\\/schema\\\/logo\\\/image\\\/\",\"url\":\"https:\\\/\\\/www.eldiario.net\\\/portal\\\/wp-content\\\/uploads\\\/2023\\\/07\\\/logo_ED.jpg\",\"contentUrl\":\"https:\\\/\\\/www.eldiario.net\\\/portal\\\/wp-content\\\/uploads\\\/2023\\\/07\\\/logo_ED.jpg\",\"width\":272,\"height\":52,\"caption\":\"El Diario - Decano de la prensa nacional\"},\"image\":{\"@id\":\"https:\\\/\\\/www.eldiario.net\\\/portal\\\/#\\\/schema\\\/logo\\\/image\\\/\"},\"sameAs\":[\"https:\\\/\\\/www.facebook.com\\\/eldiario.bolivia\\\/\",\"https:\\\/\\\/x.com\\\/eldiario_net\"]},{\"@type\":\"Person\",\"@id\":\"https:\\\/\\\/www.eldiario.net\\\/portal\\\/#\\\/schema\\\/person\\\/f46445640444750d7d753ccd04ae01b7\",\"name\":\"Jeanette\",\"image\":{\"@type\":\"ImageObject\",\"inLanguage\":\"es\",\"@id\":\"https:\\\/\\\/secure.gravatar.com\\\/avatar\\\/3ea2118a5f7dad2b7138b1187a6b7ee55f160b9968b66013c3a3ef39dd7e5798?s=96&d=mm&r=g\",\"url\":\"https:\\\/\\\/secure.gravatar.com\\\/avatar\\\/3ea2118a5f7dad2b7138b1187a6b7ee55f160b9968b66013c3a3ef39dd7e5798?s=96&d=mm&r=g\",\"contentUrl\":\"https:\\\/\\\/secure.gravatar.com\\\/avatar\\\/3ea2118a5f7dad2b7138b1187a6b7ee55f160b9968b66013c3a3ef39dd7e5798?s=96&d=mm&r=g\",\"caption\":\"Jeanette\"},\"sameAs\":[\"https:\\\/\\\/www.eldiario.net\\\/portal\"],\"url\":\"https:\\\/\\\/www.eldiario.net\\\/portal\\\/author\\\/jeanette\\\/\"}]}<\/script>\n<!-- \/ Yoast SEO plugin. -->","yoast_head_json":{"title":"Caen exportaciones de hidrocarburos y minerales - El Diario - Bolivia","robots":{"index":"index","follow":"follow","max-snippet":"max-snippet:-1","max-image-preview":"max-image-preview:large","max-video-preview":"max-video-preview:-1"},"canonical":"https:\/\/www.eldiario.net\/portal\/2024\/06\/11\/caen-exportaciones-de-hidrocarburos-y-minerales\/","og_locale":"es_ES","og_type":"article","og_title":"Caen exportaciones de hidrocarburos y minerales - El Diario - Bolivia","og_description":"Las exportaciones bolivianas al primer trimestre del 2024 totalizaron 1.902 millones de d\u00f3lares por la venta de 2,6 millones de toneladas, registrando un descenso del 28% en valor y 11% en volumen en relaci\u00f3n con el mismo per\u00edodo del 2023. El valor de las ventas de productos tradicionales experiment\u00f3 una ca\u00edda del 33% mientras que [&hellip;]","og_url":"https:\/\/www.eldiario.net\/portal\/2024\/06\/11\/caen-exportaciones-de-hidrocarburos-y-minerales\/","og_site_name":"El Diario - Bolivia","article_publisher":"https:\/\/www.facebook.com\/eldiario.bolivia\/","article_published_time":"2024-06-11T10:10:34+00:00","og_image":[{"width":1029,"height":615,"url":"https:\/\/www.eldiario.net\/portal\/wp-content\/uploads\/2024\/06\/ACAEN-FOTO.jpg","type":"image\/jpeg"}],"author":"Jeanette","twitter_card":"summary_large_image","twitter_creator":"@eldiario_net","twitter_site":"@eldiario_net","twitter_misc":{"Escrito por":"Jeanette","Tiempo de lectura":"2 minutos"},"schema":{"@context":"https:\/\/schema.org","@graph":[{"@type":"Article","@id":"https:\/\/www.eldiario.net\/portal\/2024\/06\/11\/caen-exportaciones-de-hidrocarburos-y-minerales\/#article","isPartOf":{"@id":"https:\/\/www.eldiario.net\/portal\/2024\/06\/11\/caen-exportaciones-de-hidrocarburos-y-minerales\/"},"author":{"name":"Jeanette","@id":"https:\/\/www.eldiario.net\/portal\/#\/schema\/person\/f46445640444750d7d753ccd04ae01b7"},"headline":"Caen exportaciones de hidrocarburos y minerales","datePublished":"2024-06-11T10:10:34+00:00","mainEntityOfPage":{"@id":"https:\/\/www.eldiario.net\/portal\/2024\/06\/11\/caen-exportaciones-de-hidrocarburos-y-minerales\/"},"wordCount":343,"commentCount":0,"publisher":{"@id":"https:\/\/www.eldiario.net\/portal\/#organization"},"image":{"@id":"https:\/\/www.eldiario.net\/portal\/2024\/06\/11\/caen-exportaciones-de-hidrocarburos-y-minerales\/#primaryimage"},"thumbnailUrl":"https:\/\/www.eldiario.net\/portal\/wp-content\/uploads\/2024\/06\/ACAEN-FOTO.jpg","articleSection":["Principal"],"inLanguage":"es","potentialAction":[{"@type":"CommentAction","name":"Comment","target":["https:\/\/www.eldiario.net\/portal\/2024\/06\/11\/caen-exportaciones-de-hidrocarburos-y-minerales\/#respond"]}]},{"@type":"WebPage","@id":"https:\/\/www.eldiario.net\/portal\/2024\/06\/11\/caen-exportaciones-de-hidrocarburos-y-minerales\/","url":"https:\/\/www.eldiario.net\/portal\/2024\/06\/11\/caen-exportaciones-de-hidrocarburos-y-minerales\/","name":"Caen exportaciones de hidrocarburos y minerales - El Diario - Bolivia","isPartOf":{"@id":"https:\/\/www.eldiario.net\/portal\/#website"},"primaryImageOfPage":{"@id":"https:\/\/www.eldiario.net\/portal\/2024\/06\/11\/caen-exportaciones-de-hidrocarburos-y-minerales\/#primaryimage"},"image":{"@id":"https:\/\/www.eldiario.net\/portal\/2024\/06\/11\/caen-exportaciones-de-hidrocarburos-y-minerales\/#primaryimage"},"thumbnailUrl":"https:\/\/www.eldiario.net\/portal\/wp-content\/uploads\/2024\/06\/ACAEN-FOTO.jpg","datePublished":"2024-06-11T10:10:34+00:00","breadcrumb":{"@id":"https:\/\/www.eldiario.net\/portal\/2024\/06\/11\/caen-exportaciones-de-hidrocarburos-y-minerales\/#breadcrumb"},"inLanguage":"es","potentialAction":[{"@type":"ReadAction","target":["https:\/\/www.eldiario.net\/portal\/2024\/06\/11\/caen-exportaciones-de-hidrocarburos-y-minerales\/"]}]},{"@type":"ImageObject","inLanguage":"es","@id":"https:\/\/www.eldiario.net\/portal\/2024\/06\/11\/caen-exportaciones-de-hidrocarburos-y-minerales\/#primaryimage","url":"https:\/\/www.eldiario.net\/portal\/wp-content\/uploads\/2024\/06\/ACAEN-FOTO.jpg","contentUrl":"https:\/\/www.eldiario.net\/portal\/wp-content\/uploads\/2024\/06\/ACAEN-FOTO.jpg","width":1029,"height":615},{"@type":"BreadcrumbList","@id":"https:\/\/www.eldiario.net\/portal\/2024\/06\/11\/caen-exportaciones-de-hidrocarburos-y-minerales\/#breadcrumb","itemListElement":[{"@type":"ListItem","position":1,"name":"Portada","item":"https:\/\/www.eldiario.net\/portal\/"},{"@type":"ListItem","position":2,"name":"Caen exportaciones de hidrocarburos y minerales"}]},{"@type":"WebSite","@id":"https:\/\/www.eldiario.net\/portal\/#website","url":"https:\/\/www.eldiario.net\/portal\/","name":"El Diario - Decano de la prensa nacional","description":"El Diario - Decano de la prensa nacional","publisher":{"@id":"https:\/\/www.eldiario.net\/portal\/#organization"},"potentialAction":[{"@type":"SearchAction","target":{"@type":"EntryPoint","urlTemplate":"https:\/\/www.eldiario.net\/portal\/?s={search_term_string}"},"query-input":{"@type":"PropertyValueSpecification","valueRequired":true,"valueName":"search_term_string"}}],"inLanguage":"es"},{"@type":"Organization","@id":"https:\/\/www.eldiario.net\/portal\/#organization","name":"El Diario - Decano de la prensa nacional","url":"https:\/\/www.eldiario.net\/portal\/","logo":{"@type":"ImageObject","inLanguage":"es","@id":"https:\/\/www.eldiario.net\/portal\/#\/schema\/logo\/image\/","url":"https:\/\/www.eldiario.net\/portal\/wp-content\/uploads\/2023\/07\/logo_ED.jpg","contentUrl":"https:\/\/www.eldiario.net\/portal\/wp-content\/uploads\/2023\/07\/logo_ED.jpg","width":272,"height":52,"caption":"El Diario - Decano de la prensa nacional"},"image":{"@id":"https:\/\/www.eldiario.net\/portal\/#\/schema\/logo\/image\/"},"sameAs":["https:\/\/www.facebook.com\/eldiario.bolivia\/","https:\/\/x.com\/eldiario_net"]},{"@type":"Person","@id":"https:\/\/www.eldiario.net\/portal\/#\/schema\/person\/f46445640444750d7d753ccd04ae01b7","name":"Jeanette","image":{"@type":"ImageObject","inLanguage":"es","@id":"https:\/\/secure.gravatar.com\/avatar\/3ea2118a5f7dad2b7138b1187a6b7ee55f160b9968b66013c3a3ef39dd7e5798?s=96&d=mm&r=g","url":"https:\/\/secure.gravatar.com\/avatar\/3ea2118a5f7dad2b7138b1187a6b7ee55f160b9968b66013c3a3ef39dd7e5798?s=96&d=mm&r=g","contentUrl":"https:\/\/secure.gravatar.com\/avatar\/3ea2118a5f7dad2b7138b1187a6b7ee55f160b9968b66013c3a3ef39dd7e5798?s=96&d=mm&r=g","caption":"Jeanette"},"sameAs":["https:\/\/www.eldiario.net\/portal"],"url":"https:\/\/www.eldiario.net\/portal\/author\/jeanette\/"}]}},"_links":{"self":[{"href":"https:\/\/www.eldiario.net\/portal\/wp-json\/wp\/v2\/posts\/226335","targetHints":{"allow":["GET"]}}],"collection":[{"href":"https:\/\/www.eldiario.net\/portal\/wp-json\/wp\/v2\/posts"}],"about":[{"href":"https:\/\/www.eldiario.net\/portal\/wp-json\/wp\/v2\/types\/post"}],"author":[{"embeddable":true,"href":"https:\/\/www.eldiario.net\/portal\/wp-json\/wp\/v2\/users\/1"}],"replies":[{"embeddable":true,"href":"https:\/\/www.eldiario.net\/portal\/wp-json\/wp\/v2\/comments?post=226335"}],"version-history":[{"count":1,"href":"https:\/\/www.eldiario.net\/portal\/wp-json\/wp\/v2\/posts\/226335\/revisions"}],"predecessor-version":[{"id":226337,"href":"https:\/\/www.eldiario.net\/portal\/wp-json\/wp\/v2\/posts\/226335\/revisions\/226337"}],"wp:featuredmedia":[{"embeddable":true,"href":"https:\/\/www.eldiario.net\/portal\/wp-json\/wp\/v2\/media\/226336"}],"wp:attachment":[{"href":"https:\/\/www.eldiario.net\/portal\/wp-json\/wp\/v2\/media?parent=226335"}],"wp:term":[{"taxonomy":"category","embeddable":true,"href":"https:\/\/www.eldiario.net\/portal\/wp-json\/wp\/v2\/categories?post=226335"},{"taxonomy":"post_tag","embeddable":true,"href":"https:\/\/www.eldiario.net\/portal\/wp-json\/wp\/v2\/tags?post=226335"}],"curies":[{"name":"wp","href":"https:\/\/api.w.org\/{rel}","templated":true}]}}