{"id":226332,"date":"2024-06-11T06:10:05","date_gmt":"2024-06-11T10:10:05","guid":{"rendered":"https:\/\/www.eldiario.net\/portal\/?p=226332"},"modified":"2024-06-11T06:10:05","modified_gmt":"2024-06-11T10:10:05","slug":"transporte-pesado-determina-paro-indefinido-con-bloqueo-de-caminos","status":"publish","type":"post","link":"https:\/\/www.eldiario.net\/portal\/2024\/06\/11\/transporte-pesado-determina-paro-indefinido-con-bloqueo-de-caminos\/","title":{"rendered":"Transporte pesado determina paro  indefinido con bloqueo de caminos"},"content":{"rendered":"<p>El ampliado nacional del transporte pesado nacional e internacional que se realiz\u00f3 en Oruro determin\u00f3 realizar un paro indefinido, con bloqueo de carreteras y cierre de fronteras, desde el lunes 17 de junio, en demanda de d\u00f3lares y carburantes, principalmente.<\/p>\n<p>\u201cEl ampliado nacional determin\u00f3 el paro indefinido. El Gobierno no nos escucha y por eso se ha decidido radicalizar las medidas\u201d, afirm\u00f3 el presidente de la C\u00e1mara Nacional de Transporte, H\u00e9ctor Mercado.<\/p>\n<p>El ampliado, que cont\u00f3 con la participaron representantes de Tarija, Chuquisaca, La Paz, Oruro, Santa Cruz, Potos\u00ed y Cochabamba, tambi\u00e9n exige la renuncia del presidente ejecutivo del Servicio de Impuestos Nacionales (SIN), Mario Caz\u00f3n, adem\u00e1s del ministro de Obras P\u00fablicas, \u00c9dgar Monta\u00f1o.<\/p>\n<p>El presidente de la Asociaci\u00f3n del Transporte Internacional (Asociatrin), Marcelo Cruz, explic\u00f3 el pedido de dimisi\u00f3n del ministro de Estado es porque supuestamente ha denigrado a las personas y dirigentes del sector movilizado, solo por exigir di\u00e1logo con el presidente del Estado, Luis Arce Catacora, y no con ministros.<\/p>\n<p>El transporte pesado reclama por la falta de combustible que afecta sus operaciones, as\u00ed como la escasez de d\u00f3lares. Tambi\u00e9n exige elegir a autoridades titulares de Aduana e Impuestos, porque consideran que sus actuales interinos act\u00faan con negligencia.<\/p>\n<p>La semana pasada, este sector bloque\u00f3 carreteras en siete de los nueve departamentos y durante 48 horas, en demanda de la abrogaci\u00f3n del Decreto Supremo 5146 y que el Gobierno garantice la disponibilidad de d\u00f3lares y el abastecimiento de combustible, en todo el territorio nacional. (Oruro, Br\u00fajula Digital)<\/p>\n<p>M\u00c1S INFORMACI\u00d3N: ECONOM\u00cdA<\/p>\n","protected":false},"excerpt":{"rendered":"<p>El ampliado nacional del transporte pesado nacional e internacional que se realiz\u00f3 en Oruro determin\u00f3 realizar un paro indefinido, con bloqueo de carreteras y cierre de fronteras, desde el lunes 17 de junio, en demanda de d\u00f3lares y carburantes, principalmente. \u201cEl ampliado nacional determin\u00f3 el paro indefinido. El Gobierno no nos escucha y por eso [&hellip;]<\/p>\n","protected":false},"author":1,"featured_media":226333,"comment_status":"open","ping_status":"open","sticky":false,"template":"","format":"standard","meta":{"_acf_changed":false,"footnotes":""},"categories":[15],"tags":[],"class_list":["post-226332","post","type-post","status-publish","format-standard","has-post-thumbnail","category-portada"],"acf":{"antetitulo":"Desde el lunes 17"},"yoast_head":"<!-- This site is optimized with the Yoast SEO plugin v28.4 - https:\/\/yoast.com\/product\/yoast-seo-wordpress\/ -->\n<title>Transporte pesado determina paro indefinido con bloqueo de caminos - El Diario - Bolivia<\/title>\n<meta name=\"robots\" content=\"index, follow, max-snippet:-1, max-image-preview:large, max-video-preview:-1\" \/>\n<link rel=\"canonical\" href=\"https:\/\/www.eldiario.net\/portal\/2024\/06\/11\/transporte-pesado-determina-paro-indefinido-con-bloqueo-de-caminos\/\" \/>\n<meta property=\"og:locale\" content=\"es_ES\" \/>\n<meta property=\"og:type\" content=\"article\" \/>\n<meta property=\"og:title\" content=\"Transporte pesado determina paro indefinido con bloqueo de caminos - El Diario - Bolivia\" \/>\n<meta property=\"og:description\" content=\"El ampliado nacional del transporte pesado nacional e internacional que se realiz\u00f3 en Oruro determin\u00f3 realizar un paro indefinido, con bloqueo de carreteras y cierre de fronteras, desde el lunes 17 de junio, en demanda de d\u00f3lares y carburantes, principalmente. \u201cEl ampliado nacional determin\u00f3 el paro indefinido. El Gobierno no nos escucha y por eso [&hellip;]\" \/>\n<meta property=\"og:url\" content=\"https:\/\/www.eldiario.net\/portal\/2024\/06\/11\/transporte-pesado-determina-paro-indefinido-con-bloqueo-de-caminos\/\" \/>\n<meta property=\"og:site_name\" content=\"El Diario - Bolivia\" \/>\n<meta property=\"article:publisher\" content=\"https:\/\/www.facebook.com\/eldiario.bolivia\/\" \/>\n<meta property=\"article:published_time\" content=\"2024-06-11T10:10:05+00:00\" \/>\n<meta property=\"og:image\" content=\"https:\/\/www.eldiario.net\/portal\/wp-content\/uploads\/2024\/06\/AMPLIADO-FOTO.jpg\" \/>\n\t<meta property=\"og:image:width\" content=\"1280\" \/>\n\t<meta property=\"og:image:height\" content=\"545\" \/>\n\t<meta property=\"og:image:type\" content=\"image\/jpeg\" \/>\n<meta name=\"author\" content=\"Jeanette\" \/>\n<meta name=\"twitter:card\" content=\"summary_large_image\" \/>\n<meta name=\"twitter:creator\" content=\"@eldiario_net\" \/>\n<meta name=\"twitter:site\" content=\"@eldiario_net\" \/>\n<meta name=\"twitter:label1\" content=\"Escrito por\" \/>\n\t<meta name=\"twitter:data1\" content=\"Jeanette\" \/>\n\t<meta name=\"twitter:label2\" content=\"Tiempo de lectura\" \/>\n\t<meta name=\"twitter:data2\" content=\"2 minutos\" \/>\n<script type=\"application\/ld+json\" class=\"yoast-schema-graph\">{\"@context\":\"https:\\\/\\\/schema.org\",\"@graph\":[{\"@type\":\"Article\",\"@id\":\"https:\\\/\\\/www.eldiario.net\\\/portal\\\/2024\\\/06\\\/11\\\/transporte-pesado-determina-paro-indefinido-con-bloqueo-de-caminos\\\/#article\",\"isPartOf\":{\"@id\":\"https:\\\/\\\/www.eldiario.net\\\/portal\\\/2024\\\/06\\\/11\\\/transporte-pesado-determina-paro-indefinido-con-bloqueo-de-caminos\\\/\"},\"author\":{\"name\":\"Jeanette\",\"@id\":\"https:\\\/\\\/www.eldiario.net\\\/portal\\\/#\\\/schema\\\/person\\\/f46445640444750d7d753ccd04ae01b7\"},\"headline\":\"Transporte pesado determina paro indefinido con bloqueo de caminos\",\"datePublished\":\"2024-06-11T10:10:05+00:00\",\"mainEntityOfPage\":{\"@id\":\"https:\\\/\\\/www.eldiario.net\\\/portal\\\/2024\\\/06\\\/11\\\/transporte-pesado-determina-paro-indefinido-con-bloqueo-de-caminos\\\/\"},\"wordCount\":278,\"commentCount\":0,\"publisher\":{\"@id\":\"https:\\\/\\\/www.eldiario.net\\\/portal\\\/#organization\"},\"image\":{\"@id\":\"https:\\\/\\\/www.eldiario.net\\\/portal\\\/2024\\\/06\\\/11\\\/transporte-pesado-determina-paro-indefinido-con-bloqueo-de-caminos\\\/#primaryimage\"},\"thumbnailUrl\":\"https:\\\/\\\/www.eldiario.net\\\/portal\\\/wp-content\\\/uploads\\\/2024\\\/06\\\/AMPLIADO-FOTO.jpg\",\"articleSection\":[\"Portada\"],\"inLanguage\":\"es\",\"potentialAction\":[{\"@type\":\"CommentAction\",\"name\":\"Comment\",\"target\":[\"https:\\\/\\\/www.eldiario.net\\\/portal\\\/2024\\\/06\\\/11\\\/transporte-pesado-determina-paro-indefinido-con-bloqueo-de-caminos\\\/#respond\"]}]},{\"@type\":\"WebPage\",\"@id\":\"https:\\\/\\\/www.eldiario.net\\\/portal\\\/2024\\\/06\\\/11\\\/transporte-pesado-determina-paro-indefinido-con-bloqueo-de-caminos\\\/\",\"url\":\"https:\\\/\\\/www.eldiario.net\\\/portal\\\/2024\\\/06\\\/11\\\/transporte-pesado-determina-paro-indefinido-con-bloqueo-de-caminos\\\/\",\"name\":\"Transporte pesado determina paro indefinido con bloqueo de caminos - El Diario - Bolivia\",\"isPartOf\":{\"@id\":\"https:\\\/\\\/www.eldiario.net\\\/portal\\\/#website\"},\"primaryImageOfPage\":{\"@id\":\"https:\\\/\\\/www.eldiario.net\\\/portal\\\/2024\\\/06\\\/11\\\/transporte-pesado-determina-paro-indefinido-con-bloqueo-de-caminos\\\/#primaryimage\"},\"image\":{\"@id\":\"https:\\\/\\\/www.eldiario.net\\\/portal\\\/2024\\\/06\\\/11\\\/transporte-pesado-determina-paro-indefinido-con-bloqueo-de-caminos\\\/#primaryimage\"},\"thumbnailUrl\":\"https:\\\/\\\/www.eldiario.net\\\/portal\\\/wp-content\\\/uploads\\\/2024\\\/06\\\/AMPLIADO-FOTO.jpg\",\"datePublished\":\"2024-06-11T10:10:05+00:00\",\"breadcrumb\":{\"@id\":\"https:\\\/\\\/www.eldiario.net\\\/portal\\\/2024\\\/06\\\/11\\\/transporte-pesado-determina-paro-indefinido-con-bloqueo-de-caminos\\\/#breadcrumb\"},\"inLanguage\":\"es\",\"potentialAction\":[{\"@type\":\"ReadAction\",\"target\":[\"https:\\\/\\\/www.eldiario.net\\\/portal\\\/2024\\\/06\\\/11\\\/transporte-pesado-determina-paro-indefinido-con-bloqueo-de-caminos\\\/\"]}]},{\"@type\":\"ImageObject\",\"inLanguage\":\"es\",\"@id\":\"https:\\\/\\\/www.eldiario.net\\\/portal\\\/2024\\\/06\\\/11\\\/transporte-pesado-determina-paro-indefinido-con-bloqueo-de-caminos\\\/#primaryimage\",\"url\":\"https:\\\/\\\/www.eldiario.net\\\/portal\\\/wp-content\\\/uploads\\\/2024\\\/06\\\/AMPLIADO-FOTO.jpg\",\"contentUrl\":\"https:\\\/\\\/www.eldiario.net\\\/portal\\\/wp-content\\\/uploads\\\/2024\\\/06\\\/AMPLIADO-FOTO.jpg\",\"width\":1280,\"height\":545,\"caption\":\"HUBO MOVILIZACI\u00d3N DEL TRANSPORTE PESADO AYER EN EL ALTO. FOTO: APG\"},{\"@type\":\"BreadcrumbList\",\"@id\":\"https:\\\/\\\/www.eldiario.net\\\/portal\\\/2024\\\/06\\\/11\\\/transporte-pesado-determina-paro-indefinido-con-bloqueo-de-caminos\\\/#breadcrumb\",\"itemListElement\":[{\"@type\":\"ListItem\",\"position\":1,\"name\":\"Portada\",\"item\":\"https:\\\/\\\/www.eldiario.net\\\/portal\\\/\"},{\"@type\":\"ListItem\",\"position\":2,\"name\":\"Transporte pesado determina paro indefinido con bloqueo de caminos\"}]},{\"@type\":\"WebSite\",\"@id\":\"https:\\\/\\\/www.eldiario.net\\\/portal\\\/#website\",\"url\":\"https:\\\/\\\/www.eldiario.net\\\/portal\\\/\",\"name\":\"El Diario - Decano de la prensa nacional\",\"description\":\"El Diario - Decano de la prensa nacional\",\"publisher\":{\"@id\":\"https:\\\/\\\/www.eldiario.net\\\/portal\\\/#organization\"},\"potentialAction\":[{\"@type\":\"SearchAction\",\"target\":{\"@type\":\"EntryPoint\",\"urlTemplate\":\"https:\\\/\\\/www.eldiario.net\\\/portal\\\/?s={search_term_string}\"},\"query-input\":{\"@type\":\"PropertyValueSpecification\",\"valueRequired\":true,\"valueName\":\"search_term_string\"}}],\"inLanguage\":\"es\"},{\"@type\":\"Organization\",\"@id\":\"https:\\\/\\\/www.eldiario.net\\\/portal\\\/#organization\",\"name\":\"El Diario - Decano de la prensa nacional\",\"url\":\"https:\\\/\\\/www.eldiario.net\\\/portal\\\/\",\"logo\":{\"@type\":\"ImageObject\",\"inLanguage\":\"es\",\"@id\":\"https:\\\/\\\/www.eldiario.net\\\/portal\\\/#\\\/schema\\\/logo\\\/image\\\/\",\"url\":\"https:\\\/\\\/www.eldiario.net\\\/portal\\\/wp-content\\\/uploads\\\/2023\\\/07\\\/logo_ED.jpg\",\"contentUrl\":\"https:\\\/\\\/www.eldiario.net\\\/portal\\\/wp-content\\\/uploads\\\/2023\\\/07\\\/logo_ED.jpg\",\"width\":272,\"height\":52,\"caption\":\"El Diario - Decano de la prensa nacional\"},\"image\":{\"@id\":\"https:\\\/\\\/www.eldiario.net\\\/portal\\\/#\\\/schema\\\/logo\\\/image\\\/\"},\"sameAs\":[\"https:\\\/\\\/www.facebook.com\\\/eldiario.bolivia\\\/\",\"https:\\\/\\\/x.com\\\/eldiario_net\"]},{\"@type\":\"Person\",\"@id\":\"https:\\\/\\\/www.eldiario.net\\\/portal\\\/#\\\/schema\\\/person\\\/f46445640444750d7d753ccd04ae01b7\",\"name\":\"Jeanette\",\"image\":{\"@type\":\"ImageObject\",\"inLanguage\":\"es\",\"@id\":\"https:\\\/\\\/secure.gravatar.com\\\/avatar\\\/3ea2118a5f7dad2b7138b1187a6b7ee55f160b9968b66013c3a3ef39dd7e5798?s=96&d=mm&r=g\",\"url\":\"https:\\\/\\\/secure.gravatar.com\\\/avatar\\\/3ea2118a5f7dad2b7138b1187a6b7ee55f160b9968b66013c3a3ef39dd7e5798?s=96&d=mm&r=g\",\"contentUrl\":\"https:\\\/\\\/secure.gravatar.com\\\/avatar\\\/3ea2118a5f7dad2b7138b1187a6b7ee55f160b9968b66013c3a3ef39dd7e5798?s=96&d=mm&r=g\",\"caption\":\"Jeanette\"},\"sameAs\":[\"https:\\\/\\\/www.eldiario.net\\\/portal\"],\"url\":\"https:\\\/\\\/www.eldiario.net\\\/portal\\\/author\\\/jeanette\\\/\"}]}<\/script>\n<!-- \/ Yoast SEO plugin. -->","yoast_head_json":{"title":"Transporte pesado determina paro indefinido con bloqueo de caminos - El Diario - Bolivia","robots":{"index":"index","follow":"follow","max-snippet":"max-snippet:-1","max-image-preview":"max-image-preview:large","max-video-preview":"max-video-preview:-1"},"canonical":"https:\/\/www.eldiario.net\/portal\/2024\/06\/11\/transporte-pesado-determina-paro-indefinido-con-bloqueo-de-caminos\/","og_locale":"es_ES","og_type":"article","og_title":"Transporte pesado determina paro indefinido con bloqueo de caminos - El Diario - Bolivia","og_description":"El ampliado nacional del transporte pesado nacional e internacional que se realiz\u00f3 en Oruro determin\u00f3 realizar un paro indefinido, con bloqueo de carreteras y cierre de fronteras, desde el lunes 17 de junio, en demanda de d\u00f3lares y carburantes, principalmente. \u201cEl ampliado nacional determin\u00f3 el paro indefinido. El Gobierno no nos escucha y por eso [&hellip;]","og_url":"https:\/\/www.eldiario.net\/portal\/2024\/06\/11\/transporte-pesado-determina-paro-indefinido-con-bloqueo-de-caminos\/","og_site_name":"El Diario - Bolivia","article_publisher":"https:\/\/www.facebook.com\/eldiario.bolivia\/","article_published_time":"2024-06-11T10:10:05+00:00","og_image":[{"width":1280,"height":545,"url":"https:\/\/www.eldiario.net\/portal\/wp-content\/uploads\/2024\/06\/AMPLIADO-FOTO.jpg","type":"image\/jpeg"}],"author":"Jeanette","twitter_card":"summary_large_image","twitter_creator":"@eldiario_net","twitter_site":"@eldiario_net","twitter_misc":{"Escrito por":"Jeanette","Tiempo de lectura":"2 minutos"},"schema":{"@context":"https:\/\/schema.org","@graph":[{"@type":"Article","@id":"https:\/\/www.eldiario.net\/portal\/2024\/06\/11\/transporte-pesado-determina-paro-indefinido-con-bloqueo-de-caminos\/#article","isPartOf":{"@id":"https:\/\/www.eldiario.net\/portal\/2024\/06\/11\/transporte-pesado-determina-paro-indefinido-con-bloqueo-de-caminos\/"},"author":{"name":"Jeanette","@id":"https:\/\/www.eldiario.net\/portal\/#\/schema\/person\/f46445640444750d7d753ccd04ae01b7"},"headline":"Transporte pesado determina paro indefinido con bloqueo de caminos","datePublished":"2024-06-11T10:10:05+00:00","mainEntityOfPage":{"@id":"https:\/\/www.eldiario.net\/portal\/2024\/06\/11\/transporte-pesado-determina-paro-indefinido-con-bloqueo-de-caminos\/"},"wordCount":278,"commentCount":0,"publisher":{"@id":"https:\/\/www.eldiario.net\/portal\/#organization"},"image":{"@id":"https:\/\/www.eldiario.net\/portal\/2024\/06\/11\/transporte-pesado-determina-paro-indefinido-con-bloqueo-de-caminos\/#primaryimage"},"thumbnailUrl":"https:\/\/www.eldiario.net\/portal\/wp-content\/uploads\/2024\/06\/AMPLIADO-FOTO.jpg","articleSection":["Portada"],"inLanguage":"es","potentialAction":[{"@type":"CommentAction","name":"Comment","target":["https:\/\/www.eldiario.net\/portal\/2024\/06\/11\/transporte-pesado-determina-paro-indefinido-con-bloqueo-de-caminos\/#respond"]}]},{"@type":"WebPage","@id":"https:\/\/www.eldiario.net\/portal\/2024\/06\/11\/transporte-pesado-determina-paro-indefinido-con-bloqueo-de-caminos\/","url":"https:\/\/www.eldiario.net\/portal\/2024\/06\/11\/transporte-pesado-determina-paro-indefinido-con-bloqueo-de-caminos\/","name":"Transporte pesado determina paro indefinido con bloqueo de caminos - El Diario - Bolivia","isPartOf":{"@id":"https:\/\/www.eldiario.net\/portal\/#website"},"primaryImageOfPage":{"@id":"https:\/\/www.eldiario.net\/portal\/2024\/06\/11\/transporte-pesado-determina-paro-indefinido-con-bloqueo-de-caminos\/#primaryimage"},"image":{"@id":"https:\/\/www.eldiario.net\/portal\/2024\/06\/11\/transporte-pesado-determina-paro-indefinido-con-bloqueo-de-caminos\/#primaryimage"},"thumbnailUrl":"https:\/\/www.eldiario.net\/portal\/wp-content\/uploads\/2024\/06\/AMPLIADO-FOTO.jpg","datePublished":"2024-06-11T10:10:05+00:00","breadcrumb":{"@id":"https:\/\/www.eldiario.net\/portal\/2024\/06\/11\/transporte-pesado-determina-paro-indefinido-con-bloqueo-de-caminos\/#breadcrumb"},"inLanguage":"es","potentialAction":[{"@type":"ReadAction","target":["https:\/\/www.eldiario.net\/portal\/2024\/06\/11\/transporte-pesado-determina-paro-indefinido-con-bloqueo-de-caminos\/"]}]},{"@type":"ImageObject","inLanguage":"es","@id":"https:\/\/www.eldiario.net\/portal\/2024\/06\/11\/transporte-pesado-determina-paro-indefinido-con-bloqueo-de-caminos\/#primaryimage","url":"https:\/\/www.eldiario.net\/portal\/wp-content\/uploads\/2024\/06\/AMPLIADO-FOTO.jpg","contentUrl":"https:\/\/www.eldiario.net\/portal\/wp-content\/uploads\/2024\/06\/AMPLIADO-FOTO.jpg","width":1280,"height":545,"caption":"HUBO MOVILIZACI\u00d3N DEL TRANSPORTE PESADO AYER EN EL ALTO. FOTO: APG"},{"@type":"BreadcrumbList","@id":"https:\/\/www.eldiario.net\/portal\/2024\/06\/11\/transporte-pesado-determina-paro-indefinido-con-bloqueo-de-caminos\/#breadcrumb","itemListElement":[{"@type":"ListItem","position":1,"name":"Portada","item":"https:\/\/www.eldiario.net\/portal\/"},{"@type":"ListItem","position":2,"name":"Transporte pesado determina paro indefinido con bloqueo de caminos"}]},{"@type":"WebSite","@id":"https:\/\/www.eldiario.net\/portal\/#website","url":"https:\/\/www.eldiario.net\/portal\/","name":"El Diario - Decano de la prensa nacional","description":"El Diario - Decano de la prensa nacional","publisher":{"@id":"https:\/\/www.eldiario.net\/portal\/#organization"},"potentialAction":[{"@type":"SearchAction","target":{"@type":"EntryPoint","urlTemplate":"https:\/\/www.eldiario.net\/portal\/?s={search_term_string}"},"query-input":{"@type":"PropertyValueSpecification","valueRequired":true,"valueName":"search_term_string"}}],"inLanguage":"es"},{"@type":"Organization","@id":"https:\/\/www.eldiario.net\/portal\/#organization","name":"El Diario - Decano de la prensa nacional","url":"https:\/\/www.eldiario.net\/portal\/","logo":{"@type":"ImageObject","inLanguage":"es","@id":"https:\/\/www.eldiario.net\/portal\/#\/schema\/logo\/image\/","url":"https:\/\/www.eldiario.net\/portal\/wp-content\/uploads\/2023\/07\/logo_ED.jpg","contentUrl":"https:\/\/www.eldiario.net\/portal\/wp-content\/uploads\/2023\/07\/logo_ED.jpg","width":272,"height":52,"caption":"El Diario - Decano de la prensa nacional"},"image":{"@id":"https:\/\/www.eldiario.net\/portal\/#\/schema\/logo\/image\/"},"sameAs":["https:\/\/www.facebook.com\/eldiario.bolivia\/","https:\/\/x.com\/eldiario_net"]},{"@type":"Person","@id":"https:\/\/www.eldiario.net\/portal\/#\/schema\/person\/f46445640444750d7d753ccd04ae01b7","name":"Jeanette","image":{"@type":"ImageObject","inLanguage":"es","@id":"https:\/\/secure.gravatar.com\/avatar\/3ea2118a5f7dad2b7138b1187a6b7ee55f160b9968b66013c3a3ef39dd7e5798?s=96&d=mm&r=g","url":"https:\/\/secure.gravatar.com\/avatar\/3ea2118a5f7dad2b7138b1187a6b7ee55f160b9968b66013c3a3ef39dd7e5798?s=96&d=mm&r=g","contentUrl":"https:\/\/secure.gravatar.com\/avatar\/3ea2118a5f7dad2b7138b1187a6b7ee55f160b9968b66013c3a3ef39dd7e5798?s=96&d=mm&r=g","caption":"Jeanette"},"sameAs":["https:\/\/www.eldiario.net\/portal"],"url":"https:\/\/www.eldiario.net\/portal\/author\/jeanette\/"}]}},"_links":{"self":[{"href":"https:\/\/www.eldiario.net\/portal\/wp-json\/wp\/v2\/posts\/226332","targetHints":{"allow":["GET"]}}],"collection":[{"href":"https:\/\/www.eldiario.net\/portal\/wp-json\/wp\/v2\/posts"}],"about":[{"href":"https:\/\/www.eldiario.net\/portal\/wp-json\/wp\/v2\/types\/post"}],"author":[{"embeddable":true,"href":"https:\/\/www.eldiario.net\/portal\/wp-json\/wp\/v2\/users\/1"}],"replies":[{"embeddable":true,"href":"https:\/\/www.eldiario.net\/portal\/wp-json\/wp\/v2\/comments?post=226332"}],"version-history":[{"count":1,"href":"https:\/\/www.eldiario.net\/portal\/wp-json\/wp\/v2\/posts\/226332\/revisions"}],"predecessor-version":[{"id":226334,"href":"https:\/\/www.eldiario.net\/portal\/wp-json\/wp\/v2\/posts\/226332\/revisions\/226334"}],"wp:featuredmedia":[{"embeddable":true,"href":"https:\/\/www.eldiario.net\/portal\/wp-json\/wp\/v2\/media\/226333"}],"wp:attachment":[{"href":"https:\/\/www.eldiario.net\/portal\/wp-json\/wp\/v2\/media?parent=226332"}],"wp:term":[{"taxonomy":"category","embeddable":true,"href":"https:\/\/www.eldiario.net\/portal\/wp-json\/wp\/v2\/categories?post=226332"},{"taxonomy":"post_tag","embeddable":true,"href":"https:\/\/www.eldiario.net\/portal\/wp-json\/wp\/v2\/tags?post=226332"}],"curies":[{"name":"wp","href":"https:\/\/api.w.org\/{rel}","templated":true}]}}