{"id":226329,"date":"2024-06-11T06:09:21","date_gmt":"2024-06-11T10:09:21","guid":{"rendered":"https:\/\/www.eldiario.net\/portal\/?p=226329"},"modified":"2024-06-11T06:09:21","modified_gmt":"2024-06-11T10:09:21","slug":"morales-busca-convulsionar-y-enfrentar-a-la-sociedad-boliviana","status":"publish","type":"post","link":"https:\/\/www.eldiario.net\/portal\/2024\/06\/11\/morales-busca-convulsionar-y-enfrentar-a-la-sociedad-boliviana\/","title":{"rendered":"Morales busca convulsionar y  enfrentar a la sociedad boliviana"},"content":{"rendered":"<p>Asegurando que el m\u00e9todo y las estrategias pol\u00edticas de Evo Morales solo son efectivas cuando existe divisi\u00f3n en la sociedad boliviana, el representante del Comit\u00e9 Nacional en Defensa de la Democracia (Conade), Julio Alvarado, denunci\u00f3 que el dirigente cocalero busca, nuevamente, convulsionar el pa\u00eds con bloqueos y enfrentamientos, cuando la \u00fanica soluci\u00f3n en la actual coyuntura pasa por el dialogo y el acercamiento entre fuerzas pol\u00edticas.<\/p>\n<p>En declaraciones a medios de prensa en plaza Murillo, Alvarado llam\u00f3 a la poblaci\u00f3n a permanecer alerta ante nuevos intentos de Evo Morales para convulsionar el pa\u00eds mediante bloqueos y enfrentamiento, \u201ccomo lo viene haciendo desde el siglo pasado\u201d.<\/p>\n<p>\u201cPara cumplir su ambici\u00f3n de volver a la presidencia \u2018por las buenas o por las malas\u2019, como amenaz\u00f3 p\u00fablicamente, pretende incendiar el pa\u00eds con los bloqueos de caminos y otras medidas para forzar su ansiado retorno a la silla presidencial\u201d, sostuvo el activista, aclarado que esta postura no significa un apoyo al oficialismo.<\/p>\n<p>Se\u00f1al\u00f3 adem\u00e1s que, el m\u00e9todo de Morales no es nuevo, y se basa en la divisi\u00f3n de la sociedad boliviana, con enfrentamiento b\u00fasqueda de sangre, para posicionar intereses pol\u00edticos personales y ambiciones de poder.<\/p>\n<p>En criterio de Alvarado, las intenciones de la exautoridad son deplorables, existiendo la v\u00eda del di\u00e1logo y la concertaci\u00f3n para solucionar problemas de forma pac\u00edfica. \u201cComo defensores de la democracia creemos que la soluci\u00f3n de nuestros problemas se los arregla a trav\u00e9s de una mesa de di\u00e1logo con todas las fuerzas pol\u00edticas\u201d, dijo.<\/p>\n<p>En las \u00faltimas horas, desde el Conade se emiti\u00f3 un pronunciamiento denunciando que la democracia se encuentra bajo asedio por parte de las dos alas del Movimiento al Socialismo, una desde el gobierno y otra desde la oposici\u00f3n en el contexto de una m\u00faltiple crisis econ\u00f3mica e institucional que tiende a agudizarse.<\/p>\n<p>En ese contexto, se llam\u00f3 a defender los aportes de los trabajadores del Fondo de la Seguridad Social de Largo Plazo, ante acciones de la Gerencia General de la Gestora en las que se pone en riesgo los fondos del Sistema Integral de Pensiones.<\/p>\n<p>Asimismo, se alerta al pa\u00eds por la inseguridad alimentaria expresada en el incremento de precios, desabastecimiento y contrabando, que una vez m\u00e1s demuestran el fracaso del modelo comunitario productivo.<\/p>\n<p>\u201cConade contin\u00faa trabajando para alcanzar la unidad de las fuerzas democr\u00e1ticas en una articulaci\u00f3n que sea verdaderamente alternativa al MAS\u201d, se\u00f1ala concluye el documento.<\/p>\n","protected":false},"excerpt":{"rendered":"<p>Asegurando que el m\u00e9todo y las estrategias pol\u00edticas de Evo Morales solo son efectivas cuando existe divisi\u00f3n en la sociedad boliviana, el representante del Comit\u00e9 Nacional en Defensa de la Democracia (Conade), Julio Alvarado, denunci\u00f3 que el dirigente cocalero busca, nuevamente, convulsionar el pa\u00eds con bloqueos y enfrentamientos, cuando la \u00fanica soluci\u00f3n en la actual [&hellip;]<\/p>\n","protected":false},"author":1,"featured_media":226330,"comment_status":"open","ping_status":"open","sticky":false,"template":"","format":"standard","meta":{"_acf_changed":false,"footnotes":""},"categories":[15],"tags":[],"class_list":["post-226329","post","type-post","status-publish","format-standard","has-post-thumbnail","category-portada"],"acf":{"antetitulo":"Con intereses pol\u00edticos "},"yoast_head":"<!-- This site is optimized with the Yoast SEO plugin v28.3 - https:\/\/yoast.com\/product\/yoast-seo-wordpress\/ -->\n<title>Morales busca convulsionar y enfrentar a la sociedad boliviana - El Diario - Bolivia<\/title>\n<meta name=\"robots\" content=\"index, follow, max-snippet:-1, max-image-preview:large, max-video-preview:-1\" \/>\n<link rel=\"canonical\" href=\"https:\/\/www.eldiario.net\/portal\/2024\/06\/11\/morales-busca-convulsionar-y-enfrentar-a-la-sociedad-boliviana\/\" \/>\n<meta property=\"og:locale\" content=\"es_ES\" \/>\n<meta property=\"og:type\" content=\"article\" \/>\n<meta property=\"og:title\" content=\"Morales busca convulsionar y enfrentar a la sociedad boliviana - El Diario - Bolivia\" \/>\n<meta property=\"og:description\" content=\"Asegurando que el m\u00e9todo y las estrategias pol\u00edticas de Evo Morales solo son efectivas cuando existe divisi\u00f3n en la sociedad boliviana, el representante del Comit\u00e9 Nacional en Defensa de la Democracia (Conade), Julio Alvarado, denunci\u00f3 que el dirigente cocalero busca, nuevamente, convulsionar el pa\u00eds con bloqueos y enfrentamientos, cuando la \u00fanica soluci\u00f3n en la actual [&hellip;]\" \/>\n<meta property=\"og:url\" content=\"https:\/\/www.eldiario.net\/portal\/2024\/06\/11\/morales-busca-convulsionar-y-enfrentar-a-la-sociedad-boliviana\/\" \/>\n<meta property=\"og:site_name\" content=\"El Diario - Bolivia\" \/>\n<meta property=\"article:publisher\" content=\"https:\/\/www.facebook.com\/eldiario.bolivia\/\" \/>\n<meta property=\"article:published_time\" content=\"2024-06-11T10:09:21+00:00\" \/>\n<meta property=\"og:image\" content=\"https:\/\/www.eldiario.net\/portal\/wp-content\/uploads\/2024\/06\/ENFRENTAR-FOTO.jpg\" \/>\n\t<meta property=\"og:image:width\" content=\"480\" \/>\n\t<meta property=\"og:image:height\" content=\"270\" \/>\n\t<meta property=\"og:image:type\" content=\"image\/jpeg\" \/>\n<meta name=\"author\" content=\"Jeanette\" \/>\n<meta name=\"twitter:card\" content=\"summary_large_image\" \/>\n<meta name=\"twitter:creator\" content=\"@eldiario_net\" \/>\n<meta name=\"twitter:site\" content=\"@eldiario_net\" \/>\n<meta name=\"twitter:label1\" content=\"Escrito por\" \/>\n\t<meta name=\"twitter:data1\" content=\"Jeanette\" \/>\n\t<meta name=\"twitter:label2\" content=\"Tiempo de lectura\" \/>\n\t<meta name=\"twitter:data2\" content=\"3 minutos\" \/>\n<script type=\"application\/ld+json\" class=\"yoast-schema-graph\">{\"@context\":\"https:\\\/\\\/schema.org\",\"@graph\":[{\"@type\":\"Article\",\"@id\":\"https:\\\/\\\/www.eldiario.net\\\/portal\\\/2024\\\/06\\\/11\\\/morales-busca-convulsionar-y-enfrentar-a-la-sociedad-boliviana\\\/#article\",\"isPartOf\":{\"@id\":\"https:\\\/\\\/www.eldiario.net\\\/portal\\\/2024\\\/06\\\/11\\\/morales-busca-convulsionar-y-enfrentar-a-la-sociedad-boliviana\\\/\"},\"author\":{\"name\":\"Jeanette\",\"@id\":\"https:\\\/\\\/www.eldiario.net\\\/portal\\\/#\\\/schema\\\/person\\\/f46445640444750d7d753ccd04ae01b7\"},\"headline\":\"Morales busca convulsionar y enfrentar a la sociedad boliviana\",\"datePublished\":\"2024-06-11T10:09:21+00:00\",\"mainEntityOfPage\":{\"@id\":\"https:\\\/\\\/www.eldiario.net\\\/portal\\\/2024\\\/06\\\/11\\\/morales-busca-convulsionar-y-enfrentar-a-la-sociedad-boliviana\\\/\"},\"wordCount\":437,\"commentCount\":0,\"publisher\":{\"@id\":\"https:\\\/\\\/www.eldiario.net\\\/portal\\\/#organization\"},\"image\":{\"@id\":\"https:\\\/\\\/www.eldiario.net\\\/portal\\\/2024\\\/06\\\/11\\\/morales-busca-convulsionar-y-enfrentar-a-la-sociedad-boliviana\\\/#primaryimage\"},\"thumbnailUrl\":\"https:\\\/\\\/www.eldiario.net\\\/portal\\\/wp-content\\\/uploads\\\/2024\\\/06\\\/ENFRENTAR-FOTO.jpg\",\"articleSection\":[\"Portada\"],\"inLanguage\":\"es\",\"potentialAction\":[{\"@type\":\"CommentAction\",\"name\":\"Comment\",\"target\":[\"https:\\\/\\\/www.eldiario.net\\\/portal\\\/2024\\\/06\\\/11\\\/morales-busca-convulsionar-y-enfrentar-a-la-sociedad-boliviana\\\/#respond\"]}]},{\"@type\":\"WebPage\",\"@id\":\"https:\\\/\\\/www.eldiario.net\\\/portal\\\/2024\\\/06\\\/11\\\/morales-busca-convulsionar-y-enfrentar-a-la-sociedad-boliviana\\\/\",\"url\":\"https:\\\/\\\/www.eldiario.net\\\/portal\\\/2024\\\/06\\\/11\\\/morales-busca-convulsionar-y-enfrentar-a-la-sociedad-boliviana\\\/\",\"name\":\"Morales busca convulsionar y enfrentar a la sociedad boliviana - El Diario - Bolivia\",\"isPartOf\":{\"@id\":\"https:\\\/\\\/www.eldiario.net\\\/portal\\\/#website\"},\"primaryImageOfPage\":{\"@id\":\"https:\\\/\\\/www.eldiario.net\\\/portal\\\/2024\\\/06\\\/11\\\/morales-busca-convulsionar-y-enfrentar-a-la-sociedad-boliviana\\\/#primaryimage\"},\"image\":{\"@id\":\"https:\\\/\\\/www.eldiario.net\\\/portal\\\/2024\\\/06\\\/11\\\/morales-busca-convulsionar-y-enfrentar-a-la-sociedad-boliviana\\\/#primaryimage\"},\"thumbnailUrl\":\"https:\\\/\\\/www.eldiario.net\\\/portal\\\/wp-content\\\/uploads\\\/2024\\\/06\\\/ENFRENTAR-FOTO.jpg\",\"datePublished\":\"2024-06-11T10:09:21+00:00\",\"breadcrumb\":{\"@id\":\"https:\\\/\\\/www.eldiario.net\\\/portal\\\/2024\\\/06\\\/11\\\/morales-busca-convulsionar-y-enfrentar-a-la-sociedad-boliviana\\\/#breadcrumb\"},\"inLanguage\":\"es\",\"potentialAction\":[{\"@type\":\"ReadAction\",\"target\":[\"https:\\\/\\\/www.eldiario.net\\\/portal\\\/2024\\\/06\\\/11\\\/morales-busca-convulsionar-y-enfrentar-a-la-sociedad-boliviana\\\/\"]}]},{\"@type\":\"ImageObject\",\"inLanguage\":\"es\",\"@id\":\"https:\\\/\\\/www.eldiario.net\\\/portal\\\/2024\\\/06\\\/11\\\/morales-busca-convulsionar-y-enfrentar-a-la-sociedad-boliviana\\\/#primaryimage\",\"url\":\"https:\\\/\\\/www.eldiario.net\\\/portal\\\/wp-content\\\/uploads\\\/2024\\\/06\\\/ENFRENTAR-FOTO.jpg\",\"contentUrl\":\"https:\\\/\\\/www.eldiario.net\\\/portal\\\/wp-content\\\/uploads\\\/2024\\\/06\\\/ENFRENTAR-FOTO.jpg\",\"width\":480,\"height\":270,\"caption\":\"Julio Alvarado, miembro del Conade. CREDITOS \\\/ RRSS\"},{\"@type\":\"BreadcrumbList\",\"@id\":\"https:\\\/\\\/www.eldiario.net\\\/portal\\\/2024\\\/06\\\/11\\\/morales-busca-convulsionar-y-enfrentar-a-la-sociedad-boliviana\\\/#breadcrumb\",\"itemListElement\":[{\"@type\":\"ListItem\",\"position\":1,\"name\":\"Portada\",\"item\":\"https:\\\/\\\/www.eldiario.net\\\/portal\\\/\"},{\"@type\":\"ListItem\",\"position\":2,\"name\":\"Morales busca convulsionar y enfrentar a la sociedad boliviana\"}]},{\"@type\":\"WebSite\",\"@id\":\"https:\\\/\\\/www.eldiario.net\\\/portal\\\/#website\",\"url\":\"https:\\\/\\\/www.eldiario.net\\\/portal\\\/\",\"name\":\"El Diario - Decano de la prensa nacional\",\"description\":\"El Diario - Decano de la prensa nacional\",\"publisher\":{\"@id\":\"https:\\\/\\\/www.eldiario.net\\\/portal\\\/#organization\"},\"potentialAction\":[{\"@type\":\"SearchAction\",\"target\":{\"@type\":\"EntryPoint\",\"urlTemplate\":\"https:\\\/\\\/www.eldiario.net\\\/portal\\\/?s={search_term_string}\"},\"query-input\":{\"@type\":\"PropertyValueSpecification\",\"valueRequired\":true,\"valueName\":\"search_term_string\"}}],\"inLanguage\":\"es\"},{\"@type\":\"Organization\",\"@id\":\"https:\\\/\\\/www.eldiario.net\\\/portal\\\/#organization\",\"name\":\"El Diario - Decano de la prensa nacional\",\"url\":\"https:\\\/\\\/www.eldiario.net\\\/portal\\\/\",\"logo\":{\"@type\":\"ImageObject\",\"inLanguage\":\"es\",\"@id\":\"https:\\\/\\\/www.eldiario.net\\\/portal\\\/#\\\/schema\\\/logo\\\/image\\\/\",\"url\":\"https:\\\/\\\/www.eldiario.net\\\/portal\\\/wp-content\\\/uploads\\\/2023\\\/07\\\/logo_ED.jpg\",\"contentUrl\":\"https:\\\/\\\/www.eldiario.net\\\/portal\\\/wp-content\\\/uploads\\\/2023\\\/07\\\/logo_ED.jpg\",\"width\":272,\"height\":52,\"caption\":\"El Diario - Decano de la prensa nacional\"},\"image\":{\"@id\":\"https:\\\/\\\/www.eldiario.net\\\/portal\\\/#\\\/schema\\\/logo\\\/image\\\/\"},\"sameAs\":[\"https:\\\/\\\/www.facebook.com\\\/eldiario.bolivia\\\/\",\"https:\\\/\\\/x.com\\\/eldiario_net\"]},{\"@type\":\"Person\",\"@id\":\"https:\\\/\\\/www.eldiario.net\\\/portal\\\/#\\\/schema\\\/person\\\/f46445640444750d7d753ccd04ae01b7\",\"name\":\"Jeanette\",\"image\":{\"@type\":\"ImageObject\",\"inLanguage\":\"es\",\"@id\":\"https:\\\/\\\/secure.gravatar.com\\\/avatar\\\/3ea2118a5f7dad2b7138b1187a6b7ee55f160b9968b66013c3a3ef39dd7e5798?s=96&d=mm&r=g\",\"url\":\"https:\\\/\\\/secure.gravatar.com\\\/avatar\\\/3ea2118a5f7dad2b7138b1187a6b7ee55f160b9968b66013c3a3ef39dd7e5798?s=96&d=mm&r=g\",\"contentUrl\":\"https:\\\/\\\/secure.gravatar.com\\\/avatar\\\/3ea2118a5f7dad2b7138b1187a6b7ee55f160b9968b66013c3a3ef39dd7e5798?s=96&d=mm&r=g\",\"caption\":\"Jeanette\"},\"sameAs\":[\"https:\\\/\\\/www.eldiario.net\\\/portal\"],\"url\":\"https:\\\/\\\/www.eldiario.net\\\/portal\\\/author\\\/jeanette\\\/\"}]}<\/script>\n<!-- \/ Yoast SEO plugin. -->","yoast_head_json":{"title":"Morales busca convulsionar y enfrentar a la sociedad boliviana - El Diario - Bolivia","robots":{"index":"index","follow":"follow","max-snippet":"max-snippet:-1","max-image-preview":"max-image-preview:large","max-video-preview":"max-video-preview:-1"},"canonical":"https:\/\/www.eldiario.net\/portal\/2024\/06\/11\/morales-busca-convulsionar-y-enfrentar-a-la-sociedad-boliviana\/","og_locale":"es_ES","og_type":"article","og_title":"Morales busca convulsionar y enfrentar a la sociedad boliviana - El Diario - Bolivia","og_description":"Asegurando que el m\u00e9todo y las estrategias pol\u00edticas de Evo Morales solo son efectivas cuando existe divisi\u00f3n en la sociedad boliviana, el representante del Comit\u00e9 Nacional en Defensa de la Democracia (Conade), Julio Alvarado, denunci\u00f3 que el dirigente cocalero busca, nuevamente, convulsionar el pa\u00eds con bloqueos y enfrentamientos, cuando la \u00fanica soluci\u00f3n en la actual [&hellip;]","og_url":"https:\/\/www.eldiario.net\/portal\/2024\/06\/11\/morales-busca-convulsionar-y-enfrentar-a-la-sociedad-boliviana\/","og_site_name":"El Diario - Bolivia","article_publisher":"https:\/\/www.facebook.com\/eldiario.bolivia\/","article_published_time":"2024-06-11T10:09:21+00:00","og_image":[{"width":480,"height":270,"url":"https:\/\/www.eldiario.net\/portal\/wp-content\/uploads\/2024\/06\/ENFRENTAR-FOTO.jpg","type":"image\/jpeg"}],"author":"Jeanette","twitter_card":"summary_large_image","twitter_creator":"@eldiario_net","twitter_site":"@eldiario_net","twitter_misc":{"Escrito por":"Jeanette","Tiempo de lectura":"3 minutos"},"schema":{"@context":"https:\/\/schema.org","@graph":[{"@type":"Article","@id":"https:\/\/www.eldiario.net\/portal\/2024\/06\/11\/morales-busca-convulsionar-y-enfrentar-a-la-sociedad-boliviana\/#article","isPartOf":{"@id":"https:\/\/www.eldiario.net\/portal\/2024\/06\/11\/morales-busca-convulsionar-y-enfrentar-a-la-sociedad-boliviana\/"},"author":{"name":"Jeanette","@id":"https:\/\/www.eldiario.net\/portal\/#\/schema\/person\/f46445640444750d7d753ccd04ae01b7"},"headline":"Morales busca convulsionar y enfrentar a la sociedad boliviana","datePublished":"2024-06-11T10:09:21+00:00","mainEntityOfPage":{"@id":"https:\/\/www.eldiario.net\/portal\/2024\/06\/11\/morales-busca-convulsionar-y-enfrentar-a-la-sociedad-boliviana\/"},"wordCount":437,"commentCount":0,"publisher":{"@id":"https:\/\/www.eldiario.net\/portal\/#organization"},"image":{"@id":"https:\/\/www.eldiario.net\/portal\/2024\/06\/11\/morales-busca-convulsionar-y-enfrentar-a-la-sociedad-boliviana\/#primaryimage"},"thumbnailUrl":"https:\/\/www.eldiario.net\/portal\/wp-content\/uploads\/2024\/06\/ENFRENTAR-FOTO.jpg","articleSection":["Portada"],"inLanguage":"es","potentialAction":[{"@type":"CommentAction","name":"Comment","target":["https:\/\/www.eldiario.net\/portal\/2024\/06\/11\/morales-busca-convulsionar-y-enfrentar-a-la-sociedad-boliviana\/#respond"]}]},{"@type":"WebPage","@id":"https:\/\/www.eldiario.net\/portal\/2024\/06\/11\/morales-busca-convulsionar-y-enfrentar-a-la-sociedad-boliviana\/","url":"https:\/\/www.eldiario.net\/portal\/2024\/06\/11\/morales-busca-convulsionar-y-enfrentar-a-la-sociedad-boliviana\/","name":"Morales busca convulsionar y enfrentar a la sociedad boliviana - El Diario - Bolivia","isPartOf":{"@id":"https:\/\/www.eldiario.net\/portal\/#website"},"primaryImageOfPage":{"@id":"https:\/\/www.eldiario.net\/portal\/2024\/06\/11\/morales-busca-convulsionar-y-enfrentar-a-la-sociedad-boliviana\/#primaryimage"},"image":{"@id":"https:\/\/www.eldiario.net\/portal\/2024\/06\/11\/morales-busca-convulsionar-y-enfrentar-a-la-sociedad-boliviana\/#primaryimage"},"thumbnailUrl":"https:\/\/www.eldiario.net\/portal\/wp-content\/uploads\/2024\/06\/ENFRENTAR-FOTO.jpg","datePublished":"2024-06-11T10:09:21+00:00","breadcrumb":{"@id":"https:\/\/www.eldiario.net\/portal\/2024\/06\/11\/morales-busca-convulsionar-y-enfrentar-a-la-sociedad-boliviana\/#breadcrumb"},"inLanguage":"es","potentialAction":[{"@type":"ReadAction","target":["https:\/\/www.eldiario.net\/portal\/2024\/06\/11\/morales-busca-convulsionar-y-enfrentar-a-la-sociedad-boliviana\/"]}]},{"@type":"ImageObject","inLanguage":"es","@id":"https:\/\/www.eldiario.net\/portal\/2024\/06\/11\/morales-busca-convulsionar-y-enfrentar-a-la-sociedad-boliviana\/#primaryimage","url":"https:\/\/www.eldiario.net\/portal\/wp-content\/uploads\/2024\/06\/ENFRENTAR-FOTO.jpg","contentUrl":"https:\/\/www.eldiario.net\/portal\/wp-content\/uploads\/2024\/06\/ENFRENTAR-FOTO.jpg","width":480,"height":270,"caption":"Julio Alvarado, miembro del Conade. CREDITOS \/ RRSS"},{"@type":"BreadcrumbList","@id":"https:\/\/www.eldiario.net\/portal\/2024\/06\/11\/morales-busca-convulsionar-y-enfrentar-a-la-sociedad-boliviana\/#breadcrumb","itemListElement":[{"@type":"ListItem","position":1,"name":"Portada","item":"https:\/\/www.eldiario.net\/portal\/"},{"@type":"ListItem","position":2,"name":"Morales busca convulsionar y enfrentar a la sociedad boliviana"}]},{"@type":"WebSite","@id":"https:\/\/www.eldiario.net\/portal\/#website","url":"https:\/\/www.eldiario.net\/portal\/","name":"El Diario - Decano de la prensa nacional","description":"El Diario - Decano de la prensa nacional","publisher":{"@id":"https:\/\/www.eldiario.net\/portal\/#organization"},"potentialAction":[{"@type":"SearchAction","target":{"@type":"EntryPoint","urlTemplate":"https:\/\/www.eldiario.net\/portal\/?s={search_term_string}"},"query-input":{"@type":"PropertyValueSpecification","valueRequired":true,"valueName":"search_term_string"}}],"inLanguage":"es"},{"@type":"Organization","@id":"https:\/\/www.eldiario.net\/portal\/#organization","name":"El Diario - Decano de la prensa nacional","url":"https:\/\/www.eldiario.net\/portal\/","logo":{"@type":"ImageObject","inLanguage":"es","@id":"https:\/\/www.eldiario.net\/portal\/#\/schema\/logo\/image\/","url":"https:\/\/www.eldiario.net\/portal\/wp-content\/uploads\/2023\/07\/logo_ED.jpg","contentUrl":"https:\/\/www.eldiario.net\/portal\/wp-content\/uploads\/2023\/07\/logo_ED.jpg","width":272,"height":52,"caption":"El Diario - Decano de la prensa nacional"},"image":{"@id":"https:\/\/www.eldiario.net\/portal\/#\/schema\/logo\/image\/"},"sameAs":["https:\/\/www.facebook.com\/eldiario.bolivia\/","https:\/\/x.com\/eldiario_net"]},{"@type":"Person","@id":"https:\/\/www.eldiario.net\/portal\/#\/schema\/person\/f46445640444750d7d753ccd04ae01b7","name":"Jeanette","image":{"@type":"ImageObject","inLanguage":"es","@id":"https:\/\/secure.gravatar.com\/avatar\/3ea2118a5f7dad2b7138b1187a6b7ee55f160b9968b66013c3a3ef39dd7e5798?s=96&d=mm&r=g","url":"https:\/\/secure.gravatar.com\/avatar\/3ea2118a5f7dad2b7138b1187a6b7ee55f160b9968b66013c3a3ef39dd7e5798?s=96&d=mm&r=g","contentUrl":"https:\/\/secure.gravatar.com\/avatar\/3ea2118a5f7dad2b7138b1187a6b7ee55f160b9968b66013c3a3ef39dd7e5798?s=96&d=mm&r=g","caption":"Jeanette"},"sameAs":["https:\/\/www.eldiario.net\/portal"],"url":"https:\/\/www.eldiario.net\/portal\/author\/jeanette\/"}]}},"_links":{"self":[{"href":"https:\/\/www.eldiario.net\/portal\/wp-json\/wp\/v2\/posts\/226329","targetHints":{"allow":["GET"]}}],"collection":[{"href":"https:\/\/www.eldiario.net\/portal\/wp-json\/wp\/v2\/posts"}],"about":[{"href":"https:\/\/www.eldiario.net\/portal\/wp-json\/wp\/v2\/types\/post"}],"author":[{"embeddable":true,"href":"https:\/\/www.eldiario.net\/portal\/wp-json\/wp\/v2\/users\/1"}],"replies":[{"embeddable":true,"href":"https:\/\/www.eldiario.net\/portal\/wp-json\/wp\/v2\/comments?post=226329"}],"version-history":[{"count":1,"href":"https:\/\/www.eldiario.net\/portal\/wp-json\/wp\/v2\/posts\/226329\/revisions"}],"predecessor-version":[{"id":226331,"href":"https:\/\/www.eldiario.net\/portal\/wp-json\/wp\/v2\/posts\/226329\/revisions\/226331"}],"wp:featuredmedia":[{"embeddable":true,"href":"https:\/\/www.eldiario.net\/portal\/wp-json\/wp\/v2\/media\/226330"}],"wp:attachment":[{"href":"https:\/\/www.eldiario.net\/portal\/wp-json\/wp\/v2\/media?parent=226329"}],"wp:term":[{"taxonomy":"category","embeddable":true,"href":"https:\/\/www.eldiario.net\/portal\/wp-json\/wp\/v2\/categories?post=226329"},{"taxonomy":"post_tag","embeddable":true,"href":"https:\/\/www.eldiario.net\/portal\/wp-json\/wp\/v2\/tags?post=226329"}],"curies":[{"name":"wp","href":"https:\/\/api.w.org\/{rel}","templated":true}]}}