{"id":226326,"date":"2024-06-11T06:08:45","date_gmt":"2024-06-11T10:08:45","guid":{"rendered":"https:\/\/www.eldiario.net\/portal\/?p=226326"},"modified":"2024-06-11T06:08:45","modified_gmt":"2024-06-11T10:08:45","slug":"comunidades-de-tierras-bajas-expresan-contundente-rechazo-a-la-mineria","status":"publish","type":"post","link":"https:\/\/www.eldiario.net\/portal\/2024\/06\/11\/comunidades-de-tierras-bajas-expresan-contundente-rechazo-a-la-mineria\/","title":{"rendered":"Comunidades de tierras bajas expresan  contundente rechazo a la miner\u00eda"},"content":{"rendered":"<p>Representantes de m\u00e1s de 200 comunidades de tierras bajas de Santa Cruz, La Paz, Beni y Pando, emitieron un contundente pronunciamiento en el que se declaran en estado de emergencia y rechazan las actividades de la miner\u00eda tanto legal como ilegal por los abusos y atropellos que provocan.<\/p>\n<p>El documento inicia su fase resolutiva considerando que no son necesarias m\u00e1s leyes, sino el cumplimiento de las que ya existen, desde la Constituci\u00f3n Pol\u00edtica del Estado, (CPE), y leyes, as\u00ed como tratados y convenios internacionales que amparan los derechos de los pueblos ind\u00edgenas y poblaciones locales a un medio ambiente y biodiversidad sanos.<\/p>\n<p>El pronunciamiento emitido por Territorios Comunitarios de Origen (TCO), consejos comunales, mujeres chiquitanas y centrales ind\u00edgenas, entre otras, reivindica el derecho al acceso a la informaci\u00f3n por parte del Estado respecto a las \u00e1reas mineras, sus proyectos e impactos, al considerar que la Autoridad Jurisdiccional Administrativa Minera (AJAM), entre otras, ha restringido a la sociedad civil el acceso a esas informaciones.<\/p>\n<p>Rechazaron contundentemente la entrega de derechos a operadores mineros en \u00e1reas protegidas tanto nacionales como municipales, as\u00ed como unidades de conservaci\u00f3n del patrimonio natural (UCPN), comprendiendo adem\u00e1s sus respectivas zonas de amortiguamiento.<\/p>\n<p>El rechazo tambi\u00e9n se extiende al denominado derecho preconstituido que consideran un privilegio otorgado al sector minero mediante la Ley de Miner\u00eda y Metalurgia N\u00b0 535 y que permite a ese sector ingresar a operar en territorios ind\u00edgenas y \u00e1reas protegidas.<\/p>\n<p>De igual manera, se enfatiza en reivindicar el derecho a la consulta previa libre e informada, haciendo hincapi\u00e9 en el consentimiento de los pueblos afectados, en estricta sujeci\u00f3n a los convenios internacionales.<\/p>\n<p>Tambi\u00e9n se demand\u00f3 el estricto cumplimiento del Acuerdo de Escaz\u00fa que determina que los gobiernos proporcionen la informaci\u00f3n ambiental que les sea requerida (Rindhca)<\/p>\n<p>Ante los permanentes retrasos y desidia por parte de las autoridades a proporcionar a la prensa y a la ciudadan\u00eda informaci\u00f3n oportuna sobre la cuesti\u00f3n medioambiental, las comunidades de tierras bajas exigieron la aplicaci\u00f3n del Acuerdo de Escaz\u00fa, un convenio internacional suscrito y ratificado por nuestro pa\u00eds para informar respecto a lo concerniente a la naturaleza, las \u00e1reas de conservaci\u00f3n y proteger a los defensores de los territorios.<\/p>\n<p>Finalmente, a tiempo de ratificar el derecho de los pueblos a la defensa y soberan\u00eda, se resolvi\u00f3 tambi\u00e9n demandar al Estado aplicar pol\u00edticas p\u00fablicas orientadas a fortalecer actividades productivas sostenibles con el medio ambiente, considerando que en ello se encuentra el verdadero desarrollo.<\/p>\n<p>Fueron ocho las resoluciones en ese sentido adoptadas por el pronunciamiento realizado en el marco del encuentro \u201cMiner\u00eda en Tierras Bajas\u201d realizado los d\u00edas 7 y 8 de junio en la capital cruce\u00f1a por Productividad, Biosfera, Medio Ambiente (Probioma), Centro de Documentaci\u00f3n e Informaci\u00f3n-Bolivia (Cedib), la Universidad NUR,\u00a0 la Central Ind\u00edgena Chiquitana Amanecer Robor\u00e9 (Cichar), la Central de Comunidades Ind\u00edgenas de Chiquitos Turub\u00f3 (CICH-T) y la Coordinadora Nacional de Defensa de Territorios Ind\u00edgenas y Defensa de \u00c1reas Protegidas de Bolivia (Contiocap). (ANA\/Erbol)<\/p>\n<p>PIE DE FOTO: Los pueblos y comunidades de tierras bajas emitieron un documento que demanda al Gobierno a fomentar la producci\u00f3n sostenible y rechaza contundentemente a la miner\u00eda<\/p>\n","protected":false},"excerpt":{"rendered":"<p>Representantes de m\u00e1s de 200 comunidades de tierras bajas de Santa Cruz, La Paz, Beni y Pando, emitieron un contundente pronunciamiento en el que se declaran en estado de emergencia y rechazan las actividades de la miner\u00eda tanto legal como ilegal por los abusos y atropellos que provocan. El documento inicia su fase resolutiva considerando [&hellip;]<\/p>\n","protected":false},"author":1,"featured_media":226327,"comment_status":"open","ping_status":"open","sticky":false,"template":"","format":"standard","meta":{"_acf_changed":false,"footnotes":""},"categories":[15],"tags":[],"class_list":["post-226326","post","type-post","status-publish","format-standard","has-post-thumbnail","category-portada"],"acf":{"antetitulo":""},"yoast_head":"<!-- This site is optimized with the Yoast SEO plugin v28.3 - https:\/\/yoast.com\/product\/yoast-seo-wordpress\/ -->\n<title>Comunidades de tierras bajas expresan contundente rechazo a la miner\u00eda - El Diario - Bolivia<\/title>\n<meta name=\"robots\" content=\"index, follow, max-snippet:-1, max-image-preview:large, max-video-preview:-1\" \/>\n<link rel=\"canonical\" href=\"https:\/\/www.eldiario.net\/portal\/2024\/06\/11\/comunidades-de-tierras-bajas-expresan-contundente-rechazo-a-la-mineria\/\" \/>\n<meta property=\"og:locale\" content=\"es_ES\" \/>\n<meta property=\"og:type\" content=\"article\" \/>\n<meta property=\"og:title\" content=\"Comunidades de tierras bajas expresan contundente rechazo a la miner\u00eda - El Diario - Bolivia\" \/>\n<meta property=\"og:description\" content=\"Representantes de m\u00e1s de 200 comunidades de tierras bajas de Santa Cruz, La Paz, Beni y Pando, emitieron un contundente pronunciamiento en el que se declaran en estado de emergencia y rechazan las actividades de la miner\u00eda tanto legal como ilegal por los abusos y atropellos que provocan. El documento inicia su fase resolutiva considerando [&hellip;]\" \/>\n<meta property=\"og:url\" content=\"https:\/\/www.eldiario.net\/portal\/2024\/06\/11\/comunidades-de-tierras-bajas-expresan-contundente-rechazo-a-la-mineria\/\" \/>\n<meta property=\"og:site_name\" content=\"El Diario - Bolivia\" \/>\n<meta property=\"article:publisher\" content=\"https:\/\/www.facebook.com\/eldiario.bolivia\/\" \/>\n<meta property=\"article:published_time\" content=\"2024-06-11T10:08:45+00:00\" \/>\n<meta property=\"og:image\" content=\"https:\/\/www.eldiario.net\/portal\/wp-content\/uploads\/2024\/06\/MINERIA-FOTO.jpg\" \/>\n\t<meta property=\"og:image:width\" content=\"626\" \/>\n\t<meta property=\"og:image:height\" content=\"720\" \/>\n\t<meta property=\"og:image:type\" content=\"image\/jpeg\" \/>\n<meta name=\"author\" content=\"Jeanette\" \/>\n<meta name=\"twitter:card\" content=\"summary_large_image\" \/>\n<meta name=\"twitter:creator\" content=\"@eldiario_net\" \/>\n<meta name=\"twitter:site\" content=\"@eldiario_net\" \/>\n<meta name=\"twitter:label1\" content=\"Escrito por\" \/>\n\t<meta name=\"twitter:data1\" content=\"Jeanette\" \/>\n\t<meta name=\"twitter:label2\" content=\"Tiempo de lectura\" \/>\n\t<meta name=\"twitter:data2\" content=\"3 minutos\" \/>\n<script type=\"application\/ld+json\" class=\"yoast-schema-graph\">{\"@context\":\"https:\\\/\\\/schema.org\",\"@graph\":[{\"@type\":\"Article\",\"@id\":\"https:\\\/\\\/www.eldiario.net\\\/portal\\\/2024\\\/06\\\/11\\\/comunidades-de-tierras-bajas-expresan-contundente-rechazo-a-la-mineria\\\/#article\",\"isPartOf\":{\"@id\":\"https:\\\/\\\/www.eldiario.net\\\/portal\\\/2024\\\/06\\\/11\\\/comunidades-de-tierras-bajas-expresan-contundente-rechazo-a-la-mineria\\\/\"},\"author\":{\"name\":\"Jeanette\",\"@id\":\"https:\\\/\\\/www.eldiario.net\\\/portal\\\/#\\\/schema\\\/person\\\/f46445640444750d7d753ccd04ae01b7\"},\"headline\":\"Comunidades de tierras bajas expresan contundente rechazo a la miner\u00eda\",\"datePublished\":\"2024-06-11T10:08:45+00:00\",\"mainEntityOfPage\":{\"@id\":\"https:\\\/\\\/www.eldiario.net\\\/portal\\\/2024\\\/06\\\/11\\\/comunidades-de-tierras-bajas-expresan-contundente-rechazo-a-la-mineria\\\/\"},\"wordCount\":557,\"commentCount\":0,\"publisher\":{\"@id\":\"https:\\\/\\\/www.eldiario.net\\\/portal\\\/#organization\"},\"image\":{\"@id\":\"https:\\\/\\\/www.eldiario.net\\\/portal\\\/2024\\\/06\\\/11\\\/comunidades-de-tierras-bajas-expresan-contundente-rechazo-a-la-mineria\\\/#primaryimage\"},\"thumbnailUrl\":\"https:\\\/\\\/www.eldiario.net\\\/portal\\\/wp-content\\\/uploads\\\/2024\\\/06\\\/MINERIA-FOTO.jpg\",\"articleSection\":[\"Portada\"],\"inLanguage\":\"es\",\"potentialAction\":[{\"@type\":\"CommentAction\",\"name\":\"Comment\",\"target\":[\"https:\\\/\\\/www.eldiario.net\\\/portal\\\/2024\\\/06\\\/11\\\/comunidades-de-tierras-bajas-expresan-contundente-rechazo-a-la-mineria\\\/#respond\"]}]},{\"@type\":\"WebPage\",\"@id\":\"https:\\\/\\\/www.eldiario.net\\\/portal\\\/2024\\\/06\\\/11\\\/comunidades-de-tierras-bajas-expresan-contundente-rechazo-a-la-mineria\\\/\",\"url\":\"https:\\\/\\\/www.eldiario.net\\\/portal\\\/2024\\\/06\\\/11\\\/comunidades-de-tierras-bajas-expresan-contundente-rechazo-a-la-mineria\\\/\",\"name\":\"Comunidades de tierras bajas expresan contundente rechazo a la miner\u00eda - El Diario - Bolivia\",\"isPartOf\":{\"@id\":\"https:\\\/\\\/www.eldiario.net\\\/portal\\\/#website\"},\"primaryImageOfPage\":{\"@id\":\"https:\\\/\\\/www.eldiario.net\\\/portal\\\/2024\\\/06\\\/11\\\/comunidades-de-tierras-bajas-expresan-contundente-rechazo-a-la-mineria\\\/#primaryimage\"},\"image\":{\"@id\":\"https:\\\/\\\/www.eldiario.net\\\/portal\\\/2024\\\/06\\\/11\\\/comunidades-de-tierras-bajas-expresan-contundente-rechazo-a-la-mineria\\\/#primaryimage\"},\"thumbnailUrl\":\"https:\\\/\\\/www.eldiario.net\\\/portal\\\/wp-content\\\/uploads\\\/2024\\\/06\\\/MINERIA-FOTO.jpg\",\"datePublished\":\"2024-06-11T10:08:45+00:00\",\"breadcrumb\":{\"@id\":\"https:\\\/\\\/www.eldiario.net\\\/portal\\\/2024\\\/06\\\/11\\\/comunidades-de-tierras-bajas-expresan-contundente-rechazo-a-la-mineria\\\/#breadcrumb\"},\"inLanguage\":\"es\",\"potentialAction\":[{\"@type\":\"ReadAction\",\"target\":[\"https:\\\/\\\/www.eldiario.net\\\/portal\\\/2024\\\/06\\\/11\\\/comunidades-de-tierras-bajas-expresan-contundente-rechazo-a-la-mineria\\\/\"]}]},{\"@type\":\"ImageObject\",\"inLanguage\":\"es\",\"@id\":\"https:\\\/\\\/www.eldiario.net\\\/portal\\\/2024\\\/06\\\/11\\\/comunidades-de-tierras-bajas-expresan-contundente-rechazo-a-la-mineria\\\/#primaryimage\",\"url\":\"https:\\\/\\\/www.eldiario.net\\\/portal\\\/wp-content\\\/uploads\\\/2024\\\/06\\\/MINERIA-FOTO.jpg\",\"contentUrl\":\"https:\\\/\\\/www.eldiario.net\\\/portal\\\/wp-content\\\/uploads\\\/2024\\\/06\\\/MINERIA-FOTO.jpg\",\"width\":626,\"height\":720,\"caption\":\"V. Ledezma ANA Bolivia\"},{\"@type\":\"BreadcrumbList\",\"@id\":\"https:\\\/\\\/www.eldiario.net\\\/portal\\\/2024\\\/06\\\/11\\\/comunidades-de-tierras-bajas-expresan-contundente-rechazo-a-la-mineria\\\/#breadcrumb\",\"itemListElement\":[{\"@type\":\"ListItem\",\"position\":1,\"name\":\"Portada\",\"item\":\"https:\\\/\\\/www.eldiario.net\\\/portal\\\/\"},{\"@type\":\"ListItem\",\"position\":2,\"name\":\"Comunidades de tierras bajas expresan contundente rechazo a la miner\u00eda\"}]},{\"@type\":\"WebSite\",\"@id\":\"https:\\\/\\\/www.eldiario.net\\\/portal\\\/#website\",\"url\":\"https:\\\/\\\/www.eldiario.net\\\/portal\\\/\",\"name\":\"El Diario - Decano de la prensa nacional\",\"description\":\"El Diario - Decano de la prensa nacional\",\"publisher\":{\"@id\":\"https:\\\/\\\/www.eldiario.net\\\/portal\\\/#organization\"},\"potentialAction\":[{\"@type\":\"SearchAction\",\"target\":{\"@type\":\"EntryPoint\",\"urlTemplate\":\"https:\\\/\\\/www.eldiario.net\\\/portal\\\/?s={search_term_string}\"},\"query-input\":{\"@type\":\"PropertyValueSpecification\",\"valueRequired\":true,\"valueName\":\"search_term_string\"}}],\"inLanguage\":\"es\"},{\"@type\":\"Organization\",\"@id\":\"https:\\\/\\\/www.eldiario.net\\\/portal\\\/#organization\",\"name\":\"El Diario - Decano de la prensa nacional\",\"url\":\"https:\\\/\\\/www.eldiario.net\\\/portal\\\/\",\"logo\":{\"@type\":\"ImageObject\",\"inLanguage\":\"es\",\"@id\":\"https:\\\/\\\/www.eldiario.net\\\/portal\\\/#\\\/schema\\\/logo\\\/image\\\/\",\"url\":\"https:\\\/\\\/www.eldiario.net\\\/portal\\\/wp-content\\\/uploads\\\/2023\\\/07\\\/logo_ED.jpg\",\"contentUrl\":\"https:\\\/\\\/www.eldiario.net\\\/portal\\\/wp-content\\\/uploads\\\/2023\\\/07\\\/logo_ED.jpg\",\"width\":272,\"height\":52,\"caption\":\"El Diario - Decano de la prensa nacional\"},\"image\":{\"@id\":\"https:\\\/\\\/www.eldiario.net\\\/portal\\\/#\\\/schema\\\/logo\\\/image\\\/\"},\"sameAs\":[\"https:\\\/\\\/www.facebook.com\\\/eldiario.bolivia\\\/\",\"https:\\\/\\\/x.com\\\/eldiario_net\"]},{\"@type\":\"Person\",\"@id\":\"https:\\\/\\\/www.eldiario.net\\\/portal\\\/#\\\/schema\\\/person\\\/f46445640444750d7d753ccd04ae01b7\",\"name\":\"Jeanette\",\"image\":{\"@type\":\"ImageObject\",\"inLanguage\":\"es\",\"@id\":\"https:\\\/\\\/secure.gravatar.com\\\/avatar\\\/3ea2118a5f7dad2b7138b1187a6b7ee55f160b9968b66013c3a3ef39dd7e5798?s=96&d=mm&r=g\",\"url\":\"https:\\\/\\\/secure.gravatar.com\\\/avatar\\\/3ea2118a5f7dad2b7138b1187a6b7ee55f160b9968b66013c3a3ef39dd7e5798?s=96&d=mm&r=g\",\"contentUrl\":\"https:\\\/\\\/secure.gravatar.com\\\/avatar\\\/3ea2118a5f7dad2b7138b1187a6b7ee55f160b9968b66013c3a3ef39dd7e5798?s=96&d=mm&r=g\",\"caption\":\"Jeanette\"},\"sameAs\":[\"https:\\\/\\\/www.eldiario.net\\\/portal\"],\"url\":\"https:\\\/\\\/www.eldiario.net\\\/portal\\\/author\\\/jeanette\\\/\"}]}<\/script>\n<!-- \/ Yoast SEO plugin. -->","yoast_head_json":{"title":"Comunidades de tierras bajas expresan contundente rechazo a la miner\u00eda - El Diario - Bolivia","robots":{"index":"index","follow":"follow","max-snippet":"max-snippet:-1","max-image-preview":"max-image-preview:large","max-video-preview":"max-video-preview:-1"},"canonical":"https:\/\/www.eldiario.net\/portal\/2024\/06\/11\/comunidades-de-tierras-bajas-expresan-contundente-rechazo-a-la-mineria\/","og_locale":"es_ES","og_type":"article","og_title":"Comunidades de tierras bajas expresan contundente rechazo a la miner\u00eda - El Diario - Bolivia","og_description":"Representantes de m\u00e1s de 200 comunidades de tierras bajas de Santa Cruz, La Paz, Beni y Pando, emitieron un contundente pronunciamiento en el que se declaran en estado de emergencia y rechazan las actividades de la miner\u00eda tanto legal como ilegal por los abusos y atropellos que provocan. El documento inicia su fase resolutiva considerando [&hellip;]","og_url":"https:\/\/www.eldiario.net\/portal\/2024\/06\/11\/comunidades-de-tierras-bajas-expresan-contundente-rechazo-a-la-mineria\/","og_site_name":"El Diario - Bolivia","article_publisher":"https:\/\/www.facebook.com\/eldiario.bolivia\/","article_published_time":"2024-06-11T10:08:45+00:00","og_image":[{"width":626,"height":720,"url":"https:\/\/www.eldiario.net\/portal\/wp-content\/uploads\/2024\/06\/MINERIA-FOTO.jpg","type":"image\/jpeg"}],"author":"Jeanette","twitter_card":"summary_large_image","twitter_creator":"@eldiario_net","twitter_site":"@eldiario_net","twitter_misc":{"Escrito por":"Jeanette","Tiempo de lectura":"3 minutos"},"schema":{"@context":"https:\/\/schema.org","@graph":[{"@type":"Article","@id":"https:\/\/www.eldiario.net\/portal\/2024\/06\/11\/comunidades-de-tierras-bajas-expresan-contundente-rechazo-a-la-mineria\/#article","isPartOf":{"@id":"https:\/\/www.eldiario.net\/portal\/2024\/06\/11\/comunidades-de-tierras-bajas-expresan-contundente-rechazo-a-la-mineria\/"},"author":{"name":"Jeanette","@id":"https:\/\/www.eldiario.net\/portal\/#\/schema\/person\/f46445640444750d7d753ccd04ae01b7"},"headline":"Comunidades de tierras bajas expresan contundente rechazo a la miner\u00eda","datePublished":"2024-06-11T10:08:45+00:00","mainEntityOfPage":{"@id":"https:\/\/www.eldiario.net\/portal\/2024\/06\/11\/comunidades-de-tierras-bajas-expresan-contundente-rechazo-a-la-mineria\/"},"wordCount":557,"commentCount":0,"publisher":{"@id":"https:\/\/www.eldiario.net\/portal\/#organization"},"image":{"@id":"https:\/\/www.eldiario.net\/portal\/2024\/06\/11\/comunidades-de-tierras-bajas-expresan-contundente-rechazo-a-la-mineria\/#primaryimage"},"thumbnailUrl":"https:\/\/www.eldiario.net\/portal\/wp-content\/uploads\/2024\/06\/MINERIA-FOTO.jpg","articleSection":["Portada"],"inLanguage":"es","potentialAction":[{"@type":"CommentAction","name":"Comment","target":["https:\/\/www.eldiario.net\/portal\/2024\/06\/11\/comunidades-de-tierras-bajas-expresan-contundente-rechazo-a-la-mineria\/#respond"]}]},{"@type":"WebPage","@id":"https:\/\/www.eldiario.net\/portal\/2024\/06\/11\/comunidades-de-tierras-bajas-expresan-contundente-rechazo-a-la-mineria\/","url":"https:\/\/www.eldiario.net\/portal\/2024\/06\/11\/comunidades-de-tierras-bajas-expresan-contundente-rechazo-a-la-mineria\/","name":"Comunidades de tierras bajas expresan contundente rechazo a la miner\u00eda - El Diario - Bolivia","isPartOf":{"@id":"https:\/\/www.eldiario.net\/portal\/#website"},"primaryImageOfPage":{"@id":"https:\/\/www.eldiario.net\/portal\/2024\/06\/11\/comunidades-de-tierras-bajas-expresan-contundente-rechazo-a-la-mineria\/#primaryimage"},"image":{"@id":"https:\/\/www.eldiario.net\/portal\/2024\/06\/11\/comunidades-de-tierras-bajas-expresan-contundente-rechazo-a-la-mineria\/#primaryimage"},"thumbnailUrl":"https:\/\/www.eldiario.net\/portal\/wp-content\/uploads\/2024\/06\/MINERIA-FOTO.jpg","datePublished":"2024-06-11T10:08:45+00:00","breadcrumb":{"@id":"https:\/\/www.eldiario.net\/portal\/2024\/06\/11\/comunidades-de-tierras-bajas-expresan-contundente-rechazo-a-la-mineria\/#breadcrumb"},"inLanguage":"es","potentialAction":[{"@type":"ReadAction","target":["https:\/\/www.eldiario.net\/portal\/2024\/06\/11\/comunidades-de-tierras-bajas-expresan-contundente-rechazo-a-la-mineria\/"]}]},{"@type":"ImageObject","inLanguage":"es","@id":"https:\/\/www.eldiario.net\/portal\/2024\/06\/11\/comunidades-de-tierras-bajas-expresan-contundente-rechazo-a-la-mineria\/#primaryimage","url":"https:\/\/www.eldiario.net\/portal\/wp-content\/uploads\/2024\/06\/MINERIA-FOTO.jpg","contentUrl":"https:\/\/www.eldiario.net\/portal\/wp-content\/uploads\/2024\/06\/MINERIA-FOTO.jpg","width":626,"height":720,"caption":"V. Ledezma ANA Bolivia"},{"@type":"BreadcrumbList","@id":"https:\/\/www.eldiario.net\/portal\/2024\/06\/11\/comunidades-de-tierras-bajas-expresan-contundente-rechazo-a-la-mineria\/#breadcrumb","itemListElement":[{"@type":"ListItem","position":1,"name":"Portada","item":"https:\/\/www.eldiario.net\/portal\/"},{"@type":"ListItem","position":2,"name":"Comunidades de tierras bajas expresan contundente rechazo a la miner\u00eda"}]},{"@type":"WebSite","@id":"https:\/\/www.eldiario.net\/portal\/#website","url":"https:\/\/www.eldiario.net\/portal\/","name":"El Diario - Decano de la prensa nacional","description":"El Diario - Decano de la prensa nacional","publisher":{"@id":"https:\/\/www.eldiario.net\/portal\/#organization"},"potentialAction":[{"@type":"SearchAction","target":{"@type":"EntryPoint","urlTemplate":"https:\/\/www.eldiario.net\/portal\/?s={search_term_string}"},"query-input":{"@type":"PropertyValueSpecification","valueRequired":true,"valueName":"search_term_string"}}],"inLanguage":"es"},{"@type":"Organization","@id":"https:\/\/www.eldiario.net\/portal\/#organization","name":"El Diario - Decano de la prensa nacional","url":"https:\/\/www.eldiario.net\/portal\/","logo":{"@type":"ImageObject","inLanguage":"es","@id":"https:\/\/www.eldiario.net\/portal\/#\/schema\/logo\/image\/","url":"https:\/\/www.eldiario.net\/portal\/wp-content\/uploads\/2023\/07\/logo_ED.jpg","contentUrl":"https:\/\/www.eldiario.net\/portal\/wp-content\/uploads\/2023\/07\/logo_ED.jpg","width":272,"height":52,"caption":"El Diario - Decano de la prensa nacional"},"image":{"@id":"https:\/\/www.eldiario.net\/portal\/#\/schema\/logo\/image\/"},"sameAs":["https:\/\/www.facebook.com\/eldiario.bolivia\/","https:\/\/x.com\/eldiario_net"]},{"@type":"Person","@id":"https:\/\/www.eldiario.net\/portal\/#\/schema\/person\/f46445640444750d7d753ccd04ae01b7","name":"Jeanette","image":{"@type":"ImageObject","inLanguage":"es","@id":"https:\/\/secure.gravatar.com\/avatar\/3ea2118a5f7dad2b7138b1187a6b7ee55f160b9968b66013c3a3ef39dd7e5798?s=96&d=mm&r=g","url":"https:\/\/secure.gravatar.com\/avatar\/3ea2118a5f7dad2b7138b1187a6b7ee55f160b9968b66013c3a3ef39dd7e5798?s=96&d=mm&r=g","contentUrl":"https:\/\/secure.gravatar.com\/avatar\/3ea2118a5f7dad2b7138b1187a6b7ee55f160b9968b66013c3a3ef39dd7e5798?s=96&d=mm&r=g","caption":"Jeanette"},"sameAs":["https:\/\/www.eldiario.net\/portal"],"url":"https:\/\/www.eldiario.net\/portal\/author\/jeanette\/"}]}},"_links":{"self":[{"href":"https:\/\/www.eldiario.net\/portal\/wp-json\/wp\/v2\/posts\/226326","targetHints":{"allow":["GET"]}}],"collection":[{"href":"https:\/\/www.eldiario.net\/portal\/wp-json\/wp\/v2\/posts"}],"about":[{"href":"https:\/\/www.eldiario.net\/portal\/wp-json\/wp\/v2\/types\/post"}],"author":[{"embeddable":true,"href":"https:\/\/www.eldiario.net\/portal\/wp-json\/wp\/v2\/users\/1"}],"replies":[{"embeddable":true,"href":"https:\/\/www.eldiario.net\/portal\/wp-json\/wp\/v2\/comments?post=226326"}],"version-history":[{"count":1,"href":"https:\/\/www.eldiario.net\/portal\/wp-json\/wp\/v2\/posts\/226326\/revisions"}],"predecessor-version":[{"id":226328,"href":"https:\/\/www.eldiario.net\/portal\/wp-json\/wp\/v2\/posts\/226326\/revisions\/226328"}],"wp:featuredmedia":[{"embeddable":true,"href":"https:\/\/www.eldiario.net\/portal\/wp-json\/wp\/v2\/media\/226327"}],"wp:attachment":[{"href":"https:\/\/www.eldiario.net\/portal\/wp-json\/wp\/v2\/media?parent=226326"}],"wp:term":[{"taxonomy":"category","embeddable":true,"href":"https:\/\/www.eldiario.net\/portal\/wp-json\/wp\/v2\/categories?post=226326"},{"taxonomy":"post_tag","embeddable":true,"href":"https:\/\/www.eldiario.net\/portal\/wp-json\/wp\/v2\/tags?post=226326"}],"curies":[{"name":"wp","href":"https:\/\/api.w.org\/{rel}","templated":true}]}}