{"id":226323,"date":"2024-06-11T06:08:11","date_gmt":"2024-06-11T10:08:11","guid":{"rendered":"https:\/\/www.eldiario.net\/portal\/?p=226323"},"modified":"2024-06-11T06:08:11","modified_gmt":"2024-06-11T10:08:11","slug":"activan-plan-contra-quemas-tras-registrarse-3-393-focos-de-calor-y-dos-incendios","status":"publish","type":"post","link":"https:\/\/www.eldiario.net\/portal\/2024\/06\/11\/activan-plan-contra-quemas-tras-registrarse-3-393-focos-de-calor-y-dos-incendios\/","title":{"rendered":"Activan plan contra quemas tras registrarse  3.393 focos de calor y dos incendios"},"content":{"rendered":"<p>De acuerdo con el Sistema Integrado de Monitoreo de Bosques (SIMB), Bolivia registra 3.393 focos de calor y dos incendios activos, por lo que el Gobierno nacional activ\u00f3 ayer el \u201cPlan regionalizado contra quemas\u201d, inform\u00f3 este lunes el viceministro de Defensa Civil, Juan Carlos Calvimontes.<\/p>\n<p>\u201cBolivia ha cerrado con 3.393 focos de calor, dos incendios activos (\u2026) y se est\u00e1 lanzando un \u2018Plan regionalizado y controlado de quemas\u2019, esto lo est\u00e1 lanzando la ABT (Autoridad de Fiscalizaci\u00f3n y Control Social de Bosques y Tierras) tengo la esperanza que a partir de este plan se haga un mejor manejo del fuego\u201d, dijo la autoridad.<\/p>\n<p>Las Fuerzas Armadas (FFAA) desplazaron a 200 bomberos forestales para mitigar el fuego.<\/p>\n<p>Calvimontes explic\u00f3 que uno de los incendios est\u00e1 en el municipio de Puerto Su\u00e1rez, el fuego ingres\u00f3 de Brasil, pese al trabajo de sofocaci\u00f3n el fuego persiste, aunque en \u201cpeque\u00f1a magnitud\u201d.<\/p>\n<p>Autoridades temen que, el fuego que se origin\u00f3 en el vecino pa\u00eds llegue a San Mat\u00edas. Otro de los incendios est\u00e1 en el municipio de Independencia (Cochabamba) que afect\u00f3 a las comunidades de Sailapata, Huaykumarca, Llavecita y Tultuani.<\/p>\n<p>El plan denominado \u201cLucho contra incendios y quemas\u201d ser\u00e1 presentado en Santa Cruz, mediante el cual se har\u00e1 un trabajo coordinado con la gobernaci\u00f3n, ganaderos, productores peque\u00f1os, medianos, grandes y otros sectores.<\/p>\n<p>\u201cEn lo que corresponde a las Fuerzas Armadas hemos mejorado nuestra capacidad operativa con m\u00e1s de 7.000 bomberos forestales capacitados por instructores extranjeros\u201d, indic\u00f3 Calvimontes. (ABI)<\/p>\n","protected":false},"excerpt":{"rendered":"<p>De acuerdo con el Sistema Integrado de Monitoreo de Bosques (SIMB), Bolivia registra 3.393 focos de calor y dos incendios activos, por lo que el Gobierno nacional activ\u00f3 ayer el \u201cPlan regionalizado contra quemas\u201d, inform\u00f3 este lunes el viceministro de Defensa Civil, Juan Carlos Calvimontes. \u201cBolivia ha cerrado con 3.393 focos de calor, dos incendios [&hellip;]<\/p>\n","protected":false},"author":1,"featured_media":226324,"comment_status":"open","ping_status":"open","sticky":false,"template":"","format":"standard","meta":{"_acf_changed":false,"footnotes":""},"categories":[15],"tags":[],"class_list":["post-226323","post","type-post","status-publish","format-standard","has-post-thumbnail","category-portada"],"acf":{"antetitulo":""},"yoast_head":"<!-- This site is optimized with the Yoast SEO plugin v28.3 - https:\/\/yoast.com\/product\/yoast-seo-wordpress\/ -->\n<title>Activan plan contra quemas tras registrarse 3.393 focos de calor y dos incendios - El Diario - Bolivia<\/title>\n<meta name=\"robots\" content=\"index, follow, max-snippet:-1, max-image-preview:large, max-video-preview:-1\" \/>\n<link rel=\"canonical\" href=\"https:\/\/www.eldiario.net\/portal\/2024\/06\/11\/activan-plan-contra-quemas-tras-registrarse-3-393-focos-de-calor-y-dos-incendios\/\" \/>\n<meta property=\"og:locale\" content=\"es_ES\" \/>\n<meta property=\"og:type\" content=\"article\" \/>\n<meta property=\"og:title\" content=\"Activan plan contra quemas tras registrarse 3.393 focos de calor y dos incendios - El Diario - Bolivia\" \/>\n<meta property=\"og:description\" content=\"De acuerdo con el Sistema Integrado de Monitoreo de Bosques (SIMB), Bolivia registra 3.393 focos de calor y dos incendios activos, por lo que el Gobierno nacional activ\u00f3 ayer el \u201cPlan regionalizado contra quemas\u201d, inform\u00f3 este lunes el viceministro de Defensa Civil, Juan Carlos Calvimontes. \u201cBolivia ha cerrado con 3.393 focos de calor, dos incendios [&hellip;]\" \/>\n<meta property=\"og:url\" content=\"https:\/\/www.eldiario.net\/portal\/2024\/06\/11\/activan-plan-contra-quemas-tras-registrarse-3-393-focos-de-calor-y-dos-incendios\/\" \/>\n<meta property=\"og:site_name\" content=\"El Diario - Bolivia\" \/>\n<meta property=\"article:publisher\" content=\"https:\/\/www.facebook.com\/eldiario.bolivia\/\" \/>\n<meta property=\"article:published_time\" content=\"2024-06-11T10:08:11+00:00\" \/>\n<meta property=\"og:image\" content=\"https:\/\/www.eldiario.net\/portal\/wp-content\/uploads\/2024\/06\/PLAN-FOTO.jpg\" \/>\n\t<meta property=\"og:image:width\" content=\"960\" \/>\n\t<meta property=\"og:image:height\" content=\"786\" \/>\n\t<meta property=\"og:image:type\" content=\"image\/jpeg\" \/>\n<meta name=\"author\" content=\"Jeanette\" \/>\n<meta name=\"twitter:card\" content=\"summary_large_image\" \/>\n<meta name=\"twitter:creator\" content=\"@eldiario_net\" \/>\n<meta name=\"twitter:site\" content=\"@eldiario_net\" \/>\n<meta name=\"twitter:label1\" content=\"Escrito por\" \/>\n\t<meta name=\"twitter:data1\" content=\"Jeanette\" \/>\n\t<meta name=\"twitter:label2\" content=\"Tiempo de lectura\" \/>\n\t<meta name=\"twitter:data2\" content=\"2 minutos\" \/>\n<script type=\"application\/ld+json\" class=\"yoast-schema-graph\">{\"@context\":\"https:\\\/\\\/schema.org\",\"@graph\":[{\"@type\":\"Article\",\"@id\":\"https:\\\/\\\/www.eldiario.net\\\/portal\\\/2024\\\/06\\\/11\\\/activan-plan-contra-quemas-tras-registrarse-3-393-focos-de-calor-y-dos-incendios\\\/#article\",\"isPartOf\":{\"@id\":\"https:\\\/\\\/www.eldiario.net\\\/portal\\\/2024\\\/06\\\/11\\\/activan-plan-contra-quemas-tras-registrarse-3-393-focos-de-calor-y-dos-incendios\\\/\"},\"author\":{\"name\":\"Jeanette\",\"@id\":\"https:\\\/\\\/www.eldiario.net\\\/portal\\\/#\\\/schema\\\/person\\\/f46445640444750d7d753ccd04ae01b7\"},\"headline\":\"Activan plan contra quemas tras registrarse 3.393 focos de calor y dos incendios\",\"datePublished\":\"2024-06-11T10:08:11+00:00\",\"mainEntityOfPage\":{\"@id\":\"https:\\\/\\\/www.eldiario.net\\\/portal\\\/2024\\\/06\\\/11\\\/activan-plan-contra-quemas-tras-registrarse-3-393-focos-de-calor-y-dos-incendios\\\/\"},\"wordCount\":259,\"commentCount\":0,\"publisher\":{\"@id\":\"https:\\\/\\\/www.eldiario.net\\\/portal\\\/#organization\"},\"image\":{\"@id\":\"https:\\\/\\\/www.eldiario.net\\\/portal\\\/2024\\\/06\\\/11\\\/activan-plan-contra-quemas-tras-registrarse-3-393-focos-de-calor-y-dos-incendios\\\/#primaryimage\"},\"thumbnailUrl\":\"https:\\\/\\\/www.eldiario.net\\\/portal\\\/wp-content\\\/uploads\\\/2024\\\/06\\\/PLAN-FOTO.jpg\",\"articleSection\":[\"Portada\"],\"inLanguage\":\"es\",\"potentialAction\":[{\"@type\":\"CommentAction\",\"name\":\"Comment\",\"target\":[\"https:\\\/\\\/www.eldiario.net\\\/portal\\\/2024\\\/06\\\/11\\\/activan-plan-contra-quemas-tras-registrarse-3-393-focos-de-calor-y-dos-incendios\\\/#respond\"]}]},{\"@type\":\"WebPage\",\"@id\":\"https:\\\/\\\/www.eldiario.net\\\/portal\\\/2024\\\/06\\\/11\\\/activan-plan-contra-quemas-tras-registrarse-3-393-focos-de-calor-y-dos-incendios\\\/\",\"url\":\"https:\\\/\\\/www.eldiario.net\\\/portal\\\/2024\\\/06\\\/11\\\/activan-plan-contra-quemas-tras-registrarse-3-393-focos-de-calor-y-dos-incendios\\\/\",\"name\":\"Activan plan contra quemas tras registrarse 3.393 focos de calor y dos incendios - El Diario - Bolivia\",\"isPartOf\":{\"@id\":\"https:\\\/\\\/www.eldiario.net\\\/portal\\\/#website\"},\"primaryImageOfPage\":{\"@id\":\"https:\\\/\\\/www.eldiario.net\\\/portal\\\/2024\\\/06\\\/11\\\/activan-plan-contra-quemas-tras-registrarse-3-393-focos-de-calor-y-dos-incendios\\\/#primaryimage\"},\"image\":{\"@id\":\"https:\\\/\\\/www.eldiario.net\\\/portal\\\/2024\\\/06\\\/11\\\/activan-plan-contra-quemas-tras-registrarse-3-393-focos-de-calor-y-dos-incendios\\\/#primaryimage\"},\"thumbnailUrl\":\"https:\\\/\\\/www.eldiario.net\\\/portal\\\/wp-content\\\/uploads\\\/2024\\\/06\\\/PLAN-FOTO.jpg\",\"datePublished\":\"2024-06-11T10:08:11+00:00\",\"breadcrumb\":{\"@id\":\"https:\\\/\\\/www.eldiario.net\\\/portal\\\/2024\\\/06\\\/11\\\/activan-plan-contra-quemas-tras-registrarse-3-393-focos-de-calor-y-dos-incendios\\\/#breadcrumb\"},\"inLanguage\":\"es\",\"potentialAction\":[{\"@type\":\"ReadAction\",\"target\":[\"https:\\\/\\\/www.eldiario.net\\\/portal\\\/2024\\\/06\\\/11\\\/activan-plan-contra-quemas-tras-registrarse-3-393-focos-de-calor-y-dos-incendios\\\/\"]}]},{\"@type\":\"ImageObject\",\"inLanguage\":\"es\",\"@id\":\"https:\\\/\\\/www.eldiario.net\\\/portal\\\/2024\\\/06\\\/11\\\/activan-plan-contra-quemas-tras-registrarse-3-393-focos-de-calor-y-dos-incendios\\\/#primaryimage\",\"url\":\"https:\\\/\\\/www.eldiario.net\\\/portal\\\/wp-content\\\/uploads\\\/2024\\\/06\\\/PLAN-FOTO.jpg\",\"contentUrl\":\"https:\\\/\\\/www.eldiario.net\\\/portal\\\/wp-content\\\/uploads\\\/2024\\\/06\\\/PLAN-FOTO.jpg\",\"width\":960,\"height\":786,\"caption\":\"BOMBEROS DE LAS FUERZAS ARMADAS AYUDAR\u00c1N A MITIGAR LOS FOCOS DE CALOR. FOTO: ABI\"},{\"@type\":\"BreadcrumbList\",\"@id\":\"https:\\\/\\\/www.eldiario.net\\\/portal\\\/2024\\\/06\\\/11\\\/activan-plan-contra-quemas-tras-registrarse-3-393-focos-de-calor-y-dos-incendios\\\/#breadcrumb\",\"itemListElement\":[{\"@type\":\"ListItem\",\"position\":1,\"name\":\"Portada\",\"item\":\"https:\\\/\\\/www.eldiario.net\\\/portal\\\/\"},{\"@type\":\"ListItem\",\"position\":2,\"name\":\"Activan plan contra quemas tras registrarse 3.393 focos de calor y dos incendios\"}]},{\"@type\":\"WebSite\",\"@id\":\"https:\\\/\\\/www.eldiario.net\\\/portal\\\/#website\",\"url\":\"https:\\\/\\\/www.eldiario.net\\\/portal\\\/\",\"name\":\"El Diario - Decano de la prensa nacional\",\"description\":\"El Diario - Decano de la prensa nacional\",\"publisher\":{\"@id\":\"https:\\\/\\\/www.eldiario.net\\\/portal\\\/#organization\"},\"potentialAction\":[{\"@type\":\"SearchAction\",\"target\":{\"@type\":\"EntryPoint\",\"urlTemplate\":\"https:\\\/\\\/www.eldiario.net\\\/portal\\\/?s={search_term_string}\"},\"query-input\":{\"@type\":\"PropertyValueSpecification\",\"valueRequired\":true,\"valueName\":\"search_term_string\"}}],\"inLanguage\":\"es\"},{\"@type\":\"Organization\",\"@id\":\"https:\\\/\\\/www.eldiario.net\\\/portal\\\/#organization\",\"name\":\"El Diario - Decano de la prensa nacional\",\"url\":\"https:\\\/\\\/www.eldiario.net\\\/portal\\\/\",\"logo\":{\"@type\":\"ImageObject\",\"inLanguage\":\"es\",\"@id\":\"https:\\\/\\\/www.eldiario.net\\\/portal\\\/#\\\/schema\\\/logo\\\/image\\\/\",\"url\":\"https:\\\/\\\/www.eldiario.net\\\/portal\\\/wp-content\\\/uploads\\\/2023\\\/07\\\/logo_ED.jpg\",\"contentUrl\":\"https:\\\/\\\/www.eldiario.net\\\/portal\\\/wp-content\\\/uploads\\\/2023\\\/07\\\/logo_ED.jpg\",\"width\":272,\"height\":52,\"caption\":\"El Diario - Decano de la prensa nacional\"},\"image\":{\"@id\":\"https:\\\/\\\/www.eldiario.net\\\/portal\\\/#\\\/schema\\\/logo\\\/image\\\/\"},\"sameAs\":[\"https:\\\/\\\/www.facebook.com\\\/eldiario.bolivia\\\/\",\"https:\\\/\\\/x.com\\\/eldiario_net\"]},{\"@type\":\"Person\",\"@id\":\"https:\\\/\\\/www.eldiario.net\\\/portal\\\/#\\\/schema\\\/person\\\/f46445640444750d7d753ccd04ae01b7\",\"name\":\"Jeanette\",\"image\":{\"@type\":\"ImageObject\",\"inLanguage\":\"es\",\"@id\":\"https:\\\/\\\/secure.gravatar.com\\\/avatar\\\/3ea2118a5f7dad2b7138b1187a6b7ee55f160b9968b66013c3a3ef39dd7e5798?s=96&d=mm&r=g\",\"url\":\"https:\\\/\\\/secure.gravatar.com\\\/avatar\\\/3ea2118a5f7dad2b7138b1187a6b7ee55f160b9968b66013c3a3ef39dd7e5798?s=96&d=mm&r=g\",\"contentUrl\":\"https:\\\/\\\/secure.gravatar.com\\\/avatar\\\/3ea2118a5f7dad2b7138b1187a6b7ee55f160b9968b66013c3a3ef39dd7e5798?s=96&d=mm&r=g\",\"caption\":\"Jeanette\"},\"sameAs\":[\"https:\\\/\\\/www.eldiario.net\\\/portal\"],\"url\":\"https:\\\/\\\/www.eldiario.net\\\/portal\\\/author\\\/jeanette\\\/\"}]}<\/script>\n<!-- \/ Yoast SEO plugin. -->","yoast_head_json":{"title":"Activan plan contra quemas tras registrarse 3.393 focos de calor y dos incendios - El Diario - Bolivia","robots":{"index":"index","follow":"follow","max-snippet":"max-snippet:-1","max-image-preview":"max-image-preview:large","max-video-preview":"max-video-preview:-1"},"canonical":"https:\/\/www.eldiario.net\/portal\/2024\/06\/11\/activan-plan-contra-quemas-tras-registrarse-3-393-focos-de-calor-y-dos-incendios\/","og_locale":"es_ES","og_type":"article","og_title":"Activan plan contra quemas tras registrarse 3.393 focos de calor y dos incendios - El Diario - Bolivia","og_description":"De acuerdo con el Sistema Integrado de Monitoreo de Bosques (SIMB), Bolivia registra 3.393 focos de calor y dos incendios activos, por lo que el Gobierno nacional activ\u00f3 ayer el \u201cPlan regionalizado contra quemas\u201d, inform\u00f3 este lunes el viceministro de Defensa Civil, Juan Carlos Calvimontes. \u201cBolivia ha cerrado con 3.393 focos de calor, dos incendios [&hellip;]","og_url":"https:\/\/www.eldiario.net\/portal\/2024\/06\/11\/activan-plan-contra-quemas-tras-registrarse-3-393-focos-de-calor-y-dos-incendios\/","og_site_name":"El Diario - Bolivia","article_publisher":"https:\/\/www.facebook.com\/eldiario.bolivia\/","article_published_time":"2024-06-11T10:08:11+00:00","og_image":[{"width":960,"height":786,"url":"https:\/\/www.eldiario.net\/portal\/wp-content\/uploads\/2024\/06\/PLAN-FOTO.jpg","type":"image\/jpeg"}],"author":"Jeanette","twitter_card":"summary_large_image","twitter_creator":"@eldiario_net","twitter_site":"@eldiario_net","twitter_misc":{"Escrito por":"Jeanette","Tiempo de lectura":"2 minutos"},"schema":{"@context":"https:\/\/schema.org","@graph":[{"@type":"Article","@id":"https:\/\/www.eldiario.net\/portal\/2024\/06\/11\/activan-plan-contra-quemas-tras-registrarse-3-393-focos-de-calor-y-dos-incendios\/#article","isPartOf":{"@id":"https:\/\/www.eldiario.net\/portal\/2024\/06\/11\/activan-plan-contra-quemas-tras-registrarse-3-393-focos-de-calor-y-dos-incendios\/"},"author":{"name":"Jeanette","@id":"https:\/\/www.eldiario.net\/portal\/#\/schema\/person\/f46445640444750d7d753ccd04ae01b7"},"headline":"Activan plan contra quemas tras registrarse 3.393 focos de calor y dos incendios","datePublished":"2024-06-11T10:08:11+00:00","mainEntityOfPage":{"@id":"https:\/\/www.eldiario.net\/portal\/2024\/06\/11\/activan-plan-contra-quemas-tras-registrarse-3-393-focos-de-calor-y-dos-incendios\/"},"wordCount":259,"commentCount":0,"publisher":{"@id":"https:\/\/www.eldiario.net\/portal\/#organization"},"image":{"@id":"https:\/\/www.eldiario.net\/portal\/2024\/06\/11\/activan-plan-contra-quemas-tras-registrarse-3-393-focos-de-calor-y-dos-incendios\/#primaryimage"},"thumbnailUrl":"https:\/\/www.eldiario.net\/portal\/wp-content\/uploads\/2024\/06\/PLAN-FOTO.jpg","articleSection":["Portada"],"inLanguage":"es","potentialAction":[{"@type":"CommentAction","name":"Comment","target":["https:\/\/www.eldiario.net\/portal\/2024\/06\/11\/activan-plan-contra-quemas-tras-registrarse-3-393-focos-de-calor-y-dos-incendios\/#respond"]}]},{"@type":"WebPage","@id":"https:\/\/www.eldiario.net\/portal\/2024\/06\/11\/activan-plan-contra-quemas-tras-registrarse-3-393-focos-de-calor-y-dos-incendios\/","url":"https:\/\/www.eldiario.net\/portal\/2024\/06\/11\/activan-plan-contra-quemas-tras-registrarse-3-393-focos-de-calor-y-dos-incendios\/","name":"Activan plan contra quemas tras registrarse 3.393 focos de calor y dos incendios - El Diario - Bolivia","isPartOf":{"@id":"https:\/\/www.eldiario.net\/portal\/#website"},"primaryImageOfPage":{"@id":"https:\/\/www.eldiario.net\/portal\/2024\/06\/11\/activan-plan-contra-quemas-tras-registrarse-3-393-focos-de-calor-y-dos-incendios\/#primaryimage"},"image":{"@id":"https:\/\/www.eldiario.net\/portal\/2024\/06\/11\/activan-plan-contra-quemas-tras-registrarse-3-393-focos-de-calor-y-dos-incendios\/#primaryimage"},"thumbnailUrl":"https:\/\/www.eldiario.net\/portal\/wp-content\/uploads\/2024\/06\/PLAN-FOTO.jpg","datePublished":"2024-06-11T10:08:11+00:00","breadcrumb":{"@id":"https:\/\/www.eldiario.net\/portal\/2024\/06\/11\/activan-plan-contra-quemas-tras-registrarse-3-393-focos-de-calor-y-dos-incendios\/#breadcrumb"},"inLanguage":"es","potentialAction":[{"@type":"ReadAction","target":["https:\/\/www.eldiario.net\/portal\/2024\/06\/11\/activan-plan-contra-quemas-tras-registrarse-3-393-focos-de-calor-y-dos-incendios\/"]}]},{"@type":"ImageObject","inLanguage":"es","@id":"https:\/\/www.eldiario.net\/portal\/2024\/06\/11\/activan-plan-contra-quemas-tras-registrarse-3-393-focos-de-calor-y-dos-incendios\/#primaryimage","url":"https:\/\/www.eldiario.net\/portal\/wp-content\/uploads\/2024\/06\/PLAN-FOTO.jpg","contentUrl":"https:\/\/www.eldiario.net\/portal\/wp-content\/uploads\/2024\/06\/PLAN-FOTO.jpg","width":960,"height":786,"caption":"BOMBEROS DE LAS FUERZAS ARMADAS AYUDAR\u00c1N A MITIGAR LOS FOCOS DE CALOR. FOTO: ABI"},{"@type":"BreadcrumbList","@id":"https:\/\/www.eldiario.net\/portal\/2024\/06\/11\/activan-plan-contra-quemas-tras-registrarse-3-393-focos-de-calor-y-dos-incendios\/#breadcrumb","itemListElement":[{"@type":"ListItem","position":1,"name":"Portada","item":"https:\/\/www.eldiario.net\/portal\/"},{"@type":"ListItem","position":2,"name":"Activan plan contra quemas tras registrarse 3.393 focos de calor y dos incendios"}]},{"@type":"WebSite","@id":"https:\/\/www.eldiario.net\/portal\/#website","url":"https:\/\/www.eldiario.net\/portal\/","name":"El Diario - Decano de la prensa nacional","description":"El Diario - Decano de la prensa nacional","publisher":{"@id":"https:\/\/www.eldiario.net\/portal\/#organization"},"potentialAction":[{"@type":"SearchAction","target":{"@type":"EntryPoint","urlTemplate":"https:\/\/www.eldiario.net\/portal\/?s={search_term_string}"},"query-input":{"@type":"PropertyValueSpecification","valueRequired":true,"valueName":"search_term_string"}}],"inLanguage":"es"},{"@type":"Organization","@id":"https:\/\/www.eldiario.net\/portal\/#organization","name":"El Diario - Decano de la prensa nacional","url":"https:\/\/www.eldiario.net\/portal\/","logo":{"@type":"ImageObject","inLanguage":"es","@id":"https:\/\/www.eldiario.net\/portal\/#\/schema\/logo\/image\/","url":"https:\/\/www.eldiario.net\/portal\/wp-content\/uploads\/2023\/07\/logo_ED.jpg","contentUrl":"https:\/\/www.eldiario.net\/portal\/wp-content\/uploads\/2023\/07\/logo_ED.jpg","width":272,"height":52,"caption":"El Diario - Decano de la prensa nacional"},"image":{"@id":"https:\/\/www.eldiario.net\/portal\/#\/schema\/logo\/image\/"},"sameAs":["https:\/\/www.facebook.com\/eldiario.bolivia\/","https:\/\/x.com\/eldiario_net"]},{"@type":"Person","@id":"https:\/\/www.eldiario.net\/portal\/#\/schema\/person\/f46445640444750d7d753ccd04ae01b7","name":"Jeanette","image":{"@type":"ImageObject","inLanguage":"es","@id":"https:\/\/secure.gravatar.com\/avatar\/3ea2118a5f7dad2b7138b1187a6b7ee55f160b9968b66013c3a3ef39dd7e5798?s=96&d=mm&r=g","url":"https:\/\/secure.gravatar.com\/avatar\/3ea2118a5f7dad2b7138b1187a6b7ee55f160b9968b66013c3a3ef39dd7e5798?s=96&d=mm&r=g","contentUrl":"https:\/\/secure.gravatar.com\/avatar\/3ea2118a5f7dad2b7138b1187a6b7ee55f160b9968b66013c3a3ef39dd7e5798?s=96&d=mm&r=g","caption":"Jeanette"},"sameAs":["https:\/\/www.eldiario.net\/portal"],"url":"https:\/\/www.eldiario.net\/portal\/author\/jeanette\/"}]}},"_links":{"self":[{"href":"https:\/\/www.eldiario.net\/portal\/wp-json\/wp\/v2\/posts\/226323","targetHints":{"allow":["GET"]}}],"collection":[{"href":"https:\/\/www.eldiario.net\/portal\/wp-json\/wp\/v2\/posts"}],"about":[{"href":"https:\/\/www.eldiario.net\/portal\/wp-json\/wp\/v2\/types\/post"}],"author":[{"embeddable":true,"href":"https:\/\/www.eldiario.net\/portal\/wp-json\/wp\/v2\/users\/1"}],"replies":[{"embeddable":true,"href":"https:\/\/www.eldiario.net\/portal\/wp-json\/wp\/v2\/comments?post=226323"}],"version-history":[{"count":1,"href":"https:\/\/www.eldiario.net\/portal\/wp-json\/wp\/v2\/posts\/226323\/revisions"}],"predecessor-version":[{"id":226325,"href":"https:\/\/www.eldiario.net\/portal\/wp-json\/wp\/v2\/posts\/226323\/revisions\/226325"}],"wp:featuredmedia":[{"embeddable":true,"href":"https:\/\/www.eldiario.net\/portal\/wp-json\/wp\/v2\/media\/226324"}],"wp:attachment":[{"href":"https:\/\/www.eldiario.net\/portal\/wp-json\/wp\/v2\/media?parent=226323"}],"wp:term":[{"taxonomy":"category","embeddable":true,"href":"https:\/\/www.eldiario.net\/portal\/wp-json\/wp\/v2\/categories?post=226323"},{"taxonomy":"post_tag","embeddable":true,"href":"https:\/\/www.eldiario.net\/portal\/wp-json\/wp\/v2\/tags?post=226323"}],"curies":[{"name":"wp","href":"https:\/\/api.w.org\/{rel}","templated":true}]}}