{"id":226318,"date":"2024-06-11T06:00:41","date_gmt":"2024-06-11T10:00:41","guid":{"rendered":"https:\/\/www.eldiario.net\/portal\/?p=226318"},"modified":"2024-06-11T08:47:31","modified_gmt":"2024-06-11T12:47:31","slug":"escasez-y-altos-precios-asegura-politica-del-mas","status":"publish","type":"post","link":"https:\/\/www.eldiario.net\/portal\/2024\/06\/11\/escasez-y-altos-precios-asegura-politica-del-mas\/","title":{"rendered":"Escasez y altos precios asegura pol\u00edtica del MAS"},"content":{"rendered":"<p>En forma sistem\u00e1tica, los mercados p\u00fablicos han venido disminuyendo la oferta de productos nacionales, para sustituirlos con otros llegados por contrabando de pa\u00edses vecinos, en grandes cantidades y altos precios. Tal situaci\u00f3n fue advertida a las autoridades nacionales, indicando en forma concreta que ese fen\u00f3meno empeorar\u00eda y que era imprescindible adoptar medidas de urgencia para que no se agrave. No solo fueron se\u00f1aladas anteriormente, en otras notas editoriales, las causas de ese problema y las soluciones que se debi\u00f3 adoptar. Sin embargo, pese a la insistencia, durante varios a\u00f1os, para que sea encarado ese problema, las autoridades hicieron o\u00eddos sordos y el peligro fue creciendo, hasta que estall\u00f3 en meses recientes.<\/p>\n<p>En especial, se remarc\u00f3 que esa paulatina desaparici\u00f3n de alimentos de la canasta familia no era solamente obra del gobierno actual, sino que hab\u00eda sido heredada esa situaci\u00f3n y se llam\u00f3 la atenci\u00f3n al Ministerio de Tierras y otras entidades para que reaccionen a tiempo, antes de que se produzca un estado de gravedad.<\/p>\n<p>Es m\u00e1s, se se\u00f1al\u00f3 a esas autoridades que no solo se ven\u00eda una crisis alimentaria por el fracaso de la costosa pol\u00edtica oficial que nos dar\u00eda la \u201cSeguridad Alimentaria\u201d. As\u00ed mismo se invoc\u00f3 a los parlamentarios para que tomen cartas en el asunto, demanda que cay\u00f3 en saco roto, pese a la relevancia de su contenido.<\/p>\n<p>Por otro lado, un viceministro ha querido dorar la p\u00edldora del malestar p\u00fablico, reconociendo la existencia de la falta de alimentos, sus altos precios y el ingreso de productos desde pa\u00edses vecinos, declarando que el problema es temporal y se resolver\u00e1 en breve y que no faltar\u00e1n art\u00edculos de la canasta familiar. Sin embargo, se debe reiterar que esa apreciaci\u00f3n es falsa, pues ser\u00e1 dif\u00edcil recuperar la normalidad.<\/p>\n<p>Al respecto, cabe se\u00f1alar que ese viceministro es parte de una burocracia insensible y satisfecha. Y que algunas medidas secundarias adoptadas por el Ministerio de Tierras no tendr\u00e1n efecto, debido a que est\u00e1 empezando el invierno y durar\u00e1 hasta fines de agosto. Es m\u00e1s, por m\u00e1s medidas que se le ocurra a dicho Ministerio, no se producir\u00e1 m\u00e1s papa y se tendr\u00e1 que depender de la producci\u00f3n agr\u00edcola de pa\u00edses vecinos como Per\u00fa, que ahora tambi\u00e9n abastece a Argentina con varios alimentos.<\/p>\n<p>En todo caso, la crisis de alimentos adquiere gravedad porque nuestros campos est\u00e1n abandonados, solo hay producci\u00f3n de coca en ascenso y no se soluciona el problema de la tierra, creado por la pol\u00edtica agraria del MAS e impuesta por v\u00eda constitucional.<\/p>\n","protected":false},"excerpt":{"rendered":"<p>En forma sistem\u00e1tica, los mercados p\u00fablicos han venido disminuyendo la oferta de productos nacionales, para sustituirlos con otros llegados por contrabando de pa\u00edses vecinos, en grandes cantidades y altos precios. Tal situaci\u00f3n fue advertida a las autoridades nacionales, indicando en forma concreta que ese fen\u00f3meno empeorar\u00eda y que era imprescindible adoptar medidas de urgencia para [&hellip;]<\/p>\n","protected":false},"author":1,"featured_media":194776,"comment_status":"open","ping_status":"open","sticky":false,"template":"","format":"standard","meta":{"_acf_changed":false,"footnotes":""},"categories":[4],"tags":[],"class_list":["post-226318","post","type-post","status-publish","format-standard","has-post-thumbnail","category-editorial"],"acf":{"antetitulo":""},"yoast_head":"<!-- This site is optimized with the Yoast SEO plugin v28.3 - https:\/\/yoast.com\/product\/yoast-seo-wordpress\/ -->\n<title>Escasez y altos precios asegura pol\u00edtica del MAS - El Diario - Bolivia<\/title>\n<meta name=\"robots\" content=\"index, follow, max-snippet:-1, max-image-preview:large, max-video-preview:-1\" \/>\n<link rel=\"canonical\" href=\"https:\/\/www.eldiario.net\/portal\/2024\/06\/11\/escasez-y-altos-precios-asegura-politica-del-mas\/\" \/>\n<meta property=\"og:locale\" content=\"es_ES\" \/>\n<meta property=\"og:type\" content=\"article\" \/>\n<meta property=\"og:title\" content=\"Escasez y altos precios asegura pol\u00edtica del MAS - El Diario - Bolivia\" \/>\n<meta property=\"og:description\" content=\"En forma sistem\u00e1tica, los mercados p\u00fablicos han venido disminuyendo la oferta de productos nacionales, para sustituirlos con otros llegados por contrabando de pa\u00edses vecinos, en grandes cantidades y altos precios. Tal situaci\u00f3n fue advertida a las autoridades nacionales, indicando en forma concreta que ese fen\u00f3meno empeorar\u00eda y que era imprescindible adoptar medidas de urgencia para [&hellip;]\" \/>\n<meta property=\"og:url\" content=\"https:\/\/www.eldiario.net\/portal\/2024\/06\/11\/escasez-y-altos-precios-asegura-politica-del-mas\/\" \/>\n<meta property=\"og:site_name\" content=\"El Diario - Bolivia\" \/>\n<meta property=\"article:publisher\" content=\"https:\/\/www.facebook.com\/eldiario.bolivia\/\" \/>\n<meta property=\"article:published_time\" content=\"2024-06-11T10:00:41+00:00\" \/>\n<meta property=\"article:modified_time\" content=\"2024-06-11T12:47:31+00:00\" \/>\n<meta property=\"og:image\" content=\"https:\/\/www.eldiario.net\/portal\/wp-content\/uploads\/2023\/12\/Editorial.jpg\" \/>\n\t<meta property=\"og:image:width\" content=\"800\" \/>\n\t<meta property=\"og:image:height\" content=\"500\" \/>\n\t<meta property=\"og:image:type\" content=\"image\/jpeg\" \/>\n<meta name=\"author\" content=\"Jeanette\" \/>\n<meta name=\"twitter:card\" content=\"summary_large_image\" \/>\n<meta name=\"twitter:creator\" content=\"@eldiario_net\" \/>\n<meta name=\"twitter:site\" content=\"@eldiario_net\" \/>\n<meta name=\"twitter:label1\" content=\"Escrito por\" \/>\n\t<meta name=\"twitter:data1\" content=\"Jeanette\" \/>\n\t<meta name=\"twitter:label2\" content=\"Tiempo de lectura\" \/>\n\t<meta name=\"twitter:data2\" content=\"3 minutos\" \/>\n<script type=\"application\/ld+json\" class=\"yoast-schema-graph\">{\"@context\":\"https:\\\/\\\/schema.org\",\"@graph\":[{\"@type\":\"Article\",\"@id\":\"https:\\\/\\\/www.eldiario.net\\\/portal\\\/2024\\\/06\\\/11\\\/escasez-y-altos-precios-asegura-politica-del-mas\\\/#article\",\"isPartOf\":{\"@id\":\"https:\\\/\\\/www.eldiario.net\\\/portal\\\/2024\\\/06\\\/11\\\/escasez-y-altos-precios-asegura-politica-del-mas\\\/\"},\"author\":{\"name\":\"Jeanette\",\"@id\":\"https:\\\/\\\/www.eldiario.net\\\/portal\\\/#\\\/schema\\\/person\\\/f46445640444750d7d753ccd04ae01b7\"},\"headline\":\"Escasez y altos precios asegura pol\u00edtica del MAS\",\"datePublished\":\"2024-06-11T10:00:41+00:00\",\"dateModified\":\"2024-06-11T12:47:31+00:00\",\"mainEntityOfPage\":{\"@id\":\"https:\\\/\\\/www.eldiario.net\\\/portal\\\/2024\\\/06\\\/11\\\/escasez-y-altos-precios-asegura-politica-del-mas\\\/\"},\"wordCount\":460,\"commentCount\":0,\"publisher\":{\"@id\":\"https:\\\/\\\/www.eldiario.net\\\/portal\\\/#organization\"},\"image\":{\"@id\":\"https:\\\/\\\/www.eldiario.net\\\/portal\\\/2024\\\/06\\\/11\\\/escasez-y-altos-precios-asegura-politica-del-mas\\\/#primaryimage\"},\"thumbnailUrl\":\"https:\\\/\\\/www.eldiario.net\\\/portal\\\/wp-content\\\/uploads\\\/2023\\\/12\\\/Editorial.jpg\",\"articleSection\":[\"Editorial\"],\"inLanguage\":\"es\",\"potentialAction\":[{\"@type\":\"CommentAction\",\"name\":\"Comment\",\"target\":[\"https:\\\/\\\/www.eldiario.net\\\/portal\\\/2024\\\/06\\\/11\\\/escasez-y-altos-precios-asegura-politica-del-mas\\\/#respond\"]}]},{\"@type\":\"WebPage\",\"@id\":\"https:\\\/\\\/www.eldiario.net\\\/portal\\\/2024\\\/06\\\/11\\\/escasez-y-altos-precios-asegura-politica-del-mas\\\/\",\"url\":\"https:\\\/\\\/www.eldiario.net\\\/portal\\\/2024\\\/06\\\/11\\\/escasez-y-altos-precios-asegura-politica-del-mas\\\/\",\"name\":\"Escasez y altos precios asegura pol\u00edtica del MAS - El Diario - Bolivia\",\"isPartOf\":{\"@id\":\"https:\\\/\\\/www.eldiario.net\\\/portal\\\/#website\"},\"primaryImageOfPage\":{\"@id\":\"https:\\\/\\\/www.eldiario.net\\\/portal\\\/2024\\\/06\\\/11\\\/escasez-y-altos-precios-asegura-politica-del-mas\\\/#primaryimage\"},\"image\":{\"@id\":\"https:\\\/\\\/www.eldiario.net\\\/portal\\\/2024\\\/06\\\/11\\\/escasez-y-altos-precios-asegura-politica-del-mas\\\/#primaryimage\"},\"thumbnailUrl\":\"https:\\\/\\\/www.eldiario.net\\\/portal\\\/wp-content\\\/uploads\\\/2023\\\/12\\\/Editorial.jpg\",\"datePublished\":\"2024-06-11T10:00:41+00:00\",\"dateModified\":\"2024-06-11T12:47:31+00:00\",\"breadcrumb\":{\"@id\":\"https:\\\/\\\/www.eldiario.net\\\/portal\\\/2024\\\/06\\\/11\\\/escasez-y-altos-precios-asegura-politica-del-mas\\\/#breadcrumb\"},\"inLanguage\":\"es\",\"potentialAction\":[{\"@type\":\"ReadAction\",\"target\":[\"https:\\\/\\\/www.eldiario.net\\\/portal\\\/2024\\\/06\\\/11\\\/escasez-y-altos-precios-asegura-politica-del-mas\\\/\"]}]},{\"@type\":\"ImageObject\",\"inLanguage\":\"es\",\"@id\":\"https:\\\/\\\/www.eldiario.net\\\/portal\\\/2024\\\/06\\\/11\\\/escasez-y-altos-precios-asegura-politica-del-mas\\\/#primaryimage\",\"url\":\"https:\\\/\\\/www.eldiario.net\\\/portal\\\/wp-content\\\/uploads\\\/2023\\\/12\\\/Editorial.jpg\",\"contentUrl\":\"https:\\\/\\\/www.eldiario.net\\\/portal\\\/wp-content\\\/uploads\\\/2023\\\/12\\\/Editorial.jpg\",\"width\":800,\"height\":500},{\"@type\":\"BreadcrumbList\",\"@id\":\"https:\\\/\\\/www.eldiario.net\\\/portal\\\/2024\\\/06\\\/11\\\/escasez-y-altos-precios-asegura-politica-del-mas\\\/#breadcrumb\",\"itemListElement\":[{\"@type\":\"ListItem\",\"position\":1,\"name\":\"Portada\",\"item\":\"https:\\\/\\\/www.eldiario.net\\\/portal\\\/\"},{\"@type\":\"ListItem\",\"position\":2,\"name\":\"Escasez y altos precios asegura pol\u00edtica del MAS\"}]},{\"@type\":\"WebSite\",\"@id\":\"https:\\\/\\\/www.eldiario.net\\\/portal\\\/#website\",\"url\":\"https:\\\/\\\/www.eldiario.net\\\/portal\\\/\",\"name\":\"El Diario - Decano de la prensa nacional\",\"description\":\"El Diario - Decano de la prensa nacional\",\"publisher\":{\"@id\":\"https:\\\/\\\/www.eldiario.net\\\/portal\\\/#organization\"},\"potentialAction\":[{\"@type\":\"SearchAction\",\"target\":{\"@type\":\"EntryPoint\",\"urlTemplate\":\"https:\\\/\\\/www.eldiario.net\\\/portal\\\/?s={search_term_string}\"},\"query-input\":{\"@type\":\"PropertyValueSpecification\",\"valueRequired\":true,\"valueName\":\"search_term_string\"}}],\"inLanguage\":\"es\"},{\"@type\":\"Organization\",\"@id\":\"https:\\\/\\\/www.eldiario.net\\\/portal\\\/#organization\",\"name\":\"El Diario - Decano de la prensa nacional\",\"url\":\"https:\\\/\\\/www.eldiario.net\\\/portal\\\/\",\"logo\":{\"@type\":\"ImageObject\",\"inLanguage\":\"es\",\"@id\":\"https:\\\/\\\/www.eldiario.net\\\/portal\\\/#\\\/schema\\\/logo\\\/image\\\/\",\"url\":\"https:\\\/\\\/www.eldiario.net\\\/portal\\\/wp-content\\\/uploads\\\/2023\\\/07\\\/logo_ED.jpg\",\"contentUrl\":\"https:\\\/\\\/www.eldiario.net\\\/portal\\\/wp-content\\\/uploads\\\/2023\\\/07\\\/logo_ED.jpg\",\"width\":272,\"height\":52,\"caption\":\"El Diario - Decano de la prensa nacional\"},\"image\":{\"@id\":\"https:\\\/\\\/www.eldiario.net\\\/portal\\\/#\\\/schema\\\/logo\\\/image\\\/\"},\"sameAs\":[\"https:\\\/\\\/www.facebook.com\\\/eldiario.bolivia\\\/\",\"https:\\\/\\\/x.com\\\/eldiario_net\"]},{\"@type\":\"Person\",\"@id\":\"https:\\\/\\\/www.eldiario.net\\\/portal\\\/#\\\/schema\\\/person\\\/f46445640444750d7d753ccd04ae01b7\",\"name\":\"Jeanette\",\"image\":{\"@type\":\"ImageObject\",\"inLanguage\":\"es\",\"@id\":\"https:\\\/\\\/secure.gravatar.com\\\/avatar\\\/3ea2118a5f7dad2b7138b1187a6b7ee55f160b9968b66013c3a3ef39dd7e5798?s=96&d=mm&r=g\",\"url\":\"https:\\\/\\\/secure.gravatar.com\\\/avatar\\\/3ea2118a5f7dad2b7138b1187a6b7ee55f160b9968b66013c3a3ef39dd7e5798?s=96&d=mm&r=g\",\"contentUrl\":\"https:\\\/\\\/secure.gravatar.com\\\/avatar\\\/3ea2118a5f7dad2b7138b1187a6b7ee55f160b9968b66013c3a3ef39dd7e5798?s=96&d=mm&r=g\",\"caption\":\"Jeanette\"},\"sameAs\":[\"https:\\\/\\\/www.eldiario.net\\\/portal\"],\"url\":\"https:\\\/\\\/www.eldiario.net\\\/portal\\\/author\\\/jeanette\\\/\"}]}<\/script>\n<!-- \/ Yoast SEO plugin. -->","yoast_head_json":{"title":"Escasez y altos precios asegura pol\u00edtica del MAS - El Diario - Bolivia","robots":{"index":"index","follow":"follow","max-snippet":"max-snippet:-1","max-image-preview":"max-image-preview:large","max-video-preview":"max-video-preview:-1"},"canonical":"https:\/\/www.eldiario.net\/portal\/2024\/06\/11\/escasez-y-altos-precios-asegura-politica-del-mas\/","og_locale":"es_ES","og_type":"article","og_title":"Escasez y altos precios asegura pol\u00edtica del MAS - El Diario - Bolivia","og_description":"En forma sistem\u00e1tica, los mercados p\u00fablicos han venido disminuyendo la oferta de productos nacionales, para sustituirlos con otros llegados por contrabando de pa\u00edses vecinos, en grandes cantidades y altos precios. Tal situaci\u00f3n fue advertida a las autoridades nacionales, indicando en forma concreta que ese fen\u00f3meno empeorar\u00eda y que era imprescindible adoptar medidas de urgencia para [&hellip;]","og_url":"https:\/\/www.eldiario.net\/portal\/2024\/06\/11\/escasez-y-altos-precios-asegura-politica-del-mas\/","og_site_name":"El Diario - Bolivia","article_publisher":"https:\/\/www.facebook.com\/eldiario.bolivia\/","article_published_time":"2024-06-11T10:00:41+00:00","article_modified_time":"2024-06-11T12:47:31+00:00","og_image":[{"width":800,"height":500,"url":"https:\/\/www.eldiario.net\/portal\/wp-content\/uploads\/2023\/12\/Editorial.jpg","type":"image\/jpeg"}],"author":"Jeanette","twitter_card":"summary_large_image","twitter_creator":"@eldiario_net","twitter_site":"@eldiario_net","twitter_misc":{"Escrito por":"Jeanette","Tiempo de lectura":"3 minutos"},"schema":{"@context":"https:\/\/schema.org","@graph":[{"@type":"Article","@id":"https:\/\/www.eldiario.net\/portal\/2024\/06\/11\/escasez-y-altos-precios-asegura-politica-del-mas\/#article","isPartOf":{"@id":"https:\/\/www.eldiario.net\/portal\/2024\/06\/11\/escasez-y-altos-precios-asegura-politica-del-mas\/"},"author":{"name":"Jeanette","@id":"https:\/\/www.eldiario.net\/portal\/#\/schema\/person\/f46445640444750d7d753ccd04ae01b7"},"headline":"Escasez y altos precios asegura pol\u00edtica del MAS","datePublished":"2024-06-11T10:00:41+00:00","dateModified":"2024-06-11T12:47:31+00:00","mainEntityOfPage":{"@id":"https:\/\/www.eldiario.net\/portal\/2024\/06\/11\/escasez-y-altos-precios-asegura-politica-del-mas\/"},"wordCount":460,"commentCount":0,"publisher":{"@id":"https:\/\/www.eldiario.net\/portal\/#organization"},"image":{"@id":"https:\/\/www.eldiario.net\/portal\/2024\/06\/11\/escasez-y-altos-precios-asegura-politica-del-mas\/#primaryimage"},"thumbnailUrl":"https:\/\/www.eldiario.net\/portal\/wp-content\/uploads\/2023\/12\/Editorial.jpg","articleSection":["Editorial"],"inLanguage":"es","potentialAction":[{"@type":"CommentAction","name":"Comment","target":["https:\/\/www.eldiario.net\/portal\/2024\/06\/11\/escasez-y-altos-precios-asegura-politica-del-mas\/#respond"]}]},{"@type":"WebPage","@id":"https:\/\/www.eldiario.net\/portal\/2024\/06\/11\/escasez-y-altos-precios-asegura-politica-del-mas\/","url":"https:\/\/www.eldiario.net\/portal\/2024\/06\/11\/escasez-y-altos-precios-asegura-politica-del-mas\/","name":"Escasez y altos precios asegura pol\u00edtica del MAS - El Diario - Bolivia","isPartOf":{"@id":"https:\/\/www.eldiario.net\/portal\/#website"},"primaryImageOfPage":{"@id":"https:\/\/www.eldiario.net\/portal\/2024\/06\/11\/escasez-y-altos-precios-asegura-politica-del-mas\/#primaryimage"},"image":{"@id":"https:\/\/www.eldiario.net\/portal\/2024\/06\/11\/escasez-y-altos-precios-asegura-politica-del-mas\/#primaryimage"},"thumbnailUrl":"https:\/\/www.eldiario.net\/portal\/wp-content\/uploads\/2023\/12\/Editorial.jpg","datePublished":"2024-06-11T10:00:41+00:00","dateModified":"2024-06-11T12:47:31+00:00","breadcrumb":{"@id":"https:\/\/www.eldiario.net\/portal\/2024\/06\/11\/escasez-y-altos-precios-asegura-politica-del-mas\/#breadcrumb"},"inLanguage":"es","potentialAction":[{"@type":"ReadAction","target":["https:\/\/www.eldiario.net\/portal\/2024\/06\/11\/escasez-y-altos-precios-asegura-politica-del-mas\/"]}]},{"@type":"ImageObject","inLanguage":"es","@id":"https:\/\/www.eldiario.net\/portal\/2024\/06\/11\/escasez-y-altos-precios-asegura-politica-del-mas\/#primaryimage","url":"https:\/\/www.eldiario.net\/portal\/wp-content\/uploads\/2023\/12\/Editorial.jpg","contentUrl":"https:\/\/www.eldiario.net\/portal\/wp-content\/uploads\/2023\/12\/Editorial.jpg","width":800,"height":500},{"@type":"BreadcrumbList","@id":"https:\/\/www.eldiario.net\/portal\/2024\/06\/11\/escasez-y-altos-precios-asegura-politica-del-mas\/#breadcrumb","itemListElement":[{"@type":"ListItem","position":1,"name":"Portada","item":"https:\/\/www.eldiario.net\/portal\/"},{"@type":"ListItem","position":2,"name":"Escasez y altos precios asegura pol\u00edtica del MAS"}]},{"@type":"WebSite","@id":"https:\/\/www.eldiario.net\/portal\/#website","url":"https:\/\/www.eldiario.net\/portal\/","name":"El Diario - Decano de la prensa nacional","description":"El Diario - Decano de la prensa nacional","publisher":{"@id":"https:\/\/www.eldiario.net\/portal\/#organization"},"potentialAction":[{"@type":"SearchAction","target":{"@type":"EntryPoint","urlTemplate":"https:\/\/www.eldiario.net\/portal\/?s={search_term_string}"},"query-input":{"@type":"PropertyValueSpecification","valueRequired":true,"valueName":"search_term_string"}}],"inLanguage":"es"},{"@type":"Organization","@id":"https:\/\/www.eldiario.net\/portal\/#organization","name":"El Diario - Decano de la prensa nacional","url":"https:\/\/www.eldiario.net\/portal\/","logo":{"@type":"ImageObject","inLanguage":"es","@id":"https:\/\/www.eldiario.net\/portal\/#\/schema\/logo\/image\/","url":"https:\/\/www.eldiario.net\/portal\/wp-content\/uploads\/2023\/07\/logo_ED.jpg","contentUrl":"https:\/\/www.eldiario.net\/portal\/wp-content\/uploads\/2023\/07\/logo_ED.jpg","width":272,"height":52,"caption":"El Diario - Decano de la prensa nacional"},"image":{"@id":"https:\/\/www.eldiario.net\/portal\/#\/schema\/logo\/image\/"},"sameAs":["https:\/\/www.facebook.com\/eldiario.bolivia\/","https:\/\/x.com\/eldiario_net"]},{"@type":"Person","@id":"https:\/\/www.eldiario.net\/portal\/#\/schema\/person\/f46445640444750d7d753ccd04ae01b7","name":"Jeanette","image":{"@type":"ImageObject","inLanguage":"es","@id":"https:\/\/secure.gravatar.com\/avatar\/3ea2118a5f7dad2b7138b1187a6b7ee55f160b9968b66013c3a3ef39dd7e5798?s=96&d=mm&r=g","url":"https:\/\/secure.gravatar.com\/avatar\/3ea2118a5f7dad2b7138b1187a6b7ee55f160b9968b66013c3a3ef39dd7e5798?s=96&d=mm&r=g","contentUrl":"https:\/\/secure.gravatar.com\/avatar\/3ea2118a5f7dad2b7138b1187a6b7ee55f160b9968b66013c3a3ef39dd7e5798?s=96&d=mm&r=g","caption":"Jeanette"},"sameAs":["https:\/\/www.eldiario.net\/portal"],"url":"https:\/\/www.eldiario.net\/portal\/author\/jeanette\/"}]}},"_links":{"self":[{"href":"https:\/\/www.eldiario.net\/portal\/wp-json\/wp\/v2\/posts\/226318","targetHints":{"allow":["GET"]}}],"collection":[{"href":"https:\/\/www.eldiario.net\/portal\/wp-json\/wp\/v2\/posts"}],"about":[{"href":"https:\/\/www.eldiario.net\/portal\/wp-json\/wp\/v2\/types\/post"}],"author":[{"embeddable":true,"href":"https:\/\/www.eldiario.net\/portal\/wp-json\/wp\/v2\/users\/1"}],"replies":[{"embeddable":true,"href":"https:\/\/www.eldiario.net\/portal\/wp-json\/wp\/v2\/comments?post=226318"}],"version-history":[{"count":1,"href":"https:\/\/www.eldiario.net\/portal\/wp-json\/wp\/v2\/posts\/226318\/revisions"}],"predecessor-version":[{"id":226319,"href":"https:\/\/www.eldiario.net\/portal\/wp-json\/wp\/v2\/posts\/226318\/revisions\/226319"}],"wp:featuredmedia":[{"embeddable":true,"href":"https:\/\/www.eldiario.net\/portal\/wp-json\/wp\/v2\/media\/194776"}],"wp:attachment":[{"href":"https:\/\/www.eldiario.net\/portal\/wp-json\/wp\/v2\/media?parent=226318"}],"wp:term":[{"taxonomy":"category","embeddable":true,"href":"https:\/\/www.eldiario.net\/portal\/wp-json\/wp\/v2\/categories?post=226318"},{"taxonomy":"post_tag","embeddable":true,"href":"https:\/\/www.eldiario.net\/portal\/wp-json\/wp\/v2\/tags?post=226318"}],"curies":[{"name":"wp","href":"https:\/\/api.w.org\/{rel}","templated":true}]}}