{"id":226155,"date":"2024-06-10T06:02:11","date_gmt":"2024-06-10T10:02:11","guid":{"rendered":"https:\/\/www.eldiario.net\/portal\/?p=226155"},"modified":"2024-06-10T06:02:11","modified_gmt":"2024-06-10T10:02:11","slug":"participantes-de-nueve-paises-se-reunen-en-el-fospa-2024","status":"publish","type":"post","link":"https:\/\/www.eldiario.net\/portal\/2024\/06\/10\/participantes-de-nueve-paises-se-reunen-en-el-fospa-2024\/","title":{"rendered":"Participantes de nueve pa\u00edses se re\u00fanen en el Fospa 2024"},"content":{"rendered":"<p>Comienza la cuenta regresiva para el inicio de la versi\u00f3n und\u00e9cima del Foro Social Panamaz\u00f3nico (Fospa XI-2024), que se realizar\u00e1 entre el 12 y 15 de junio en Rurrenabaque y San Buenaventura con la participaci\u00f3n de representantes de nueve pa\u00edses.<br \/>\nEl encuentro es un espacio de articulaci\u00f3n entre organizaciones civiles, movimientos sociales y pueblos de pa\u00edses que comparten la cuenca amaz\u00f3nica en el continente: Bolivia, Brasil, Per\u00fa, Venezuela, Ecuador, Colombia, Surinam, Guyana y Guyane. Busca incidir en pol\u00edticas p\u00fablicas de sus gobiernos en favor de los derechos humanos y de la madre tierra.<br \/>\nEl encuentro generar\u00e1 propuestas y acciones en defensa de la Amazon\u00eda a partir de cuatro ejes tem\u00e1ticos: 1) Pueblos ind\u00edgenas y poblaciones amaz\u00f3nicas; 2) Madre Tierra; 3) Extractivismos y Alternativas, y 4) Resistencias de las Mujeres, informa una nota de prensa.<br \/>\n\u201cEn este espacio se van a compartir y se van a discutir problem\u00e1ticas que hacen a estas regiones y al mismo tiempo tambi\u00e9n se van a generar alternativas y propuestas para incidir a las pol\u00edticas p\u00fablicas de los gobiernos de estos pa\u00edses\u201d, dijo Walter Limache, del Comit\u00e9 Nacional del Fospa Bolivia, en una conferencia de prensa realizada cuando fue lanzado el encuentro, en febrero de este a\u00f1o en Santa Cruz.<br \/>\nLos participantes formar\u00e1n grupo de trabajos por cada eje para tratar diversos temas espec\u00edficos, entre ellos: autonom\u00edas ind\u00edgenas, tierra y territorios, pueblos amaz\u00f3nicos, agua, crisis clim\u00e1tica, biodiversidad y \u00e1reas protegidas, bosques, derechos de la naturaleza, miner\u00eda, transici\u00f3n energ\u00e9tica, ampliaci\u00f3n de la frontera agropecuaria, soberan\u00eda alimentaria, ecoturismo, violencia y derechos humanos, entre otros.<br \/>\nAdem\u00e1s, el Fospa constar\u00e1 de eventos autogestionarios para tratar tem\u00e1ticas espec\u00edficas entre las que se incluye la comunicaci\u00f3n y la espiritualidad de los pueblos amaz\u00f3nicos, a\u00f1ade la nota.<br \/>\nDesde que fue creado, en 2002, el Fospa ha sido un espacio clave para la articulaci\u00f3n de actores sociales y la construcci\u00f3n de una agenda com\u00fan en defensa de la Amazon\u00eda. (Br\u00fajula Digital)<\/p>\n","protected":false},"excerpt":{"rendered":"<p>Comienza la cuenta regresiva para el inicio de la versi\u00f3n und\u00e9cima del Foro Social Panamaz\u00f3nico (Fospa XI-2024), que se realizar\u00e1 entre el 12 y 15 de junio en Rurrenabaque y San Buenaventura con la participaci\u00f3n de representantes de nueve pa\u00edses. El encuentro es un espacio de articulaci\u00f3n entre organizaciones civiles, movimientos sociales y pueblos de [&hellip;]<\/p>\n","protected":false},"author":1,"featured_media":194726,"comment_status":"open","ping_status":"open","sticky":false,"template":"","format":"standard","meta":{"_acf_changed":false,"footnotes":""},"categories":[12],"tags":[],"class_list":["post-226155","post","type-post","status-publish","format-standard","has-post-thumbnail","category-nacional"],"acf":{"antetitulo":"En Rurrenabaque y San Buenaventura"},"yoast_head":"<!-- This site is optimized with the Yoast SEO plugin v28.4 - https:\/\/yoast.com\/product\/yoast-seo-wordpress\/ -->\n<title>Participantes de nueve pa\u00edses se re\u00fanen en el Fospa 2024 - El Diario - Bolivia<\/title>\n<meta name=\"robots\" content=\"index, follow, max-snippet:-1, max-image-preview:large, max-video-preview:-1\" \/>\n<link rel=\"canonical\" href=\"https:\/\/www.eldiario.net\/portal\/2024\/06\/10\/participantes-de-nueve-paises-se-reunen-en-el-fospa-2024\/\" \/>\n<meta property=\"og:locale\" content=\"es_ES\" \/>\n<meta property=\"og:type\" content=\"article\" \/>\n<meta property=\"og:title\" content=\"Participantes de nueve pa\u00edses se re\u00fanen en el Fospa 2024 - El Diario - Bolivia\" \/>\n<meta property=\"og:description\" content=\"Comienza la cuenta regresiva para el inicio de la versi\u00f3n und\u00e9cima del Foro Social Panamaz\u00f3nico (Fospa XI-2024), que se realizar\u00e1 entre el 12 y 15 de junio en Rurrenabaque y San Buenaventura con la participaci\u00f3n de representantes de nueve pa\u00edses. El encuentro es un espacio de articulaci\u00f3n entre organizaciones civiles, movimientos sociales y pueblos de [&hellip;]\" \/>\n<meta property=\"og:url\" content=\"https:\/\/www.eldiario.net\/portal\/2024\/06\/10\/participantes-de-nueve-paises-se-reunen-en-el-fospa-2024\/\" \/>\n<meta property=\"og:site_name\" content=\"El Diario - Bolivia\" \/>\n<meta property=\"article:publisher\" content=\"https:\/\/www.facebook.com\/eldiario.bolivia\/\" \/>\n<meta property=\"article:published_time\" content=\"2024-06-10T10:02:11+00:00\" \/>\n<meta property=\"og:image\" content=\"https:\/\/www.eldiario.net\/portal\/wp-content\/uploads\/2023\/12\/Nacional.jpg\" \/>\n\t<meta property=\"og:image:width\" content=\"800\" \/>\n\t<meta property=\"og:image:height\" content=\"500\" \/>\n\t<meta property=\"og:image:type\" content=\"image\/jpeg\" \/>\n<meta name=\"author\" content=\"Jeanette\" \/>\n<meta name=\"twitter:card\" content=\"summary_large_image\" \/>\n<meta name=\"twitter:creator\" content=\"@eldiario_net\" \/>\n<meta name=\"twitter:site\" content=\"@eldiario_net\" \/>\n<meta name=\"twitter:label1\" content=\"Escrito por\" \/>\n\t<meta name=\"twitter:data1\" content=\"Jeanette\" \/>\n\t<meta name=\"twitter:label2\" content=\"Tiempo de lectura\" \/>\n\t<meta name=\"twitter:data2\" content=\"2 minutos\" \/>\n<script type=\"application\/ld+json\" class=\"yoast-schema-graph\">{\"@context\":\"https:\\\/\\\/schema.org\",\"@graph\":[{\"@type\":\"Article\",\"@id\":\"https:\\\/\\\/www.eldiario.net\\\/portal\\\/2024\\\/06\\\/10\\\/participantes-de-nueve-paises-se-reunen-en-el-fospa-2024\\\/#article\",\"isPartOf\":{\"@id\":\"https:\\\/\\\/www.eldiario.net\\\/portal\\\/2024\\\/06\\\/10\\\/participantes-de-nueve-paises-se-reunen-en-el-fospa-2024\\\/\"},\"author\":{\"name\":\"Jeanette\",\"@id\":\"https:\\\/\\\/www.eldiario.net\\\/portal\\\/#\\\/schema\\\/person\\\/f46445640444750d7d753ccd04ae01b7\"},\"headline\":\"Participantes de nueve pa\u00edses se re\u00fanen en el Fospa 2024\",\"datePublished\":\"2024-06-10T10:02:11+00:00\",\"mainEntityOfPage\":{\"@id\":\"https:\\\/\\\/www.eldiario.net\\\/portal\\\/2024\\\/06\\\/10\\\/participantes-de-nueve-paises-se-reunen-en-el-fospa-2024\\\/\"},\"wordCount\":363,\"commentCount\":0,\"publisher\":{\"@id\":\"https:\\\/\\\/www.eldiario.net\\\/portal\\\/#organization\"},\"image\":{\"@id\":\"https:\\\/\\\/www.eldiario.net\\\/portal\\\/2024\\\/06\\\/10\\\/participantes-de-nueve-paises-se-reunen-en-el-fospa-2024\\\/#primaryimage\"},\"thumbnailUrl\":\"https:\\\/\\\/www.eldiario.net\\\/portal\\\/wp-content\\\/uploads\\\/2023\\\/12\\\/Nacional.jpg\",\"articleSection\":[\"Nacional\"],\"inLanguage\":\"es\",\"potentialAction\":[{\"@type\":\"CommentAction\",\"name\":\"Comment\",\"target\":[\"https:\\\/\\\/www.eldiario.net\\\/portal\\\/2024\\\/06\\\/10\\\/participantes-de-nueve-paises-se-reunen-en-el-fospa-2024\\\/#respond\"]}]},{\"@type\":\"WebPage\",\"@id\":\"https:\\\/\\\/www.eldiario.net\\\/portal\\\/2024\\\/06\\\/10\\\/participantes-de-nueve-paises-se-reunen-en-el-fospa-2024\\\/\",\"url\":\"https:\\\/\\\/www.eldiario.net\\\/portal\\\/2024\\\/06\\\/10\\\/participantes-de-nueve-paises-se-reunen-en-el-fospa-2024\\\/\",\"name\":\"Participantes de nueve pa\u00edses se re\u00fanen en el Fospa 2024 - El Diario - Bolivia\",\"isPartOf\":{\"@id\":\"https:\\\/\\\/www.eldiario.net\\\/portal\\\/#website\"},\"primaryImageOfPage\":{\"@id\":\"https:\\\/\\\/www.eldiario.net\\\/portal\\\/2024\\\/06\\\/10\\\/participantes-de-nueve-paises-se-reunen-en-el-fospa-2024\\\/#primaryimage\"},\"image\":{\"@id\":\"https:\\\/\\\/www.eldiario.net\\\/portal\\\/2024\\\/06\\\/10\\\/participantes-de-nueve-paises-se-reunen-en-el-fospa-2024\\\/#primaryimage\"},\"thumbnailUrl\":\"https:\\\/\\\/www.eldiario.net\\\/portal\\\/wp-content\\\/uploads\\\/2023\\\/12\\\/Nacional.jpg\",\"datePublished\":\"2024-06-10T10:02:11+00:00\",\"breadcrumb\":{\"@id\":\"https:\\\/\\\/www.eldiario.net\\\/portal\\\/2024\\\/06\\\/10\\\/participantes-de-nueve-paises-se-reunen-en-el-fospa-2024\\\/#breadcrumb\"},\"inLanguage\":\"es\",\"potentialAction\":[{\"@type\":\"ReadAction\",\"target\":[\"https:\\\/\\\/www.eldiario.net\\\/portal\\\/2024\\\/06\\\/10\\\/participantes-de-nueve-paises-se-reunen-en-el-fospa-2024\\\/\"]}]},{\"@type\":\"ImageObject\",\"inLanguage\":\"es\",\"@id\":\"https:\\\/\\\/www.eldiario.net\\\/portal\\\/2024\\\/06\\\/10\\\/participantes-de-nueve-paises-se-reunen-en-el-fospa-2024\\\/#primaryimage\",\"url\":\"https:\\\/\\\/www.eldiario.net\\\/portal\\\/wp-content\\\/uploads\\\/2023\\\/12\\\/Nacional.jpg\",\"contentUrl\":\"https:\\\/\\\/www.eldiario.net\\\/portal\\\/wp-content\\\/uploads\\\/2023\\\/12\\\/Nacional.jpg\",\"width\":800,\"height\":500},{\"@type\":\"BreadcrumbList\",\"@id\":\"https:\\\/\\\/www.eldiario.net\\\/portal\\\/2024\\\/06\\\/10\\\/participantes-de-nueve-paises-se-reunen-en-el-fospa-2024\\\/#breadcrumb\",\"itemListElement\":[{\"@type\":\"ListItem\",\"position\":1,\"name\":\"Portada\",\"item\":\"https:\\\/\\\/www.eldiario.net\\\/portal\\\/\"},{\"@type\":\"ListItem\",\"position\":2,\"name\":\"Participantes de nueve pa\u00edses se re\u00fanen en el Fospa 2024\"}]},{\"@type\":\"WebSite\",\"@id\":\"https:\\\/\\\/www.eldiario.net\\\/portal\\\/#website\",\"url\":\"https:\\\/\\\/www.eldiario.net\\\/portal\\\/\",\"name\":\"El Diario - Decano de la prensa nacional\",\"description\":\"El Diario - Decano de la prensa nacional\",\"publisher\":{\"@id\":\"https:\\\/\\\/www.eldiario.net\\\/portal\\\/#organization\"},\"potentialAction\":[{\"@type\":\"SearchAction\",\"target\":{\"@type\":\"EntryPoint\",\"urlTemplate\":\"https:\\\/\\\/www.eldiario.net\\\/portal\\\/?s={search_term_string}\"},\"query-input\":{\"@type\":\"PropertyValueSpecification\",\"valueRequired\":true,\"valueName\":\"search_term_string\"}}],\"inLanguage\":\"es\"},{\"@type\":\"Organization\",\"@id\":\"https:\\\/\\\/www.eldiario.net\\\/portal\\\/#organization\",\"name\":\"El Diario - Decano de la prensa nacional\",\"url\":\"https:\\\/\\\/www.eldiario.net\\\/portal\\\/\",\"logo\":{\"@type\":\"ImageObject\",\"inLanguage\":\"es\",\"@id\":\"https:\\\/\\\/www.eldiario.net\\\/portal\\\/#\\\/schema\\\/logo\\\/image\\\/\",\"url\":\"https:\\\/\\\/www.eldiario.net\\\/portal\\\/wp-content\\\/uploads\\\/2023\\\/07\\\/logo_ED.jpg\",\"contentUrl\":\"https:\\\/\\\/www.eldiario.net\\\/portal\\\/wp-content\\\/uploads\\\/2023\\\/07\\\/logo_ED.jpg\",\"width\":272,\"height\":52,\"caption\":\"El Diario - Decano de la prensa nacional\"},\"image\":{\"@id\":\"https:\\\/\\\/www.eldiario.net\\\/portal\\\/#\\\/schema\\\/logo\\\/image\\\/\"},\"sameAs\":[\"https:\\\/\\\/www.facebook.com\\\/eldiario.bolivia\\\/\",\"https:\\\/\\\/x.com\\\/eldiario_net\"]},{\"@type\":\"Person\",\"@id\":\"https:\\\/\\\/www.eldiario.net\\\/portal\\\/#\\\/schema\\\/person\\\/f46445640444750d7d753ccd04ae01b7\",\"name\":\"Jeanette\",\"image\":{\"@type\":\"ImageObject\",\"inLanguage\":\"es\",\"@id\":\"https:\\\/\\\/secure.gravatar.com\\\/avatar\\\/3ea2118a5f7dad2b7138b1187a6b7ee55f160b9968b66013c3a3ef39dd7e5798?s=96&d=mm&r=g\",\"url\":\"https:\\\/\\\/secure.gravatar.com\\\/avatar\\\/3ea2118a5f7dad2b7138b1187a6b7ee55f160b9968b66013c3a3ef39dd7e5798?s=96&d=mm&r=g\",\"contentUrl\":\"https:\\\/\\\/secure.gravatar.com\\\/avatar\\\/3ea2118a5f7dad2b7138b1187a6b7ee55f160b9968b66013c3a3ef39dd7e5798?s=96&d=mm&r=g\",\"caption\":\"Jeanette\"},\"sameAs\":[\"https:\\\/\\\/www.eldiario.net\\\/portal\"],\"url\":\"https:\\\/\\\/www.eldiario.net\\\/portal\\\/author\\\/jeanette\\\/\"}]}<\/script>\n<!-- \/ Yoast SEO plugin. -->","yoast_head_json":{"title":"Participantes de nueve pa\u00edses se re\u00fanen en el Fospa 2024 - El Diario - Bolivia","robots":{"index":"index","follow":"follow","max-snippet":"max-snippet:-1","max-image-preview":"max-image-preview:large","max-video-preview":"max-video-preview:-1"},"canonical":"https:\/\/www.eldiario.net\/portal\/2024\/06\/10\/participantes-de-nueve-paises-se-reunen-en-el-fospa-2024\/","og_locale":"es_ES","og_type":"article","og_title":"Participantes de nueve pa\u00edses se re\u00fanen en el Fospa 2024 - El Diario - Bolivia","og_description":"Comienza la cuenta regresiva para el inicio de la versi\u00f3n und\u00e9cima del Foro Social Panamaz\u00f3nico (Fospa XI-2024), que se realizar\u00e1 entre el 12 y 15 de junio en Rurrenabaque y San Buenaventura con la participaci\u00f3n de representantes de nueve pa\u00edses. El encuentro es un espacio de articulaci\u00f3n entre organizaciones civiles, movimientos sociales y pueblos de [&hellip;]","og_url":"https:\/\/www.eldiario.net\/portal\/2024\/06\/10\/participantes-de-nueve-paises-se-reunen-en-el-fospa-2024\/","og_site_name":"El Diario - Bolivia","article_publisher":"https:\/\/www.facebook.com\/eldiario.bolivia\/","article_published_time":"2024-06-10T10:02:11+00:00","og_image":[{"width":800,"height":500,"url":"https:\/\/www.eldiario.net\/portal\/wp-content\/uploads\/2023\/12\/Nacional.jpg","type":"image\/jpeg"}],"author":"Jeanette","twitter_card":"summary_large_image","twitter_creator":"@eldiario_net","twitter_site":"@eldiario_net","twitter_misc":{"Escrito por":"Jeanette","Tiempo de lectura":"2 minutos"},"schema":{"@context":"https:\/\/schema.org","@graph":[{"@type":"Article","@id":"https:\/\/www.eldiario.net\/portal\/2024\/06\/10\/participantes-de-nueve-paises-se-reunen-en-el-fospa-2024\/#article","isPartOf":{"@id":"https:\/\/www.eldiario.net\/portal\/2024\/06\/10\/participantes-de-nueve-paises-se-reunen-en-el-fospa-2024\/"},"author":{"name":"Jeanette","@id":"https:\/\/www.eldiario.net\/portal\/#\/schema\/person\/f46445640444750d7d753ccd04ae01b7"},"headline":"Participantes de nueve pa\u00edses se re\u00fanen en el Fospa 2024","datePublished":"2024-06-10T10:02:11+00:00","mainEntityOfPage":{"@id":"https:\/\/www.eldiario.net\/portal\/2024\/06\/10\/participantes-de-nueve-paises-se-reunen-en-el-fospa-2024\/"},"wordCount":363,"commentCount":0,"publisher":{"@id":"https:\/\/www.eldiario.net\/portal\/#organization"},"image":{"@id":"https:\/\/www.eldiario.net\/portal\/2024\/06\/10\/participantes-de-nueve-paises-se-reunen-en-el-fospa-2024\/#primaryimage"},"thumbnailUrl":"https:\/\/www.eldiario.net\/portal\/wp-content\/uploads\/2023\/12\/Nacional.jpg","articleSection":["Nacional"],"inLanguage":"es","potentialAction":[{"@type":"CommentAction","name":"Comment","target":["https:\/\/www.eldiario.net\/portal\/2024\/06\/10\/participantes-de-nueve-paises-se-reunen-en-el-fospa-2024\/#respond"]}]},{"@type":"WebPage","@id":"https:\/\/www.eldiario.net\/portal\/2024\/06\/10\/participantes-de-nueve-paises-se-reunen-en-el-fospa-2024\/","url":"https:\/\/www.eldiario.net\/portal\/2024\/06\/10\/participantes-de-nueve-paises-se-reunen-en-el-fospa-2024\/","name":"Participantes de nueve pa\u00edses se re\u00fanen en el Fospa 2024 - El Diario - Bolivia","isPartOf":{"@id":"https:\/\/www.eldiario.net\/portal\/#website"},"primaryImageOfPage":{"@id":"https:\/\/www.eldiario.net\/portal\/2024\/06\/10\/participantes-de-nueve-paises-se-reunen-en-el-fospa-2024\/#primaryimage"},"image":{"@id":"https:\/\/www.eldiario.net\/portal\/2024\/06\/10\/participantes-de-nueve-paises-se-reunen-en-el-fospa-2024\/#primaryimage"},"thumbnailUrl":"https:\/\/www.eldiario.net\/portal\/wp-content\/uploads\/2023\/12\/Nacional.jpg","datePublished":"2024-06-10T10:02:11+00:00","breadcrumb":{"@id":"https:\/\/www.eldiario.net\/portal\/2024\/06\/10\/participantes-de-nueve-paises-se-reunen-en-el-fospa-2024\/#breadcrumb"},"inLanguage":"es","potentialAction":[{"@type":"ReadAction","target":["https:\/\/www.eldiario.net\/portal\/2024\/06\/10\/participantes-de-nueve-paises-se-reunen-en-el-fospa-2024\/"]}]},{"@type":"ImageObject","inLanguage":"es","@id":"https:\/\/www.eldiario.net\/portal\/2024\/06\/10\/participantes-de-nueve-paises-se-reunen-en-el-fospa-2024\/#primaryimage","url":"https:\/\/www.eldiario.net\/portal\/wp-content\/uploads\/2023\/12\/Nacional.jpg","contentUrl":"https:\/\/www.eldiario.net\/portal\/wp-content\/uploads\/2023\/12\/Nacional.jpg","width":800,"height":500},{"@type":"BreadcrumbList","@id":"https:\/\/www.eldiario.net\/portal\/2024\/06\/10\/participantes-de-nueve-paises-se-reunen-en-el-fospa-2024\/#breadcrumb","itemListElement":[{"@type":"ListItem","position":1,"name":"Portada","item":"https:\/\/www.eldiario.net\/portal\/"},{"@type":"ListItem","position":2,"name":"Participantes de nueve pa\u00edses se re\u00fanen en el Fospa 2024"}]},{"@type":"WebSite","@id":"https:\/\/www.eldiario.net\/portal\/#website","url":"https:\/\/www.eldiario.net\/portal\/","name":"El Diario - Decano de la prensa nacional","description":"El Diario - Decano de la prensa nacional","publisher":{"@id":"https:\/\/www.eldiario.net\/portal\/#organization"},"potentialAction":[{"@type":"SearchAction","target":{"@type":"EntryPoint","urlTemplate":"https:\/\/www.eldiario.net\/portal\/?s={search_term_string}"},"query-input":{"@type":"PropertyValueSpecification","valueRequired":true,"valueName":"search_term_string"}}],"inLanguage":"es"},{"@type":"Organization","@id":"https:\/\/www.eldiario.net\/portal\/#organization","name":"El Diario - Decano de la prensa nacional","url":"https:\/\/www.eldiario.net\/portal\/","logo":{"@type":"ImageObject","inLanguage":"es","@id":"https:\/\/www.eldiario.net\/portal\/#\/schema\/logo\/image\/","url":"https:\/\/www.eldiario.net\/portal\/wp-content\/uploads\/2023\/07\/logo_ED.jpg","contentUrl":"https:\/\/www.eldiario.net\/portal\/wp-content\/uploads\/2023\/07\/logo_ED.jpg","width":272,"height":52,"caption":"El Diario - Decano de la prensa nacional"},"image":{"@id":"https:\/\/www.eldiario.net\/portal\/#\/schema\/logo\/image\/"},"sameAs":["https:\/\/www.facebook.com\/eldiario.bolivia\/","https:\/\/x.com\/eldiario_net"]},{"@type":"Person","@id":"https:\/\/www.eldiario.net\/portal\/#\/schema\/person\/f46445640444750d7d753ccd04ae01b7","name":"Jeanette","image":{"@type":"ImageObject","inLanguage":"es","@id":"https:\/\/secure.gravatar.com\/avatar\/3ea2118a5f7dad2b7138b1187a6b7ee55f160b9968b66013c3a3ef39dd7e5798?s=96&d=mm&r=g","url":"https:\/\/secure.gravatar.com\/avatar\/3ea2118a5f7dad2b7138b1187a6b7ee55f160b9968b66013c3a3ef39dd7e5798?s=96&d=mm&r=g","contentUrl":"https:\/\/secure.gravatar.com\/avatar\/3ea2118a5f7dad2b7138b1187a6b7ee55f160b9968b66013c3a3ef39dd7e5798?s=96&d=mm&r=g","caption":"Jeanette"},"sameAs":["https:\/\/www.eldiario.net\/portal"],"url":"https:\/\/www.eldiario.net\/portal\/author\/jeanette\/"}]}},"_links":{"self":[{"href":"https:\/\/www.eldiario.net\/portal\/wp-json\/wp\/v2\/posts\/226155","targetHints":{"allow":["GET"]}}],"collection":[{"href":"https:\/\/www.eldiario.net\/portal\/wp-json\/wp\/v2\/posts"}],"about":[{"href":"https:\/\/www.eldiario.net\/portal\/wp-json\/wp\/v2\/types\/post"}],"author":[{"embeddable":true,"href":"https:\/\/www.eldiario.net\/portal\/wp-json\/wp\/v2\/users\/1"}],"replies":[{"embeddable":true,"href":"https:\/\/www.eldiario.net\/portal\/wp-json\/wp\/v2\/comments?post=226155"}],"version-history":[{"count":1,"href":"https:\/\/www.eldiario.net\/portal\/wp-json\/wp\/v2\/posts\/226155\/revisions"}],"predecessor-version":[{"id":226156,"href":"https:\/\/www.eldiario.net\/portal\/wp-json\/wp\/v2\/posts\/226155\/revisions\/226156"}],"wp:featuredmedia":[{"embeddable":true,"href":"https:\/\/www.eldiario.net\/portal\/wp-json\/wp\/v2\/media\/194726"}],"wp:attachment":[{"href":"https:\/\/www.eldiario.net\/portal\/wp-json\/wp\/v2\/media?parent=226155"}],"wp:term":[{"taxonomy":"category","embeddable":true,"href":"https:\/\/www.eldiario.net\/portal\/wp-json\/wp\/v2\/categories?post=226155"},{"taxonomy":"post_tag","embeddable":true,"href":"https:\/\/www.eldiario.net\/portal\/wp-json\/wp\/v2\/tags?post=226155"}],"curies":[{"name":"wp","href":"https:\/\/api.w.org\/{rel}","templated":true}]}}