{"id":226153,"date":"2024-06-10T06:00:34","date_gmt":"2024-06-10T10:00:34","guid":{"rendered":"https:\/\/www.eldiario.net\/portal\/?p=226153"},"modified":"2024-06-10T06:00:34","modified_gmt":"2024-06-10T10:00:34","slug":"el-desayuno-escolar-un-beneficio-con-sabor-a-decepcion","status":"publish","type":"post","link":"https:\/\/www.eldiario.net\/portal\/2024\/06\/10\/el-desayuno-escolar-un-beneficio-con-sabor-a-decepcion\/","title":{"rendered":"El desayuno escolar: un beneficio con sabor a decepci\u00f3n"},"content":{"rendered":"<p>El desayuno escolar, una iniciativa del Gobierno destinada a combatir la desnutrici\u00f3n y mejorar la educaci\u00f3n, ha cumplido un cuarto de siglo en Bolivia. Esta medida, inspirada por recomendaciones internacionales, buscaba y busca tres objetivos principales: reducir los niveles de desnutrici\u00f3n infantil, retener a los ni\u00f1os y adolescentes en centros educativos y mejorar el rendimiento acad\u00e9mico. A primera vista, parece una estrategia prometedora para luchar contra la pobreza y mejorar el capital humano. Sin embargo, la realidad muestra una historia diferente, te\u00f1ida de problemas de calidad, corrupci\u00f3n y resultados educativos mediocres.<br \/>\nEn el an\u00e1lisis se deben establecer los siguientes interrogantes: \u00bfHa habido mejoras en la asistencia, la retenci\u00f3n y el rendimiento acad\u00e9mico de los estudiantes que participan en el programa? \u00bfLa calidad de los productos del desayuno es la m\u00e1s adecuada? \u00bfHa mejorado el estado nutricional de los ni\u00f1os desde la implementaci\u00f3n del desayuno escolar? \u00bfHay transparencia en los procesos de licitaci\u00f3n p\u00fablica? \u00bfLos objetivos del desayuno escolar se han alcanzado?<br \/>\nEs cierto que iniciativas como el desayuno escolar y el bono Juancito Pinto, que otorga Bs 200 a los escolares en \u00e1reas urbanas y Bs 300 a los estudiantes en \u00e1reas rurales, han contribuido significativamente a la reducci\u00f3n de la deserci\u00f3n escolar en el pa\u00eds. La entrega de alimentos para el desayuno escolar tambi\u00e9n ha sido un factor clave en este logro.<br \/>\nEn teor\u00eda, proporcionar un desayuno nutritivo a los ni\u00f1os en edad escolar deber\u00eda mejorar su estado nutricional, aumentar su energ\u00eda y concentraci\u00f3n y, por ende, mejorar su rendimiento acad\u00e9mico. No obstante, las quejas constantes sobre el valor nutricional de los alimentos entregados revelan una grave discrepancia entre la teor\u00eda y la pr\u00e1ctica. Nutricionistas, m\u00e9dicos y padres de familia han se\u00f1alado que los alimentos entregados suelen ser ultra procesados, ricos en carbohidratos, grasas y az\u00facares. Ejemplos abundan: barras cubiertas de chocolate, budines, y galletas que, aunque etiquetadas con ingredientes saludables como ch\u00eda o amaranto, est\u00e1n mayormente compuestas de trigo refinado.<br \/>\nEste problema se agrava con reportes de alimentos descompuestos o caducados, lo cual pone en riesgo la salud de los ni\u00f1os. Las empresas responsables, aunque multadas ocasionalmente, siguen ganando contratos a trav\u00e9s de licitaciones anuales, perpetuando un ciclo de ineficiencia y falta de responsabilidad. La corrupci\u00f3n es un tema omnipresente en este proceso, con denuncias de tr\u00e1fico de influencias y direccionamiento de contrataciones que favorecen a empresas reci\u00e9n creadas o sin experiencia en el rubro alimenticio.<br \/>\nA pesar de estos problemas, hay estudios que muestran una reducci\u00f3n de la desnutrici\u00f3n en \u00e1reas rurales, donde el desayuno escolar se prepara localmente, con alimentos m\u00e1s frescos y nutritivos. Este contraste sugiere que la descentralizaci\u00f3n y la participaci\u00f3n comunitaria podr\u00edan ser claves para mejorar la calidad del programa.<br \/>\nSin embargo, la mala alimentaci\u00f3n proporcionada en las ciudades ha contribuido a un problema creciente de sobrepeso y obesidad infantil. Aunque ser\u00eda simplista atribuir este problema \u00fanicamente al desayuno escolar, es innegable que es parte de una dieta inadecuada que afecta a muchos ni\u00f1os y adolescentes. Adem\u00e1s, la falta de una evaluaci\u00f3n rigurosa y continua del impacto nutricional del programa impide una comprensi\u00f3n clara de sus verdaderos beneficios o perjuicios.<br \/>\nEl rendimiento acad\u00e9mico, otra m\u00e9trica clave, tampoco ha mostrado mejoras significativas por brindar el desayuno escolar. Informes como el de Unicef indican que los ni\u00f1os de nuestro pa\u00eds tienen un rendimiento en lectura y matem\u00e1ticas por debajo del promedio mundial y entre los peores de Am\u00e9rica Latina. Esto se ve reflejado tambi\u00e9n en las altas tasas de reprobaci\u00f3n en las pruebas de ingreso a universidades p\u00fablicas, especialmente entre estudiantes de colegios fiscales.<br \/>\nLa corrupci\u00f3n, lamentablemente, no es una excepci\u00f3n sino una regla en este programa social. Las denuncias de favoritismo y sobornos en las licitaciones de alimentos son comunes en cada uno de las ciudades capitales y ciudades intermedias, haciendo de la provisi\u00f3n del desayuno escolar un lucrativo negocio para unos pocos a costa del bienestar de muchos.<br \/>\nPara que el desayuno escolar cumpla verdaderamente con sus objetivos, es esencial redise\u00f1ar el programa. Las adjudicaciones deber\u00edan ser transparentes y basadas en pujas abiertas y p\u00fablicas, eliminando el tr\u00e1fico de influencias. Adem\u00e1s, es crucial implementar m\u00e9tricas rigurosas y continuas para evaluar el impacto nutricional y educativo del programa.<br \/>\nLa idea detr\u00e1s del desayuno escolar es noble y socialmente justa, pero su implementaci\u00f3n actual est\u00e1 lejos de ser efectiva. Es hora de enfrentar los problemas de frente, corregir los errores y asegurar que esta iniciativa realmente beneficie a quienes m\u00e1s lo necesitan: nuestros ni\u00f1os. Solo as\u00ed podremos transformar el desayuno escolar en una herramienta poderosa para combatir la desnutrici\u00f3n y mejorar la educaci\u00f3n en nuestro pa\u00eds.<\/p>\n<p>El autor es Investigador y analista socioecon\u00f3mico.<\/p>\n","protected":false},"excerpt":{"rendered":"<p>El desayuno escolar, una iniciativa del Gobierno destinada a combatir la desnutrici\u00f3n y mejorar la educaci\u00f3n, ha cumplido un cuarto de siglo en Bolivia. Esta medida, inspirada por recomendaciones internacionales, buscaba y busca tres objetivos principales: reducir los niveles de desnutrici\u00f3n infantil, retener a los ni\u00f1os y adolescentes en centros educativos y mejorar el rendimiento [&hellip;]<\/p>\n","protected":false},"author":1,"featured_media":213112,"comment_status":"open","ping_status":"open","sticky":false,"template":"","format":"standard","meta":{"_acf_changed":false,"footnotes":""},"categories":[9],"tags":[],"class_list":["post-226153","post","type-post","status-publish","format-standard","has-post-thumbnail","category-opinion"],"acf":{"antetitulo":""},"yoast_head":"<!-- This site is optimized with the Yoast SEO plugin v28.4 - https:\/\/yoast.com\/product\/yoast-seo-wordpress\/ -->\n<title>El desayuno escolar: un beneficio con sabor a decepci\u00f3n - El Diario - Bolivia<\/title>\n<meta name=\"robots\" content=\"index, follow, max-snippet:-1, max-image-preview:large, max-video-preview:-1\" \/>\n<link rel=\"canonical\" href=\"https:\/\/www.eldiario.net\/portal\/2024\/06\/10\/el-desayuno-escolar-un-beneficio-con-sabor-a-decepcion\/\" \/>\n<meta property=\"og:locale\" content=\"es_ES\" \/>\n<meta property=\"og:type\" content=\"article\" \/>\n<meta property=\"og:title\" content=\"El desayuno escolar: un beneficio con sabor a decepci\u00f3n - El Diario - Bolivia\" \/>\n<meta property=\"og:description\" content=\"El desayuno escolar, una iniciativa del Gobierno destinada a combatir la desnutrici\u00f3n y mejorar la educaci\u00f3n, ha cumplido un cuarto de siglo en Bolivia. Esta medida, inspirada por recomendaciones internacionales, buscaba y busca tres objetivos principales: reducir los niveles de desnutrici\u00f3n infantil, retener a los ni\u00f1os y adolescentes en centros educativos y mejorar el rendimiento [&hellip;]\" \/>\n<meta property=\"og:url\" content=\"https:\/\/www.eldiario.net\/portal\/2024\/06\/10\/el-desayuno-escolar-un-beneficio-con-sabor-a-decepcion\/\" \/>\n<meta property=\"og:site_name\" content=\"El Diario - Bolivia\" \/>\n<meta property=\"article:publisher\" content=\"https:\/\/www.facebook.com\/eldiario.bolivia\/\" \/>\n<meta property=\"article:published_time\" content=\"2024-06-10T10:00:34+00:00\" \/>\n<meta property=\"og:image\" content=\"https:\/\/www.eldiario.net\/portal\/wp-content\/uploads\/2024\/04\/Miguel-Angel-Amonzabel-Gonzales.jpg\" \/>\n\t<meta property=\"og:image:width\" content=\"1200\" \/>\n\t<meta property=\"og:image:height\" content=\"628\" \/>\n\t<meta property=\"og:image:type\" content=\"image\/jpeg\" \/>\n<meta name=\"author\" content=\"Jeanette\" \/>\n<meta name=\"twitter:card\" content=\"summary_large_image\" \/>\n<meta name=\"twitter:creator\" content=\"@eldiario_net\" \/>\n<meta name=\"twitter:site\" content=\"@eldiario_net\" \/>\n<meta name=\"twitter:label1\" content=\"Escrito por\" \/>\n\t<meta name=\"twitter:data1\" content=\"Jeanette\" \/>\n\t<meta name=\"twitter:label2\" content=\"Tiempo de lectura\" \/>\n\t<meta name=\"twitter:data2\" content=\"4 minutos\" \/>\n<script type=\"application\/ld+json\" class=\"yoast-schema-graph\">{\"@context\":\"https:\\\/\\\/schema.org\",\"@graph\":[{\"@type\":\"Article\",\"@id\":\"https:\\\/\\\/www.eldiario.net\\\/portal\\\/2024\\\/06\\\/10\\\/el-desayuno-escolar-un-beneficio-con-sabor-a-decepcion\\\/#article\",\"isPartOf\":{\"@id\":\"https:\\\/\\\/www.eldiario.net\\\/portal\\\/2024\\\/06\\\/10\\\/el-desayuno-escolar-un-beneficio-con-sabor-a-decepcion\\\/\"},\"author\":{\"name\":\"Jeanette\",\"@id\":\"https:\\\/\\\/www.eldiario.net\\\/portal\\\/#\\\/schema\\\/person\\\/f46445640444750d7d753ccd04ae01b7\"},\"headline\":\"El desayuno escolar: un beneficio con sabor a decepci\u00f3n\",\"datePublished\":\"2024-06-10T10:00:34+00:00\",\"mainEntityOfPage\":{\"@id\":\"https:\\\/\\\/www.eldiario.net\\\/portal\\\/2024\\\/06\\\/10\\\/el-desayuno-escolar-un-beneficio-con-sabor-a-decepcion\\\/\"},\"wordCount\":851,\"commentCount\":0,\"publisher\":{\"@id\":\"https:\\\/\\\/www.eldiario.net\\\/portal\\\/#organization\"},\"image\":{\"@id\":\"https:\\\/\\\/www.eldiario.net\\\/portal\\\/2024\\\/06\\\/10\\\/el-desayuno-escolar-un-beneficio-con-sabor-a-decepcion\\\/#primaryimage\"},\"thumbnailUrl\":\"https:\\\/\\\/www.eldiario.net\\\/portal\\\/wp-content\\\/uploads\\\/2024\\\/04\\\/Miguel-Angel-Amonzabel-Gonzales.jpg\",\"articleSection\":[\"Opini\u00f3n\"],\"inLanguage\":\"es\",\"potentialAction\":[{\"@type\":\"CommentAction\",\"name\":\"Comment\",\"target\":[\"https:\\\/\\\/www.eldiario.net\\\/portal\\\/2024\\\/06\\\/10\\\/el-desayuno-escolar-un-beneficio-con-sabor-a-decepcion\\\/#respond\"]}]},{\"@type\":\"WebPage\",\"@id\":\"https:\\\/\\\/www.eldiario.net\\\/portal\\\/2024\\\/06\\\/10\\\/el-desayuno-escolar-un-beneficio-con-sabor-a-decepcion\\\/\",\"url\":\"https:\\\/\\\/www.eldiario.net\\\/portal\\\/2024\\\/06\\\/10\\\/el-desayuno-escolar-un-beneficio-con-sabor-a-decepcion\\\/\",\"name\":\"El desayuno escolar: un beneficio con sabor a decepci\u00f3n - El Diario - Bolivia\",\"isPartOf\":{\"@id\":\"https:\\\/\\\/www.eldiario.net\\\/portal\\\/#website\"},\"primaryImageOfPage\":{\"@id\":\"https:\\\/\\\/www.eldiario.net\\\/portal\\\/2024\\\/06\\\/10\\\/el-desayuno-escolar-un-beneficio-con-sabor-a-decepcion\\\/#primaryimage\"},\"image\":{\"@id\":\"https:\\\/\\\/www.eldiario.net\\\/portal\\\/2024\\\/06\\\/10\\\/el-desayuno-escolar-un-beneficio-con-sabor-a-decepcion\\\/#primaryimage\"},\"thumbnailUrl\":\"https:\\\/\\\/www.eldiario.net\\\/portal\\\/wp-content\\\/uploads\\\/2024\\\/04\\\/Miguel-Angel-Amonzabel-Gonzales.jpg\",\"datePublished\":\"2024-06-10T10:00:34+00:00\",\"breadcrumb\":{\"@id\":\"https:\\\/\\\/www.eldiario.net\\\/portal\\\/2024\\\/06\\\/10\\\/el-desayuno-escolar-un-beneficio-con-sabor-a-decepcion\\\/#breadcrumb\"},\"inLanguage\":\"es\",\"potentialAction\":[{\"@type\":\"ReadAction\",\"target\":[\"https:\\\/\\\/www.eldiario.net\\\/portal\\\/2024\\\/06\\\/10\\\/el-desayuno-escolar-un-beneficio-con-sabor-a-decepcion\\\/\"]}]},{\"@type\":\"ImageObject\",\"inLanguage\":\"es\",\"@id\":\"https:\\\/\\\/www.eldiario.net\\\/portal\\\/2024\\\/06\\\/10\\\/el-desayuno-escolar-un-beneficio-con-sabor-a-decepcion\\\/#primaryimage\",\"url\":\"https:\\\/\\\/www.eldiario.net\\\/portal\\\/wp-content\\\/uploads\\\/2024\\\/04\\\/Miguel-Angel-Amonzabel-Gonzales.jpg\",\"contentUrl\":\"https:\\\/\\\/www.eldiario.net\\\/portal\\\/wp-content\\\/uploads\\\/2024\\\/04\\\/Miguel-Angel-Amonzabel-Gonzales.jpg\",\"width\":1200,\"height\":628,\"caption\":\"Miguel \u00c1ngel Amonzabel Gonzales\"},{\"@type\":\"BreadcrumbList\",\"@id\":\"https:\\\/\\\/www.eldiario.net\\\/portal\\\/2024\\\/06\\\/10\\\/el-desayuno-escolar-un-beneficio-con-sabor-a-decepcion\\\/#breadcrumb\",\"itemListElement\":[{\"@type\":\"ListItem\",\"position\":1,\"name\":\"Portada\",\"item\":\"https:\\\/\\\/www.eldiario.net\\\/portal\\\/\"},{\"@type\":\"ListItem\",\"position\":2,\"name\":\"El desayuno escolar: un beneficio con sabor a decepci\u00f3n\"}]},{\"@type\":\"WebSite\",\"@id\":\"https:\\\/\\\/www.eldiario.net\\\/portal\\\/#website\",\"url\":\"https:\\\/\\\/www.eldiario.net\\\/portal\\\/\",\"name\":\"El Diario - Decano de la prensa nacional\",\"description\":\"El Diario - Decano de la prensa nacional\",\"publisher\":{\"@id\":\"https:\\\/\\\/www.eldiario.net\\\/portal\\\/#organization\"},\"potentialAction\":[{\"@type\":\"SearchAction\",\"target\":{\"@type\":\"EntryPoint\",\"urlTemplate\":\"https:\\\/\\\/www.eldiario.net\\\/portal\\\/?s={search_term_string}\"},\"query-input\":{\"@type\":\"PropertyValueSpecification\",\"valueRequired\":true,\"valueName\":\"search_term_string\"}}],\"inLanguage\":\"es\"},{\"@type\":\"Organization\",\"@id\":\"https:\\\/\\\/www.eldiario.net\\\/portal\\\/#organization\",\"name\":\"El Diario - Decano de la prensa nacional\",\"url\":\"https:\\\/\\\/www.eldiario.net\\\/portal\\\/\",\"logo\":{\"@type\":\"ImageObject\",\"inLanguage\":\"es\",\"@id\":\"https:\\\/\\\/www.eldiario.net\\\/portal\\\/#\\\/schema\\\/logo\\\/image\\\/\",\"url\":\"https:\\\/\\\/www.eldiario.net\\\/portal\\\/wp-content\\\/uploads\\\/2023\\\/07\\\/logo_ED.jpg\",\"contentUrl\":\"https:\\\/\\\/www.eldiario.net\\\/portal\\\/wp-content\\\/uploads\\\/2023\\\/07\\\/logo_ED.jpg\",\"width\":272,\"height\":52,\"caption\":\"El Diario - Decano de la prensa nacional\"},\"image\":{\"@id\":\"https:\\\/\\\/www.eldiario.net\\\/portal\\\/#\\\/schema\\\/logo\\\/image\\\/\"},\"sameAs\":[\"https:\\\/\\\/www.facebook.com\\\/eldiario.bolivia\\\/\",\"https:\\\/\\\/x.com\\\/eldiario_net\"]},{\"@type\":\"Person\",\"@id\":\"https:\\\/\\\/www.eldiario.net\\\/portal\\\/#\\\/schema\\\/person\\\/f46445640444750d7d753ccd04ae01b7\",\"name\":\"Jeanette\",\"image\":{\"@type\":\"ImageObject\",\"inLanguage\":\"es\",\"@id\":\"https:\\\/\\\/secure.gravatar.com\\\/avatar\\\/3ea2118a5f7dad2b7138b1187a6b7ee55f160b9968b66013c3a3ef39dd7e5798?s=96&d=mm&r=g\",\"url\":\"https:\\\/\\\/secure.gravatar.com\\\/avatar\\\/3ea2118a5f7dad2b7138b1187a6b7ee55f160b9968b66013c3a3ef39dd7e5798?s=96&d=mm&r=g\",\"contentUrl\":\"https:\\\/\\\/secure.gravatar.com\\\/avatar\\\/3ea2118a5f7dad2b7138b1187a6b7ee55f160b9968b66013c3a3ef39dd7e5798?s=96&d=mm&r=g\",\"caption\":\"Jeanette\"},\"sameAs\":[\"https:\\\/\\\/www.eldiario.net\\\/portal\"],\"url\":\"https:\\\/\\\/www.eldiario.net\\\/portal\\\/author\\\/jeanette\\\/\"}]}<\/script>\n<!-- \/ Yoast SEO plugin. -->","yoast_head_json":{"title":"El desayuno escolar: un beneficio con sabor a decepci\u00f3n - El Diario - Bolivia","robots":{"index":"index","follow":"follow","max-snippet":"max-snippet:-1","max-image-preview":"max-image-preview:large","max-video-preview":"max-video-preview:-1"},"canonical":"https:\/\/www.eldiario.net\/portal\/2024\/06\/10\/el-desayuno-escolar-un-beneficio-con-sabor-a-decepcion\/","og_locale":"es_ES","og_type":"article","og_title":"El desayuno escolar: un beneficio con sabor a decepci\u00f3n - El Diario - Bolivia","og_description":"El desayuno escolar, una iniciativa del Gobierno destinada a combatir la desnutrici\u00f3n y mejorar la educaci\u00f3n, ha cumplido un cuarto de siglo en Bolivia. Esta medida, inspirada por recomendaciones internacionales, buscaba y busca tres objetivos principales: reducir los niveles de desnutrici\u00f3n infantil, retener a los ni\u00f1os y adolescentes en centros educativos y mejorar el rendimiento [&hellip;]","og_url":"https:\/\/www.eldiario.net\/portal\/2024\/06\/10\/el-desayuno-escolar-un-beneficio-con-sabor-a-decepcion\/","og_site_name":"El Diario - Bolivia","article_publisher":"https:\/\/www.facebook.com\/eldiario.bolivia\/","article_published_time":"2024-06-10T10:00:34+00:00","og_image":[{"width":1200,"height":628,"url":"https:\/\/www.eldiario.net\/portal\/wp-content\/uploads\/2024\/04\/Miguel-Angel-Amonzabel-Gonzales.jpg","type":"image\/jpeg"}],"author":"Jeanette","twitter_card":"summary_large_image","twitter_creator":"@eldiario_net","twitter_site":"@eldiario_net","twitter_misc":{"Escrito por":"Jeanette","Tiempo de lectura":"4 minutos"},"schema":{"@context":"https:\/\/schema.org","@graph":[{"@type":"Article","@id":"https:\/\/www.eldiario.net\/portal\/2024\/06\/10\/el-desayuno-escolar-un-beneficio-con-sabor-a-decepcion\/#article","isPartOf":{"@id":"https:\/\/www.eldiario.net\/portal\/2024\/06\/10\/el-desayuno-escolar-un-beneficio-con-sabor-a-decepcion\/"},"author":{"name":"Jeanette","@id":"https:\/\/www.eldiario.net\/portal\/#\/schema\/person\/f46445640444750d7d753ccd04ae01b7"},"headline":"El desayuno escolar: un beneficio con sabor a decepci\u00f3n","datePublished":"2024-06-10T10:00:34+00:00","mainEntityOfPage":{"@id":"https:\/\/www.eldiario.net\/portal\/2024\/06\/10\/el-desayuno-escolar-un-beneficio-con-sabor-a-decepcion\/"},"wordCount":851,"commentCount":0,"publisher":{"@id":"https:\/\/www.eldiario.net\/portal\/#organization"},"image":{"@id":"https:\/\/www.eldiario.net\/portal\/2024\/06\/10\/el-desayuno-escolar-un-beneficio-con-sabor-a-decepcion\/#primaryimage"},"thumbnailUrl":"https:\/\/www.eldiario.net\/portal\/wp-content\/uploads\/2024\/04\/Miguel-Angel-Amonzabel-Gonzales.jpg","articleSection":["Opini\u00f3n"],"inLanguage":"es","potentialAction":[{"@type":"CommentAction","name":"Comment","target":["https:\/\/www.eldiario.net\/portal\/2024\/06\/10\/el-desayuno-escolar-un-beneficio-con-sabor-a-decepcion\/#respond"]}]},{"@type":"WebPage","@id":"https:\/\/www.eldiario.net\/portal\/2024\/06\/10\/el-desayuno-escolar-un-beneficio-con-sabor-a-decepcion\/","url":"https:\/\/www.eldiario.net\/portal\/2024\/06\/10\/el-desayuno-escolar-un-beneficio-con-sabor-a-decepcion\/","name":"El desayuno escolar: un beneficio con sabor a decepci\u00f3n - El Diario - Bolivia","isPartOf":{"@id":"https:\/\/www.eldiario.net\/portal\/#website"},"primaryImageOfPage":{"@id":"https:\/\/www.eldiario.net\/portal\/2024\/06\/10\/el-desayuno-escolar-un-beneficio-con-sabor-a-decepcion\/#primaryimage"},"image":{"@id":"https:\/\/www.eldiario.net\/portal\/2024\/06\/10\/el-desayuno-escolar-un-beneficio-con-sabor-a-decepcion\/#primaryimage"},"thumbnailUrl":"https:\/\/www.eldiario.net\/portal\/wp-content\/uploads\/2024\/04\/Miguel-Angel-Amonzabel-Gonzales.jpg","datePublished":"2024-06-10T10:00:34+00:00","breadcrumb":{"@id":"https:\/\/www.eldiario.net\/portal\/2024\/06\/10\/el-desayuno-escolar-un-beneficio-con-sabor-a-decepcion\/#breadcrumb"},"inLanguage":"es","potentialAction":[{"@type":"ReadAction","target":["https:\/\/www.eldiario.net\/portal\/2024\/06\/10\/el-desayuno-escolar-un-beneficio-con-sabor-a-decepcion\/"]}]},{"@type":"ImageObject","inLanguage":"es","@id":"https:\/\/www.eldiario.net\/portal\/2024\/06\/10\/el-desayuno-escolar-un-beneficio-con-sabor-a-decepcion\/#primaryimage","url":"https:\/\/www.eldiario.net\/portal\/wp-content\/uploads\/2024\/04\/Miguel-Angel-Amonzabel-Gonzales.jpg","contentUrl":"https:\/\/www.eldiario.net\/portal\/wp-content\/uploads\/2024\/04\/Miguel-Angel-Amonzabel-Gonzales.jpg","width":1200,"height":628,"caption":"Miguel \u00c1ngel Amonzabel Gonzales"},{"@type":"BreadcrumbList","@id":"https:\/\/www.eldiario.net\/portal\/2024\/06\/10\/el-desayuno-escolar-un-beneficio-con-sabor-a-decepcion\/#breadcrumb","itemListElement":[{"@type":"ListItem","position":1,"name":"Portada","item":"https:\/\/www.eldiario.net\/portal\/"},{"@type":"ListItem","position":2,"name":"El desayuno escolar: un beneficio con sabor a decepci\u00f3n"}]},{"@type":"WebSite","@id":"https:\/\/www.eldiario.net\/portal\/#website","url":"https:\/\/www.eldiario.net\/portal\/","name":"El Diario - Decano de la prensa nacional","description":"El Diario - Decano de la prensa nacional","publisher":{"@id":"https:\/\/www.eldiario.net\/portal\/#organization"},"potentialAction":[{"@type":"SearchAction","target":{"@type":"EntryPoint","urlTemplate":"https:\/\/www.eldiario.net\/portal\/?s={search_term_string}"},"query-input":{"@type":"PropertyValueSpecification","valueRequired":true,"valueName":"search_term_string"}}],"inLanguage":"es"},{"@type":"Organization","@id":"https:\/\/www.eldiario.net\/portal\/#organization","name":"El Diario - Decano de la prensa nacional","url":"https:\/\/www.eldiario.net\/portal\/","logo":{"@type":"ImageObject","inLanguage":"es","@id":"https:\/\/www.eldiario.net\/portal\/#\/schema\/logo\/image\/","url":"https:\/\/www.eldiario.net\/portal\/wp-content\/uploads\/2023\/07\/logo_ED.jpg","contentUrl":"https:\/\/www.eldiario.net\/portal\/wp-content\/uploads\/2023\/07\/logo_ED.jpg","width":272,"height":52,"caption":"El Diario - Decano de la prensa nacional"},"image":{"@id":"https:\/\/www.eldiario.net\/portal\/#\/schema\/logo\/image\/"},"sameAs":["https:\/\/www.facebook.com\/eldiario.bolivia\/","https:\/\/x.com\/eldiario_net"]},{"@type":"Person","@id":"https:\/\/www.eldiario.net\/portal\/#\/schema\/person\/f46445640444750d7d753ccd04ae01b7","name":"Jeanette","image":{"@type":"ImageObject","inLanguage":"es","@id":"https:\/\/secure.gravatar.com\/avatar\/3ea2118a5f7dad2b7138b1187a6b7ee55f160b9968b66013c3a3ef39dd7e5798?s=96&d=mm&r=g","url":"https:\/\/secure.gravatar.com\/avatar\/3ea2118a5f7dad2b7138b1187a6b7ee55f160b9968b66013c3a3ef39dd7e5798?s=96&d=mm&r=g","contentUrl":"https:\/\/secure.gravatar.com\/avatar\/3ea2118a5f7dad2b7138b1187a6b7ee55f160b9968b66013c3a3ef39dd7e5798?s=96&d=mm&r=g","caption":"Jeanette"},"sameAs":["https:\/\/www.eldiario.net\/portal"],"url":"https:\/\/www.eldiario.net\/portal\/author\/jeanette\/"}]}},"_links":{"self":[{"href":"https:\/\/www.eldiario.net\/portal\/wp-json\/wp\/v2\/posts\/226153","targetHints":{"allow":["GET"]}}],"collection":[{"href":"https:\/\/www.eldiario.net\/portal\/wp-json\/wp\/v2\/posts"}],"about":[{"href":"https:\/\/www.eldiario.net\/portal\/wp-json\/wp\/v2\/types\/post"}],"author":[{"embeddable":true,"href":"https:\/\/www.eldiario.net\/portal\/wp-json\/wp\/v2\/users\/1"}],"replies":[{"embeddable":true,"href":"https:\/\/www.eldiario.net\/portal\/wp-json\/wp\/v2\/comments?post=226153"}],"version-history":[{"count":1,"href":"https:\/\/www.eldiario.net\/portal\/wp-json\/wp\/v2\/posts\/226153\/revisions"}],"predecessor-version":[{"id":226154,"href":"https:\/\/www.eldiario.net\/portal\/wp-json\/wp\/v2\/posts\/226153\/revisions\/226154"}],"wp:featuredmedia":[{"embeddable":true,"href":"https:\/\/www.eldiario.net\/portal\/wp-json\/wp\/v2\/media\/213112"}],"wp:attachment":[{"href":"https:\/\/www.eldiario.net\/portal\/wp-json\/wp\/v2\/media?parent=226153"}],"wp:term":[{"taxonomy":"category","embeddable":true,"href":"https:\/\/www.eldiario.net\/portal\/wp-json\/wp\/v2\/categories?post=226153"},{"taxonomy":"post_tag","embeddable":true,"href":"https:\/\/www.eldiario.net\/portal\/wp-json\/wp\/v2\/tags?post=226153"}],"curies":[{"name":"wp","href":"https:\/\/api.w.org\/{rel}","templated":true}]}}