{"id":226151,"date":"2024-06-10T06:00:10","date_gmt":"2024-06-10T10:00:10","guid":{"rendered":"https:\/\/www.eldiario.net\/portal\/?p=226151"},"modified":"2024-06-10T06:00:10","modified_gmt":"2024-06-10T10:00:10","slug":"la-divisa-del-dolar","status":"publish","type":"post","link":"https:\/\/www.eldiario.net\/portal\/2024\/06\/10\/la-divisa-del-dolar\/","title":{"rendered":"La divisa del d\u00f3lar"},"content":{"rendered":"<p>El d\u00f3lar es la moneda oficial de los Estados Unidos de Norte Am\u00e9rica (USA), pero a su vez se ha constituido en una divisa internacional, es decir en una moneda \u201creferencial\u201d para el intercambio y transacciones sobre bienes y servicios en el mundo, o buena parte del mismo.<br \/>\nHasta la victoria de los pa\u00edses aliados encabezados por los Estados Unidos en la segunda guerra mundial (1939-1945), la divisa era la libra inglesa, que ten\u00eda un gran respaldo en oro f\u00edsico y otros valores. Al constituirse el Estado Federal de Estados Unidos en la primera potencia del mundo, su moneda tambi\u00e9n se convirti\u00f3 en la divisa para transacciones en la interrelaci\u00f3n comercial de los pa\u00edses.<br \/>\nEl d\u00f3lar no es m\u00e1s que una moneda, y \u00e9sta es considerada un \u201cmedio de cambio\u201d, que puede la moneda comprar; pero es porque ha sido puesta anteriormente en circulaci\u00f3n por un acto de producci\u00f3n, no hacen m\u00e1s que reflejar su valor. (La Moneda de Louis Baudin).<br \/>\nLa divisa en econom\u00eda, es la moneda extranjera referida a la unidad monetaria de un pa\u00eds que la adoptado, m\u00e1s concretamente es la moneda extranjera que tiene a su disposici\u00f3n un pa\u00eds en el exterior en forma de dinero acu\u00f1ado, letras, papel moneda, cheques o cr\u00e9ditos (Enciclopedia de Contabilidad, Econom\u00eda-Finanzas y Direcci\u00f3n de Empresas de J.R. Bach). Desde hace alg\u00fan tiempo los pa\u00edses tienen su moneda acu\u00f1ada y valores en sus Bancos generalmente estatales, evitando la salida de moneda s\u00f3lo para adquirir productos.<br \/>\nComo vemos las divisas son una variable importante de la pol\u00edtica econ\u00f3mica de los pa\u00edses y se manejan dentro lo que se denomina \u201cpol\u00edtica monetaria\u201d, que regula su valor, cantidad de circulaci\u00f3n monetaria, su valor frente a la divisa extranjera y debe estar respaldada en su valor, por el valor de sus reservas en moneda extranjera (divisas), t\u00edtulos valores, etc.<br \/>\nLa Econom\u00eda de un Estado es muy parecida a la econom\u00eda familiar, que se basa en los ingresos (salarios, rentas etc.), inversiones y gastos (generalmente en bienes de consumo), y ahorro el mismo que se debe invertir. El ahorro se da cuando los ingresos son mayores que los gastos y permiten un margen de ahorro. El Estado igualmente basa su econom\u00eda en los ingresos (impuestos, rentas y comercio exterior), lo que le permite gastos e inversiones, pero necesita tambi\u00e9n un margen de ahorro para respaldar el valor de su moneda, ahorro que se lo efect\u00faa en divisas (d\u00f3lares).<br \/>\nEn nuestro medio se ha producido una baja considerable en las \u201creservas Internacionales\u201d que en el a\u00f1o 2014 llegaron a l5.000 MM de d\u00f3lares y ahora est\u00e1n alrededor de l.700 MM., lo que ha producido un escasez de la moneda norteamericana en el mercado interno y la aparici\u00f3n de un mercado paralelo de divisas con un valor superior al 30% que el oficial (inexistente en ventanillas), lo que ha determinado una subida de los precios de los productos de consumo, pues la mayor\u00eda de esos son importados y aun los de producci\u00f3n interna han elevado su precio.<br \/>\nEl gobierno del Estado ha intentado encarar el problema de la falta de d\u00f3lares en el mercado interno, con algunas medidas como la pretensi\u00f3n de buscar una moneda sustituta del d\u00f3lar, como el \u201cyen\u201d chino, o la apertura de una cartera de captaci\u00f3n de d\u00f3lares del p\u00fablico con un inter\u00e9s m\u00e1s elevado que el fijado y la promesa de la devoluci\u00f3n de los dep\u00f3sitos en la misma moneda de dep\u00f3sito, adem\u00e1s de acuerdos con las organizaciones de los empresarios privados para que \u00e9stos exporten con mayor libertad y traigan sus divisas, pero el problema es: \u00bfa qu\u00e9 precio? Medidas que no han resuelto el problema.<br \/>\nEl origen del problema de las divisas, se origina en la baja de los ingresos por exportaciones de gas a los mercados externos, pues ha bajado la producci\u00f3n por ausencia de exploraci\u00f3n de nuevos campos, de tal manera que, de alrededor de 6.000 MM de d\u00f3lares de ingresos por exportaci\u00f3n de gas, ahora se tienen alrededor de 2.000 MM, y los gastos e inversiones fiscales suman y siguen.<br \/>\nEl problema que inquieta a la ciudadan\u00eda, pese a la propaganda y las declaraciones de los funcionarios de gobierno que aseguran que vivimos en una sociedad pr\u00f3spera y de los asamble\u00edstas del oficialismo que s\u00f3lo demuestran su ignorancia del tema, es que el cuadro econ\u00f3mico del pa\u00eds est\u00e1 en franco deterioro, que requiere se tomen medidas \u201cheroicas\u201d para enfrentar el cuadro, que como dijimos en notas anteriores, puede agudizarse hasta llegar a situaciones que hist\u00f3ricamente ya vivimos antes (gobierno de la UDP).<br \/>\nLa gesti\u00f3n de gobierno debe responder a la \u201crealidad nacional\u201d y no a las buenas intenciones y criterios electoralistas. Seguramente todos los ciudadanos deseamos que sean solucionados los problemas, pues somos los que primero nos vemos afectados, pero demandamos de los gobernantes reciedumbre y capacidad para superar los problemas, pues esa es su funci\u00f3n.<\/p>\n<p>El autor es Abogado, Polit\u00f3logo, escritor y docente universitario.<\/p>\n","protected":false},"excerpt":{"rendered":"<p>El d\u00f3lar es la moneda oficial de los Estados Unidos de Norte Am\u00e9rica (USA), pero a su vez se ha constituido en una divisa internacional, es decir en una moneda \u201creferencial\u201d para el intercambio y transacciones sobre bienes y servicios en el mundo, o buena parte del mismo. Hasta la victoria de los pa\u00edses aliados [&hellip;]<\/p>\n","protected":false},"author":1,"featured_media":157872,"comment_status":"open","ping_status":"open","sticky":false,"template":"","format":"standard","meta":{"_acf_changed":false,"footnotes":""},"categories":[9],"tags":[],"class_list":["post-226151","post","type-post","status-publish","format-standard","has-post-thumbnail","category-opinion"],"acf":{"antetitulo":""},"yoast_head":"<!-- This site is optimized with the Yoast SEO plugin v28.4 - https:\/\/yoast.com\/product\/yoast-seo-wordpress\/ -->\n<title>La divisa del d\u00f3lar - El Diario - Bolivia<\/title>\n<meta name=\"robots\" content=\"index, follow, max-snippet:-1, max-image-preview:large, max-video-preview:-1\" \/>\n<link rel=\"canonical\" href=\"https:\/\/www.eldiario.net\/portal\/2024\/06\/10\/la-divisa-del-dolar\/\" \/>\n<meta property=\"og:locale\" content=\"es_ES\" \/>\n<meta property=\"og:type\" content=\"article\" \/>\n<meta property=\"og:title\" content=\"La divisa del d\u00f3lar - El Diario - Bolivia\" \/>\n<meta property=\"og:description\" content=\"El d\u00f3lar es la moneda oficial de los Estados Unidos de Norte Am\u00e9rica (USA), pero a su vez se ha constituido en una divisa internacional, es decir en una moneda \u201creferencial\u201d para el intercambio y transacciones sobre bienes y servicios en el mundo, o buena parte del mismo. Hasta la victoria de los pa\u00edses aliados [&hellip;]\" \/>\n<meta property=\"og:url\" content=\"https:\/\/www.eldiario.net\/portal\/2024\/06\/10\/la-divisa-del-dolar\/\" \/>\n<meta property=\"og:site_name\" content=\"El Diario - Bolivia\" \/>\n<meta property=\"article:publisher\" content=\"https:\/\/www.facebook.com\/eldiario.bolivia\/\" \/>\n<meta property=\"article:published_time\" content=\"2024-06-10T10:00:10+00:00\" \/>\n<meta property=\"og:image\" content=\"https:\/\/www.eldiario.net\/portal\/wp-content\/uploads\/2023\/06\/Eric-L.-Cardenas-del-Castillo.jpg\" \/>\n\t<meta property=\"og:image:width\" content=\"1200\" \/>\n\t<meta property=\"og:image:height\" content=\"628\" \/>\n\t<meta property=\"og:image:type\" content=\"image\/jpeg\" \/>\n<meta name=\"author\" content=\"Jeanette\" \/>\n<meta name=\"twitter:card\" content=\"summary_large_image\" \/>\n<meta name=\"twitter:creator\" content=\"@eldiario_net\" \/>\n<meta name=\"twitter:site\" content=\"@eldiario_net\" \/>\n<meta name=\"twitter:label1\" content=\"Escrito por\" \/>\n\t<meta name=\"twitter:data1\" content=\"Jeanette\" \/>\n\t<meta name=\"twitter:label2\" content=\"Tiempo de lectura\" \/>\n\t<meta name=\"twitter:data2\" content=\"4 minutos\" \/>\n<script type=\"application\/ld+json\" class=\"yoast-schema-graph\">{\"@context\":\"https:\\\/\\\/schema.org\",\"@graph\":[{\"@type\":\"Article\",\"@id\":\"https:\\\/\\\/www.eldiario.net\\\/portal\\\/2024\\\/06\\\/10\\\/la-divisa-del-dolar\\\/#article\",\"isPartOf\":{\"@id\":\"https:\\\/\\\/www.eldiario.net\\\/portal\\\/2024\\\/06\\\/10\\\/la-divisa-del-dolar\\\/\"},\"author\":{\"name\":\"Jeanette\",\"@id\":\"https:\\\/\\\/www.eldiario.net\\\/portal\\\/#\\\/schema\\\/person\\\/f46445640444750d7d753ccd04ae01b7\"},\"headline\":\"La divisa del d\u00f3lar\",\"datePublished\":\"2024-06-10T10:00:10+00:00\",\"mainEntityOfPage\":{\"@id\":\"https:\\\/\\\/www.eldiario.net\\\/portal\\\/2024\\\/06\\\/10\\\/la-divisa-del-dolar\\\/\"},\"wordCount\":889,\"commentCount\":0,\"publisher\":{\"@id\":\"https:\\\/\\\/www.eldiario.net\\\/portal\\\/#organization\"},\"image\":{\"@id\":\"https:\\\/\\\/www.eldiario.net\\\/portal\\\/2024\\\/06\\\/10\\\/la-divisa-del-dolar\\\/#primaryimage\"},\"thumbnailUrl\":\"https:\\\/\\\/www.eldiario.net\\\/portal\\\/wp-content\\\/uploads\\\/2023\\\/06\\\/Eric-L.-Cardenas-del-Castillo.jpg\",\"articleSection\":[\"Opini\u00f3n\"],\"inLanguage\":\"es\",\"potentialAction\":[{\"@type\":\"CommentAction\",\"name\":\"Comment\",\"target\":[\"https:\\\/\\\/www.eldiario.net\\\/portal\\\/2024\\\/06\\\/10\\\/la-divisa-del-dolar\\\/#respond\"]}]},{\"@type\":\"WebPage\",\"@id\":\"https:\\\/\\\/www.eldiario.net\\\/portal\\\/2024\\\/06\\\/10\\\/la-divisa-del-dolar\\\/\",\"url\":\"https:\\\/\\\/www.eldiario.net\\\/portal\\\/2024\\\/06\\\/10\\\/la-divisa-del-dolar\\\/\",\"name\":\"La divisa del d\u00f3lar - El Diario - Bolivia\",\"isPartOf\":{\"@id\":\"https:\\\/\\\/www.eldiario.net\\\/portal\\\/#website\"},\"primaryImageOfPage\":{\"@id\":\"https:\\\/\\\/www.eldiario.net\\\/portal\\\/2024\\\/06\\\/10\\\/la-divisa-del-dolar\\\/#primaryimage\"},\"image\":{\"@id\":\"https:\\\/\\\/www.eldiario.net\\\/portal\\\/2024\\\/06\\\/10\\\/la-divisa-del-dolar\\\/#primaryimage\"},\"thumbnailUrl\":\"https:\\\/\\\/www.eldiario.net\\\/portal\\\/wp-content\\\/uploads\\\/2023\\\/06\\\/Eric-L.-Cardenas-del-Castillo.jpg\",\"datePublished\":\"2024-06-10T10:00:10+00:00\",\"breadcrumb\":{\"@id\":\"https:\\\/\\\/www.eldiario.net\\\/portal\\\/2024\\\/06\\\/10\\\/la-divisa-del-dolar\\\/#breadcrumb\"},\"inLanguage\":\"es\",\"potentialAction\":[{\"@type\":\"ReadAction\",\"target\":[\"https:\\\/\\\/www.eldiario.net\\\/portal\\\/2024\\\/06\\\/10\\\/la-divisa-del-dolar\\\/\"]}]},{\"@type\":\"ImageObject\",\"inLanguage\":\"es\",\"@id\":\"https:\\\/\\\/www.eldiario.net\\\/portal\\\/2024\\\/06\\\/10\\\/la-divisa-del-dolar\\\/#primaryimage\",\"url\":\"https:\\\/\\\/www.eldiario.net\\\/portal\\\/wp-content\\\/uploads\\\/2023\\\/06\\\/Eric-L.-Cardenas-del-Castillo.jpg\",\"contentUrl\":\"https:\\\/\\\/www.eldiario.net\\\/portal\\\/wp-content\\\/uploads\\\/2023\\\/06\\\/Eric-L.-Cardenas-del-Castillo.jpg\",\"width\":1200,\"height\":628,\"caption\":\"Eric L. C\u00e1rdenas del Castillo\"},{\"@type\":\"BreadcrumbList\",\"@id\":\"https:\\\/\\\/www.eldiario.net\\\/portal\\\/2024\\\/06\\\/10\\\/la-divisa-del-dolar\\\/#breadcrumb\",\"itemListElement\":[{\"@type\":\"ListItem\",\"position\":1,\"name\":\"Portada\",\"item\":\"https:\\\/\\\/www.eldiario.net\\\/portal\\\/\"},{\"@type\":\"ListItem\",\"position\":2,\"name\":\"La divisa del d\u00f3lar\"}]},{\"@type\":\"WebSite\",\"@id\":\"https:\\\/\\\/www.eldiario.net\\\/portal\\\/#website\",\"url\":\"https:\\\/\\\/www.eldiario.net\\\/portal\\\/\",\"name\":\"El Diario - Decano de la prensa nacional\",\"description\":\"El Diario - Decano de la prensa nacional\",\"publisher\":{\"@id\":\"https:\\\/\\\/www.eldiario.net\\\/portal\\\/#organization\"},\"potentialAction\":[{\"@type\":\"SearchAction\",\"target\":{\"@type\":\"EntryPoint\",\"urlTemplate\":\"https:\\\/\\\/www.eldiario.net\\\/portal\\\/?s={search_term_string}\"},\"query-input\":{\"@type\":\"PropertyValueSpecification\",\"valueRequired\":true,\"valueName\":\"search_term_string\"}}],\"inLanguage\":\"es\"},{\"@type\":\"Organization\",\"@id\":\"https:\\\/\\\/www.eldiario.net\\\/portal\\\/#organization\",\"name\":\"El Diario - Decano de la prensa nacional\",\"url\":\"https:\\\/\\\/www.eldiario.net\\\/portal\\\/\",\"logo\":{\"@type\":\"ImageObject\",\"inLanguage\":\"es\",\"@id\":\"https:\\\/\\\/www.eldiario.net\\\/portal\\\/#\\\/schema\\\/logo\\\/image\\\/\",\"url\":\"https:\\\/\\\/www.eldiario.net\\\/portal\\\/wp-content\\\/uploads\\\/2023\\\/07\\\/logo_ED.jpg\",\"contentUrl\":\"https:\\\/\\\/www.eldiario.net\\\/portal\\\/wp-content\\\/uploads\\\/2023\\\/07\\\/logo_ED.jpg\",\"width\":272,\"height\":52,\"caption\":\"El Diario - Decano de la prensa nacional\"},\"image\":{\"@id\":\"https:\\\/\\\/www.eldiario.net\\\/portal\\\/#\\\/schema\\\/logo\\\/image\\\/\"},\"sameAs\":[\"https:\\\/\\\/www.facebook.com\\\/eldiario.bolivia\\\/\",\"https:\\\/\\\/x.com\\\/eldiario_net\"]},{\"@type\":\"Person\",\"@id\":\"https:\\\/\\\/www.eldiario.net\\\/portal\\\/#\\\/schema\\\/person\\\/f46445640444750d7d753ccd04ae01b7\",\"name\":\"Jeanette\",\"image\":{\"@type\":\"ImageObject\",\"inLanguage\":\"es\",\"@id\":\"https:\\\/\\\/secure.gravatar.com\\\/avatar\\\/3ea2118a5f7dad2b7138b1187a6b7ee55f160b9968b66013c3a3ef39dd7e5798?s=96&d=mm&r=g\",\"url\":\"https:\\\/\\\/secure.gravatar.com\\\/avatar\\\/3ea2118a5f7dad2b7138b1187a6b7ee55f160b9968b66013c3a3ef39dd7e5798?s=96&d=mm&r=g\",\"contentUrl\":\"https:\\\/\\\/secure.gravatar.com\\\/avatar\\\/3ea2118a5f7dad2b7138b1187a6b7ee55f160b9968b66013c3a3ef39dd7e5798?s=96&d=mm&r=g\",\"caption\":\"Jeanette\"},\"sameAs\":[\"https:\\\/\\\/www.eldiario.net\\\/portal\"],\"url\":\"https:\\\/\\\/www.eldiario.net\\\/portal\\\/author\\\/jeanette\\\/\"}]}<\/script>\n<!-- \/ Yoast SEO plugin. -->","yoast_head_json":{"title":"La divisa del d\u00f3lar - El Diario - Bolivia","robots":{"index":"index","follow":"follow","max-snippet":"max-snippet:-1","max-image-preview":"max-image-preview:large","max-video-preview":"max-video-preview:-1"},"canonical":"https:\/\/www.eldiario.net\/portal\/2024\/06\/10\/la-divisa-del-dolar\/","og_locale":"es_ES","og_type":"article","og_title":"La divisa del d\u00f3lar - El Diario - Bolivia","og_description":"El d\u00f3lar es la moneda oficial de los Estados Unidos de Norte Am\u00e9rica (USA), pero a su vez se ha constituido en una divisa internacional, es decir en una moneda \u201creferencial\u201d para el intercambio y transacciones sobre bienes y servicios en el mundo, o buena parte del mismo. Hasta la victoria de los pa\u00edses aliados [&hellip;]","og_url":"https:\/\/www.eldiario.net\/portal\/2024\/06\/10\/la-divisa-del-dolar\/","og_site_name":"El Diario - Bolivia","article_publisher":"https:\/\/www.facebook.com\/eldiario.bolivia\/","article_published_time":"2024-06-10T10:00:10+00:00","og_image":[{"width":1200,"height":628,"url":"https:\/\/www.eldiario.net\/portal\/wp-content\/uploads\/2023\/06\/Eric-L.-Cardenas-del-Castillo.jpg","type":"image\/jpeg"}],"author":"Jeanette","twitter_card":"summary_large_image","twitter_creator":"@eldiario_net","twitter_site":"@eldiario_net","twitter_misc":{"Escrito por":"Jeanette","Tiempo de lectura":"4 minutos"},"schema":{"@context":"https:\/\/schema.org","@graph":[{"@type":"Article","@id":"https:\/\/www.eldiario.net\/portal\/2024\/06\/10\/la-divisa-del-dolar\/#article","isPartOf":{"@id":"https:\/\/www.eldiario.net\/portal\/2024\/06\/10\/la-divisa-del-dolar\/"},"author":{"name":"Jeanette","@id":"https:\/\/www.eldiario.net\/portal\/#\/schema\/person\/f46445640444750d7d753ccd04ae01b7"},"headline":"La divisa del d\u00f3lar","datePublished":"2024-06-10T10:00:10+00:00","mainEntityOfPage":{"@id":"https:\/\/www.eldiario.net\/portal\/2024\/06\/10\/la-divisa-del-dolar\/"},"wordCount":889,"commentCount":0,"publisher":{"@id":"https:\/\/www.eldiario.net\/portal\/#organization"},"image":{"@id":"https:\/\/www.eldiario.net\/portal\/2024\/06\/10\/la-divisa-del-dolar\/#primaryimage"},"thumbnailUrl":"https:\/\/www.eldiario.net\/portal\/wp-content\/uploads\/2023\/06\/Eric-L.-Cardenas-del-Castillo.jpg","articleSection":["Opini\u00f3n"],"inLanguage":"es","potentialAction":[{"@type":"CommentAction","name":"Comment","target":["https:\/\/www.eldiario.net\/portal\/2024\/06\/10\/la-divisa-del-dolar\/#respond"]}]},{"@type":"WebPage","@id":"https:\/\/www.eldiario.net\/portal\/2024\/06\/10\/la-divisa-del-dolar\/","url":"https:\/\/www.eldiario.net\/portal\/2024\/06\/10\/la-divisa-del-dolar\/","name":"La divisa del d\u00f3lar - El Diario - Bolivia","isPartOf":{"@id":"https:\/\/www.eldiario.net\/portal\/#website"},"primaryImageOfPage":{"@id":"https:\/\/www.eldiario.net\/portal\/2024\/06\/10\/la-divisa-del-dolar\/#primaryimage"},"image":{"@id":"https:\/\/www.eldiario.net\/portal\/2024\/06\/10\/la-divisa-del-dolar\/#primaryimage"},"thumbnailUrl":"https:\/\/www.eldiario.net\/portal\/wp-content\/uploads\/2023\/06\/Eric-L.-Cardenas-del-Castillo.jpg","datePublished":"2024-06-10T10:00:10+00:00","breadcrumb":{"@id":"https:\/\/www.eldiario.net\/portal\/2024\/06\/10\/la-divisa-del-dolar\/#breadcrumb"},"inLanguage":"es","potentialAction":[{"@type":"ReadAction","target":["https:\/\/www.eldiario.net\/portal\/2024\/06\/10\/la-divisa-del-dolar\/"]}]},{"@type":"ImageObject","inLanguage":"es","@id":"https:\/\/www.eldiario.net\/portal\/2024\/06\/10\/la-divisa-del-dolar\/#primaryimage","url":"https:\/\/www.eldiario.net\/portal\/wp-content\/uploads\/2023\/06\/Eric-L.-Cardenas-del-Castillo.jpg","contentUrl":"https:\/\/www.eldiario.net\/portal\/wp-content\/uploads\/2023\/06\/Eric-L.-Cardenas-del-Castillo.jpg","width":1200,"height":628,"caption":"Eric L. C\u00e1rdenas del Castillo"},{"@type":"BreadcrumbList","@id":"https:\/\/www.eldiario.net\/portal\/2024\/06\/10\/la-divisa-del-dolar\/#breadcrumb","itemListElement":[{"@type":"ListItem","position":1,"name":"Portada","item":"https:\/\/www.eldiario.net\/portal\/"},{"@type":"ListItem","position":2,"name":"La divisa del d\u00f3lar"}]},{"@type":"WebSite","@id":"https:\/\/www.eldiario.net\/portal\/#website","url":"https:\/\/www.eldiario.net\/portal\/","name":"El Diario - Decano de la prensa nacional","description":"El Diario - Decano de la prensa nacional","publisher":{"@id":"https:\/\/www.eldiario.net\/portal\/#organization"},"potentialAction":[{"@type":"SearchAction","target":{"@type":"EntryPoint","urlTemplate":"https:\/\/www.eldiario.net\/portal\/?s={search_term_string}"},"query-input":{"@type":"PropertyValueSpecification","valueRequired":true,"valueName":"search_term_string"}}],"inLanguage":"es"},{"@type":"Organization","@id":"https:\/\/www.eldiario.net\/portal\/#organization","name":"El Diario - Decano de la prensa nacional","url":"https:\/\/www.eldiario.net\/portal\/","logo":{"@type":"ImageObject","inLanguage":"es","@id":"https:\/\/www.eldiario.net\/portal\/#\/schema\/logo\/image\/","url":"https:\/\/www.eldiario.net\/portal\/wp-content\/uploads\/2023\/07\/logo_ED.jpg","contentUrl":"https:\/\/www.eldiario.net\/portal\/wp-content\/uploads\/2023\/07\/logo_ED.jpg","width":272,"height":52,"caption":"El Diario - Decano de la prensa nacional"},"image":{"@id":"https:\/\/www.eldiario.net\/portal\/#\/schema\/logo\/image\/"},"sameAs":["https:\/\/www.facebook.com\/eldiario.bolivia\/","https:\/\/x.com\/eldiario_net"]},{"@type":"Person","@id":"https:\/\/www.eldiario.net\/portal\/#\/schema\/person\/f46445640444750d7d753ccd04ae01b7","name":"Jeanette","image":{"@type":"ImageObject","inLanguage":"es","@id":"https:\/\/secure.gravatar.com\/avatar\/3ea2118a5f7dad2b7138b1187a6b7ee55f160b9968b66013c3a3ef39dd7e5798?s=96&d=mm&r=g","url":"https:\/\/secure.gravatar.com\/avatar\/3ea2118a5f7dad2b7138b1187a6b7ee55f160b9968b66013c3a3ef39dd7e5798?s=96&d=mm&r=g","contentUrl":"https:\/\/secure.gravatar.com\/avatar\/3ea2118a5f7dad2b7138b1187a6b7ee55f160b9968b66013c3a3ef39dd7e5798?s=96&d=mm&r=g","caption":"Jeanette"},"sameAs":["https:\/\/www.eldiario.net\/portal"],"url":"https:\/\/www.eldiario.net\/portal\/author\/jeanette\/"}]}},"_links":{"self":[{"href":"https:\/\/www.eldiario.net\/portal\/wp-json\/wp\/v2\/posts\/226151","targetHints":{"allow":["GET"]}}],"collection":[{"href":"https:\/\/www.eldiario.net\/portal\/wp-json\/wp\/v2\/posts"}],"about":[{"href":"https:\/\/www.eldiario.net\/portal\/wp-json\/wp\/v2\/types\/post"}],"author":[{"embeddable":true,"href":"https:\/\/www.eldiario.net\/portal\/wp-json\/wp\/v2\/users\/1"}],"replies":[{"embeddable":true,"href":"https:\/\/www.eldiario.net\/portal\/wp-json\/wp\/v2\/comments?post=226151"}],"version-history":[{"count":1,"href":"https:\/\/www.eldiario.net\/portal\/wp-json\/wp\/v2\/posts\/226151\/revisions"}],"predecessor-version":[{"id":226152,"href":"https:\/\/www.eldiario.net\/portal\/wp-json\/wp\/v2\/posts\/226151\/revisions\/226152"}],"wp:featuredmedia":[{"embeddable":true,"href":"https:\/\/www.eldiario.net\/portal\/wp-json\/wp\/v2\/media\/157872"}],"wp:attachment":[{"href":"https:\/\/www.eldiario.net\/portal\/wp-json\/wp\/v2\/media?parent=226151"}],"wp:term":[{"taxonomy":"category","embeddable":true,"href":"https:\/\/www.eldiario.net\/portal\/wp-json\/wp\/v2\/categories?post=226151"},{"taxonomy":"post_tag","embeddable":true,"href":"https:\/\/www.eldiario.net\/portal\/wp-json\/wp\/v2\/tags?post=226151"}],"curies":[{"name":"wp","href":"https:\/\/api.w.org\/{rel}","templated":true}]}}