{"id":226146,"date":"2024-06-10T05:59:19","date_gmt":"2024-06-10T09:59:19","guid":{"rendered":"https:\/\/www.eldiario.net\/portal\/?p=226146"},"modified":"2024-06-10T05:59:19","modified_gmt":"2024-06-10T09:59:19","slug":"escasez-de-dolares-y-alza-de-precios-amenazan-estabilidad","status":"publish","type":"post","link":"https:\/\/www.eldiario.net\/portal\/2024\/06\/10\/escasez-de-dolares-y-alza-de-precios-amenazan-estabilidad\/","title":{"rendered":"Escasez de d\u00f3lares y alza de  precios amenazan estabilidad"},"content":{"rendered":"<p>La escasez de d\u00f3lares, las filas para adquirir combustibles y la elevaci\u00f3n de precios de la canasta familiar han generado un ambiente de conflictividad que, seg\u00fan los participantes del programa Sumando Voces en Directo de esta semana, ir\u00e1 en aumento e incluso podr\u00eda derivar en una crisis pol\u00edtica si es que el Gobierno no escucha a los sectores afectados y no resuelve las demandas planteadas.<br \/>\nEstuvieron en el programa el presidente de la C\u00e1mara Departamental de Transportes de Oruro, Jorge Guti\u00e9rrez; el presidente de la Federaci\u00f3n de Juntas Vecinales de El Alto, Juan Saucedo; y el analista econ\u00f3mico de la Fundaci\u00f3n Jubileo, Ren\u00e9 Mart\u00ednez.<br \/>\nGuti\u00e9rrez dijo que la situaci\u00f3n de su sector es insostenible, primero porque los transportistas salen del pa\u00eds y deben pagar por todos sus gastos en d\u00f3lares; segundo, porque reciben los pagos por sus fletes tambi\u00e9n en esa divisa, pero los bancos de Bolivia les devuelven en bolivianos al tipo de cambio oficial (6,90) y; tercero, porque sus clientes, los importadores y exportadores, est\u00e1n reduciendo sus operaciones y por tanto, est\u00e1 disminuyendo el volumen de los fletes.<br \/>\nPor eso, anunci\u00f3 que hoy habr\u00e1 una reuni\u00f3n nacional del transporte pesado para determinar las medidas que adoptar\u00e1n de aqu\u00ed para adelante, tomando en cuenta que ya cumplieron un paro de 24 horas y otro de 48 horas.<br \/>\n\u201cNo solamente somos nosotros, esto ya se est\u00e1 saliendo de control\u201d, se\u00f1al\u00f3 Guti\u00e9rrez.<br \/>\nIncluso, lleg\u00f3 a proponer que el Gobierno de una vez levante la subvenci\u00f3n a los combustibles \u201caunque nos duela\u201d, para resolver la crisis que aqueja a todo el pa\u00eds y no solo a su sector.<br \/>\nEntretanto, Saucedo que representa a la Fejuve af\u00edn al Gobierno, inst\u00f3 a las autoridades a reunirse con los sectores afectados, como importadores y exportadores, para dar una soluci\u00f3n al problema porque, de otra manera, el pa\u00eds podr\u00eda derivar en una crisis pol\u00edtica parecida a la del a\u00f1o 2019.<br \/>\n\u201cVamos a tener una crisis pol\u00edtica, vamos a tener una crisis social, aqu\u00ed va a rodar cabezas; el pueblo alte\u00f1o siempre ha sido exigente, no solamente al Gobierno central, tambi\u00e9n a las gobernaciones, a los gobiernos aut\u00f3nomos municipales\u201d, se\u00f1al\u00f3.<br \/>\nPARALIZACI\u00d3N DEL<br \/>\nAPARATO PRODUCTIVO<br \/>\nPara Guti\u00e9rrez, del sector del transporte, la situaci\u00f3n \u201ces insostenible por el tema del d\u00f3lar, que no solamente ha afectado en nuestros gastos de operaci\u00f3n, tambi\u00e9n a nuestro trabajo por su efecto multiplicador (&#8230;), el importador al no poder conseguir el d\u00f3lar ya no est\u00e1 importando\u201d.<br \/>\nCoincidentemente, el analista Mart\u00ednez indic\u00f3 que \u201chay muchos sectores para los que la disponibilidad de d\u00f3lares es fundamental para el desarrollo de sus actividades econ\u00f3micas\u201d, entre ellos los comerciantes, las farmacias y la manufactura, que debe proveerse de insumos.<br \/>\nLo propio ocurre con la escasez de combustibles, seg\u00fan manifest\u00f3, porque pone en riesgo a diferentes sectores y actividades econ\u00f3micas. De hecho, Guti\u00e9rrez sostuvo que contin\u00faa la escasez de carburantes y que muchos camiones est\u00e1n paralizados por ese motivo.<br \/>\nLOS PRECIOS<br \/>\nSin embargo, las quejas por el incremento de precios de la canasta familiar son constantes y en los \u00faltimos d\u00edas se han intensificado por la subida extraordinaria de precios del tomate, la cebolla y el arroz. La gente incluso ha empezado a hacer filas en las afueras de Emapa para adquirir productos a precios m\u00e1s bajos.<br \/>\nPese a esas quejas y evidencias, el Instituto Nacional de Estad\u00edstica (INE), sostiene que la inflaci\u00f3n de mayo es 0,63% y la acumulada de enero a mayo fue de 1,95%. Y, sobre los tomates indica que han subido un 7,29%.<br \/>\n\u201cLa poblaci\u00f3n est\u00e1 percibiendo unos precios que han estado increment\u00e1ndose especialmente los \u00faltimos meses y el \u00faltimo a\u00f1o por encima de los datos que nos presenta el INE\u201d, expres\u00f3 el analista Mart\u00ednez, quien atribuy\u00f3 esta situaci\u00f3n a \u201cla escasez de d\u00f3lares (\u2026) y el incremento de la deuda interna\u201d.<br \/>\nEL GOBIERNO<br \/>\nEl Gobierno no admite que exista una crisis estructural, acusa a los bancos de ocultar los d\u00f3lares y se\u00f1ala que los combustibles fluyen con normalidad.<br \/>\nDesde Rusia, donde estuvo esta semana, el presidente Luis Arce admiti\u00f3 falta de liquidez de d\u00f3lares, pero destac\u00f3 las bondades del modelo econ\u00f3mico.<br \/>\n\u201cAtravesamos un per\u00edodo transitorio de iliquidez en d\u00f3lares que lo hemos visto y que tiene que ver con varios factores: est\u00e1 el problema que tenemos, por ejemplo, con la disminuci\u00f3n de las exportaciones, una contracci\u00f3n de las exportaciones de varios productos, no solamente en Bolivia\u201d, afirm\u00f3 en una entrevista con Sputnik.<br \/>\nSOLUCIONES<br \/>\nFrente a esta situaci\u00f3n, los participantes del programa recomiendan al Gobierno reducir el gasto p\u00fablico, cortar la subvenci\u00f3n de los combustibles para los veh\u00edculos ilegales y, en el caso del representante del transporte, cree que esa medida deber\u00eda alcanzar a todos.<br \/>\nEl analista Guti\u00e9rrez apunt\u00f3 que, aunque es delicado, se debe tocar el tipo de cambio, reducir el d\u00e9ficit fiscal y reformular la pol\u00edtica econ\u00f3mica.<br \/>\nEl pa\u00eds lleg\u00f3 a esta situaci\u00f3n, seg\u00fan Mart\u00ednez, \u201cporque se han acumulado desequilibrios macroecon\u00f3micos durante varios a\u00f1os\u201d, como el d\u00e9ficit fiscal, el elevado endeudamiento, la burocracia estatal, la ca\u00edda de las reservas internacionales. Todo esto ha sucedido por la reducci\u00f3n de la exportaci\u00f3n de hidrocarburos que deja al pa\u00eds sin divisas. Y, en contrapartida, salen m\u00e1s divisas del pa\u00eds por el tipo de cambio que estaba congelado desde 2011.<br \/>\n\u201cTiene que reducir el gasto p\u00fablico en Bolivia, pero en vez de reducir sueldos en C\u00e1mara de Senadores se han incrementado\u201d, coincidi\u00f3 el dirigente Saucedo, quien exigi\u00f3 al Gobierno \u201cimplementar normativas m\u00e1s duras para los especuladores para los contrabandistas\u201d.<br \/>\nEl analista Mart\u00ednez indic\u00f3 que lo primero es la sinceridad, porque \u201clo que peor que puede hacer es lo que est\u00e1 haciendo, que es no hacer nada y andar con el discurso de que todo anda bien y que es coyuntural\u201d, dijo. (Br\u00fajula Digital\/Sumando Voces)<\/p>\n","protected":false},"excerpt":{"rendered":"<p>La escasez de d\u00f3lares, las filas para adquirir combustibles y la elevaci\u00f3n de precios de la canasta familiar han generado un ambiente de conflictividad que, seg\u00fan los participantes del programa Sumando Voces en Directo de esta semana, ir\u00e1 en aumento e incluso podr\u00eda derivar en una crisis pol\u00edtica si es que el Gobierno no escucha [&hellip;]<\/p>\n","protected":false},"author":1,"featured_media":226147,"comment_status":"open","ping_status":"open","sticky":false,"template":"","format":"standard","meta":{"_acf_changed":false,"footnotes":""},"categories":[7],"tags":[],"class_list":["post-226146","post","type-post","status-publish","format-standard","has-post-thumbnail","category-economia"],"acf":{"antetitulo":"Crisis econ\u00f3mica"},"yoast_head":"<!-- This site is optimized with the Yoast SEO plugin v28.3 - https:\/\/yoast.com\/product\/yoast-seo-wordpress\/ -->\n<title>Escasez de d\u00f3lares y alza de precios amenazan estabilidad - El Diario - Bolivia<\/title>\n<meta name=\"robots\" content=\"index, follow, max-snippet:-1, max-image-preview:large, max-video-preview:-1\" \/>\n<link rel=\"canonical\" href=\"https:\/\/www.eldiario.net\/portal\/2024\/06\/10\/escasez-de-dolares-y-alza-de-precios-amenazan-estabilidad\/\" \/>\n<meta property=\"og:locale\" content=\"es_ES\" \/>\n<meta property=\"og:type\" content=\"article\" \/>\n<meta property=\"og:title\" content=\"Escasez de d\u00f3lares y alza de precios amenazan estabilidad - El Diario - Bolivia\" \/>\n<meta property=\"og:description\" content=\"La escasez de d\u00f3lares, las filas para adquirir combustibles y la elevaci\u00f3n de precios de la canasta familiar han generado un ambiente de conflictividad que, seg\u00fan los participantes del programa Sumando Voces en Directo de esta semana, ir\u00e1 en aumento e incluso podr\u00eda derivar en una crisis pol\u00edtica si es que el Gobierno no escucha [&hellip;]\" \/>\n<meta property=\"og:url\" content=\"https:\/\/www.eldiario.net\/portal\/2024\/06\/10\/escasez-de-dolares-y-alza-de-precios-amenazan-estabilidad\/\" \/>\n<meta property=\"og:site_name\" content=\"El Diario - Bolivia\" \/>\n<meta property=\"article:publisher\" content=\"https:\/\/www.facebook.com\/eldiario.bolivia\/\" \/>\n<meta property=\"article:published_time\" content=\"2024-06-10T09:59:19+00:00\" \/>\n<meta property=\"og:image\" content=\"https:\/\/www.eldiario.net\/portal\/wp-content\/uploads\/2024\/06\/F1-eco.jpg\" \/>\n\t<meta property=\"og:image:width\" content=\"1280\" \/>\n\t<meta property=\"og:image:height\" content=\"853\" \/>\n\t<meta property=\"og:image:type\" content=\"image\/jpeg\" \/>\n<meta name=\"author\" content=\"Jeanette\" \/>\n<meta name=\"twitter:card\" content=\"summary_large_image\" \/>\n<meta name=\"twitter:creator\" content=\"@eldiario_net\" \/>\n<meta name=\"twitter:site\" content=\"@eldiario_net\" \/>\n<meta name=\"twitter:label1\" content=\"Escrito por\" \/>\n\t<meta name=\"twitter:data1\" content=\"Jeanette\" \/>\n\t<meta name=\"twitter:label2\" content=\"Tiempo de lectura\" \/>\n\t<meta name=\"twitter:data2\" content=\"5 minutos\" \/>\n<script type=\"application\/ld+json\" class=\"yoast-schema-graph\">{\"@context\":\"https:\\\/\\\/schema.org\",\"@graph\":[{\"@type\":\"Article\",\"@id\":\"https:\\\/\\\/www.eldiario.net\\\/portal\\\/2024\\\/06\\\/10\\\/escasez-de-dolares-y-alza-de-precios-amenazan-estabilidad\\\/#article\",\"isPartOf\":{\"@id\":\"https:\\\/\\\/www.eldiario.net\\\/portal\\\/2024\\\/06\\\/10\\\/escasez-de-dolares-y-alza-de-precios-amenazan-estabilidad\\\/\"},\"author\":{\"name\":\"Jeanette\",\"@id\":\"https:\\\/\\\/www.eldiario.net\\\/portal\\\/#\\\/schema\\\/person\\\/f46445640444750d7d753ccd04ae01b7\"},\"headline\":\"Escasez de d\u00f3lares y alza de precios amenazan estabilidad\",\"datePublished\":\"2024-06-10T09:59:19+00:00\",\"mainEntityOfPage\":{\"@id\":\"https:\\\/\\\/www.eldiario.net\\\/portal\\\/2024\\\/06\\\/10\\\/escasez-de-dolares-y-alza-de-precios-amenazan-estabilidad\\\/\"},\"wordCount\":1043,\"commentCount\":0,\"publisher\":{\"@id\":\"https:\\\/\\\/www.eldiario.net\\\/portal\\\/#organization\"},\"image\":{\"@id\":\"https:\\\/\\\/www.eldiario.net\\\/portal\\\/2024\\\/06\\\/10\\\/escasez-de-dolares-y-alza-de-precios-amenazan-estabilidad\\\/#primaryimage\"},\"thumbnailUrl\":\"https:\\\/\\\/www.eldiario.net\\\/portal\\\/wp-content\\\/uploads\\\/2024\\\/06\\\/F1-eco.jpg\",\"articleSection\":[\"Econom\u00eda\"],\"inLanguage\":\"es\",\"potentialAction\":[{\"@type\":\"CommentAction\",\"name\":\"Comment\",\"target\":[\"https:\\\/\\\/www.eldiario.net\\\/portal\\\/2024\\\/06\\\/10\\\/escasez-de-dolares-y-alza-de-precios-amenazan-estabilidad\\\/#respond\"]}]},{\"@type\":\"WebPage\",\"@id\":\"https:\\\/\\\/www.eldiario.net\\\/portal\\\/2024\\\/06\\\/10\\\/escasez-de-dolares-y-alza-de-precios-amenazan-estabilidad\\\/\",\"url\":\"https:\\\/\\\/www.eldiario.net\\\/portal\\\/2024\\\/06\\\/10\\\/escasez-de-dolares-y-alza-de-precios-amenazan-estabilidad\\\/\",\"name\":\"Escasez de d\u00f3lares y alza de precios amenazan estabilidad - El Diario - Bolivia\",\"isPartOf\":{\"@id\":\"https:\\\/\\\/www.eldiario.net\\\/portal\\\/#website\"},\"primaryImageOfPage\":{\"@id\":\"https:\\\/\\\/www.eldiario.net\\\/portal\\\/2024\\\/06\\\/10\\\/escasez-de-dolares-y-alza-de-precios-amenazan-estabilidad\\\/#primaryimage\"},\"image\":{\"@id\":\"https:\\\/\\\/www.eldiario.net\\\/portal\\\/2024\\\/06\\\/10\\\/escasez-de-dolares-y-alza-de-precios-amenazan-estabilidad\\\/#primaryimage\"},\"thumbnailUrl\":\"https:\\\/\\\/www.eldiario.net\\\/portal\\\/wp-content\\\/uploads\\\/2024\\\/06\\\/F1-eco.jpg\",\"datePublished\":\"2024-06-10T09:59:19+00:00\",\"breadcrumb\":{\"@id\":\"https:\\\/\\\/www.eldiario.net\\\/portal\\\/2024\\\/06\\\/10\\\/escasez-de-dolares-y-alza-de-precios-amenazan-estabilidad\\\/#breadcrumb\"},\"inLanguage\":\"es\",\"potentialAction\":[{\"@type\":\"ReadAction\",\"target\":[\"https:\\\/\\\/www.eldiario.net\\\/portal\\\/2024\\\/06\\\/10\\\/escasez-de-dolares-y-alza-de-precios-amenazan-estabilidad\\\/\"]}]},{\"@type\":\"ImageObject\",\"inLanguage\":\"es\",\"@id\":\"https:\\\/\\\/www.eldiario.net\\\/portal\\\/2024\\\/06\\\/10\\\/escasez-de-dolares-y-alza-de-precios-amenazan-estabilidad\\\/#primaryimage\",\"url\":\"https:\\\/\\\/www.eldiario.net\\\/portal\\\/wp-content\\\/uploads\\\/2024\\\/06\\\/F1-eco.jpg\",\"contentUrl\":\"https:\\\/\\\/www.eldiario.net\\\/portal\\\/wp-content\\\/uploads\\\/2024\\\/06\\\/F1-eco.jpg\",\"width\":1280,\"height\":853,\"caption\":\"Persisten filas, en distintas regiones del pa\u00eds, por carburantes.\"},{\"@type\":\"BreadcrumbList\",\"@id\":\"https:\\\/\\\/www.eldiario.net\\\/portal\\\/2024\\\/06\\\/10\\\/escasez-de-dolares-y-alza-de-precios-amenazan-estabilidad\\\/#breadcrumb\",\"itemListElement\":[{\"@type\":\"ListItem\",\"position\":1,\"name\":\"Portada\",\"item\":\"https:\\\/\\\/www.eldiario.net\\\/portal\\\/\"},{\"@type\":\"ListItem\",\"position\":2,\"name\":\"Escasez de d\u00f3lares y alza de precios amenazan estabilidad\"}]},{\"@type\":\"WebSite\",\"@id\":\"https:\\\/\\\/www.eldiario.net\\\/portal\\\/#website\",\"url\":\"https:\\\/\\\/www.eldiario.net\\\/portal\\\/\",\"name\":\"El Diario - Decano de la prensa nacional\",\"description\":\"El Diario - Decano de la prensa nacional\",\"publisher\":{\"@id\":\"https:\\\/\\\/www.eldiario.net\\\/portal\\\/#organization\"},\"potentialAction\":[{\"@type\":\"SearchAction\",\"target\":{\"@type\":\"EntryPoint\",\"urlTemplate\":\"https:\\\/\\\/www.eldiario.net\\\/portal\\\/?s={search_term_string}\"},\"query-input\":{\"@type\":\"PropertyValueSpecification\",\"valueRequired\":true,\"valueName\":\"search_term_string\"}}],\"inLanguage\":\"es\"},{\"@type\":\"Organization\",\"@id\":\"https:\\\/\\\/www.eldiario.net\\\/portal\\\/#organization\",\"name\":\"El Diario - Decano de la prensa nacional\",\"url\":\"https:\\\/\\\/www.eldiario.net\\\/portal\\\/\",\"logo\":{\"@type\":\"ImageObject\",\"inLanguage\":\"es\",\"@id\":\"https:\\\/\\\/www.eldiario.net\\\/portal\\\/#\\\/schema\\\/logo\\\/image\\\/\",\"url\":\"https:\\\/\\\/www.eldiario.net\\\/portal\\\/wp-content\\\/uploads\\\/2023\\\/07\\\/logo_ED.jpg\",\"contentUrl\":\"https:\\\/\\\/www.eldiario.net\\\/portal\\\/wp-content\\\/uploads\\\/2023\\\/07\\\/logo_ED.jpg\",\"width\":272,\"height\":52,\"caption\":\"El Diario - Decano de la prensa nacional\"},\"image\":{\"@id\":\"https:\\\/\\\/www.eldiario.net\\\/portal\\\/#\\\/schema\\\/logo\\\/image\\\/\"},\"sameAs\":[\"https:\\\/\\\/www.facebook.com\\\/eldiario.bolivia\\\/\",\"https:\\\/\\\/x.com\\\/eldiario_net\"]},{\"@type\":\"Person\",\"@id\":\"https:\\\/\\\/www.eldiario.net\\\/portal\\\/#\\\/schema\\\/person\\\/f46445640444750d7d753ccd04ae01b7\",\"name\":\"Jeanette\",\"image\":{\"@type\":\"ImageObject\",\"inLanguage\":\"es\",\"@id\":\"https:\\\/\\\/secure.gravatar.com\\\/avatar\\\/3ea2118a5f7dad2b7138b1187a6b7ee55f160b9968b66013c3a3ef39dd7e5798?s=96&d=mm&r=g\",\"url\":\"https:\\\/\\\/secure.gravatar.com\\\/avatar\\\/3ea2118a5f7dad2b7138b1187a6b7ee55f160b9968b66013c3a3ef39dd7e5798?s=96&d=mm&r=g\",\"contentUrl\":\"https:\\\/\\\/secure.gravatar.com\\\/avatar\\\/3ea2118a5f7dad2b7138b1187a6b7ee55f160b9968b66013c3a3ef39dd7e5798?s=96&d=mm&r=g\",\"caption\":\"Jeanette\"},\"sameAs\":[\"https:\\\/\\\/www.eldiario.net\\\/portal\"],\"url\":\"https:\\\/\\\/www.eldiario.net\\\/portal\\\/author\\\/jeanette\\\/\"}]}<\/script>\n<!-- \/ Yoast SEO plugin. -->","yoast_head_json":{"title":"Escasez de d\u00f3lares y alza de precios amenazan estabilidad - El Diario - Bolivia","robots":{"index":"index","follow":"follow","max-snippet":"max-snippet:-1","max-image-preview":"max-image-preview:large","max-video-preview":"max-video-preview:-1"},"canonical":"https:\/\/www.eldiario.net\/portal\/2024\/06\/10\/escasez-de-dolares-y-alza-de-precios-amenazan-estabilidad\/","og_locale":"es_ES","og_type":"article","og_title":"Escasez de d\u00f3lares y alza de precios amenazan estabilidad - El Diario - Bolivia","og_description":"La escasez de d\u00f3lares, las filas para adquirir combustibles y la elevaci\u00f3n de precios de la canasta familiar han generado un ambiente de conflictividad que, seg\u00fan los participantes del programa Sumando Voces en Directo de esta semana, ir\u00e1 en aumento e incluso podr\u00eda derivar en una crisis pol\u00edtica si es que el Gobierno no escucha [&hellip;]","og_url":"https:\/\/www.eldiario.net\/portal\/2024\/06\/10\/escasez-de-dolares-y-alza-de-precios-amenazan-estabilidad\/","og_site_name":"El Diario - Bolivia","article_publisher":"https:\/\/www.facebook.com\/eldiario.bolivia\/","article_published_time":"2024-06-10T09:59:19+00:00","og_image":[{"width":1280,"height":853,"url":"https:\/\/www.eldiario.net\/portal\/wp-content\/uploads\/2024\/06\/F1-eco.jpg","type":"image\/jpeg"}],"author":"Jeanette","twitter_card":"summary_large_image","twitter_creator":"@eldiario_net","twitter_site":"@eldiario_net","twitter_misc":{"Escrito por":"Jeanette","Tiempo de lectura":"5 minutos"},"schema":{"@context":"https:\/\/schema.org","@graph":[{"@type":"Article","@id":"https:\/\/www.eldiario.net\/portal\/2024\/06\/10\/escasez-de-dolares-y-alza-de-precios-amenazan-estabilidad\/#article","isPartOf":{"@id":"https:\/\/www.eldiario.net\/portal\/2024\/06\/10\/escasez-de-dolares-y-alza-de-precios-amenazan-estabilidad\/"},"author":{"name":"Jeanette","@id":"https:\/\/www.eldiario.net\/portal\/#\/schema\/person\/f46445640444750d7d753ccd04ae01b7"},"headline":"Escasez de d\u00f3lares y alza de precios amenazan estabilidad","datePublished":"2024-06-10T09:59:19+00:00","mainEntityOfPage":{"@id":"https:\/\/www.eldiario.net\/portal\/2024\/06\/10\/escasez-de-dolares-y-alza-de-precios-amenazan-estabilidad\/"},"wordCount":1043,"commentCount":0,"publisher":{"@id":"https:\/\/www.eldiario.net\/portal\/#organization"},"image":{"@id":"https:\/\/www.eldiario.net\/portal\/2024\/06\/10\/escasez-de-dolares-y-alza-de-precios-amenazan-estabilidad\/#primaryimage"},"thumbnailUrl":"https:\/\/www.eldiario.net\/portal\/wp-content\/uploads\/2024\/06\/F1-eco.jpg","articleSection":["Econom\u00eda"],"inLanguage":"es","potentialAction":[{"@type":"CommentAction","name":"Comment","target":["https:\/\/www.eldiario.net\/portal\/2024\/06\/10\/escasez-de-dolares-y-alza-de-precios-amenazan-estabilidad\/#respond"]}]},{"@type":"WebPage","@id":"https:\/\/www.eldiario.net\/portal\/2024\/06\/10\/escasez-de-dolares-y-alza-de-precios-amenazan-estabilidad\/","url":"https:\/\/www.eldiario.net\/portal\/2024\/06\/10\/escasez-de-dolares-y-alza-de-precios-amenazan-estabilidad\/","name":"Escasez de d\u00f3lares y alza de precios amenazan estabilidad - El Diario - Bolivia","isPartOf":{"@id":"https:\/\/www.eldiario.net\/portal\/#website"},"primaryImageOfPage":{"@id":"https:\/\/www.eldiario.net\/portal\/2024\/06\/10\/escasez-de-dolares-y-alza-de-precios-amenazan-estabilidad\/#primaryimage"},"image":{"@id":"https:\/\/www.eldiario.net\/portal\/2024\/06\/10\/escasez-de-dolares-y-alza-de-precios-amenazan-estabilidad\/#primaryimage"},"thumbnailUrl":"https:\/\/www.eldiario.net\/portal\/wp-content\/uploads\/2024\/06\/F1-eco.jpg","datePublished":"2024-06-10T09:59:19+00:00","breadcrumb":{"@id":"https:\/\/www.eldiario.net\/portal\/2024\/06\/10\/escasez-de-dolares-y-alza-de-precios-amenazan-estabilidad\/#breadcrumb"},"inLanguage":"es","potentialAction":[{"@type":"ReadAction","target":["https:\/\/www.eldiario.net\/portal\/2024\/06\/10\/escasez-de-dolares-y-alza-de-precios-amenazan-estabilidad\/"]}]},{"@type":"ImageObject","inLanguage":"es","@id":"https:\/\/www.eldiario.net\/portal\/2024\/06\/10\/escasez-de-dolares-y-alza-de-precios-amenazan-estabilidad\/#primaryimage","url":"https:\/\/www.eldiario.net\/portal\/wp-content\/uploads\/2024\/06\/F1-eco.jpg","contentUrl":"https:\/\/www.eldiario.net\/portal\/wp-content\/uploads\/2024\/06\/F1-eco.jpg","width":1280,"height":853,"caption":"Persisten filas, en distintas regiones del pa\u00eds, por carburantes."},{"@type":"BreadcrumbList","@id":"https:\/\/www.eldiario.net\/portal\/2024\/06\/10\/escasez-de-dolares-y-alza-de-precios-amenazan-estabilidad\/#breadcrumb","itemListElement":[{"@type":"ListItem","position":1,"name":"Portada","item":"https:\/\/www.eldiario.net\/portal\/"},{"@type":"ListItem","position":2,"name":"Escasez de d\u00f3lares y alza de precios amenazan estabilidad"}]},{"@type":"WebSite","@id":"https:\/\/www.eldiario.net\/portal\/#website","url":"https:\/\/www.eldiario.net\/portal\/","name":"El Diario - Decano de la prensa nacional","description":"El Diario - Decano de la prensa nacional","publisher":{"@id":"https:\/\/www.eldiario.net\/portal\/#organization"},"potentialAction":[{"@type":"SearchAction","target":{"@type":"EntryPoint","urlTemplate":"https:\/\/www.eldiario.net\/portal\/?s={search_term_string}"},"query-input":{"@type":"PropertyValueSpecification","valueRequired":true,"valueName":"search_term_string"}}],"inLanguage":"es"},{"@type":"Organization","@id":"https:\/\/www.eldiario.net\/portal\/#organization","name":"El Diario - Decano de la prensa nacional","url":"https:\/\/www.eldiario.net\/portal\/","logo":{"@type":"ImageObject","inLanguage":"es","@id":"https:\/\/www.eldiario.net\/portal\/#\/schema\/logo\/image\/","url":"https:\/\/www.eldiario.net\/portal\/wp-content\/uploads\/2023\/07\/logo_ED.jpg","contentUrl":"https:\/\/www.eldiario.net\/portal\/wp-content\/uploads\/2023\/07\/logo_ED.jpg","width":272,"height":52,"caption":"El Diario - Decano de la prensa nacional"},"image":{"@id":"https:\/\/www.eldiario.net\/portal\/#\/schema\/logo\/image\/"},"sameAs":["https:\/\/www.facebook.com\/eldiario.bolivia\/","https:\/\/x.com\/eldiario_net"]},{"@type":"Person","@id":"https:\/\/www.eldiario.net\/portal\/#\/schema\/person\/f46445640444750d7d753ccd04ae01b7","name":"Jeanette","image":{"@type":"ImageObject","inLanguage":"es","@id":"https:\/\/secure.gravatar.com\/avatar\/3ea2118a5f7dad2b7138b1187a6b7ee55f160b9968b66013c3a3ef39dd7e5798?s=96&d=mm&r=g","url":"https:\/\/secure.gravatar.com\/avatar\/3ea2118a5f7dad2b7138b1187a6b7ee55f160b9968b66013c3a3ef39dd7e5798?s=96&d=mm&r=g","contentUrl":"https:\/\/secure.gravatar.com\/avatar\/3ea2118a5f7dad2b7138b1187a6b7ee55f160b9968b66013c3a3ef39dd7e5798?s=96&d=mm&r=g","caption":"Jeanette"},"sameAs":["https:\/\/www.eldiario.net\/portal"],"url":"https:\/\/www.eldiario.net\/portal\/author\/jeanette\/"}]}},"_links":{"self":[{"href":"https:\/\/www.eldiario.net\/portal\/wp-json\/wp\/v2\/posts\/226146","targetHints":{"allow":["GET"]}}],"collection":[{"href":"https:\/\/www.eldiario.net\/portal\/wp-json\/wp\/v2\/posts"}],"about":[{"href":"https:\/\/www.eldiario.net\/portal\/wp-json\/wp\/v2\/types\/post"}],"author":[{"embeddable":true,"href":"https:\/\/www.eldiario.net\/portal\/wp-json\/wp\/v2\/users\/1"}],"replies":[{"embeddable":true,"href":"https:\/\/www.eldiario.net\/portal\/wp-json\/wp\/v2\/comments?post=226146"}],"version-history":[{"count":1,"href":"https:\/\/www.eldiario.net\/portal\/wp-json\/wp\/v2\/posts\/226146\/revisions"}],"predecessor-version":[{"id":226148,"href":"https:\/\/www.eldiario.net\/portal\/wp-json\/wp\/v2\/posts\/226146\/revisions\/226148"}],"wp:featuredmedia":[{"embeddable":true,"href":"https:\/\/www.eldiario.net\/portal\/wp-json\/wp\/v2\/media\/226147"}],"wp:attachment":[{"href":"https:\/\/www.eldiario.net\/portal\/wp-json\/wp\/v2\/media?parent=226146"}],"wp:term":[{"taxonomy":"category","embeddable":true,"href":"https:\/\/www.eldiario.net\/portal\/wp-json\/wp\/v2\/categories?post=226146"},{"taxonomy":"post_tag","embeddable":true,"href":"https:\/\/www.eldiario.net\/portal\/wp-json\/wp\/v2\/tags?post=226146"}],"curies":[{"name":"wp","href":"https:\/\/api.w.org\/{rel}","templated":true}]}}