{"id":226142,"date":"2024-06-10T05:58:22","date_gmt":"2024-06-10T09:58:22","guid":{"rendered":"https:\/\/www.eldiario.net\/portal\/?p=226142"},"modified":"2024-06-10T05:58:22","modified_gmt":"2024-06-10T09:58:22","slug":"gobierno-produccion-de-soya-garantizara-alimentacion-y-biodiesel","status":"publish","type":"post","link":"https:\/\/www.eldiario.net\/portal\/2024\/06\/10\/gobierno-produccion-de-soya-garantizara-alimentacion-y-biodiesel\/","title":{"rendered":"Gobierno: Producci\u00f3n de soya  garantizar\u00e1 alimentaci\u00f3n y biodi\u00e9sel"},"content":{"rendered":"<p>El ministro de Desarrollo Productivo y Econom\u00eda Plural, N\u00e9stor Huanca, habl\u00f3 de la necesidad de incrementar la producci\u00f3n de soya de manera que se garantice la alimentaci\u00f3n para la poblaci\u00f3n, pero tambi\u00e9n para abastecer a la planta de biodi\u00e9sel que est\u00e1 en Santa Cruz.<br \/>\n\u201cHay que mejorar la producci\u00f3n de soya no solo para garantizar la alimentaci\u00f3n, sino tambi\u00e9n para que exista subproductos de soya para el sector pecuario y para la industria\u201d, manifest\u00f3 Huanca a Unitel.<br \/>\nHuanca puntualiz\u00f3 que, en marzo de este a\u00f1o, se inaugur\u00f3 una planta de biodi\u00e9sel en Santa Cruz que requiere aceite de soya para la producci\u00f3n del biocombustible.<br \/>\nAdem\u00e1s, se trabajan en proyectos y acceso a cr\u00e9ditos para los sectores productivos del sector agropecuario. \u201cNecesitamos incentivar la producci\u00f3n del grano de soya, por eso se ha dispuesto el cr\u00e9dito a una tasa de inter\u00e9s de 0.5 por ciento para que los productores accedan a estos beneficios\u201d, se\u00f1al\u00f3.<br \/>\nAl respecto, desde Yacimientos Petrol\u00edferos Fiscales Bolivianos (YPFB) se\u00f1alaron que se busca mayor producci\u00f3n, no solamente aceite de soya, que es el insumo que requerir\u00e1 la planta, sino tambi\u00e9n aceites de otros cultivos como tota\u00ed, cusi o macoror\u00f3, as\u00ed como otras materias primas que se pueden utilizar en plantas de biodi\u00e9sel. (Unitel)<\/p>\n","protected":false},"excerpt":{"rendered":"<p>El ministro de Desarrollo Productivo y Econom\u00eda Plural, N\u00e9stor Huanca, habl\u00f3 de la necesidad de incrementar la producci\u00f3n de soya de manera que se garantice la alimentaci\u00f3n para la poblaci\u00f3n, pero tambi\u00e9n para abastecer a la planta de biodi\u00e9sel que est\u00e1 en Santa Cruz. \u201cHay que mejorar la producci\u00f3n de soya no solo para garantizar [&hellip;]<\/p>\n","protected":false},"author":1,"featured_media":194689,"comment_status":"open","ping_status":"open","sticky":false,"template":"","format":"standard","meta":{"_acf_changed":false,"footnotes":""},"categories":[7],"tags":[],"class_list":["post-226142","post","type-post","status-publish","format-standard","has-post-thumbnail","category-economia"],"acf":{"antetitulo":""},"yoast_head":"<!-- This site is optimized with the Yoast SEO plugin v28.4 - https:\/\/yoast.com\/product\/yoast-seo-wordpress\/ -->\n<title>Gobierno: Producci\u00f3n de soya garantizar\u00e1 alimentaci\u00f3n y biodi\u00e9sel - El Diario - Bolivia<\/title>\n<meta name=\"robots\" content=\"index, follow, max-snippet:-1, max-image-preview:large, max-video-preview:-1\" \/>\n<link rel=\"canonical\" href=\"https:\/\/www.eldiario.net\/portal\/2024\/06\/10\/gobierno-produccion-de-soya-garantizara-alimentacion-y-biodiesel\/\" \/>\n<meta property=\"og:locale\" content=\"es_ES\" \/>\n<meta property=\"og:type\" content=\"article\" \/>\n<meta property=\"og:title\" content=\"Gobierno: Producci\u00f3n de soya garantizar\u00e1 alimentaci\u00f3n y biodi\u00e9sel - El Diario - Bolivia\" \/>\n<meta property=\"og:description\" content=\"El ministro de Desarrollo Productivo y Econom\u00eda Plural, N\u00e9stor Huanca, habl\u00f3 de la necesidad de incrementar la producci\u00f3n de soya de manera que se garantice la alimentaci\u00f3n para la poblaci\u00f3n, pero tambi\u00e9n para abastecer a la planta de biodi\u00e9sel que est\u00e1 en Santa Cruz. \u201cHay que mejorar la producci\u00f3n de soya no solo para garantizar [&hellip;]\" \/>\n<meta property=\"og:url\" content=\"https:\/\/www.eldiario.net\/portal\/2024\/06\/10\/gobierno-produccion-de-soya-garantizara-alimentacion-y-biodiesel\/\" \/>\n<meta property=\"og:site_name\" content=\"El Diario - Bolivia\" \/>\n<meta property=\"article:publisher\" content=\"https:\/\/www.facebook.com\/eldiario.bolivia\/\" \/>\n<meta property=\"article:published_time\" content=\"2024-06-10T09:58:22+00:00\" \/>\n<meta property=\"og:image\" content=\"https:\/\/www.eldiario.net\/portal\/wp-content\/uploads\/2023\/12\/Economia.jpg\" \/>\n\t<meta property=\"og:image:width\" content=\"800\" \/>\n\t<meta property=\"og:image:height\" content=\"500\" \/>\n\t<meta property=\"og:image:type\" content=\"image\/jpeg\" \/>\n<meta name=\"author\" content=\"Jeanette\" \/>\n<meta name=\"twitter:card\" content=\"summary_large_image\" \/>\n<meta name=\"twitter:creator\" content=\"@eldiario_net\" \/>\n<meta name=\"twitter:site\" content=\"@eldiario_net\" \/>\n<meta name=\"twitter:label1\" content=\"Escrito por\" \/>\n\t<meta name=\"twitter:data1\" content=\"Jeanette\" \/>\n\t<meta name=\"twitter:label2\" content=\"Tiempo de lectura\" \/>\n\t<meta name=\"twitter:data2\" content=\"2 minutos\" \/>\n<script type=\"application\/ld+json\" class=\"yoast-schema-graph\">{\"@context\":\"https:\\\/\\\/schema.org\",\"@graph\":[{\"@type\":\"Article\",\"@id\":\"https:\\\/\\\/www.eldiario.net\\\/portal\\\/2024\\\/06\\\/10\\\/gobierno-produccion-de-soya-garantizara-alimentacion-y-biodiesel\\\/#article\",\"isPartOf\":{\"@id\":\"https:\\\/\\\/www.eldiario.net\\\/portal\\\/2024\\\/06\\\/10\\\/gobierno-produccion-de-soya-garantizara-alimentacion-y-biodiesel\\\/\"},\"author\":{\"name\":\"Jeanette\",\"@id\":\"https:\\\/\\\/www.eldiario.net\\\/portal\\\/#\\\/schema\\\/person\\\/f46445640444750d7d753ccd04ae01b7\"},\"headline\":\"Gobierno: Producci\u00f3n de soya garantizar\u00e1 alimentaci\u00f3n y biodi\u00e9sel\",\"datePublished\":\"2024-06-10T09:58:22+00:00\",\"mainEntityOfPage\":{\"@id\":\"https:\\\/\\\/www.eldiario.net\\\/portal\\\/2024\\\/06\\\/10\\\/gobierno-produccion-de-soya-garantizara-alimentacion-y-biodiesel\\\/\"},\"wordCount\":239,\"commentCount\":0,\"publisher\":{\"@id\":\"https:\\\/\\\/www.eldiario.net\\\/portal\\\/#organization\"},\"image\":{\"@id\":\"https:\\\/\\\/www.eldiario.net\\\/portal\\\/2024\\\/06\\\/10\\\/gobierno-produccion-de-soya-garantizara-alimentacion-y-biodiesel\\\/#primaryimage\"},\"thumbnailUrl\":\"https:\\\/\\\/www.eldiario.net\\\/portal\\\/wp-content\\\/uploads\\\/2023\\\/12\\\/Economia.jpg\",\"articleSection\":[\"Econom\u00eda\"],\"inLanguage\":\"es\",\"potentialAction\":[{\"@type\":\"CommentAction\",\"name\":\"Comment\",\"target\":[\"https:\\\/\\\/www.eldiario.net\\\/portal\\\/2024\\\/06\\\/10\\\/gobierno-produccion-de-soya-garantizara-alimentacion-y-biodiesel\\\/#respond\"]}]},{\"@type\":\"WebPage\",\"@id\":\"https:\\\/\\\/www.eldiario.net\\\/portal\\\/2024\\\/06\\\/10\\\/gobierno-produccion-de-soya-garantizara-alimentacion-y-biodiesel\\\/\",\"url\":\"https:\\\/\\\/www.eldiario.net\\\/portal\\\/2024\\\/06\\\/10\\\/gobierno-produccion-de-soya-garantizara-alimentacion-y-biodiesel\\\/\",\"name\":\"Gobierno: Producci\u00f3n de soya garantizar\u00e1 alimentaci\u00f3n y biodi\u00e9sel - El Diario - Bolivia\",\"isPartOf\":{\"@id\":\"https:\\\/\\\/www.eldiario.net\\\/portal\\\/#website\"},\"primaryImageOfPage\":{\"@id\":\"https:\\\/\\\/www.eldiario.net\\\/portal\\\/2024\\\/06\\\/10\\\/gobierno-produccion-de-soya-garantizara-alimentacion-y-biodiesel\\\/#primaryimage\"},\"image\":{\"@id\":\"https:\\\/\\\/www.eldiario.net\\\/portal\\\/2024\\\/06\\\/10\\\/gobierno-produccion-de-soya-garantizara-alimentacion-y-biodiesel\\\/#primaryimage\"},\"thumbnailUrl\":\"https:\\\/\\\/www.eldiario.net\\\/portal\\\/wp-content\\\/uploads\\\/2023\\\/12\\\/Economia.jpg\",\"datePublished\":\"2024-06-10T09:58:22+00:00\",\"breadcrumb\":{\"@id\":\"https:\\\/\\\/www.eldiario.net\\\/portal\\\/2024\\\/06\\\/10\\\/gobierno-produccion-de-soya-garantizara-alimentacion-y-biodiesel\\\/#breadcrumb\"},\"inLanguage\":\"es\",\"potentialAction\":[{\"@type\":\"ReadAction\",\"target\":[\"https:\\\/\\\/www.eldiario.net\\\/portal\\\/2024\\\/06\\\/10\\\/gobierno-produccion-de-soya-garantizara-alimentacion-y-biodiesel\\\/\"]}]},{\"@type\":\"ImageObject\",\"inLanguage\":\"es\",\"@id\":\"https:\\\/\\\/www.eldiario.net\\\/portal\\\/2024\\\/06\\\/10\\\/gobierno-produccion-de-soya-garantizara-alimentacion-y-biodiesel\\\/#primaryimage\",\"url\":\"https:\\\/\\\/www.eldiario.net\\\/portal\\\/wp-content\\\/uploads\\\/2023\\\/12\\\/Economia.jpg\",\"contentUrl\":\"https:\\\/\\\/www.eldiario.net\\\/portal\\\/wp-content\\\/uploads\\\/2023\\\/12\\\/Economia.jpg\",\"width\":800,\"height\":500},{\"@type\":\"BreadcrumbList\",\"@id\":\"https:\\\/\\\/www.eldiario.net\\\/portal\\\/2024\\\/06\\\/10\\\/gobierno-produccion-de-soya-garantizara-alimentacion-y-biodiesel\\\/#breadcrumb\",\"itemListElement\":[{\"@type\":\"ListItem\",\"position\":1,\"name\":\"Portada\",\"item\":\"https:\\\/\\\/www.eldiario.net\\\/portal\\\/\"},{\"@type\":\"ListItem\",\"position\":2,\"name\":\"Gobierno: Producci\u00f3n de soya garantizar\u00e1 alimentaci\u00f3n y biodi\u00e9sel\"}]},{\"@type\":\"WebSite\",\"@id\":\"https:\\\/\\\/www.eldiario.net\\\/portal\\\/#website\",\"url\":\"https:\\\/\\\/www.eldiario.net\\\/portal\\\/\",\"name\":\"El Diario - Decano de la prensa nacional\",\"description\":\"El Diario - Decano de la prensa nacional\",\"publisher\":{\"@id\":\"https:\\\/\\\/www.eldiario.net\\\/portal\\\/#organization\"},\"potentialAction\":[{\"@type\":\"SearchAction\",\"target\":{\"@type\":\"EntryPoint\",\"urlTemplate\":\"https:\\\/\\\/www.eldiario.net\\\/portal\\\/?s={search_term_string}\"},\"query-input\":{\"@type\":\"PropertyValueSpecification\",\"valueRequired\":true,\"valueName\":\"search_term_string\"}}],\"inLanguage\":\"es\"},{\"@type\":\"Organization\",\"@id\":\"https:\\\/\\\/www.eldiario.net\\\/portal\\\/#organization\",\"name\":\"El Diario - Decano de la prensa nacional\",\"url\":\"https:\\\/\\\/www.eldiario.net\\\/portal\\\/\",\"logo\":{\"@type\":\"ImageObject\",\"inLanguage\":\"es\",\"@id\":\"https:\\\/\\\/www.eldiario.net\\\/portal\\\/#\\\/schema\\\/logo\\\/image\\\/\",\"url\":\"https:\\\/\\\/www.eldiario.net\\\/portal\\\/wp-content\\\/uploads\\\/2023\\\/07\\\/logo_ED.jpg\",\"contentUrl\":\"https:\\\/\\\/www.eldiario.net\\\/portal\\\/wp-content\\\/uploads\\\/2023\\\/07\\\/logo_ED.jpg\",\"width\":272,\"height\":52,\"caption\":\"El Diario - Decano de la prensa nacional\"},\"image\":{\"@id\":\"https:\\\/\\\/www.eldiario.net\\\/portal\\\/#\\\/schema\\\/logo\\\/image\\\/\"},\"sameAs\":[\"https:\\\/\\\/www.facebook.com\\\/eldiario.bolivia\\\/\",\"https:\\\/\\\/x.com\\\/eldiario_net\"]},{\"@type\":\"Person\",\"@id\":\"https:\\\/\\\/www.eldiario.net\\\/portal\\\/#\\\/schema\\\/person\\\/f46445640444750d7d753ccd04ae01b7\",\"name\":\"Jeanette\",\"image\":{\"@type\":\"ImageObject\",\"inLanguage\":\"es\",\"@id\":\"https:\\\/\\\/secure.gravatar.com\\\/avatar\\\/3ea2118a5f7dad2b7138b1187a6b7ee55f160b9968b66013c3a3ef39dd7e5798?s=96&d=mm&r=g\",\"url\":\"https:\\\/\\\/secure.gravatar.com\\\/avatar\\\/3ea2118a5f7dad2b7138b1187a6b7ee55f160b9968b66013c3a3ef39dd7e5798?s=96&d=mm&r=g\",\"contentUrl\":\"https:\\\/\\\/secure.gravatar.com\\\/avatar\\\/3ea2118a5f7dad2b7138b1187a6b7ee55f160b9968b66013c3a3ef39dd7e5798?s=96&d=mm&r=g\",\"caption\":\"Jeanette\"},\"sameAs\":[\"https:\\\/\\\/www.eldiario.net\\\/portal\"],\"url\":\"https:\\\/\\\/www.eldiario.net\\\/portal\\\/author\\\/jeanette\\\/\"}]}<\/script>\n<!-- \/ Yoast SEO plugin. -->","yoast_head_json":{"title":"Gobierno: Producci\u00f3n de soya garantizar\u00e1 alimentaci\u00f3n y biodi\u00e9sel - El Diario - Bolivia","robots":{"index":"index","follow":"follow","max-snippet":"max-snippet:-1","max-image-preview":"max-image-preview:large","max-video-preview":"max-video-preview:-1"},"canonical":"https:\/\/www.eldiario.net\/portal\/2024\/06\/10\/gobierno-produccion-de-soya-garantizara-alimentacion-y-biodiesel\/","og_locale":"es_ES","og_type":"article","og_title":"Gobierno: Producci\u00f3n de soya garantizar\u00e1 alimentaci\u00f3n y biodi\u00e9sel - El Diario - Bolivia","og_description":"El ministro de Desarrollo Productivo y Econom\u00eda Plural, N\u00e9stor Huanca, habl\u00f3 de la necesidad de incrementar la producci\u00f3n de soya de manera que se garantice la alimentaci\u00f3n para la poblaci\u00f3n, pero tambi\u00e9n para abastecer a la planta de biodi\u00e9sel que est\u00e1 en Santa Cruz. \u201cHay que mejorar la producci\u00f3n de soya no solo para garantizar [&hellip;]","og_url":"https:\/\/www.eldiario.net\/portal\/2024\/06\/10\/gobierno-produccion-de-soya-garantizara-alimentacion-y-biodiesel\/","og_site_name":"El Diario - Bolivia","article_publisher":"https:\/\/www.facebook.com\/eldiario.bolivia\/","article_published_time":"2024-06-10T09:58:22+00:00","og_image":[{"width":800,"height":500,"url":"https:\/\/www.eldiario.net\/portal\/wp-content\/uploads\/2023\/12\/Economia.jpg","type":"image\/jpeg"}],"author":"Jeanette","twitter_card":"summary_large_image","twitter_creator":"@eldiario_net","twitter_site":"@eldiario_net","twitter_misc":{"Escrito por":"Jeanette","Tiempo de lectura":"2 minutos"},"schema":{"@context":"https:\/\/schema.org","@graph":[{"@type":"Article","@id":"https:\/\/www.eldiario.net\/portal\/2024\/06\/10\/gobierno-produccion-de-soya-garantizara-alimentacion-y-biodiesel\/#article","isPartOf":{"@id":"https:\/\/www.eldiario.net\/portal\/2024\/06\/10\/gobierno-produccion-de-soya-garantizara-alimentacion-y-biodiesel\/"},"author":{"name":"Jeanette","@id":"https:\/\/www.eldiario.net\/portal\/#\/schema\/person\/f46445640444750d7d753ccd04ae01b7"},"headline":"Gobierno: Producci\u00f3n de soya garantizar\u00e1 alimentaci\u00f3n y biodi\u00e9sel","datePublished":"2024-06-10T09:58:22+00:00","mainEntityOfPage":{"@id":"https:\/\/www.eldiario.net\/portal\/2024\/06\/10\/gobierno-produccion-de-soya-garantizara-alimentacion-y-biodiesel\/"},"wordCount":239,"commentCount":0,"publisher":{"@id":"https:\/\/www.eldiario.net\/portal\/#organization"},"image":{"@id":"https:\/\/www.eldiario.net\/portal\/2024\/06\/10\/gobierno-produccion-de-soya-garantizara-alimentacion-y-biodiesel\/#primaryimage"},"thumbnailUrl":"https:\/\/www.eldiario.net\/portal\/wp-content\/uploads\/2023\/12\/Economia.jpg","articleSection":["Econom\u00eda"],"inLanguage":"es","potentialAction":[{"@type":"CommentAction","name":"Comment","target":["https:\/\/www.eldiario.net\/portal\/2024\/06\/10\/gobierno-produccion-de-soya-garantizara-alimentacion-y-biodiesel\/#respond"]}]},{"@type":"WebPage","@id":"https:\/\/www.eldiario.net\/portal\/2024\/06\/10\/gobierno-produccion-de-soya-garantizara-alimentacion-y-biodiesel\/","url":"https:\/\/www.eldiario.net\/portal\/2024\/06\/10\/gobierno-produccion-de-soya-garantizara-alimentacion-y-biodiesel\/","name":"Gobierno: Producci\u00f3n de soya garantizar\u00e1 alimentaci\u00f3n y biodi\u00e9sel - El Diario - Bolivia","isPartOf":{"@id":"https:\/\/www.eldiario.net\/portal\/#website"},"primaryImageOfPage":{"@id":"https:\/\/www.eldiario.net\/portal\/2024\/06\/10\/gobierno-produccion-de-soya-garantizara-alimentacion-y-biodiesel\/#primaryimage"},"image":{"@id":"https:\/\/www.eldiario.net\/portal\/2024\/06\/10\/gobierno-produccion-de-soya-garantizara-alimentacion-y-biodiesel\/#primaryimage"},"thumbnailUrl":"https:\/\/www.eldiario.net\/portal\/wp-content\/uploads\/2023\/12\/Economia.jpg","datePublished":"2024-06-10T09:58:22+00:00","breadcrumb":{"@id":"https:\/\/www.eldiario.net\/portal\/2024\/06\/10\/gobierno-produccion-de-soya-garantizara-alimentacion-y-biodiesel\/#breadcrumb"},"inLanguage":"es","potentialAction":[{"@type":"ReadAction","target":["https:\/\/www.eldiario.net\/portal\/2024\/06\/10\/gobierno-produccion-de-soya-garantizara-alimentacion-y-biodiesel\/"]}]},{"@type":"ImageObject","inLanguage":"es","@id":"https:\/\/www.eldiario.net\/portal\/2024\/06\/10\/gobierno-produccion-de-soya-garantizara-alimentacion-y-biodiesel\/#primaryimage","url":"https:\/\/www.eldiario.net\/portal\/wp-content\/uploads\/2023\/12\/Economia.jpg","contentUrl":"https:\/\/www.eldiario.net\/portal\/wp-content\/uploads\/2023\/12\/Economia.jpg","width":800,"height":500},{"@type":"BreadcrumbList","@id":"https:\/\/www.eldiario.net\/portal\/2024\/06\/10\/gobierno-produccion-de-soya-garantizara-alimentacion-y-biodiesel\/#breadcrumb","itemListElement":[{"@type":"ListItem","position":1,"name":"Portada","item":"https:\/\/www.eldiario.net\/portal\/"},{"@type":"ListItem","position":2,"name":"Gobierno: Producci\u00f3n de soya garantizar\u00e1 alimentaci\u00f3n y biodi\u00e9sel"}]},{"@type":"WebSite","@id":"https:\/\/www.eldiario.net\/portal\/#website","url":"https:\/\/www.eldiario.net\/portal\/","name":"El Diario - Decano de la prensa nacional","description":"El Diario - Decano de la prensa nacional","publisher":{"@id":"https:\/\/www.eldiario.net\/portal\/#organization"},"potentialAction":[{"@type":"SearchAction","target":{"@type":"EntryPoint","urlTemplate":"https:\/\/www.eldiario.net\/portal\/?s={search_term_string}"},"query-input":{"@type":"PropertyValueSpecification","valueRequired":true,"valueName":"search_term_string"}}],"inLanguage":"es"},{"@type":"Organization","@id":"https:\/\/www.eldiario.net\/portal\/#organization","name":"El Diario - Decano de la prensa nacional","url":"https:\/\/www.eldiario.net\/portal\/","logo":{"@type":"ImageObject","inLanguage":"es","@id":"https:\/\/www.eldiario.net\/portal\/#\/schema\/logo\/image\/","url":"https:\/\/www.eldiario.net\/portal\/wp-content\/uploads\/2023\/07\/logo_ED.jpg","contentUrl":"https:\/\/www.eldiario.net\/portal\/wp-content\/uploads\/2023\/07\/logo_ED.jpg","width":272,"height":52,"caption":"El Diario - Decano de la prensa nacional"},"image":{"@id":"https:\/\/www.eldiario.net\/portal\/#\/schema\/logo\/image\/"},"sameAs":["https:\/\/www.facebook.com\/eldiario.bolivia\/","https:\/\/x.com\/eldiario_net"]},{"@type":"Person","@id":"https:\/\/www.eldiario.net\/portal\/#\/schema\/person\/f46445640444750d7d753ccd04ae01b7","name":"Jeanette","image":{"@type":"ImageObject","inLanguage":"es","@id":"https:\/\/secure.gravatar.com\/avatar\/3ea2118a5f7dad2b7138b1187a6b7ee55f160b9968b66013c3a3ef39dd7e5798?s=96&d=mm&r=g","url":"https:\/\/secure.gravatar.com\/avatar\/3ea2118a5f7dad2b7138b1187a6b7ee55f160b9968b66013c3a3ef39dd7e5798?s=96&d=mm&r=g","contentUrl":"https:\/\/secure.gravatar.com\/avatar\/3ea2118a5f7dad2b7138b1187a6b7ee55f160b9968b66013c3a3ef39dd7e5798?s=96&d=mm&r=g","caption":"Jeanette"},"sameAs":["https:\/\/www.eldiario.net\/portal"],"url":"https:\/\/www.eldiario.net\/portal\/author\/jeanette\/"}]}},"_links":{"self":[{"href":"https:\/\/www.eldiario.net\/portal\/wp-json\/wp\/v2\/posts\/226142","targetHints":{"allow":["GET"]}}],"collection":[{"href":"https:\/\/www.eldiario.net\/portal\/wp-json\/wp\/v2\/posts"}],"about":[{"href":"https:\/\/www.eldiario.net\/portal\/wp-json\/wp\/v2\/types\/post"}],"author":[{"embeddable":true,"href":"https:\/\/www.eldiario.net\/portal\/wp-json\/wp\/v2\/users\/1"}],"replies":[{"embeddable":true,"href":"https:\/\/www.eldiario.net\/portal\/wp-json\/wp\/v2\/comments?post=226142"}],"version-history":[{"count":1,"href":"https:\/\/www.eldiario.net\/portal\/wp-json\/wp\/v2\/posts\/226142\/revisions"}],"predecessor-version":[{"id":226143,"href":"https:\/\/www.eldiario.net\/portal\/wp-json\/wp\/v2\/posts\/226142\/revisions\/226143"}],"wp:featuredmedia":[{"embeddable":true,"href":"https:\/\/www.eldiario.net\/portal\/wp-json\/wp\/v2\/media\/194689"}],"wp:attachment":[{"href":"https:\/\/www.eldiario.net\/portal\/wp-json\/wp\/v2\/media?parent=226142"}],"wp:term":[{"taxonomy":"category","embeddable":true,"href":"https:\/\/www.eldiario.net\/portal\/wp-json\/wp\/v2\/categories?post=226142"},{"taxonomy":"post_tag","embeddable":true,"href":"https:\/\/www.eldiario.net\/portal\/wp-json\/wp\/v2\/tags?post=226142"}],"curies":[{"name":"wp","href":"https:\/\/api.w.org\/{rel}","templated":true}]}}