{"id":226139,"date":"2024-06-10T05:57:56","date_gmt":"2024-06-10T09:57:56","guid":{"rendered":"https:\/\/www.eldiario.net\/portal\/?p=226139"},"modified":"2024-06-10T05:57:56","modified_gmt":"2024-06-10T09:57:56","slug":"acusan-a-alcaldias-de-desatencion-en-controles-de-precios-en-mercados","status":"publish","type":"post","link":"https:\/\/www.eldiario.net\/portal\/2024\/06\/10\/acusan-a-alcaldias-de-desatencion-en-controles-de-precios-en-mercados\/","title":{"rendered":"Acusan a alcald\u00edas de desatenci\u00f3n en controles de precios en mercados"},"content":{"rendered":"<p>El viceministro de Defensa de los Derechos del Usuario y Consumidor, Jorge Silva, se\u00f1al\u00f3 que las instancias llamadas al control en los mercados son las alcald\u00edas y otras instancias gubernamentales; sin embargo, lament\u00f3 la indiferencia de las autoridades de los municipios para cumplir con ello. Adem\u00e1s, sostuvo que el precio de productos, como el tomate y la cebolla, tiende a bajar ante la proximidad de una nueva cosecha y como resultado del fortalecimiento de controles realizados por el Viceministerio de Defensa de los Derechos del Usuario y Consumidor (Vdduc).<br \/>\n\u201cEn los mercados no hay efectivos de la guardia municipal, quienes deber\u00edan estar en todos los mercados controlando el precio y la calidad del producto (\u2026). Exigimos que las autoridades de todo el pa\u00eds desplieguen a su personal, son autoridades municipales para proteger a la poblaci\u00f3n\u201d, manifest\u00f3 la autoridad gubernamental.<br \/>\nEn tanto, el Gobierno desarrolla controles para evitar el contrabando de productos mediante el Comit\u00e9 de Apoyo a la Producci\u00f3n, Comercializaci\u00f3n y Lucha Contra el Contrabando.<br \/>\nDe acuerdo con Silva, el retraso en el calendario agr\u00edcola es una de las causas por las que se registra incremento de precio en algunos productos.<br \/>\n\u201cConversando con los productores del sector del Illimani y los Valles nos indican que hay un retraso en el calendario agr\u00edcola y que eso significa que en un par de semanas van a empezar a cosechar los productos que han sembrado, con un retraso de mes y medio\u201d, explic\u00f3.<br \/>\nSostuvo que son los fen\u00f3menos climatol\u00f3gicos los que afectan el ciclo agr\u00edcola y no es un fen\u00f3meno reciente, sino recurrente. \u201cEn invierno la helada, sequ\u00eda e inundaciones influyen en el calendario agr\u00edcola, en algunos lugares producen y en otros no\u201d, indic\u00f3.<br \/>\nSeg\u00fan el viceministro, esa situaci\u00f3n se la advirti\u00f3 en la Feria del Campo a la Olla, realizada el viernes en la ciudad de La Paz, donde los productores comercializaron de forma directa sus productos, anulando a los intermediarios.<br \/>\n\u201cEl tomate que costaba el kilo a 15 o 16 bolivianos, el s\u00e1bado estaba a 9 bolivianos, lo propio ocurri\u00f3 con la cebolla y otros productos. Todav\u00eda no est\u00e1 dentro del precio que anteriormente estaba, pero lo vamos a lograr en la medida en que mejore la producci\u00f3n y cosechas\u201d, afirm\u00f3.<br \/>\nSin embargo, otros ciudadanos tambi\u00e9n expresaron su disconformidad con los precios, pues aseguraron que estaban casi igual que en los mercados, por lo que no justific\u00f3, para muchos, el tiempo que pasaron haciendo filas.<\/p>\n","protected":false},"excerpt":{"rendered":"<p>El viceministro de Defensa de los Derechos del Usuario y Consumidor, Jorge Silva, se\u00f1al\u00f3 que las instancias llamadas al control en los mercados son las alcald\u00edas y otras instancias gubernamentales; sin embargo, lament\u00f3 la indiferencia de las autoridades de los municipios para cumplir con ello. Adem\u00e1s, sostuvo que el precio de productos, como el tomate [&hellip;]<\/p>\n","protected":false},"author":1,"featured_media":226140,"comment_status":"open","ping_status":"open","sticky":false,"template":"","format":"standard","meta":{"_acf_changed":false,"footnotes":""},"categories":[7],"tags":[],"class_list":["post-226139","post","type-post","status-publish","format-standard","has-post-thumbnail","category-economia"],"acf":{"antetitulo":""},"yoast_head":"<!-- This site is optimized with the Yoast SEO plugin v28.4 - https:\/\/yoast.com\/product\/yoast-seo-wordpress\/ -->\n<title>Acusan a alcald\u00edas de desatenci\u00f3n en controles de precios en mercados - El Diario - Bolivia<\/title>\n<meta name=\"robots\" content=\"index, follow, max-snippet:-1, max-image-preview:large, max-video-preview:-1\" \/>\n<link rel=\"canonical\" href=\"https:\/\/www.eldiario.net\/portal\/2024\/06\/10\/acusan-a-alcaldias-de-desatencion-en-controles-de-precios-en-mercados\/\" \/>\n<meta property=\"og:locale\" content=\"es_ES\" \/>\n<meta property=\"og:type\" content=\"article\" \/>\n<meta property=\"og:title\" content=\"Acusan a alcald\u00edas de desatenci\u00f3n en controles de precios en mercados - El Diario - Bolivia\" \/>\n<meta property=\"og:description\" content=\"El viceministro de Defensa de los Derechos del Usuario y Consumidor, Jorge Silva, se\u00f1al\u00f3 que las instancias llamadas al control en los mercados son las alcald\u00edas y otras instancias gubernamentales; sin embargo, lament\u00f3 la indiferencia de las autoridades de los municipios para cumplir con ello. Adem\u00e1s, sostuvo que el precio de productos, como el tomate [&hellip;]\" \/>\n<meta property=\"og:url\" content=\"https:\/\/www.eldiario.net\/portal\/2024\/06\/10\/acusan-a-alcaldias-de-desatencion-en-controles-de-precios-en-mercados\/\" \/>\n<meta property=\"og:site_name\" content=\"El Diario - Bolivia\" \/>\n<meta property=\"article:publisher\" content=\"https:\/\/www.facebook.com\/eldiario.bolivia\/\" \/>\n<meta property=\"article:published_time\" content=\"2024-06-10T09:57:56+00:00\" \/>\n<meta property=\"og:image\" content=\"https:\/\/www.eldiario.net\/portal\/wp-content\/uploads\/2024\/06\/F-3-eco.jpg\" \/>\n\t<meta property=\"og:image:width\" content=\"1040\" \/>\n\t<meta property=\"og:image:height\" content=\"749\" \/>\n\t<meta property=\"og:image:type\" content=\"image\/jpeg\" \/>\n<meta name=\"author\" content=\"Jeanette\" \/>\n<meta name=\"twitter:card\" content=\"summary_large_image\" \/>\n<meta name=\"twitter:creator\" content=\"@eldiario_net\" \/>\n<meta name=\"twitter:site\" content=\"@eldiario_net\" \/>\n<meta name=\"twitter:label1\" content=\"Escrito por\" \/>\n\t<meta name=\"twitter:data1\" content=\"Jeanette\" \/>\n\t<meta name=\"twitter:label2\" content=\"Tiempo de lectura\" \/>\n\t<meta name=\"twitter:data2\" content=\"3 minutos\" \/>\n<script type=\"application\/ld+json\" class=\"yoast-schema-graph\">{\"@context\":\"https:\\\/\\\/schema.org\",\"@graph\":[{\"@type\":\"Article\",\"@id\":\"https:\\\/\\\/www.eldiario.net\\\/portal\\\/2024\\\/06\\\/10\\\/acusan-a-alcaldias-de-desatencion-en-controles-de-precios-en-mercados\\\/#article\",\"isPartOf\":{\"@id\":\"https:\\\/\\\/www.eldiario.net\\\/portal\\\/2024\\\/06\\\/10\\\/acusan-a-alcaldias-de-desatencion-en-controles-de-precios-en-mercados\\\/\"},\"author\":{\"name\":\"Jeanette\",\"@id\":\"https:\\\/\\\/www.eldiario.net\\\/portal\\\/#\\\/schema\\\/person\\\/f46445640444750d7d753ccd04ae01b7\"},\"headline\":\"Acusan a alcald\u00edas de desatenci\u00f3n en controles de precios en mercados\",\"datePublished\":\"2024-06-10T09:57:56+00:00\",\"mainEntityOfPage\":{\"@id\":\"https:\\\/\\\/www.eldiario.net\\\/portal\\\/2024\\\/06\\\/10\\\/acusan-a-alcaldias-de-desatencion-en-controles-de-precios-en-mercados\\\/\"},\"wordCount\":435,\"commentCount\":0,\"publisher\":{\"@id\":\"https:\\\/\\\/www.eldiario.net\\\/portal\\\/#organization\"},\"image\":{\"@id\":\"https:\\\/\\\/www.eldiario.net\\\/portal\\\/2024\\\/06\\\/10\\\/acusan-a-alcaldias-de-desatencion-en-controles-de-precios-en-mercados\\\/#primaryimage\"},\"thumbnailUrl\":\"https:\\\/\\\/www.eldiario.net\\\/portal\\\/wp-content\\\/uploads\\\/2024\\\/06\\\/F-3-eco.jpg\",\"articleSection\":[\"Econom\u00eda\"],\"inLanguage\":\"es\",\"potentialAction\":[{\"@type\":\"CommentAction\",\"name\":\"Comment\",\"target\":[\"https:\\\/\\\/www.eldiario.net\\\/portal\\\/2024\\\/06\\\/10\\\/acusan-a-alcaldias-de-desatencion-en-controles-de-precios-en-mercados\\\/#respond\"]}]},{\"@type\":\"WebPage\",\"@id\":\"https:\\\/\\\/www.eldiario.net\\\/portal\\\/2024\\\/06\\\/10\\\/acusan-a-alcaldias-de-desatencion-en-controles-de-precios-en-mercados\\\/\",\"url\":\"https:\\\/\\\/www.eldiario.net\\\/portal\\\/2024\\\/06\\\/10\\\/acusan-a-alcaldias-de-desatencion-en-controles-de-precios-en-mercados\\\/\",\"name\":\"Acusan a alcald\u00edas de desatenci\u00f3n en controles de precios en mercados - El Diario - Bolivia\",\"isPartOf\":{\"@id\":\"https:\\\/\\\/www.eldiario.net\\\/portal\\\/#website\"},\"primaryImageOfPage\":{\"@id\":\"https:\\\/\\\/www.eldiario.net\\\/portal\\\/2024\\\/06\\\/10\\\/acusan-a-alcaldias-de-desatencion-en-controles-de-precios-en-mercados\\\/#primaryimage\"},\"image\":{\"@id\":\"https:\\\/\\\/www.eldiario.net\\\/portal\\\/2024\\\/06\\\/10\\\/acusan-a-alcaldias-de-desatencion-en-controles-de-precios-en-mercados\\\/#primaryimage\"},\"thumbnailUrl\":\"https:\\\/\\\/www.eldiario.net\\\/portal\\\/wp-content\\\/uploads\\\/2024\\\/06\\\/F-3-eco.jpg\",\"datePublished\":\"2024-06-10T09:57:56+00:00\",\"breadcrumb\":{\"@id\":\"https:\\\/\\\/www.eldiario.net\\\/portal\\\/2024\\\/06\\\/10\\\/acusan-a-alcaldias-de-desatencion-en-controles-de-precios-en-mercados\\\/#breadcrumb\"},\"inLanguage\":\"es\",\"potentialAction\":[{\"@type\":\"ReadAction\",\"target\":[\"https:\\\/\\\/www.eldiario.net\\\/portal\\\/2024\\\/06\\\/10\\\/acusan-a-alcaldias-de-desatencion-en-controles-de-precios-en-mercados\\\/\"]}]},{\"@type\":\"ImageObject\",\"inLanguage\":\"es\",\"@id\":\"https:\\\/\\\/www.eldiario.net\\\/portal\\\/2024\\\/06\\\/10\\\/acusan-a-alcaldias-de-desatencion-en-controles-de-precios-en-mercados\\\/#primaryimage\",\"url\":\"https:\\\/\\\/www.eldiario.net\\\/portal\\\/wp-content\\\/uploads\\\/2024\\\/06\\\/F-3-eco.jpg\",\"contentUrl\":\"https:\\\/\\\/www.eldiario.net\\\/portal\\\/wp-content\\\/uploads\\\/2024\\\/06\\\/F-3-eco.jpg\",\"width\":1040,\"height\":749,\"caption\":\"el Viceministro de Defensa de los Derechos del Usuario y Consumidor, Jorge Silva.\"},{\"@type\":\"BreadcrumbList\",\"@id\":\"https:\\\/\\\/www.eldiario.net\\\/portal\\\/2024\\\/06\\\/10\\\/acusan-a-alcaldias-de-desatencion-en-controles-de-precios-en-mercados\\\/#breadcrumb\",\"itemListElement\":[{\"@type\":\"ListItem\",\"position\":1,\"name\":\"Portada\",\"item\":\"https:\\\/\\\/www.eldiario.net\\\/portal\\\/\"},{\"@type\":\"ListItem\",\"position\":2,\"name\":\"Acusan a alcald\u00edas de desatenci\u00f3n en controles de precios en mercados\"}]},{\"@type\":\"WebSite\",\"@id\":\"https:\\\/\\\/www.eldiario.net\\\/portal\\\/#website\",\"url\":\"https:\\\/\\\/www.eldiario.net\\\/portal\\\/\",\"name\":\"El Diario - Decano de la prensa nacional\",\"description\":\"El Diario - Decano de la prensa nacional\",\"publisher\":{\"@id\":\"https:\\\/\\\/www.eldiario.net\\\/portal\\\/#organization\"},\"potentialAction\":[{\"@type\":\"SearchAction\",\"target\":{\"@type\":\"EntryPoint\",\"urlTemplate\":\"https:\\\/\\\/www.eldiario.net\\\/portal\\\/?s={search_term_string}\"},\"query-input\":{\"@type\":\"PropertyValueSpecification\",\"valueRequired\":true,\"valueName\":\"search_term_string\"}}],\"inLanguage\":\"es\"},{\"@type\":\"Organization\",\"@id\":\"https:\\\/\\\/www.eldiario.net\\\/portal\\\/#organization\",\"name\":\"El Diario - Decano de la prensa nacional\",\"url\":\"https:\\\/\\\/www.eldiario.net\\\/portal\\\/\",\"logo\":{\"@type\":\"ImageObject\",\"inLanguage\":\"es\",\"@id\":\"https:\\\/\\\/www.eldiario.net\\\/portal\\\/#\\\/schema\\\/logo\\\/image\\\/\",\"url\":\"https:\\\/\\\/www.eldiario.net\\\/portal\\\/wp-content\\\/uploads\\\/2023\\\/07\\\/logo_ED.jpg\",\"contentUrl\":\"https:\\\/\\\/www.eldiario.net\\\/portal\\\/wp-content\\\/uploads\\\/2023\\\/07\\\/logo_ED.jpg\",\"width\":272,\"height\":52,\"caption\":\"El Diario - Decano de la prensa nacional\"},\"image\":{\"@id\":\"https:\\\/\\\/www.eldiario.net\\\/portal\\\/#\\\/schema\\\/logo\\\/image\\\/\"},\"sameAs\":[\"https:\\\/\\\/www.facebook.com\\\/eldiario.bolivia\\\/\",\"https:\\\/\\\/x.com\\\/eldiario_net\"]},{\"@type\":\"Person\",\"@id\":\"https:\\\/\\\/www.eldiario.net\\\/portal\\\/#\\\/schema\\\/person\\\/f46445640444750d7d753ccd04ae01b7\",\"name\":\"Jeanette\",\"image\":{\"@type\":\"ImageObject\",\"inLanguage\":\"es\",\"@id\":\"https:\\\/\\\/secure.gravatar.com\\\/avatar\\\/3ea2118a5f7dad2b7138b1187a6b7ee55f160b9968b66013c3a3ef39dd7e5798?s=96&d=mm&r=g\",\"url\":\"https:\\\/\\\/secure.gravatar.com\\\/avatar\\\/3ea2118a5f7dad2b7138b1187a6b7ee55f160b9968b66013c3a3ef39dd7e5798?s=96&d=mm&r=g\",\"contentUrl\":\"https:\\\/\\\/secure.gravatar.com\\\/avatar\\\/3ea2118a5f7dad2b7138b1187a6b7ee55f160b9968b66013c3a3ef39dd7e5798?s=96&d=mm&r=g\",\"caption\":\"Jeanette\"},\"sameAs\":[\"https:\\\/\\\/www.eldiario.net\\\/portal\"],\"url\":\"https:\\\/\\\/www.eldiario.net\\\/portal\\\/author\\\/jeanette\\\/\"}]}<\/script>\n<!-- \/ Yoast SEO plugin. -->","yoast_head_json":{"title":"Acusan a alcald\u00edas de desatenci\u00f3n en controles de precios en mercados - El Diario - Bolivia","robots":{"index":"index","follow":"follow","max-snippet":"max-snippet:-1","max-image-preview":"max-image-preview:large","max-video-preview":"max-video-preview:-1"},"canonical":"https:\/\/www.eldiario.net\/portal\/2024\/06\/10\/acusan-a-alcaldias-de-desatencion-en-controles-de-precios-en-mercados\/","og_locale":"es_ES","og_type":"article","og_title":"Acusan a alcald\u00edas de desatenci\u00f3n en controles de precios en mercados - El Diario - Bolivia","og_description":"El viceministro de Defensa de los Derechos del Usuario y Consumidor, Jorge Silva, se\u00f1al\u00f3 que las instancias llamadas al control en los mercados son las alcald\u00edas y otras instancias gubernamentales; sin embargo, lament\u00f3 la indiferencia de las autoridades de los municipios para cumplir con ello. Adem\u00e1s, sostuvo que el precio de productos, como el tomate [&hellip;]","og_url":"https:\/\/www.eldiario.net\/portal\/2024\/06\/10\/acusan-a-alcaldias-de-desatencion-en-controles-de-precios-en-mercados\/","og_site_name":"El Diario - Bolivia","article_publisher":"https:\/\/www.facebook.com\/eldiario.bolivia\/","article_published_time":"2024-06-10T09:57:56+00:00","og_image":[{"width":1040,"height":749,"url":"https:\/\/www.eldiario.net\/portal\/wp-content\/uploads\/2024\/06\/F-3-eco.jpg","type":"image\/jpeg"}],"author":"Jeanette","twitter_card":"summary_large_image","twitter_creator":"@eldiario_net","twitter_site":"@eldiario_net","twitter_misc":{"Escrito por":"Jeanette","Tiempo de lectura":"3 minutos"},"schema":{"@context":"https:\/\/schema.org","@graph":[{"@type":"Article","@id":"https:\/\/www.eldiario.net\/portal\/2024\/06\/10\/acusan-a-alcaldias-de-desatencion-en-controles-de-precios-en-mercados\/#article","isPartOf":{"@id":"https:\/\/www.eldiario.net\/portal\/2024\/06\/10\/acusan-a-alcaldias-de-desatencion-en-controles-de-precios-en-mercados\/"},"author":{"name":"Jeanette","@id":"https:\/\/www.eldiario.net\/portal\/#\/schema\/person\/f46445640444750d7d753ccd04ae01b7"},"headline":"Acusan a alcald\u00edas de desatenci\u00f3n en controles de precios en mercados","datePublished":"2024-06-10T09:57:56+00:00","mainEntityOfPage":{"@id":"https:\/\/www.eldiario.net\/portal\/2024\/06\/10\/acusan-a-alcaldias-de-desatencion-en-controles-de-precios-en-mercados\/"},"wordCount":435,"commentCount":0,"publisher":{"@id":"https:\/\/www.eldiario.net\/portal\/#organization"},"image":{"@id":"https:\/\/www.eldiario.net\/portal\/2024\/06\/10\/acusan-a-alcaldias-de-desatencion-en-controles-de-precios-en-mercados\/#primaryimage"},"thumbnailUrl":"https:\/\/www.eldiario.net\/portal\/wp-content\/uploads\/2024\/06\/F-3-eco.jpg","articleSection":["Econom\u00eda"],"inLanguage":"es","potentialAction":[{"@type":"CommentAction","name":"Comment","target":["https:\/\/www.eldiario.net\/portal\/2024\/06\/10\/acusan-a-alcaldias-de-desatencion-en-controles-de-precios-en-mercados\/#respond"]}]},{"@type":"WebPage","@id":"https:\/\/www.eldiario.net\/portal\/2024\/06\/10\/acusan-a-alcaldias-de-desatencion-en-controles-de-precios-en-mercados\/","url":"https:\/\/www.eldiario.net\/portal\/2024\/06\/10\/acusan-a-alcaldias-de-desatencion-en-controles-de-precios-en-mercados\/","name":"Acusan a alcald\u00edas de desatenci\u00f3n en controles de precios en mercados - El Diario - Bolivia","isPartOf":{"@id":"https:\/\/www.eldiario.net\/portal\/#website"},"primaryImageOfPage":{"@id":"https:\/\/www.eldiario.net\/portal\/2024\/06\/10\/acusan-a-alcaldias-de-desatencion-en-controles-de-precios-en-mercados\/#primaryimage"},"image":{"@id":"https:\/\/www.eldiario.net\/portal\/2024\/06\/10\/acusan-a-alcaldias-de-desatencion-en-controles-de-precios-en-mercados\/#primaryimage"},"thumbnailUrl":"https:\/\/www.eldiario.net\/portal\/wp-content\/uploads\/2024\/06\/F-3-eco.jpg","datePublished":"2024-06-10T09:57:56+00:00","breadcrumb":{"@id":"https:\/\/www.eldiario.net\/portal\/2024\/06\/10\/acusan-a-alcaldias-de-desatencion-en-controles-de-precios-en-mercados\/#breadcrumb"},"inLanguage":"es","potentialAction":[{"@type":"ReadAction","target":["https:\/\/www.eldiario.net\/portal\/2024\/06\/10\/acusan-a-alcaldias-de-desatencion-en-controles-de-precios-en-mercados\/"]}]},{"@type":"ImageObject","inLanguage":"es","@id":"https:\/\/www.eldiario.net\/portal\/2024\/06\/10\/acusan-a-alcaldias-de-desatencion-en-controles-de-precios-en-mercados\/#primaryimage","url":"https:\/\/www.eldiario.net\/portal\/wp-content\/uploads\/2024\/06\/F-3-eco.jpg","contentUrl":"https:\/\/www.eldiario.net\/portal\/wp-content\/uploads\/2024\/06\/F-3-eco.jpg","width":1040,"height":749,"caption":"el Viceministro de Defensa de los Derechos del Usuario y Consumidor, Jorge Silva."},{"@type":"BreadcrumbList","@id":"https:\/\/www.eldiario.net\/portal\/2024\/06\/10\/acusan-a-alcaldias-de-desatencion-en-controles-de-precios-en-mercados\/#breadcrumb","itemListElement":[{"@type":"ListItem","position":1,"name":"Portada","item":"https:\/\/www.eldiario.net\/portal\/"},{"@type":"ListItem","position":2,"name":"Acusan a alcald\u00edas de desatenci\u00f3n en controles de precios en mercados"}]},{"@type":"WebSite","@id":"https:\/\/www.eldiario.net\/portal\/#website","url":"https:\/\/www.eldiario.net\/portal\/","name":"El Diario - Decano de la prensa nacional","description":"El Diario - Decano de la prensa nacional","publisher":{"@id":"https:\/\/www.eldiario.net\/portal\/#organization"},"potentialAction":[{"@type":"SearchAction","target":{"@type":"EntryPoint","urlTemplate":"https:\/\/www.eldiario.net\/portal\/?s={search_term_string}"},"query-input":{"@type":"PropertyValueSpecification","valueRequired":true,"valueName":"search_term_string"}}],"inLanguage":"es"},{"@type":"Organization","@id":"https:\/\/www.eldiario.net\/portal\/#organization","name":"El Diario - Decano de la prensa nacional","url":"https:\/\/www.eldiario.net\/portal\/","logo":{"@type":"ImageObject","inLanguage":"es","@id":"https:\/\/www.eldiario.net\/portal\/#\/schema\/logo\/image\/","url":"https:\/\/www.eldiario.net\/portal\/wp-content\/uploads\/2023\/07\/logo_ED.jpg","contentUrl":"https:\/\/www.eldiario.net\/portal\/wp-content\/uploads\/2023\/07\/logo_ED.jpg","width":272,"height":52,"caption":"El Diario - Decano de la prensa nacional"},"image":{"@id":"https:\/\/www.eldiario.net\/portal\/#\/schema\/logo\/image\/"},"sameAs":["https:\/\/www.facebook.com\/eldiario.bolivia\/","https:\/\/x.com\/eldiario_net"]},{"@type":"Person","@id":"https:\/\/www.eldiario.net\/portal\/#\/schema\/person\/f46445640444750d7d753ccd04ae01b7","name":"Jeanette","image":{"@type":"ImageObject","inLanguage":"es","@id":"https:\/\/secure.gravatar.com\/avatar\/3ea2118a5f7dad2b7138b1187a6b7ee55f160b9968b66013c3a3ef39dd7e5798?s=96&d=mm&r=g","url":"https:\/\/secure.gravatar.com\/avatar\/3ea2118a5f7dad2b7138b1187a6b7ee55f160b9968b66013c3a3ef39dd7e5798?s=96&d=mm&r=g","contentUrl":"https:\/\/secure.gravatar.com\/avatar\/3ea2118a5f7dad2b7138b1187a6b7ee55f160b9968b66013c3a3ef39dd7e5798?s=96&d=mm&r=g","caption":"Jeanette"},"sameAs":["https:\/\/www.eldiario.net\/portal"],"url":"https:\/\/www.eldiario.net\/portal\/author\/jeanette\/"}]}},"_links":{"self":[{"href":"https:\/\/www.eldiario.net\/portal\/wp-json\/wp\/v2\/posts\/226139","targetHints":{"allow":["GET"]}}],"collection":[{"href":"https:\/\/www.eldiario.net\/portal\/wp-json\/wp\/v2\/posts"}],"about":[{"href":"https:\/\/www.eldiario.net\/portal\/wp-json\/wp\/v2\/types\/post"}],"author":[{"embeddable":true,"href":"https:\/\/www.eldiario.net\/portal\/wp-json\/wp\/v2\/users\/1"}],"replies":[{"embeddable":true,"href":"https:\/\/www.eldiario.net\/portal\/wp-json\/wp\/v2\/comments?post=226139"}],"version-history":[{"count":1,"href":"https:\/\/www.eldiario.net\/portal\/wp-json\/wp\/v2\/posts\/226139\/revisions"}],"predecessor-version":[{"id":226141,"href":"https:\/\/www.eldiario.net\/portal\/wp-json\/wp\/v2\/posts\/226139\/revisions\/226141"}],"wp:featuredmedia":[{"embeddable":true,"href":"https:\/\/www.eldiario.net\/portal\/wp-json\/wp\/v2\/media\/226140"}],"wp:attachment":[{"href":"https:\/\/www.eldiario.net\/portal\/wp-json\/wp\/v2\/media?parent=226139"}],"wp:term":[{"taxonomy":"category","embeddable":true,"href":"https:\/\/www.eldiario.net\/portal\/wp-json\/wp\/v2\/categories?post=226139"},{"taxonomy":"post_tag","embeddable":true,"href":"https:\/\/www.eldiario.net\/portal\/wp-json\/wp\/v2\/tags?post=226139"}],"curies":[{"name":"wp","href":"https:\/\/api.w.org\/{rel}","templated":true}]}}