{"id":226032,"date":"2024-06-09T07:19:10","date_gmt":"2024-06-09T11:19:10","guid":{"rendered":"https:\/\/www.eldiario.net\/portal\/?p=226032"},"modified":"2024-06-09T07:19:10","modified_gmt":"2024-06-09T11:19:10","slug":"diabetes-sabias-que-puede-afectar-tu-salud-bucal","status":"publish","type":"post","link":"https:\/\/www.eldiario.net\/portal\/2024\/06\/09\/diabetes-sabias-que-puede-afectar-tu-salud-bucal\/","title":{"rendered":"DIABETES \u00bfSABIAS QUE PUEDE AFECTAR TU SALUD BUCAL?"},"content":{"rendered":"<p><strong>Dr. Franklin Novoa Flores \u2013 Especialista en Ortodoncia ortopedia &#8211; 72022459<\/strong><\/p>\n<p>La diabetes es una enfermedad cr\u00f3nica que afecta a millones de personas en todo el mundo se caracteriza por niveles elevados de az\u00facar en sangre lo que puede tener un impacto devastador en la salud general de una persona incluida la salud dental. La diabetes no solo aumenta el riesgo de enfermedades cardiovasculares, enfermedades renales y problemas de la vista, sino que tambi\u00e9n puede tener efectos negativos en la salud bucal.<\/p>\n<p>&nbsp;<\/p>\n<p>La persona con diabetes tiene un mayor riesgo de desarrollar enfermedades periodontales o de las enc\u00edas. La periodontitis que es una inflamaci\u00f3n cr\u00f3nica de las enc\u00edas puede llevar a la p\u00e9rdida del tejido \u00f3seo si no se trata adecuadamente dificultad al masticar y posterior a la perdida de dientes, tambi\u00e9n puede retrasar el proceso de cicatrizaci\u00f3n.<\/p>\n<p>&nbsp;<\/p>\n<p>Tambi\u00e9n tiene un mayor riesgo de desarrollar sequedad bucal ya que la enfermedad pueda afectar las gl\u00e1ndulas salivales y reducir la producci\u00f3n de saliva. La saliva es crucial muy importante para mantener la boca h\u00fameda y para ayudar a prevenir la acumulaci\u00f3n de placa bacteriana y la formaci\u00f3n de caries.<\/p>\n<p>&nbsp;<\/p>\n<p>Otro problema en com\u00fan en las personas con diabetes es la candidiasis oral una infecci\u00f3n por hongos que puede causar manchas blancas en la lengua y en el interior de las mejillas la diabetes puede afectar el equilibrio de los niveles de az\u00facar en la saliva lo que crea u ambiente propio para el crecimiento excesivo de hongos en la boca.<\/p>\n<p>&nbsp;<\/p>\n<p>Para prevenir problemas dentales relacionados con la diabetes es fundamental que las personas con esta enfermedad mantengan un estricto control de sus niveles de az\u00facar en la sangre y sigan una rutina de cuidado bucal regular. Esto incluye cepillarse los dientes al menos dos veces al d\u00eda, usar hilo dental diariamente visitar al dentista para chequeos regulares y limpiezas profesionales y mantener una dieta saludable y equilibrada.<\/p>\n<p>&nbsp;<\/p>\n<p>La diabetes puede tener un impacto significativo en la salud dental de una persona si no se controla adecuadamente peor a\u00fan si la persona fuma es crucial que las personas con diabetes tomen medidas preventivas para mantener una buena salud bucal y reducir el riesgo de desarrollar enfermedades dentales relacionadas con su condici\u00f3n m\u00e9dica.<\/p>\n<p>&nbsp;<\/p>\n<p>Trabajar en estrecha colaboraci\u00f3n con un equipo m\u00e9dico y dental puede ayudar a garantizar que el efecto de la diabetes en la salud bucal se mantenga al m\u00ednimo.<\/p>\n<p>&nbsp;<\/p>\n<p>&nbsp;<\/p>\n","protected":false},"excerpt":{"rendered":"<p>Dr. Franklin Novoa Flores \u2013 Especialista en Ortodoncia ortopedia &#8211; 72022459 La diabetes es una enfermedad cr\u00f3nica que afecta a millones de personas en todo el mundo se caracteriza por niveles elevados de az\u00facar en sangre lo que puede tener un impacto devastador en la salud general de una persona incluida la salud dental. La [&hellip;]<\/p>\n","protected":false},"author":1,"featured_media":226033,"comment_status":"open","ping_status":"open","sticky":false,"template":"","format":"standard","meta":{"_acf_changed":false,"footnotes":""},"categories":[52],"tags":[],"class_list":["post-226032","post","type-post","status-publish","format-standard","has-post-thumbnail","category-de-salud-mas-vida"],"acf":{"antetitulo":""},"yoast_head":"<!-- This site is optimized with the Yoast SEO plugin v28.4 - https:\/\/yoast.com\/product\/yoast-seo-wordpress\/ -->\n<title>DIABETES \u00bfSABIAS QUE PUEDE AFECTAR TU SALUD BUCAL? - El Diario - Bolivia<\/title>\n<meta name=\"robots\" content=\"index, follow, max-snippet:-1, max-image-preview:large, max-video-preview:-1\" \/>\n<link rel=\"canonical\" href=\"https:\/\/www.eldiario.net\/portal\/2024\/06\/09\/diabetes-sabias-que-puede-afectar-tu-salud-bucal\/\" \/>\n<meta property=\"og:locale\" content=\"es_ES\" \/>\n<meta property=\"og:type\" content=\"article\" \/>\n<meta property=\"og:title\" content=\"DIABETES \u00bfSABIAS QUE PUEDE AFECTAR TU SALUD BUCAL? - El Diario - Bolivia\" \/>\n<meta property=\"og:description\" content=\"Dr. Franklin Novoa Flores \u2013 Especialista en Ortodoncia ortopedia &#8211; 72022459 La diabetes es una enfermedad cr\u00f3nica que afecta a millones de personas en todo el mundo se caracteriza por niveles elevados de az\u00facar en sangre lo que puede tener un impacto devastador en la salud general de una persona incluida la salud dental. La [&hellip;]\" \/>\n<meta property=\"og:url\" content=\"https:\/\/www.eldiario.net\/portal\/2024\/06\/09\/diabetes-sabias-que-puede-afectar-tu-salud-bucal\/\" \/>\n<meta property=\"og:site_name\" content=\"El Diario - Bolivia\" \/>\n<meta property=\"article:publisher\" content=\"https:\/\/www.facebook.com\/eldiario.bolivia\/\" \/>\n<meta property=\"article:published_time\" content=\"2024-06-09T11:19:10+00:00\" \/>\n<meta property=\"og:image\" content=\"https:\/\/www.eldiario.net\/portal\/wp-content\/uploads\/2024\/06\/DIABETES-\u00bfSABIAS-QUE-PUEDE-AFECTAR-TU-SALUD-BUCAL.jpg\" \/>\n\t<meta property=\"og:image:width\" content=\"637\" \/>\n\t<meta property=\"og:image:height\" content=\"442\" \/>\n\t<meta property=\"og:image:type\" content=\"image\/jpeg\" \/>\n<meta name=\"author\" content=\"Jeanette\" \/>\n<meta name=\"twitter:card\" content=\"summary_large_image\" \/>\n<meta name=\"twitter:creator\" content=\"@eldiario_net\" \/>\n<meta name=\"twitter:site\" content=\"@eldiario_net\" \/>\n<meta name=\"twitter:label1\" content=\"Escrito por\" \/>\n\t<meta name=\"twitter:data1\" content=\"Jeanette\" \/>\n\t<meta name=\"twitter:label2\" content=\"Tiempo de lectura\" \/>\n\t<meta name=\"twitter:data2\" content=\"3 minutos\" \/>\n<script type=\"application\/ld+json\" class=\"yoast-schema-graph\">{\"@context\":\"https:\\\/\\\/schema.org\",\"@graph\":[{\"@type\":\"Article\",\"@id\":\"https:\\\/\\\/www.eldiario.net\\\/portal\\\/2024\\\/06\\\/09\\\/diabetes-sabias-que-puede-afectar-tu-salud-bucal\\\/#article\",\"isPartOf\":{\"@id\":\"https:\\\/\\\/www.eldiario.net\\\/portal\\\/2024\\\/06\\\/09\\\/diabetes-sabias-que-puede-afectar-tu-salud-bucal\\\/\"},\"author\":{\"name\":\"Jeanette\",\"@id\":\"https:\\\/\\\/www.eldiario.net\\\/portal\\\/#\\\/schema\\\/person\\\/2c57cf2b7a7ae032e449e4c9b1019eac\"},\"headline\":\"DIABETES \u00bfSABIAS QUE PUEDE AFECTAR TU SALUD BUCAL?\",\"datePublished\":\"2024-06-09T11:19:10+00:00\",\"mainEntityOfPage\":{\"@id\":\"https:\\\/\\\/www.eldiario.net\\\/portal\\\/2024\\\/06\\\/09\\\/diabetes-sabias-que-puede-afectar-tu-salud-bucal\\\/\"},\"wordCount\":439,\"commentCount\":0,\"publisher\":{\"@id\":\"https:\\\/\\\/www.eldiario.net\\\/portal\\\/#organization\"},\"image\":{\"@id\":\"https:\\\/\\\/www.eldiario.net\\\/portal\\\/2024\\\/06\\\/09\\\/diabetes-sabias-que-puede-afectar-tu-salud-bucal\\\/#primaryimage\"},\"thumbnailUrl\":\"https:\\\/\\\/www.eldiario.net\\\/portal\\\/wp-content\\\/uploads\\\/2024\\\/06\\\/DIABETES-\u00bfSABIAS-QUE-PUEDE-AFECTAR-TU-SALUD-BUCAL.jpg\",\"articleSection\":[\"De Salud + vida\"],\"inLanguage\":\"es\",\"potentialAction\":[{\"@type\":\"CommentAction\",\"name\":\"Comment\",\"target\":[\"https:\\\/\\\/www.eldiario.net\\\/portal\\\/2024\\\/06\\\/09\\\/diabetes-sabias-que-puede-afectar-tu-salud-bucal\\\/#respond\"]}]},{\"@type\":\"WebPage\",\"@id\":\"https:\\\/\\\/www.eldiario.net\\\/portal\\\/2024\\\/06\\\/09\\\/diabetes-sabias-que-puede-afectar-tu-salud-bucal\\\/\",\"url\":\"https:\\\/\\\/www.eldiario.net\\\/portal\\\/2024\\\/06\\\/09\\\/diabetes-sabias-que-puede-afectar-tu-salud-bucal\\\/\",\"name\":\"DIABETES \u00bfSABIAS QUE PUEDE AFECTAR TU SALUD BUCAL? - El Diario - Bolivia\",\"isPartOf\":{\"@id\":\"https:\\\/\\\/www.eldiario.net\\\/portal\\\/#website\"},\"primaryImageOfPage\":{\"@id\":\"https:\\\/\\\/www.eldiario.net\\\/portal\\\/2024\\\/06\\\/09\\\/diabetes-sabias-que-puede-afectar-tu-salud-bucal\\\/#primaryimage\"},\"image\":{\"@id\":\"https:\\\/\\\/www.eldiario.net\\\/portal\\\/2024\\\/06\\\/09\\\/diabetes-sabias-que-puede-afectar-tu-salud-bucal\\\/#primaryimage\"},\"thumbnailUrl\":\"https:\\\/\\\/www.eldiario.net\\\/portal\\\/wp-content\\\/uploads\\\/2024\\\/06\\\/DIABETES-\u00bfSABIAS-QUE-PUEDE-AFECTAR-TU-SALUD-BUCAL.jpg\",\"datePublished\":\"2024-06-09T11:19:10+00:00\",\"breadcrumb\":{\"@id\":\"https:\\\/\\\/www.eldiario.net\\\/portal\\\/2024\\\/06\\\/09\\\/diabetes-sabias-que-puede-afectar-tu-salud-bucal\\\/#breadcrumb\"},\"inLanguage\":\"es\",\"potentialAction\":[{\"@type\":\"ReadAction\",\"target\":[\"https:\\\/\\\/www.eldiario.net\\\/portal\\\/2024\\\/06\\\/09\\\/diabetes-sabias-que-puede-afectar-tu-salud-bucal\\\/\"]}]},{\"@type\":\"ImageObject\",\"inLanguage\":\"es\",\"@id\":\"https:\\\/\\\/www.eldiario.net\\\/portal\\\/2024\\\/06\\\/09\\\/diabetes-sabias-que-puede-afectar-tu-salud-bucal\\\/#primaryimage\",\"url\":\"https:\\\/\\\/www.eldiario.net\\\/portal\\\/wp-content\\\/uploads\\\/2024\\\/06\\\/DIABETES-\u00bfSABIAS-QUE-PUEDE-AFECTAR-TU-SALUD-BUCAL.jpg\",\"contentUrl\":\"https:\\\/\\\/www.eldiario.net\\\/portal\\\/wp-content\\\/uploads\\\/2024\\\/06\\\/DIABETES-\u00bfSABIAS-QUE-PUEDE-AFECTAR-TU-SALUD-BUCAL.jpg\",\"width\":637,\"height\":442},{\"@type\":\"BreadcrumbList\",\"@id\":\"https:\\\/\\\/www.eldiario.net\\\/portal\\\/2024\\\/06\\\/09\\\/diabetes-sabias-que-puede-afectar-tu-salud-bucal\\\/#breadcrumb\",\"itemListElement\":[{\"@type\":\"ListItem\",\"position\":1,\"name\":\"Portada\",\"item\":\"https:\\\/\\\/www.eldiario.net\\\/portal\\\/\"},{\"@type\":\"ListItem\",\"position\":2,\"name\":\"DIABETES \u00bfSABIAS QUE PUEDE AFECTAR TU SALUD BUCAL?\"}]},{\"@type\":\"WebSite\",\"@id\":\"https:\\\/\\\/www.eldiario.net\\\/portal\\\/#website\",\"url\":\"https:\\\/\\\/www.eldiario.net\\\/portal\\\/\",\"name\":\"El Diario - Decano de la prensa nacional\",\"description\":\"El Diario - Decano de la prensa nacional\",\"publisher\":{\"@id\":\"https:\\\/\\\/www.eldiario.net\\\/portal\\\/#organization\"},\"potentialAction\":[{\"@type\":\"SearchAction\",\"target\":{\"@type\":\"EntryPoint\",\"urlTemplate\":\"https:\\\/\\\/www.eldiario.net\\\/portal\\\/?s={search_term_string}\"},\"query-input\":{\"@type\":\"PropertyValueSpecification\",\"valueRequired\":true,\"valueName\":\"search_term_string\"}}],\"inLanguage\":\"es\"},{\"@type\":\"Organization\",\"@id\":\"https:\\\/\\\/www.eldiario.net\\\/portal\\\/#organization\",\"name\":\"El Diario - Decano de la prensa nacional\",\"url\":\"https:\\\/\\\/www.eldiario.net\\\/portal\\\/\",\"logo\":{\"@type\":\"ImageObject\",\"inLanguage\":\"es\",\"@id\":\"https:\\\/\\\/www.eldiario.net\\\/portal\\\/#\\\/schema\\\/logo\\\/image\\\/\",\"url\":\"https:\\\/\\\/www.eldiario.net\\\/portal\\\/wp-content\\\/uploads\\\/2023\\\/07\\\/logo_ED.jpg\",\"contentUrl\":\"https:\\\/\\\/www.eldiario.net\\\/portal\\\/wp-content\\\/uploads\\\/2023\\\/07\\\/logo_ED.jpg\",\"width\":272,\"height\":52,\"caption\":\"El Diario - Decano de la prensa nacional\"},\"image\":{\"@id\":\"https:\\\/\\\/www.eldiario.net\\\/portal\\\/#\\\/schema\\\/logo\\\/image\\\/\"},\"sameAs\":[\"https:\\\/\\\/www.facebook.com\\\/eldiario.bolivia\\\/\",\"https:\\\/\\\/x.com\\\/eldiario_net\"]},{\"@type\":\"Person\",\"@id\":\"https:\\\/\\\/www.eldiario.net\\\/portal\\\/#\\\/schema\\\/person\\\/2c57cf2b7a7ae032e449e4c9b1019eac\",\"name\":\"Jeanette\",\"image\":{\"@type\":\"ImageObject\",\"inLanguage\":\"es\",\"@id\":\"https:\\\/\\\/secure.gravatar.com\\\/avatar\\\/3ea2118a5f7dad2b7138b1187a6b7ee55f160b9968b66013c3a3ef39dd7e5798?s=96&d=mm&r=g\",\"url\":\"https:\\\/\\\/secure.gravatar.com\\\/avatar\\\/3ea2118a5f7dad2b7138b1187a6b7ee55f160b9968b66013c3a3ef39dd7e5798?s=96&d=mm&r=g\",\"contentUrl\":\"https:\\\/\\\/secure.gravatar.com\\\/avatar\\\/3ea2118a5f7dad2b7138b1187a6b7ee55f160b9968b66013c3a3ef39dd7e5798?s=96&d=mm&r=g\",\"caption\":\"Jeanette\"},\"sameAs\":[\"https:\\\/\\\/www.eldiario.net\\\/portal\"],\"url\":\"https:\\\/\\\/www.eldiario.net\\\/portal\\\/author\\\/jeanette\\\/\"}]}<\/script>\n<!-- \/ Yoast SEO plugin. -->","yoast_head_json":{"title":"DIABETES \u00bfSABIAS QUE PUEDE AFECTAR TU SALUD BUCAL? - El Diario - Bolivia","robots":{"index":"index","follow":"follow","max-snippet":"max-snippet:-1","max-image-preview":"max-image-preview:large","max-video-preview":"max-video-preview:-1"},"canonical":"https:\/\/www.eldiario.net\/portal\/2024\/06\/09\/diabetes-sabias-que-puede-afectar-tu-salud-bucal\/","og_locale":"es_ES","og_type":"article","og_title":"DIABETES \u00bfSABIAS QUE PUEDE AFECTAR TU SALUD BUCAL? - El Diario - Bolivia","og_description":"Dr. Franklin Novoa Flores \u2013 Especialista en Ortodoncia ortopedia &#8211; 72022459 La diabetes es una enfermedad cr\u00f3nica que afecta a millones de personas en todo el mundo se caracteriza por niveles elevados de az\u00facar en sangre lo que puede tener un impacto devastador en la salud general de una persona incluida la salud dental. La [&hellip;]","og_url":"https:\/\/www.eldiario.net\/portal\/2024\/06\/09\/diabetes-sabias-que-puede-afectar-tu-salud-bucal\/","og_site_name":"El Diario - Bolivia","article_publisher":"https:\/\/www.facebook.com\/eldiario.bolivia\/","article_published_time":"2024-06-09T11:19:10+00:00","og_image":[{"width":637,"height":442,"url":"https:\/\/www.eldiario.net\/portal\/wp-content\/uploads\/2024\/06\/DIABETES-\u00bfSABIAS-QUE-PUEDE-AFECTAR-TU-SALUD-BUCAL.jpg","type":"image\/jpeg"}],"author":"Jeanette","twitter_card":"summary_large_image","twitter_creator":"@eldiario_net","twitter_site":"@eldiario_net","twitter_misc":{"Escrito por":"Jeanette","Tiempo de lectura":"3 minutos"},"schema":{"@context":"https:\/\/schema.org","@graph":[{"@type":"Article","@id":"https:\/\/www.eldiario.net\/portal\/2024\/06\/09\/diabetes-sabias-que-puede-afectar-tu-salud-bucal\/#article","isPartOf":{"@id":"https:\/\/www.eldiario.net\/portal\/2024\/06\/09\/diabetes-sabias-que-puede-afectar-tu-salud-bucal\/"},"author":{"name":"Jeanette","@id":"https:\/\/www.eldiario.net\/portal\/#\/schema\/person\/2c57cf2b7a7ae032e449e4c9b1019eac"},"headline":"DIABETES \u00bfSABIAS QUE PUEDE AFECTAR TU SALUD BUCAL?","datePublished":"2024-06-09T11:19:10+00:00","mainEntityOfPage":{"@id":"https:\/\/www.eldiario.net\/portal\/2024\/06\/09\/diabetes-sabias-que-puede-afectar-tu-salud-bucal\/"},"wordCount":439,"commentCount":0,"publisher":{"@id":"https:\/\/www.eldiario.net\/portal\/#organization"},"image":{"@id":"https:\/\/www.eldiario.net\/portal\/2024\/06\/09\/diabetes-sabias-que-puede-afectar-tu-salud-bucal\/#primaryimage"},"thumbnailUrl":"https:\/\/www.eldiario.net\/portal\/wp-content\/uploads\/2024\/06\/DIABETES-\u00bfSABIAS-QUE-PUEDE-AFECTAR-TU-SALUD-BUCAL.jpg","articleSection":["De Salud + vida"],"inLanguage":"es","potentialAction":[{"@type":"CommentAction","name":"Comment","target":["https:\/\/www.eldiario.net\/portal\/2024\/06\/09\/diabetes-sabias-que-puede-afectar-tu-salud-bucal\/#respond"]}]},{"@type":"WebPage","@id":"https:\/\/www.eldiario.net\/portal\/2024\/06\/09\/diabetes-sabias-que-puede-afectar-tu-salud-bucal\/","url":"https:\/\/www.eldiario.net\/portal\/2024\/06\/09\/diabetes-sabias-que-puede-afectar-tu-salud-bucal\/","name":"DIABETES \u00bfSABIAS QUE PUEDE AFECTAR TU SALUD BUCAL? - El Diario - Bolivia","isPartOf":{"@id":"https:\/\/www.eldiario.net\/portal\/#website"},"primaryImageOfPage":{"@id":"https:\/\/www.eldiario.net\/portal\/2024\/06\/09\/diabetes-sabias-que-puede-afectar-tu-salud-bucal\/#primaryimage"},"image":{"@id":"https:\/\/www.eldiario.net\/portal\/2024\/06\/09\/diabetes-sabias-que-puede-afectar-tu-salud-bucal\/#primaryimage"},"thumbnailUrl":"https:\/\/www.eldiario.net\/portal\/wp-content\/uploads\/2024\/06\/DIABETES-\u00bfSABIAS-QUE-PUEDE-AFECTAR-TU-SALUD-BUCAL.jpg","datePublished":"2024-06-09T11:19:10+00:00","breadcrumb":{"@id":"https:\/\/www.eldiario.net\/portal\/2024\/06\/09\/diabetes-sabias-que-puede-afectar-tu-salud-bucal\/#breadcrumb"},"inLanguage":"es","potentialAction":[{"@type":"ReadAction","target":["https:\/\/www.eldiario.net\/portal\/2024\/06\/09\/diabetes-sabias-que-puede-afectar-tu-salud-bucal\/"]}]},{"@type":"ImageObject","inLanguage":"es","@id":"https:\/\/www.eldiario.net\/portal\/2024\/06\/09\/diabetes-sabias-que-puede-afectar-tu-salud-bucal\/#primaryimage","url":"https:\/\/www.eldiario.net\/portal\/wp-content\/uploads\/2024\/06\/DIABETES-\u00bfSABIAS-QUE-PUEDE-AFECTAR-TU-SALUD-BUCAL.jpg","contentUrl":"https:\/\/www.eldiario.net\/portal\/wp-content\/uploads\/2024\/06\/DIABETES-\u00bfSABIAS-QUE-PUEDE-AFECTAR-TU-SALUD-BUCAL.jpg","width":637,"height":442},{"@type":"BreadcrumbList","@id":"https:\/\/www.eldiario.net\/portal\/2024\/06\/09\/diabetes-sabias-que-puede-afectar-tu-salud-bucal\/#breadcrumb","itemListElement":[{"@type":"ListItem","position":1,"name":"Portada","item":"https:\/\/www.eldiario.net\/portal\/"},{"@type":"ListItem","position":2,"name":"DIABETES \u00bfSABIAS QUE PUEDE AFECTAR TU SALUD BUCAL?"}]},{"@type":"WebSite","@id":"https:\/\/www.eldiario.net\/portal\/#website","url":"https:\/\/www.eldiario.net\/portal\/","name":"El Diario - Decano de la prensa nacional","description":"El Diario - Decano de la prensa nacional","publisher":{"@id":"https:\/\/www.eldiario.net\/portal\/#organization"},"potentialAction":[{"@type":"SearchAction","target":{"@type":"EntryPoint","urlTemplate":"https:\/\/www.eldiario.net\/portal\/?s={search_term_string}"},"query-input":{"@type":"PropertyValueSpecification","valueRequired":true,"valueName":"search_term_string"}}],"inLanguage":"es"},{"@type":"Organization","@id":"https:\/\/www.eldiario.net\/portal\/#organization","name":"El Diario - Decano de la prensa nacional","url":"https:\/\/www.eldiario.net\/portal\/","logo":{"@type":"ImageObject","inLanguage":"es","@id":"https:\/\/www.eldiario.net\/portal\/#\/schema\/logo\/image\/","url":"https:\/\/www.eldiario.net\/portal\/wp-content\/uploads\/2023\/07\/logo_ED.jpg","contentUrl":"https:\/\/www.eldiario.net\/portal\/wp-content\/uploads\/2023\/07\/logo_ED.jpg","width":272,"height":52,"caption":"El Diario - Decano de la prensa nacional"},"image":{"@id":"https:\/\/www.eldiario.net\/portal\/#\/schema\/logo\/image\/"},"sameAs":["https:\/\/www.facebook.com\/eldiario.bolivia\/","https:\/\/x.com\/eldiario_net"]},{"@type":"Person","@id":"https:\/\/www.eldiario.net\/portal\/#\/schema\/person\/2c57cf2b7a7ae032e449e4c9b1019eac","name":"Jeanette","image":{"@type":"ImageObject","inLanguage":"es","@id":"https:\/\/secure.gravatar.com\/avatar\/3ea2118a5f7dad2b7138b1187a6b7ee55f160b9968b66013c3a3ef39dd7e5798?s=96&d=mm&r=g","url":"https:\/\/secure.gravatar.com\/avatar\/3ea2118a5f7dad2b7138b1187a6b7ee55f160b9968b66013c3a3ef39dd7e5798?s=96&d=mm&r=g","contentUrl":"https:\/\/secure.gravatar.com\/avatar\/3ea2118a5f7dad2b7138b1187a6b7ee55f160b9968b66013c3a3ef39dd7e5798?s=96&d=mm&r=g","caption":"Jeanette"},"sameAs":["https:\/\/www.eldiario.net\/portal"],"url":"https:\/\/www.eldiario.net\/portal\/author\/jeanette\/"}]}},"_links":{"self":[{"href":"https:\/\/www.eldiario.net\/portal\/wp-json\/wp\/v2\/posts\/226032","targetHints":{"allow":["GET"]}}],"collection":[{"href":"https:\/\/www.eldiario.net\/portal\/wp-json\/wp\/v2\/posts"}],"about":[{"href":"https:\/\/www.eldiario.net\/portal\/wp-json\/wp\/v2\/types\/post"}],"author":[{"embeddable":true,"href":"https:\/\/www.eldiario.net\/portal\/wp-json\/wp\/v2\/users\/1"}],"replies":[{"embeddable":true,"href":"https:\/\/www.eldiario.net\/portal\/wp-json\/wp\/v2\/comments?post=226032"}],"version-history":[{"count":1,"href":"https:\/\/www.eldiario.net\/portal\/wp-json\/wp\/v2\/posts\/226032\/revisions"}],"predecessor-version":[{"id":226034,"href":"https:\/\/www.eldiario.net\/portal\/wp-json\/wp\/v2\/posts\/226032\/revisions\/226034"}],"wp:featuredmedia":[{"embeddable":true,"href":"https:\/\/www.eldiario.net\/portal\/wp-json\/wp\/v2\/media\/226033"}],"wp:attachment":[{"href":"https:\/\/www.eldiario.net\/portal\/wp-json\/wp\/v2\/media?parent=226032"}],"wp:term":[{"taxonomy":"category","embeddable":true,"href":"https:\/\/www.eldiario.net\/portal\/wp-json\/wp\/v2\/categories?post=226032"},{"taxonomy":"post_tag","embeddable":true,"href":"https:\/\/www.eldiario.net\/portal\/wp-json\/wp\/v2\/tags?post=226032"}],"curies":[{"name":"wp","href":"https:\/\/api.w.org\/{rel}","templated":true}]}}