{"id":226024,"date":"2024-06-09T07:17:43","date_gmt":"2024-06-09T11:17:43","guid":{"rendered":"https:\/\/www.eldiario.net\/portal\/?p=226024"},"modified":"2024-06-09T07:17:43","modified_gmt":"2024-06-09T11:17:43","slug":"hemiplejia-en-el-adulto-mayor","status":"publish","type":"post","link":"https:\/\/www.eldiario.net\/portal\/2024\/06\/09\/hemiplejia-en-el-adulto-mayor\/","title":{"rendered":"HEMIPLEJIA EN EL ADULTO MAYOR"},"content":{"rendered":"<p>Lic. Jaime Julio Ticona Pardo &#8211; Fisioterapeuta Kinesi\u00f3logo &#8211; UMSA\u00a0\u00a0 Ref. 72556224<\/p>\n<p><strong>Causas<\/strong><\/p>\n<p>La fragilidad, la debilidad muscular, la p\u00e9rdida del campo visual, los problemas osteoarticulares, las alteraciones posturales, e incluso la fatiga, pueden llegar a causar diversas lesiones en el adulto mayor, producto muchas veces de ca\u00eddas o accidentes fortuitos, una de las lesiones m\u00e1s frecuentes entre traumatismos craneales y otros similares, es el accidente cerebrovascular o A.C.V.; sin dejar de lado las enfermedades de la espina dorsal o de los hemisferios cerebrales.<\/p>\n<p><strong>Riesgos<\/strong><\/p>\n<p>El A.C.V. alcanza a interrumpir el riego sangu\u00edneo en el cerebro, la zona comprometida (generalmente en uno de los hemisferios cerebrales), produciendo una necrosis (muerte del tejido cerebral), cuyo resultado final es la hemiplej\u00eda.<\/p>\n<p><strong>\u00bfQu\u00e9 es la hemiplejia?<\/strong><\/p>\n<p>La hemiplejia es una par\u00e1lisis total o parcial de un lado del cuerpo, misma que puede derivar en una Hemiplejia derecha o Hemiplejia izquierda. Seg\u00fan la lesi\u00f3n del hemisferio afectado, que normalmente es el lado contralateral.<\/p>\n<p><strong>Incidencia<\/strong><\/p>\n<p>Si bien ya hemos visto que existen hemiplejias derechas e izquierdas, la mayor incidencia de hemiplejias se dan en el hemicuerpo izquierdo, por la afecci\u00f3n del hemisferio cerebral derecho, el mismo se asocia con la conducta y el razonamiento espacial, que provoca la dificultad de dibujar o ensamblar objetos.<\/p>\n<p><strong>\u00bfQu\u00e9 tipos de hemiplejia existen?<\/strong><\/p>\n<p>Existen diversas clasificaciones, pero referiremos a cuatro de las principales como ser:<\/p>\n<p><strong>Hemiplejia esp\u00e1stica:<\/strong> En donde predomina la rigidez muscular y la presencia de espasmos involuntario, debido al da\u00f1o en el sistema nervioso central, dificultando la movilidad y coordinaci\u00f3n.<\/p>\n<p><strong>Hemiplejia fl\u00e1cida: \u00a0<\/strong>En donde predomina la flacidez muscular, existe perdida de los reflejos y podr\u00eda existir as\u00ed mismo una par\u00e1lisis facial de origen central.<\/p>\n<p><strong>Hemiplejia cerebral:<\/strong> Originada por una lesi\u00f3n cerebral.<\/p>\n<p><strong>Hemiplejia espinal:<\/strong> Originada a ra\u00edz de una lesi\u00f3n en la columna.<\/p>\n<p><strong>Tratamiento<\/strong><\/p>\n<p>Previo a las evaluaciones por la correspondiente especialidad de Neurolog\u00eda, as\u00ed mismo por el medico Fisiatra y el Fisioterapeuta Kinesi\u00f3logo, el tratamiento habitual para esta afecci\u00f3n estar\u00e1 enfocado en la FISIOTERAPIA NEUROLOGICA O NEUROKINESICA, la cual, mediante diferentes t\u00e9cnicas y m\u00e9todos, como ser la Facilitaci\u00f3n Neuromuscular Propioceptiva o F.N.P., El m\u00e9todo Brunnstrom y la terapia Bobath entre muchos. Los mismos ser\u00e1n aplicados por el profesional Fisioterapeuta de acuerdo a las necesidades y los requerimientos del paciente, as\u00ed mismo ello depender\u00e1 del plan de tratamiento y su avance.<\/p>\n<p>\u201cEL MOVIMIENTO ES PARTE ESENCIAL PARA MANTENER UNA VIDA ACTIVA\u201d<\/p>\n\r\n                <style type=\"text\/css\">\r\n                    \r\n                    #tdi_1  .td-doubleSlider-2 .td-item1 {\r\n                        background: url(https:\/\/www.eldiario.net\/portal\/wp-content\/uploads\/2024\/06\/HEMIPLEJIA-EN-EL-ADULTO-MAYOR-\u2013-Parte-uno-2-80x60.jpg) 0 0 no-repeat;\r\n                    }\r\n                    #tdi_1  .td-doubleSlider-2 .td-item2 {\r\n                        background: url(https:\/\/www.eldiario.net\/portal\/wp-content\/uploads\/2024\/06\/HEMIPLEJIA-EN-EL-ADULTO-MAYOR-\u2013-Parte-uno-3-80x60.jpg) 0 0 no-repeat;\r\n                    }\r\n                    #tdi_1  .td-doubleSlider-2 .td-item3 {\r\n                        background: url(https:\/\/www.eldiario.net\/portal\/wp-content\/uploads\/2024\/06\/HEMIPLEJIA-EN-EL-ADULTO-MAYOR-\u2013-Parte-uno-80x60.jpg) 0 0 no-repeat;\r\n                    }\r\n                <\/style>\r\n\r\n                <div id=\"tdi_1\" class=\"td-gallery td-slide-on-2-columns\">\r\n                    <div class=\"post_td_gallery\">\r\n                        <div class=\"td-gallery-slide-top\">\r\n                           <div class=\"td-gallery-title\"><\/div>\r\n\r\n                            <div class=\"td-gallery-controls-wrapper\">\r\n                                <div class=\"td-gallery-slide-count\"><span class=\"td-gallery-slide-item-focus\">1<\/span> de 3<\/div>\r\n                                <div class=\"td-gallery-slide-prev-next-but\">\r\n                                    <i class = \"td-icon-left doubleSliderPrevButton\"><\/i>\r\n                                    <i class = \"td-icon-right doubleSliderNextButton\"><\/i>\r\n                                <\/div>\r\n                            <\/div>\r\n                        <\/div>\r\n\r\n                        <div class = \"td-doubleSlider-1 \">\r\n                            <div class = \"td-slider\">\r\n                                \r\n                    <div class = \"td-slide-item td-item1\">\r\n                        <figure class=\"td-slide-galery-figure td-slide-popup-gallery\">\r\n                            <a class=\"slide-gallery-image-link\" href=\"https:\/\/www.eldiario.net\/portal\/wp-content\/uploads\/2024\/06\/HEMIPLEJIA-EN-EL-ADULTO-MAYOR-\u2013-Parte-uno-2.jpg\" title=\"HEMIPLEJIA-EN-EL-ADULTO-MAYOR-\u2013-Parte-uno-(2)\"  data-caption=\"\"  data-description=\"\">\r\n                                <img decoding=\"async\" src=\"https:\/\/www.eldiario.net\/portal\/wp-content\/uploads\/2024\/06\/HEMIPLEJIA-EN-EL-ADULTO-MAYOR-\u2013-Parte-uno-2-746x420.jpg\" srcset=\"https:\/\/www.eldiario.net\/portal\/wp-content\/uploads\/2024\/06\/HEMIPLEJIA-EN-EL-ADULTO-MAYOR-\u2013-Parte-uno-2-746x420.jpg 746w, https:\/\/www.eldiario.net\/portal\/wp-content\/uploads\/2024\/06\/HEMIPLEJIA-EN-EL-ADULTO-MAYOR-\u2013-Parte-uno-2-300x169.jpg 300w, https:\/\/www.eldiario.net\/portal\/wp-content\/uploads\/2024\/06\/HEMIPLEJIA-EN-EL-ADULTO-MAYOR-\u2013-Parte-uno-2-1024x577.jpg 1024w, https:\/\/www.eldiario.net\/portal\/wp-content\/uploads\/2024\/06\/HEMIPLEJIA-EN-EL-ADULTO-MAYOR-\u2013-Parte-uno-2-768x432.jpg 768w, https:\/\/www.eldiario.net\/portal\/wp-content\/uploads\/2024\/06\/HEMIPLEJIA-EN-EL-ADULTO-MAYOR-\u2013-Parte-uno-2-696x392.jpg 696w, https:\/\/www.eldiario.net\/portal\/wp-content\/uploads\/2024\/06\/HEMIPLEJIA-EN-EL-ADULTO-MAYOR-\u2013-Parte-uno-2-1068x601.jpg 1068w, https:\/\/www.eldiario.net\/portal\/wp-content\/uploads\/2024\/06\/HEMIPLEJIA-EN-EL-ADULTO-MAYOR-\u2013-Parte-uno-2.jpg 1332w\" sizes=\"(max-width: 746px) 100vw, 746px\" alt=\"\">\r\n                            <\/a>\r\n                            \r\n                        <\/figure>\r\n                    <\/div>\r\n                    <div class = \"td-slide-item td-item2\">\r\n                        <figure class=\"td-slide-galery-figure td-slide-popup-gallery\">\r\n                            <a class=\"slide-gallery-image-link\" href=\"https:\/\/www.eldiario.net\/portal\/wp-content\/uploads\/2024\/06\/HEMIPLEJIA-EN-EL-ADULTO-MAYOR-\u2013-Parte-uno-3.jpg\" title=\"HEMIPLEJIA-EN-EL-ADULTO-MAYOR-\u2013-Parte-uno-(3)\"  data-caption=\"\"  data-description=\"\">\r\n                                <img decoding=\"async\" src=\"https:\/\/www.eldiario.net\/portal\/wp-content\/uploads\/2024\/06\/HEMIPLEJIA-EN-EL-ADULTO-MAYOR-\u2013-Parte-uno-3-682x420.jpg\" srcset=\"https:\/\/www.eldiario.net\/portal\/wp-content\/uploads\/2024\/06\/HEMIPLEJIA-EN-EL-ADULTO-MAYOR-\u2013-Parte-uno-3-682x420.jpg 682w, https:\/\/www.eldiario.net\/portal\/wp-content\/uploads\/2024\/06\/HEMIPLEJIA-EN-EL-ADULTO-MAYOR-\u2013-Parte-uno-3-300x185.jpg 300w, https:\/\/www.eldiario.net\/portal\/wp-content\/uploads\/2024\/06\/HEMIPLEJIA-EN-EL-ADULTO-MAYOR-\u2013-Parte-uno-3-1024x631.jpg 1024w, https:\/\/www.eldiario.net\/portal\/wp-content\/uploads\/2024\/06\/HEMIPLEJIA-EN-EL-ADULTO-MAYOR-\u2013-Parte-uno-3-768x473.jpg 768w, https:\/\/www.eldiario.net\/portal\/wp-content\/uploads\/2024\/06\/HEMIPLEJIA-EN-EL-ADULTO-MAYOR-\u2013-Parte-uno-3-696x429.jpg 696w, https:\/\/www.eldiario.net\/portal\/wp-content\/uploads\/2024\/06\/HEMIPLEJIA-EN-EL-ADULTO-MAYOR-\u2013-Parte-uno-3.jpg 1060w\" sizes=\"(max-width: 682px) 100vw, 682px\" alt=\"\">\r\n                            <\/a>\r\n                            \r\n                        <\/figure>\r\n                    <\/div>\r\n                    <div class = \"td-slide-item td-item3\">\r\n                        <figure class=\"td-slide-galery-figure td-slide-popup-gallery\">\r\n                            <a class=\"slide-gallery-image-link\" href=\"https:\/\/www.eldiario.net\/portal\/wp-content\/uploads\/2024\/06\/HEMIPLEJIA-EN-EL-ADULTO-MAYOR-\u2013-Parte-uno.jpg\" title=\"HEMIPLEJIA-EN-EL-ADULTO-MAYOR-\u2013-Parte-uno\"  data-caption=\"\"  data-description=\"\">\r\n                                <img decoding=\"async\" src=\"https:\/\/www.eldiario.net\/portal\/wp-content\/uploads\/2024\/06\/HEMIPLEJIA-EN-EL-ADULTO-MAYOR-\u2013-Parte-uno-472x420.jpg\" srcset=\"https:\/\/www.eldiario.net\/portal\/wp-content\/uploads\/2024\/06\/HEMIPLEJIA-EN-EL-ADULTO-MAYOR-\u2013-Parte-uno-472x420.jpg 472w, https:\/\/www.eldiario.net\/portal\/wp-content\/uploads\/2024\/06\/HEMIPLEJIA-EN-EL-ADULTO-MAYOR-\u2013-Parte-uno-300x267.jpg 300w, https:\/\/www.eldiario.net\/portal\/wp-content\/uploads\/2024\/06\/HEMIPLEJIA-EN-EL-ADULTO-MAYOR-\u2013-Parte-uno-768x683.jpg 768w, https:\/\/www.eldiario.net\/portal\/wp-content\/uploads\/2024\/06\/HEMIPLEJIA-EN-EL-ADULTO-MAYOR-\u2013-Parte-uno-696x619.jpg 696w, https:\/\/www.eldiario.net\/portal\/wp-content\/uploads\/2024\/06\/HEMIPLEJIA-EN-EL-ADULTO-MAYOR-\u2013-Parte-uno.jpg 785w\" sizes=\"(max-width: 472px) 100vw, 472px\" alt=\"\">\r\n                            <\/a>\r\n                            \r\n                        <\/figure>\r\n                    <\/div>\r\n                            <\/div>\r\n                        <\/div>\r\n\r\n                        <div class = \"td-doubleSlider-2\">\r\n                            <div class = \"td-slider\">\r\n                                \r\n                    <div class = \"td-button td-item1\">\r\n                        <div class = \"td-border\"><\/div>\r\n                    <\/div>\r\n                    <div class = \"td-button td-item2\">\r\n                        <div class = \"td-border\"><\/div>\r\n                    <\/div>\r\n                    <div class = \"td-button td-item3\">\r\n                        <div class = \"td-border\"><\/div>\r\n                    <\/div>\r\n                            <\/div>\r\n                        <\/div>\r\n\r\n                    <\/div>\r\n\r\n                <\/div>\r\n                \n","protected":false},"excerpt":{"rendered":"<p>Lic. Jaime Julio Ticona Pardo &#8211; Fisioterapeuta Kinesi\u00f3logo &#8211; UMSA\u00a0\u00a0 Ref. 72556224 Causas La fragilidad, la debilidad muscular, la p\u00e9rdida del campo visual, los problemas osteoarticulares, las alteraciones posturales, e incluso la fatiga, pueden llegar a causar diversas lesiones en el adulto mayor, producto muchas veces de ca\u00eddas o accidentes fortuitos, una de las lesiones [&hellip;]<\/p>\n","protected":false},"author":1,"featured_media":226026,"comment_status":"open","ping_status":"open","sticky":false,"template":"","format":"standard","meta":{"_acf_changed":false,"footnotes":""},"categories":[52],"tags":[],"class_list":["post-226024","post","type-post","status-publish","format-standard","has-post-thumbnail","category-de-salud-mas-vida"],"acf":{"antetitulo":""},"yoast_head":"<!-- This site is optimized with the Yoast SEO plugin v28.4 - https:\/\/yoast.com\/product\/yoast-seo-wordpress\/ -->\n<title>HEMIPLEJIA EN EL ADULTO MAYOR - El Diario - Bolivia<\/title>\n<meta name=\"robots\" content=\"index, follow, max-snippet:-1, max-image-preview:large, max-video-preview:-1\" \/>\n<link rel=\"canonical\" href=\"https:\/\/www.eldiario.net\/portal\/2024\/06\/09\/hemiplejia-en-el-adulto-mayor\/\" \/>\n<meta property=\"og:locale\" content=\"es_ES\" \/>\n<meta property=\"og:type\" content=\"article\" \/>\n<meta property=\"og:title\" content=\"HEMIPLEJIA EN EL ADULTO MAYOR - El Diario - Bolivia\" \/>\n<meta property=\"og:description\" content=\"Lic. Jaime Julio Ticona Pardo &#8211; Fisioterapeuta Kinesi\u00f3logo &#8211; UMSA\u00a0\u00a0 Ref. 72556224 Causas La fragilidad, la debilidad muscular, la p\u00e9rdida del campo visual, los problemas osteoarticulares, las alteraciones posturales, e incluso la fatiga, pueden llegar a causar diversas lesiones en el adulto mayor, producto muchas veces de ca\u00eddas o accidentes fortuitos, una de las lesiones [&hellip;]\" \/>\n<meta property=\"og:url\" content=\"https:\/\/www.eldiario.net\/portal\/2024\/06\/09\/hemiplejia-en-el-adulto-mayor\/\" \/>\n<meta property=\"og:site_name\" content=\"El Diario - Bolivia\" \/>\n<meta property=\"article:publisher\" content=\"https:\/\/www.facebook.com\/eldiario.bolivia\/\" \/>\n<meta property=\"article:published_time\" content=\"2024-06-09T11:17:43+00:00\" \/>\n<meta property=\"og:image\" content=\"https:\/\/www.eldiario.net\/portal\/wp-content\/uploads\/2024\/06\/HEMIPLEJIA-EN-EL-ADULTO-MAYOR-\u2013-Parte-uno-3.jpg\" \/>\n\t<meta property=\"og:image:width\" content=\"1060\" \/>\n\t<meta property=\"og:image:height\" content=\"653\" \/>\n\t<meta property=\"og:image:type\" content=\"image\/jpeg\" \/>\n<meta name=\"author\" content=\"Jeanette\" \/>\n<meta name=\"twitter:card\" content=\"summary_large_image\" \/>\n<meta name=\"twitter:creator\" content=\"@eldiario_net\" \/>\n<meta name=\"twitter:site\" content=\"@eldiario_net\" \/>\n<meta name=\"twitter:label1\" content=\"Escrito por\" \/>\n\t<meta name=\"twitter:data1\" content=\"Jeanette\" \/>\n\t<meta name=\"twitter:label2\" content=\"Tiempo de lectura\" \/>\n\t<meta name=\"twitter:data2\" content=\"3 minutos\" \/>\n<script type=\"application\/ld+json\" class=\"yoast-schema-graph\">{\"@context\":\"https:\\\/\\\/schema.org\",\"@graph\":[{\"@type\":\"Article\",\"@id\":\"https:\\\/\\\/www.eldiario.net\\\/portal\\\/2024\\\/06\\\/09\\\/hemiplejia-en-el-adulto-mayor\\\/#article\",\"isPartOf\":{\"@id\":\"https:\\\/\\\/www.eldiario.net\\\/portal\\\/2024\\\/06\\\/09\\\/hemiplejia-en-el-adulto-mayor\\\/\"},\"author\":{\"name\":\"Jeanette\",\"@id\":\"https:\\\/\\\/www.eldiario.net\\\/portal\\\/#\\\/schema\\\/person\\\/2c57cf2b7a7ae032e449e4c9b1019eac\"},\"headline\":\"HEMIPLEJIA EN EL ADULTO MAYOR\",\"datePublished\":\"2024-06-09T11:17:43+00:00\",\"mainEntityOfPage\":{\"@id\":\"https:\\\/\\\/www.eldiario.net\\\/portal\\\/2024\\\/06\\\/09\\\/hemiplejia-en-el-adulto-mayor\\\/\"},\"wordCount\":439,\"commentCount\":0,\"publisher\":{\"@id\":\"https:\\\/\\\/www.eldiario.net\\\/portal\\\/#organization\"},\"image\":{\"@id\":\"https:\\\/\\\/www.eldiario.net\\\/portal\\\/2024\\\/06\\\/09\\\/hemiplejia-en-el-adulto-mayor\\\/#primaryimage\"},\"thumbnailUrl\":\"https:\\\/\\\/www.eldiario.net\\\/portal\\\/wp-content\\\/uploads\\\/2024\\\/06\\\/HEMIPLEJIA-EN-EL-ADULTO-MAYOR-\u2013-Parte-uno-3.jpg\",\"articleSection\":[\"De Salud + vida\"],\"inLanguage\":\"es\",\"potentialAction\":[{\"@type\":\"CommentAction\",\"name\":\"Comment\",\"target\":[\"https:\\\/\\\/www.eldiario.net\\\/portal\\\/2024\\\/06\\\/09\\\/hemiplejia-en-el-adulto-mayor\\\/#respond\"]}]},{\"@type\":\"WebPage\",\"@id\":\"https:\\\/\\\/www.eldiario.net\\\/portal\\\/2024\\\/06\\\/09\\\/hemiplejia-en-el-adulto-mayor\\\/\",\"url\":\"https:\\\/\\\/www.eldiario.net\\\/portal\\\/2024\\\/06\\\/09\\\/hemiplejia-en-el-adulto-mayor\\\/\",\"name\":\"HEMIPLEJIA EN EL ADULTO MAYOR - El Diario - Bolivia\",\"isPartOf\":{\"@id\":\"https:\\\/\\\/www.eldiario.net\\\/portal\\\/#website\"},\"primaryImageOfPage\":{\"@id\":\"https:\\\/\\\/www.eldiario.net\\\/portal\\\/2024\\\/06\\\/09\\\/hemiplejia-en-el-adulto-mayor\\\/#primaryimage\"},\"image\":{\"@id\":\"https:\\\/\\\/www.eldiario.net\\\/portal\\\/2024\\\/06\\\/09\\\/hemiplejia-en-el-adulto-mayor\\\/#primaryimage\"},\"thumbnailUrl\":\"https:\\\/\\\/www.eldiario.net\\\/portal\\\/wp-content\\\/uploads\\\/2024\\\/06\\\/HEMIPLEJIA-EN-EL-ADULTO-MAYOR-\u2013-Parte-uno-3.jpg\",\"datePublished\":\"2024-06-09T11:17:43+00:00\",\"breadcrumb\":{\"@id\":\"https:\\\/\\\/www.eldiario.net\\\/portal\\\/2024\\\/06\\\/09\\\/hemiplejia-en-el-adulto-mayor\\\/#breadcrumb\"},\"inLanguage\":\"es\",\"potentialAction\":[{\"@type\":\"ReadAction\",\"target\":[\"https:\\\/\\\/www.eldiario.net\\\/portal\\\/2024\\\/06\\\/09\\\/hemiplejia-en-el-adulto-mayor\\\/\"]}]},{\"@type\":\"ImageObject\",\"inLanguage\":\"es\",\"@id\":\"https:\\\/\\\/www.eldiario.net\\\/portal\\\/2024\\\/06\\\/09\\\/hemiplejia-en-el-adulto-mayor\\\/#primaryimage\",\"url\":\"https:\\\/\\\/www.eldiario.net\\\/portal\\\/wp-content\\\/uploads\\\/2024\\\/06\\\/HEMIPLEJIA-EN-EL-ADULTO-MAYOR-\u2013-Parte-uno-3.jpg\",\"contentUrl\":\"https:\\\/\\\/www.eldiario.net\\\/portal\\\/wp-content\\\/uploads\\\/2024\\\/06\\\/HEMIPLEJIA-EN-EL-ADULTO-MAYOR-\u2013-Parte-uno-3.jpg\",\"width\":1060,\"height\":653},{\"@type\":\"BreadcrumbList\",\"@id\":\"https:\\\/\\\/www.eldiario.net\\\/portal\\\/2024\\\/06\\\/09\\\/hemiplejia-en-el-adulto-mayor\\\/#breadcrumb\",\"itemListElement\":[{\"@type\":\"ListItem\",\"position\":1,\"name\":\"Portada\",\"item\":\"https:\\\/\\\/www.eldiario.net\\\/portal\\\/\"},{\"@type\":\"ListItem\",\"position\":2,\"name\":\"HEMIPLEJIA EN EL ADULTO MAYOR\"}]},{\"@type\":\"WebSite\",\"@id\":\"https:\\\/\\\/www.eldiario.net\\\/portal\\\/#website\",\"url\":\"https:\\\/\\\/www.eldiario.net\\\/portal\\\/\",\"name\":\"El Diario - Decano de la prensa nacional\",\"description\":\"El Diario - Decano de la prensa nacional\",\"publisher\":{\"@id\":\"https:\\\/\\\/www.eldiario.net\\\/portal\\\/#organization\"},\"potentialAction\":[{\"@type\":\"SearchAction\",\"target\":{\"@type\":\"EntryPoint\",\"urlTemplate\":\"https:\\\/\\\/www.eldiario.net\\\/portal\\\/?s={search_term_string}\"},\"query-input\":{\"@type\":\"PropertyValueSpecification\",\"valueRequired\":true,\"valueName\":\"search_term_string\"}}],\"inLanguage\":\"es\"},{\"@type\":\"Organization\",\"@id\":\"https:\\\/\\\/www.eldiario.net\\\/portal\\\/#organization\",\"name\":\"El Diario - Decano de la prensa nacional\",\"url\":\"https:\\\/\\\/www.eldiario.net\\\/portal\\\/\",\"logo\":{\"@type\":\"ImageObject\",\"inLanguage\":\"es\",\"@id\":\"https:\\\/\\\/www.eldiario.net\\\/portal\\\/#\\\/schema\\\/logo\\\/image\\\/\",\"url\":\"https:\\\/\\\/www.eldiario.net\\\/portal\\\/wp-content\\\/uploads\\\/2023\\\/07\\\/logo_ED.jpg\",\"contentUrl\":\"https:\\\/\\\/www.eldiario.net\\\/portal\\\/wp-content\\\/uploads\\\/2023\\\/07\\\/logo_ED.jpg\",\"width\":272,\"height\":52,\"caption\":\"El Diario - Decano de la prensa nacional\"},\"image\":{\"@id\":\"https:\\\/\\\/www.eldiario.net\\\/portal\\\/#\\\/schema\\\/logo\\\/image\\\/\"},\"sameAs\":[\"https:\\\/\\\/www.facebook.com\\\/eldiario.bolivia\\\/\",\"https:\\\/\\\/x.com\\\/eldiario_net\"]},{\"@type\":\"Person\",\"@id\":\"https:\\\/\\\/www.eldiario.net\\\/portal\\\/#\\\/schema\\\/person\\\/2c57cf2b7a7ae032e449e4c9b1019eac\",\"name\":\"Jeanette\",\"image\":{\"@type\":\"ImageObject\",\"inLanguage\":\"es\",\"@id\":\"https:\\\/\\\/secure.gravatar.com\\\/avatar\\\/3ea2118a5f7dad2b7138b1187a6b7ee55f160b9968b66013c3a3ef39dd7e5798?s=96&d=mm&r=g\",\"url\":\"https:\\\/\\\/secure.gravatar.com\\\/avatar\\\/3ea2118a5f7dad2b7138b1187a6b7ee55f160b9968b66013c3a3ef39dd7e5798?s=96&d=mm&r=g\",\"contentUrl\":\"https:\\\/\\\/secure.gravatar.com\\\/avatar\\\/3ea2118a5f7dad2b7138b1187a6b7ee55f160b9968b66013c3a3ef39dd7e5798?s=96&d=mm&r=g\",\"caption\":\"Jeanette\"},\"sameAs\":[\"https:\\\/\\\/www.eldiario.net\\\/portal\"],\"url\":\"https:\\\/\\\/www.eldiario.net\\\/portal\\\/author\\\/jeanette\\\/\"}]}<\/script>\n<!-- \/ Yoast SEO plugin. -->","yoast_head_json":{"title":"HEMIPLEJIA EN EL ADULTO MAYOR - El Diario - Bolivia","robots":{"index":"index","follow":"follow","max-snippet":"max-snippet:-1","max-image-preview":"max-image-preview:large","max-video-preview":"max-video-preview:-1"},"canonical":"https:\/\/www.eldiario.net\/portal\/2024\/06\/09\/hemiplejia-en-el-adulto-mayor\/","og_locale":"es_ES","og_type":"article","og_title":"HEMIPLEJIA EN EL ADULTO MAYOR - El Diario - Bolivia","og_description":"Lic. Jaime Julio Ticona Pardo &#8211; Fisioterapeuta Kinesi\u00f3logo &#8211; UMSA\u00a0\u00a0 Ref. 72556224 Causas La fragilidad, la debilidad muscular, la p\u00e9rdida del campo visual, los problemas osteoarticulares, las alteraciones posturales, e incluso la fatiga, pueden llegar a causar diversas lesiones en el adulto mayor, producto muchas veces de ca\u00eddas o accidentes fortuitos, una de las lesiones [&hellip;]","og_url":"https:\/\/www.eldiario.net\/portal\/2024\/06\/09\/hemiplejia-en-el-adulto-mayor\/","og_site_name":"El Diario - Bolivia","article_publisher":"https:\/\/www.facebook.com\/eldiario.bolivia\/","article_published_time":"2024-06-09T11:17:43+00:00","og_image":[{"width":1060,"height":653,"url":"https:\/\/www.eldiario.net\/portal\/wp-content\/uploads\/2024\/06\/HEMIPLEJIA-EN-EL-ADULTO-MAYOR-\u2013-Parte-uno-3.jpg","type":"image\/jpeg"}],"author":"Jeanette","twitter_card":"summary_large_image","twitter_creator":"@eldiario_net","twitter_site":"@eldiario_net","twitter_misc":{"Escrito por":"Jeanette","Tiempo de lectura":"3 minutos"},"schema":{"@context":"https:\/\/schema.org","@graph":[{"@type":"Article","@id":"https:\/\/www.eldiario.net\/portal\/2024\/06\/09\/hemiplejia-en-el-adulto-mayor\/#article","isPartOf":{"@id":"https:\/\/www.eldiario.net\/portal\/2024\/06\/09\/hemiplejia-en-el-adulto-mayor\/"},"author":{"name":"Jeanette","@id":"https:\/\/www.eldiario.net\/portal\/#\/schema\/person\/2c57cf2b7a7ae032e449e4c9b1019eac"},"headline":"HEMIPLEJIA EN EL ADULTO MAYOR","datePublished":"2024-06-09T11:17:43+00:00","mainEntityOfPage":{"@id":"https:\/\/www.eldiario.net\/portal\/2024\/06\/09\/hemiplejia-en-el-adulto-mayor\/"},"wordCount":439,"commentCount":0,"publisher":{"@id":"https:\/\/www.eldiario.net\/portal\/#organization"},"image":{"@id":"https:\/\/www.eldiario.net\/portal\/2024\/06\/09\/hemiplejia-en-el-adulto-mayor\/#primaryimage"},"thumbnailUrl":"https:\/\/www.eldiario.net\/portal\/wp-content\/uploads\/2024\/06\/HEMIPLEJIA-EN-EL-ADULTO-MAYOR-\u2013-Parte-uno-3.jpg","articleSection":["De Salud + vida"],"inLanguage":"es","potentialAction":[{"@type":"CommentAction","name":"Comment","target":["https:\/\/www.eldiario.net\/portal\/2024\/06\/09\/hemiplejia-en-el-adulto-mayor\/#respond"]}]},{"@type":"WebPage","@id":"https:\/\/www.eldiario.net\/portal\/2024\/06\/09\/hemiplejia-en-el-adulto-mayor\/","url":"https:\/\/www.eldiario.net\/portal\/2024\/06\/09\/hemiplejia-en-el-adulto-mayor\/","name":"HEMIPLEJIA EN EL ADULTO MAYOR - El Diario - Bolivia","isPartOf":{"@id":"https:\/\/www.eldiario.net\/portal\/#website"},"primaryImageOfPage":{"@id":"https:\/\/www.eldiario.net\/portal\/2024\/06\/09\/hemiplejia-en-el-adulto-mayor\/#primaryimage"},"image":{"@id":"https:\/\/www.eldiario.net\/portal\/2024\/06\/09\/hemiplejia-en-el-adulto-mayor\/#primaryimage"},"thumbnailUrl":"https:\/\/www.eldiario.net\/portal\/wp-content\/uploads\/2024\/06\/HEMIPLEJIA-EN-EL-ADULTO-MAYOR-\u2013-Parte-uno-3.jpg","datePublished":"2024-06-09T11:17:43+00:00","breadcrumb":{"@id":"https:\/\/www.eldiario.net\/portal\/2024\/06\/09\/hemiplejia-en-el-adulto-mayor\/#breadcrumb"},"inLanguage":"es","potentialAction":[{"@type":"ReadAction","target":["https:\/\/www.eldiario.net\/portal\/2024\/06\/09\/hemiplejia-en-el-adulto-mayor\/"]}]},{"@type":"ImageObject","inLanguage":"es","@id":"https:\/\/www.eldiario.net\/portal\/2024\/06\/09\/hemiplejia-en-el-adulto-mayor\/#primaryimage","url":"https:\/\/www.eldiario.net\/portal\/wp-content\/uploads\/2024\/06\/HEMIPLEJIA-EN-EL-ADULTO-MAYOR-\u2013-Parte-uno-3.jpg","contentUrl":"https:\/\/www.eldiario.net\/portal\/wp-content\/uploads\/2024\/06\/HEMIPLEJIA-EN-EL-ADULTO-MAYOR-\u2013-Parte-uno-3.jpg","width":1060,"height":653},{"@type":"BreadcrumbList","@id":"https:\/\/www.eldiario.net\/portal\/2024\/06\/09\/hemiplejia-en-el-adulto-mayor\/#breadcrumb","itemListElement":[{"@type":"ListItem","position":1,"name":"Portada","item":"https:\/\/www.eldiario.net\/portal\/"},{"@type":"ListItem","position":2,"name":"HEMIPLEJIA EN EL ADULTO MAYOR"}]},{"@type":"WebSite","@id":"https:\/\/www.eldiario.net\/portal\/#website","url":"https:\/\/www.eldiario.net\/portal\/","name":"El Diario - Decano de la prensa nacional","description":"El Diario - Decano de la prensa nacional","publisher":{"@id":"https:\/\/www.eldiario.net\/portal\/#organization"},"potentialAction":[{"@type":"SearchAction","target":{"@type":"EntryPoint","urlTemplate":"https:\/\/www.eldiario.net\/portal\/?s={search_term_string}"},"query-input":{"@type":"PropertyValueSpecification","valueRequired":true,"valueName":"search_term_string"}}],"inLanguage":"es"},{"@type":"Organization","@id":"https:\/\/www.eldiario.net\/portal\/#organization","name":"El Diario - Decano de la prensa nacional","url":"https:\/\/www.eldiario.net\/portal\/","logo":{"@type":"ImageObject","inLanguage":"es","@id":"https:\/\/www.eldiario.net\/portal\/#\/schema\/logo\/image\/","url":"https:\/\/www.eldiario.net\/portal\/wp-content\/uploads\/2023\/07\/logo_ED.jpg","contentUrl":"https:\/\/www.eldiario.net\/portal\/wp-content\/uploads\/2023\/07\/logo_ED.jpg","width":272,"height":52,"caption":"El Diario - Decano de la prensa nacional"},"image":{"@id":"https:\/\/www.eldiario.net\/portal\/#\/schema\/logo\/image\/"},"sameAs":["https:\/\/www.facebook.com\/eldiario.bolivia\/","https:\/\/x.com\/eldiario_net"]},{"@type":"Person","@id":"https:\/\/www.eldiario.net\/portal\/#\/schema\/person\/2c57cf2b7a7ae032e449e4c9b1019eac","name":"Jeanette","image":{"@type":"ImageObject","inLanguage":"es","@id":"https:\/\/secure.gravatar.com\/avatar\/3ea2118a5f7dad2b7138b1187a6b7ee55f160b9968b66013c3a3ef39dd7e5798?s=96&d=mm&r=g","url":"https:\/\/secure.gravatar.com\/avatar\/3ea2118a5f7dad2b7138b1187a6b7ee55f160b9968b66013c3a3ef39dd7e5798?s=96&d=mm&r=g","contentUrl":"https:\/\/secure.gravatar.com\/avatar\/3ea2118a5f7dad2b7138b1187a6b7ee55f160b9968b66013c3a3ef39dd7e5798?s=96&d=mm&r=g","caption":"Jeanette"},"sameAs":["https:\/\/www.eldiario.net\/portal"],"url":"https:\/\/www.eldiario.net\/portal\/author\/jeanette\/"}]}},"_links":{"self":[{"href":"https:\/\/www.eldiario.net\/portal\/wp-json\/wp\/v2\/posts\/226024","targetHints":{"allow":["GET"]}}],"collection":[{"href":"https:\/\/www.eldiario.net\/portal\/wp-json\/wp\/v2\/posts"}],"about":[{"href":"https:\/\/www.eldiario.net\/portal\/wp-json\/wp\/v2\/types\/post"}],"author":[{"embeddable":true,"href":"https:\/\/www.eldiario.net\/portal\/wp-json\/wp\/v2\/users\/1"}],"replies":[{"embeddable":true,"href":"https:\/\/www.eldiario.net\/portal\/wp-json\/wp\/v2\/comments?post=226024"}],"version-history":[{"count":1,"href":"https:\/\/www.eldiario.net\/portal\/wp-json\/wp\/v2\/posts\/226024\/revisions"}],"predecessor-version":[{"id":226028,"href":"https:\/\/www.eldiario.net\/portal\/wp-json\/wp\/v2\/posts\/226024\/revisions\/226028"}],"wp:featuredmedia":[{"embeddable":true,"href":"https:\/\/www.eldiario.net\/portal\/wp-json\/wp\/v2\/media\/226026"}],"wp:attachment":[{"href":"https:\/\/www.eldiario.net\/portal\/wp-json\/wp\/v2\/media?parent=226024"}],"wp:term":[{"taxonomy":"category","embeddable":true,"href":"https:\/\/www.eldiario.net\/portal\/wp-json\/wp\/v2\/categories?post=226024"},{"taxonomy":"post_tag","embeddable":true,"href":"https:\/\/www.eldiario.net\/portal\/wp-json\/wp\/v2\/tags?post=226024"}],"curies":[{"name":"wp","href":"https:\/\/api.w.org\/{rel}","templated":true}]}}