{"id":226012,"date":"2024-06-09T07:11:17","date_gmt":"2024-06-09T11:11:17","guid":{"rendered":"https:\/\/www.eldiario.net\/portal\/?p=226012"},"modified":"2024-06-09T07:11:17","modified_gmt":"2024-06-09T11:11:17","slug":"bienvenida-adolescencia-nuevas-emociones-llegan-a-la-mente-de-riley-en-intensa-mente-2","status":"publish","type":"post","link":"https:\/\/www.eldiario.net\/portal\/2024\/06\/09\/bienvenida-adolescencia-nuevas-emociones-llegan-a-la-mente-de-riley-en-intensa-mente-2\/","title":{"rendered":"\u00a1Bienvenida, adolescencia!: nuevas emociones llegan a la mente de Riley en Intensa-Mente 2"},"content":{"rendered":"<p>En un nuevo video lleno de emociones, Amy Poehler, Maya Hawke, Tony Hale y Ayo Edebiri, hablan sobre la nueva pel\u00edcula y describen a los personajes para los que prestan su voz (en ingl\u00e9s): alegr\u00eda, ansiedad, temor, y envidia<br \/>\nLa nueva pel\u00edcula de Disney y Pixar estrena el 13 de junio solo en cines, y ya se encuentran las entradas a la venta<br \/>\nEn 2015, la pel\u00edcula ganadora del Oscar INTENSA-MENTE de Disney y Pixar, transport\u00f3 a las audiencias hacia el interior de la mente de una ni\u00f1a llamada Riley para presentar el universo de las emociones. All\u00ed se conocieron Alegr\u00eda, Tristeza, Furia, Temor y Desagrado, las emociones de Riley que lograron llevar adelante una operaci\u00f3n exitosa.<br \/>\nNueve a\u00f1os m\u00e1s tarde, el orden reinante ha llegado a su fin. INTENSA-MENTE 2, vuelve a sumergirse en la mente de la ahora adolescente Riley justo cuando el cuartel general est\u00e1 sufriendo una repentina demolici\u00f3n para hacer sitio a algo totalmente inesperado: \u00a1nuevas emociones! Bienvenidas Ansiedad, Envidia, Ennui y Verg\u00fcenza.<br \/>\nEl REGRESO DE UN DREAM TEAM EMOCIONAL<br \/>\nLa nueva historia marca el regreso de Alegr\u00eda, Furia, Tristeza, Temor y Desagrado, el equipo entra\u00f1able de INTENSA-MENTE que se ve completamente sorprendido por la \u201crenovaci\u00f3n\u201d en la mente de Riley, producto de la adolescencia. Las emociones ya conocidas no saben qu\u00e9 pensar de los reci\u00e9n llegados y enfrentan el desaf\u00edo de convivir con ellos a partir de ahora. El trabajo m\u00e1s arduo recae, quiz\u00e1s, sobre los hombros de Alegr\u00eda, quien est\u00e1 decidida a proteger el sentido de identidad de Riley y a ayudarla a seguir siendo la ni\u00f1a feliz que ella conoce y quiere tanto.<br \/>\nDice Jonas Rivera, productor ejecutivo: \u201cA Alegr\u00eda le gusta que las cosas sigan siendo como fueron siempre. Es la que dir\u00eda \u00abel verano pasado fue el mejor, \u00bfverdad?\u00bb. Siempre nos re\u00edmos de que terminamos la primera pel\u00edcula con Alegr\u00eda olvid\u00e1ndose de las lecciones que acababa de aprender. Esta segunda pel\u00edcula nos da la oportunidad de mostrarla aprendiendo una nueva lecci\u00f3n en una etapa muy diferente de la vida de Riley\u201d.<br \/>\nVisualmente, las emociones tan queridas por las audiencias vuelven en su aspecto original, concebido por el equipo creativo de acuerdo con un lenguaje espec\u00edfico de formas y colores que acompa\u00f1a los rasgos de personalidad de cada personaje:<br \/>\nAlegr\u00eda es amarilla y tiene forma de estrella. Ella est\u00e1 de vuelta para afrontar el mundo adolescente de Riley. Optimista, animada y llena de ideas para el futuro de Riley, nada har\u00e1 descarrilar el plan que tiene para el cuartel general\u2026 \u00bfo s\u00ed?<br \/>\nFuria es rojo y tiene una forma s\u00f3lida rectangular y r\u00edgidos bordes afilados. Esta emoci\u00f3n est\u00e1 siempre lista para pelear por lo que es justo en relaci\u00f3n con Riley. Es muy apasionado, pero a veces puede reaccionar exageradamente, llegando incluso a ser explosivo.<br \/>\nTristeza es azul y tiene forma de l\u00e1grima. Ella estaba entendiendo c\u00f3mo son las cosas cuando aparece el grupo de emociones nuevas. Todos saben lo importante que es su papel en la vida de Riley, de modo que Tristeza ahora se siente m\u00e1s c\u00f3moda en su melancol\u00eda.<br \/>\nTemor es lila y est\u00e1 encogido de miedo. Temor protege a Riley y la mantiene a salvo de los peligros visibles, grandes y peque\u00f1os, desde un golpe de disco de hockey hasta de cortarse con el filo de un papel.<br \/>\nDesagrado es verde, afilada, aguda y angular. Ahora que Riley es adolescente, su radar para captar lo que no est\u00e1 socialmente aceptado est\u00e1 m\u00e1s preciso que nunca. Obstinada y brutalmente honesta, est\u00e1 decidida a mantener a Riley alejada de todo lo repulsivo.<br \/>\nNUEVAS EMOCIONES, NUEVOS DISE\u00d1OS<br \/>\nEn INTENSA-MENTE 2, los personajes nuevos expanden ese lenguaje visual. \u201cQuer\u00eda asegurarme de que sigui\u00e9ramos el canon visual de la primera pel\u00edcula cuando volvi\u00e9ramos al mundo de INTENSA-MENTE\u201d, dice el dise\u00f1ador de producci\u00f3n Jason Deamer.<br \/>\nA la cabeza del nuevo grupo de emociones est\u00e1 Ansiedad, concebida en color naranja y en forma el\u00e9ctrica, tensa y temblorosa. \u201cSiempre se le ve el blanco del ojo y su cabellera plumosa delata sus movimientos constantes\u201d, describe Deamer. El objetivo principal de Ansiedad es que Riley est\u00e9 preparada para cualquier resultado negativo posible. Siempre est\u00e1 diez pasos adelante, pensando constantemente en lo que podr\u00eda suceder en el peor de los casos.<br \/>\nAnsiedad tiene un papel muy importante en la vida social de Riley. Dice Kelsey Mann: \u201cIntentando que Riley est\u00e9 a salvo, protegida y aceptada por los dem\u00e1s, Ansiedad impulsa a Riley a cambiar. Creo que muchos adolescentes hacen eso, yo lo hice. Cambiamos nuestra forma de ser, nos modificamos un poco para lograr la aceptaci\u00f3n de los dem\u00e1s. Pero \u00bfdeber\u00edamos cambiar nuestra forma de ser para agradar a las personas?\u201d.<br \/>\nJunto a Ansiedad est\u00e1 Ennui, aburrida y somnolienta, quien tiene bien practicado el volteado de ojos, y a\u00f1ade la cantidad perfecta de apat\u00eda adolescente a la personalidad de Riley, cuando le da la gana. \u201cEs ese sentimiento que tienen todos los adolescentes cuando no les importa nada o no quieren hacerse cargo de algo. Ennui tiene esa postura ca\u00edda de desgano y est\u00e1 muy metida en la tecnolog\u00eda\u201d, explica el supervisor de historia John Hoffman.<br \/>\nOtra de las nuevas emociones es Envidia, que cobra vida en forma de hongo peque\u00f1o y es de color verde azulado. \u201cPor supuesto, ella quisiera ser m\u00e1s alta y menos ani\u00f1ada\u201d, se\u00f1ala Deamer con humor. Envidia est\u00e1 siempre codiciando lo que tienen los dem\u00e1s, y no teme de suspirar por ello. Seg\u00fan Mann, Envidia representa esa sensaci\u00f3n adolescente de \u201cdesear\u00eda que\u201d y a la comparaci\u00f3n social, muy com\u00fan en esas edades.<br \/>\nVerg\u00fcenza, es un gigante rosado y de forma redondeada que evoca su reticencia y timidez. Quiere pasar desapercibido y est\u00e1 siempre listo para desplomarse sobre la consola del cuartel general a la primera se\u00f1al de incomodidad social. Dice Hoffman: \u201cVerg\u00fcenza act\u00faa muchas veces como un signo de exclamaci\u00f3n en las interacciones que tiene Riley con los dem\u00e1s personajes. Pero cobra vida cuando se desarrolla su relaci\u00f3n con Tristeza. Tristeza entiende a Verg\u00fcenza. Hay entre ellos una afinidad. Verg\u00fcenza es un personaje muy sensible y se siente excluido, como se sent\u00eda Tristeza en la primera pel\u00edcula\u201d.<br \/>\nEn la creaci\u00f3n de todas las nuevas emociones, el equipo creativo de INTENSA-MENTE 2 trabaj\u00f3 estrechamente con Dacher Keltner, profesor de la Universidad de Berkeley, psic\u00f3logo y escritor que fue de gran ayuda en la primera pel\u00edcula y su aporte result\u00f3 igualmente enriquecedor en esta continuaci\u00f3n.<br \/>\nEn la mente adolescente de Riley, los viejos y nuevos habitantes aprender\u00e1n a coexistir con el fin de lograr el m\u00e1ximo bienestar posible para la protagonista\u2026 aunque est\u00e1 claro que el camino para lograrlo dar\u00e1 mucho de qu\u00e9 hablar.<br \/>\nINTENSA-MENTE 2 estrena el 13 de junio en cines. Las entradas ya se encuentran a la venta. <\/p>\n<p>SINOPSIS OFICIAL:<br \/>\nLa pel\u00edcula de Disney y Pixar INTENSA-MENTE 2 vuelve a sumergirse en la mente de la flamante adolescente Riley justo cuando el cuartel general est\u00e1 sufriendo una repentina demolici\u00f3n para hacer sitio a algo totalmente inesperado: \u00a1nuevas emociones! Alegr\u00eda, Tristeza, Furia, Temor y Desagrado, que llevan mucho tiempo realizando una operaci\u00f3n exitosa, no est\u00e1n seguros de c\u00f3mo sentirse cuando aparecen Ansiedad, Envidia, Ennui y Verg\u00fcenza. El elenco de voces incluye a Amy Poehler, Maya Hawke, Kensington Tallman, Liza Lapira, Tony Hale, Lewis Black, Phyllis Smith, Ayo Edebiri, Lilimar, Grace Lu, Sumayyah Nuriddin-Green, Ad\u00e8le Exarchopoulos, Diane Lane, Kyle MacLachlan, Paul Walter Hauser e Yvette Nicole Brown. Dirigida por Kelsey Mann y producida por Mark Nielsen, cuenta con la producci\u00f3n ejecutiva de Pete Docter, Jonas Rivera y Dan Scanlon. La pel\u00edcula cuenta con guion de Meg LeFauve y Dave Holstein, y la historia por Mann y LeFauve. Con m\u00fasica por Andrea Datzman, la nueva pel\u00edcula estrena en cines el 13 de junio de 2024.<\/p>\n","protected":false},"excerpt":{"rendered":"<p>En un nuevo video lleno de emociones, Amy Poehler, Maya Hawke, Tony Hale y Ayo Edebiri, hablan sobre la nueva pel\u00edcula y describen a los personajes para los que prestan su voz (en ingl\u00e9s): alegr\u00eda, ansiedad, temor, y envidia La nueva pel\u00edcula de Disney y Pixar estrena el 13 de junio solo en cines, y [&hellip;]<\/p>\n","protected":false},"author":1,"featured_media":226013,"comment_status":"open","ping_status":"open","sticky":false,"template":"","format":"standard","meta":{"_acf_changed":false,"footnotes":""},"categories":[45],"tags":[],"class_list":["post-226012","post","type-post","status-publish","format-standard","has-post-thumbnail","category-cine-mundo"],"acf":{"antetitulo":""},"yoast_head":"<!-- This site is optimized with the Yoast SEO plugin v28.4 - https:\/\/yoast.com\/product\/yoast-seo-wordpress\/ -->\n<title>\u00a1Bienvenida, adolescencia!: nuevas emociones llegan a la mente de Riley en Intensa-Mente 2 - El Diario - Bolivia<\/title>\n<meta name=\"robots\" content=\"index, follow, max-snippet:-1, max-image-preview:large, max-video-preview:-1\" \/>\n<link rel=\"canonical\" href=\"https:\/\/www.eldiario.net\/portal\/2024\/06\/09\/bienvenida-adolescencia-nuevas-emociones-llegan-a-la-mente-de-riley-en-intensa-mente-2\/\" \/>\n<meta property=\"og:locale\" content=\"es_ES\" \/>\n<meta property=\"og:type\" content=\"article\" \/>\n<meta property=\"og:title\" content=\"\u00a1Bienvenida, adolescencia!: nuevas emociones llegan a la mente de Riley en Intensa-Mente 2 - El Diario - Bolivia\" \/>\n<meta property=\"og:description\" content=\"En un nuevo video lleno de emociones, Amy Poehler, Maya Hawke, Tony Hale y Ayo Edebiri, hablan sobre la nueva pel\u00edcula y describen a los personajes para los que prestan su voz (en ingl\u00e9s): alegr\u00eda, ansiedad, temor, y envidia La nueva pel\u00edcula de Disney y Pixar estrena el 13 de junio solo en cines, y [&hellip;]\" \/>\n<meta property=\"og:url\" content=\"https:\/\/www.eldiario.net\/portal\/2024\/06\/09\/bienvenida-adolescencia-nuevas-emociones-llegan-a-la-mente-de-riley-en-intensa-mente-2\/\" \/>\n<meta property=\"og:site_name\" content=\"El Diario - Bolivia\" \/>\n<meta property=\"article:publisher\" content=\"https:\/\/www.facebook.com\/eldiario.bolivia\/\" \/>\n<meta property=\"article:published_time\" content=\"2024-06-09T11:11:17+00:00\" \/>\n<meta property=\"og:image\" content=\"https:\/\/www.eldiario.net\/portal\/wp-content\/uploads\/2024\/06\/\u00a1Bienvenida-adolescencia-nuevas-emociones-llegan-a-la-mente-de-Riley-en-Intensa-Mente-2.jpg\" \/>\n\t<meta property=\"og:image:width\" content=\"1125\" \/>\n\t<meta property=\"og:image:height\" content=\"462\" \/>\n\t<meta property=\"og:image:type\" content=\"image\/jpeg\" \/>\n<meta name=\"author\" content=\"Jeanette\" \/>\n<meta name=\"twitter:card\" content=\"summary_large_image\" \/>\n<meta name=\"twitter:creator\" content=\"@eldiario_net\" \/>\n<meta name=\"twitter:site\" content=\"@eldiario_net\" \/>\n<meta name=\"twitter:label1\" content=\"Escrito por\" \/>\n\t<meta name=\"twitter:data1\" content=\"Jeanette\" \/>\n\t<meta name=\"twitter:label2\" content=\"Tiempo de lectura\" \/>\n\t<meta name=\"twitter:data2\" content=\"1 minuto\" \/>\n<script type=\"application\/ld+json\" class=\"yoast-schema-graph\">{\"@context\":\"https:\\\/\\\/schema.org\",\"@graph\":[{\"@type\":\"Article\",\"@id\":\"https:\\\/\\\/www.eldiario.net\\\/portal\\\/2024\\\/06\\\/09\\\/bienvenida-adolescencia-nuevas-emociones-llegan-a-la-mente-de-riley-en-intensa-mente-2\\\/#article\",\"isPartOf\":{\"@id\":\"https:\\\/\\\/www.eldiario.net\\\/portal\\\/2024\\\/06\\\/09\\\/bienvenida-adolescencia-nuevas-emociones-llegan-a-la-mente-de-riley-en-intensa-mente-2\\\/\"},\"author\":{\"name\":\"Jeanette\",\"@id\":\"https:\\\/\\\/www.eldiario.net\\\/portal\\\/#\\\/schema\\\/person\\\/2c57cf2b7a7ae032e449e4c9b1019eac\"},\"headline\":\"\u00a1Bienvenida, adolescencia!: nuevas emociones llegan a la mente de Riley en Intensa-Mente 2\",\"datePublished\":\"2024-06-09T11:11:17+00:00\",\"mainEntityOfPage\":{\"@id\":\"https:\\\/\\\/www.eldiario.net\\\/portal\\\/2024\\\/06\\\/09\\\/bienvenida-adolescencia-nuevas-emociones-llegan-a-la-mente-de-riley-en-intensa-mente-2\\\/\"},\"wordCount\":1381,\"commentCount\":0,\"publisher\":{\"@id\":\"https:\\\/\\\/www.eldiario.net\\\/portal\\\/#organization\"},\"image\":{\"@id\":\"https:\\\/\\\/www.eldiario.net\\\/portal\\\/2024\\\/06\\\/09\\\/bienvenida-adolescencia-nuevas-emociones-llegan-a-la-mente-de-riley-en-intensa-mente-2\\\/#primaryimage\"},\"thumbnailUrl\":\"https:\\\/\\\/www.eldiario.net\\\/portal\\\/wp-content\\\/uploads\\\/2024\\\/06\\\/\u00a1Bienvenida-adolescencia-nuevas-emociones-llegan-a-la-mente-de-Riley-en-Intensa-Mente-2.jpg\",\"articleSection\":[\"Cine Mundo\"],\"inLanguage\":\"es\",\"potentialAction\":[{\"@type\":\"CommentAction\",\"name\":\"Comment\",\"target\":[\"https:\\\/\\\/www.eldiario.net\\\/portal\\\/2024\\\/06\\\/09\\\/bienvenida-adolescencia-nuevas-emociones-llegan-a-la-mente-de-riley-en-intensa-mente-2\\\/#respond\"]}]},{\"@type\":\"WebPage\",\"@id\":\"https:\\\/\\\/www.eldiario.net\\\/portal\\\/2024\\\/06\\\/09\\\/bienvenida-adolescencia-nuevas-emociones-llegan-a-la-mente-de-riley-en-intensa-mente-2\\\/\",\"url\":\"https:\\\/\\\/www.eldiario.net\\\/portal\\\/2024\\\/06\\\/09\\\/bienvenida-adolescencia-nuevas-emociones-llegan-a-la-mente-de-riley-en-intensa-mente-2\\\/\",\"name\":\"\u00a1Bienvenida, adolescencia!: nuevas emociones llegan a la mente de Riley en Intensa-Mente 2 - El Diario - Bolivia\",\"isPartOf\":{\"@id\":\"https:\\\/\\\/www.eldiario.net\\\/portal\\\/#website\"},\"primaryImageOfPage\":{\"@id\":\"https:\\\/\\\/www.eldiario.net\\\/portal\\\/2024\\\/06\\\/09\\\/bienvenida-adolescencia-nuevas-emociones-llegan-a-la-mente-de-riley-en-intensa-mente-2\\\/#primaryimage\"},\"image\":{\"@id\":\"https:\\\/\\\/www.eldiario.net\\\/portal\\\/2024\\\/06\\\/09\\\/bienvenida-adolescencia-nuevas-emociones-llegan-a-la-mente-de-riley-en-intensa-mente-2\\\/#primaryimage\"},\"thumbnailUrl\":\"https:\\\/\\\/www.eldiario.net\\\/portal\\\/wp-content\\\/uploads\\\/2024\\\/06\\\/\u00a1Bienvenida-adolescencia-nuevas-emociones-llegan-a-la-mente-de-Riley-en-Intensa-Mente-2.jpg\",\"datePublished\":\"2024-06-09T11:11:17+00:00\",\"breadcrumb\":{\"@id\":\"https:\\\/\\\/www.eldiario.net\\\/portal\\\/2024\\\/06\\\/09\\\/bienvenida-adolescencia-nuevas-emociones-llegan-a-la-mente-de-riley-en-intensa-mente-2\\\/#breadcrumb\"},\"inLanguage\":\"es\",\"potentialAction\":[{\"@type\":\"ReadAction\",\"target\":[\"https:\\\/\\\/www.eldiario.net\\\/portal\\\/2024\\\/06\\\/09\\\/bienvenida-adolescencia-nuevas-emociones-llegan-a-la-mente-de-riley-en-intensa-mente-2\\\/\"]}]},{\"@type\":\"ImageObject\",\"inLanguage\":\"es\",\"@id\":\"https:\\\/\\\/www.eldiario.net\\\/portal\\\/2024\\\/06\\\/09\\\/bienvenida-adolescencia-nuevas-emociones-llegan-a-la-mente-de-riley-en-intensa-mente-2\\\/#primaryimage\",\"url\":\"https:\\\/\\\/www.eldiario.net\\\/portal\\\/wp-content\\\/uploads\\\/2024\\\/06\\\/\u00a1Bienvenida-adolescencia-nuevas-emociones-llegan-a-la-mente-de-Riley-en-Intensa-Mente-2.jpg\",\"contentUrl\":\"https:\\\/\\\/www.eldiario.net\\\/portal\\\/wp-content\\\/uploads\\\/2024\\\/06\\\/\u00a1Bienvenida-adolescencia-nuevas-emociones-llegan-a-la-mente-de-Riley-en-Intensa-Mente-2.jpg\",\"width\":1125,\"height\":462},{\"@type\":\"BreadcrumbList\",\"@id\":\"https:\\\/\\\/www.eldiario.net\\\/portal\\\/2024\\\/06\\\/09\\\/bienvenida-adolescencia-nuevas-emociones-llegan-a-la-mente-de-riley-en-intensa-mente-2\\\/#breadcrumb\",\"itemListElement\":[{\"@type\":\"ListItem\",\"position\":1,\"name\":\"Portada\",\"item\":\"https:\\\/\\\/www.eldiario.net\\\/portal\\\/\"},{\"@type\":\"ListItem\",\"position\":2,\"name\":\"\u00a1Bienvenida, adolescencia!: nuevas emociones llegan a la mente de Riley en Intensa-Mente 2\"}]},{\"@type\":\"WebSite\",\"@id\":\"https:\\\/\\\/www.eldiario.net\\\/portal\\\/#website\",\"url\":\"https:\\\/\\\/www.eldiario.net\\\/portal\\\/\",\"name\":\"El Diario - Decano de la prensa nacional\",\"description\":\"El Diario - Decano de la prensa nacional\",\"publisher\":{\"@id\":\"https:\\\/\\\/www.eldiario.net\\\/portal\\\/#organization\"},\"potentialAction\":[{\"@type\":\"SearchAction\",\"target\":{\"@type\":\"EntryPoint\",\"urlTemplate\":\"https:\\\/\\\/www.eldiario.net\\\/portal\\\/?s={search_term_string}\"},\"query-input\":{\"@type\":\"PropertyValueSpecification\",\"valueRequired\":true,\"valueName\":\"search_term_string\"}}],\"inLanguage\":\"es\"},{\"@type\":\"Organization\",\"@id\":\"https:\\\/\\\/www.eldiario.net\\\/portal\\\/#organization\",\"name\":\"El Diario - Decano de la prensa nacional\",\"url\":\"https:\\\/\\\/www.eldiario.net\\\/portal\\\/\",\"logo\":{\"@type\":\"ImageObject\",\"inLanguage\":\"es\",\"@id\":\"https:\\\/\\\/www.eldiario.net\\\/portal\\\/#\\\/schema\\\/logo\\\/image\\\/\",\"url\":\"https:\\\/\\\/www.eldiario.net\\\/portal\\\/wp-content\\\/uploads\\\/2023\\\/07\\\/logo_ED.jpg\",\"contentUrl\":\"https:\\\/\\\/www.eldiario.net\\\/portal\\\/wp-content\\\/uploads\\\/2023\\\/07\\\/logo_ED.jpg\",\"width\":272,\"height\":52,\"caption\":\"El Diario - Decano de la prensa nacional\"},\"image\":{\"@id\":\"https:\\\/\\\/www.eldiario.net\\\/portal\\\/#\\\/schema\\\/logo\\\/image\\\/\"},\"sameAs\":[\"https:\\\/\\\/www.facebook.com\\\/eldiario.bolivia\\\/\",\"https:\\\/\\\/x.com\\\/eldiario_net\"]},{\"@type\":\"Person\",\"@id\":\"https:\\\/\\\/www.eldiario.net\\\/portal\\\/#\\\/schema\\\/person\\\/2c57cf2b7a7ae032e449e4c9b1019eac\",\"name\":\"Jeanette\",\"image\":{\"@type\":\"ImageObject\",\"inLanguage\":\"es\",\"@id\":\"https:\\\/\\\/secure.gravatar.com\\\/avatar\\\/3ea2118a5f7dad2b7138b1187a6b7ee55f160b9968b66013c3a3ef39dd7e5798?s=96&d=mm&r=g\",\"url\":\"https:\\\/\\\/secure.gravatar.com\\\/avatar\\\/3ea2118a5f7dad2b7138b1187a6b7ee55f160b9968b66013c3a3ef39dd7e5798?s=96&d=mm&r=g\",\"contentUrl\":\"https:\\\/\\\/secure.gravatar.com\\\/avatar\\\/3ea2118a5f7dad2b7138b1187a6b7ee55f160b9968b66013c3a3ef39dd7e5798?s=96&d=mm&r=g\",\"caption\":\"Jeanette\"},\"sameAs\":[\"https:\\\/\\\/www.eldiario.net\\\/portal\"],\"url\":\"https:\\\/\\\/www.eldiario.net\\\/portal\\\/author\\\/jeanette\\\/\"}]}<\/script>\n<!-- \/ Yoast SEO plugin. -->","yoast_head_json":{"title":"\u00a1Bienvenida, adolescencia!: nuevas emociones llegan a la mente de Riley en Intensa-Mente 2 - El Diario - Bolivia","robots":{"index":"index","follow":"follow","max-snippet":"max-snippet:-1","max-image-preview":"max-image-preview:large","max-video-preview":"max-video-preview:-1"},"canonical":"https:\/\/www.eldiario.net\/portal\/2024\/06\/09\/bienvenida-adolescencia-nuevas-emociones-llegan-a-la-mente-de-riley-en-intensa-mente-2\/","og_locale":"es_ES","og_type":"article","og_title":"\u00a1Bienvenida, adolescencia!: nuevas emociones llegan a la mente de Riley en Intensa-Mente 2 - El Diario - Bolivia","og_description":"En un nuevo video lleno de emociones, Amy Poehler, Maya Hawke, Tony Hale y Ayo Edebiri, hablan sobre la nueva pel\u00edcula y describen a los personajes para los que prestan su voz (en ingl\u00e9s): alegr\u00eda, ansiedad, temor, y envidia La nueva pel\u00edcula de Disney y Pixar estrena el 13 de junio solo en cines, y [&hellip;]","og_url":"https:\/\/www.eldiario.net\/portal\/2024\/06\/09\/bienvenida-adolescencia-nuevas-emociones-llegan-a-la-mente-de-riley-en-intensa-mente-2\/","og_site_name":"El Diario - Bolivia","article_publisher":"https:\/\/www.facebook.com\/eldiario.bolivia\/","article_published_time":"2024-06-09T11:11:17+00:00","og_image":[{"width":1125,"height":462,"url":"https:\/\/www.eldiario.net\/portal\/wp-content\/uploads\/2024\/06\/\u00a1Bienvenida-adolescencia-nuevas-emociones-llegan-a-la-mente-de-Riley-en-Intensa-Mente-2.jpg","type":"image\/jpeg"}],"author":"Jeanette","twitter_card":"summary_large_image","twitter_creator":"@eldiario_net","twitter_site":"@eldiario_net","twitter_misc":{"Escrito por":"Jeanette","Tiempo de lectura":"1 minuto"},"schema":{"@context":"https:\/\/schema.org","@graph":[{"@type":"Article","@id":"https:\/\/www.eldiario.net\/portal\/2024\/06\/09\/bienvenida-adolescencia-nuevas-emociones-llegan-a-la-mente-de-riley-en-intensa-mente-2\/#article","isPartOf":{"@id":"https:\/\/www.eldiario.net\/portal\/2024\/06\/09\/bienvenida-adolescencia-nuevas-emociones-llegan-a-la-mente-de-riley-en-intensa-mente-2\/"},"author":{"name":"Jeanette","@id":"https:\/\/www.eldiario.net\/portal\/#\/schema\/person\/2c57cf2b7a7ae032e449e4c9b1019eac"},"headline":"\u00a1Bienvenida, adolescencia!: nuevas emociones llegan a la mente de Riley en Intensa-Mente 2","datePublished":"2024-06-09T11:11:17+00:00","mainEntityOfPage":{"@id":"https:\/\/www.eldiario.net\/portal\/2024\/06\/09\/bienvenida-adolescencia-nuevas-emociones-llegan-a-la-mente-de-riley-en-intensa-mente-2\/"},"wordCount":1381,"commentCount":0,"publisher":{"@id":"https:\/\/www.eldiario.net\/portal\/#organization"},"image":{"@id":"https:\/\/www.eldiario.net\/portal\/2024\/06\/09\/bienvenida-adolescencia-nuevas-emociones-llegan-a-la-mente-de-riley-en-intensa-mente-2\/#primaryimage"},"thumbnailUrl":"https:\/\/www.eldiario.net\/portal\/wp-content\/uploads\/2024\/06\/\u00a1Bienvenida-adolescencia-nuevas-emociones-llegan-a-la-mente-de-Riley-en-Intensa-Mente-2.jpg","articleSection":["Cine Mundo"],"inLanguage":"es","potentialAction":[{"@type":"CommentAction","name":"Comment","target":["https:\/\/www.eldiario.net\/portal\/2024\/06\/09\/bienvenida-adolescencia-nuevas-emociones-llegan-a-la-mente-de-riley-en-intensa-mente-2\/#respond"]}]},{"@type":"WebPage","@id":"https:\/\/www.eldiario.net\/portal\/2024\/06\/09\/bienvenida-adolescencia-nuevas-emociones-llegan-a-la-mente-de-riley-en-intensa-mente-2\/","url":"https:\/\/www.eldiario.net\/portal\/2024\/06\/09\/bienvenida-adolescencia-nuevas-emociones-llegan-a-la-mente-de-riley-en-intensa-mente-2\/","name":"\u00a1Bienvenida, adolescencia!: nuevas emociones llegan a la mente de Riley en Intensa-Mente 2 - El Diario - Bolivia","isPartOf":{"@id":"https:\/\/www.eldiario.net\/portal\/#website"},"primaryImageOfPage":{"@id":"https:\/\/www.eldiario.net\/portal\/2024\/06\/09\/bienvenida-adolescencia-nuevas-emociones-llegan-a-la-mente-de-riley-en-intensa-mente-2\/#primaryimage"},"image":{"@id":"https:\/\/www.eldiario.net\/portal\/2024\/06\/09\/bienvenida-adolescencia-nuevas-emociones-llegan-a-la-mente-de-riley-en-intensa-mente-2\/#primaryimage"},"thumbnailUrl":"https:\/\/www.eldiario.net\/portal\/wp-content\/uploads\/2024\/06\/\u00a1Bienvenida-adolescencia-nuevas-emociones-llegan-a-la-mente-de-Riley-en-Intensa-Mente-2.jpg","datePublished":"2024-06-09T11:11:17+00:00","breadcrumb":{"@id":"https:\/\/www.eldiario.net\/portal\/2024\/06\/09\/bienvenida-adolescencia-nuevas-emociones-llegan-a-la-mente-de-riley-en-intensa-mente-2\/#breadcrumb"},"inLanguage":"es","potentialAction":[{"@type":"ReadAction","target":["https:\/\/www.eldiario.net\/portal\/2024\/06\/09\/bienvenida-adolescencia-nuevas-emociones-llegan-a-la-mente-de-riley-en-intensa-mente-2\/"]}]},{"@type":"ImageObject","inLanguage":"es","@id":"https:\/\/www.eldiario.net\/portal\/2024\/06\/09\/bienvenida-adolescencia-nuevas-emociones-llegan-a-la-mente-de-riley-en-intensa-mente-2\/#primaryimage","url":"https:\/\/www.eldiario.net\/portal\/wp-content\/uploads\/2024\/06\/\u00a1Bienvenida-adolescencia-nuevas-emociones-llegan-a-la-mente-de-Riley-en-Intensa-Mente-2.jpg","contentUrl":"https:\/\/www.eldiario.net\/portal\/wp-content\/uploads\/2024\/06\/\u00a1Bienvenida-adolescencia-nuevas-emociones-llegan-a-la-mente-de-Riley-en-Intensa-Mente-2.jpg","width":1125,"height":462},{"@type":"BreadcrumbList","@id":"https:\/\/www.eldiario.net\/portal\/2024\/06\/09\/bienvenida-adolescencia-nuevas-emociones-llegan-a-la-mente-de-riley-en-intensa-mente-2\/#breadcrumb","itemListElement":[{"@type":"ListItem","position":1,"name":"Portada","item":"https:\/\/www.eldiario.net\/portal\/"},{"@type":"ListItem","position":2,"name":"\u00a1Bienvenida, adolescencia!: nuevas emociones llegan a la mente de Riley en Intensa-Mente 2"}]},{"@type":"WebSite","@id":"https:\/\/www.eldiario.net\/portal\/#website","url":"https:\/\/www.eldiario.net\/portal\/","name":"El Diario - Decano de la prensa nacional","description":"El Diario - Decano de la prensa nacional","publisher":{"@id":"https:\/\/www.eldiario.net\/portal\/#organization"},"potentialAction":[{"@type":"SearchAction","target":{"@type":"EntryPoint","urlTemplate":"https:\/\/www.eldiario.net\/portal\/?s={search_term_string}"},"query-input":{"@type":"PropertyValueSpecification","valueRequired":true,"valueName":"search_term_string"}}],"inLanguage":"es"},{"@type":"Organization","@id":"https:\/\/www.eldiario.net\/portal\/#organization","name":"El Diario - Decano de la prensa nacional","url":"https:\/\/www.eldiario.net\/portal\/","logo":{"@type":"ImageObject","inLanguage":"es","@id":"https:\/\/www.eldiario.net\/portal\/#\/schema\/logo\/image\/","url":"https:\/\/www.eldiario.net\/portal\/wp-content\/uploads\/2023\/07\/logo_ED.jpg","contentUrl":"https:\/\/www.eldiario.net\/portal\/wp-content\/uploads\/2023\/07\/logo_ED.jpg","width":272,"height":52,"caption":"El Diario - Decano de la prensa nacional"},"image":{"@id":"https:\/\/www.eldiario.net\/portal\/#\/schema\/logo\/image\/"},"sameAs":["https:\/\/www.facebook.com\/eldiario.bolivia\/","https:\/\/x.com\/eldiario_net"]},{"@type":"Person","@id":"https:\/\/www.eldiario.net\/portal\/#\/schema\/person\/2c57cf2b7a7ae032e449e4c9b1019eac","name":"Jeanette","image":{"@type":"ImageObject","inLanguage":"es","@id":"https:\/\/secure.gravatar.com\/avatar\/3ea2118a5f7dad2b7138b1187a6b7ee55f160b9968b66013c3a3ef39dd7e5798?s=96&d=mm&r=g","url":"https:\/\/secure.gravatar.com\/avatar\/3ea2118a5f7dad2b7138b1187a6b7ee55f160b9968b66013c3a3ef39dd7e5798?s=96&d=mm&r=g","contentUrl":"https:\/\/secure.gravatar.com\/avatar\/3ea2118a5f7dad2b7138b1187a6b7ee55f160b9968b66013c3a3ef39dd7e5798?s=96&d=mm&r=g","caption":"Jeanette"},"sameAs":["https:\/\/www.eldiario.net\/portal"],"url":"https:\/\/www.eldiario.net\/portal\/author\/jeanette\/"}]}},"_links":{"self":[{"href":"https:\/\/www.eldiario.net\/portal\/wp-json\/wp\/v2\/posts\/226012","targetHints":{"allow":["GET"]}}],"collection":[{"href":"https:\/\/www.eldiario.net\/portal\/wp-json\/wp\/v2\/posts"}],"about":[{"href":"https:\/\/www.eldiario.net\/portal\/wp-json\/wp\/v2\/types\/post"}],"author":[{"embeddable":true,"href":"https:\/\/www.eldiario.net\/portal\/wp-json\/wp\/v2\/users\/1"}],"replies":[{"embeddable":true,"href":"https:\/\/www.eldiario.net\/portal\/wp-json\/wp\/v2\/comments?post=226012"}],"version-history":[{"count":1,"href":"https:\/\/www.eldiario.net\/portal\/wp-json\/wp\/v2\/posts\/226012\/revisions"}],"predecessor-version":[{"id":226014,"href":"https:\/\/www.eldiario.net\/portal\/wp-json\/wp\/v2\/posts\/226012\/revisions\/226014"}],"wp:featuredmedia":[{"embeddable":true,"href":"https:\/\/www.eldiario.net\/portal\/wp-json\/wp\/v2\/media\/226013"}],"wp:attachment":[{"href":"https:\/\/www.eldiario.net\/portal\/wp-json\/wp\/v2\/media?parent=226012"}],"wp:term":[{"taxonomy":"category","embeddable":true,"href":"https:\/\/www.eldiario.net\/portal\/wp-json\/wp\/v2\/categories?post=226012"},{"taxonomy":"post_tag","embeddable":true,"href":"https:\/\/www.eldiario.net\/portal\/wp-json\/wp\/v2\/tags?post=226012"}],"curies":[{"name":"wp","href":"https:\/\/api.w.org\/{rel}","templated":true}]}}