{"id":225802,"date":"2024-06-08T07:25:30","date_gmt":"2024-06-08T11:25:30","guid":{"rendered":"https:\/\/www.eldiario.net\/portal\/?p=225802"},"modified":"2024-06-08T07:25:30","modified_gmt":"2024-06-08T11:25:30","slug":"actor-eric-calancha-necesita-apoyo-para-su-recuperacion","status":"publish","type":"post","link":"https:\/\/www.eldiario.net\/portal\/2024\/06\/08\/actor-eric-calancha-necesita-apoyo-para-su-recuperacion\/","title":{"rendered":"Actor Eric Calancha necesita  apoyo para su recuperaci\u00f3n"},"content":{"rendered":"<p>Eric Calancha nos necesita hoy m\u00e1s que nunca para su recuperaci\u00f3n. El reconocido actor, que protagoniz\u00f3 la exitosa serie nacional \u201cSigo siendo el Rey\u201d, tiene un aplastamiento de las tres primeras v\u00e9rtebras y su estado de salud es delicado. Necesita comprar con suma urgencia dos kits para realizarse un tratamiento de vertebroplast\u00eda.<\/p>\n<p>Con ese objetivo, hace unos d\u00edas ha comenzado una campa\u00f1a de solidaridad con Eric, que continuar\u00e1 hasta lograr reunir el monto que se necesita para encarar su tratamiento m\u00e9dico. Todo suma y sirve para este noble prop\u00f3sito. As\u00ed lo entendieron, por ejemplo, unas amigas del actor que har\u00e1n una kermesse el s\u00e1bado 15 de junio, desde las 9 de la ma\u00f1ana, en la plaza del Tinku de Ciudad Sat\u00e9lite.<\/p>\n<p>\u201cQueridos amigos, continuamos con la campa\u00f1a. Les pido por favor su apoyo y que sigan publicando la campa\u00f1a y (as\u00ed) llegar al objetivo. Les doy las gracias a todas las personas que est\u00e1n haciendo posible que, poco a poco, podamos reunir el monto que se necesita para mi vertebroplast\u00eda. Gracias de todo coraz\u00f3n y que Dios bendiga sus vidas\u201d, expres\u00f3 el artista boliviano.<\/p>\n<p>Las personas que deseen hacer llegar su apoyo solidario, pueden hacerlo al n\u00famero de cuenta 240258-000-001 del BANCO SOL, que est\u00e1 a nombre del actor, Eric Lucio Calancha Coss\u00edo, C.I.4370382 LP.<\/p>\n<p><strong>ALGO DE SU TRAYECTORIA<\/strong><\/p>\n<p>Eric Lucio Calancha Cossio naci\u00f3 en La Paz. Estudi\u00f3 actuaci\u00f3n en cine, teatro, mimo, clown, danza contempor\u00e1nea y folkl\u00f3rica.<\/p>\n<p>\u201cComo actor me adapto a lo que me pide el director. Con mi propio estilo procuro darle el realismo que requiere cada personaje que me toca interpretar. Trato de llevar mis papeles bien preparados y me doy la libertad de improvisar si se presenta algo en el momento de interpretar siguiendo mi instinto\u201d, expres\u00f3 Eric.<\/p>\n<p>Entre los premios que recibi\u00f3 destacan: Mejor Interpretaci\u00f3n en el Concurso Internacional Itinerante de las Am\u00e9ricas y en el Premio Nacional Peter Traves\u00ed Canedo; Mejor Interpretaci\u00f3n en el Concurso Amalia de Gallardo con el cortometraje \u201cAg\u00fcita de mar\u201d; Mejor Actor en el Festival Internacional de Cine Ovalle, Chile, y en el Festival Internacional de Cine de Toronto, Canad\u00e1.<\/p>\n<p>\u201cLa actuaci\u00f3n me ha dado la posibilidad de viajar mucho, conocer mi pa\u00eds de sur a norte y de este a oeste, de conocer gran parte del continente, de conocer amigos, de aprender y vivir experiencias maravillosas junto a grandes actores. Y esa satisfacci\u00f3n que llena el coraz\u00f3n, es compartir con el p\u00fablico y sentir sus aplausos. Esos momentos para m\u00ed son m\u00e1gicos y se llaman felicidad\u201d, resalt\u00f3 el actor.<\/p>\n<p>Entre los trabajos que ha realizado en cine est\u00e1n los largometrajes \u201cPigmalion\u201d y \u201cJustine\u201d, de Pachamama Films y dirigidas por Amy Hesket. En \u201cOlalla\u201d (Mejor Pel\u00edcula Festival Internacional de Horror, M\u00e9xico, 2014), \u201cMuerta pero so\u00f1ando\u201d, \u201cLe marquis de la croix\u201d y \u201cMaleficarum\u201d (Mejor Pel\u00edcula Festival Internacional Cine de Horror EEUU) de Pachamama Films, pel\u00edculas dirigidas por Jac \u00c1vila; \u201cMis esp\u00edritus de Navidad\u201d; y en el documental de ficci\u00f3n: \u201cAquiles Nazoa en Bolivia\u201d (Embajada de Venezuela); \u201cCuando Agosto era 21\u201d y \u201cWarmi Wara- Wara\u201d.<\/p>\n<p>Tambi\u00e9n particip\u00f3 en diferentes cortometrajes, como \u201cLos nombres\u201d (Ganador Mejor Corto Concurso Amalia de Gallardo, 2017); \u201cAg\u00fcita de mar\u201d, dirigida por Daniel Moya, Tres Tribus Cine (Ganador Primer Lugar Concurso Amalia de Gallardo, Ganador Mejor Interpretaci\u00f3n Masculina); \u201cSue\u00f1os que se convierten en pesadillas\u201d, (UNICEF); \u201cLa asamblea\u201d, de Scorso Producciones; \u201cSi acaso en Chuquiago\u201d, dirigido por Daniel Moya, Tres Tribus Cine, (Ganador mejor corto concurso Amalia de Gallardo); \u201cViolencia familiar\u201d (UDAG &#8211; Cochabamba); \u201cManual de la perfecta concepci\u00f3n\u201d (Ganador del concurso Amalia de Gallardo); \u201cDe matadores, mataderos y matarifes\u201d (Ganador Mejor Corto Festival Internacional de Cine Ovalle, Chile, Ganador Mejor Interpretaci\u00f3n Masculina, Ganador Mejor Corto Festival Internacional de Cine Toronto \u2013 Canad\u00e1, Ganador Mejor Interpretaci\u00f3n Masculina); \u201cUn sue\u00f1o realizado\u201d; \u201cKajchiri\u201d;\u00a0 \u201cLa ruleta del destino\u201d, \u201cCambiada por una oveja\u201d; \u201cNelly y Azucena\u201d; \u201cMartha\u201d; \u201cGregorio\u201d; \u201cMadre es la que ama\u201d; \u201cCuando vuelvas nadie te va a querer\u201d y \u201cMujeres Trabajadoras\u201d.<\/p>\n<p>En televisi\u00f3n, hizo el papel protag\u00f3nico en la serie \u201cSigo siendo el rey\u201d, siendo Reynaldo \u201cEl \u201cRey\u201d, dirigida por Paolo Agazzi bajo la producci\u00f3n de D.T.C. (Digital Comunicaciones), y en videos para la reforma educativa (Ministerio de Educaci\u00f3n), productora \u201cUtop\u00eda\u201d, ATB red nacional.<\/p>\n<p>Ha protagonizado tambi\u00e9n las campa\u00f1as publicitarias \u201c25 A\u00f1os Banco Sol\u201d; MONOPOL \u201cLa Familia Pinto\u201d, dirigida por Juan Carlos Valdivia, Cervecer\u00eda Boliviana Nacional \u201cMundial Brasil 2014\u201d; \u201cCoca Cola Mundial Sud \u00c1frica 2010\u201d; \u201cValoremos\u201d, Banco Central de Bolivia y varios otros spots.<\/p>\n<p>En teatro ha realizado giras internacionales con el grupo de teatro \u201cLos Cirujas\u201d con la obra \u201cUna de piratas\u201d (Argentina, Chile y Per\u00fa); tambi\u00e9n, con \u201cErase una vez un rey\u201d, \u201cJuan sin miedo\u201d con el Taller Teatro \u201cLa puerta\u201d (ciudades de Per\u00fa). Y a nivel nacional (Oruro, Potos\u00ed, Cochabamba, Santa Cruz, Tarija, Sucre) con la obra \u201cErase una vez un Rey\u201d del Taller Teatro \u201cLa Puerta\u201d; con ARTEPRESA con la obra \u201cHistoria de dos locos\u201d, de Oscar Alfaro, en escuelas e instituciones de La Paz, El Alto, Potos\u00ed y Cochabamba.<\/p>\n<p>Ha protagonizado las obras de teatro \u201cEl amor se ha estido\u201d junto a la actriz Graciela Tamayo; \u201cLa corona\u201d; \u201cEl de la valija\u201d; \u201cEl amor y la locura\u201d; \u201cEl ruise\u00f1or y la rosa\u201d; \u201cJesucristo en el Siglo XX\u201d; \u201cDemocracia entre comillas\u201d; \u201cApocalipsis\u201d; \u201cEulalia\u201d y \u201cLucha por la educaci\u00f3n\u201d y en \u201cFango Negro\u201d, dirigida por Daniel V\u00e1squez (Venezuela).<\/p>\n<p>Ha participado en varios cert\u00e1menes teatrales, como en el Festival Internacional de Calles Abiertas \u201cFiteca\u201d (Lima \u2013 Per\u00fa) con la obra \u201cJuan Sin Miedo\u201d, en el Festival Internacional de La Paz (FITAZ) con \u201cEl principito\u201d y en el Festival \u201cJulio de la Vega\u201d con la obra \u201cHistoria de dos locos\u201d. Asimismo, en el Festival de Teatro Peter Traves\u00ed (Cochabamba) con la obra \u201cErase una vez un rey\u201d (Ganador de Mejor Interpretaci\u00f3n Masculina).<\/p>\n\r\n                <style type=\"text\/css\">\r\n                    \r\n                    #tdi_1  .td-doubleSlider-2 .td-item1 {\r\n                        background: url(https:\/\/www.eldiario.net\/portal\/wp-content\/uploads\/2024\/06\/1PRINCIPAL-4-80x60.jpg) 0 0 no-repeat;\r\n                    }\r\n                    #tdi_1  .td-doubleSlider-2 .td-item2 {\r\n                        background: url(https:\/\/www.eldiario.net\/portal\/wp-content\/uploads\/2024\/06\/2-3-80x60.jpg) 0 0 no-repeat;\r\n                    }\r\n                    #tdi_1  .td-doubleSlider-2 .td-item3 {\r\n                        background: url(https:\/\/www.eldiario.net\/portal\/wp-content\/uploads\/2024\/06\/3--80x60.jpg) 0 0 no-repeat;\r\n                    }\r\n                    #tdi_1  .td-doubleSlider-2 .td-item4 {\r\n                        background: url(https:\/\/www.eldiario.net\/portal\/wp-content\/uploads\/2024\/06\/4-3-80x60.jpg) 0 0 no-repeat;\r\n                    }\r\n                    #tdi_1  .td-doubleSlider-2 .td-item5 {\r\n                        background: url(https:\/\/www.eldiario.net\/portal\/wp-content\/uploads\/2024\/06\/5--80x60.jpg) 0 0 no-repeat;\r\n                    }\r\n                <\/style>\r\n\r\n                <div id=\"tdi_1\" class=\"td-gallery td-slide-on-2-columns\">\r\n                    <div class=\"post_td_gallery\">\r\n                        <div class=\"td-gallery-slide-top\">\r\n                           <div class=\"td-gallery-title\"><\/div>\r\n\r\n                            <div class=\"td-gallery-controls-wrapper\">\r\n                                <div class=\"td-gallery-slide-count\"><span class=\"td-gallery-slide-item-focus\">1<\/span> de 5<\/div>\r\n                                <div class=\"td-gallery-slide-prev-next-but\">\r\n                                    <i class = \"td-icon-left doubleSliderPrevButton\"><\/i>\r\n                                    <i class = \"td-icon-right doubleSliderNextButton\"><\/i>\r\n                                <\/div>\r\n                            <\/div>\r\n                        <\/div>\r\n\r\n                        <div class = \"td-doubleSlider-1 \">\r\n                            <div class = \"td-slider\">\r\n                                \r\n                    <div class = \"td-slide-item td-item1\">\r\n                        <figure class=\"td-slide-galery-figure td-slide-popup-gallery\">\r\n                            <a class=\"slide-gallery-image-link\" href=\"https:\/\/www.eldiario.net\/portal\/wp-content\/uploads\/2024\/06\/1PRINCIPAL-4.jpg\" title=\"1PRINCIPAL\"  data-caption=\"\"  data-description=\"\">\r\n                                <img decoding=\"async\" src=\"https:\/\/www.eldiario.net\/portal\/wp-content\/uploads\/2024\/06\/1PRINCIPAL-4-840x420.jpg\" srcset=\"https:\/\/www.eldiario.net\/portal\/wp-content\/uploads\/2024\/06\/1PRINCIPAL-4-840x420.jpg 840w, https:\/\/www.eldiario.net\/portal\/wp-content\/uploads\/2024\/06\/1PRINCIPAL-4-300x150.jpg 300w, https:\/\/www.eldiario.net\/portal\/wp-content\/uploads\/2024\/06\/1PRINCIPAL-4-1024x512.jpg 1024w, https:\/\/www.eldiario.net\/portal\/wp-content\/uploads\/2024\/06\/1PRINCIPAL-4-768x384.jpg 768w, https:\/\/www.eldiario.net\/portal\/wp-content\/uploads\/2024\/06\/1PRINCIPAL-4-696x348.jpg 696w, https:\/\/www.eldiario.net\/portal\/wp-content\/uploads\/2024\/06\/1PRINCIPAL-4-1068x534.jpg 1068w, https:\/\/www.eldiario.net\/portal\/wp-content\/uploads\/2024\/06\/1PRINCIPAL-4.jpg 1200w\" sizes=\"(max-width: 840px) 100vw, 840px\" alt=\"\">\r\n                            <\/a>\r\n                            \r\n                        <\/figure>\r\n                    <\/div>\r\n                    <div class = \"td-slide-item td-item2\">\r\n                        <figure class=\"td-slide-galery-figure td-slide-popup-gallery\">\r\n                            <a class=\"slide-gallery-image-link\" href=\"https:\/\/www.eldiario.net\/portal\/wp-content\/uploads\/2024\/06\/2-3.jpg\" title=\"2\"  data-caption=\"\"  data-description=\"\">\r\n                                <img decoding=\"async\" src=\"https:\/\/www.eldiario.net\/portal\/wp-content\/uploads\/2024\/06\/2-3-280x420.jpg\" srcset=\"https:\/\/www.eldiario.net\/portal\/wp-content\/uploads\/2024\/06\/2-3-280x420.jpg 280w, https:\/\/www.eldiario.net\/portal\/wp-content\/uploads\/2024\/06\/2-3-200x300.jpg 200w, https:\/\/www.eldiario.net\/portal\/wp-content\/uploads\/2024\/06\/2-3.jpg 683w\" sizes=\"(max-width: 280px) 100vw, 280px\" alt=\"\">\r\n                            <\/a>\r\n                            \r\n                        <\/figure>\r\n                    <\/div>\r\n                    <div class = \"td-slide-item td-item3\">\r\n                        <figure class=\"td-slide-galery-figure td-slide-popup-gallery\">\r\n                            <a class=\"slide-gallery-image-link\" href=\"https:\/\/www.eldiario.net\/portal\/wp-content\/uploads\/2024\/06\/3-.jpg\" title=\"3-\"  data-caption=\"\"  data-description=\"\">\r\n                                <img decoding=\"async\" src=\"https:\/\/www.eldiario.net\/portal\/wp-content\/uploads\/2024\/06\/3--630x420.jpg\" srcset=\"https:\/\/www.eldiario.net\/portal\/wp-content\/uploads\/2024\/06\/3--630x420.jpg 630w, https:\/\/www.eldiario.net\/portal\/wp-content\/uploads\/2024\/06\/3--300x200.jpg 300w, https:\/\/www.eldiario.net\/portal\/wp-content\/uploads\/2024\/06\/3--696x464.jpg 696w, https:\/\/www.eldiario.net\/portal\/wp-content\/uploads\/2024\/06\/3-.jpg 720w\" sizes=\"(max-width: 630px) 100vw, 630px\" alt=\"\">\r\n                            <\/a>\r\n                            \r\n                        <\/figure>\r\n                    <\/div>\r\n                    <div class = \"td-slide-item td-item4\">\r\n                        <figure class=\"td-slide-galery-figure td-slide-popup-gallery\">\r\n                            <a class=\"slide-gallery-image-link\" href=\"https:\/\/www.eldiario.net\/portal\/wp-content\/uploads\/2024\/06\/4-3.jpg\" title=\"4\"  data-caption=\"\"  data-description=\"\">\r\n                                <img decoding=\"async\" src=\"https:\/\/www.eldiario.net\/portal\/wp-content\/uploads\/2024\/06\/4-3-630x420.jpg\" srcset=\"https:\/\/www.eldiario.net\/portal\/wp-content\/uploads\/2024\/06\/4-3-630x420.jpg 630w, https:\/\/www.eldiario.net\/portal\/wp-content\/uploads\/2024\/06\/4-3-300x200.jpg 300w, https:\/\/www.eldiario.net\/portal\/wp-content\/uploads\/2024\/06\/4-3-768x512.jpg 768w, https:\/\/www.eldiario.net\/portal\/wp-content\/uploads\/2024\/06\/4-3-696x464.jpg 696w, https:\/\/www.eldiario.net\/portal\/wp-content\/uploads\/2024\/06\/4-3.jpg 1024w\" sizes=\"(max-width: 630px) 100vw, 630px\" alt=\"\">\r\n                            <\/a>\r\n                            \r\n                        <\/figure>\r\n                    <\/div>\r\n                    <div class = \"td-slide-item td-item5\">\r\n                        <figure class=\"td-slide-galery-figure td-slide-popup-gallery\">\r\n                            <a class=\"slide-gallery-image-link\" href=\"https:\/\/www.eldiario.net\/portal\/wp-content\/uploads\/2024\/06\/5-.jpg\" title=\"5-\"  data-caption=\"\"  data-description=\"\">\r\n                                <img decoding=\"async\" src=\"https:\/\/www.eldiario.net\/portal\/wp-content\/uploads\/2024\/06\/5--427x420.jpg\" srcset=\"https:\/\/www.eldiario.net\/portal\/wp-content\/uploads\/2024\/06\/5--427x420.jpg 427w, https:\/\/www.eldiario.net\/portal\/wp-content\/uploads\/2024\/06\/5--300x295.jpg 300w, https:\/\/www.eldiario.net\/portal\/wp-content\/uploads\/2024\/06\/5-.jpg 488w\" sizes=\"(max-width: 427px) 100vw, 427px\" alt=\"\">\r\n                            <\/a>\r\n                            \r\n                        <\/figure>\r\n                    <\/div>\r\n                            <\/div>\r\n                        <\/div>\r\n\r\n                        <div class = \"td-doubleSlider-2\">\r\n                            <div class = \"td-slider\">\r\n                                \r\n                    <div class = \"td-button td-item1\">\r\n                        <div class = \"td-border\"><\/div>\r\n                    <\/div>\r\n                    <div class = \"td-button td-item2\">\r\n                        <div class = \"td-border\"><\/div>\r\n                    <\/div>\r\n                    <div class = \"td-button td-item3\">\r\n                        <div class = \"td-border\"><\/div>\r\n                    <\/div>\r\n                    <div class = \"td-button td-item4\">\r\n                        <div class = \"td-border\"><\/div>\r\n                    <\/div>\r\n                    <div class = \"td-button td-item5\">\r\n                        <div class = \"td-border\"><\/div>\r\n                    <\/div>\r\n                            <\/div>\r\n                        <\/div>\r\n\r\n                    <\/div>\r\n\r\n                <\/div>\r\n                \n<p>&nbsp;<\/p>\n","protected":false},"excerpt":{"rendered":"<p>Eric Calancha nos necesita hoy m\u00e1s que nunca para su recuperaci\u00f3n. El reconocido actor, que protagoniz\u00f3 la exitosa serie nacional \u201cSigo siendo el Rey\u201d, tiene un aplastamiento de las tres primeras v\u00e9rtebras y su estado de salud es delicado. Necesita comprar con suma urgencia dos kits para realizarse un tratamiento de vertebroplast\u00eda. Con ese objetivo, [&hellip;]<\/p>\n","protected":false},"author":1,"featured_media":225803,"comment_status":"open","ping_status":"open","sticky":false,"template":"","format":"standard","meta":{"_acf_changed":false,"footnotes":""},"categories":[41],"tags":[],"class_list":["post-225802","post","type-post","status-publish","format-standard","has-post-thumbnail","category-la-guia"],"acf":{"antetitulo":""},"yoast_head":"<!-- This site is optimized with the Yoast SEO plugin v28.3 - https:\/\/yoast.com\/product\/yoast-seo-wordpress\/ -->\n<title>Actor Eric Calancha necesita apoyo para su recuperaci\u00f3n - El Diario - Bolivia<\/title>\n<meta name=\"robots\" content=\"index, follow, max-snippet:-1, max-image-preview:large, max-video-preview:-1\" \/>\n<link rel=\"canonical\" href=\"https:\/\/www.eldiario.net\/portal\/2024\/06\/08\/actor-eric-calancha-necesita-apoyo-para-su-recuperacion\/\" \/>\n<meta property=\"og:locale\" content=\"es_ES\" \/>\n<meta property=\"og:type\" content=\"article\" \/>\n<meta property=\"og:title\" content=\"Actor Eric Calancha necesita apoyo para su recuperaci\u00f3n - El Diario - Bolivia\" \/>\n<meta property=\"og:description\" content=\"Eric Calancha nos necesita hoy m\u00e1s que nunca para su recuperaci\u00f3n. El reconocido actor, que protagoniz\u00f3 la exitosa serie nacional \u201cSigo siendo el Rey\u201d, tiene un aplastamiento de las tres primeras v\u00e9rtebras y su estado de salud es delicado. Necesita comprar con suma urgencia dos kits para realizarse un tratamiento de vertebroplast\u00eda. Con ese objetivo, [&hellip;]\" \/>\n<meta property=\"og:url\" content=\"https:\/\/www.eldiario.net\/portal\/2024\/06\/08\/actor-eric-calancha-necesita-apoyo-para-su-recuperacion\/\" \/>\n<meta property=\"og:site_name\" content=\"El Diario - Bolivia\" \/>\n<meta property=\"article:publisher\" content=\"https:\/\/www.facebook.com\/eldiario.bolivia\/\" \/>\n<meta property=\"article:published_time\" content=\"2024-06-08T11:25:30+00:00\" \/>\n<meta property=\"og:image\" content=\"https:\/\/www.eldiario.net\/portal\/wp-content\/uploads\/2024\/06\/1PRINCIPAL-4.jpg\" \/>\n\t<meta property=\"og:image:width\" content=\"1200\" \/>\n\t<meta property=\"og:image:height\" content=\"600\" \/>\n\t<meta property=\"og:image:type\" content=\"image\/jpeg\" \/>\n<meta name=\"author\" content=\"Jeanette\" \/>\n<meta name=\"twitter:card\" content=\"summary_large_image\" \/>\n<meta name=\"twitter:creator\" content=\"@eldiario_net\" \/>\n<meta name=\"twitter:site\" content=\"@eldiario_net\" \/>\n<meta name=\"twitter:label1\" content=\"Escrito por\" \/>\n\t<meta name=\"twitter:data1\" content=\"Jeanette\" \/>\n\t<meta name=\"twitter:label2\" content=\"Tiempo de lectura\" \/>\n\t<meta name=\"twitter:data2\" content=\"5 minutos\" \/>\n<script type=\"application\/ld+json\" class=\"yoast-schema-graph\">{\"@context\":\"https:\\\/\\\/schema.org\",\"@graph\":[{\"@type\":\"Article\",\"@id\":\"https:\\\/\\\/www.eldiario.net\\\/portal\\\/2024\\\/06\\\/08\\\/actor-eric-calancha-necesita-apoyo-para-su-recuperacion\\\/#article\",\"isPartOf\":{\"@id\":\"https:\\\/\\\/www.eldiario.net\\\/portal\\\/2024\\\/06\\\/08\\\/actor-eric-calancha-necesita-apoyo-para-su-recuperacion\\\/\"},\"author\":{\"name\":\"Jeanette\",\"@id\":\"https:\\\/\\\/www.eldiario.net\\\/portal\\\/#\\\/schema\\\/person\\\/f46445640444750d7d753ccd04ae01b7\"},\"headline\":\"Actor Eric Calancha necesita apoyo para su recuperaci\u00f3n\",\"datePublished\":\"2024-06-08T11:25:30+00:00\",\"mainEntityOfPage\":{\"@id\":\"https:\\\/\\\/www.eldiario.net\\\/portal\\\/2024\\\/06\\\/08\\\/actor-eric-calancha-necesita-apoyo-para-su-recuperacion\\\/\"},\"wordCount\":1029,\"commentCount\":0,\"publisher\":{\"@id\":\"https:\\\/\\\/www.eldiario.net\\\/portal\\\/#organization\"},\"image\":{\"@id\":\"https:\\\/\\\/www.eldiario.net\\\/portal\\\/2024\\\/06\\\/08\\\/actor-eric-calancha-necesita-apoyo-para-su-recuperacion\\\/#primaryimage\"},\"thumbnailUrl\":\"https:\\\/\\\/www.eldiario.net\\\/portal\\\/wp-content\\\/uploads\\\/2024\\\/06\\\/1PRINCIPAL-4.jpg\",\"articleSection\":[\"La Gu\u00eda\"],\"inLanguage\":\"es\",\"potentialAction\":[{\"@type\":\"CommentAction\",\"name\":\"Comment\",\"target\":[\"https:\\\/\\\/www.eldiario.net\\\/portal\\\/2024\\\/06\\\/08\\\/actor-eric-calancha-necesita-apoyo-para-su-recuperacion\\\/#respond\"]}]},{\"@type\":\"WebPage\",\"@id\":\"https:\\\/\\\/www.eldiario.net\\\/portal\\\/2024\\\/06\\\/08\\\/actor-eric-calancha-necesita-apoyo-para-su-recuperacion\\\/\",\"url\":\"https:\\\/\\\/www.eldiario.net\\\/portal\\\/2024\\\/06\\\/08\\\/actor-eric-calancha-necesita-apoyo-para-su-recuperacion\\\/\",\"name\":\"Actor Eric Calancha necesita apoyo para su recuperaci\u00f3n - El Diario - Bolivia\",\"isPartOf\":{\"@id\":\"https:\\\/\\\/www.eldiario.net\\\/portal\\\/#website\"},\"primaryImageOfPage\":{\"@id\":\"https:\\\/\\\/www.eldiario.net\\\/portal\\\/2024\\\/06\\\/08\\\/actor-eric-calancha-necesita-apoyo-para-su-recuperacion\\\/#primaryimage\"},\"image\":{\"@id\":\"https:\\\/\\\/www.eldiario.net\\\/portal\\\/2024\\\/06\\\/08\\\/actor-eric-calancha-necesita-apoyo-para-su-recuperacion\\\/#primaryimage\"},\"thumbnailUrl\":\"https:\\\/\\\/www.eldiario.net\\\/portal\\\/wp-content\\\/uploads\\\/2024\\\/06\\\/1PRINCIPAL-4.jpg\",\"datePublished\":\"2024-06-08T11:25:30+00:00\",\"breadcrumb\":{\"@id\":\"https:\\\/\\\/www.eldiario.net\\\/portal\\\/2024\\\/06\\\/08\\\/actor-eric-calancha-necesita-apoyo-para-su-recuperacion\\\/#breadcrumb\"},\"inLanguage\":\"es\",\"potentialAction\":[{\"@type\":\"ReadAction\",\"target\":[\"https:\\\/\\\/www.eldiario.net\\\/portal\\\/2024\\\/06\\\/08\\\/actor-eric-calancha-necesita-apoyo-para-su-recuperacion\\\/\"]}]},{\"@type\":\"ImageObject\",\"inLanguage\":\"es\",\"@id\":\"https:\\\/\\\/www.eldiario.net\\\/portal\\\/2024\\\/06\\\/08\\\/actor-eric-calancha-necesita-apoyo-para-su-recuperacion\\\/#primaryimage\",\"url\":\"https:\\\/\\\/www.eldiario.net\\\/portal\\\/wp-content\\\/uploads\\\/2024\\\/06\\\/1PRINCIPAL-4.jpg\",\"contentUrl\":\"https:\\\/\\\/www.eldiario.net\\\/portal\\\/wp-content\\\/uploads\\\/2024\\\/06\\\/1PRINCIPAL-4.jpg\",\"width\":1200,\"height\":600},{\"@type\":\"BreadcrumbList\",\"@id\":\"https:\\\/\\\/www.eldiario.net\\\/portal\\\/2024\\\/06\\\/08\\\/actor-eric-calancha-necesita-apoyo-para-su-recuperacion\\\/#breadcrumb\",\"itemListElement\":[{\"@type\":\"ListItem\",\"position\":1,\"name\":\"Portada\",\"item\":\"https:\\\/\\\/www.eldiario.net\\\/portal\\\/\"},{\"@type\":\"ListItem\",\"position\":2,\"name\":\"Actor Eric Calancha necesita apoyo para su recuperaci\u00f3n\"}]},{\"@type\":\"WebSite\",\"@id\":\"https:\\\/\\\/www.eldiario.net\\\/portal\\\/#website\",\"url\":\"https:\\\/\\\/www.eldiario.net\\\/portal\\\/\",\"name\":\"El Diario - Decano de la prensa nacional\",\"description\":\"El Diario - Decano de la prensa nacional\",\"publisher\":{\"@id\":\"https:\\\/\\\/www.eldiario.net\\\/portal\\\/#organization\"},\"potentialAction\":[{\"@type\":\"SearchAction\",\"target\":{\"@type\":\"EntryPoint\",\"urlTemplate\":\"https:\\\/\\\/www.eldiario.net\\\/portal\\\/?s={search_term_string}\"},\"query-input\":{\"@type\":\"PropertyValueSpecification\",\"valueRequired\":true,\"valueName\":\"search_term_string\"}}],\"inLanguage\":\"es\"},{\"@type\":\"Organization\",\"@id\":\"https:\\\/\\\/www.eldiario.net\\\/portal\\\/#organization\",\"name\":\"El Diario - Decano de la prensa nacional\",\"url\":\"https:\\\/\\\/www.eldiario.net\\\/portal\\\/\",\"logo\":{\"@type\":\"ImageObject\",\"inLanguage\":\"es\",\"@id\":\"https:\\\/\\\/www.eldiario.net\\\/portal\\\/#\\\/schema\\\/logo\\\/image\\\/\",\"url\":\"https:\\\/\\\/www.eldiario.net\\\/portal\\\/wp-content\\\/uploads\\\/2023\\\/07\\\/logo_ED.jpg\",\"contentUrl\":\"https:\\\/\\\/www.eldiario.net\\\/portal\\\/wp-content\\\/uploads\\\/2023\\\/07\\\/logo_ED.jpg\",\"width\":272,\"height\":52,\"caption\":\"El Diario - Decano de la prensa nacional\"},\"image\":{\"@id\":\"https:\\\/\\\/www.eldiario.net\\\/portal\\\/#\\\/schema\\\/logo\\\/image\\\/\"},\"sameAs\":[\"https:\\\/\\\/www.facebook.com\\\/eldiario.bolivia\\\/\",\"https:\\\/\\\/x.com\\\/eldiario_net\"]},{\"@type\":\"Person\",\"@id\":\"https:\\\/\\\/www.eldiario.net\\\/portal\\\/#\\\/schema\\\/person\\\/f46445640444750d7d753ccd04ae01b7\",\"name\":\"Jeanette\",\"image\":{\"@type\":\"ImageObject\",\"inLanguage\":\"es\",\"@id\":\"https:\\\/\\\/secure.gravatar.com\\\/avatar\\\/3ea2118a5f7dad2b7138b1187a6b7ee55f160b9968b66013c3a3ef39dd7e5798?s=96&d=mm&r=g\",\"url\":\"https:\\\/\\\/secure.gravatar.com\\\/avatar\\\/3ea2118a5f7dad2b7138b1187a6b7ee55f160b9968b66013c3a3ef39dd7e5798?s=96&d=mm&r=g\",\"contentUrl\":\"https:\\\/\\\/secure.gravatar.com\\\/avatar\\\/3ea2118a5f7dad2b7138b1187a6b7ee55f160b9968b66013c3a3ef39dd7e5798?s=96&d=mm&r=g\",\"caption\":\"Jeanette\"},\"sameAs\":[\"https:\\\/\\\/www.eldiario.net\\\/portal\"],\"url\":\"https:\\\/\\\/www.eldiario.net\\\/portal\\\/author\\\/jeanette\\\/\"}]}<\/script>\n<!-- \/ Yoast SEO plugin. -->","yoast_head_json":{"title":"Actor Eric Calancha necesita apoyo para su recuperaci\u00f3n - El Diario - Bolivia","robots":{"index":"index","follow":"follow","max-snippet":"max-snippet:-1","max-image-preview":"max-image-preview:large","max-video-preview":"max-video-preview:-1"},"canonical":"https:\/\/www.eldiario.net\/portal\/2024\/06\/08\/actor-eric-calancha-necesita-apoyo-para-su-recuperacion\/","og_locale":"es_ES","og_type":"article","og_title":"Actor Eric Calancha necesita apoyo para su recuperaci\u00f3n - El Diario - Bolivia","og_description":"Eric Calancha nos necesita hoy m\u00e1s que nunca para su recuperaci\u00f3n. El reconocido actor, que protagoniz\u00f3 la exitosa serie nacional \u201cSigo siendo el Rey\u201d, tiene un aplastamiento de las tres primeras v\u00e9rtebras y su estado de salud es delicado. Necesita comprar con suma urgencia dos kits para realizarse un tratamiento de vertebroplast\u00eda. Con ese objetivo, [&hellip;]","og_url":"https:\/\/www.eldiario.net\/portal\/2024\/06\/08\/actor-eric-calancha-necesita-apoyo-para-su-recuperacion\/","og_site_name":"El Diario - Bolivia","article_publisher":"https:\/\/www.facebook.com\/eldiario.bolivia\/","article_published_time":"2024-06-08T11:25:30+00:00","og_image":[{"width":1200,"height":600,"url":"https:\/\/www.eldiario.net\/portal\/wp-content\/uploads\/2024\/06\/1PRINCIPAL-4.jpg","type":"image\/jpeg"}],"author":"Jeanette","twitter_card":"summary_large_image","twitter_creator":"@eldiario_net","twitter_site":"@eldiario_net","twitter_misc":{"Escrito por":"Jeanette","Tiempo de lectura":"5 minutos"},"schema":{"@context":"https:\/\/schema.org","@graph":[{"@type":"Article","@id":"https:\/\/www.eldiario.net\/portal\/2024\/06\/08\/actor-eric-calancha-necesita-apoyo-para-su-recuperacion\/#article","isPartOf":{"@id":"https:\/\/www.eldiario.net\/portal\/2024\/06\/08\/actor-eric-calancha-necesita-apoyo-para-su-recuperacion\/"},"author":{"name":"Jeanette","@id":"https:\/\/www.eldiario.net\/portal\/#\/schema\/person\/f46445640444750d7d753ccd04ae01b7"},"headline":"Actor Eric Calancha necesita apoyo para su recuperaci\u00f3n","datePublished":"2024-06-08T11:25:30+00:00","mainEntityOfPage":{"@id":"https:\/\/www.eldiario.net\/portal\/2024\/06\/08\/actor-eric-calancha-necesita-apoyo-para-su-recuperacion\/"},"wordCount":1029,"commentCount":0,"publisher":{"@id":"https:\/\/www.eldiario.net\/portal\/#organization"},"image":{"@id":"https:\/\/www.eldiario.net\/portal\/2024\/06\/08\/actor-eric-calancha-necesita-apoyo-para-su-recuperacion\/#primaryimage"},"thumbnailUrl":"https:\/\/www.eldiario.net\/portal\/wp-content\/uploads\/2024\/06\/1PRINCIPAL-4.jpg","articleSection":["La Gu\u00eda"],"inLanguage":"es","potentialAction":[{"@type":"CommentAction","name":"Comment","target":["https:\/\/www.eldiario.net\/portal\/2024\/06\/08\/actor-eric-calancha-necesita-apoyo-para-su-recuperacion\/#respond"]}]},{"@type":"WebPage","@id":"https:\/\/www.eldiario.net\/portal\/2024\/06\/08\/actor-eric-calancha-necesita-apoyo-para-su-recuperacion\/","url":"https:\/\/www.eldiario.net\/portal\/2024\/06\/08\/actor-eric-calancha-necesita-apoyo-para-su-recuperacion\/","name":"Actor Eric Calancha necesita apoyo para su recuperaci\u00f3n - El Diario - Bolivia","isPartOf":{"@id":"https:\/\/www.eldiario.net\/portal\/#website"},"primaryImageOfPage":{"@id":"https:\/\/www.eldiario.net\/portal\/2024\/06\/08\/actor-eric-calancha-necesita-apoyo-para-su-recuperacion\/#primaryimage"},"image":{"@id":"https:\/\/www.eldiario.net\/portal\/2024\/06\/08\/actor-eric-calancha-necesita-apoyo-para-su-recuperacion\/#primaryimage"},"thumbnailUrl":"https:\/\/www.eldiario.net\/portal\/wp-content\/uploads\/2024\/06\/1PRINCIPAL-4.jpg","datePublished":"2024-06-08T11:25:30+00:00","breadcrumb":{"@id":"https:\/\/www.eldiario.net\/portal\/2024\/06\/08\/actor-eric-calancha-necesita-apoyo-para-su-recuperacion\/#breadcrumb"},"inLanguage":"es","potentialAction":[{"@type":"ReadAction","target":["https:\/\/www.eldiario.net\/portal\/2024\/06\/08\/actor-eric-calancha-necesita-apoyo-para-su-recuperacion\/"]}]},{"@type":"ImageObject","inLanguage":"es","@id":"https:\/\/www.eldiario.net\/portal\/2024\/06\/08\/actor-eric-calancha-necesita-apoyo-para-su-recuperacion\/#primaryimage","url":"https:\/\/www.eldiario.net\/portal\/wp-content\/uploads\/2024\/06\/1PRINCIPAL-4.jpg","contentUrl":"https:\/\/www.eldiario.net\/portal\/wp-content\/uploads\/2024\/06\/1PRINCIPAL-4.jpg","width":1200,"height":600},{"@type":"BreadcrumbList","@id":"https:\/\/www.eldiario.net\/portal\/2024\/06\/08\/actor-eric-calancha-necesita-apoyo-para-su-recuperacion\/#breadcrumb","itemListElement":[{"@type":"ListItem","position":1,"name":"Portada","item":"https:\/\/www.eldiario.net\/portal\/"},{"@type":"ListItem","position":2,"name":"Actor Eric Calancha necesita apoyo para su recuperaci\u00f3n"}]},{"@type":"WebSite","@id":"https:\/\/www.eldiario.net\/portal\/#website","url":"https:\/\/www.eldiario.net\/portal\/","name":"El Diario - Decano de la prensa nacional","description":"El Diario - Decano de la prensa nacional","publisher":{"@id":"https:\/\/www.eldiario.net\/portal\/#organization"},"potentialAction":[{"@type":"SearchAction","target":{"@type":"EntryPoint","urlTemplate":"https:\/\/www.eldiario.net\/portal\/?s={search_term_string}"},"query-input":{"@type":"PropertyValueSpecification","valueRequired":true,"valueName":"search_term_string"}}],"inLanguage":"es"},{"@type":"Organization","@id":"https:\/\/www.eldiario.net\/portal\/#organization","name":"El Diario - Decano de la prensa nacional","url":"https:\/\/www.eldiario.net\/portal\/","logo":{"@type":"ImageObject","inLanguage":"es","@id":"https:\/\/www.eldiario.net\/portal\/#\/schema\/logo\/image\/","url":"https:\/\/www.eldiario.net\/portal\/wp-content\/uploads\/2023\/07\/logo_ED.jpg","contentUrl":"https:\/\/www.eldiario.net\/portal\/wp-content\/uploads\/2023\/07\/logo_ED.jpg","width":272,"height":52,"caption":"El Diario - Decano de la prensa nacional"},"image":{"@id":"https:\/\/www.eldiario.net\/portal\/#\/schema\/logo\/image\/"},"sameAs":["https:\/\/www.facebook.com\/eldiario.bolivia\/","https:\/\/x.com\/eldiario_net"]},{"@type":"Person","@id":"https:\/\/www.eldiario.net\/portal\/#\/schema\/person\/f46445640444750d7d753ccd04ae01b7","name":"Jeanette","image":{"@type":"ImageObject","inLanguage":"es","@id":"https:\/\/secure.gravatar.com\/avatar\/3ea2118a5f7dad2b7138b1187a6b7ee55f160b9968b66013c3a3ef39dd7e5798?s=96&d=mm&r=g","url":"https:\/\/secure.gravatar.com\/avatar\/3ea2118a5f7dad2b7138b1187a6b7ee55f160b9968b66013c3a3ef39dd7e5798?s=96&d=mm&r=g","contentUrl":"https:\/\/secure.gravatar.com\/avatar\/3ea2118a5f7dad2b7138b1187a6b7ee55f160b9968b66013c3a3ef39dd7e5798?s=96&d=mm&r=g","caption":"Jeanette"},"sameAs":["https:\/\/www.eldiario.net\/portal"],"url":"https:\/\/www.eldiario.net\/portal\/author\/jeanette\/"}]}},"_links":{"self":[{"href":"https:\/\/www.eldiario.net\/portal\/wp-json\/wp\/v2\/posts\/225802","targetHints":{"allow":["GET"]}}],"collection":[{"href":"https:\/\/www.eldiario.net\/portal\/wp-json\/wp\/v2\/posts"}],"about":[{"href":"https:\/\/www.eldiario.net\/portal\/wp-json\/wp\/v2\/types\/post"}],"author":[{"embeddable":true,"href":"https:\/\/www.eldiario.net\/portal\/wp-json\/wp\/v2\/users\/1"}],"replies":[{"embeddable":true,"href":"https:\/\/www.eldiario.net\/portal\/wp-json\/wp\/v2\/comments?post=225802"}],"version-history":[{"count":1,"href":"https:\/\/www.eldiario.net\/portal\/wp-json\/wp\/v2\/posts\/225802\/revisions"}],"predecessor-version":[{"id":225808,"href":"https:\/\/www.eldiario.net\/portal\/wp-json\/wp\/v2\/posts\/225802\/revisions\/225808"}],"wp:featuredmedia":[{"embeddable":true,"href":"https:\/\/www.eldiario.net\/portal\/wp-json\/wp\/v2\/media\/225803"}],"wp:attachment":[{"href":"https:\/\/www.eldiario.net\/portal\/wp-json\/wp\/v2\/media?parent=225802"}],"wp:term":[{"taxonomy":"category","embeddable":true,"href":"https:\/\/www.eldiario.net\/portal\/wp-json\/wp\/v2\/categories?post=225802"},{"taxonomy":"post_tag","embeddable":true,"href":"https:\/\/www.eldiario.net\/portal\/wp-json\/wp\/v2\/tags?post=225802"}],"curies":[{"name":"wp","href":"https:\/\/api.w.org\/{rel}","templated":true}]}}