{"id":225765,"date":"2024-06-08T07:11:45","date_gmt":"2024-06-08T11:11:45","guid":{"rendered":"https:\/\/www.eldiario.net\/portal\/?p=225765"},"modified":"2024-06-08T07:11:45","modified_gmt":"2024-06-08T11:11:45","slug":"ivo-mendez-sera-la-cara-del-arbitraje-boliviano","status":"publish","type":"post","link":"https:\/\/www.eldiario.net\/portal\/2024\/06\/08\/ivo-mendez-sera-la-cara-del-arbitraje-boliviano\/","title":{"rendered":"Ivo M\u00e9ndez ser\u00e1 la cara del arbitraje boliviano"},"content":{"rendered":"<p>El \u00e1rbitro cruce\u00f1o Ivo M\u00e9ndez, de 33 a\u00f1os, fue convocado por la Comisi\u00f3n de Arbitraje de la CONMEBOL para viajar el 12 de junio junto a su equipo a la ciudad de Dallas, Estados Unidos, donde participar\u00e1 en un seminario de actualizaci\u00f3n y una preparaci\u00f3n f\u00edsica, antes del inicio de la Copa Am\u00e9rica.<br \/>\nEl arbitraje boliviano fue tomado en cuenta por la CONMEBOL, siendo incluidos M\u00e9ndez, los \u00e1rbitros asistentes Jos\u00e9 Antelo y Edward Saavedra, y el juez VAR, Gery Vargas, en la lista de los 101 colegiados de los 16 pa\u00edses en competencia que se capacitar\u00e1n en la ciudad de Dallas, del 13 al 17 de junio.<br \/>\nEl a\u00f1o pasado, M\u00e9ndez dirigi\u00f3 dos partidos en la Copa Mundial de Indonesia, de la categor\u00eda Sub-17, rama masculina. Entre tanto, este a\u00f1o condujo las acciones en tres compromisos de la Copa Sudamericana y uno de la Copa Libertadores. (APG)<\/p>\n","protected":false},"excerpt":{"rendered":"<p>El \u00e1rbitro cruce\u00f1o Ivo M\u00e9ndez, de 33 a\u00f1os, fue convocado por la Comisi\u00f3n de Arbitraje de la CONMEBOL para viajar el 12 de junio junto a su equipo a la ciudad de Dallas, Estados Unidos, donde participar\u00e1 en un seminario de actualizaci\u00f3n y una preparaci\u00f3n f\u00edsica, antes del inicio de la Copa Am\u00e9rica. El arbitraje [&hellip;]<\/p>\n","protected":false},"author":1,"featured_media":225766,"comment_status":"open","ping_status":"open","sticky":false,"template":"","format":"standard","meta":{"_acf_changed":false,"footnotes":""},"categories":[6],"tags":[],"class_list":["post-225765","post","type-post","status-publish","format-standard","has-post-thumbnail","category-deportes"],"acf":{"antetitulo":"Copa Am\u00e9rica"},"yoast_head":"<!-- This site is optimized with the Yoast SEO plugin v28.4 - https:\/\/yoast.com\/product\/yoast-seo-wordpress\/ -->\n<title>Ivo M\u00e9ndez ser\u00e1 la cara del arbitraje boliviano - El Diario - Bolivia<\/title>\n<meta name=\"robots\" content=\"index, follow, max-snippet:-1, max-image-preview:large, max-video-preview:-1\" \/>\n<link rel=\"canonical\" href=\"https:\/\/www.eldiario.net\/portal\/2024\/06\/08\/ivo-mendez-sera-la-cara-del-arbitraje-boliviano\/\" \/>\n<meta property=\"og:locale\" content=\"es_ES\" \/>\n<meta property=\"og:type\" content=\"article\" \/>\n<meta property=\"og:title\" content=\"Ivo M\u00e9ndez ser\u00e1 la cara del arbitraje boliviano - El Diario - Bolivia\" \/>\n<meta property=\"og:description\" content=\"El \u00e1rbitro cruce\u00f1o Ivo M\u00e9ndez, de 33 a\u00f1os, fue convocado por la Comisi\u00f3n de Arbitraje de la CONMEBOL para viajar el 12 de junio junto a su equipo a la ciudad de Dallas, Estados Unidos, donde participar\u00e1 en un seminario de actualizaci\u00f3n y una preparaci\u00f3n f\u00edsica, antes del inicio de la Copa Am\u00e9rica. El arbitraje [&hellip;]\" \/>\n<meta property=\"og:url\" content=\"https:\/\/www.eldiario.net\/portal\/2024\/06\/08\/ivo-mendez-sera-la-cara-del-arbitraje-boliviano\/\" \/>\n<meta property=\"og:site_name\" content=\"El Diario - Bolivia\" \/>\n<meta property=\"article:publisher\" content=\"https:\/\/www.facebook.com\/eldiario.bolivia\/\" \/>\n<meta property=\"article:published_time\" content=\"2024-06-08T11:11:45+00:00\" \/>\n<meta property=\"og:image\" content=\"https:\/\/www.eldiario.net\/portal\/wp-content\/uploads\/2024\/06\/FOTO-22.jpg\" \/>\n\t<meta property=\"og:image:width\" content=\"645\" \/>\n\t<meta property=\"og:image:height\" content=\"510\" \/>\n\t<meta property=\"og:image:type\" content=\"image\/jpeg\" \/>\n<meta name=\"author\" content=\"Jeanette\" \/>\n<meta name=\"twitter:card\" content=\"summary_large_image\" \/>\n<meta name=\"twitter:creator\" content=\"@eldiario_net\" \/>\n<meta name=\"twitter:site\" content=\"@eldiario_net\" \/>\n<meta name=\"twitter:label1\" content=\"Escrito por\" \/>\n\t<meta name=\"twitter:data1\" content=\"Jeanette\" \/>\n\t<meta name=\"twitter:label2\" content=\"Tiempo de lectura\" \/>\n\t<meta name=\"twitter:data2\" content=\"1 minuto\" \/>\n<script type=\"application\/ld+json\" class=\"yoast-schema-graph\">{\"@context\":\"https:\\\/\\\/schema.org\",\"@graph\":[{\"@type\":\"Article\",\"@id\":\"https:\\\/\\\/www.eldiario.net\\\/portal\\\/2024\\\/06\\\/08\\\/ivo-mendez-sera-la-cara-del-arbitraje-boliviano\\\/#article\",\"isPartOf\":{\"@id\":\"https:\\\/\\\/www.eldiario.net\\\/portal\\\/2024\\\/06\\\/08\\\/ivo-mendez-sera-la-cara-del-arbitraje-boliviano\\\/\"},\"author\":{\"name\":\"Jeanette\",\"@id\":\"https:\\\/\\\/www.eldiario.net\\\/portal\\\/#\\\/schema\\\/person\\\/2c57cf2b7a7ae032e449e4c9b1019eac\"},\"headline\":\"Ivo M\u00e9ndez ser\u00e1 la cara del arbitraje boliviano\",\"datePublished\":\"2024-06-08T11:11:45+00:00\",\"mainEntityOfPage\":{\"@id\":\"https:\\\/\\\/www.eldiario.net\\\/portal\\\/2024\\\/06\\\/08\\\/ivo-mendez-sera-la-cara-del-arbitraje-boliviano\\\/\"},\"wordCount\":165,\"commentCount\":0,\"publisher\":{\"@id\":\"https:\\\/\\\/www.eldiario.net\\\/portal\\\/#organization\"},\"image\":{\"@id\":\"https:\\\/\\\/www.eldiario.net\\\/portal\\\/2024\\\/06\\\/08\\\/ivo-mendez-sera-la-cara-del-arbitraje-boliviano\\\/#primaryimage\"},\"thumbnailUrl\":\"https:\\\/\\\/www.eldiario.net\\\/portal\\\/wp-content\\\/uploads\\\/2024\\\/06\\\/FOTO-22.jpg\",\"articleSection\":[\"Deportes\"],\"inLanguage\":\"es\",\"potentialAction\":[{\"@type\":\"CommentAction\",\"name\":\"Comment\",\"target\":[\"https:\\\/\\\/www.eldiario.net\\\/portal\\\/2024\\\/06\\\/08\\\/ivo-mendez-sera-la-cara-del-arbitraje-boliviano\\\/#respond\"]}]},{\"@type\":\"WebPage\",\"@id\":\"https:\\\/\\\/www.eldiario.net\\\/portal\\\/2024\\\/06\\\/08\\\/ivo-mendez-sera-la-cara-del-arbitraje-boliviano\\\/\",\"url\":\"https:\\\/\\\/www.eldiario.net\\\/portal\\\/2024\\\/06\\\/08\\\/ivo-mendez-sera-la-cara-del-arbitraje-boliviano\\\/\",\"name\":\"Ivo M\u00e9ndez ser\u00e1 la cara del arbitraje boliviano - El Diario - Bolivia\",\"isPartOf\":{\"@id\":\"https:\\\/\\\/www.eldiario.net\\\/portal\\\/#website\"},\"primaryImageOfPage\":{\"@id\":\"https:\\\/\\\/www.eldiario.net\\\/portal\\\/2024\\\/06\\\/08\\\/ivo-mendez-sera-la-cara-del-arbitraje-boliviano\\\/#primaryimage\"},\"image\":{\"@id\":\"https:\\\/\\\/www.eldiario.net\\\/portal\\\/2024\\\/06\\\/08\\\/ivo-mendez-sera-la-cara-del-arbitraje-boliviano\\\/#primaryimage\"},\"thumbnailUrl\":\"https:\\\/\\\/www.eldiario.net\\\/portal\\\/wp-content\\\/uploads\\\/2024\\\/06\\\/FOTO-22.jpg\",\"datePublished\":\"2024-06-08T11:11:45+00:00\",\"breadcrumb\":{\"@id\":\"https:\\\/\\\/www.eldiario.net\\\/portal\\\/2024\\\/06\\\/08\\\/ivo-mendez-sera-la-cara-del-arbitraje-boliviano\\\/#breadcrumb\"},\"inLanguage\":\"es\",\"potentialAction\":[{\"@type\":\"ReadAction\",\"target\":[\"https:\\\/\\\/www.eldiario.net\\\/portal\\\/2024\\\/06\\\/08\\\/ivo-mendez-sera-la-cara-del-arbitraje-boliviano\\\/\"]}]},{\"@type\":\"ImageObject\",\"inLanguage\":\"es\",\"@id\":\"https:\\\/\\\/www.eldiario.net\\\/portal\\\/2024\\\/06\\\/08\\\/ivo-mendez-sera-la-cara-del-arbitraje-boliviano\\\/#primaryimage\",\"url\":\"https:\\\/\\\/www.eldiario.net\\\/portal\\\/wp-content\\\/uploads\\\/2024\\\/06\\\/FOTO-22.jpg\",\"contentUrl\":\"https:\\\/\\\/www.eldiario.net\\\/portal\\\/wp-content\\\/uploads\\\/2024\\\/06\\\/FOTO-22.jpg\",\"width\":645,\"height\":510},{\"@type\":\"BreadcrumbList\",\"@id\":\"https:\\\/\\\/www.eldiario.net\\\/portal\\\/2024\\\/06\\\/08\\\/ivo-mendez-sera-la-cara-del-arbitraje-boliviano\\\/#breadcrumb\",\"itemListElement\":[{\"@type\":\"ListItem\",\"position\":1,\"name\":\"Portada\",\"item\":\"https:\\\/\\\/www.eldiario.net\\\/portal\\\/\"},{\"@type\":\"ListItem\",\"position\":2,\"name\":\"Ivo M\u00e9ndez ser\u00e1 la cara del arbitraje boliviano\"}]},{\"@type\":\"WebSite\",\"@id\":\"https:\\\/\\\/www.eldiario.net\\\/portal\\\/#website\",\"url\":\"https:\\\/\\\/www.eldiario.net\\\/portal\\\/\",\"name\":\"El Diario - Decano de la prensa nacional\",\"description\":\"El Diario - Decano de la prensa nacional\",\"publisher\":{\"@id\":\"https:\\\/\\\/www.eldiario.net\\\/portal\\\/#organization\"},\"potentialAction\":[{\"@type\":\"SearchAction\",\"target\":{\"@type\":\"EntryPoint\",\"urlTemplate\":\"https:\\\/\\\/www.eldiario.net\\\/portal\\\/?s={search_term_string}\"},\"query-input\":{\"@type\":\"PropertyValueSpecification\",\"valueRequired\":true,\"valueName\":\"search_term_string\"}}],\"inLanguage\":\"es\"},{\"@type\":\"Organization\",\"@id\":\"https:\\\/\\\/www.eldiario.net\\\/portal\\\/#organization\",\"name\":\"El Diario - Decano de la prensa nacional\",\"url\":\"https:\\\/\\\/www.eldiario.net\\\/portal\\\/\",\"logo\":{\"@type\":\"ImageObject\",\"inLanguage\":\"es\",\"@id\":\"https:\\\/\\\/www.eldiario.net\\\/portal\\\/#\\\/schema\\\/logo\\\/image\\\/\",\"url\":\"https:\\\/\\\/www.eldiario.net\\\/portal\\\/wp-content\\\/uploads\\\/2023\\\/07\\\/logo_ED.jpg\",\"contentUrl\":\"https:\\\/\\\/www.eldiario.net\\\/portal\\\/wp-content\\\/uploads\\\/2023\\\/07\\\/logo_ED.jpg\",\"width\":272,\"height\":52,\"caption\":\"El Diario - Decano de la prensa nacional\"},\"image\":{\"@id\":\"https:\\\/\\\/www.eldiario.net\\\/portal\\\/#\\\/schema\\\/logo\\\/image\\\/\"},\"sameAs\":[\"https:\\\/\\\/www.facebook.com\\\/eldiario.bolivia\\\/\",\"https:\\\/\\\/x.com\\\/eldiario_net\"]},{\"@type\":\"Person\",\"@id\":\"https:\\\/\\\/www.eldiario.net\\\/portal\\\/#\\\/schema\\\/person\\\/2c57cf2b7a7ae032e449e4c9b1019eac\",\"name\":\"Jeanette\",\"image\":{\"@type\":\"ImageObject\",\"inLanguage\":\"es\",\"@id\":\"https:\\\/\\\/secure.gravatar.com\\\/avatar\\\/3ea2118a5f7dad2b7138b1187a6b7ee55f160b9968b66013c3a3ef39dd7e5798?s=96&d=mm&r=g\",\"url\":\"https:\\\/\\\/secure.gravatar.com\\\/avatar\\\/3ea2118a5f7dad2b7138b1187a6b7ee55f160b9968b66013c3a3ef39dd7e5798?s=96&d=mm&r=g\",\"contentUrl\":\"https:\\\/\\\/secure.gravatar.com\\\/avatar\\\/3ea2118a5f7dad2b7138b1187a6b7ee55f160b9968b66013c3a3ef39dd7e5798?s=96&d=mm&r=g\",\"caption\":\"Jeanette\"},\"sameAs\":[\"https:\\\/\\\/www.eldiario.net\\\/portal\"],\"url\":\"https:\\\/\\\/www.eldiario.net\\\/portal\\\/author\\\/jeanette\\\/\"}]}<\/script>\n<!-- \/ Yoast SEO plugin. -->","yoast_head_json":{"title":"Ivo M\u00e9ndez ser\u00e1 la cara del arbitraje boliviano - El Diario - Bolivia","robots":{"index":"index","follow":"follow","max-snippet":"max-snippet:-1","max-image-preview":"max-image-preview:large","max-video-preview":"max-video-preview:-1"},"canonical":"https:\/\/www.eldiario.net\/portal\/2024\/06\/08\/ivo-mendez-sera-la-cara-del-arbitraje-boliviano\/","og_locale":"es_ES","og_type":"article","og_title":"Ivo M\u00e9ndez ser\u00e1 la cara del arbitraje boliviano - El Diario - Bolivia","og_description":"El \u00e1rbitro cruce\u00f1o Ivo M\u00e9ndez, de 33 a\u00f1os, fue convocado por la Comisi\u00f3n de Arbitraje de la CONMEBOL para viajar el 12 de junio junto a su equipo a la ciudad de Dallas, Estados Unidos, donde participar\u00e1 en un seminario de actualizaci\u00f3n y una preparaci\u00f3n f\u00edsica, antes del inicio de la Copa Am\u00e9rica. El arbitraje [&hellip;]","og_url":"https:\/\/www.eldiario.net\/portal\/2024\/06\/08\/ivo-mendez-sera-la-cara-del-arbitraje-boliviano\/","og_site_name":"El Diario - Bolivia","article_publisher":"https:\/\/www.facebook.com\/eldiario.bolivia\/","article_published_time":"2024-06-08T11:11:45+00:00","og_image":[{"width":645,"height":510,"url":"https:\/\/www.eldiario.net\/portal\/wp-content\/uploads\/2024\/06\/FOTO-22.jpg","type":"image\/jpeg"}],"author":"Jeanette","twitter_card":"summary_large_image","twitter_creator":"@eldiario_net","twitter_site":"@eldiario_net","twitter_misc":{"Escrito por":"Jeanette","Tiempo de lectura":"1 minuto"},"schema":{"@context":"https:\/\/schema.org","@graph":[{"@type":"Article","@id":"https:\/\/www.eldiario.net\/portal\/2024\/06\/08\/ivo-mendez-sera-la-cara-del-arbitraje-boliviano\/#article","isPartOf":{"@id":"https:\/\/www.eldiario.net\/portal\/2024\/06\/08\/ivo-mendez-sera-la-cara-del-arbitraje-boliviano\/"},"author":{"name":"Jeanette","@id":"https:\/\/www.eldiario.net\/portal\/#\/schema\/person\/2c57cf2b7a7ae032e449e4c9b1019eac"},"headline":"Ivo M\u00e9ndez ser\u00e1 la cara del arbitraje boliviano","datePublished":"2024-06-08T11:11:45+00:00","mainEntityOfPage":{"@id":"https:\/\/www.eldiario.net\/portal\/2024\/06\/08\/ivo-mendez-sera-la-cara-del-arbitraje-boliviano\/"},"wordCount":165,"commentCount":0,"publisher":{"@id":"https:\/\/www.eldiario.net\/portal\/#organization"},"image":{"@id":"https:\/\/www.eldiario.net\/portal\/2024\/06\/08\/ivo-mendez-sera-la-cara-del-arbitraje-boliviano\/#primaryimage"},"thumbnailUrl":"https:\/\/www.eldiario.net\/portal\/wp-content\/uploads\/2024\/06\/FOTO-22.jpg","articleSection":["Deportes"],"inLanguage":"es","potentialAction":[{"@type":"CommentAction","name":"Comment","target":["https:\/\/www.eldiario.net\/portal\/2024\/06\/08\/ivo-mendez-sera-la-cara-del-arbitraje-boliviano\/#respond"]}]},{"@type":"WebPage","@id":"https:\/\/www.eldiario.net\/portal\/2024\/06\/08\/ivo-mendez-sera-la-cara-del-arbitraje-boliviano\/","url":"https:\/\/www.eldiario.net\/portal\/2024\/06\/08\/ivo-mendez-sera-la-cara-del-arbitraje-boliviano\/","name":"Ivo M\u00e9ndez ser\u00e1 la cara del arbitraje boliviano - El Diario - Bolivia","isPartOf":{"@id":"https:\/\/www.eldiario.net\/portal\/#website"},"primaryImageOfPage":{"@id":"https:\/\/www.eldiario.net\/portal\/2024\/06\/08\/ivo-mendez-sera-la-cara-del-arbitraje-boliviano\/#primaryimage"},"image":{"@id":"https:\/\/www.eldiario.net\/portal\/2024\/06\/08\/ivo-mendez-sera-la-cara-del-arbitraje-boliviano\/#primaryimage"},"thumbnailUrl":"https:\/\/www.eldiario.net\/portal\/wp-content\/uploads\/2024\/06\/FOTO-22.jpg","datePublished":"2024-06-08T11:11:45+00:00","breadcrumb":{"@id":"https:\/\/www.eldiario.net\/portal\/2024\/06\/08\/ivo-mendez-sera-la-cara-del-arbitraje-boliviano\/#breadcrumb"},"inLanguage":"es","potentialAction":[{"@type":"ReadAction","target":["https:\/\/www.eldiario.net\/portal\/2024\/06\/08\/ivo-mendez-sera-la-cara-del-arbitraje-boliviano\/"]}]},{"@type":"ImageObject","inLanguage":"es","@id":"https:\/\/www.eldiario.net\/portal\/2024\/06\/08\/ivo-mendez-sera-la-cara-del-arbitraje-boliviano\/#primaryimage","url":"https:\/\/www.eldiario.net\/portal\/wp-content\/uploads\/2024\/06\/FOTO-22.jpg","contentUrl":"https:\/\/www.eldiario.net\/portal\/wp-content\/uploads\/2024\/06\/FOTO-22.jpg","width":645,"height":510},{"@type":"BreadcrumbList","@id":"https:\/\/www.eldiario.net\/portal\/2024\/06\/08\/ivo-mendez-sera-la-cara-del-arbitraje-boliviano\/#breadcrumb","itemListElement":[{"@type":"ListItem","position":1,"name":"Portada","item":"https:\/\/www.eldiario.net\/portal\/"},{"@type":"ListItem","position":2,"name":"Ivo M\u00e9ndez ser\u00e1 la cara del arbitraje boliviano"}]},{"@type":"WebSite","@id":"https:\/\/www.eldiario.net\/portal\/#website","url":"https:\/\/www.eldiario.net\/portal\/","name":"El Diario - Decano de la prensa nacional","description":"El Diario - Decano de la prensa nacional","publisher":{"@id":"https:\/\/www.eldiario.net\/portal\/#organization"},"potentialAction":[{"@type":"SearchAction","target":{"@type":"EntryPoint","urlTemplate":"https:\/\/www.eldiario.net\/portal\/?s={search_term_string}"},"query-input":{"@type":"PropertyValueSpecification","valueRequired":true,"valueName":"search_term_string"}}],"inLanguage":"es"},{"@type":"Organization","@id":"https:\/\/www.eldiario.net\/portal\/#organization","name":"El Diario - Decano de la prensa nacional","url":"https:\/\/www.eldiario.net\/portal\/","logo":{"@type":"ImageObject","inLanguage":"es","@id":"https:\/\/www.eldiario.net\/portal\/#\/schema\/logo\/image\/","url":"https:\/\/www.eldiario.net\/portal\/wp-content\/uploads\/2023\/07\/logo_ED.jpg","contentUrl":"https:\/\/www.eldiario.net\/portal\/wp-content\/uploads\/2023\/07\/logo_ED.jpg","width":272,"height":52,"caption":"El Diario - Decano de la prensa nacional"},"image":{"@id":"https:\/\/www.eldiario.net\/portal\/#\/schema\/logo\/image\/"},"sameAs":["https:\/\/www.facebook.com\/eldiario.bolivia\/","https:\/\/x.com\/eldiario_net"]},{"@type":"Person","@id":"https:\/\/www.eldiario.net\/portal\/#\/schema\/person\/2c57cf2b7a7ae032e449e4c9b1019eac","name":"Jeanette","image":{"@type":"ImageObject","inLanguage":"es","@id":"https:\/\/secure.gravatar.com\/avatar\/3ea2118a5f7dad2b7138b1187a6b7ee55f160b9968b66013c3a3ef39dd7e5798?s=96&d=mm&r=g","url":"https:\/\/secure.gravatar.com\/avatar\/3ea2118a5f7dad2b7138b1187a6b7ee55f160b9968b66013c3a3ef39dd7e5798?s=96&d=mm&r=g","contentUrl":"https:\/\/secure.gravatar.com\/avatar\/3ea2118a5f7dad2b7138b1187a6b7ee55f160b9968b66013c3a3ef39dd7e5798?s=96&d=mm&r=g","caption":"Jeanette"},"sameAs":["https:\/\/www.eldiario.net\/portal"],"url":"https:\/\/www.eldiario.net\/portal\/author\/jeanette\/"}]}},"_links":{"self":[{"href":"https:\/\/www.eldiario.net\/portal\/wp-json\/wp\/v2\/posts\/225765","targetHints":{"allow":["GET"]}}],"collection":[{"href":"https:\/\/www.eldiario.net\/portal\/wp-json\/wp\/v2\/posts"}],"about":[{"href":"https:\/\/www.eldiario.net\/portal\/wp-json\/wp\/v2\/types\/post"}],"author":[{"embeddable":true,"href":"https:\/\/www.eldiario.net\/portal\/wp-json\/wp\/v2\/users\/1"}],"replies":[{"embeddable":true,"href":"https:\/\/www.eldiario.net\/portal\/wp-json\/wp\/v2\/comments?post=225765"}],"version-history":[{"count":1,"href":"https:\/\/www.eldiario.net\/portal\/wp-json\/wp\/v2\/posts\/225765\/revisions"}],"predecessor-version":[{"id":225767,"href":"https:\/\/www.eldiario.net\/portal\/wp-json\/wp\/v2\/posts\/225765\/revisions\/225767"}],"wp:featuredmedia":[{"embeddable":true,"href":"https:\/\/www.eldiario.net\/portal\/wp-json\/wp\/v2\/media\/225766"}],"wp:attachment":[{"href":"https:\/\/www.eldiario.net\/portal\/wp-json\/wp\/v2\/media?parent=225765"}],"wp:term":[{"taxonomy":"category","embeddable":true,"href":"https:\/\/www.eldiario.net\/portal\/wp-json\/wp\/v2\/categories?post=225765"},{"taxonomy":"post_tag","embeddable":true,"href":"https:\/\/www.eldiario.net\/portal\/wp-json\/wp\/v2\/tags?post=225765"}],"curies":[{"name":"wp","href":"https:\/\/api.w.org\/{rel}","templated":true}]}}