{"id":225762,"date":"2024-06-08T07:11:23","date_gmt":"2024-06-08T11:11:23","guid":{"rendered":"https:\/\/www.eldiario.net\/portal\/?p=225762"},"modified":"2024-06-08T07:11:23","modified_gmt":"2024-06-08T11:11:23","slug":"haquin-sera-el-capitan-del-onceno-nacional","status":"publish","type":"post","link":"https:\/\/www.eldiario.net\/portal\/2024\/06\/08\/haquin-sera-el-capitan-del-onceno-nacional\/","title":{"rendered":"Haqu\u00edn ser\u00e1 el capit\u00e1n del onceno nacional"},"content":{"rendered":"<p>Luis Fernando Haqu\u00edn L\u00f3pez fue elegido por el cuerpo t\u00e9cnico y sus compa\u00f1eros como el capit\u00e1n de la Selecci\u00f3n Nacional para la participaci\u00f3n en la Copa Am\u00e9rica USA 2024, que comenzar\u00e1 para el cuadro verde en dos semanas, con el compromiso frente a los anfitriones.<br \/>\nEsta ser\u00e1 la primera Copa que Bolivia jugar\u00e1 sin Marcelo Martins Moreno, quien era el capit\u00e1n y su cintillo ser\u00e1 designado a Haqu\u00edn, defensor de 26 a\u00f1os, quien asistir\u00e1 a su tercera Copa. Tiene cuatro cotejos disputados en este certamen, incluidas sus actuaciones en 2019 y 2021.<br \/>\nHaqu\u00edn lleg\u00f3 a la concentraci\u00f3n de la Selecci\u00f3n Nacional como uno de los siete \u201clegionarios\u201d, el zaguero act\u00faa en el Ponte Preta, de Brasil, que act\u00faa en la Serie \u201cB\u201d. En sus ocho a\u00f1os como futbolista profesional jug\u00f3 fuera del pa\u00eds en Puebla (M\u00e9xico), Deportes Melipilla (Chile), Carlos Mannucci (Per\u00fa) y el a\u00f1o pasado actu\u00f3 en Deportivo Cali (Colombia).<br \/>\n\u201cEstoy seguro, hablando por mis compa\u00f1eros, el objetivo personal siempre es mejorar, siempre hacer bien las cosas. Nadie entra con el pensamiento de equivocarse o hacer un mal partido\u201d, declar\u00f3 Haqu\u00edn. (APG)<\/p>\n","protected":false},"excerpt":{"rendered":"<p>Luis Fernando Haqu\u00edn L\u00f3pez fue elegido por el cuerpo t\u00e9cnico y sus compa\u00f1eros como el capit\u00e1n de la Selecci\u00f3n Nacional para la participaci\u00f3n en la Copa Am\u00e9rica USA 2024, que comenzar\u00e1 para el cuadro verde en dos semanas, con el compromiso frente a los anfitriones. Esta ser\u00e1 la primera Copa que Bolivia jugar\u00e1 sin Marcelo [&hellip;]<\/p>\n","protected":false},"author":1,"featured_media":225763,"comment_status":"open","ping_status":"open","sticky":false,"template":"","format":"standard","meta":{"_acf_changed":false,"footnotes":""},"categories":[6],"tags":[],"class_list":["post-225762","post","type-post","status-publish","format-standard","has-post-thumbnail","category-deportes"],"acf":{"antetitulo":""},"yoast_head":"<!-- This site is optimized with the Yoast SEO plugin v28.4 - https:\/\/yoast.com\/product\/yoast-seo-wordpress\/ -->\n<title>Haqu\u00edn ser\u00e1 el capit\u00e1n del onceno nacional - El Diario - Bolivia<\/title>\n<meta name=\"robots\" content=\"index, follow, max-snippet:-1, max-image-preview:large, max-video-preview:-1\" \/>\n<link rel=\"canonical\" href=\"https:\/\/www.eldiario.net\/portal\/2024\/06\/08\/haquin-sera-el-capitan-del-onceno-nacional\/\" \/>\n<meta property=\"og:locale\" content=\"es_ES\" \/>\n<meta property=\"og:type\" content=\"article\" \/>\n<meta property=\"og:title\" content=\"Haqu\u00edn ser\u00e1 el capit\u00e1n del onceno nacional - El Diario - Bolivia\" \/>\n<meta property=\"og:description\" content=\"Luis Fernando Haqu\u00edn L\u00f3pez fue elegido por el cuerpo t\u00e9cnico y sus compa\u00f1eros como el capit\u00e1n de la Selecci\u00f3n Nacional para la participaci\u00f3n en la Copa Am\u00e9rica USA 2024, que comenzar\u00e1 para el cuadro verde en dos semanas, con el compromiso frente a los anfitriones. Esta ser\u00e1 la primera Copa que Bolivia jugar\u00e1 sin Marcelo [&hellip;]\" \/>\n<meta property=\"og:url\" content=\"https:\/\/www.eldiario.net\/portal\/2024\/06\/08\/haquin-sera-el-capitan-del-onceno-nacional\/\" \/>\n<meta property=\"og:site_name\" content=\"El Diario - Bolivia\" \/>\n<meta property=\"article:publisher\" content=\"https:\/\/www.facebook.com\/eldiario.bolivia\/\" \/>\n<meta property=\"article:published_time\" content=\"2024-06-08T11:11:23+00:00\" \/>\n<meta property=\"og:image\" content=\"https:\/\/www.eldiario.net\/portal\/wp-content\/uploads\/2024\/06\/FOTO-23.jpg\" \/>\n\t<meta property=\"og:image:width\" content=\"300\" \/>\n\t<meta property=\"og:image:height\" content=\"168\" \/>\n\t<meta property=\"og:image:type\" content=\"image\/jpeg\" \/>\n<meta name=\"author\" content=\"Jeanette\" \/>\n<meta name=\"twitter:card\" content=\"summary_large_image\" \/>\n<meta name=\"twitter:creator\" content=\"@eldiario_net\" \/>\n<meta name=\"twitter:site\" content=\"@eldiario_net\" \/>\n<meta name=\"twitter:label1\" content=\"Escrito por\" \/>\n\t<meta name=\"twitter:data1\" content=\"Jeanette\" \/>\n\t<meta name=\"twitter:label2\" content=\"Tiempo de lectura\" \/>\n\t<meta name=\"twitter:data2\" content=\"2 minutos\" \/>\n<script type=\"application\/ld+json\" class=\"yoast-schema-graph\">{\"@context\":\"https:\\\/\\\/schema.org\",\"@graph\":[{\"@type\":\"Article\",\"@id\":\"https:\\\/\\\/www.eldiario.net\\\/portal\\\/2024\\\/06\\\/08\\\/haquin-sera-el-capitan-del-onceno-nacional\\\/#article\",\"isPartOf\":{\"@id\":\"https:\\\/\\\/www.eldiario.net\\\/portal\\\/2024\\\/06\\\/08\\\/haquin-sera-el-capitan-del-onceno-nacional\\\/\"},\"author\":{\"name\":\"Jeanette\",\"@id\":\"https:\\\/\\\/www.eldiario.net\\\/portal\\\/#\\\/schema\\\/person\\\/2c57cf2b7a7ae032e449e4c9b1019eac\"},\"headline\":\"Haqu\u00edn ser\u00e1 el capit\u00e1n del onceno nacional\",\"datePublished\":\"2024-06-08T11:11:23+00:00\",\"mainEntityOfPage\":{\"@id\":\"https:\\\/\\\/www.eldiario.net\\\/portal\\\/2024\\\/06\\\/08\\\/haquin-sera-el-capitan-del-onceno-nacional\\\/\"},\"wordCount\":210,\"commentCount\":0,\"publisher\":{\"@id\":\"https:\\\/\\\/www.eldiario.net\\\/portal\\\/#organization\"},\"image\":{\"@id\":\"https:\\\/\\\/www.eldiario.net\\\/portal\\\/2024\\\/06\\\/08\\\/haquin-sera-el-capitan-del-onceno-nacional\\\/#primaryimage\"},\"thumbnailUrl\":\"https:\\\/\\\/www.eldiario.net\\\/portal\\\/wp-content\\\/uploads\\\/2024\\\/06\\\/FOTO-23.jpg\",\"articleSection\":[\"Deportes\"],\"inLanguage\":\"es\",\"potentialAction\":[{\"@type\":\"CommentAction\",\"name\":\"Comment\",\"target\":[\"https:\\\/\\\/www.eldiario.net\\\/portal\\\/2024\\\/06\\\/08\\\/haquin-sera-el-capitan-del-onceno-nacional\\\/#respond\"]}]},{\"@type\":\"WebPage\",\"@id\":\"https:\\\/\\\/www.eldiario.net\\\/portal\\\/2024\\\/06\\\/08\\\/haquin-sera-el-capitan-del-onceno-nacional\\\/\",\"url\":\"https:\\\/\\\/www.eldiario.net\\\/portal\\\/2024\\\/06\\\/08\\\/haquin-sera-el-capitan-del-onceno-nacional\\\/\",\"name\":\"Haqu\u00edn ser\u00e1 el capit\u00e1n del onceno nacional - El Diario - Bolivia\",\"isPartOf\":{\"@id\":\"https:\\\/\\\/www.eldiario.net\\\/portal\\\/#website\"},\"primaryImageOfPage\":{\"@id\":\"https:\\\/\\\/www.eldiario.net\\\/portal\\\/2024\\\/06\\\/08\\\/haquin-sera-el-capitan-del-onceno-nacional\\\/#primaryimage\"},\"image\":{\"@id\":\"https:\\\/\\\/www.eldiario.net\\\/portal\\\/2024\\\/06\\\/08\\\/haquin-sera-el-capitan-del-onceno-nacional\\\/#primaryimage\"},\"thumbnailUrl\":\"https:\\\/\\\/www.eldiario.net\\\/portal\\\/wp-content\\\/uploads\\\/2024\\\/06\\\/FOTO-23.jpg\",\"datePublished\":\"2024-06-08T11:11:23+00:00\",\"breadcrumb\":{\"@id\":\"https:\\\/\\\/www.eldiario.net\\\/portal\\\/2024\\\/06\\\/08\\\/haquin-sera-el-capitan-del-onceno-nacional\\\/#breadcrumb\"},\"inLanguage\":\"es\",\"potentialAction\":[{\"@type\":\"ReadAction\",\"target\":[\"https:\\\/\\\/www.eldiario.net\\\/portal\\\/2024\\\/06\\\/08\\\/haquin-sera-el-capitan-del-onceno-nacional\\\/\"]}]},{\"@type\":\"ImageObject\",\"inLanguage\":\"es\",\"@id\":\"https:\\\/\\\/www.eldiario.net\\\/portal\\\/2024\\\/06\\\/08\\\/haquin-sera-el-capitan-del-onceno-nacional\\\/#primaryimage\",\"url\":\"https:\\\/\\\/www.eldiario.net\\\/portal\\\/wp-content\\\/uploads\\\/2024\\\/06\\\/FOTO-23.jpg\",\"contentUrl\":\"https:\\\/\\\/www.eldiario.net\\\/portal\\\/wp-content\\\/uploads\\\/2024\\\/06\\\/FOTO-23.jpg\",\"width\":300,\"height\":168},{\"@type\":\"BreadcrumbList\",\"@id\":\"https:\\\/\\\/www.eldiario.net\\\/portal\\\/2024\\\/06\\\/08\\\/haquin-sera-el-capitan-del-onceno-nacional\\\/#breadcrumb\",\"itemListElement\":[{\"@type\":\"ListItem\",\"position\":1,\"name\":\"Portada\",\"item\":\"https:\\\/\\\/www.eldiario.net\\\/portal\\\/\"},{\"@type\":\"ListItem\",\"position\":2,\"name\":\"Haqu\u00edn ser\u00e1 el capit\u00e1n del onceno nacional\"}]},{\"@type\":\"WebSite\",\"@id\":\"https:\\\/\\\/www.eldiario.net\\\/portal\\\/#website\",\"url\":\"https:\\\/\\\/www.eldiario.net\\\/portal\\\/\",\"name\":\"El Diario - Decano de la prensa nacional\",\"description\":\"El Diario - Decano de la prensa nacional\",\"publisher\":{\"@id\":\"https:\\\/\\\/www.eldiario.net\\\/portal\\\/#organization\"},\"potentialAction\":[{\"@type\":\"SearchAction\",\"target\":{\"@type\":\"EntryPoint\",\"urlTemplate\":\"https:\\\/\\\/www.eldiario.net\\\/portal\\\/?s={search_term_string}\"},\"query-input\":{\"@type\":\"PropertyValueSpecification\",\"valueRequired\":true,\"valueName\":\"search_term_string\"}}],\"inLanguage\":\"es\"},{\"@type\":\"Organization\",\"@id\":\"https:\\\/\\\/www.eldiario.net\\\/portal\\\/#organization\",\"name\":\"El Diario - Decano de la prensa nacional\",\"url\":\"https:\\\/\\\/www.eldiario.net\\\/portal\\\/\",\"logo\":{\"@type\":\"ImageObject\",\"inLanguage\":\"es\",\"@id\":\"https:\\\/\\\/www.eldiario.net\\\/portal\\\/#\\\/schema\\\/logo\\\/image\\\/\",\"url\":\"https:\\\/\\\/www.eldiario.net\\\/portal\\\/wp-content\\\/uploads\\\/2023\\\/07\\\/logo_ED.jpg\",\"contentUrl\":\"https:\\\/\\\/www.eldiario.net\\\/portal\\\/wp-content\\\/uploads\\\/2023\\\/07\\\/logo_ED.jpg\",\"width\":272,\"height\":52,\"caption\":\"El Diario - Decano de la prensa nacional\"},\"image\":{\"@id\":\"https:\\\/\\\/www.eldiario.net\\\/portal\\\/#\\\/schema\\\/logo\\\/image\\\/\"},\"sameAs\":[\"https:\\\/\\\/www.facebook.com\\\/eldiario.bolivia\\\/\",\"https:\\\/\\\/x.com\\\/eldiario_net\"]},{\"@type\":\"Person\",\"@id\":\"https:\\\/\\\/www.eldiario.net\\\/portal\\\/#\\\/schema\\\/person\\\/2c57cf2b7a7ae032e449e4c9b1019eac\",\"name\":\"Jeanette\",\"image\":{\"@type\":\"ImageObject\",\"inLanguage\":\"es\",\"@id\":\"https:\\\/\\\/secure.gravatar.com\\\/avatar\\\/3ea2118a5f7dad2b7138b1187a6b7ee55f160b9968b66013c3a3ef39dd7e5798?s=96&d=mm&r=g\",\"url\":\"https:\\\/\\\/secure.gravatar.com\\\/avatar\\\/3ea2118a5f7dad2b7138b1187a6b7ee55f160b9968b66013c3a3ef39dd7e5798?s=96&d=mm&r=g\",\"contentUrl\":\"https:\\\/\\\/secure.gravatar.com\\\/avatar\\\/3ea2118a5f7dad2b7138b1187a6b7ee55f160b9968b66013c3a3ef39dd7e5798?s=96&d=mm&r=g\",\"caption\":\"Jeanette\"},\"sameAs\":[\"https:\\\/\\\/www.eldiario.net\\\/portal\"],\"url\":\"https:\\\/\\\/www.eldiario.net\\\/portal\\\/author\\\/jeanette\\\/\"}]}<\/script>\n<!-- \/ Yoast SEO plugin. -->","yoast_head_json":{"title":"Haqu\u00edn ser\u00e1 el capit\u00e1n del onceno nacional - El Diario - Bolivia","robots":{"index":"index","follow":"follow","max-snippet":"max-snippet:-1","max-image-preview":"max-image-preview:large","max-video-preview":"max-video-preview:-1"},"canonical":"https:\/\/www.eldiario.net\/portal\/2024\/06\/08\/haquin-sera-el-capitan-del-onceno-nacional\/","og_locale":"es_ES","og_type":"article","og_title":"Haqu\u00edn ser\u00e1 el capit\u00e1n del onceno nacional - El Diario - Bolivia","og_description":"Luis Fernando Haqu\u00edn L\u00f3pez fue elegido por el cuerpo t\u00e9cnico y sus compa\u00f1eros como el capit\u00e1n de la Selecci\u00f3n Nacional para la participaci\u00f3n en la Copa Am\u00e9rica USA 2024, que comenzar\u00e1 para el cuadro verde en dos semanas, con el compromiso frente a los anfitriones. Esta ser\u00e1 la primera Copa que Bolivia jugar\u00e1 sin Marcelo [&hellip;]","og_url":"https:\/\/www.eldiario.net\/portal\/2024\/06\/08\/haquin-sera-el-capitan-del-onceno-nacional\/","og_site_name":"El Diario - Bolivia","article_publisher":"https:\/\/www.facebook.com\/eldiario.bolivia\/","article_published_time":"2024-06-08T11:11:23+00:00","og_image":[{"width":300,"height":168,"url":"https:\/\/www.eldiario.net\/portal\/wp-content\/uploads\/2024\/06\/FOTO-23.jpg","type":"image\/jpeg"}],"author":"Jeanette","twitter_card":"summary_large_image","twitter_creator":"@eldiario_net","twitter_site":"@eldiario_net","twitter_misc":{"Escrito por":"Jeanette","Tiempo de lectura":"2 minutos"},"schema":{"@context":"https:\/\/schema.org","@graph":[{"@type":"Article","@id":"https:\/\/www.eldiario.net\/portal\/2024\/06\/08\/haquin-sera-el-capitan-del-onceno-nacional\/#article","isPartOf":{"@id":"https:\/\/www.eldiario.net\/portal\/2024\/06\/08\/haquin-sera-el-capitan-del-onceno-nacional\/"},"author":{"name":"Jeanette","@id":"https:\/\/www.eldiario.net\/portal\/#\/schema\/person\/2c57cf2b7a7ae032e449e4c9b1019eac"},"headline":"Haqu\u00edn ser\u00e1 el capit\u00e1n del onceno nacional","datePublished":"2024-06-08T11:11:23+00:00","mainEntityOfPage":{"@id":"https:\/\/www.eldiario.net\/portal\/2024\/06\/08\/haquin-sera-el-capitan-del-onceno-nacional\/"},"wordCount":210,"commentCount":0,"publisher":{"@id":"https:\/\/www.eldiario.net\/portal\/#organization"},"image":{"@id":"https:\/\/www.eldiario.net\/portal\/2024\/06\/08\/haquin-sera-el-capitan-del-onceno-nacional\/#primaryimage"},"thumbnailUrl":"https:\/\/www.eldiario.net\/portal\/wp-content\/uploads\/2024\/06\/FOTO-23.jpg","articleSection":["Deportes"],"inLanguage":"es","potentialAction":[{"@type":"CommentAction","name":"Comment","target":["https:\/\/www.eldiario.net\/portal\/2024\/06\/08\/haquin-sera-el-capitan-del-onceno-nacional\/#respond"]}]},{"@type":"WebPage","@id":"https:\/\/www.eldiario.net\/portal\/2024\/06\/08\/haquin-sera-el-capitan-del-onceno-nacional\/","url":"https:\/\/www.eldiario.net\/portal\/2024\/06\/08\/haquin-sera-el-capitan-del-onceno-nacional\/","name":"Haqu\u00edn ser\u00e1 el capit\u00e1n del onceno nacional - El Diario - Bolivia","isPartOf":{"@id":"https:\/\/www.eldiario.net\/portal\/#website"},"primaryImageOfPage":{"@id":"https:\/\/www.eldiario.net\/portal\/2024\/06\/08\/haquin-sera-el-capitan-del-onceno-nacional\/#primaryimage"},"image":{"@id":"https:\/\/www.eldiario.net\/portal\/2024\/06\/08\/haquin-sera-el-capitan-del-onceno-nacional\/#primaryimage"},"thumbnailUrl":"https:\/\/www.eldiario.net\/portal\/wp-content\/uploads\/2024\/06\/FOTO-23.jpg","datePublished":"2024-06-08T11:11:23+00:00","breadcrumb":{"@id":"https:\/\/www.eldiario.net\/portal\/2024\/06\/08\/haquin-sera-el-capitan-del-onceno-nacional\/#breadcrumb"},"inLanguage":"es","potentialAction":[{"@type":"ReadAction","target":["https:\/\/www.eldiario.net\/portal\/2024\/06\/08\/haquin-sera-el-capitan-del-onceno-nacional\/"]}]},{"@type":"ImageObject","inLanguage":"es","@id":"https:\/\/www.eldiario.net\/portal\/2024\/06\/08\/haquin-sera-el-capitan-del-onceno-nacional\/#primaryimage","url":"https:\/\/www.eldiario.net\/portal\/wp-content\/uploads\/2024\/06\/FOTO-23.jpg","contentUrl":"https:\/\/www.eldiario.net\/portal\/wp-content\/uploads\/2024\/06\/FOTO-23.jpg","width":300,"height":168},{"@type":"BreadcrumbList","@id":"https:\/\/www.eldiario.net\/portal\/2024\/06\/08\/haquin-sera-el-capitan-del-onceno-nacional\/#breadcrumb","itemListElement":[{"@type":"ListItem","position":1,"name":"Portada","item":"https:\/\/www.eldiario.net\/portal\/"},{"@type":"ListItem","position":2,"name":"Haqu\u00edn ser\u00e1 el capit\u00e1n del onceno nacional"}]},{"@type":"WebSite","@id":"https:\/\/www.eldiario.net\/portal\/#website","url":"https:\/\/www.eldiario.net\/portal\/","name":"El Diario - Decano de la prensa nacional","description":"El Diario - Decano de la prensa nacional","publisher":{"@id":"https:\/\/www.eldiario.net\/portal\/#organization"},"potentialAction":[{"@type":"SearchAction","target":{"@type":"EntryPoint","urlTemplate":"https:\/\/www.eldiario.net\/portal\/?s={search_term_string}"},"query-input":{"@type":"PropertyValueSpecification","valueRequired":true,"valueName":"search_term_string"}}],"inLanguage":"es"},{"@type":"Organization","@id":"https:\/\/www.eldiario.net\/portal\/#organization","name":"El Diario - Decano de la prensa nacional","url":"https:\/\/www.eldiario.net\/portal\/","logo":{"@type":"ImageObject","inLanguage":"es","@id":"https:\/\/www.eldiario.net\/portal\/#\/schema\/logo\/image\/","url":"https:\/\/www.eldiario.net\/portal\/wp-content\/uploads\/2023\/07\/logo_ED.jpg","contentUrl":"https:\/\/www.eldiario.net\/portal\/wp-content\/uploads\/2023\/07\/logo_ED.jpg","width":272,"height":52,"caption":"El Diario - Decano de la prensa nacional"},"image":{"@id":"https:\/\/www.eldiario.net\/portal\/#\/schema\/logo\/image\/"},"sameAs":["https:\/\/www.facebook.com\/eldiario.bolivia\/","https:\/\/x.com\/eldiario_net"]},{"@type":"Person","@id":"https:\/\/www.eldiario.net\/portal\/#\/schema\/person\/2c57cf2b7a7ae032e449e4c9b1019eac","name":"Jeanette","image":{"@type":"ImageObject","inLanguage":"es","@id":"https:\/\/secure.gravatar.com\/avatar\/3ea2118a5f7dad2b7138b1187a6b7ee55f160b9968b66013c3a3ef39dd7e5798?s=96&d=mm&r=g","url":"https:\/\/secure.gravatar.com\/avatar\/3ea2118a5f7dad2b7138b1187a6b7ee55f160b9968b66013c3a3ef39dd7e5798?s=96&d=mm&r=g","contentUrl":"https:\/\/secure.gravatar.com\/avatar\/3ea2118a5f7dad2b7138b1187a6b7ee55f160b9968b66013c3a3ef39dd7e5798?s=96&d=mm&r=g","caption":"Jeanette"},"sameAs":["https:\/\/www.eldiario.net\/portal"],"url":"https:\/\/www.eldiario.net\/portal\/author\/jeanette\/"}]}},"_links":{"self":[{"href":"https:\/\/www.eldiario.net\/portal\/wp-json\/wp\/v2\/posts\/225762","targetHints":{"allow":["GET"]}}],"collection":[{"href":"https:\/\/www.eldiario.net\/portal\/wp-json\/wp\/v2\/posts"}],"about":[{"href":"https:\/\/www.eldiario.net\/portal\/wp-json\/wp\/v2\/types\/post"}],"author":[{"embeddable":true,"href":"https:\/\/www.eldiario.net\/portal\/wp-json\/wp\/v2\/users\/1"}],"replies":[{"embeddable":true,"href":"https:\/\/www.eldiario.net\/portal\/wp-json\/wp\/v2\/comments?post=225762"}],"version-history":[{"count":1,"href":"https:\/\/www.eldiario.net\/portal\/wp-json\/wp\/v2\/posts\/225762\/revisions"}],"predecessor-version":[{"id":225764,"href":"https:\/\/www.eldiario.net\/portal\/wp-json\/wp\/v2\/posts\/225762\/revisions\/225764"}],"wp:featuredmedia":[{"embeddable":true,"href":"https:\/\/www.eldiario.net\/portal\/wp-json\/wp\/v2\/media\/225763"}],"wp:attachment":[{"href":"https:\/\/www.eldiario.net\/portal\/wp-json\/wp\/v2\/media?parent=225762"}],"wp:term":[{"taxonomy":"category","embeddable":true,"href":"https:\/\/www.eldiario.net\/portal\/wp-json\/wp\/v2\/categories?post=225762"},{"taxonomy":"post_tag","embeddable":true,"href":"https:\/\/www.eldiario.net\/portal\/wp-json\/wp\/v2\/tags?post=225762"}],"curies":[{"name":"wp","href":"https:\/\/api.w.org\/{rel}","templated":true}]}}