{"id":225751,"date":"2024-06-08T07:07:58","date_gmt":"2024-06-08T11:07:58","guid":{"rendered":"https:\/\/www.eldiario.net\/portal\/?p=225751"},"modified":"2024-06-08T07:07:58","modified_gmt":"2024-06-08T11:07:58","slug":"campana-dispondra-323-000-vacunas-antirrabicas-segun-sedes","status":"publish","type":"post","link":"https:\/\/www.eldiario.net\/portal\/2024\/06\/08\/campana-dispondra-323-000-vacunas-antirrabicas-segun-sedes\/","title":{"rendered":"Campa\u00f1a dispondr\u00e1 323.000  vacunas antirr\u00e1bicas seg\u00fan Sedes"},"content":{"rendered":"<p class=\"v1MsoNormal\">El Centro Municipal de Zoonosis avanza en la \u00abCampa\u00f1a de Vacunaci\u00f3n Antirr\u00e1bica\u00bb,\u00a0 con la coordinaci\u00f3n con las distintas instituciones, para lo cual se dispuso 323.000 vacunas.<\/p>\n<p class=\"v1MsoNormal\">El jefe de Zoonosis, Diego Prudencio,\u00a0 inform\u00f3 que se realizan capacitaciones para el manejo y aplicaci\u00f3n de la vacuna, cadena de fr\u00edo y otros aspectos que se trabaja en coordinaci\u00f3n con el Servicio Departamental de Salud (Sedes).<\/p>\n<p class=\"v1MsoNormal\">La campa\u00f1a se llevar\u00e1 adelante el 29 y 30 de junio en Cochabamba. Con anticipaci\u00f3n se informar\u00e1 sobre los horarios y los puntos donde la poblaci\u00f3n debe de llevar a sus mascotas para que sean vacunadas contra la rabia.<\/p>\n<p class=\"v1MsoNormal\">Detall\u00f3 que para esta campa\u00f1a se tendr\u00e1n 323.000 vacunas que ser\u00e1n entregadas por el Ministerio de Salud y Zoonosis. Se dispondr\u00e1 de transporte, estipendios, insumos de vacunaci\u00f3n entre otros requerimientos.<\/p>\n<p class=\"v1MsoNormal\">ADOPCI\u00d3N<\/p>\n<p class=\"v1MsoNormal\">Avanza la Campa\u00f1a de Adopci\u00f3n \u00abDame una Segunda Oportunidad\u00bb y se desarrolla con un total \u00e9xito. Al momento 30 mascotas ya cuentan con una familia; sin embargo, Zoonosis realiza el seguimiento de las mismas ya que prioriza el bienestar del animal.<\/p>\n<p class=\"v1MsoNormal\">\u00abEso habla bien de la sociedad pues vemos empat\u00eda y sensibilidad al brindarles un hogar a estos animalitos que llegaron por diferentes circunstancias, en la mayor\u00eda fueron rescatados en los operativos que se realizaron adelante en el mercado La Pampa\u00bb, dijo Prudencio.<\/p>\n<p class=\"v1MsoNormal\">Invit\u00f3 a la poblaci\u00f3n a apersonarse de lunes a viernes desde las 08:00 hasta las 16:00 horas al Centro Municipal de Zoonosis, ubicado\u00a0 en la avenida Benem\u00e9ritos del Chaco esquina Subteniente Jonta y formar de esta campa\u00f1a, ya que todav\u00eda hay cinco cachorros y 20 perros adultos que est\u00e1n a la espera de una familia. (Cochabamba, agencias)<\/p>\n<p class=\"v1MsoNormal\">\n","protected":false},"excerpt":{"rendered":"<p>El Centro Municipal de Zoonosis avanza en la \u00abCampa\u00f1a de Vacunaci\u00f3n Antirr\u00e1bica\u00bb,\u00a0 con la coordinaci\u00f3n con las distintas instituciones, para lo cual se dispuso 323.000 vacunas. El jefe de Zoonosis, Diego Prudencio,\u00a0 inform\u00f3 que se realizan capacitaciones para el manejo y aplicaci\u00f3n de la vacuna, cadena de fr\u00edo y otros aspectos que se trabaja en [&hellip;]<\/p>\n","protected":false},"author":1,"featured_media":225752,"comment_status":"open","ping_status":"open","sticky":false,"template":"","format":"standard","meta":{"_acf_changed":false,"footnotes":""},"categories":[12],"tags":[],"class_list":["post-225751","post","type-post","status-publish","format-standard","has-post-thumbnail","category-nacional"],"acf":{"antetitulo":"Cochabamba"},"yoast_head":"<!-- This site is optimized with the Yoast SEO plugin v28.4 - https:\/\/yoast.com\/product\/yoast-seo-wordpress\/ -->\n<title>Campa\u00f1a dispondr\u00e1 323.000 vacunas antirr\u00e1bicas seg\u00fan Sedes - El Diario - Bolivia<\/title>\n<meta name=\"robots\" content=\"index, follow, max-snippet:-1, max-image-preview:large, max-video-preview:-1\" \/>\n<link rel=\"canonical\" href=\"https:\/\/www.eldiario.net\/portal\/2024\/06\/08\/campana-dispondra-323-000-vacunas-antirrabicas-segun-sedes\/\" \/>\n<meta property=\"og:locale\" content=\"es_ES\" \/>\n<meta property=\"og:type\" content=\"article\" \/>\n<meta property=\"og:title\" content=\"Campa\u00f1a dispondr\u00e1 323.000 vacunas antirr\u00e1bicas seg\u00fan Sedes - El Diario - Bolivia\" \/>\n<meta property=\"og:description\" content=\"El Centro Municipal de Zoonosis avanza en la \u00abCampa\u00f1a de Vacunaci\u00f3n Antirr\u00e1bica\u00bb,\u00a0 con la coordinaci\u00f3n con las distintas instituciones, para lo cual se dispuso 323.000 vacunas. El jefe de Zoonosis, Diego Prudencio,\u00a0 inform\u00f3 que se realizan capacitaciones para el manejo y aplicaci\u00f3n de la vacuna, cadena de fr\u00edo y otros aspectos que se trabaja en [&hellip;]\" \/>\n<meta property=\"og:url\" content=\"https:\/\/www.eldiario.net\/portal\/2024\/06\/08\/campana-dispondra-323-000-vacunas-antirrabicas-segun-sedes\/\" \/>\n<meta property=\"og:site_name\" content=\"El Diario - Bolivia\" \/>\n<meta property=\"article:publisher\" content=\"https:\/\/www.facebook.com\/eldiario.bolivia\/\" \/>\n<meta property=\"article:published_time\" content=\"2024-06-08T11:07:58+00:00\" \/>\n<meta property=\"og:image\" content=\"https:\/\/www.eldiario.net\/portal\/wp-content\/uploads\/2024\/06\/vacuna-sedes.jpg\" \/>\n\t<meta property=\"og:image:width\" content=\"770\" \/>\n\t<meta property=\"og:image:height\" content=\"430\" \/>\n\t<meta property=\"og:image:type\" content=\"image\/jpeg\" \/>\n<meta name=\"author\" content=\"Jeanette\" \/>\n<meta name=\"twitter:card\" content=\"summary_large_image\" \/>\n<meta name=\"twitter:creator\" content=\"@eldiario_net\" \/>\n<meta name=\"twitter:site\" content=\"@eldiario_net\" \/>\n<meta name=\"twitter:label1\" content=\"Escrito por\" \/>\n\t<meta name=\"twitter:data1\" content=\"Jeanette\" \/>\n\t<meta name=\"twitter:label2\" content=\"Tiempo de lectura\" \/>\n\t<meta name=\"twitter:data2\" content=\"2 minutos\" \/>\n<script type=\"application\/ld+json\" class=\"yoast-schema-graph\">{\"@context\":\"https:\\\/\\\/schema.org\",\"@graph\":[{\"@type\":\"Article\",\"@id\":\"https:\\\/\\\/www.eldiario.net\\\/portal\\\/2024\\\/06\\\/08\\\/campana-dispondra-323-000-vacunas-antirrabicas-segun-sedes\\\/#article\",\"isPartOf\":{\"@id\":\"https:\\\/\\\/www.eldiario.net\\\/portal\\\/2024\\\/06\\\/08\\\/campana-dispondra-323-000-vacunas-antirrabicas-segun-sedes\\\/\"},\"author\":{\"name\":\"Jeanette\",\"@id\":\"https:\\\/\\\/www.eldiario.net\\\/portal\\\/#\\\/schema\\\/person\\\/2c57cf2b7a7ae032e449e4c9b1019eac\"},\"headline\":\"Campa\u00f1a dispondr\u00e1 323.000 vacunas antirr\u00e1bicas seg\u00fan Sedes\",\"datePublished\":\"2024-06-08T11:07:58+00:00\",\"mainEntityOfPage\":{\"@id\":\"https:\\\/\\\/www.eldiario.net\\\/portal\\\/2024\\\/06\\\/08\\\/campana-dispondra-323-000-vacunas-antirrabicas-segun-sedes\\\/\"},\"wordCount\":298,\"commentCount\":0,\"publisher\":{\"@id\":\"https:\\\/\\\/www.eldiario.net\\\/portal\\\/#organization\"},\"image\":{\"@id\":\"https:\\\/\\\/www.eldiario.net\\\/portal\\\/2024\\\/06\\\/08\\\/campana-dispondra-323-000-vacunas-antirrabicas-segun-sedes\\\/#primaryimage\"},\"thumbnailUrl\":\"https:\\\/\\\/www.eldiario.net\\\/portal\\\/wp-content\\\/uploads\\\/2024\\\/06\\\/vacuna-sedes.jpg\",\"articleSection\":[\"Nacional\"],\"inLanguage\":\"es\",\"potentialAction\":[{\"@type\":\"CommentAction\",\"name\":\"Comment\",\"target\":[\"https:\\\/\\\/www.eldiario.net\\\/portal\\\/2024\\\/06\\\/08\\\/campana-dispondra-323-000-vacunas-antirrabicas-segun-sedes\\\/#respond\"]}]},{\"@type\":\"WebPage\",\"@id\":\"https:\\\/\\\/www.eldiario.net\\\/portal\\\/2024\\\/06\\\/08\\\/campana-dispondra-323-000-vacunas-antirrabicas-segun-sedes\\\/\",\"url\":\"https:\\\/\\\/www.eldiario.net\\\/portal\\\/2024\\\/06\\\/08\\\/campana-dispondra-323-000-vacunas-antirrabicas-segun-sedes\\\/\",\"name\":\"Campa\u00f1a dispondr\u00e1 323.000 vacunas antirr\u00e1bicas seg\u00fan Sedes - El Diario - Bolivia\",\"isPartOf\":{\"@id\":\"https:\\\/\\\/www.eldiario.net\\\/portal\\\/#website\"},\"primaryImageOfPage\":{\"@id\":\"https:\\\/\\\/www.eldiario.net\\\/portal\\\/2024\\\/06\\\/08\\\/campana-dispondra-323-000-vacunas-antirrabicas-segun-sedes\\\/#primaryimage\"},\"image\":{\"@id\":\"https:\\\/\\\/www.eldiario.net\\\/portal\\\/2024\\\/06\\\/08\\\/campana-dispondra-323-000-vacunas-antirrabicas-segun-sedes\\\/#primaryimage\"},\"thumbnailUrl\":\"https:\\\/\\\/www.eldiario.net\\\/portal\\\/wp-content\\\/uploads\\\/2024\\\/06\\\/vacuna-sedes.jpg\",\"datePublished\":\"2024-06-08T11:07:58+00:00\",\"breadcrumb\":{\"@id\":\"https:\\\/\\\/www.eldiario.net\\\/portal\\\/2024\\\/06\\\/08\\\/campana-dispondra-323-000-vacunas-antirrabicas-segun-sedes\\\/#breadcrumb\"},\"inLanguage\":\"es\",\"potentialAction\":[{\"@type\":\"ReadAction\",\"target\":[\"https:\\\/\\\/www.eldiario.net\\\/portal\\\/2024\\\/06\\\/08\\\/campana-dispondra-323-000-vacunas-antirrabicas-segun-sedes\\\/\"]}]},{\"@type\":\"ImageObject\",\"inLanguage\":\"es\",\"@id\":\"https:\\\/\\\/www.eldiario.net\\\/portal\\\/2024\\\/06\\\/08\\\/campana-dispondra-323-000-vacunas-antirrabicas-segun-sedes\\\/#primaryimage\",\"url\":\"https:\\\/\\\/www.eldiario.net\\\/portal\\\/wp-content\\\/uploads\\\/2024\\\/06\\\/vacuna-sedes.jpg\",\"contentUrl\":\"https:\\\/\\\/www.eldiario.net\\\/portal\\\/wp-content\\\/uploads\\\/2024\\\/06\\\/vacuna-sedes.jpg\",\"width\":770,\"height\":430,\"caption\":\"Campa\u00f1a contra la rabia canina y felina en el Sedes. CR\u00c9DITO: Sedes\"},{\"@type\":\"BreadcrumbList\",\"@id\":\"https:\\\/\\\/www.eldiario.net\\\/portal\\\/2024\\\/06\\\/08\\\/campana-dispondra-323-000-vacunas-antirrabicas-segun-sedes\\\/#breadcrumb\",\"itemListElement\":[{\"@type\":\"ListItem\",\"position\":1,\"name\":\"Portada\",\"item\":\"https:\\\/\\\/www.eldiario.net\\\/portal\\\/\"},{\"@type\":\"ListItem\",\"position\":2,\"name\":\"Campa\u00f1a dispondr\u00e1 323.000 vacunas antirr\u00e1bicas seg\u00fan Sedes\"}]},{\"@type\":\"WebSite\",\"@id\":\"https:\\\/\\\/www.eldiario.net\\\/portal\\\/#website\",\"url\":\"https:\\\/\\\/www.eldiario.net\\\/portal\\\/\",\"name\":\"El Diario - Decano de la prensa nacional\",\"description\":\"El Diario - Decano de la prensa nacional\",\"publisher\":{\"@id\":\"https:\\\/\\\/www.eldiario.net\\\/portal\\\/#organization\"},\"potentialAction\":[{\"@type\":\"SearchAction\",\"target\":{\"@type\":\"EntryPoint\",\"urlTemplate\":\"https:\\\/\\\/www.eldiario.net\\\/portal\\\/?s={search_term_string}\"},\"query-input\":{\"@type\":\"PropertyValueSpecification\",\"valueRequired\":true,\"valueName\":\"search_term_string\"}}],\"inLanguage\":\"es\"},{\"@type\":\"Organization\",\"@id\":\"https:\\\/\\\/www.eldiario.net\\\/portal\\\/#organization\",\"name\":\"El Diario - Decano de la prensa nacional\",\"url\":\"https:\\\/\\\/www.eldiario.net\\\/portal\\\/\",\"logo\":{\"@type\":\"ImageObject\",\"inLanguage\":\"es\",\"@id\":\"https:\\\/\\\/www.eldiario.net\\\/portal\\\/#\\\/schema\\\/logo\\\/image\\\/\",\"url\":\"https:\\\/\\\/www.eldiario.net\\\/portal\\\/wp-content\\\/uploads\\\/2023\\\/07\\\/logo_ED.jpg\",\"contentUrl\":\"https:\\\/\\\/www.eldiario.net\\\/portal\\\/wp-content\\\/uploads\\\/2023\\\/07\\\/logo_ED.jpg\",\"width\":272,\"height\":52,\"caption\":\"El Diario - Decano de la prensa nacional\"},\"image\":{\"@id\":\"https:\\\/\\\/www.eldiario.net\\\/portal\\\/#\\\/schema\\\/logo\\\/image\\\/\"},\"sameAs\":[\"https:\\\/\\\/www.facebook.com\\\/eldiario.bolivia\\\/\",\"https:\\\/\\\/x.com\\\/eldiario_net\"]},{\"@type\":\"Person\",\"@id\":\"https:\\\/\\\/www.eldiario.net\\\/portal\\\/#\\\/schema\\\/person\\\/2c57cf2b7a7ae032e449e4c9b1019eac\",\"name\":\"Jeanette\",\"image\":{\"@type\":\"ImageObject\",\"inLanguage\":\"es\",\"@id\":\"https:\\\/\\\/secure.gravatar.com\\\/avatar\\\/3ea2118a5f7dad2b7138b1187a6b7ee55f160b9968b66013c3a3ef39dd7e5798?s=96&d=mm&r=g\",\"url\":\"https:\\\/\\\/secure.gravatar.com\\\/avatar\\\/3ea2118a5f7dad2b7138b1187a6b7ee55f160b9968b66013c3a3ef39dd7e5798?s=96&d=mm&r=g\",\"contentUrl\":\"https:\\\/\\\/secure.gravatar.com\\\/avatar\\\/3ea2118a5f7dad2b7138b1187a6b7ee55f160b9968b66013c3a3ef39dd7e5798?s=96&d=mm&r=g\",\"caption\":\"Jeanette\"},\"sameAs\":[\"https:\\\/\\\/www.eldiario.net\\\/portal\"],\"url\":\"https:\\\/\\\/www.eldiario.net\\\/portal\\\/author\\\/jeanette\\\/\"}]}<\/script>\n<!-- \/ Yoast SEO plugin. -->","yoast_head_json":{"title":"Campa\u00f1a dispondr\u00e1 323.000 vacunas antirr\u00e1bicas seg\u00fan Sedes - El Diario - Bolivia","robots":{"index":"index","follow":"follow","max-snippet":"max-snippet:-1","max-image-preview":"max-image-preview:large","max-video-preview":"max-video-preview:-1"},"canonical":"https:\/\/www.eldiario.net\/portal\/2024\/06\/08\/campana-dispondra-323-000-vacunas-antirrabicas-segun-sedes\/","og_locale":"es_ES","og_type":"article","og_title":"Campa\u00f1a dispondr\u00e1 323.000 vacunas antirr\u00e1bicas seg\u00fan Sedes - El Diario - Bolivia","og_description":"El Centro Municipal de Zoonosis avanza en la \u00abCampa\u00f1a de Vacunaci\u00f3n Antirr\u00e1bica\u00bb,\u00a0 con la coordinaci\u00f3n con las distintas instituciones, para lo cual se dispuso 323.000 vacunas. El jefe de Zoonosis, Diego Prudencio,\u00a0 inform\u00f3 que se realizan capacitaciones para el manejo y aplicaci\u00f3n de la vacuna, cadena de fr\u00edo y otros aspectos que se trabaja en [&hellip;]","og_url":"https:\/\/www.eldiario.net\/portal\/2024\/06\/08\/campana-dispondra-323-000-vacunas-antirrabicas-segun-sedes\/","og_site_name":"El Diario - Bolivia","article_publisher":"https:\/\/www.facebook.com\/eldiario.bolivia\/","article_published_time":"2024-06-08T11:07:58+00:00","og_image":[{"width":770,"height":430,"url":"https:\/\/www.eldiario.net\/portal\/wp-content\/uploads\/2024\/06\/vacuna-sedes.jpg","type":"image\/jpeg"}],"author":"Jeanette","twitter_card":"summary_large_image","twitter_creator":"@eldiario_net","twitter_site":"@eldiario_net","twitter_misc":{"Escrito por":"Jeanette","Tiempo de lectura":"2 minutos"},"schema":{"@context":"https:\/\/schema.org","@graph":[{"@type":"Article","@id":"https:\/\/www.eldiario.net\/portal\/2024\/06\/08\/campana-dispondra-323-000-vacunas-antirrabicas-segun-sedes\/#article","isPartOf":{"@id":"https:\/\/www.eldiario.net\/portal\/2024\/06\/08\/campana-dispondra-323-000-vacunas-antirrabicas-segun-sedes\/"},"author":{"name":"Jeanette","@id":"https:\/\/www.eldiario.net\/portal\/#\/schema\/person\/2c57cf2b7a7ae032e449e4c9b1019eac"},"headline":"Campa\u00f1a dispondr\u00e1 323.000 vacunas antirr\u00e1bicas seg\u00fan Sedes","datePublished":"2024-06-08T11:07:58+00:00","mainEntityOfPage":{"@id":"https:\/\/www.eldiario.net\/portal\/2024\/06\/08\/campana-dispondra-323-000-vacunas-antirrabicas-segun-sedes\/"},"wordCount":298,"commentCount":0,"publisher":{"@id":"https:\/\/www.eldiario.net\/portal\/#organization"},"image":{"@id":"https:\/\/www.eldiario.net\/portal\/2024\/06\/08\/campana-dispondra-323-000-vacunas-antirrabicas-segun-sedes\/#primaryimage"},"thumbnailUrl":"https:\/\/www.eldiario.net\/portal\/wp-content\/uploads\/2024\/06\/vacuna-sedes.jpg","articleSection":["Nacional"],"inLanguage":"es","potentialAction":[{"@type":"CommentAction","name":"Comment","target":["https:\/\/www.eldiario.net\/portal\/2024\/06\/08\/campana-dispondra-323-000-vacunas-antirrabicas-segun-sedes\/#respond"]}]},{"@type":"WebPage","@id":"https:\/\/www.eldiario.net\/portal\/2024\/06\/08\/campana-dispondra-323-000-vacunas-antirrabicas-segun-sedes\/","url":"https:\/\/www.eldiario.net\/portal\/2024\/06\/08\/campana-dispondra-323-000-vacunas-antirrabicas-segun-sedes\/","name":"Campa\u00f1a dispondr\u00e1 323.000 vacunas antirr\u00e1bicas seg\u00fan Sedes - El Diario - Bolivia","isPartOf":{"@id":"https:\/\/www.eldiario.net\/portal\/#website"},"primaryImageOfPage":{"@id":"https:\/\/www.eldiario.net\/portal\/2024\/06\/08\/campana-dispondra-323-000-vacunas-antirrabicas-segun-sedes\/#primaryimage"},"image":{"@id":"https:\/\/www.eldiario.net\/portal\/2024\/06\/08\/campana-dispondra-323-000-vacunas-antirrabicas-segun-sedes\/#primaryimage"},"thumbnailUrl":"https:\/\/www.eldiario.net\/portal\/wp-content\/uploads\/2024\/06\/vacuna-sedes.jpg","datePublished":"2024-06-08T11:07:58+00:00","breadcrumb":{"@id":"https:\/\/www.eldiario.net\/portal\/2024\/06\/08\/campana-dispondra-323-000-vacunas-antirrabicas-segun-sedes\/#breadcrumb"},"inLanguage":"es","potentialAction":[{"@type":"ReadAction","target":["https:\/\/www.eldiario.net\/portal\/2024\/06\/08\/campana-dispondra-323-000-vacunas-antirrabicas-segun-sedes\/"]}]},{"@type":"ImageObject","inLanguage":"es","@id":"https:\/\/www.eldiario.net\/portal\/2024\/06\/08\/campana-dispondra-323-000-vacunas-antirrabicas-segun-sedes\/#primaryimage","url":"https:\/\/www.eldiario.net\/portal\/wp-content\/uploads\/2024\/06\/vacuna-sedes.jpg","contentUrl":"https:\/\/www.eldiario.net\/portal\/wp-content\/uploads\/2024\/06\/vacuna-sedes.jpg","width":770,"height":430,"caption":"Campa\u00f1a contra la rabia canina y felina en el Sedes. CR\u00c9DITO: Sedes"},{"@type":"BreadcrumbList","@id":"https:\/\/www.eldiario.net\/portal\/2024\/06\/08\/campana-dispondra-323-000-vacunas-antirrabicas-segun-sedes\/#breadcrumb","itemListElement":[{"@type":"ListItem","position":1,"name":"Portada","item":"https:\/\/www.eldiario.net\/portal\/"},{"@type":"ListItem","position":2,"name":"Campa\u00f1a dispondr\u00e1 323.000 vacunas antirr\u00e1bicas seg\u00fan Sedes"}]},{"@type":"WebSite","@id":"https:\/\/www.eldiario.net\/portal\/#website","url":"https:\/\/www.eldiario.net\/portal\/","name":"El Diario - Decano de la prensa nacional","description":"El Diario - Decano de la prensa nacional","publisher":{"@id":"https:\/\/www.eldiario.net\/portal\/#organization"},"potentialAction":[{"@type":"SearchAction","target":{"@type":"EntryPoint","urlTemplate":"https:\/\/www.eldiario.net\/portal\/?s={search_term_string}"},"query-input":{"@type":"PropertyValueSpecification","valueRequired":true,"valueName":"search_term_string"}}],"inLanguage":"es"},{"@type":"Organization","@id":"https:\/\/www.eldiario.net\/portal\/#organization","name":"El Diario - Decano de la prensa nacional","url":"https:\/\/www.eldiario.net\/portal\/","logo":{"@type":"ImageObject","inLanguage":"es","@id":"https:\/\/www.eldiario.net\/portal\/#\/schema\/logo\/image\/","url":"https:\/\/www.eldiario.net\/portal\/wp-content\/uploads\/2023\/07\/logo_ED.jpg","contentUrl":"https:\/\/www.eldiario.net\/portal\/wp-content\/uploads\/2023\/07\/logo_ED.jpg","width":272,"height":52,"caption":"El Diario - Decano de la prensa nacional"},"image":{"@id":"https:\/\/www.eldiario.net\/portal\/#\/schema\/logo\/image\/"},"sameAs":["https:\/\/www.facebook.com\/eldiario.bolivia\/","https:\/\/x.com\/eldiario_net"]},{"@type":"Person","@id":"https:\/\/www.eldiario.net\/portal\/#\/schema\/person\/2c57cf2b7a7ae032e449e4c9b1019eac","name":"Jeanette","image":{"@type":"ImageObject","inLanguage":"es","@id":"https:\/\/secure.gravatar.com\/avatar\/3ea2118a5f7dad2b7138b1187a6b7ee55f160b9968b66013c3a3ef39dd7e5798?s=96&d=mm&r=g","url":"https:\/\/secure.gravatar.com\/avatar\/3ea2118a5f7dad2b7138b1187a6b7ee55f160b9968b66013c3a3ef39dd7e5798?s=96&d=mm&r=g","contentUrl":"https:\/\/secure.gravatar.com\/avatar\/3ea2118a5f7dad2b7138b1187a6b7ee55f160b9968b66013c3a3ef39dd7e5798?s=96&d=mm&r=g","caption":"Jeanette"},"sameAs":["https:\/\/www.eldiario.net\/portal"],"url":"https:\/\/www.eldiario.net\/portal\/author\/jeanette\/"}]}},"_links":{"self":[{"href":"https:\/\/www.eldiario.net\/portal\/wp-json\/wp\/v2\/posts\/225751","targetHints":{"allow":["GET"]}}],"collection":[{"href":"https:\/\/www.eldiario.net\/portal\/wp-json\/wp\/v2\/posts"}],"about":[{"href":"https:\/\/www.eldiario.net\/portal\/wp-json\/wp\/v2\/types\/post"}],"author":[{"embeddable":true,"href":"https:\/\/www.eldiario.net\/portal\/wp-json\/wp\/v2\/users\/1"}],"replies":[{"embeddable":true,"href":"https:\/\/www.eldiario.net\/portal\/wp-json\/wp\/v2\/comments?post=225751"}],"version-history":[{"count":1,"href":"https:\/\/www.eldiario.net\/portal\/wp-json\/wp\/v2\/posts\/225751\/revisions"}],"predecessor-version":[{"id":225753,"href":"https:\/\/www.eldiario.net\/portal\/wp-json\/wp\/v2\/posts\/225751\/revisions\/225753"}],"wp:featuredmedia":[{"embeddable":true,"href":"https:\/\/www.eldiario.net\/portal\/wp-json\/wp\/v2\/media\/225752"}],"wp:attachment":[{"href":"https:\/\/www.eldiario.net\/portal\/wp-json\/wp\/v2\/media?parent=225751"}],"wp:term":[{"taxonomy":"category","embeddable":true,"href":"https:\/\/www.eldiario.net\/portal\/wp-json\/wp\/v2\/categories?post=225751"},{"taxonomy":"post_tag","embeddable":true,"href":"https:\/\/www.eldiario.net\/portal\/wp-json\/wp\/v2\/tags?post=225751"}],"curies":[{"name":"wp","href":"https:\/\/api.w.org\/{rel}","templated":true}]}}