{"id":225748,"date":"2024-06-08T07:07:02","date_gmt":"2024-06-08T11:07:02","guid":{"rendered":"https:\/\/www.eldiario.net\/portal\/?p=225748"},"modified":"2024-06-08T07:07:02","modified_gmt":"2024-06-08T11:07:02","slug":"capacitan-a-comunarios-de-porongo-en-rescate-en-agua-y-primeros-auxilios","status":"publish","type":"post","link":"https:\/\/www.eldiario.net\/portal\/2024\/06\/08\/capacitan-a-comunarios-de-porongo-en-rescate-en-agua-y-primeros-auxilios\/","title":{"rendered":"Capacitan a comunarios de Porongo  en rescate en agua y primeros auxilios"},"content":{"rendered":"<p class=\"v1MsoNormal\">La Gobernaci\u00f3n de Santa Cruz, a trav\u00e9s de la Secretar\u00eda de Seguridad Ciudadana, realiz\u00f3 capacitaciones dirigidas a los comunarios de Tacuaremb\u00f3, Agua Dulce y Patriota Surut\u00fa, que trabajan de salvavidas y de personal m\u00e9dico en la Unidad de Conservaci\u00f3n del Patrimonio Natural (UCPN) Espejillo del municipio de Porongo.<\/p>\n<p class=\"v1MsoNormal\">Micaela Cuellar, secretaria de Seguridad Ciudadana, indic\u00f3 que las capacitaciones en \u00abrescate acu\u00e1tico y primeros auxilios\u00bb ser\u00e1n de manera continua en todos los centros tur\u00edsticos, con la finalidad de prevenir situaciones de emergencia ante un acontecimiento de ahogamiento.<\/p>\n<p class=\"v1MsoNormal\">Agreg\u00f3 que fueron tres d\u00edas de capacitaciones, en los que los participantes recibieron principios b\u00e1sicos de seguridad en operaciones de salvamento acu\u00e1tico, equipos de protecci\u00f3n y reanimaci\u00f3n cardiopulmonar (RCP).<\/p>\n<p class=\"v1MsoNormal\">Por su parte, Maximiliano C\u00f3rdoba y Shirley Osinaga, salvavidas de la comunidad Agua Dulce, agradecieron a la Gobernaci\u00f3n por las capacitaciones para brindar mejor atenci\u00f3n y seguridad a los turistas y visitantes. (Santa Cruz, agencias)<\/p>\n","protected":false},"excerpt":{"rendered":"<p>La Gobernaci\u00f3n de Santa Cruz, a trav\u00e9s de la Secretar\u00eda de Seguridad Ciudadana, realiz\u00f3 capacitaciones dirigidas a los comunarios de Tacuaremb\u00f3, Agua Dulce y Patriota Surut\u00fa, que trabajan de salvavidas y de personal m\u00e9dico en la Unidad de Conservaci\u00f3n del Patrimonio Natural (UCPN) Espejillo del municipio de Porongo. Micaela Cuellar, secretaria de Seguridad Ciudadana, indic\u00f3 [&hellip;]<\/p>\n","protected":false},"author":1,"featured_media":225749,"comment_status":"open","ping_status":"open","sticky":false,"template":"","format":"standard","meta":{"_acf_changed":false,"footnotes":""},"categories":[12],"tags":[],"class_list":["post-225748","post","type-post","status-publish","format-standard","has-post-thumbnail","category-nacional"],"acf":{"antetitulo":"Santa Cruz"},"yoast_head":"<!-- This site is optimized with the Yoast SEO plugin v28.4 - https:\/\/yoast.com\/product\/yoast-seo-wordpress\/ -->\n<title>Capacitan a comunarios de Porongo en rescate en agua y primeros auxilios - El Diario - Bolivia<\/title>\n<meta name=\"robots\" content=\"index, follow, max-snippet:-1, max-image-preview:large, max-video-preview:-1\" \/>\n<link rel=\"canonical\" href=\"https:\/\/www.eldiario.net\/portal\/2024\/06\/08\/capacitan-a-comunarios-de-porongo-en-rescate-en-agua-y-primeros-auxilios\/\" \/>\n<meta property=\"og:locale\" content=\"es_ES\" \/>\n<meta property=\"og:type\" content=\"article\" \/>\n<meta property=\"og:title\" content=\"Capacitan a comunarios de Porongo en rescate en agua y primeros auxilios - El Diario - Bolivia\" \/>\n<meta property=\"og:description\" content=\"La Gobernaci\u00f3n de Santa Cruz, a trav\u00e9s de la Secretar\u00eda de Seguridad Ciudadana, realiz\u00f3 capacitaciones dirigidas a los comunarios de Tacuaremb\u00f3, Agua Dulce y Patriota Surut\u00fa, que trabajan de salvavidas y de personal m\u00e9dico en la Unidad de Conservaci\u00f3n del Patrimonio Natural (UCPN) Espejillo del municipio de Porongo. Micaela Cuellar, secretaria de Seguridad Ciudadana, indic\u00f3 [&hellip;]\" \/>\n<meta property=\"og:url\" content=\"https:\/\/www.eldiario.net\/portal\/2024\/06\/08\/capacitan-a-comunarios-de-porongo-en-rescate-en-agua-y-primeros-auxilios\/\" \/>\n<meta property=\"og:site_name\" content=\"El Diario - Bolivia\" \/>\n<meta property=\"article:publisher\" content=\"https:\/\/www.facebook.com\/eldiario.bolivia\/\" \/>\n<meta property=\"article:published_time\" content=\"2024-06-08T11:07:02+00:00\" \/>\n<meta property=\"og:image\" content=\"https:\/\/www.eldiario.net\/portal\/wp-content\/uploads\/2024\/06\/73-NAL.jpg\" \/>\n\t<meta property=\"og:image:width\" content=\"1200\" \/>\n\t<meta property=\"og:image:height\" content=\"675\" \/>\n\t<meta property=\"og:image:type\" content=\"image\/jpeg\" \/>\n<meta name=\"author\" content=\"Jeanette\" \/>\n<meta name=\"twitter:card\" content=\"summary_large_image\" \/>\n<meta name=\"twitter:creator\" content=\"@eldiario_net\" \/>\n<meta name=\"twitter:site\" content=\"@eldiario_net\" \/>\n<meta name=\"twitter:label1\" content=\"Escrito por\" \/>\n\t<meta name=\"twitter:data1\" content=\"Jeanette\" \/>\n\t<meta name=\"twitter:label2\" content=\"Tiempo de lectura\" \/>\n\t<meta name=\"twitter:data2\" content=\"1 minuto\" \/>\n<script type=\"application\/ld+json\" class=\"yoast-schema-graph\">{\"@context\":\"https:\\\/\\\/schema.org\",\"@graph\":[{\"@type\":\"Article\",\"@id\":\"https:\\\/\\\/www.eldiario.net\\\/portal\\\/2024\\\/06\\\/08\\\/capacitan-a-comunarios-de-porongo-en-rescate-en-agua-y-primeros-auxilios\\\/#article\",\"isPartOf\":{\"@id\":\"https:\\\/\\\/www.eldiario.net\\\/portal\\\/2024\\\/06\\\/08\\\/capacitan-a-comunarios-de-porongo-en-rescate-en-agua-y-primeros-auxilios\\\/\"},\"author\":{\"name\":\"Jeanette\",\"@id\":\"https:\\\/\\\/www.eldiario.net\\\/portal\\\/#\\\/schema\\\/person\\\/f46445640444750d7d753ccd04ae01b7\"},\"headline\":\"Capacitan a comunarios de Porongo en rescate en agua y primeros auxilios\",\"datePublished\":\"2024-06-08T11:07:02+00:00\",\"mainEntityOfPage\":{\"@id\":\"https:\\\/\\\/www.eldiario.net\\\/portal\\\/2024\\\/06\\\/08\\\/capacitan-a-comunarios-de-porongo-en-rescate-en-agua-y-primeros-auxilios\\\/\"},\"wordCount\":178,\"commentCount\":0,\"publisher\":{\"@id\":\"https:\\\/\\\/www.eldiario.net\\\/portal\\\/#organization\"},\"image\":{\"@id\":\"https:\\\/\\\/www.eldiario.net\\\/portal\\\/2024\\\/06\\\/08\\\/capacitan-a-comunarios-de-porongo-en-rescate-en-agua-y-primeros-auxilios\\\/#primaryimage\"},\"thumbnailUrl\":\"https:\\\/\\\/www.eldiario.net\\\/portal\\\/wp-content\\\/uploads\\\/2024\\\/06\\\/73-NAL.jpg\",\"articleSection\":[\"Nacional\"],\"inLanguage\":\"es\",\"potentialAction\":[{\"@type\":\"CommentAction\",\"name\":\"Comment\",\"target\":[\"https:\\\/\\\/www.eldiario.net\\\/portal\\\/2024\\\/06\\\/08\\\/capacitan-a-comunarios-de-porongo-en-rescate-en-agua-y-primeros-auxilios\\\/#respond\"]}]},{\"@type\":\"WebPage\",\"@id\":\"https:\\\/\\\/www.eldiario.net\\\/portal\\\/2024\\\/06\\\/08\\\/capacitan-a-comunarios-de-porongo-en-rescate-en-agua-y-primeros-auxilios\\\/\",\"url\":\"https:\\\/\\\/www.eldiario.net\\\/portal\\\/2024\\\/06\\\/08\\\/capacitan-a-comunarios-de-porongo-en-rescate-en-agua-y-primeros-auxilios\\\/\",\"name\":\"Capacitan a comunarios de Porongo en rescate en agua y primeros auxilios - El Diario - Bolivia\",\"isPartOf\":{\"@id\":\"https:\\\/\\\/www.eldiario.net\\\/portal\\\/#website\"},\"primaryImageOfPage\":{\"@id\":\"https:\\\/\\\/www.eldiario.net\\\/portal\\\/2024\\\/06\\\/08\\\/capacitan-a-comunarios-de-porongo-en-rescate-en-agua-y-primeros-auxilios\\\/#primaryimage\"},\"image\":{\"@id\":\"https:\\\/\\\/www.eldiario.net\\\/portal\\\/2024\\\/06\\\/08\\\/capacitan-a-comunarios-de-porongo-en-rescate-en-agua-y-primeros-auxilios\\\/#primaryimage\"},\"thumbnailUrl\":\"https:\\\/\\\/www.eldiario.net\\\/portal\\\/wp-content\\\/uploads\\\/2024\\\/06\\\/73-NAL.jpg\",\"datePublished\":\"2024-06-08T11:07:02+00:00\",\"breadcrumb\":{\"@id\":\"https:\\\/\\\/www.eldiario.net\\\/portal\\\/2024\\\/06\\\/08\\\/capacitan-a-comunarios-de-porongo-en-rescate-en-agua-y-primeros-auxilios\\\/#breadcrumb\"},\"inLanguage\":\"es\",\"potentialAction\":[{\"@type\":\"ReadAction\",\"target\":[\"https:\\\/\\\/www.eldiario.net\\\/portal\\\/2024\\\/06\\\/08\\\/capacitan-a-comunarios-de-porongo-en-rescate-en-agua-y-primeros-auxilios\\\/\"]}]},{\"@type\":\"ImageObject\",\"inLanguage\":\"es\",\"@id\":\"https:\\\/\\\/www.eldiario.net\\\/portal\\\/2024\\\/06\\\/08\\\/capacitan-a-comunarios-de-porongo-en-rescate-en-agua-y-primeros-auxilios\\\/#primaryimage\",\"url\":\"https:\\\/\\\/www.eldiario.net\\\/portal\\\/wp-content\\\/uploads\\\/2024\\\/06\\\/73-NAL.jpg\",\"contentUrl\":\"https:\\\/\\\/www.eldiario.net\\\/portal\\\/wp-content\\\/uploads\\\/2024\\\/06\\\/73-NAL.jpg\",\"width\":1200,\"height\":675,\"caption\":\"LAS CAPACITACIONES PARA LA POBLACI\u00d3N SER\u00c1N PERMANENTES. FOTO: GSTC\"},{\"@type\":\"BreadcrumbList\",\"@id\":\"https:\\\/\\\/www.eldiario.net\\\/portal\\\/2024\\\/06\\\/08\\\/capacitan-a-comunarios-de-porongo-en-rescate-en-agua-y-primeros-auxilios\\\/#breadcrumb\",\"itemListElement\":[{\"@type\":\"ListItem\",\"position\":1,\"name\":\"Portada\",\"item\":\"https:\\\/\\\/www.eldiario.net\\\/portal\\\/\"},{\"@type\":\"ListItem\",\"position\":2,\"name\":\"Capacitan a comunarios de Porongo en rescate en agua y primeros auxilios\"}]},{\"@type\":\"WebSite\",\"@id\":\"https:\\\/\\\/www.eldiario.net\\\/portal\\\/#website\",\"url\":\"https:\\\/\\\/www.eldiario.net\\\/portal\\\/\",\"name\":\"El Diario - Decano de la prensa nacional\",\"description\":\"El Diario - Decano de la prensa nacional\",\"publisher\":{\"@id\":\"https:\\\/\\\/www.eldiario.net\\\/portal\\\/#organization\"},\"potentialAction\":[{\"@type\":\"SearchAction\",\"target\":{\"@type\":\"EntryPoint\",\"urlTemplate\":\"https:\\\/\\\/www.eldiario.net\\\/portal\\\/?s={search_term_string}\"},\"query-input\":{\"@type\":\"PropertyValueSpecification\",\"valueRequired\":true,\"valueName\":\"search_term_string\"}}],\"inLanguage\":\"es\"},{\"@type\":\"Organization\",\"@id\":\"https:\\\/\\\/www.eldiario.net\\\/portal\\\/#organization\",\"name\":\"El Diario - Decano de la prensa nacional\",\"url\":\"https:\\\/\\\/www.eldiario.net\\\/portal\\\/\",\"logo\":{\"@type\":\"ImageObject\",\"inLanguage\":\"es\",\"@id\":\"https:\\\/\\\/www.eldiario.net\\\/portal\\\/#\\\/schema\\\/logo\\\/image\\\/\",\"url\":\"https:\\\/\\\/www.eldiario.net\\\/portal\\\/wp-content\\\/uploads\\\/2023\\\/07\\\/logo_ED.jpg\",\"contentUrl\":\"https:\\\/\\\/www.eldiario.net\\\/portal\\\/wp-content\\\/uploads\\\/2023\\\/07\\\/logo_ED.jpg\",\"width\":272,\"height\":52,\"caption\":\"El Diario - Decano de la prensa nacional\"},\"image\":{\"@id\":\"https:\\\/\\\/www.eldiario.net\\\/portal\\\/#\\\/schema\\\/logo\\\/image\\\/\"},\"sameAs\":[\"https:\\\/\\\/www.facebook.com\\\/eldiario.bolivia\\\/\",\"https:\\\/\\\/x.com\\\/eldiario_net\"]},{\"@type\":\"Person\",\"@id\":\"https:\\\/\\\/www.eldiario.net\\\/portal\\\/#\\\/schema\\\/person\\\/f46445640444750d7d753ccd04ae01b7\",\"name\":\"Jeanette\",\"image\":{\"@type\":\"ImageObject\",\"inLanguage\":\"es\",\"@id\":\"https:\\\/\\\/secure.gravatar.com\\\/avatar\\\/3ea2118a5f7dad2b7138b1187a6b7ee55f160b9968b66013c3a3ef39dd7e5798?s=96&d=mm&r=g\",\"url\":\"https:\\\/\\\/secure.gravatar.com\\\/avatar\\\/3ea2118a5f7dad2b7138b1187a6b7ee55f160b9968b66013c3a3ef39dd7e5798?s=96&d=mm&r=g\",\"contentUrl\":\"https:\\\/\\\/secure.gravatar.com\\\/avatar\\\/3ea2118a5f7dad2b7138b1187a6b7ee55f160b9968b66013c3a3ef39dd7e5798?s=96&d=mm&r=g\",\"caption\":\"Jeanette\"},\"sameAs\":[\"https:\\\/\\\/www.eldiario.net\\\/portal\"],\"url\":\"https:\\\/\\\/www.eldiario.net\\\/portal\\\/author\\\/jeanette\\\/\"}]}<\/script>\n<!-- \/ Yoast SEO plugin. -->","yoast_head_json":{"title":"Capacitan a comunarios de Porongo en rescate en agua y primeros auxilios - El Diario - Bolivia","robots":{"index":"index","follow":"follow","max-snippet":"max-snippet:-1","max-image-preview":"max-image-preview:large","max-video-preview":"max-video-preview:-1"},"canonical":"https:\/\/www.eldiario.net\/portal\/2024\/06\/08\/capacitan-a-comunarios-de-porongo-en-rescate-en-agua-y-primeros-auxilios\/","og_locale":"es_ES","og_type":"article","og_title":"Capacitan a comunarios de Porongo en rescate en agua y primeros auxilios - El Diario - Bolivia","og_description":"La Gobernaci\u00f3n de Santa Cruz, a trav\u00e9s de la Secretar\u00eda de Seguridad Ciudadana, realiz\u00f3 capacitaciones dirigidas a los comunarios de Tacuaremb\u00f3, Agua Dulce y Patriota Surut\u00fa, que trabajan de salvavidas y de personal m\u00e9dico en la Unidad de Conservaci\u00f3n del Patrimonio Natural (UCPN) Espejillo del municipio de Porongo. Micaela Cuellar, secretaria de Seguridad Ciudadana, indic\u00f3 [&hellip;]","og_url":"https:\/\/www.eldiario.net\/portal\/2024\/06\/08\/capacitan-a-comunarios-de-porongo-en-rescate-en-agua-y-primeros-auxilios\/","og_site_name":"El Diario - Bolivia","article_publisher":"https:\/\/www.facebook.com\/eldiario.bolivia\/","article_published_time":"2024-06-08T11:07:02+00:00","og_image":[{"width":1200,"height":675,"url":"https:\/\/www.eldiario.net\/portal\/wp-content\/uploads\/2024\/06\/73-NAL.jpg","type":"image\/jpeg"}],"author":"Jeanette","twitter_card":"summary_large_image","twitter_creator":"@eldiario_net","twitter_site":"@eldiario_net","twitter_misc":{"Escrito por":"Jeanette","Tiempo de lectura":"1 minuto"},"schema":{"@context":"https:\/\/schema.org","@graph":[{"@type":"Article","@id":"https:\/\/www.eldiario.net\/portal\/2024\/06\/08\/capacitan-a-comunarios-de-porongo-en-rescate-en-agua-y-primeros-auxilios\/#article","isPartOf":{"@id":"https:\/\/www.eldiario.net\/portal\/2024\/06\/08\/capacitan-a-comunarios-de-porongo-en-rescate-en-agua-y-primeros-auxilios\/"},"author":{"name":"Jeanette","@id":"https:\/\/www.eldiario.net\/portal\/#\/schema\/person\/f46445640444750d7d753ccd04ae01b7"},"headline":"Capacitan a comunarios de Porongo en rescate en agua y primeros auxilios","datePublished":"2024-06-08T11:07:02+00:00","mainEntityOfPage":{"@id":"https:\/\/www.eldiario.net\/portal\/2024\/06\/08\/capacitan-a-comunarios-de-porongo-en-rescate-en-agua-y-primeros-auxilios\/"},"wordCount":178,"commentCount":0,"publisher":{"@id":"https:\/\/www.eldiario.net\/portal\/#organization"},"image":{"@id":"https:\/\/www.eldiario.net\/portal\/2024\/06\/08\/capacitan-a-comunarios-de-porongo-en-rescate-en-agua-y-primeros-auxilios\/#primaryimage"},"thumbnailUrl":"https:\/\/www.eldiario.net\/portal\/wp-content\/uploads\/2024\/06\/73-NAL.jpg","articleSection":["Nacional"],"inLanguage":"es","potentialAction":[{"@type":"CommentAction","name":"Comment","target":["https:\/\/www.eldiario.net\/portal\/2024\/06\/08\/capacitan-a-comunarios-de-porongo-en-rescate-en-agua-y-primeros-auxilios\/#respond"]}]},{"@type":"WebPage","@id":"https:\/\/www.eldiario.net\/portal\/2024\/06\/08\/capacitan-a-comunarios-de-porongo-en-rescate-en-agua-y-primeros-auxilios\/","url":"https:\/\/www.eldiario.net\/portal\/2024\/06\/08\/capacitan-a-comunarios-de-porongo-en-rescate-en-agua-y-primeros-auxilios\/","name":"Capacitan a comunarios de Porongo en rescate en agua y primeros auxilios - El Diario - Bolivia","isPartOf":{"@id":"https:\/\/www.eldiario.net\/portal\/#website"},"primaryImageOfPage":{"@id":"https:\/\/www.eldiario.net\/portal\/2024\/06\/08\/capacitan-a-comunarios-de-porongo-en-rescate-en-agua-y-primeros-auxilios\/#primaryimage"},"image":{"@id":"https:\/\/www.eldiario.net\/portal\/2024\/06\/08\/capacitan-a-comunarios-de-porongo-en-rescate-en-agua-y-primeros-auxilios\/#primaryimage"},"thumbnailUrl":"https:\/\/www.eldiario.net\/portal\/wp-content\/uploads\/2024\/06\/73-NAL.jpg","datePublished":"2024-06-08T11:07:02+00:00","breadcrumb":{"@id":"https:\/\/www.eldiario.net\/portal\/2024\/06\/08\/capacitan-a-comunarios-de-porongo-en-rescate-en-agua-y-primeros-auxilios\/#breadcrumb"},"inLanguage":"es","potentialAction":[{"@type":"ReadAction","target":["https:\/\/www.eldiario.net\/portal\/2024\/06\/08\/capacitan-a-comunarios-de-porongo-en-rescate-en-agua-y-primeros-auxilios\/"]}]},{"@type":"ImageObject","inLanguage":"es","@id":"https:\/\/www.eldiario.net\/portal\/2024\/06\/08\/capacitan-a-comunarios-de-porongo-en-rescate-en-agua-y-primeros-auxilios\/#primaryimage","url":"https:\/\/www.eldiario.net\/portal\/wp-content\/uploads\/2024\/06\/73-NAL.jpg","contentUrl":"https:\/\/www.eldiario.net\/portal\/wp-content\/uploads\/2024\/06\/73-NAL.jpg","width":1200,"height":675,"caption":"LAS CAPACITACIONES PARA LA POBLACI\u00d3N SER\u00c1N PERMANENTES. FOTO: GSTC"},{"@type":"BreadcrumbList","@id":"https:\/\/www.eldiario.net\/portal\/2024\/06\/08\/capacitan-a-comunarios-de-porongo-en-rescate-en-agua-y-primeros-auxilios\/#breadcrumb","itemListElement":[{"@type":"ListItem","position":1,"name":"Portada","item":"https:\/\/www.eldiario.net\/portal\/"},{"@type":"ListItem","position":2,"name":"Capacitan a comunarios de Porongo en rescate en agua y primeros auxilios"}]},{"@type":"WebSite","@id":"https:\/\/www.eldiario.net\/portal\/#website","url":"https:\/\/www.eldiario.net\/portal\/","name":"El Diario - Decano de la prensa nacional","description":"El Diario - Decano de la prensa nacional","publisher":{"@id":"https:\/\/www.eldiario.net\/portal\/#organization"},"potentialAction":[{"@type":"SearchAction","target":{"@type":"EntryPoint","urlTemplate":"https:\/\/www.eldiario.net\/portal\/?s={search_term_string}"},"query-input":{"@type":"PropertyValueSpecification","valueRequired":true,"valueName":"search_term_string"}}],"inLanguage":"es"},{"@type":"Organization","@id":"https:\/\/www.eldiario.net\/portal\/#organization","name":"El Diario - Decano de la prensa nacional","url":"https:\/\/www.eldiario.net\/portal\/","logo":{"@type":"ImageObject","inLanguage":"es","@id":"https:\/\/www.eldiario.net\/portal\/#\/schema\/logo\/image\/","url":"https:\/\/www.eldiario.net\/portal\/wp-content\/uploads\/2023\/07\/logo_ED.jpg","contentUrl":"https:\/\/www.eldiario.net\/portal\/wp-content\/uploads\/2023\/07\/logo_ED.jpg","width":272,"height":52,"caption":"El Diario - Decano de la prensa nacional"},"image":{"@id":"https:\/\/www.eldiario.net\/portal\/#\/schema\/logo\/image\/"},"sameAs":["https:\/\/www.facebook.com\/eldiario.bolivia\/","https:\/\/x.com\/eldiario_net"]},{"@type":"Person","@id":"https:\/\/www.eldiario.net\/portal\/#\/schema\/person\/f46445640444750d7d753ccd04ae01b7","name":"Jeanette","image":{"@type":"ImageObject","inLanguage":"es","@id":"https:\/\/secure.gravatar.com\/avatar\/3ea2118a5f7dad2b7138b1187a6b7ee55f160b9968b66013c3a3ef39dd7e5798?s=96&d=mm&r=g","url":"https:\/\/secure.gravatar.com\/avatar\/3ea2118a5f7dad2b7138b1187a6b7ee55f160b9968b66013c3a3ef39dd7e5798?s=96&d=mm&r=g","contentUrl":"https:\/\/secure.gravatar.com\/avatar\/3ea2118a5f7dad2b7138b1187a6b7ee55f160b9968b66013c3a3ef39dd7e5798?s=96&d=mm&r=g","caption":"Jeanette"},"sameAs":["https:\/\/www.eldiario.net\/portal"],"url":"https:\/\/www.eldiario.net\/portal\/author\/jeanette\/"}]}},"_links":{"self":[{"href":"https:\/\/www.eldiario.net\/portal\/wp-json\/wp\/v2\/posts\/225748","targetHints":{"allow":["GET"]}}],"collection":[{"href":"https:\/\/www.eldiario.net\/portal\/wp-json\/wp\/v2\/posts"}],"about":[{"href":"https:\/\/www.eldiario.net\/portal\/wp-json\/wp\/v2\/types\/post"}],"author":[{"embeddable":true,"href":"https:\/\/www.eldiario.net\/portal\/wp-json\/wp\/v2\/users\/1"}],"replies":[{"embeddable":true,"href":"https:\/\/www.eldiario.net\/portal\/wp-json\/wp\/v2\/comments?post=225748"}],"version-history":[{"count":1,"href":"https:\/\/www.eldiario.net\/portal\/wp-json\/wp\/v2\/posts\/225748\/revisions"}],"predecessor-version":[{"id":225750,"href":"https:\/\/www.eldiario.net\/portal\/wp-json\/wp\/v2\/posts\/225748\/revisions\/225750"}],"wp:featuredmedia":[{"embeddable":true,"href":"https:\/\/www.eldiario.net\/portal\/wp-json\/wp\/v2\/media\/225749"}],"wp:attachment":[{"href":"https:\/\/www.eldiario.net\/portal\/wp-json\/wp\/v2\/media?parent=225748"}],"wp:term":[{"taxonomy":"category","embeddable":true,"href":"https:\/\/www.eldiario.net\/portal\/wp-json\/wp\/v2\/categories?post=225748"},{"taxonomy":"post_tag","embeddable":true,"href":"https:\/\/www.eldiario.net\/portal\/wp-json\/wp\/v2\/tags?post=225748"}],"curies":[{"name":"wp","href":"https:\/\/api.w.org\/{rel}","templated":true}]}}