{"id":225745,"date":"2024-06-08T07:06:04","date_gmt":"2024-06-08T11:06:04","guid":{"rendered":"https:\/\/www.eldiario.net\/portal\/?p=225745"},"modified":"2024-06-08T07:06:04","modified_gmt":"2024-06-08T11:06:04","slug":"plantean-nuevas-formas-de-recuperar-bosques-tropicales","status":"publish","type":"post","link":"https:\/\/www.eldiario.net\/portal\/2024\/06\/08\/plantean-nuevas-formas-de-recuperar-bosques-tropicales\/","title":{"rendered":"Plantean nuevas formas de  recuperar bosques tropicales"},"content":{"rendered":"<p class=\"v1MsoNormal\"><span lang=\"ES-BO\">Investigadores de universidades espa\u00f1olas y peruanas han planteado nuevas maneras de recuperar los bosques tropicales secos de zonas andinas, que constituyen uno de los ecosistemas m\u00e1s amenazados a nivel mundial.<\/span><\/p>\n<p class=\"v1MsoNormal\"><span lang=\"ES-BO\">Cient\u00edficos del Grupo Ecolog\u00eda, Cambio Global y Restauraci\u00f3n de Ecosistemas de la Facultad de Ciencias Biol\u00f3gicas de la Universidad Complutense de Madrid y de la Universidad Nacional de San Agust\u00edn de Arequipa (Per\u00fa) han trabajado conjuntamente para desarrollar esas nuevas formas de recuperar esos bosques y han publicado las conclusiones de su trabajo en la revista Global Ecology and Conservation.<\/span><\/p>\n<p class=\"v1MsoNormal\"><span lang=\"ES-BO\">Estos bosques secos tropicales se encuentran entre los ecosistemas m\u00e1s amenazados a nivel mundial, con problemas severos de deforestaci\u00f3n y de regeneraci\u00f3n de la cubierta arb\u00f3rea, y su restauraci\u00f3n se considera prioritaria, pero constituye un reto en el contexto actual de emergencia clim\u00e1tica, ha recordado la Universidad Complutense en una nota de prensa difundida hoy.<\/span><\/p>\n<p class=\"v1MsoNormal\"><span lang=\"ES-BO\">En este art\u00edculo los investigadores presentan los resultados de un proyecto de restauraci\u00f3n ecol\u00f3gica empleando un enfoque que consiste en aprovechar una relaci\u00f3n que ocurre de manera natural en la naturaleza y que han denominado \u00abfacilitaci\u00f3n entre especies\u00bb.<\/span><\/p>\n<p class=\"v1MsoNormal\"><span lang=\"ES-BO\">El \u00e1rea de estudio fue las lomas de Atiquipa, en el desierto costero peruano-chileno (Desierto de Atacama), que es uno de los m\u00e1s \u00e1ridos del mundo.<\/span><\/p>\n<p class=\"v1MsoNormal\">Los bosques de lomas son ecosistemas \u00fanicos que presentan comunidades vegetales ricas en especies aut\u00f3ctonas, y dado que las precipitaciones son\u00a0extremadamente\u00a0escasas, la principal fuente de agua de estos ecosistemas es la proporcionada por las neblinas invernales.<\/p>\n<p class=\"v1MsoNormal\"><span lang=\"ES-BO\">La humedad de las nieblas se condensa en las ramas y hojas de la vegetaci\u00f3n y gotea hacia el suelo en un fen\u00f3meno conocido como lluvia horizontal.<\/span><\/p>\n<p class=\"v1MsoNormal\"><span lang=\"ES-BO\">En las Lomas de Atiquipa, la tara (Tara spinosa) es la \u00fanica especie arb\u00f3rea significativa; se trata de una especie de leguminosa arb\u00f3rea neotropical de gran valor ecol\u00f3gico, es la principal especie captadora de agua y sus frutos y semillas son un recurso econ\u00f3mico importante para la comunidad campesina de Atiquipa.<\/span><\/p>\n<p class=\"v1MsoNormal\"><span lang=\"ES-BO\">Pero la extensi\u00f3n de los bosques de tara en las Lomas de Atiquipa se ha reducido enormemente, lo que ha disminuido los aportes h\u00eddricos dificultando, a su vez, la recuperaci\u00f3n de la superficie forestal.<\/span><\/p>\n<p class=\"v1MsoNormal\"><span lang=\"ES-BO\">En este estudio los cient\u00edficos han mostrado una experiencia de restauraci\u00f3n ecol\u00f3gica en las Lomas de Atiquipa, tras investigar el uso de arbustos espinosos locales como plantas nodrizas para promover la regeneraci\u00f3n del bosque.<\/span><\/p>\n<p class=\"v1MsoNormal\"><span lang=\"ES-BO\">Utilizaron concretamente las especies Citharexylum flexuosum y Randia rotundifolia, dos especies que ya fueron nombradas por los bot\u00e1nicos espa\u00f1oles Hip\u00f3lito Ruiz y Jos\u00e9 Pav\u00f3n tras su expedici\u00f3n bot\u00e1nica por Per\u00fa y Chile (1777- 1788).<\/span><\/p>\n<p class=\"v1MsoNormal\"><span lang=\"ES-BO\">El uso de plantas \u00abnodriza\u00bb en la restauraci\u00f3n se basa en la idea de la facilitaci\u00f3n entre plantas y puede ser una soluci\u00f3n basada en la propia naturaleza muy adecuada para reducir los costos de reforestaci\u00f3n, han se\u00f1alado los investigadores.<\/span><\/p>\n<p class=\"v1MsoNormal\"><span lang=\"ES-BO\">En este trabajo, los investigadores sembraron y plantaron taras bajo arbustos y en zonas desprovistas de vegetaci\u00f3n, anotando su supervivencia y las condiciones microclim\u00e1ticas (intensidad lum\u00ednica, temperatura y humedad relativa).<\/span><\/p>\n<p class=\"v1MsoNormal\"><span lang=\"ES-BO\">Los resultados mostraron que la supervivencia era mayor cuando se realizaba la plantaci\u00f3n bajo los arbustos, e interpretaron esa mayor supervivencia en t\u00e9rminos de una mejora de las condiciones microclim\u00e1ticas debido a la protecci\u00f3n que ofrecen los arbustos a las j\u00f3venes pl\u00e1ntulas de Tara, ya que detectaron una reducci\u00f3n significativa en las condiciones ambientales extremas bajo el dosel de la planta nodriza, con un incremento de la humedad y menor radiaci\u00f3n.<\/span><\/p>\n<p class=\"v1MsoNormal\"><span lang=\"ES-BO\">Los cient\u00edficos han propuesto por lo tanto utilizar esa mayor supervivencia para planificar futuros trabajos de restauraci\u00f3n en las Lomas de Atiquipa, y han destacado que la novedad del enfoque reduce los costes de mantenimiento de las plantaciones asociados al suministro de riegos para el mantenimiento de las plantas en las primeras etapas del desarrollo. (Br\u00fajula Digital)<\/span><\/p>\n","protected":false},"excerpt":{"rendered":"<p>Investigadores de universidades espa\u00f1olas y peruanas han planteado nuevas maneras de recuperar los bosques tropicales secos de zonas andinas, que constituyen uno de los ecosistemas m\u00e1s amenazados a nivel mundial. Cient\u00edficos del Grupo Ecolog\u00eda, Cambio Global y Restauraci\u00f3n de Ecosistemas de la Facultad de Ciencias Biol\u00f3gicas de la Universidad Complutense de Madrid y de la [&hellip;]<\/p>\n","protected":false},"author":1,"featured_media":225746,"comment_status":"open","ping_status":"open","sticky":false,"template":"","format":"standard","meta":{"_acf_changed":false,"footnotes":""},"categories":[12],"tags":[],"class_list":["post-225745","post","type-post","status-publish","format-standard","has-post-thumbnail","category-nacional"],"acf":{"antetitulo":""},"yoast_head":"<!-- This site is optimized with the Yoast SEO plugin v28.4 - https:\/\/yoast.com\/product\/yoast-seo-wordpress\/ -->\n<title>Plantean nuevas formas de recuperar bosques tropicales - El Diario - Bolivia<\/title>\n<meta name=\"robots\" content=\"index, follow, max-snippet:-1, max-image-preview:large, max-video-preview:-1\" \/>\n<link rel=\"canonical\" href=\"https:\/\/www.eldiario.net\/portal\/2024\/06\/08\/plantean-nuevas-formas-de-recuperar-bosques-tropicales\/\" \/>\n<meta property=\"og:locale\" content=\"es_ES\" \/>\n<meta property=\"og:type\" content=\"article\" \/>\n<meta property=\"og:title\" content=\"Plantean nuevas formas de recuperar bosques tropicales - El Diario - Bolivia\" \/>\n<meta property=\"og:description\" content=\"Investigadores de universidades espa\u00f1olas y peruanas han planteado nuevas maneras de recuperar los bosques tropicales secos de zonas andinas, que constituyen uno de los ecosistemas m\u00e1s amenazados a nivel mundial. Cient\u00edficos del Grupo Ecolog\u00eda, Cambio Global y Restauraci\u00f3n de Ecosistemas de la Facultad de Ciencias Biol\u00f3gicas de la Universidad Complutense de Madrid y de la [&hellip;]\" \/>\n<meta property=\"og:url\" content=\"https:\/\/www.eldiario.net\/portal\/2024\/06\/08\/plantean-nuevas-formas-de-recuperar-bosques-tropicales\/\" \/>\n<meta property=\"og:site_name\" content=\"El Diario - Bolivia\" \/>\n<meta property=\"article:publisher\" content=\"https:\/\/www.facebook.com\/eldiario.bolivia\/\" \/>\n<meta property=\"article:published_time\" content=\"2024-06-08T11:06:04+00:00\" \/>\n<meta property=\"og:image\" content=\"https:\/\/www.eldiario.net\/portal\/wp-content\/uploads\/2024\/06\/71-NAL.jpg\" \/>\n\t<meta property=\"og:image:width\" content=\"720\" \/>\n\t<meta property=\"og:image:height\" content=\"399\" \/>\n\t<meta property=\"og:image:type\" content=\"image\/jpeg\" \/>\n<meta name=\"author\" content=\"Jeanette\" \/>\n<meta name=\"twitter:card\" content=\"summary_large_image\" \/>\n<meta name=\"twitter:creator\" content=\"@eldiario_net\" \/>\n<meta name=\"twitter:site\" content=\"@eldiario_net\" \/>\n<meta name=\"twitter:label1\" content=\"Escrito por\" \/>\n\t<meta name=\"twitter:data1\" content=\"Jeanette\" \/>\n\t<meta name=\"twitter:label2\" content=\"Tiempo de lectura\" \/>\n\t<meta name=\"twitter:data2\" content=\"4 minutos\" \/>\n<script type=\"application\/ld+json\" class=\"yoast-schema-graph\">{\"@context\":\"https:\\\/\\\/schema.org\",\"@graph\":[{\"@type\":\"Article\",\"@id\":\"https:\\\/\\\/www.eldiario.net\\\/portal\\\/2024\\\/06\\\/08\\\/plantean-nuevas-formas-de-recuperar-bosques-tropicales\\\/#article\",\"isPartOf\":{\"@id\":\"https:\\\/\\\/www.eldiario.net\\\/portal\\\/2024\\\/06\\\/08\\\/plantean-nuevas-formas-de-recuperar-bosques-tropicales\\\/\"},\"author\":{\"name\":\"Jeanette\",\"@id\":\"https:\\\/\\\/www.eldiario.net\\\/portal\\\/#\\\/schema\\\/person\\\/f46445640444750d7d753ccd04ae01b7\"},\"headline\":\"Plantean nuevas formas de recuperar bosques tropicales\",\"datePublished\":\"2024-06-08T11:06:04+00:00\",\"mainEntityOfPage\":{\"@id\":\"https:\\\/\\\/www.eldiario.net\\\/portal\\\/2024\\\/06\\\/08\\\/plantean-nuevas-formas-de-recuperar-bosques-tropicales\\\/\"},\"wordCount\":689,\"commentCount\":0,\"publisher\":{\"@id\":\"https:\\\/\\\/www.eldiario.net\\\/portal\\\/#organization\"},\"image\":{\"@id\":\"https:\\\/\\\/www.eldiario.net\\\/portal\\\/2024\\\/06\\\/08\\\/plantean-nuevas-formas-de-recuperar-bosques-tropicales\\\/#primaryimage\"},\"thumbnailUrl\":\"https:\\\/\\\/www.eldiario.net\\\/portal\\\/wp-content\\\/uploads\\\/2024\\\/06\\\/71-NAL.jpg\",\"articleSection\":[\"Nacional\"],\"inLanguage\":\"es\",\"potentialAction\":[{\"@type\":\"CommentAction\",\"name\":\"Comment\",\"target\":[\"https:\\\/\\\/www.eldiario.net\\\/portal\\\/2024\\\/06\\\/08\\\/plantean-nuevas-formas-de-recuperar-bosques-tropicales\\\/#respond\"]}]},{\"@type\":\"WebPage\",\"@id\":\"https:\\\/\\\/www.eldiario.net\\\/portal\\\/2024\\\/06\\\/08\\\/plantean-nuevas-formas-de-recuperar-bosques-tropicales\\\/\",\"url\":\"https:\\\/\\\/www.eldiario.net\\\/portal\\\/2024\\\/06\\\/08\\\/plantean-nuevas-formas-de-recuperar-bosques-tropicales\\\/\",\"name\":\"Plantean nuevas formas de recuperar bosques tropicales - El Diario - Bolivia\",\"isPartOf\":{\"@id\":\"https:\\\/\\\/www.eldiario.net\\\/portal\\\/#website\"},\"primaryImageOfPage\":{\"@id\":\"https:\\\/\\\/www.eldiario.net\\\/portal\\\/2024\\\/06\\\/08\\\/plantean-nuevas-formas-de-recuperar-bosques-tropicales\\\/#primaryimage\"},\"image\":{\"@id\":\"https:\\\/\\\/www.eldiario.net\\\/portal\\\/2024\\\/06\\\/08\\\/plantean-nuevas-formas-de-recuperar-bosques-tropicales\\\/#primaryimage\"},\"thumbnailUrl\":\"https:\\\/\\\/www.eldiario.net\\\/portal\\\/wp-content\\\/uploads\\\/2024\\\/06\\\/71-NAL.jpg\",\"datePublished\":\"2024-06-08T11:06:04+00:00\",\"breadcrumb\":{\"@id\":\"https:\\\/\\\/www.eldiario.net\\\/portal\\\/2024\\\/06\\\/08\\\/plantean-nuevas-formas-de-recuperar-bosques-tropicales\\\/#breadcrumb\"},\"inLanguage\":\"es\",\"potentialAction\":[{\"@type\":\"ReadAction\",\"target\":[\"https:\\\/\\\/www.eldiario.net\\\/portal\\\/2024\\\/06\\\/08\\\/plantean-nuevas-formas-de-recuperar-bosques-tropicales\\\/\"]}]},{\"@type\":\"ImageObject\",\"inLanguage\":\"es\",\"@id\":\"https:\\\/\\\/www.eldiario.net\\\/portal\\\/2024\\\/06\\\/08\\\/plantean-nuevas-formas-de-recuperar-bosques-tropicales\\\/#primaryimage\",\"url\":\"https:\\\/\\\/www.eldiario.net\\\/portal\\\/wp-content\\\/uploads\\\/2024\\\/06\\\/71-NAL.jpg\",\"contentUrl\":\"https:\\\/\\\/www.eldiario.net\\\/portal\\\/wp-content\\\/uploads\\\/2024\\\/06\\\/71-NAL.jpg\",\"width\":720,\"height\":399,\"caption\":\"URGE RECUPERAR LOS BOSQUES TROPICALES SECOS POR SER LOS M\u00c1S AMENAZADOS A NIVEL MUNDIAL. FOTO: RRSS\"},{\"@type\":\"BreadcrumbList\",\"@id\":\"https:\\\/\\\/www.eldiario.net\\\/portal\\\/2024\\\/06\\\/08\\\/plantean-nuevas-formas-de-recuperar-bosques-tropicales\\\/#breadcrumb\",\"itemListElement\":[{\"@type\":\"ListItem\",\"position\":1,\"name\":\"Portada\",\"item\":\"https:\\\/\\\/www.eldiario.net\\\/portal\\\/\"},{\"@type\":\"ListItem\",\"position\":2,\"name\":\"Plantean nuevas formas de recuperar bosques tropicales\"}]},{\"@type\":\"WebSite\",\"@id\":\"https:\\\/\\\/www.eldiario.net\\\/portal\\\/#website\",\"url\":\"https:\\\/\\\/www.eldiario.net\\\/portal\\\/\",\"name\":\"El Diario - Decano de la prensa nacional\",\"description\":\"El Diario - Decano de la prensa nacional\",\"publisher\":{\"@id\":\"https:\\\/\\\/www.eldiario.net\\\/portal\\\/#organization\"},\"potentialAction\":[{\"@type\":\"SearchAction\",\"target\":{\"@type\":\"EntryPoint\",\"urlTemplate\":\"https:\\\/\\\/www.eldiario.net\\\/portal\\\/?s={search_term_string}\"},\"query-input\":{\"@type\":\"PropertyValueSpecification\",\"valueRequired\":true,\"valueName\":\"search_term_string\"}}],\"inLanguage\":\"es\"},{\"@type\":\"Organization\",\"@id\":\"https:\\\/\\\/www.eldiario.net\\\/portal\\\/#organization\",\"name\":\"El Diario - Decano de la prensa nacional\",\"url\":\"https:\\\/\\\/www.eldiario.net\\\/portal\\\/\",\"logo\":{\"@type\":\"ImageObject\",\"inLanguage\":\"es\",\"@id\":\"https:\\\/\\\/www.eldiario.net\\\/portal\\\/#\\\/schema\\\/logo\\\/image\\\/\",\"url\":\"https:\\\/\\\/www.eldiario.net\\\/portal\\\/wp-content\\\/uploads\\\/2023\\\/07\\\/logo_ED.jpg\",\"contentUrl\":\"https:\\\/\\\/www.eldiario.net\\\/portal\\\/wp-content\\\/uploads\\\/2023\\\/07\\\/logo_ED.jpg\",\"width\":272,\"height\":52,\"caption\":\"El Diario - Decano de la prensa nacional\"},\"image\":{\"@id\":\"https:\\\/\\\/www.eldiario.net\\\/portal\\\/#\\\/schema\\\/logo\\\/image\\\/\"},\"sameAs\":[\"https:\\\/\\\/www.facebook.com\\\/eldiario.bolivia\\\/\",\"https:\\\/\\\/x.com\\\/eldiario_net\"]},{\"@type\":\"Person\",\"@id\":\"https:\\\/\\\/www.eldiario.net\\\/portal\\\/#\\\/schema\\\/person\\\/f46445640444750d7d753ccd04ae01b7\",\"name\":\"Jeanette\",\"image\":{\"@type\":\"ImageObject\",\"inLanguage\":\"es\",\"@id\":\"https:\\\/\\\/secure.gravatar.com\\\/avatar\\\/3ea2118a5f7dad2b7138b1187a6b7ee55f160b9968b66013c3a3ef39dd7e5798?s=96&d=mm&r=g\",\"url\":\"https:\\\/\\\/secure.gravatar.com\\\/avatar\\\/3ea2118a5f7dad2b7138b1187a6b7ee55f160b9968b66013c3a3ef39dd7e5798?s=96&d=mm&r=g\",\"contentUrl\":\"https:\\\/\\\/secure.gravatar.com\\\/avatar\\\/3ea2118a5f7dad2b7138b1187a6b7ee55f160b9968b66013c3a3ef39dd7e5798?s=96&d=mm&r=g\",\"caption\":\"Jeanette\"},\"sameAs\":[\"https:\\\/\\\/www.eldiario.net\\\/portal\"],\"url\":\"https:\\\/\\\/www.eldiario.net\\\/portal\\\/author\\\/jeanette\\\/\"}]}<\/script>\n<!-- \/ Yoast SEO plugin. -->","yoast_head_json":{"title":"Plantean nuevas formas de recuperar bosques tropicales - El Diario - Bolivia","robots":{"index":"index","follow":"follow","max-snippet":"max-snippet:-1","max-image-preview":"max-image-preview:large","max-video-preview":"max-video-preview:-1"},"canonical":"https:\/\/www.eldiario.net\/portal\/2024\/06\/08\/plantean-nuevas-formas-de-recuperar-bosques-tropicales\/","og_locale":"es_ES","og_type":"article","og_title":"Plantean nuevas formas de recuperar bosques tropicales - El Diario - Bolivia","og_description":"Investigadores de universidades espa\u00f1olas y peruanas han planteado nuevas maneras de recuperar los bosques tropicales secos de zonas andinas, que constituyen uno de los ecosistemas m\u00e1s amenazados a nivel mundial. Cient\u00edficos del Grupo Ecolog\u00eda, Cambio Global y Restauraci\u00f3n de Ecosistemas de la Facultad de Ciencias Biol\u00f3gicas de la Universidad Complutense de Madrid y de la [&hellip;]","og_url":"https:\/\/www.eldiario.net\/portal\/2024\/06\/08\/plantean-nuevas-formas-de-recuperar-bosques-tropicales\/","og_site_name":"El Diario - Bolivia","article_publisher":"https:\/\/www.facebook.com\/eldiario.bolivia\/","article_published_time":"2024-06-08T11:06:04+00:00","og_image":[{"width":720,"height":399,"url":"https:\/\/www.eldiario.net\/portal\/wp-content\/uploads\/2024\/06\/71-NAL.jpg","type":"image\/jpeg"}],"author":"Jeanette","twitter_card":"summary_large_image","twitter_creator":"@eldiario_net","twitter_site":"@eldiario_net","twitter_misc":{"Escrito por":"Jeanette","Tiempo de lectura":"4 minutos"},"schema":{"@context":"https:\/\/schema.org","@graph":[{"@type":"Article","@id":"https:\/\/www.eldiario.net\/portal\/2024\/06\/08\/plantean-nuevas-formas-de-recuperar-bosques-tropicales\/#article","isPartOf":{"@id":"https:\/\/www.eldiario.net\/portal\/2024\/06\/08\/plantean-nuevas-formas-de-recuperar-bosques-tropicales\/"},"author":{"name":"Jeanette","@id":"https:\/\/www.eldiario.net\/portal\/#\/schema\/person\/f46445640444750d7d753ccd04ae01b7"},"headline":"Plantean nuevas formas de recuperar bosques tropicales","datePublished":"2024-06-08T11:06:04+00:00","mainEntityOfPage":{"@id":"https:\/\/www.eldiario.net\/portal\/2024\/06\/08\/plantean-nuevas-formas-de-recuperar-bosques-tropicales\/"},"wordCount":689,"commentCount":0,"publisher":{"@id":"https:\/\/www.eldiario.net\/portal\/#organization"},"image":{"@id":"https:\/\/www.eldiario.net\/portal\/2024\/06\/08\/plantean-nuevas-formas-de-recuperar-bosques-tropicales\/#primaryimage"},"thumbnailUrl":"https:\/\/www.eldiario.net\/portal\/wp-content\/uploads\/2024\/06\/71-NAL.jpg","articleSection":["Nacional"],"inLanguage":"es","potentialAction":[{"@type":"CommentAction","name":"Comment","target":["https:\/\/www.eldiario.net\/portal\/2024\/06\/08\/plantean-nuevas-formas-de-recuperar-bosques-tropicales\/#respond"]}]},{"@type":"WebPage","@id":"https:\/\/www.eldiario.net\/portal\/2024\/06\/08\/plantean-nuevas-formas-de-recuperar-bosques-tropicales\/","url":"https:\/\/www.eldiario.net\/portal\/2024\/06\/08\/plantean-nuevas-formas-de-recuperar-bosques-tropicales\/","name":"Plantean nuevas formas de recuperar bosques tropicales - El Diario - Bolivia","isPartOf":{"@id":"https:\/\/www.eldiario.net\/portal\/#website"},"primaryImageOfPage":{"@id":"https:\/\/www.eldiario.net\/portal\/2024\/06\/08\/plantean-nuevas-formas-de-recuperar-bosques-tropicales\/#primaryimage"},"image":{"@id":"https:\/\/www.eldiario.net\/portal\/2024\/06\/08\/plantean-nuevas-formas-de-recuperar-bosques-tropicales\/#primaryimage"},"thumbnailUrl":"https:\/\/www.eldiario.net\/portal\/wp-content\/uploads\/2024\/06\/71-NAL.jpg","datePublished":"2024-06-08T11:06:04+00:00","breadcrumb":{"@id":"https:\/\/www.eldiario.net\/portal\/2024\/06\/08\/plantean-nuevas-formas-de-recuperar-bosques-tropicales\/#breadcrumb"},"inLanguage":"es","potentialAction":[{"@type":"ReadAction","target":["https:\/\/www.eldiario.net\/portal\/2024\/06\/08\/plantean-nuevas-formas-de-recuperar-bosques-tropicales\/"]}]},{"@type":"ImageObject","inLanguage":"es","@id":"https:\/\/www.eldiario.net\/portal\/2024\/06\/08\/plantean-nuevas-formas-de-recuperar-bosques-tropicales\/#primaryimage","url":"https:\/\/www.eldiario.net\/portal\/wp-content\/uploads\/2024\/06\/71-NAL.jpg","contentUrl":"https:\/\/www.eldiario.net\/portal\/wp-content\/uploads\/2024\/06\/71-NAL.jpg","width":720,"height":399,"caption":"URGE RECUPERAR LOS BOSQUES TROPICALES SECOS POR SER LOS M\u00c1S AMENAZADOS A NIVEL MUNDIAL. FOTO: RRSS"},{"@type":"BreadcrumbList","@id":"https:\/\/www.eldiario.net\/portal\/2024\/06\/08\/plantean-nuevas-formas-de-recuperar-bosques-tropicales\/#breadcrumb","itemListElement":[{"@type":"ListItem","position":1,"name":"Portada","item":"https:\/\/www.eldiario.net\/portal\/"},{"@type":"ListItem","position":2,"name":"Plantean nuevas formas de recuperar bosques tropicales"}]},{"@type":"WebSite","@id":"https:\/\/www.eldiario.net\/portal\/#website","url":"https:\/\/www.eldiario.net\/portal\/","name":"El Diario - Decano de la prensa nacional","description":"El Diario - Decano de la prensa nacional","publisher":{"@id":"https:\/\/www.eldiario.net\/portal\/#organization"},"potentialAction":[{"@type":"SearchAction","target":{"@type":"EntryPoint","urlTemplate":"https:\/\/www.eldiario.net\/portal\/?s={search_term_string}"},"query-input":{"@type":"PropertyValueSpecification","valueRequired":true,"valueName":"search_term_string"}}],"inLanguage":"es"},{"@type":"Organization","@id":"https:\/\/www.eldiario.net\/portal\/#organization","name":"El Diario - Decano de la prensa nacional","url":"https:\/\/www.eldiario.net\/portal\/","logo":{"@type":"ImageObject","inLanguage":"es","@id":"https:\/\/www.eldiario.net\/portal\/#\/schema\/logo\/image\/","url":"https:\/\/www.eldiario.net\/portal\/wp-content\/uploads\/2023\/07\/logo_ED.jpg","contentUrl":"https:\/\/www.eldiario.net\/portal\/wp-content\/uploads\/2023\/07\/logo_ED.jpg","width":272,"height":52,"caption":"El Diario - Decano de la prensa nacional"},"image":{"@id":"https:\/\/www.eldiario.net\/portal\/#\/schema\/logo\/image\/"},"sameAs":["https:\/\/www.facebook.com\/eldiario.bolivia\/","https:\/\/x.com\/eldiario_net"]},{"@type":"Person","@id":"https:\/\/www.eldiario.net\/portal\/#\/schema\/person\/f46445640444750d7d753ccd04ae01b7","name":"Jeanette","image":{"@type":"ImageObject","inLanguage":"es","@id":"https:\/\/secure.gravatar.com\/avatar\/3ea2118a5f7dad2b7138b1187a6b7ee55f160b9968b66013c3a3ef39dd7e5798?s=96&d=mm&r=g","url":"https:\/\/secure.gravatar.com\/avatar\/3ea2118a5f7dad2b7138b1187a6b7ee55f160b9968b66013c3a3ef39dd7e5798?s=96&d=mm&r=g","contentUrl":"https:\/\/secure.gravatar.com\/avatar\/3ea2118a5f7dad2b7138b1187a6b7ee55f160b9968b66013c3a3ef39dd7e5798?s=96&d=mm&r=g","caption":"Jeanette"},"sameAs":["https:\/\/www.eldiario.net\/portal"],"url":"https:\/\/www.eldiario.net\/portal\/author\/jeanette\/"}]}},"_links":{"self":[{"href":"https:\/\/www.eldiario.net\/portal\/wp-json\/wp\/v2\/posts\/225745","targetHints":{"allow":["GET"]}}],"collection":[{"href":"https:\/\/www.eldiario.net\/portal\/wp-json\/wp\/v2\/posts"}],"about":[{"href":"https:\/\/www.eldiario.net\/portal\/wp-json\/wp\/v2\/types\/post"}],"author":[{"embeddable":true,"href":"https:\/\/www.eldiario.net\/portal\/wp-json\/wp\/v2\/users\/1"}],"replies":[{"embeddable":true,"href":"https:\/\/www.eldiario.net\/portal\/wp-json\/wp\/v2\/comments?post=225745"}],"version-history":[{"count":1,"href":"https:\/\/www.eldiario.net\/portal\/wp-json\/wp\/v2\/posts\/225745\/revisions"}],"predecessor-version":[{"id":225747,"href":"https:\/\/www.eldiario.net\/portal\/wp-json\/wp\/v2\/posts\/225745\/revisions\/225747"}],"wp:featuredmedia":[{"embeddable":true,"href":"https:\/\/www.eldiario.net\/portal\/wp-json\/wp\/v2\/media\/225746"}],"wp:attachment":[{"href":"https:\/\/www.eldiario.net\/portal\/wp-json\/wp\/v2\/media?parent=225745"}],"wp:term":[{"taxonomy":"category","embeddable":true,"href":"https:\/\/www.eldiario.net\/portal\/wp-json\/wp\/v2\/categories?post=225745"},{"taxonomy":"post_tag","embeddable":true,"href":"https:\/\/www.eldiario.net\/portal\/wp-json\/wp\/v2\/tags?post=225745"}],"curies":[{"name":"wp","href":"https:\/\/api.w.org\/{rel}","templated":true}]}}