{"id":225742,"date":"2024-06-08T07:05:05","date_gmt":"2024-06-08T11:05:05","guid":{"rendered":"https:\/\/www.eldiario.net\/portal\/?p=225742"},"modified":"2024-06-08T07:05:05","modified_gmt":"2024-06-08T11:05:05","slug":"del-campo-a-la-olla-estara-en-estacion-del-teleferico-rojo","status":"publish","type":"post","link":"https:\/\/www.eldiario.net\/portal\/2024\/06\/08\/del-campo-a-la-olla-estara-en-estacion-del-teleferico-rojo\/","title":{"rendered":"\u00abDel Campo a la Olla\u00bb estar\u00e1  en estaci\u00f3n del Telef\u00e9rico Rojo"},"content":{"rendered":"<p class=\"v1MsoNormal\">La feria \u00abDel Campo a la Olla\u00bb ser\u00e1 instalada hoy en predios de la estaci\u00f3n central de Mi Telef\u00e9rico, L\u00ednea Roja, en la ciudad de La Paz, se prev\u00e9 que habr\u00e1 ofertas de una variedad de productos a precios del productor al consumidor.<\/p>\n<p class=\"v1MsoNormal\">\u00abSiempre estamos trabajando con diferentes productores, por esa raz\u00f3n se est\u00e1n realizando estas ferias y vamos a continuar con otros departamentos las siguientes semanas porque hay un pedido\u00bb, afirm\u00f3 el ministro de Desarrollo Rural y Tierras, Santos Condori.<\/p>\n<p class=\"v1MsoNormal\">Explic\u00f3 que la feria \u00abDel Campo a la Olla\u00bb ofrecer\u00e1 verduras, hortalizas, tub\u00e9rculos y frutas, como por ejemplo tomate y cebolla, cuyo precio se elev\u00f3 en el mercado, a causa de afectaci\u00f3n en cultivos por la helada y un desv\u00edo ilegal a mercados vecinos, como Argentina.<\/p>\n<p class=\"v1MsoNormal\">\u00abSe est\u00e1 haciendo control estricto en las fronteras, el Servicio Nacional de Sanidad Agropecuaria e Inocuidad Alimentaria (y otras entidades competentes) hace el control\u00bb, mencion\u00f3 la autoridad.<\/p>\n<p class=\"v1MsoNormal\">El evento ferial cont\u00f3 con productores de Palca, Mizque, Palos Blancos, de los departamentos de La Paz y Cochabamba. Ofertar\u00e1 alimentos a precios del productor al consumidor. Empezar\u00e1 la venta desde las 8:00 hasta las 16:00 horas.<\/p>\n<p class=\"v1MsoNormal\">\n","protected":false},"excerpt":{"rendered":"<p>La feria \u00abDel Campo a la Olla\u00bb ser\u00e1 instalada hoy en predios de la estaci\u00f3n central de Mi Telef\u00e9rico, L\u00ednea Roja, en la ciudad de La Paz, se prev\u00e9 que habr\u00e1 ofertas de una variedad de productos a precios del productor al consumidor. \u00abSiempre estamos trabajando con diferentes productores, por esa raz\u00f3n se est\u00e1n realizando [&hellip;]<\/p>\n","protected":false},"author":1,"featured_media":225743,"comment_status":"open","ping_status":"open","sticky":false,"template":"","format":"standard","meta":{"_acf_changed":false,"footnotes":""},"categories":[12],"tags":[],"class_list":["post-225742","post","type-post","status-publish","format-standard","has-post-thumbnail","category-nacional"],"acf":{"antetitulo":""},"yoast_head":"<!-- This site is optimized with the Yoast SEO plugin v28.4 - https:\/\/yoast.com\/product\/yoast-seo-wordpress\/ -->\n<title>&quot;Del Campo a la Olla&quot; estar\u00e1 en estaci\u00f3n del Telef\u00e9rico Rojo - El Diario - Bolivia<\/title>\n<meta name=\"robots\" content=\"index, follow, max-snippet:-1, max-image-preview:large, max-video-preview:-1\" \/>\n<link rel=\"canonical\" href=\"https:\/\/www.eldiario.net\/portal\/2024\/06\/08\/del-campo-a-la-olla-estara-en-estacion-del-teleferico-rojo\/\" \/>\n<meta property=\"og:locale\" content=\"es_ES\" \/>\n<meta property=\"og:type\" content=\"article\" \/>\n<meta property=\"og:title\" content=\"&quot;Del Campo a la Olla&quot; estar\u00e1 en estaci\u00f3n del Telef\u00e9rico Rojo - El Diario - Bolivia\" \/>\n<meta property=\"og:description\" content=\"La feria \u00abDel Campo a la Olla\u00bb ser\u00e1 instalada hoy en predios de la estaci\u00f3n central de Mi Telef\u00e9rico, L\u00ednea Roja, en la ciudad de La Paz, se prev\u00e9 que habr\u00e1 ofertas de una variedad de productos a precios del productor al consumidor. \u00abSiempre estamos trabajando con diferentes productores, por esa raz\u00f3n se est\u00e1n realizando [&hellip;]\" \/>\n<meta property=\"og:url\" content=\"https:\/\/www.eldiario.net\/portal\/2024\/06\/08\/del-campo-a-la-olla-estara-en-estacion-del-teleferico-rojo\/\" \/>\n<meta property=\"og:site_name\" content=\"El Diario - Bolivia\" \/>\n<meta property=\"article:publisher\" content=\"https:\/\/www.facebook.com\/eldiario.bolivia\/\" \/>\n<meta property=\"article:published_time\" content=\"2024-06-08T11:05:05+00:00\" \/>\n<meta property=\"og:image\" content=\"https:\/\/www.eldiario.net\/portal\/wp-content\/uploads\/2024\/06\/F-6-feria.jpg\" \/>\n\t<meta property=\"og:image:width\" content=\"1200\" \/>\n\t<meta property=\"og:image:height\" content=\"901\" \/>\n\t<meta property=\"og:image:type\" content=\"image\/jpeg\" \/>\n<meta name=\"author\" content=\"Jeanette\" \/>\n<meta name=\"twitter:card\" content=\"summary_large_image\" \/>\n<meta name=\"twitter:creator\" content=\"@eldiario_net\" \/>\n<meta name=\"twitter:site\" content=\"@eldiario_net\" \/>\n<meta name=\"twitter:label1\" content=\"Escrito por\" \/>\n\t<meta name=\"twitter:data1\" content=\"Jeanette\" \/>\n\t<meta name=\"twitter:label2\" content=\"Tiempo de lectura\" \/>\n\t<meta name=\"twitter:data2\" content=\"2 minutos\" \/>\n<script type=\"application\/ld+json\" class=\"yoast-schema-graph\">{\"@context\":\"https:\\\/\\\/schema.org\",\"@graph\":[{\"@type\":\"Article\",\"@id\":\"https:\\\/\\\/www.eldiario.net\\\/portal\\\/2024\\\/06\\\/08\\\/del-campo-a-la-olla-estara-en-estacion-del-teleferico-rojo\\\/#article\",\"isPartOf\":{\"@id\":\"https:\\\/\\\/www.eldiario.net\\\/portal\\\/2024\\\/06\\\/08\\\/del-campo-a-la-olla-estara-en-estacion-del-teleferico-rojo\\\/\"},\"author\":{\"name\":\"Jeanette\",\"@id\":\"https:\\\/\\\/www.eldiario.net\\\/portal\\\/#\\\/schema\\\/person\\\/f46445640444750d7d753ccd04ae01b7\"},\"headline\":\"\u00abDel Campo a la Olla\u00bb estar\u00e1 en estaci\u00f3n del Telef\u00e9rico Rojo\",\"datePublished\":\"2024-06-08T11:05:05+00:00\",\"mainEntityOfPage\":{\"@id\":\"https:\\\/\\\/www.eldiario.net\\\/portal\\\/2024\\\/06\\\/08\\\/del-campo-a-la-olla-estara-en-estacion-del-teleferico-rojo\\\/\"},\"wordCount\":210,\"commentCount\":0,\"publisher\":{\"@id\":\"https:\\\/\\\/www.eldiario.net\\\/portal\\\/#organization\"},\"image\":{\"@id\":\"https:\\\/\\\/www.eldiario.net\\\/portal\\\/2024\\\/06\\\/08\\\/del-campo-a-la-olla-estara-en-estacion-del-teleferico-rojo\\\/#primaryimage\"},\"thumbnailUrl\":\"https:\\\/\\\/www.eldiario.net\\\/portal\\\/wp-content\\\/uploads\\\/2024\\\/06\\\/F-6-feria.jpg\",\"articleSection\":[\"Nacional\"],\"inLanguage\":\"es\",\"potentialAction\":[{\"@type\":\"CommentAction\",\"name\":\"Comment\",\"target\":[\"https:\\\/\\\/www.eldiario.net\\\/portal\\\/2024\\\/06\\\/08\\\/del-campo-a-la-olla-estara-en-estacion-del-teleferico-rojo\\\/#respond\"]}]},{\"@type\":\"WebPage\",\"@id\":\"https:\\\/\\\/www.eldiario.net\\\/portal\\\/2024\\\/06\\\/08\\\/del-campo-a-la-olla-estara-en-estacion-del-teleferico-rojo\\\/\",\"url\":\"https:\\\/\\\/www.eldiario.net\\\/portal\\\/2024\\\/06\\\/08\\\/del-campo-a-la-olla-estara-en-estacion-del-teleferico-rojo\\\/\",\"name\":\"\\\"Del Campo a la Olla\\\" estar\u00e1 en estaci\u00f3n del Telef\u00e9rico Rojo - El Diario - Bolivia\",\"isPartOf\":{\"@id\":\"https:\\\/\\\/www.eldiario.net\\\/portal\\\/#website\"},\"primaryImageOfPage\":{\"@id\":\"https:\\\/\\\/www.eldiario.net\\\/portal\\\/2024\\\/06\\\/08\\\/del-campo-a-la-olla-estara-en-estacion-del-teleferico-rojo\\\/#primaryimage\"},\"image\":{\"@id\":\"https:\\\/\\\/www.eldiario.net\\\/portal\\\/2024\\\/06\\\/08\\\/del-campo-a-la-olla-estara-en-estacion-del-teleferico-rojo\\\/#primaryimage\"},\"thumbnailUrl\":\"https:\\\/\\\/www.eldiario.net\\\/portal\\\/wp-content\\\/uploads\\\/2024\\\/06\\\/F-6-feria.jpg\",\"datePublished\":\"2024-06-08T11:05:05+00:00\",\"breadcrumb\":{\"@id\":\"https:\\\/\\\/www.eldiario.net\\\/portal\\\/2024\\\/06\\\/08\\\/del-campo-a-la-olla-estara-en-estacion-del-teleferico-rojo\\\/#breadcrumb\"},\"inLanguage\":\"es\",\"potentialAction\":[{\"@type\":\"ReadAction\",\"target\":[\"https:\\\/\\\/www.eldiario.net\\\/portal\\\/2024\\\/06\\\/08\\\/del-campo-a-la-olla-estara-en-estacion-del-teleferico-rojo\\\/\"]}]},{\"@type\":\"ImageObject\",\"inLanguage\":\"es\",\"@id\":\"https:\\\/\\\/www.eldiario.net\\\/portal\\\/2024\\\/06\\\/08\\\/del-campo-a-la-olla-estara-en-estacion-del-teleferico-rojo\\\/#primaryimage\",\"url\":\"https:\\\/\\\/www.eldiario.net\\\/portal\\\/wp-content\\\/uploads\\\/2024\\\/06\\\/F-6-feria.jpg\",\"contentUrl\":\"https:\\\/\\\/www.eldiario.net\\\/portal\\\/wp-content\\\/uploads\\\/2024\\\/06\\\/F-6-feria.jpg\",\"width\":1200,\"height\":901,\"caption\":\"Ofrecer\u00e1n diferentes productos. Cr\u00e9dito: RRSS\"},{\"@type\":\"BreadcrumbList\",\"@id\":\"https:\\\/\\\/www.eldiario.net\\\/portal\\\/2024\\\/06\\\/08\\\/del-campo-a-la-olla-estara-en-estacion-del-teleferico-rojo\\\/#breadcrumb\",\"itemListElement\":[{\"@type\":\"ListItem\",\"position\":1,\"name\":\"Portada\",\"item\":\"https:\\\/\\\/www.eldiario.net\\\/portal\\\/\"},{\"@type\":\"ListItem\",\"position\":2,\"name\":\"\u00abDel Campo a la Olla\u00bb estar\u00e1 en estaci\u00f3n del Telef\u00e9rico Rojo\"}]},{\"@type\":\"WebSite\",\"@id\":\"https:\\\/\\\/www.eldiario.net\\\/portal\\\/#website\",\"url\":\"https:\\\/\\\/www.eldiario.net\\\/portal\\\/\",\"name\":\"El Diario - Decano de la prensa nacional\",\"description\":\"El Diario - Decano de la prensa nacional\",\"publisher\":{\"@id\":\"https:\\\/\\\/www.eldiario.net\\\/portal\\\/#organization\"},\"potentialAction\":[{\"@type\":\"SearchAction\",\"target\":{\"@type\":\"EntryPoint\",\"urlTemplate\":\"https:\\\/\\\/www.eldiario.net\\\/portal\\\/?s={search_term_string}\"},\"query-input\":{\"@type\":\"PropertyValueSpecification\",\"valueRequired\":true,\"valueName\":\"search_term_string\"}}],\"inLanguage\":\"es\"},{\"@type\":\"Organization\",\"@id\":\"https:\\\/\\\/www.eldiario.net\\\/portal\\\/#organization\",\"name\":\"El Diario - Decano de la prensa nacional\",\"url\":\"https:\\\/\\\/www.eldiario.net\\\/portal\\\/\",\"logo\":{\"@type\":\"ImageObject\",\"inLanguage\":\"es\",\"@id\":\"https:\\\/\\\/www.eldiario.net\\\/portal\\\/#\\\/schema\\\/logo\\\/image\\\/\",\"url\":\"https:\\\/\\\/www.eldiario.net\\\/portal\\\/wp-content\\\/uploads\\\/2023\\\/07\\\/logo_ED.jpg\",\"contentUrl\":\"https:\\\/\\\/www.eldiario.net\\\/portal\\\/wp-content\\\/uploads\\\/2023\\\/07\\\/logo_ED.jpg\",\"width\":272,\"height\":52,\"caption\":\"El Diario - Decano de la prensa nacional\"},\"image\":{\"@id\":\"https:\\\/\\\/www.eldiario.net\\\/portal\\\/#\\\/schema\\\/logo\\\/image\\\/\"},\"sameAs\":[\"https:\\\/\\\/www.facebook.com\\\/eldiario.bolivia\\\/\",\"https:\\\/\\\/x.com\\\/eldiario_net\"]},{\"@type\":\"Person\",\"@id\":\"https:\\\/\\\/www.eldiario.net\\\/portal\\\/#\\\/schema\\\/person\\\/f46445640444750d7d753ccd04ae01b7\",\"name\":\"Jeanette\",\"image\":{\"@type\":\"ImageObject\",\"inLanguage\":\"es\",\"@id\":\"https:\\\/\\\/secure.gravatar.com\\\/avatar\\\/3ea2118a5f7dad2b7138b1187a6b7ee55f160b9968b66013c3a3ef39dd7e5798?s=96&d=mm&r=g\",\"url\":\"https:\\\/\\\/secure.gravatar.com\\\/avatar\\\/3ea2118a5f7dad2b7138b1187a6b7ee55f160b9968b66013c3a3ef39dd7e5798?s=96&d=mm&r=g\",\"contentUrl\":\"https:\\\/\\\/secure.gravatar.com\\\/avatar\\\/3ea2118a5f7dad2b7138b1187a6b7ee55f160b9968b66013c3a3ef39dd7e5798?s=96&d=mm&r=g\",\"caption\":\"Jeanette\"},\"sameAs\":[\"https:\\\/\\\/www.eldiario.net\\\/portal\"],\"url\":\"https:\\\/\\\/www.eldiario.net\\\/portal\\\/author\\\/jeanette\\\/\"}]}<\/script>\n<!-- \/ Yoast SEO plugin. -->","yoast_head_json":{"title":"\"Del Campo a la Olla\" estar\u00e1 en estaci\u00f3n del Telef\u00e9rico Rojo - El Diario - Bolivia","robots":{"index":"index","follow":"follow","max-snippet":"max-snippet:-1","max-image-preview":"max-image-preview:large","max-video-preview":"max-video-preview:-1"},"canonical":"https:\/\/www.eldiario.net\/portal\/2024\/06\/08\/del-campo-a-la-olla-estara-en-estacion-del-teleferico-rojo\/","og_locale":"es_ES","og_type":"article","og_title":"\"Del Campo a la Olla\" estar\u00e1 en estaci\u00f3n del Telef\u00e9rico Rojo - El Diario - Bolivia","og_description":"La feria \u00abDel Campo a la Olla\u00bb ser\u00e1 instalada hoy en predios de la estaci\u00f3n central de Mi Telef\u00e9rico, L\u00ednea Roja, en la ciudad de La Paz, se prev\u00e9 que habr\u00e1 ofertas de una variedad de productos a precios del productor al consumidor. \u00abSiempre estamos trabajando con diferentes productores, por esa raz\u00f3n se est\u00e1n realizando [&hellip;]","og_url":"https:\/\/www.eldiario.net\/portal\/2024\/06\/08\/del-campo-a-la-olla-estara-en-estacion-del-teleferico-rojo\/","og_site_name":"El Diario - Bolivia","article_publisher":"https:\/\/www.facebook.com\/eldiario.bolivia\/","article_published_time":"2024-06-08T11:05:05+00:00","og_image":[{"width":1200,"height":901,"url":"https:\/\/www.eldiario.net\/portal\/wp-content\/uploads\/2024\/06\/F-6-feria.jpg","type":"image\/jpeg"}],"author":"Jeanette","twitter_card":"summary_large_image","twitter_creator":"@eldiario_net","twitter_site":"@eldiario_net","twitter_misc":{"Escrito por":"Jeanette","Tiempo de lectura":"2 minutos"},"schema":{"@context":"https:\/\/schema.org","@graph":[{"@type":"Article","@id":"https:\/\/www.eldiario.net\/portal\/2024\/06\/08\/del-campo-a-la-olla-estara-en-estacion-del-teleferico-rojo\/#article","isPartOf":{"@id":"https:\/\/www.eldiario.net\/portal\/2024\/06\/08\/del-campo-a-la-olla-estara-en-estacion-del-teleferico-rojo\/"},"author":{"name":"Jeanette","@id":"https:\/\/www.eldiario.net\/portal\/#\/schema\/person\/f46445640444750d7d753ccd04ae01b7"},"headline":"\u00abDel Campo a la Olla\u00bb estar\u00e1 en estaci\u00f3n del Telef\u00e9rico Rojo","datePublished":"2024-06-08T11:05:05+00:00","mainEntityOfPage":{"@id":"https:\/\/www.eldiario.net\/portal\/2024\/06\/08\/del-campo-a-la-olla-estara-en-estacion-del-teleferico-rojo\/"},"wordCount":210,"commentCount":0,"publisher":{"@id":"https:\/\/www.eldiario.net\/portal\/#organization"},"image":{"@id":"https:\/\/www.eldiario.net\/portal\/2024\/06\/08\/del-campo-a-la-olla-estara-en-estacion-del-teleferico-rojo\/#primaryimage"},"thumbnailUrl":"https:\/\/www.eldiario.net\/portal\/wp-content\/uploads\/2024\/06\/F-6-feria.jpg","articleSection":["Nacional"],"inLanguage":"es","potentialAction":[{"@type":"CommentAction","name":"Comment","target":["https:\/\/www.eldiario.net\/portal\/2024\/06\/08\/del-campo-a-la-olla-estara-en-estacion-del-teleferico-rojo\/#respond"]}]},{"@type":"WebPage","@id":"https:\/\/www.eldiario.net\/portal\/2024\/06\/08\/del-campo-a-la-olla-estara-en-estacion-del-teleferico-rojo\/","url":"https:\/\/www.eldiario.net\/portal\/2024\/06\/08\/del-campo-a-la-olla-estara-en-estacion-del-teleferico-rojo\/","name":"\"Del Campo a la Olla\" estar\u00e1 en estaci\u00f3n del Telef\u00e9rico Rojo - El Diario - Bolivia","isPartOf":{"@id":"https:\/\/www.eldiario.net\/portal\/#website"},"primaryImageOfPage":{"@id":"https:\/\/www.eldiario.net\/portal\/2024\/06\/08\/del-campo-a-la-olla-estara-en-estacion-del-teleferico-rojo\/#primaryimage"},"image":{"@id":"https:\/\/www.eldiario.net\/portal\/2024\/06\/08\/del-campo-a-la-olla-estara-en-estacion-del-teleferico-rojo\/#primaryimage"},"thumbnailUrl":"https:\/\/www.eldiario.net\/portal\/wp-content\/uploads\/2024\/06\/F-6-feria.jpg","datePublished":"2024-06-08T11:05:05+00:00","breadcrumb":{"@id":"https:\/\/www.eldiario.net\/portal\/2024\/06\/08\/del-campo-a-la-olla-estara-en-estacion-del-teleferico-rojo\/#breadcrumb"},"inLanguage":"es","potentialAction":[{"@type":"ReadAction","target":["https:\/\/www.eldiario.net\/portal\/2024\/06\/08\/del-campo-a-la-olla-estara-en-estacion-del-teleferico-rojo\/"]}]},{"@type":"ImageObject","inLanguage":"es","@id":"https:\/\/www.eldiario.net\/portal\/2024\/06\/08\/del-campo-a-la-olla-estara-en-estacion-del-teleferico-rojo\/#primaryimage","url":"https:\/\/www.eldiario.net\/portal\/wp-content\/uploads\/2024\/06\/F-6-feria.jpg","contentUrl":"https:\/\/www.eldiario.net\/portal\/wp-content\/uploads\/2024\/06\/F-6-feria.jpg","width":1200,"height":901,"caption":"Ofrecer\u00e1n diferentes productos. Cr\u00e9dito: RRSS"},{"@type":"BreadcrumbList","@id":"https:\/\/www.eldiario.net\/portal\/2024\/06\/08\/del-campo-a-la-olla-estara-en-estacion-del-teleferico-rojo\/#breadcrumb","itemListElement":[{"@type":"ListItem","position":1,"name":"Portada","item":"https:\/\/www.eldiario.net\/portal\/"},{"@type":"ListItem","position":2,"name":"\u00abDel Campo a la Olla\u00bb estar\u00e1 en estaci\u00f3n del Telef\u00e9rico Rojo"}]},{"@type":"WebSite","@id":"https:\/\/www.eldiario.net\/portal\/#website","url":"https:\/\/www.eldiario.net\/portal\/","name":"El Diario - Decano de la prensa nacional","description":"El Diario - Decano de la prensa nacional","publisher":{"@id":"https:\/\/www.eldiario.net\/portal\/#organization"},"potentialAction":[{"@type":"SearchAction","target":{"@type":"EntryPoint","urlTemplate":"https:\/\/www.eldiario.net\/portal\/?s={search_term_string}"},"query-input":{"@type":"PropertyValueSpecification","valueRequired":true,"valueName":"search_term_string"}}],"inLanguage":"es"},{"@type":"Organization","@id":"https:\/\/www.eldiario.net\/portal\/#organization","name":"El Diario - Decano de la prensa nacional","url":"https:\/\/www.eldiario.net\/portal\/","logo":{"@type":"ImageObject","inLanguage":"es","@id":"https:\/\/www.eldiario.net\/portal\/#\/schema\/logo\/image\/","url":"https:\/\/www.eldiario.net\/portal\/wp-content\/uploads\/2023\/07\/logo_ED.jpg","contentUrl":"https:\/\/www.eldiario.net\/portal\/wp-content\/uploads\/2023\/07\/logo_ED.jpg","width":272,"height":52,"caption":"El Diario - Decano de la prensa nacional"},"image":{"@id":"https:\/\/www.eldiario.net\/portal\/#\/schema\/logo\/image\/"},"sameAs":["https:\/\/www.facebook.com\/eldiario.bolivia\/","https:\/\/x.com\/eldiario_net"]},{"@type":"Person","@id":"https:\/\/www.eldiario.net\/portal\/#\/schema\/person\/f46445640444750d7d753ccd04ae01b7","name":"Jeanette","image":{"@type":"ImageObject","inLanguage":"es","@id":"https:\/\/secure.gravatar.com\/avatar\/3ea2118a5f7dad2b7138b1187a6b7ee55f160b9968b66013c3a3ef39dd7e5798?s=96&d=mm&r=g","url":"https:\/\/secure.gravatar.com\/avatar\/3ea2118a5f7dad2b7138b1187a6b7ee55f160b9968b66013c3a3ef39dd7e5798?s=96&d=mm&r=g","contentUrl":"https:\/\/secure.gravatar.com\/avatar\/3ea2118a5f7dad2b7138b1187a6b7ee55f160b9968b66013c3a3ef39dd7e5798?s=96&d=mm&r=g","caption":"Jeanette"},"sameAs":["https:\/\/www.eldiario.net\/portal"],"url":"https:\/\/www.eldiario.net\/portal\/author\/jeanette\/"}]}},"_links":{"self":[{"href":"https:\/\/www.eldiario.net\/portal\/wp-json\/wp\/v2\/posts\/225742","targetHints":{"allow":["GET"]}}],"collection":[{"href":"https:\/\/www.eldiario.net\/portal\/wp-json\/wp\/v2\/posts"}],"about":[{"href":"https:\/\/www.eldiario.net\/portal\/wp-json\/wp\/v2\/types\/post"}],"author":[{"embeddable":true,"href":"https:\/\/www.eldiario.net\/portal\/wp-json\/wp\/v2\/users\/1"}],"replies":[{"embeddable":true,"href":"https:\/\/www.eldiario.net\/portal\/wp-json\/wp\/v2\/comments?post=225742"}],"version-history":[{"count":1,"href":"https:\/\/www.eldiario.net\/portal\/wp-json\/wp\/v2\/posts\/225742\/revisions"}],"predecessor-version":[{"id":225744,"href":"https:\/\/www.eldiario.net\/portal\/wp-json\/wp\/v2\/posts\/225742\/revisions\/225744"}],"wp:featuredmedia":[{"embeddable":true,"href":"https:\/\/www.eldiario.net\/portal\/wp-json\/wp\/v2\/media\/225743"}],"wp:attachment":[{"href":"https:\/\/www.eldiario.net\/portal\/wp-json\/wp\/v2\/media?parent=225742"}],"wp:term":[{"taxonomy":"category","embeddable":true,"href":"https:\/\/www.eldiario.net\/portal\/wp-json\/wp\/v2\/categories?post=225742"},{"taxonomy":"post_tag","embeddable":true,"href":"https:\/\/www.eldiario.net\/portal\/wp-json\/wp\/v2\/tags?post=225742"}],"curies":[{"name":"wp","href":"https:\/\/api.w.org\/{rel}","templated":true}]}}