{"id":225739,"date":"2024-06-08T07:04:06","date_gmt":"2024-06-08T11:04:06","guid":{"rendered":"https:\/\/www.eldiario.net\/portal\/?p=225739"},"modified":"2024-06-08T07:04:06","modified_gmt":"2024-06-08T11:04:06","slug":"realizan-rally-departamental-de-medicina-prehospitalaria","status":"publish","type":"post","link":"https:\/\/www.eldiario.net\/portal\/2024\/06\/08\/realizan-rally-departamental-de-medicina-prehospitalaria\/","title":{"rendered":"Realizan Rally Departamental  de Medicina Prehospitalaria"},"content":{"rendered":"<p class=\"v1MsoNormal\">Con la participaci\u00f3n de ocho equipos de param\u00e9dicos, enfermeras y personal de apoyo, que mostrar\u00e1n sus destrezas y agilidad en la atenci\u00f3n de un paciente, ya sea por accidente de tr\u00e1nsito u otros hechos fortuitos, preparan la segunda versi\u00f3n del Rally Departamental de Medicina Prehospitalaria y la sede es El Alto. La actividad se desarrollar\u00e1 entre hoy y ma\u00f1ana.<\/p>\n<p class=\"v1MsoNormal\">El evento ser\u00e1 a partir de las 9:00 horas, en el Centro de Convenciones ubicado en la zona de Santiago I del Distrito 1. Ah\u00ed se tendr\u00e1 diferentes estaciones de simulacros en que los participantes deben mostrar una respuesta adecuada e inmediata ante una situaci\u00f3n adversa, como un accidente de tr\u00e1nsito, atenci\u00f3n a pacientes politraumatizados, parto a domicilio y todo lo referido a atenciones previas antes del traslado de un paciente a un hospital.<\/p>\n<p class=\"v1MsoNormal\">\u00abEntre estos equipos est\u00e1 el SUMA (Sistema de Urgencias y Emergencias M\u00e9dicas de El Alto) que se est\u00e1 presentando para defender el t\u00edtulo y puedan mantenerse vigentes en la competencia, bajo protocolos internacionales, con evaluadores externos y conocedores de la materia\u00bb, inform\u00f3 el responsable del SUMA 161, Pablo Borda.<\/p>\n<p class=\"v1MsoNormal\">Explic\u00f3 que la importancia de este evento radica en mantener actualizado a todo el personal que realiza la atenci\u00f3n prehospitalaria, ver si est\u00e1n actualizados o no, si requieren actualizaci\u00f3n, mejoras en las destrezas y en el equipo, o en los protocolos internacionales que con los a\u00f1os se van renovando.<\/p>\n<p class=\"v1MsoNormal\">\u00abUn equipo actualizado, un equipo que tiene un buen manejo repercute en el buen manejo que pueda tener sobre el paciente, en ese aspecto es que la ciudad de EL Alto puede estar tranquila, porque el equipo del SUMA ha demostrado que est\u00e1 en actualizaci\u00f3n y con conocimiento adecuado para realizar las atenciones\u00bb, apunt\u00f3 Borda.<\/p>\n<p class=\"v1MsoNormal\">En la primera versi\u00f3n de este rally, que se desarroll\u00f3 en 2023 en el departamento de Cochabamba, el equipo del SUMA 161 gan\u00f3 el primer lugar en conocimiento pr\u00e1ctico y el segundo lugar en conocimiento te\u00f3rico.<\/p>\n<p class=\"v1MsoNormal\">\u00abEn cada estaci\u00f3n perdimos el miedo y pudimos realizar bien, gracias a Dios y obtuvimos el primer lugar en la parte pr\u00e1ctica\u00bb, relat\u00f3 el encargado de Capacitaci\u00f3n y Entrenamiento del SUMA, Carlos Mamani.<\/p>\n<p class=\"v1MsoNormal\">Borda mencion\u00f3 que, as\u00ed como el personal del SUMA est\u00e1 capacitado y preparado para atender los diferentes casos de emergencia, las ambulancias propias est\u00e1n equipadas con equipo de trauma, parto, hemorragia, monitor y desfibriladores.<\/p>\n<p class=\"v1MsoNormal\">\n","protected":false},"excerpt":{"rendered":"<p>Con la participaci\u00f3n de ocho equipos de param\u00e9dicos, enfermeras y personal de apoyo, que mostrar\u00e1n sus destrezas y agilidad en la atenci\u00f3n de un paciente, ya sea por accidente de tr\u00e1nsito u otros hechos fortuitos, preparan la segunda versi\u00f3n del Rally Departamental de Medicina Prehospitalaria y la sede es El Alto. La actividad se desarrollar\u00e1 [&hellip;]<\/p>\n","protected":false},"author":1,"featured_media":225740,"comment_status":"open","ping_status":"open","sticky":false,"template":"","format":"standard","meta":{"_acf_changed":false,"footnotes":""},"categories":[12],"tags":[],"class_list":["post-225739","post","type-post","status-publish","format-standard","has-post-thumbnail","category-nacional"],"acf":{"antetitulo":""},"yoast_head":"<!-- This site is optimized with the Yoast SEO plugin v28.4 - https:\/\/yoast.com\/product\/yoast-seo-wordpress\/ -->\n<title>Realizan Rally Departamental de Medicina Prehospitalaria - El Diario - Bolivia<\/title>\n<meta name=\"robots\" content=\"index, follow, max-snippet:-1, max-image-preview:large, max-video-preview:-1\" \/>\n<link rel=\"canonical\" href=\"https:\/\/www.eldiario.net\/portal\/2024\/06\/08\/realizan-rally-departamental-de-medicina-prehospitalaria\/\" \/>\n<meta property=\"og:locale\" content=\"es_ES\" \/>\n<meta property=\"og:type\" content=\"article\" \/>\n<meta property=\"og:title\" content=\"Realizan Rally Departamental de Medicina Prehospitalaria - El Diario - Bolivia\" \/>\n<meta property=\"og:description\" content=\"Con la participaci\u00f3n de ocho equipos de param\u00e9dicos, enfermeras y personal de apoyo, que mostrar\u00e1n sus destrezas y agilidad en la atenci\u00f3n de un paciente, ya sea por accidente de tr\u00e1nsito u otros hechos fortuitos, preparan la segunda versi\u00f3n del Rally Departamental de Medicina Prehospitalaria y la sede es El Alto. La actividad se desarrollar\u00e1 [&hellip;]\" \/>\n<meta property=\"og:url\" content=\"https:\/\/www.eldiario.net\/portal\/2024\/06\/08\/realizan-rally-departamental-de-medicina-prehospitalaria\/\" \/>\n<meta property=\"og:site_name\" content=\"El Diario - Bolivia\" \/>\n<meta property=\"article:publisher\" content=\"https:\/\/www.facebook.com\/eldiario.bolivia\/\" \/>\n<meta property=\"article:published_time\" content=\"2024-06-08T11:04:06+00:00\" \/>\n<meta property=\"og:image\" content=\"https:\/\/www.eldiario.net\/portal\/wp-content\/uploads\/2024\/06\/F-4-Rally.jpg\" \/>\n\t<meta property=\"og:image:width\" content=\"1200\" \/>\n\t<meta property=\"og:image:height\" content=\"900\" \/>\n\t<meta property=\"og:image:type\" content=\"image\/jpeg\" \/>\n<meta name=\"author\" content=\"Jeanette\" \/>\n<meta name=\"twitter:card\" content=\"summary_large_image\" \/>\n<meta name=\"twitter:creator\" content=\"@eldiario_net\" \/>\n<meta name=\"twitter:site\" content=\"@eldiario_net\" \/>\n<meta name=\"twitter:label1\" content=\"Escrito por\" \/>\n\t<meta name=\"twitter:data1\" content=\"Jeanette\" \/>\n\t<meta name=\"twitter:label2\" content=\"Tiempo de lectura\" \/>\n\t<meta name=\"twitter:data2\" content=\"2 minutos\" \/>\n<script type=\"application\/ld+json\" class=\"yoast-schema-graph\">{\"@context\":\"https:\\\/\\\/schema.org\",\"@graph\":[{\"@type\":\"Article\",\"@id\":\"https:\\\/\\\/www.eldiario.net\\\/portal\\\/2024\\\/06\\\/08\\\/realizan-rally-departamental-de-medicina-prehospitalaria\\\/#article\",\"isPartOf\":{\"@id\":\"https:\\\/\\\/www.eldiario.net\\\/portal\\\/2024\\\/06\\\/08\\\/realizan-rally-departamental-de-medicina-prehospitalaria\\\/\"},\"author\":{\"name\":\"Jeanette\",\"@id\":\"https:\\\/\\\/www.eldiario.net\\\/portal\\\/#\\\/schema\\\/person\\\/f46445640444750d7d753ccd04ae01b7\"},\"headline\":\"Realizan Rally Departamental de Medicina Prehospitalaria\",\"datePublished\":\"2024-06-08T11:04:06+00:00\",\"mainEntityOfPage\":{\"@id\":\"https:\\\/\\\/www.eldiario.net\\\/portal\\\/2024\\\/06\\\/08\\\/realizan-rally-departamental-de-medicina-prehospitalaria\\\/\"},\"wordCount\":414,\"commentCount\":0,\"publisher\":{\"@id\":\"https:\\\/\\\/www.eldiario.net\\\/portal\\\/#organization\"},\"image\":{\"@id\":\"https:\\\/\\\/www.eldiario.net\\\/portal\\\/2024\\\/06\\\/08\\\/realizan-rally-departamental-de-medicina-prehospitalaria\\\/#primaryimage\"},\"thumbnailUrl\":\"https:\\\/\\\/www.eldiario.net\\\/portal\\\/wp-content\\\/uploads\\\/2024\\\/06\\\/F-4-Rally.jpg\",\"articleSection\":[\"Nacional\"],\"inLanguage\":\"es\",\"potentialAction\":[{\"@type\":\"CommentAction\",\"name\":\"Comment\",\"target\":[\"https:\\\/\\\/www.eldiario.net\\\/portal\\\/2024\\\/06\\\/08\\\/realizan-rally-departamental-de-medicina-prehospitalaria\\\/#respond\"]}]},{\"@type\":\"WebPage\",\"@id\":\"https:\\\/\\\/www.eldiario.net\\\/portal\\\/2024\\\/06\\\/08\\\/realizan-rally-departamental-de-medicina-prehospitalaria\\\/\",\"url\":\"https:\\\/\\\/www.eldiario.net\\\/portal\\\/2024\\\/06\\\/08\\\/realizan-rally-departamental-de-medicina-prehospitalaria\\\/\",\"name\":\"Realizan Rally Departamental de Medicina Prehospitalaria - El Diario - Bolivia\",\"isPartOf\":{\"@id\":\"https:\\\/\\\/www.eldiario.net\\\/portal\\\/#website\"},\"primaryImageOfPage\":{\"@id\":\"https:\\\/\\\/www.eldiario.net\\\/portal\\\/2024\\\/06\\\/08\\\/realizan-rally-departamental-de-medicina-prehospitalaria\\\/#primaryimage\"},\"image\":{\"@id\":\"https:\\\/\\\/www.eldiario.net\\\/portal\\\/2024\\\/06\\\/08\\\/realizan-rally-departamental-de-medicina-prehospitalaria\\\/#primaryimage\"},\"thumbnailUrl\":\"https:\\\/\\\/www.eldiario.net\\\/portal\\\/wp-content\\\/uploads\\\/2024\\\/06\\\/F-4-Rally.jpg\",\"datePublished\":\"2024-06-08T11:04:06+00:00\",\"breadcrumb\":{\"@id\":\"https:\\\/\\\/www.eldiario.net\\\/portal\\\/2024\\\/06\\\/08\\\/realizan-rally-departamental-de-medicina-prehospitalaria\\\/#breadcrumb\"},\"inLanguage\":\"es\",\"potentialAction\":[{\"@type\":\"ReadAction\",\"target\":[\"https:\\\/\\\/www.eldiario.net\\\/portal\\\/2024\\\/06\\\/08\\\/realizan-rally-departamental-de-medicina-prehospitalaria\\\/\"]}]},{\"@type\":\"ImageObject\",\"inLanguage\":\"es\",\"@id\":\"https:\\\/\\\/www.eldiario.net\\\/portal\\\/2024\\\/06\\\/08\\\/realizan-rally-departamental-de-medicina-prehospitalaria\\\/#primaryimage\",\"url\":\"https:\\\/\\\/www.eldiario.net\\\/portal\\\/wp-content\\\/uploads\\\/2024\\\/06\\\/F-4-Rally.jpg\",\"contentUrl\":\"https:\\\/\\\/www.eldiario.net\\\/portal\\\/wp-content\\\/uploads\\\/2024\\\/06\\\/F-4-Rally.jpg\",\"width\":1200,\"height\":900,\"caption\":\"Una demostraci\u00f3n de atenci\u00f3n en un hecho de tr\u00e1nsito. Cr\u00e9dito: Gamea\"},{\"@type\":\"BreadcrumbList\",\"@id\":\"https:\\\/\\\/www.eldiario.net\\\/portal\\\/2024\\\/06\\\/08\\\/realizan-rally-departamental-de-medicina-prehospitalaria\\\/#breadcrumb\",\"itemListElement\":[{\"@type\":\"ListItem\",\"position\":1,\"name\":\"Portada\",\"item\":\"https:\\\/\\\/www.eldiario.net\\\/portal\\\/\"},{\"@type\":\"ListItem\",\"position\":2,\"name\":\"Realizan Rally Departamental de Medicina Prehospitalaria\"}]},{\"@type\":\"WebSite\",\"@id\":\"https:\\\/\\\/www.eldiario.net\\\/portal\\\/#website\",\"url\":\"https:\\\/\\\/www.eldiario.net\\\/portal\\\/\",\"name\":\"El Diario - Decano de la prensa nacional\",\"description\":\"El Diario - Decano de la prensa nacional\",\"publisher\":{\"@id\":\"https:\\\/\\\/www.eldiario.net\\\/portal\\\/#organization\"},\"potentialAction\":[{\"@type\":\"SearchAction\",\"target\":{\"@type\":\"EntryPoint\",\"urlTemplate\":\"https:\\\/\\\/www.eldiario.net\\\/portal\\\/?s={search_term_string}\"},\"query-input\":{\"@type\":\"PropertyValueSpecification\",\"valueRequired\":true,\"valueName\":\"search_term_string\"}}],\"inLanguage\":\"es\"},{\"@type\":\"Organization\",\"@id\":\"https:\\\/\\\/www.eldiario.net\\\/portal\\\/#organization\",\"name\":\"El Diario - Decano de la prensa nacional\",\"url\":\"https:\\\/\\\/www.eldiario.net\\\/portal\\\/\",\"logo\":{\"@type\":\"ImageObject\",\"inLanguage\":\"es\",\"@id\":\"https:\\\/\\\/www.eldiario.net\\\/portal\\\/#\\\/schema\\\/logo\\\/image\\\/\",\"url\":\"https:\\\/\\\/www.eldiario.net\\\/portal\\\/wp-content\\\/uploads\\\/2023\\\/07\\\/logo_ED.jpg\",\"contentUrl\":\"https:\\\/\\\/www.eldiario.net\\\/portal\\\/wp-content\\\/uploads\\\/2023\\\/07\\\/logo_ED.jpg\",\"width\":272,\"height\":52,\"caption\":\"El Diario - Decano de la prensa nacional\"},\"image\":{\"@id\":\"https:\\\/\\\/www.eldiario.net\\\/portal\\\/#\\\/schema\\\/logo\\\/image\\\/\"},\"sameAs\":[\"https:\\\/\\\/www.facebook.com\\\/eldiario.bolivia\\\/\",\"https:\\\/\\\/x.com\\\/eldiario_net\"]},{\"@type\":\"Person\",\"@id\":\"https:\\\/\\\/www.eldiario.net\\\/portal\\\/#\\\/schema\\\/person\\\/f46445640444750d7d753ccd04ae01b7\",\"name\":\"Jeanette\",\"image\":{\"@type\":\"ImageObject\",\"inLanguage\":\"es\",\"@id\":\"https:\\\/\\\/secure.gravatar.com\\\/avatar\\\/3ea2118a5f7dad2b7138b1187a6b7ee55f160b9968b66013c3a3ef39dd7e5798?s=96&d=mm&r=g\",\"url\":\"https:\\\/\\\/secure.gravatar.com\\\/avatar\\\/3ea2118a5f7dad2b7138b1187a6b7ee55f160b9968b66013c3a3ef39dd7e5798?s=96&d=mm&r=g\",\"contentUrl\":\"https:\\\/\\\/secure.gravatar.com\\\/avatar\\\/3ea2118a5f7dad2b7138b1187a6b7ee55f160b9968b66013c3a3ef39dd7e5798?s=96&d=mm&r=g\",\"caption\":\"Jeanette\"},\"sameAs\":[\"https:\\\/\\\/www.eldiario.net\\\/portal\"],\"url\":\"https:\\\/\\\/www.eldiario.net\\\/portal\\\/author\\\/jeanette\\\/\"}]}<\/script>\n<!-- \/ Yoast SEO plugin. -->","yoast_head_json":{"title":"Realizan Rally Departamental de Medicina Prehospitalaria - El Diario - Bolivia","robots":{"index":"index","follow":"follow","max-snippet":"max-snippet:-1","max-image-preview":"max-image-preview:large","max-video-preview":"max-video-preview:-1"},"canonical":"https:\/\/www.eldiario.net\/portal\/2024\/06\/08\/realizan-rally-departamental-de-medicina-prehospitalaria\/","og_locale":"es_ES","og_type":"article","og_title":"Realizan Rally Departamental de Medicina Prehospitalaria - El Diario - Bolivia","og_description":"Con la participaci\u00f3n de ocho equipos de param\u00e9dicos, enfermeras y personal de apoyo, que mostrar\u00e1n sus destrezas y agilidad en la atenci\u00f3n de un paciente, ya sea por accidente de tr\u00e1nsito u otros hechos fortuitos, preparan la segunda versi\u00f3n del Rally Departamental de Medicina Prehospitalaria y la sede es El Alto. La actividad se desarrollar\u00e1 [&hellip;]","og_url":"https:\/\/www.eldiario.net\/portal\/2024\/06\/08\/realizan-rally-departamental-de-medicina-prehospitalaria\/","og_site_name":"El Diario - Bolivia","article_publisher":"https:\/\/www.facebook.com\/eldiario.bolivia\/","article_published_time":"2024-06-08T11:04:06+00:00","og_image":[{"width":1200,"height":900,"url":"https:\/\/www.eldiario.net\/portal\/wp-content\/uploads\/2024\/06\/F-4-Rally.jpg","type":"image\/jpeg"}],"author":"Jeanette","twitter_card":"summary_large_image","twitter_creator":"@eldiario_net","twitter_site":"@eldiario_net","twitter_misc":{"Escrito por":"Jeanette","Tiempo de lectura":"2 minutos"},"schema":{"@context":"https:\/\/schema.org","@graph":[{"@type":"Article","@id":"https:\/\/www.eldiario.net\/portal\/2024\/06\/08\/realizan-rally-departamental-de-medicina-prehospitalaria\/#article","isPartOf":{"@id":"https:\/\/www.eldiario.net\/portal\/2024\/06\/08\/realizan-rally-departamental-de-medicina-prehospitalaria\/"},"author":{"name":"Jeanette","@id":"https:\/\/www.eldiario.net\/portal\/#\/schema\/person\/f46445640444750d7d753ccd04ae01b7"},"headline":"Realizan Rally Departamental de Medicina Prehospitalaria","datePublished":"2024-06-08T11:04:06+00:00","mainEntityOfPage":{"@id":"https:\/\/www.eldiario.net\/portal\/2024\/06\/08\/realizan-rally-departamental-de-medicina-prehospitalaria\/"},"wordCount":414,"commentCount":0,"publisher":{"@id":"https:\/\/www.eldiario.net\/portal\/#organization"},"image":{"@id":"https:\/\/www.eldiario.net\/portal\/2024\/06\/08\/realizan-rally-departamental-de-medicina-prehospitalaria\/#primaryimage"},"thumbnailUrl":"https:\/\/www.eldiario.net\/portal\/wp-content\/uploads\/2024\/06\/F-4-Rally.jpg","articleSection":["Nacional"],"inLanguage":"es","potentialAction":[{"@type":"CommentAction","name":"Comment","target":["https:\/\/www.eldiario.net\/portal\/2024\/06\/08\/realizan-rally-departamental-de-medicina-prehospitalaria\/#respond"]}]},{"@type":"WebPage","@id":"https:\/\/www.eldiario.net\/portal\/2024\/06\/08\/realizan-rally-departamental-de-medicina-prehospitalaria\/","url":"https:\/\/www.eldiario.net\/portal\/2024\/06\/08\/realizan-rally-departamental-de-medicina-prehospitalaria\/","name":"Realizan Rally Departamental de Medicina Prehospitalaria - El Diario - Bolivia","isPartOf":{"@id":"https:\/\/www.eldiario.net\/portal\/#website"},"primaryImageOfPage":{"@id":"https:\/\/www.eldiario.net\/portal\/2024\/06\/08\/realizan-rally-departamental-de-medicina-prehospitalaria\/#primaryimage"},"image":{"@id":"https:\/\/www.eldiario.net\/portal\/2024\/06\/08\/realizan-rally-departamental-de-medicina-prehospitalaria\/#primaryimage"},"thumbnailUrl":"https:\/\/www.eldiario.net\/portal\/wp-content\/uploads\/2024\/06\/F-4-Rally.jpg","datePublished":"2024-06-08T11:04:06+00:00","breadcrumb":{"@id":"https:\/\/www.eldiario.net\/portal\/2024\/06\/08\/realizan-rally-departamental-de-medicina-prehospitalaria\/#breadcrumb"},"inLanguage":"es","potentialAction":[{"@type":"ReadAction","target":["https:\/\/www.eldiario.net\/portal\/2024\/06\/08\/realizan-rally-departamental-de-medicina-prehospitalaria\/"]}]},{"@type":"ImageObject","inLanguage":"es","@id":"https:\/\/www.eldiario.net\/portal\/2024\/06\/08\/realizan-rally-departamental-de-medicina-prehospitalaria\/#primaryimage","url":"https:\/\/www.eldiario.net\/portal\/wp-content\/uploads\/2024\/06\/F-4-Rally.jpg","contentUrl":"https:\/\/www.eldiario.net\/portal\/wp-content\/uploads\/2024\/06\/F-4-Rally.jpg","width":1200,"height":900,"caption":"Una demostraci\u00f3n de atenci\u00f3n en un hecho de tr\u00e1nsito. Cr\u00e9dito: Gamea"},{"@type":"BreadcrumbList","@id":"https:\/\/www.eldiario.net\/portal\/2024\/06\/08\/realizan-rally-departamental-de-medicina-prehospitalaria\/#breadcrumb","itemListElement":[{"@type":"ListItem","position":1,"name":"Portada","item":"https:\/\/www.eldiario.net\/portal\/"},{"@type":"ListItem","position":2,"name":"Realizan Rally Departamental de Medicina Prehospitalaria"}]},{"@type":"WebSite","@id":"https:\/\/www.eldiario.net\/portal\/#website","url":"https:\/\/www.eldiario.net\/portal\/","name":"El Diario - Decano de la prensa nacional","description":"El Diario - Decano de la prensa nacional","publisher":{"@id":"https:\/\/www.eldiario.net\/portal\/#organization"},"potentialAction":[{"@type":"SearchAction","target":{"@type":"EntryPoint","urlTemplate":"https:\/\/www.eldiario.net\/portal\/?s={search_term_string}"},"query-input":{"@type":"PropertyValueSpecification","valueRequired":true,"valueName":"search_term_string"}}],"inLanguage":"es"},{"@type":"Organization","@id":"https:\/\/www.eldiario.net\/portal\/#organization","name":"El Diario - Decano de la prensa nacional","url":"https:\/\/www.eldiario.net\/portal\/","logo":{"@type":"ImageObject","inLanguage":"es","@id":"https:\/\/www.eldiario.net\/portal\/#\/schema\/logo\/image\/","url":"https:\/\/www.eldiario.net\/portal\/wp-content\/uploads\/2023\/07\/logo_ED.jpg","contentUrl":"https:\/\/www.eldiario.net\/portal\/wp-content\/uploads\/2023\/07\/logo_ED.jpg","width":272,"height":52,"caption":"El Diario - Decano de la prensa nacional"},"image":{"@id":"https:\/\/www.eldiario.net\/portal\/#\/schema\/logo\/image\/"},"sameAs":["https:\/\/www.facebook.com\/eldiario.bolivia\/","https:\/\/x.com\/eldiario_net"]},{"@type":"Person","@id":"https:\/\/www.eldiario.net\/portal\/#\/schema\/person\/f46445640444750d7d753ccd04ae01b7","name":"Jeanette","image":{"@type":"ImageObject","inLanguage":"es","@id":"https:\/\/secure.gravatar.com\/avatar\/3ea2118a5f7dad2b7138b1187a6b7ee55f160b9968b66013c3a3ef39dd7e5798?s=96&d=mm&r=g","url":"https:\/\/secure.gravatar.com\/avatar\/3ea2118a5f7dad2b7138b1187a6b7ee55f160b9968b66013c3a3ef39dd7e5798?s=96&d=mm&r=g","contentUrl":"https:\/\/secure.gravatar.com\/avatar\/3ea2118a5f7dad2b7138b1187a6b7ee55f160b9968b66013c3a3ef39dd7e5798?s=96&d=mm&r=g","caption":"Jeanette"},"sameAs":["https:\/\/www.eldiario.net\/portal"],"url":"https:\/\/www.eldiario.net\/portal\/author\/jeanette\/"}]}},"_links":{"self":[{"href":"https:\/\/www.eldiario.net\/portal\/wp-json\/wp\/v2\/posts\/225739","targetHints":{"allow":["GET"]}}],"collection":[{"href":"https:\/\/www.eldiario.net\/portal\/wp-json\/wp\/v2\/posts"}],"about":[{"href":"https:\/\/www.eldiario.net\/portal\/wp-json\/wp\/v2\/types\/post"}],"author":[{"embeddable":true,"href":"https:\/\/www.eldiario.net\/portal\/wp-json\/wp\/v2\/users\/1"}],"replies":[{"embeddable":true,"href":"https:\/\/www.eldiario.net\/portal\/wp-json\/wp\/v2\/comments?post=225739"}],"version-history":[{"count":1,"href":"https:\/\/www.eldiario.net\/portal\/wp-json\/wp\/v2\/posts\/225739\/revisions"}],"predecessor-version":[{"id":225741,"href":"https:\/\/www.eldiario.net\/portal\/wp-json\/wp\/v2\/posts\/225739\/revisions\/225741"}],"wp:featuredmedia":[{"embeddable":true,"href":"https:\/\/www.eldiario.net\/portal\/wp-json\/wp\/v2\/media\/225740"}],"wp:attachment":[{"href":"https:\/\/www.eldiario.net\/portal\/wp-json\/wp\/v2\/media?parent=225739"}],"wp:term":[{"taxonomy":"category","embeddable":true,"href":"https:\/\/www.eldiario.net\/portal\/wp-json\/wp\/v2\/categories?post=225739"},{"taxonomy":"post_tag","embeddable":true,"href":"https:\/\/www.eldiario.net\/portal\/wp-json\/wp\/v2\/tags?post=225739"}],"curies":[{"name":"wp","href":"https:\/\/api.w.org\/{rel}","templated":true}]}}