{"id":225733,"date":"2024-06-08T07:02:14","date_gmt":"2024-06-08T11:02:14","guid":{"rendered":"https:\/\/www.eldiario.net\/portal\/?p=225733"},"modified":"2024-06-08T07:02:14","modified_gmt":"2024-06-08T11:02:14","slug":"bolivia-ya-alcanza-el-92-de-inflacion-acumulada-del-2023","status":"publish","type":"post","link":"https:\/\/www.eldiario.net\/portal\/2024\/06\/08\/bolivia-ya-alcanza-el-92-de-inflacion-acumulada-del-2023\/","title":{"rendered":"Bolivia ya alcanza el 92% de  inflaci\u00f3n acumulada del 2023"},"content":{"rendered":"<p class=\"v1MsoNormal\">La inflaci\u00f3n acumulada a mayo 2024 fue de 1,95%, cifra 3,4 veces superior a la de mayo de 2023. Este dato, ya representa el 92% de toda la inflaci\u00f3n acumulada la gesti\u00f3n pasada. Adem\u00e1s, con el actual IPC de mayo, ya se alcanz\u00f3 alrededor del 50% de la meta de inflaci\u00f3n planteada por el Gobierno para la presente gesti\u00f3n,\u00a0 de 3,6%.<\/p>\n<p class=\"v1MsoNormal\">A pesar de que el tomate fue uno de los productos que m\u00e1s subi\u00f3 de precio en mayo, seg\u00fan el Instituto Nacional de Estad\u00edstica (INE) su variaci\u00f3n positiva fue apenas del 7,29%, inferior que del locoto (32,58%) y de la arveja verde (13,25%), se\u00f1al\u00f3 el presidente del Colegio Departamental de Economistas de Tarija, Fernando Romero.<\/p>\n<p class=\"v1MsoNormal\">El gobierno atribuye este proceso inflacionario importante al efecto climatol\u00f3gico, la inflaci\u00f3n importada y el contrabando a la inversa. De cierta manera es cierto, sobre todo en productos agr\u00edcolas por sequ\u00edas, inundaciones o heladas. Los dos otros factores tienen relativa relevancia, agreg\u00f3.<\/p>\n<p class=\"v1MsoNormal\">\u00abSe obvia la principal causa de esta variaci\u00f3n acelerada y positiva de precios a mayo 2024, la escasez de d\u00f3lares y un tipo de cambio paralelo caro, que encarece la importaci\u00f3n, producci\u00f3n y comercializaci\u00f3n de productos\u00bb, asegur\u00f3.<\/p>\n<p class=\"v1MsoNormal\">El economista Gonzalo Ch\u00e1vez a trav\u00e9s de\u00a0 sus redes sociales explic\u00f3 que el valor del producto importado en su pa\u00eds de origen no subi\u00f3, lo que se increment\u00f3 el valor del art\u00edculo fue el d\u00f3lar caro en el mercado paralelo nacional.<\/p>\n<p class=\"v1MsoNormal\">En ese contexto, tambi\u00e9n el contrabando es m\u00e1s caro, el tipo de cambio del d\u00f3lar paralelo es elevado y las subvenciones ya no tienen un pleno efecto positivo para mantener baja la inflaci\u00f3n en el pa\u00eds.<\/p>\n<p class=\"v1MsoNormal\">En resumen, los productos agr\u00edcolas, m\u00e1s all\u00e1 de la especulaci\u00f3n, tender\u00e1n a bajar de precio, pero no sabemos a ciencia cierta s\u00ed en los niveles \u00abnormales\u00bb. Lo cierto, es que en este 2024 la tendencia es que los precios suban, exista una latente presi\u00f3n inflacionaria, sobre todo por la escasez de d\u00f3lares y su precio informal elevado, lo cual adem\u00e1s de afectar negativamente al funcionamiento de nuestra econom\u00eda, sin dudas, est\u00e1 reduciendo a paso seguro el poder adquisitivo de nuestra moneda nacional, cada vez m\u00e1s devaluada, concluy\u00f3 Romero.<\/p>\n","protected":false},"excerpt":{"rendered":"<p>La inflaci\u00f3n acumulada a mayo 2024 fue de 1,95%, cifra 3,4 veces superior a la de mayo de 2023. Este dato, ya representa el 92% de toda la inflaci\u00f3n acumulada la gesti\u00f3n pasada. Adem\u00e1s, con el actual IPC de mayo, ya se alcanz\u00f3 alrededor del 50% de la meta de inflaci\u00f3n planteada por el Gobierno [&hellip;]<\/p>\n","protected":false},"author":1,"featured_media":225734,"comment_status":"open","ping_status":"open","sticky":false,"template":"","format":"standard","meta":{"_acf_changed":false,"footnotes":""},"categories":[7],"tags":[],"class_list":["post-225733","post","type-post","status-publish","format-standard","has-post-thumbnail","category-economia"],"acf":{"antetitulo":"En cinco meses"},"yoast_head":"<!-- This site is optimized with the Yoast SEO plugin v28.3 - https:\/\/yoast.com\/product\/yoast-seo-wordpress\/ -->\n<title>Bolivia ya alcanza el 92% de inflaci\u00f3n acumulada del 2023 - El Diario - Bolivia<\/title>\n<meta name=\"robots\" content=\"index, follow, max-snippet:-1, max-image-preview:large, max-video-preview:-1\" \/>\n<link rel=\"canonical\" href=\"https:\/\/www.eldiario.net\/portal\/2024\/06\/08\/bolivia-ya-alcanza-el-92-de-inflacion-acumulada-del-2023\/\" \/>\n<meta property=\"og:locale\" content=\"es_ES\" \/>\n<meta property=\"og:type\" content=\"article\" \/>\n<meta property=\"og:title\" content=\"Bolivia ya alcanza el 92% de inflaci\u00f3n acumulada del 2023 - El Diario - Bolivia\" \/>\n<meta property=\"og:description\" content=\"La inflaci\u00f3n acumulada a mayo 2024 fue de 1,95%, cifra 3,4 veces superior a la de mayo de 2023. Este dato, ya representa el 92% de toda la inflaci\u00f3n acumulada la gesti\u00f3n pasada. Adem\u00e1s, con el actual IPC de mayo, ya se alcanz\u00f3 alrededor del 50% de la meta de inflaci\u00f3n planteada por el Gobierno [&hellip;]\" \/>\n<meta property=\"og:url\" content=\"https:\/\/www.eldiario.net\/portal\/2024\/06\/08\/bolivia-ya-alcanza-el-92-de-inflacion-acumulada-del-2023\/\" \/>\n<meta property=\"og:site_name\" content=\"El Diario - Bolivia\" \/>\n<meta property=\"article:publisher\" content=\"https:\/\/www.facebook.com\/eldiario.bolivia\/\" \/>\n<meta property=\"article:published_time\" content=\"2024-06-08T11:02:14+00:00\" \/>\n<meta property=\"og:image\" content=\"https:\/\/www.eldiario.net\/portal\/wp-content\/uploads\/2024\/06\/infla.jpg\" \/>\n\t<meta property=\"og:image:width\" content=\"747\" \/>\n\t<meta property=\"og:image:height\" content=\"266\" \/>\n\t<meta property=\"og:image:type\" content=\"image\/jpeg\" \/>\n<meta name=\"author\" content=\"Jeanette\" \/>\n<meta name=\"twitter:card\" content=\"summary_large_image\" \/>\n<meta name=\"twitter:creator\" content=\"@eldiario_net\" \/>\n<meta name=\"twitter:site\" content=\"@eldiario_net\" \/>\n<meta name=\"twitter:label1\" content=\"Escrito por\" \/>\n\t<meta name=\"twitter:data1\" content=\"Jeanette\" \/>\n\t<meta name=\"twitter:label2\" content=\"Tiempo de lectura\" \/>\n\t<meta name=\"twitter:data2\" content=\"2 minutos\" \/>\n<script type=\"application\/ld+json\" class=\"yoast-schema-graph\">{\"@context\":\"https:\\\/\\\/schema.org\",\"@graph\":[{\"@type\":\"Article\",\"@id\":\"https:\\\/\\\/www.eldiario.net\\\/portal\\\/2024\\\/06\\\/08\\\/bolivia-ya-alcanza-el-92-de-inflacion-acumulada-del-2023\\\/#article\",\"isPartOf\":{\"@id\":\"https:\\\/\\\/www.eldiario.net\\\/portal\\\/2024\\\/06\\\/08\\\/bolivia-ya-alcanza-el-92-de-inflacion-acumulada-del-2023\\\/\"},\"author\":{\"name\":\"Jeanette\",\"@id\":\"https:\\\/\\\/www.eldiario.net\\\/portal\\\/#\\\/schema\\\/person\\\/f46445640444750d7d753ccd04ae01b7\"},\"headline\":\"Bolivia ya alcanza el 92% de inflaci\u00f3n acumulada del 2023\",\"datePublished\":\"2024-06-08T11:02:14+00:00\",\"mainEntityOfPage\":{\"@id\":\"https:\\\/\\\/www.eldiario.net\\\/portal\\\/2024\\\/06\\\/08\\\/bolivia-ya-alcanza-el-92-de-inflacion-acumulada-del-2023\\\/\"},\"wordCount\":396,\"commentCount\":0,\"publisher\":{\"@id\":\"https:\\\/\\\/www.eldiario.net\\\/portal\\\/#organization\"},\"image\":{\"@id\":\"https:\\\/\\\/www.eldiario.net\\\/portal\\\/2024\\\/06\\\/08\\\/bolivia-ya-alcanza-el-92-de-inflacion-acumulada-del-2023\\\/#primaryimage\"},\"thumbnailUrl\":\"https:\\\/\\\/www.eldiario.net\\\/portal\\\/wp-content\\\/uploads\\\/2024\\\/06\\\/infla.jpg\",\"articleSection\":[\"Econom\u00eda\"],\"inLanguage\":\"es\",\"potentialAction\":[{\"@type\":\"CommentAction\",\"name\":\"Comment\",\"target\":[\"https:\\\/\\\/www.eldiario.net\\\/portal\\\/2024\\\/06\\\/08\\\/bolivia-ya-alcanza-el-92-de-inflacion-acumulada-del-2023\\\/#respond\"]}]},{\"@type\":\"WebPage\",\"@id\":\"https:\\\/\\\/www.eldiario.net\\\/portal\\\/2024\\\/06\\\/08\\\/bolivia-ya-alcanza-el-92-de-inflacion-acumulada-del-2023\\\/\",\"url\":\"https:\\\/\\\/www.eldiario.net\\\/portal\\\/2024\\\/06\\\/08\\\/bolivia-ya-alcanza-el-92-de-inflacion-acumulada-del-2023\\\/\",\"name\":\"Bolivia ya alcanza el 92% de inflaci\u00f3n acumulada del 2023 - El Diario - Bolivia\",\"isPartOf\":{\"@id\":\"https:\\\/\\\/www.eldiario.net\\\/portal\\\/#website\"},\"primaryImageOfPage\":{\"@id\":\"https:\\\/\\\/www.eldiario.net\\\/portal\\\/2024\\\/06\\\/08\\\/bolivia-ya-alcanza-el-92-de-inflacion-acumulada-del-2023\\\/#primaryimage\"},\"image\":{\"@id\":\"https:\\\/\\\/www.eldiario.net\\\/portal\\\/2024\\\/06\\\/08\\\/bolivia-ya-alcanza-el-92-de-inflacion-acumulada-del-2023\\\/#primaryimage\"},\"thumbnailUrl\":\"https:\\\/\\\/www.eldiario.net\\\/portal\\\/wp-content\\\/uploads\\\/2024\\\/06\\\/infla.jpg\",\"datePublished\":\"2024-06-08T11:02:14+00:00\",\"breadcrumb\":{\"@id\":\"https:\\\/\\\/www.eldiario.net\\\/portal\\\/2024\\\/06\\\/08\\\/bolivia-ya-alcanza-el-92-de-inflacion-acumulada-del-2023\\\/#breadcrumb\"},\"inLanguage\":\"es\",\"potentialAction\":[{\"@type\":\"ReadAction\",\"target\":[\"https:\\\/\\\/www.eldiario.net\\\/portal\\\/2024\\\/06\\\/08\\\/bolivia-ya-alcanza-el-92-de-inflacion-acumulada-del-2023\\\/\"]}]},{\"@type\":\"ImageObject\",\"inLanguage\":\"es\",\"@id\":\"https:\\\/\\\/www.eldiario.net\\\/portal\\\/2024\\\/06\\\/08\\\/bolivia-ya-alcanza-el-92-de-inflacion-acumulada-del-2023\\\/#primaryimage\",\"url\":\"https:\\\/\\\/www.eldiario.net\\\/portal\\\/wp-content\\\/uploads\\\/2024\\\/06\\\/infla.jpg\",\"contentUrl\":\"https:\\\/\\\/www.eldiario.net\\\/portal\\\/wp-content\\\/uploads\\\/2024\\\/06\\\/infla.jpg\",\"width\":747,\"height\":266},{\"@type\":\"BreadcrumbList\",\"@id\":\"https:\\\/\\\/www.eldiario.net\\\/portal\\\/2024\\\/06\\\/08\\\/bolivia-ya-alcanza-el-92-de-inflacion-acumulada-del-2023\\\/#breadcrumb\",\"itemListElement\":[{\"@type\":\"ListItem\",\"position\":1,\"name\":\"Portada\",\"item\":\"https:\\\/\\\/www.eldiario.net\\\/portal\\\/\"},{\"@type\":\"ListItem\",\"position\":2,\"name\":\"Bolivia ya alcanza el 92% de inflaci\u00f3n acumulada del 2023\"}]},{\"@type\":\"WebSite\",\"@id\":\"https:\\\/\\\/www.eldiario.net\\\/portal\\\/#website\",\"url\":\"https:\\\/\\\/www.eldiario.net\\\/portal\\\/\",\"name\":\"El Diario - Decano de la prensa nacional\",\"description\":\"El Diario - Decano de la prensa nacional\",\"publisher\":{\"@id\":\"https:\\\/\\\/www.eldiario.net\\\/portal\\\/#organization\"},\"potentialAction\":[{\"@type\":\"SearchAction\",\"target\":{\"@type\":\"EntryPoint\",\"urlTemplate\":\"https:\\\/\\\/www.eldiario.net\\\/portal\\\/?s={search_term_string}\"},\"query-input\":{\"@type\":\"PropertyValueSpecification\",\"valueRequired\":true,\"valueName\":\"search_term_string\"}}],\"inLanguage\":\"es\"},{\"@type\":\"Organization\",\"@id\":\"https:\\\/\\\/www.eldiario.net\\\/portal\\\/#organization\",\"name\":\"El Diario - Decano de la prensa nacional\",\"url\":\"https:\\\/\\\/www.eldiario.net\\\/portal\\\/\",\"logo\":{\"@type\":\"ImageObject\",\"inLanguage\":\"es\",\"@id\":\"https:\\\/\\\/www.eldiario.net\\\/portal\\\/#\\\/schema\\\/logo\\\/image\\\/\",\"url\":\"https:\\\/\\\/www.eldiario.net\\\/portal\\\/wp-content\\\/uploads\\\/2023\\\/07\\\/logo_ED.jpg\",\"contentUrl\":\"https:\\\/\\\/www.eldiario.net\\\/portal\\\/wp-content\\\/uploads\\\/2023\\\/07\\\/logo_ED.jpg\",\"width\":272,\"height\":52,\"caption\":\"El Diario - Decano de la prensa nacional\"},\"image\":{\"@id\":\"https:\\\/\\\/www.eldiario.net\\\/portal\\\/#\\\/schema\\\/logo\\\/image\\\/\"},\"sameAs\":[\"https:\\\/\\\/www.facebook.com\\\/eldiario.bolivia\\\/\",\"https:\\\/\\\/x.com\\\/eldiario_net\"]},{\"@type\":\"Person\",\"@id\":\"https:\\\/\\\/www.eldiario.net\\\/portal\\\/#\\\/schema\\\/person\\\/f46445640444750d7d753ccd04ae01b7\",\"name\":\"Jeanette\",\"image\":{\"@type\":\"ImageObject\",\"inLanguage\":\"es\",\"@id\":\"https:\\\/\\\/secure.gravatar.com\\\/avatar\\\/3ea2118a5f7dad2b7138b1187a6b7ee55f160b9968b66013c3a3ef39dd7e5798?s=96&d=mm&r=g\",\"url\":\"https:\\\/\\\/secure.gravatar.com\\\/avatar\\\/3ea2118a5f7dad2b7138b1187a6b7ee55f160b9968b66013c3a3ef39dd7e5798?s=96&d=mm&r=g\",\"contentUrl\":\"https:\\\/\\\/secure.gravatar.com\\\/avatar\\\/3ea2118a5f7dad2b7138b1187a6b7ee55f160b9968b66013c3a3ef39dd7e5798?s=96&d=mm&r=g\",\"caption\":\"Jeanette\"},\"sameAs\":[\"https:\\\/\\\/www.eldiario.net\\\/portal\"],\"url\":\"https:\\\/\\\/www.eldiario.net\\\/portal\\\/author\\\/jeanette\\\/\"}]}<\/script>\n<!-- \/ Yoast SEO plugin. -->","yoast_head_json":{"title":"Bolivia ya alcanza el 92% de inflaci\u00f3n acumulada del 2023 - El Diario - Bolivia","robots":{"index":"index","follow":"follow","max-snippet":"max-snippet:-1","max-image-preview":"max-image-preview:large","max-video-preview":"max-video-preview:-1"},"canonical":"https:\/\/www.eldiario.net\/portal\/2024\/06\/08\/bolivia-ya-alcanza-el-92-de-inflacion-acumulada-del-2023\/","og_locale":"es_ES","og_type":"article","og_title":"Bolivia ya alcanza el 92% de inflaci\u00f3n acumulada del 2023 - El Diario - Bolivia","og_description":"La inflaci\u00f3n acumulada a mayo 2024 fue de 1,95%, cifra 3,4 veces superior a la de mayo de 2023. Este dato, ya representa el 92% de toda la inflaci\u00f3n acumulada la gesti\u00f3n pasada. Adem\u00e1s, con el actual IPC de mayo, ya se alcanz\u00f3 alrededor del 50% de la meta de inflaci\u00f3n planteada por el Gobierno [&hellip;]","og_url":"https:\/\/www.eldiario.net\/portal\/2024\/06\/08\/bolivia-ya-alcanza-el-92-de-inflacion-acumulada-del-2023\/","og_site_name":"El Diario - Bolivia","article_publisher":"https:\/\/www.facebook.com\/eldiario.bolivia\/","article_published_time":"2024-06-08T11:02:14+00:00","og_image":[{"width":747,"height":266,"url":"https:\/\/www.eldiario.net\/portal\/wp-content\/uploads\/2024\/06\/infla.jpg","type":"image\/jpeg"}],"author":"Jeanette","twitter_card":"summary_large_image","twitter_creator":"@eldiario_net","twitter_site":"@eldiario_net","twitter_misc":{"Escrito por":"Jeanette","Tiempo de lectura":"2 minutos"},"schema":{"@context":"https:\/\/schema.org","@graph":[{"@type":"Article","@id":"https:\/\/www.eldiario.net\/portal\/2024\/06\/08\/bolivia-ya-alcanza-el-92-de-inflacion-acumulada-del-2023\/#article","isPartOf":{"@id":"https:\/\/www.eldiario.net\/portal\/2024\/06\/08\/bolivia-ya-alcanza-el-92-de-inflacion-acumulada-del-2023\/"},"author":{"name":"Jeanette","@id":"https:\/\/www.eldiario.net\/portal\/#\/schema\/person\/f46445640444750d7d753ccd04ae01b7"},"headline":"Bolivia ya alcanza el 92% de inflaci\u00f3n acumulada del 2023","datePublished":"2024-06-08T11:02:14+00:00","mainEntityOfPage":{"@id":"https:\/\/www.eldiario.net\/portal\/2024\/06\/08\/bolivia-ya-alcanza-el-92-de-inflacion-acumulada-del-2023\/"},"wordCount":396,"commentCount":0,"publisher":{"@id":"https:\/\/www.eldiario.net\/portal\/#organization"},"image":{"@id":"https:\/\/www.eldiario.net\/portal\/2024\/06\/08\/bolivia-ya-alcanza-el-92-de-inflacion-acumulada-del-2023\/#primaryimage"},"thumbnailUrl":"https:\/\/www.eldiario.net\/portal\/wp-content\/uploads\/2024\/06\/infla.jpg","articleSection":["Econom\u00eda"],"inLanguage":"es","potentialAction":[{"@type":"CommentAction","name":"Comment","target":["https:\/\/www.eldiario.net\/portal\/2024\/06\/08\/bolivia-ya-alcanza-el-92-de-inflacion-acumulada-del-2023\/#respond"]}]},{"@type":"WebPage","@id":"https:\/\/www.eldiario.net\/portal\/2024\/06\/08\/bolivia-ya-alcanza-el-92-de-inflacion-acumulada-del-2023\/","url":"https:\/\/www.eldiario.net\/portal\/2024\/06\/08\/bolivia-ya-alcanza-el-92-de-inflacion-acumulada-del-2023\/","name":"Bolivia ya alcanza el 92% de inflaci\u00f3n acumulada del 2023 - El Diario - Bolivia","isPartOf":{"@id":"https:\/\/www.eldiario.net\/portal\/#website"},"primaryImageOfPage":{"@id":"https:\/\/www.eldiario.net\/portal\/2024\/06\/08\/bolivia-ya-alcanza-el-92-de-inflacion-acumulada-del-2023\/#primaryimage"},"image":{"@id":"https:\/\/www.eldiario.net\/portal\/2024\/06\/08\/bolivia-ya-alcanza-el-92-de-inflacion-acumulada-del-2023\/#primaryimage"},"thumbnailUrl":"https:\/\/www.eldiario.net\/portal\/wp-content\/uploads\/2024\/06\/infla.jpg","datePublished":"2024-06-08T11:02:14+00:00","breadcrumb":{"@id":"https:\/\/www.eldiario.net\/portal\/2024\/06\/08\/bolivia-ya-alcanza-el-92-de-inflacion-acumulada-del-2023\/#breadcrumb"},"inLanguage":"es","potentialAction":[{"@type":"ReadAction","target":["https:\/\/www.eldiario.net\/portal\/2024\/06\/08\/bolivia-ya-alcanza-el-92-de-inflacion-acumulada-del-2023\/"]}]},{"@type":"ImageObject","inLanguage":"es","@id":"https:\/\/www.eldiario.net\/portal\/2024\/06\/08\/bolivia-ya-alcanza-el-92-de-inflacion-acumulada-del-2023\/#primaryimage","url":"https:\/\/www.eldiario.net\/portal\/wp-content\/uploads\/2024\/06\/infla.jpg","contentUrl":"https:\/\/www.eldiario.net\/portal\/wp-content\/uploads\/2024\/06\/infla.jpg","width":747,"height":266},{"@type":"BreadcrumbList","@id":"https:\/\/www.eldiario.net\/portal\/2024\/06\/08\/bolivia-ya-alcanza-el-92-de-inflacion-acumulada-del-2023\/#breadcrumb","itemListElement":[{"@type":"ListItem","position":1,"name":"Portada","item":"https:\/\/www.eldiario.net\/portal\/"},{"@type":"ListItem","position":2,"name":"Bolivia ya alcanza el 92% de inflaci\u00f3n acumulada del 2023"}]},{"@type":"WebSite","@id":"https:\/\/www.eldiario.net\/portal\/#website","url":"https:\/\/www.eldiario.net\/portal\/","name":"El Diario - Decano de la prensa nacional","description":"El Diario - Decano de la prensa nacional","publisher":{"@id":"https:\/\/www.eldiario.net\/portal\/#organization"},"potentialAction":[{"@type":"SearchAction","target":{"@type":"EntryPoint","urlTemplate":"https:\/\/www.eldiario.net\/portal\/?s={search_term_string}"},"query-input":{"@type":"PropertyValueSpecification","valueRequired":true,"valueName":"search_term_string"}}],"inLanguage":"es"},{"@type":"Organization","@id":"https:\/\/www.eldiario.net\/portal\/#organization","name":"El Diario - Decano de la prensa nacional","url":"https:\/\/www.eldiario.net\/portal\/","logo":{"@type":"ImageObject","inLanguage":"es","@id":"https:\/\/www.eldiario.net\/portal\/#\/schema\/logo\/image\/","url":"https:\/\/www.eldiario.net\/portal\/wp-content\/uploads\/2023\/07\/logo_ED.jpg","contentUrl":"https:\/\/www.eldiario.net\/portal\/wp-content\/uploads\/2023\/07\/logo_ED.jpg","width":272,"height":52,"caption":"El Diario - Decano de la prensa nacional"},"image":{"@id":"https:\/\/www.eldiario.net\/portal\/#\/schema\/logo\/image\/"},"sameAs":["https:\/\/www.facebook.com\/eldiario.bolivia\/","https:\/\/x.com\/eldiario_net"]},{"@type":"Person","@id":"https:\/\/www.eldiario.net\/portal\/#\/schema\/person\/f46445640444750d7d753ccd04ae01b7","name":"Jeanette","image":{"@type":"ImageObject","inLanguage":"es","@id":"https:\/\/secure.gravatar.com\/avatar\/3ea2118a5f7dad2b7138b1187a6b7ee55f160b9968b66013c3a3ef39dd7e5798?s=96&d=mm&r=g","url":"https:\/\/secure.gravatar.com\/avatar\/3ea2118a5f7dad2b7138b1187a6b7ee55f160b9968b66013c3a3ef39dd7e5798?s=96&d=mm&r=g","contentUrl":"https:\/\/secure.gravatar.com\/avatar\/3ea2118a5f7dad2b7138b1187a6b7ee55f160b9968b66013c3a3ef39dd7e5798?s=96&d=mm&r=g","caption":"Jeanette"},"sameAs":["https:\/\/www.eldiario.net\/portal"],"url":"https:\/\/www.eldiario.net\/portal\/author\/jeanette\/"}]}},"_links":{"self":[{"href":"https:\/\/www.eldiario.net\/portal\/wp-json\/wp\/v2\/posts\/225733","targetHints":{"allow":["GET"]}}],"collection":[{"href":"https:\/\/www.eldiario.net\/portal\/wp-json\/wp\/v2\/posts"}],"about":[{"href":"https:\/\/www.eldiario.net\/portal\/wp-json\/wp\/v2\/types\/post"}],"author":[{"embeddable":true,"href":"https:\/\/www.eldiario.net\/portal\/wp-json\/wp\/v2\/users\/1"}],"replies":[{"embeddable":true,"href":"https:\/\/www.eldiario.net\/portal\/wp-json\/wp\/v2\/comments?post=225733"}],"version-history":[{"count":1,"href":"https:\/\/www.eldiario.net\/portal\/wp-json\/wp\/v2\/posts\/225733\/revisions"}],"predecessor-version":[{"id":225735,"href":"https:\/\/www.eldiario.net\/portal\/wp-json\/wp\/v2\/posts\/225733\/revisions\/225735"}],"wp:featuredmedia":[{"embeddable":true,"href":"https:\/\/www.eldiario.net\/portal\/wp-json\/wp\/v2\/media\/225734"}],"wp:attachment":[{"href":"https:\/\/www.eldiario.net\/portal\/wp-json\/wp\/v2\/media?parent=225733"}],"wp:term":[{"taxonomy":"category","embeddable":true,"href":"https:\/\/www.eldiario.net\/portal\/wp-json\/wp\/v2\/categories?post=225733"},{"taxonomy":"post_tag","embeddable":true,"href":"https:\/\/www.eldiario.net\/portal\/wp-json\/wp\/v2\/tags?post=225733"}],"curies":[{"name":"wp","href":"https:\/\/api.w.org\/{rel}","templated":true}]}}