{"id":225728,"date":"2024-06-08T06:59:46","date_gmt":"2024-06-08T10:59:46","guid":{"rendered":"https:\/\/www.eldiario.net\/portal\/?p=225728"},"modified":"2024-06-08T06:59:46","modified_gmt":"2024-06-08T10:59:46","slug":"el-capitalismo-en-la-china","status":"publish","type":"post","link":"https:\/\/www.eldiario.net\/portal\/2024\/06\/08\/el-capitalismo-en-la-china\/","title":{"rendered":"El capitalismo en la China"},"content":{"rendered":"<p>China no podr\u00eda haberse convertido en la segunda econom\u00eda del mundo si no hubiera permitido que el libre mercado desempe\u00f1ara un papel decisivo, al mismo tiempo que su integraci\u00f3n al comercio global. Deng Xiaoping a la cabeza del gobierno chino, ampli\u00f3 la libertad individual, al permitir empresas privadas con derechos garantizados; estableci\u00f3 condiciones favorables a la inversi\u00f3n extranjera y procedi\u00f3 a la privatizaci\u00f3n de empresas estatales.<br \/>\nEl comunismo triunf\u00f3 en China en el a\u00f1o 1949, cuando ascendi\u00f3 al poder Mao Tse Tung (Mao) que promovi\u00f3 la \u00abRevoluci\u00f3n Cultural\u00bb, movimiento que afect\u00f3 negativamente tanto a la econom\u00eda como a la sociedad. El ochenta por ciento de los j\u00f3venes fue desplazado a las \u00e1reas rurales para trabajar la tierra, bajo el sistema de colectivizaci\u00f3n. A la muerte de Mao (1976), Deng Xiaoping, miembro de la alta direcci\u00f3n del partido, volvi\u00f3 del exilio; plante\u00f3 mejorar la educaci\u00f3n y la ciencia para salir de la pobreza, pues como resultado de la revoluci\u00f3n cultural, China estaba en ruinas: quien ten\u00eda bicicleta se consideraba rico.<br \/>\nEn 1978, Deng Xiaoping, ya convertido en nuevo l\u00edder supremo de China (1978-1989), comenz\u00f3 con el hist\u00f3rico programa \u00abReformas y Apertura\u00bb. Dentro de esa nueva pol\u00edtica se envi\u00f3 a Europa una misi\u00f3n de treinta personas para verificar que los \u00abpa\u00edses capitalistas, pobres y decadentes, explotaban a sus trabajadores\u00bb, eso les hab\u00edan ense\u00f1ado.<br \/>\nDespu\u00e9s de cinco meses, los chinos vieron que las cosas eran diferentes. Adem\u00e1s, con el fin de estimular el inter\u00e9s del pueblo chino, la televisi\u00f3n difundi\u00f3 im\u00e1genes de c\u00f3mo viv\u00edan los japoneses, donde gente sencilla ten\u00eda refrigeradores, televisores, autom\u00f3viles.<br \/>\nDesde 1978 China pas\u00f3 de la planificaci\u00f3n estatal a una econom\u00eda de libre mercado, y la apertura al mundo exterior (opuesta a la pol\u00edtica industrial estatal y el control de precios, vigente en pa\u00edses socialistas).<br \/>\nLa reforma econ\u00f3mica posterior a 1978 fue un proceso evolutivo en el que China sali\u00f3 de la pobreza. El 1 de enero de 1979 Estados Unidos reconoci\u00f3 a la Rep\u00fablica Popular China (RPCH). Deng Xiaoping viaj\u00f3 a EEUU, estuvo ocho d\u00edas en varias ciudades y conoci\u00f3 la NASA. Pidi\u00f3 colaboraci\u00f3n a USA.<br \/>\nDeng solicit\u00f3 tambi\u00e9n ayuda a la ONU para desarrollar los compromisos acordados con Jimmy Carter. La primera ayuda se destin\u00f3 para la adquisici\u00f3n de equipos de tecnolog\u00eda, donde China tenia considerable atraso. Fueron comprados equipos mainframe &#8211;llamados \u00abmini ordenadores\u00bb&#8211; para el procesamiento de la informaci\u00f3n cient\u00edfica. \u00abEl Sr. Deng viaja a Washington\u00bb es el documental que ilustra sobre ese viaje.<br \/>\nA su retorno de EEUU, Deng comenz\u00f3 las reformas orientadas al libre mercado. El primer contrato de inversi\u00f3n se firm\u00f3 el 30 diciembre de 1979 en la ciudad de Wenzhu, frente a Hong Kong (la primera zona especial experimental para las inversiones).<br \/>\nA partir de entonces, miles de empresas surgieron por toda China; un pa\u00eds comunista, al centro del capitalismo mundial. El mayor componente de las fuerzas productivas es capital humano, dec\u00eda Deng. La decisi\u00f3n fue delegar el mando a los niveles medios, que la econom\u00eda no dependiera de una persona, sino de varios talentos. Enviaron miles de chinos a estudiar en universidades de Europa y Estados Unidos para aprender ciencia, cultura y progreso.<br \/>\nEl primer certificado de \u00abempresa privada\u00bb se entreg\u00f3 a una comerciante vendedora de tejidos y botones. Solo en cuatro a\u00f1os creci\u00f3 la agricultura, la construcci\u00f3n y la industria. Se reafirm\u00f3 la liberaci\u00f3n econ\u00f3mica, pero no la pol\u00edtica, El Partido Comunista Chino (PCCH) sigui\u00f3 al margen de la democracia estilo occidental (Deng llam\u00f3 \u00abracionalizaci\u00f3n pol\u00edtica\u00bb, pero mantuvo y fortaleci\u00f3 el partido \u00fanico).<br \/>\nTras d\u00e9cadas de apertura econ\u00f3mica, bajo el \u00abModelo Socialista de mercado\u00bb, China sumaba m\u00e1s de 9 millones de compa\u00f1\u00edas privadas y m\u00e1s de 36 millones de negocios de propiedad individual, seg\u00fan datos oficiales al a\u00f1o 2011. (Actualizando al 2023 son 56 millones de empresas). Conclusi\u00f3n: debilitar las empresas privadas, perseguir a los empresarios, y estatizar la producci\u00f3n; Cuba, Venezuela, Nicaragua y de cerca Bolivia, fueron guiados por Rusia, que ocupa el octavo lugar.<br \/>\nFuentes: libro \u00abDe Mao a Xi\u00bb; documental \u00abEl Sr Deng viaja a Washington\u00bb; v\u00eddeo \u00abC\u00f3mo se enriqueci\u00f3 China\u201d.<\/p>\n<p>El autor es periodista.<\/p>\n","protected":false},"excerpt":{"rendered":"<p>China no podr\u00eda haberse convertido en la segunda econom\u00eda del mundo si no hubiera permitido que el libre mercado desempe\u00f1ara un papel decisivo, al mismo tiempo que su integraci\u00f3n al comercio global. Deng Xiaoping a la cabeza del gobierno chino, ampli\u00f3 la libertad individual, al permitir empresas privadas con derechos garantizados; estableci\u00f3 condiciones favorables a [&hellip;]<\/p>\n","protected":false},"author":1,"featured_media":166360,"comment_status":"open","ping_status":"open","sticky":false,"template":"","format":"standard","meta":{"_acf_changed":false,"footnotes":""},"categories":[9],"tags":[],"class_list":["post-225728","post","type-post","status-publish","format-standard","has-post-thumbnail","category-opinion"],"acf":{"antetitulo":""},"yoast_head":"<!-- This site is optimized with the Yoast SEO plugin v28.4 - https:\/\/yoast.com\/product\/yoast-seo-wordpress\/ -->\n<title>El capitalismo en la China - El Diario - Bolivia<\/title>\n<meta name=\"robots\" content=\"index, follow, max-snippet:-1, max-image-preview:large, max-video-preview:-1\" \/>\n<link rel=\"canonical\" href=\"https:\/\/www.eldiario.net\/portal\/2024\/06\/08\/el-capitalismo-en-la-china\/\" \/>\n<meta property=\"og:locale\" content=\"es_ES\" \/>\n<meta property=\"og:type\" content=\"article\" \/>\n<meta property=\"og:title\" content=\"El capitalismo en la China - El Diario - Bolivia\" \/>\n<meta property=\"og:description\" content=\"China no podr\u00eda haberse convertido en la segunda econom\u00eda del mundo si no hubiera permitido que el libre mercado desempe\u00f1ara un papel decisivo, al mismo tiempo que su integraci\u00f3n al comercio global. Deng Xiaoping a la cabeza del gobierno chino, ampli\u00f3 la libertad individual, al permitir empresas privadas con derechos garantizados; estableci\u00f3 condiciones favorables a [&hellip;]\" \/>\n<meta property=\"og:url\" content=\"https:\/\/www.eldiario.net\/portal\/2024\/06\/08\/el-capitalismo-en-la-china\/\" \/>\n<meta property=\"og:site_name\" content=\"El Diario - Bolivia\" \/>\n<meta property=\"article:publisher\" content=\"https:\/\/www.facebook.com\/eldiario.bolivia\/\" \/>\n<meta property=\"article:published_time\" content=\"2024-06-08T10:59:46+00:00\" \/>\n<meta property=\"og:image\" content=\"https:\/\/www.eldiario.net\/portal\/wp-content\/uploads\/2023\/07\/Mario-Malpartida.jpg\" \/>\n\t<meta property=\"og:image:width\" content=\"1200\" \/>\n\t<meta property=\"og:image:height\" content=\"628\" \/>\n\t<meta property=\"og:image:type\" content=\"image\/jpeg\" \/>\n<meta name=\"author\" content=\"Jeanette\" \/>\n<meta name=\"twitter:card\" content=\"summary_large_image\" \/>\n<meta name=\"twitter:creator\" content=\"@eldiario_net\" \/>\n<meta name=\"twitter:site\" content=\"@eldiario_net\" \/>\n<meta name=\"twitter:label1\" content=\"Escrito por\" \/>\n\t<meta name=\"twitter:data1\" content=\"Jeanette\" \/>\n\t<meta name=\"twitter:label2\" content=\"Tiempo de lectura\" \/>\n\t<meta name=\"twitter:data2\" content=\"4 minutos\" \/>\n<script type=\"application\/ld+json\" class=\"yoast-schema-graph\">{\"@context\":\"https:\\\/\\\/schema.org\",\"@graph\":[{\"@type\":\"Article\",\"@id\":\"https:\\\/\\\/www.eldiario.net\\\/portal\\\/2024\\\/06\\\/08\\\/el-capitalismo-en-la-china\\\/#article\",\"isPartOf\":{\"@id\":\"https:\\\/\\\/www.eldiario.net\\\/portal\\\/2024\\\/06\\\/08\\\/el-capitalismo-en-la-china\\\/\"},\"author\":{\"name\":\"Jeanette\",\"@id\":\"https:\\\/\\\/www.eldiario.net\\\/portal\\\/#\\\/schema\\\/person\\\/f46445640444750d7d753ccd04ae01b7\"},\"headline\":\"El capitalismo en la China\",\"datePublished\":\"2024-06-08T10:59:46+00:00\",\"mainEntityOfPage\":{\"@id\":\"https:\\\/\\\/www.eldiario.net\\\/portal\\\/2024\\\/06\\\/08\\\/el-capitalismo-en-la-china\\\/\"},\"wordCount\":736,\"commentCount\":0,\"publisher\":{\"@id\":\"https:\\\/\\\/www.eldiario.net\\\/portal\\\/#organization\"},\"image\":{\"@id\":\"https:\\\/\\\/www.eldiario.net\\\/portal\\\/2024\\\/06\\\/08\\\/el-capitalismo-en-la-china\\\/#primaryimage\"},\"thumbnailUrl\":\"https:\\\/\\\/www.eldiario.net\\\/portal\\\/wp-content\\\/uploads\\\/2023\\\/07\\\/Mario-Malpartida.jpg\",\"articleSection\":[\"Opini\u00f3n\"],\"inLanguage\":\"es\",\"potentialAction\":[{\"@type\":\"CommentAction\",\"name\":\"Comment\",\"target\":[\"https:\\\/\\\/www.eldiario.net\\\/portal\\\/2024\\\/06\\\/08\\\/el-capitalismo-en-la-china\\\/#respond\"]}]},{\"@type\":\"WebPage\",\"@id\":\"https:\\\/\\\/www.eldiario.net\\\/portal\\\/2024\\\/06\\\/08\\\/el-capitalismo-en-la-china\\\/\",\"url\":\"https:\\\/\\\/www.eldiario.net\\\/portal\\\/2024\\\/06\\\/08\\\/el-capitalismo-en-la-china\\\/\",\"name\":\"El capitalismo en la China - El Diario - Bolivia\",\"isPartOf\":{\"@id\":\"https:\\\/\\\/www.eldiario.net\\\/portal\\\/#website\"},\"primaryImageOfPage\":{\"@id\":\"https:\\\/\\\/www.eldiario.net\\\/portal\\\/2024\\\/06\\\/08\\\/el-capitalismo-en-la-china\\\/#primaryimage\"},\"image\":{\"@id\":\"https:\\\/\\\/www.eldiario.net\\\/portal\\\/2024\\\/06\\\/08\\\/el-capitalismo-en-la-china\\\/#primaryimage\"},\"thumbnailUrl\":\"https:\\\/\\\/www.eldiario.net\\\/portal\\\/wp-content\\\/uploads\\\/2023\\\/07\\\/Mario-Malpartida.jpg\",\"datePublished\":\"2024-06-08T10:59:46+00:00\",\"breadcrumb\":{\"@id\":\"https:\\\/\\\/www.eldiario.net\\\/portal\\\/2024\\\/06\\\/08\\\/el-capitalismo-en-la-china\\\/#breadcrumb\"},\"inLanguage\":\"es\",\"potentialAction\":[{\"@type\":\"ReadAction\",\"target\":[\"https:\\\/\\\/www.eldiario.net\\\/portal\\\/2024\\\/06\\\/08\\\/el-capitalismo-en-la-china\\\/\"]}]},{\"@type\":\"ImageObject\",\"inLanguage\":\"es\",\"@id\":\"https:\\\/\\\/www.eldiario.net\\\/portal\\\/2024\\\/06\\\/08\\\/el-capitalismo-en-la-china\\\/#primaryimage\",\"url\":\"https:\\\/\\\/www.eldiario.net\\\/portal\\\/wp-content\\\/uploads\\\/2023\\\/07\\\/Mario-Malpartida.jpg\",\"contentUrl\":\"https:\\\/\\\/www.eldiario.net\\\/portal\\\/wp-content\\\/uploads\\\/2023\\\/07\\\/Mario-Malpartida.jpg\",\"width\":1200,\"height\":628,\"caption\":\"Mario Malpartida\"},{\"@type\":\"BreadcrumbList\",\"@id\":\"https:\\\/\\\/www.eldiario.net\\\/portal\\\/2024\\\/06\\\/08\\\/el-capitalismo-en-la-china\\\/#breadcrumb\",\"itemListElement\":[{\"@type\":\"ListItem\",\"position\":1,\"name\":\"Portada\",\"item\":\"https:\\\/\\\/www.eldiario.net\\\/portal\\\/\"},{\"@type\":\"ListItem\",\"position\":2,\"name\":\"El capitalismo en la China\"}]},{\"@type\":\"WebSite\",\"@id\":\"https:\\\/\\\/www.eldiario.net\\\/portal\\\/#website\",\"url\":\"https:\\\/\\\/www.eldiario.net\\\/portal\\\/\",\"name\":\"El Diario - Decano de la prensa nacional\",\"description\":\"El Diario - Decano de la prensa nacional\",\"publisher\":{\"@id\":\"https:\\\/\\\/www.eldiario.net\\\/portal\\\/#organization\"},\"potentialAction\":[{\"@type\":\"SearchAction\",\"target\":{\"@type\":\"EntryPoint\",\"urlTemplate\":\"https:\\\/\\\/www.eldiario.net\\\/portal\\\/?s={search_term_string}\"},\"query-input\":{\"@type\":\"PropertyValueSpecification\",\"valueRequired\":true,\"valueName\":\"search_term_string\"}}],\"inLanguage\":\"es\"},{\"@type\":\"Organization\",\"@id\":\"https:\\\/\\\/www.eldiario.net\\\/portal\\\/#organization\",\"name\":\"El Diario - Decano de la prensa nacional\",\"url\":\"https:\\\/\\\/www.eldiario.net\\\/portal\\\/\",\"logo\":{\"@type\":\"ImageObject\",\"inLanguage\":\"es\",\"@id\":\"https:\\\/\\\/www.eldiario.net\\\/portal\\\/#\\\/schema\\\/logo\\\/image\\\/\",\"url\":\"https:\\\/\\\/www.eldiario.net\\\/portal\\\/wp-content\\\/uploads\\\/2023\\\/07\\\/logo_ED.jpg\",\"contentUrl\":\"https:\\\/\\\/www.eldiario.net\\\/portal\\\/wp-content\\\/uploads\\\/2023\\\/07\\\/logo_ED.jpg\",\"width\":272,\"height\":52,\"caption\":\"El Diario - Decano de la prensa nacional\"},\"image\":{\"@id\":\"https:\\\/\\\/www.eldiario.net\\\/portal\\\/#\\\/schema\\\/logo\\\/image\\\/\"},\"sameAs\":[\"https:\\\/\\\/www.facebook.com\\\/eldiario.bolivia\\\/\",\"https:\\\/\\\/x.com\\\/eldiario_net\"]},{\"@type\":\"Person\",\"@id\":\"https:\\\/\\\/www.eldiario.net\\\/portal\\\/#\\\/schema\\\/person\\\/f46445640444750d7d753ccd04ae01b7\",\"name\":\"Jeanette\",\"image\":{\"@type\":\"ImageObject\",\"inLanguage\":\"es\",\"@id\":\"https:\\\/\\\/secure.gravatar.com\\\/avatar\\\/3ea2118a5f7dad2b7138b1187a6b7ee55f160b9968b66013c3a3ef39dd7e5798?s=96&d=mm&r=g\",\"url\":\"https:\\\/\\\/secure.gravatar.com\\\/avatar\\\/3ea2118a5f7dad2b7138b1187a6b7ee55f160b9968b66013c3a3ef39dd7e5798?s=96&d=mm&r=g\",\"contentUrl\":\"https:\\\/\\\/secure.gravatar.com\\\/avatar\\\/3ea2118a5f7dad2b7138b1187a6b7ee55f160b9968b66013c3a3ef39dd7e5798?s=96&d=mm&r=g\",\"caption\":\"Jeanette\"},\"sameAs\":[\"https:\\\/\\\/www.eldiario.net\\\/portal\"],\"url\":\"https:\\\/\\\/www.eldiario.net\\\/portal\\\/author\\\/jeanette\\\/\"}]}<\/script>\n<!-- \/ Yoast SEO plugin. -->","yoast_head_json":{"title":"El capitalismo en la China - El Diario - Bolivia","robots":{"index":"index","follow":"follow","max-snippet":"max-snippet:-1","max-image-preview":"max-image-preview:large","max-video-preview":"max-video-preview:-1"},"canonical":"https:\/\/www.eldiario.net\/portal\/2024\/06\/08\/el-capitalismo-en-la-china\/","og_locale":"es_ES","og_type":"article","og_title":"El capitalismo en la China - El Diario - Bolivia","og_description":"China no podr\u00eda haberse convertido en la segunda econom\u00eda del mundo si no hubiera permitido que el libre mercado desempe\u00f1ara un papel decisivo, al mismo tiempo que su integraci\u00f3n al comercio global. Deng Xiaoping a la cabeza del gobierno chino, ampli\u00f3 la libertad individual, al permitir empresas privadas con derechos garantizados; estableci\u00f3 condiciones favorables a [&hellip;]","og_url":"https:\/\/www.eldiario.net\/portal\/2024\/06\/08\/el-capitalismo-en-la-china\/","og_site_name":"El Diario - Bolivia","article_publisher":"https:\/\/www.facebook.com\/eldiario.bolivia\/","article_published_time":"2024-06-08T10:59:46+00:00","og_image":[{"width":1200,"height":628,"url":"https:\/\/www.eldiario.net\/portal\/wp-content\/uploads\/2023\/07\/Mario-Malpartida.jpg","type":"image\/jpeg"}],"author":"Jeanette","twitter_card":"summary_large_image","twitter_creator":"@eldiario_net","twitter_site":"@eldiario_net","twitter_misc":{"Escrito por":"Jeanette","Tiempo de lectura":"4 minutos"},"schema":{"@context":"https:\/\/schema.org","@graph":[{"@type":"Article","@id":"https:\/\/www.eldiario.net\/portal\/2024\/06\/08\/el-capitalismo-en-la-china\/#article","isPartOf":{"@id":"https:\/\/www.eldiario.net\/portal\/2024\/06\/08\/el-capitalismo-en-la-china\/"},"author":{"name":"Jeanette","@id":"https:\/\/www.eldiario.net\/portal\/#\/schema\/person\/f46445640444750d7d753ccd04ae01b7"},"headline":"El capitalismo en la China","datePublished":"2024-06-08T10:59:46+00:00","mainEntityOfPage":{"@id":"https:\/\/www.eldiario.net\/portal\/2024\/06\/08\/el-capitalismo-en-la-china\/"},"wordCount":736,"commentCount":0,"publisher":{"@id":"https:\/\/www.eldiario.net\/portal\/#organization"},"image":{"@id":"https:\/\/www.eldiario.net\/portal\/2024\/06\/08\/el-capitalismo-en-la-china\/#primaryimage"},"thumbnailUrl":"https:\/\/www.eldiario.net\/portal\/wp-content\/uploads\/2023\/07\/Mario-Malpartida.jpg","articleSection":["Opini\u00f3n"],"inLanguage":"es","potentialAction":[{"@type":"CommentAction","name":"Comment","target":["https:\/\/www.eldiario.net\/portal\/2024\/06\/08\/el-capitalismo-en-la-china\/#respond"]}]},{"@type":"WebPage","@id":"https:\/\/www.eldiario.net\/portal\/2024\/06\/08\/el-capitalismo-en-la-china\/","url":"https:\/\/www.eldiario.net\/portal\/2024\/06\/08\/el-capitalismo-en-la-china\/","name":"El capitalismo en la China - El Diario - Bolivia","isPartOf":{"@id":"https:\/\/www.eldiario.net\/portal\/#website"},"primaryImageOfPage":{"@id":"https:\/\/www.eldiario.net\/portal\/2024\/06\/08\/el-capitalismo-en-la-china\/#primaryimage"},"image":{"@id":"https:\/\/www.eldiario.net\/portal\/2024\/06\/08\/el-capitalismo-en-la-china\/#primaryimage"},"thumbnailUrl":"https:\/\/www.eldiario.net\/portal\/wp-content\/uploads\/2023\/07\/Mario-Malpartida.jpg","datePublished":"2024-06-08T10:59:46+00:00","breadcrumb":{"@id":"https:\/\/www.eldiario.net\/portal\/2024\/06\/08\/el-capitalismo-en-la-china\/#breadcrumb"},"inLanguage":"es","potentialAction":[{"@type":"ReadAction","target":["https:\/\/www.eldiario.net\/portal\/2024\/06\/08\/el-capitalismo-en-la-china\/"]}]},{"@type":"ImageObject","inLanguage":"es","@id":"https:\/\/www.eldiario.net\/portal\/2024\/06\/08\/el-capitalismo-en-la-china\/#primaryimage","url":"https:\/\/www.eldiario.net\/portal\/wp-content\/uploads\/2023\/07\/Mario-Malpartida.jpg","contentUrl":"https:\/\/www.eldiario.net\/portal\/wp-content\/uploads\/2023\/07\/Mario-Malpartida.jpg","width":1200,"height":628,"caption":"Mario Malpartida"},{"@type":"BreadcrumbList","@id":"https:\/\/www.eldiario.net\/portal\/2024\/06\/08\/el-capitalismo-en-la-china\/#breadcrumb","itemListElement":[{"@type":"ListItem","position":1,"name":"Portada","item":"https:\/\/www.eldiario.net\/portal\/"},{"@type":"ListItem","position":2,"name":"El capitalismo en la China"}]},{"@type":"WebSite","@id":"https:\/\/www.eldiario.net\/portal\/#website","url":"https:\/\/www.eldiario.net\/portal\/","name":"El Diario - Decano de la prensa nacional","description":"El Diario - Decano de la prensa nacional","publisher":{"@id":"https:\/\/www.eldiario.net\/portal\/#organization"},"potentialAction":[{"@type":"SearchAction","target":{"@type":"EntryPoint","urlTemplate":"https:\/\/www.eldiario.net\/portal\/?s={search_term_string}"},"query-input":{"@type":"PropertyValueSpecification","valueRequired":true,"valueName":"search_term_string"}}],"inLanguage":"es"},{"@type":"Organization","@id":"https:\/\/www.eldiario.net\/portal\/#organization","name":"El Diario - Decano de la prensa nacional","url":"https:\/\/www.eldiario.net\/portal\/","logo":{"@type":"ImageObject","inLanguage":"es","@id":"https:\/\/www.eldiario.net\/portal\/#\/schema\/logo\/image\/","url":"https:\/\/www.eldiario.net\/portal\/wp-content\/uploads\/2023\/07\/logo_ED.jpg","contentUrl":"https:\/\/www.eldiario.net\/portal\/wp-content\/uploads\/2023\/07\/logo_ED.jpg","width":272,"height":52,"caption":"El Diario - Decano de la prensa nacional"},"image":{"@id":"https:\/\/www.eldiario.net\/portal\/#\/schema\/logo\/image\/"},"sameAs":["https:\/\/www.facebook.com\/eldiario.bolivia\/","https:\/\/x.com\/eldiario_net"]},{"@type":"Person","@id":"https:\/\/www.eldiario.net\/portal\/#\/schema\/person\/f46445640444750d7d753ccd04ae01b7","name":"Jeanette","image":{"@type":"ImageObject","inLanguage":"es","@id":"https:\/\/secure.gravatar.com\/avatar\/3ea2118a5f7dad2b7138b1187a6b7ee55f160b9968b66013c3a3ef39dd7e5798?s=96&d=mm&r=g","url":"https:\/\/secure.gravatar.com\/avatar\/3ea2118a5f7dad2b7138b1187a6b7ee55f160b9968b66013c3a3ef39dd7e5798?s=96&d=mm&r=g","contentUrl":"https:\/\/secure.gravatar.com\/avatar\/3ea2118a5f7dad2b7138b1187a6b7ee55f160b9968b66013c3a3ef39dd7e5798?s=96&d=mm&r=g","caption":"Jeanette"},"sameAs":["https:\/\/www.eldiario.net\/portal"],"url":"https:\/\/www.eldiario.net\/portal\/author\/jeanette\/"}]}},"_links":{"self":[{"href":"https:\/\/www.eldiario.net\/portal\/wp-json\/wp\/v2\/posts\/225728","targetHints":{"allow":["GET"]}}],"collection":[{"href":"https:\/\/www.eldiario.net\/portal\/wp-json\/wp\/v2\/posts"}],"about":[{"href":"https:\/\/www.eldiario.net\/portal\/wp-json\/wp\/v2\/types\/post"}],"author":[{"embeddable":true,"href":"https:\/\/www.eldiario.net\/portal\/wp-json\/wp\/v2\/users\/1"}],"replies":[{"embeddable":true,"href":"https:\/\/www.eldiario.net\/portal\/wp-json\/wp\/v2\/comments?post=225728"}],"version-history":[{"count":1,"href":"https:\/\/www.eldiario.net\/portal\/wp-json\/wp\/v2\/posts\/225728\/revisions"}],"predecessor-version":[{"id":225729,"href":"https:\/\/www.eldiario.net\/portal\/wp-json\/wp\/v2\/posts\/225728\/revisions\/225729"}],"wp:featuredmedia":[{"embeddable":true,"href":"https:\/\/www.eldiario.net\/portal\/wp-json\/wp\/v2\/media\/166360"}],"wp:attachment":[{"href":"https:\/\/www.eldiario.net\/portal\/wp-json\/wp\/v2\/media?parent=225728"}],"wp:term":[{"taxonomy":"category","embeddable":true,"href":"https:\/\/www.eldiario.net\/portal\/wp-json\/wp\/v2\/categories?post=225728"},{"taxonomy":"post_tag","embeddable":true,"href":"https:\/\/www.eldiario.net\/portal\/wp-json\/wp\/v2\/tags?post=225728"}],"curies":[{"name":"wp","href":"https:\/\/api.w.org\/{rel}","templated":true}]}}