{"id":225726,"date":"2024-06-08T06:59:25","date_gmt":"2024-06-08T10:59:25","guid":{"rendered":"https:\/\/www.eldiario.net\/portal\/?p=225726"},"modified":"2024-06-08T06:59:25","modified_gmt":"2024-06-08T10:59:25","slug":"la-plebe-privilegiada-y-la-etica-del-trabajo","status":"publish","type":"post","link":"https:\/\/www.eldiario.net\/portal\/2024\/06\/08\/la-plebe-privilegiada-y-la-etica-del-trabajo\/","title":{"rendered":"La plebe privilegiada y la \u00e9tica del trabajo"},"content":{"rendered":"<p>El presidente Luis Arce Catacora y el vicepresidente David Choquehuanca junto a su equipo de colaboradores del (No) Estado Plurinacional de Bolivia socaban d\u00eda a d\u00eda las posibilidades de trabajo honrado en el pa\u00eds. Mientras una nueva plebe en acci\u00f3n intenta parecer burguesa, pero sin invertir ni laburar. Se enriquece con el dinero p\u00fablico.<br \/>\nExiste una empresa creada despu\u00e9s de la Guerra del Chaco, el 21 de diciembre de 1936, durante el gobierno del socialismo militar para explorar, explotar, refinar e industrializar y distribuir y comerciar el petr\u00f3leo, el gas natural y los productos derivados. Yacimientos Petrol\u00edferos Fiscales Bolivianos (YPFB) tuvo en sus inicios a profesionales de alt\u00edsimo perfil, encabezados por Dionicio Foianini. La propia empresa becaba a los mejores alumnos para que estudiaran en el exterior y aportar\u00e1n a Bolivia, a su retorno.<br \/>\nYPFB pas\u00f3 por crisis y por etapas de gloria, sobre todo cuando exportaba gas a pa\u00edses vecinos. Ocupaba en el imaginario nacional la idea de la naci\u00f3n, de la patria; la herencia de los benem\u00e9ritos. Sin embargo, por la propia riqueza que generaba fue presa de la corrupci\u00f3n en las dictaduras militares y en etapas democr\u00e1ticas.<br \/>\nCasi un siglo despu\u00e9s, YPFB es la imagen de una plebe que ha encontrado en el ejercicio sindical la mejor forma de enriquecerse. No se conoce qu\u00e9 acciones ha tomado el gobierno frente a las denuncias de hace meses sobre la existencia de 146 (no) trabajadores que ganan salarios y todos los beneficios (inclusive el nefasto doble aguinaldo) sin ir a trabajar.<br \/>\nAlrededor del finado Rolando Borda &#8211;por a\u00f1os m\u00e1ximo ejecutivo de la Central Obrera Departamental (COD) de Santa Cruz&#8211; se form\u00f3 lo que Cu\u00e9llar denomin\u00f3 como \u00abmafia sindical\u00bb. Borda ganaba m\u00e1s que un rector, un m\u00e9dico especializado, o 15 reporteros. Se llev\u00f3 durante dos d\u00e9cadas un promedio de 4 mil d\u00f3lares mensuales sin marcar tarjeta ni mover una manguera. Su afinidad con el Movimiento al Socialismo (MAS) le habr\u00eda permitido asegurar tambi\u00e9n pegas para sus familiares.<br \/>\nDenuncia hecha, denuncia enterrada. Apenas unas breves explicaciones. \u00bfSe animar\u00e1 Arce a romper ese esquema que desangra a la empresa? El MAS nos deja tremendo edificio de vidrios azules para YPFB, mientras falta gasolina en todo el pa\u00eds y el gas se hizo gas.<br \/>\nEn la planta de urea, otro elefante azul, existen extranjeros que ganan entre 103 mil y 250 mil bolivianos. El gobierno intent\u00f3 justificar ese derroche calificando a los venezolanos de \u00abt\u00e9cnicos especializados\u00bb. Un documento oficial de YPFB Refinaci\u00f3n acept\u00f3 que un funcionario hind\u00fa ganaba 10 mil d\u00f3lares que le pagaba Samsung y luego pas\u00f3 a percibir 70 mil d\u00f3lares que le cancela el (No) Estado. Ah\u00ed trabajan 75 venezolanos con sueldos de 10 mil d\u00f3lares al mes. Una fuente revel\u00f3 hace dos a\u00f1os que ellos no eran especializados. A los bolivianos capacitados se les entreg\u00f3 su carta de retiro.<br \/>\nNadie ha contabilizado cu\u00e1ntos d\u00f3lares se fueron desde Cochabamba para Caracas, qu\u00e9 inter\u00e9s existe para que sea una ruta de BoA, c\u00f3mo se entrega esos verdes a los \u00abexpertos\u00bb. El MAS intent\u00f3 mostrar esa planta en pleno Chapare como el emblema de su modelo de desarrollo soberano y comunitario.<br \/>\n\u00bfEs culpa de la Jeanine? \u00bfEs responsabilidad de los que quieren golpe blando? \u00bfSon s\u00f3lo rumores? Tampoco se conoce una acci\u00f3n oficial para frenar ese agujero negro.<br \/>\nAl margen, hay que apuntar que existe una creciente presencia hind\u00fa en negocios con empresas p\u00fablicas, especialmente en salud. Alg\u00fan parlamentario podr\u00eda ir a ver por qu\u00e9 se construye el elefante azul laboratorio en vez de fortalecer la prestigiosa industria farmac\u00e9utica nacional.<br \/>\nLa otra empresa estatal que fue s\u00edmbolo del nacionalismo revolucionario y est\u00e1 en ruinas es la Corporaci\u00f3n Minera de Bolivia (Comibol) fundada en 1952, despu\u00e9s de la Revoluci\u00f3n de Abril. Los defectos de esa instituci\u00f3n son cada vez m\u00e1s acentuados, a lo que se suma el gasto en salarios de 24 millones de bolivianos anuales.<br \/>\nUn informe, por solicitud de parlamentarios de Creemos. mostr\u00f3 que 113 altos dirigentes de empresas mineras estatales ganan salarios, incluyendo los aumentos, sin salir a trabajar. \u00a1C\u00f3mo puede ser que en Huanuni existan 69 dirigentes dedicados a la \u00abfunci\u00f3n sindical\u00bb! La otrora principal empresa solvente de Comibol est\u00e1 en decadencia. Los luctuosos hechos en el inicio del r\u00e9gimen del MAS anunciaban la incapacidad de ese gobierno de manejar adecuadamente las riquezas del pueblo boliviano.<br \/>\nLa declaratoria de los dirigentes sindicales en comisi\u00f3n, con goce pleno de sus sueldos y beneficios, fue considerada en su momento como una victoria del movimiento obrero. Sin embargo, pronto se mostr\u00f3 que era una trampa peligrosa. Walter Delgadillo, cuando era pulcro dirigente fabril, renunci\u00f3 a ese privilegio, por citar un ejemplo.<br \/>\nEntre los periodistas tenemos tristes experiencias con gente afiliada a partidos izquierdistas y desde los 90 al MAS, que descalabraron la Federaci\u00f3n de la Prensa. Pese a la crisis econ\u00f3mica en los peri\u00f3dicos, las gerencias ten\u00edan que pagarles su salario completo y pagar otro m\u00e1s a su reemplazante.<br \/>\nLa plebe que se enriquece sin trabajar es socialista en el discurso, pero sue\u00f1a y ama los encantos de la burgues\u00eda. Anhela una selfi en el Santiago Bernab\u00e9u cuando juegan esos equipos de los aborrecidos pa\u00edses capitalistas la Champions Leage 2024.<br \/>\nLejos del proletariado ilustrado, sus preferencias est\u00e1n en los objetos de lujo, as\u00ed sean autos chutos regalados por alguna autoridad. Es la base dura del MAS.<\/p>\n","protected":false},"excerpt":{"rendered":"<p>El presidente Luis Arce Catacora y el vicepresidente David Choquehuanca junto a su equipo de colaboradores del (No) Estado Plurinacional de Bolivia socaban d\u00eda a d\u00eda las posibilidades de trabajo honrado en el pa\u00eds. Mientras una nueva plebe en acci\u00f3n intenta parecer burguesa, pero sin invertir ni laburar. Se enriquece con el dinero p\u00fablico. Existe [&hellip;]<\/p>\n","protected":false},"author":1,"featured_media":157862,"comment_status":"open","ping_status":"open","sticky":false,"template":"","format":"standard","meta":{"_acf_changed":false,"footnotes":""},"categories":[9],"tags":[],"class_list":["post-225726","post","type-post","status-publish","format-standard","has-post-thumbnail","category-opinion"],"acf":{"antetitulo":"Desde la tierra"},"yoast_head":"<!-- This site is optimized with the Yoast SEO plugin v28.4 - https:\/\/yoast.com\/product\/yoast-seo-wordpress\/ -->\n<title>La plebe privilegiada y la \u00e9tica del trabajo - El Diario - Bolivia<\/title>\n<meta name=\"robots\" content=\"index, follow, max-snippet:-1, max-image-preview:large, max-video-preview:-1\" \/>\n<link rel=\"canonical\" href=\"https:\/\/www.eldiario.net\/portal\/2024\/06\/08\/la-plebe-privilegiada-y-la-etica-del-trabajo\/\" \/>\n<meta property=\"og:locale\" content=\"es_ES\" \/>\n<meta property=\"og:type\" content=\"article\" \/>\n<meta property=\"og:title\" content=\"La plebe privilegiada y la \u00e9tica del trabajo - El Diario - Bolivia\" \/>\n<meta property=\"og:description\" content=\"El presidente Luis Arce Catacora y el vicepresidente David Choquehuanca junto a su equipo de colaboradores del (No) Estado Plurinacional de Bolivia socaban d\u00eda a d\u00eda las posibilidades de trabajo honrado en el pa\u00eds. Mientras una nueva plebe en acci\u00f3n intenta parecer burguesa, pero sin invertir ni laburar. Se enriquece con el dinero p\u00fablico. Existe [&hellip;]\" \/>\n<meta property=\"og:url\" content=\"https:\/\/www.eldiario.net\/portal\/2024\/06\/08\/la-plebe-privilegiada-y-la-etica-del-trabajo\/\" \/>\n<meta property=\"og:site_name\" content=\"El Diario - Bolivia\" \/>\n<meta property=\"article:publisher\" content=\"https:\/\/www.facebook.com\/eldiario.bolivia\/\" \/>\n<meta property=\"article:published_time\" content=\"2024-06-08T10:59:25+00:00\" \/>\n<meta property=\"og:image\" content=\"https:\/\/www.eldiario.net\/portal\/wp-content\/uploads\/2023\/06\/Lupe-Cajias.jpg\" \/>\n\t<meta property=\"og:image:width\" content=\"1200\" \/>\n\t<meta property=\"og:image:height\" content=\"628\" \/>\n\t<meta property=\"og:image:type\" content=\"image\/jpeg\" \/>\n<meta name=\"author\" content=\"Jeanette\" \/>\n<meta name=\"twitter:card\" content=\"summary_large_image\" \/>\n<meta name=\"twitter:creator\" content=\"@eldiario_net\" \/>\n<meta name=\"twitter:site\" content=\"@eldiario_net\" \/>\n<meta name=\"twitter:label1\" content=\"Escrito por\" \/>\n\t<meta name=\"twitter:data1\" content=\"Jeanette\" \/>\n\t<meta name=\"twitter:label2\" content=\"Tiempo de lectura\" \/>\n\t<meta name=\"twitter:data2\" content=\"5 minutos\" \/>\n<script type=\"application\/ld+json\" class=\"yoast-schema-graph\">{\"@context\":\"https:\\\/\\\/schema.org\",\"@graph\":[{\"@type\":\"Article\",\"@id\":\"https:\\\/\\\/www.eldiario.net\\\/portal\\\/2024\\\/06\\\/08\\\/la-plebe-privilegiada-y-la-etica-del-trabajo\\\/#article\",\"isPartOf\":{\"@id\":\"https:\\\/\\\/www.eldiario.net\\\/portal\\\/2024\\\/06\\\/08\\\/la-plebe-privilegiada-y-la-etica-del-trabajo\\\/\"},\"author\":{\"name\":\"Jeanette\",\"@id\":\"https:\\\/\\\/www.eldiario.net\\\/portal\\\/#\\\/schema\\\/person\\\/f46445640444750d7d753ccd04ae01b7\"},\"headline\":\"La plebe privilegiada y la \u00e9tica del trabajo\",\"datePublished\":\"2024-06-08T10:59:25+00:00\",\"mainEntityOfPage\":{\"@id\":\"https:\\\/\\\/www.eldiario.net\\\/portal\\\/2024\\\/06\\\/08\\\/la-plebe-privilegiada-y-la-etica-del-trabajo\\\/\"},\"wordCount\":937,\"commentCount\":0,\"publisher\":{\"@id\":\"https:\\\/\\\/www.eldiario.net\\\/portal\\\/#organization\"},\"image\":{\"@id\":\"https:\\\/\\\/www.eldiario.net\\\/portal\\\/2024\\\/06\\\/08\\\/la-plebe-privilegiada-y-la-etica-del-trabajo\\\/#primaryimage\"},\"thumbnailUrl\":\"https:\\\/\\\/www.eldiario.net\\\/portal\\\/wp-content\\\/uploads\\\/2023\\\/06\\\/Lupe-Cajias.jpg\",\"articleSection\":[\"Opini\u00f3n\"],\"inLanguage\":\"es\",\"potentialAction\":[{\"@type\":\"CommentAction\",\"name\":\"Comment\",\"target\":[\"https:\\\/\\\/www.eldiario.net\\\/portal\\\/2024\\\/06\\\/08\\\/la-plebe-privilegiada-y-la-etica-del-trabajo\\\/#respond\"]}]},{\"@type\":\"WebPage\",\"@id\":\"https:\\\/\\\/www.eldiario.net\\\/portal\\\/2024\\\/06\\\/08\\\/la-plebe-privilegiada-y-la-etica-del-trabajo\\\/\",\"url\":\"https:\\\/\\\/www.eldiario.net\\\/portal\\\/2024\\\/06\\\/08\\\/la-plebe-privilegiada-y-la-etica-del-trabajo\\\/\",\"name\":\"La plebe privilegiada y la \u00e9tica del trabajo - El Diario - Bolivia\",\"isPartOf\":{\"@id\":\"https:\\\/\\\/www.eldiario.net\\\/portal\\\/#website\"},\"primaryImageOfPage\":{\"@id\":\"https:\\\/\\\/www.eldiario.net\\\/portal\\\/2024\\\/06\\\/08\\\/la-plebe-privilegiada-y-la-etica-del-trabajo\\\/#primaryimage\"},\"image\":{\"@id\":\"https:\\\/\\\/www.eldiario.net\\\/portal\\\/2024\\\/06\\\/08\\\/la-plebe-privilegiada-y-la-etica-del-trabajo\\\/#primaryimage\"},\"thumbnailUrl\":\"https:\\\/\\\/www.eldiario.net\\\/portal\\\/wp-content\\\/uploads\\\/2023\\\/06\\\/Lupe-Cajias.jpg\",\"datePublished\":\"2024-06-08T10:59:25+00:00\",\"breadcrumb\":{\"@id\":\"https:\\\/\\\/www.eldiario.net\\\/portal\\\/2024\\\/06\\\/08\\\/la-plebe-privilegiada-y-la-etica-del-trabajo\\\/#breadcrumb\"},\"inLanguage\":\"es\",\"potentialAction\":[{\"@type\":\"ReadAction\",\"target\":[\"https:\\\/\\\/www.eldiario.net\\\/portal\\\/2024\\\/06\\\/08\\\/la-plebe-privilegiada-y-la-etica-del-trabajo\\\/\"]}]},{\"@type\":\"ImageObject\",\"inLanguage\":\"es\",\"@id\":\"https:\\\/\\\/www.eldiario.net\\\/portal\\\/2024\\\/06\\\/08\\\/la-plebe-privilegiada-y-la-etica-del-trabajo\\\/#primaryimage\",\"url\":\"https:\\\/\\\/www.eldiario.net\\\/portal\\\/wp-content\\\/uploads\\\/2023\\\/06\\\/Lupe-Cajias.jpg\",\"contentUrl\":\"https:\\\/\\\/www.eldiario.net\\\/portal\\\/wp-content\\\/uploads\\\/2023\\\/06\\\/Lupe-Cajias.jpg\",\"width\":1200,\"height\":628,\"caption\":\"Lupe Caj\u00edas\"},{\"@type\":\"BreadcrumbList\",\"@id\":\"https:\\\/\\\/www.eldiario.net\\\/portal\\\/2024\\\/06\\\/08\\\/la-plebe-privilegiada-y-la-etica-del-trabajo\\\/#breadcrumb\",\"itemListElement\":[{\"@type\":\"ListItem\",\"position\":1,\"name\":\"Portada\",\"item\":\"https:\\\/\\\/www.eldiario.net\\\/portal\\\/\"},{\"@type\":\"ListItem\",\"position\":2,\"name\":\"La plebe privilegiada y la \u00e9tica del trabajo\"}]},{\"@type\":\"WebSite\",\"@id\":\"https:\\\/\\\/www.eldiario.net\\\/portal\\\/#website\",\"url\":\"https:\\\/\\\/www.eldiario.net\\\/portal\\\/\",\"name\":\"El Diario - Decano de la prensa nacional\",\"description\":\"El Diario - Decano de la prensa nacional\",\"publisher\":{\"@id\":\"https:\\\/\\\/www.eldiario.net\\\/portal\\\/#organization\"},\"potentialAction\":[{\"@type\":\"SearchAction\",\"target\":{\"@type\":\"EntryPoint\",\"urlTemplate\":\"https:\\\/\\\/www.eldiario.net\\\/portal\\\/?s={search_term_string}\"},\"query-input\":{\"@type\":\"PropertyValueSpecification\",\"valueRequired\":true,\"valueName\":\"search_term_string\"}}],\"inLanguage\":\"es\"},{\"@type\":\"Organization\",\"@id\":\"https:\\\/\\\/www.eldiario.net\\\/portal\\\/#organization\",\"name\":\"El Diario - Decano de la prensa nacional\",\"url\":\"https:\\\/\\\/www.eldiario.net\\\/portal\\\/\",\"logo\":{\"@type\":\"ImageObject\",\"inLanguage\":\"es\",\"@id\":\"https:\\\/\\\/www.eldiario.net\\\/portal\\\/#\\\/schema\\\/logo\\\/image\\\/\",\"url\":\"https:\\\/\\\/www.eldiario.net\\\/portal\\\/wp-content\\\/uploads\\\/2023\\\/07\\\/logo_ED.jpg\",\"contentUrl\":\"https:\\\/\\\/www.eldiario.net\\\/portal\\\/wp-content\\\/uploads\\\/2023\\\/07\\\/logo_ED.jpg\",\"width\":272,\"height\":52,\"caption\":\"El Diario - Decano de la prensa nacional\"},\"image\":{\"@id\":\"https:\\\/\\\/www.eldiario.net\\\/portal\\\/#\\\/schema\\\/logo\\\/image\\\/\"},\"sameAs\":[\"https:\\\/\\\/www.facebook.com\\\/eldiario.bolivia\\\/\",\"https:\\\/\\\/x.com\\\/eldiario_net\"]},{\"@type\":\"Person\",\"@id\":\"https:\\\/\\\/www.eldiario.net\\\/portal\\\/#\\\/schema\\\/person\\\/f46445640444750d7d753ccd04ae01b7\",\"name\":\"Jeanette\",\"image\":{\"@type\":\"ImageObject\",\"inLanguage\":\"es\",\"@id\":\"https:\\\/\\\/secure.gravatar.com\\\/avatar\\\/3ea2118a5f7dad2b7138b1187a6b7ee55f160b9968b66013c3a3ef39dd7e5798?s=96&d=mm&r=g\",\"url\":\"https:\\\/\\\/secure.gravatar.com\\\/avatar\\\/3ea2118a5f7dad2b7138b1187a6b7ee55f160b9968b66013c3a3ef39dd7e5798?s=96&d=mm&r=g\",\"contentUrl\":\"https:\\\/\\\/secure.gravatar.com\\\/avatar\\\/3ea2118a5f7dad2b7138b1187a6b7ee55f160b9968b66013c3a3ef39dd7e5798?s=96&d=mm&r=g\",\"caption\":\"Jeanette\"},\"sameAs\":[\"https:\\\/\\\/www.eldiario.net\\\/portal\"],\"url\":\"https:\\\/\\\/www.eldiario.net\\\/portal\\\/author\\\/jeanette\\\/\"}]}<\/script>\n<!-- \/ Yoast SEO plugin. -->","yoast_head_json":{"title":"La plebe privilegiada y la \u00e9tica del trabajo - El Diario - Bolivia","robots":{"index":"index","follow":"follow","max-snippet":"max-snippet:-1","max-image-preview":"max-image-preview:large","max-video-preview":"max-video-preview:-1"},"canonical":"https:\/\/www.eldiario.net\/portal\/2024\/06\/08\/la-plebe-privilegiada-y-la-etica-del-trabajo\/","og_locale":"es_ES","og_type":"article","og_title":"La plebe privilegiada y la \u00e9tica del trabajo - El Diario - Bolivia","og_description":"El presidente Luis Arce Catacora y el vicepresidente David Choquehuanca junto a su equipo de colaboradores del (No) Estado Plurinacional de Bolivia socaban d\u00eda a d\u00eda las posibilidades de trabajo honrado en el pa\u00eds. Mientras una nueva plebe en acci\u00f3n intenta parecer burguesa, pero sin invertir ni laburar. Se enriquece con el dinero p\u00fablico. Existe [&hellip;]","og_url":"https:\/\/www.eldiario.net\/portal\/2024\/06\/08\/la-plebe-privilegiada-y-la-etica-del-trabajo\/","og_site_name":"El Diario - Bolivia","article_publisher":"https:\/\/www.facebook.com\/eldiario.bolivia\/","article_published_time":"2024-06-08T10:59:25+00:00","og_image":[{"width":1200,"height":628,"url":"https:\/\/www.eldiario.net\/portal\/wp-content\/uploads\/2023\/06\/Lupe-Cajias.jpg","type":"image\/jpeg"}],"author":"Jeanette","twitter_card":"summary_large_image","twitter_creator":"@eldiario_net","twitter_site":"@eldiario_net","twitter_misc":{"Escrito por":"Jeanette","Tiempo de lectura":"5 minutos"},"schema":{"@context":"https:\/\/schema.org","@graph":[{"@type":"Article","@id":"https:\/\/www.eldiario.net\/portal\/2024\/06\/08\/la-plebe-privilegiada-y-la-etica-del-trabajo\/#article","isPartOf":{"@id":"https:\/\/www.eldiario.net\/portal\/2024\/06\/08\/la-plebe-privilegiada-y-la-etica-del-trabajo\/"},"author":{"name":"Jeanette","@id":"https:\/\/www.eldiario.net\/portal\/#\/schema\/person\/f46445640444750d7d753ccd04ae01b7"},"headline":"La plebe privilegiada y la \u00e9tica del trabajo","datePublished":"2024-06-08T10:59:25+00:00","mainEntityOfPage":{"@id":"https:\/\/www.eldiario.net\/portal\/2024\/06\/08\/la-plebe-privilegiada-y-la-etica-del-trabajo\/"},"wordCount":937,"commentCount":0,"publisher":{"@id":"https:\/\/www.eldiario.net\/portal\/#organization"},"image":{"@id":"https:\/\/www.eldiario.net\/portal\/2024\/06\/08\/la-plebe-privilegiada-y-la-etica-del-trabajo\/#primaryimage"},"thumbnailUrl":"https:\/\/www.eldiario.net\/portal\/wp-content\/uploads\/2023\/06\/Lupe-Cajias.jpg","articleSection":["Opini\u00f3n"],"inLanguage":"es","potentialAction":[{"@type":"CommentAction","name":"Comment","target":["https:\/\/www.eldiario.net\/portal\/2024\/06\/08\/la-plebe-privilegiada-y-la-etica-del-trabajo\/#respond"]}]},{"@type":"WebPage","@id":"https:\/\/www.eldiario.net\/portal\/2024\/06\/08\/la-plebe-privilegiada-y-la-etica-del-trabajo\/","url":"https:\/\/www.eldiario.net\/portal\/2024\/06\/08\/la-plebe-privilegiada-y-la-etica-del-trabajo\/","name":"La plebe privilegiada y la \u00e9tica del trabajo - El Diario - Bolivia","isPartOf":{"@id":"https:\/\/www.eldiario.net\/portal\/#website"},"primaryImageOfPage":{"@id":"https:\/\/www.eldiario.net\/portal\/2024\/06\/08\/la-plebe-privilegiada-y-la-etica-del-trabajo\/#primaryimage"},"image":{"@id":"https:\/\/www.eldiario.net\/portal\/2024\/06\/08\/la-plebe-privilegiada-y-la-etica-del-trabajo\/#primaryimage"},"thumbnailUrl":"https:\/\/www.eldiario.net\/portal\/wp-content\/uploads\/2023\/06\/Lupe-Cajias.jpg","datePublished":"2024-06-08T10:59:25+00:00","breadcrumb":{"@id":"https:\/\/www.eldiario.net\/portal\/2024\/06\/08\/la-plebe-privilegiada-y-la-etica-del-trabajo\/#breadcrumb"},"inLanguage":"es","potentialAction":[{"@type":"ReadAction","target":["https:\/\/www.eldiario.net\/portal\/2024\/06\/08\/la-plebe-privilegiada-y-la-etica-del-trabajo\/"]}]},{"@type":"ImageObject","inLanguage":"es","@id":"https:\/\/www.eldiario.net\/portal\/2024\/06\/08\/la-plebe-privilegiada-y-la-etica-del-trabajo\/#primaryimage","url":"https:\/\/www.eldiario.net\/portal\/wp-content\/uploads\/2023\/06\/Lupe-Cajias.jpg","contentUrl":"https:\/\/www.eldiario.net\/portal\/wp-content\/uploads\/2023\/06\/Lupe-Cajias.jpg","width":1200,"height":628,"caption":"Lupe Caj\u00edas"},{"@type":"BreadcrumbList","@id":"https:\/\/www.eldiario.net\/portal\/2024\/06\/08\/la-plebe-privilegiada-y-la-etica-del-trabajo\/#breadcrumb","itemListElement":[{"@type":"ListItem","position":1,"name":"Portada","item":"https:\/\/www.eldiario.net\/portal\/"},{"@type":"ListItem","position":2,"name":"La plebe privilegiada y la \u00e9tica del trabajo"}]},{"@type":"WebSite","@id":"https:\/\/www.eldiario.net\/portal\/#website","url":"https:\/\/www.eldiario.net\/portal\/","name":"El Diario - Decano de la prensa nacional","description":"El Diario - Decano de la prensa nacional","publisher":{"@id":"https:\/\/www.eldiario.net\/portal\/#organization"},"potentialAction":[{"@type":"SearchAction","target":{"@type":"EntryPoint","urlTemplate":"https:\/\/www.eldiario.net\/portal\/?s={search_term_string}"},"query-input":{"@type":"PropertyValueSpecification","valueRequired":true,"valueName":"search_term_string"}}],"inLanguage":"es"},{"@type":"Organization","@id":"https:\/\/www.eldiario.net\/portal\/#organization","name":"El Diario - Decano de la prensa nacional","url":"https:\/\/www.eldiario.net\/portal\/","logo":{"@type":"ImageObject","inLanguage":"es","@id":"https:\/\/www.eldiario.net\/portal\/#\/schema\/logo\/image\/","url":"https:\/\/www.eldiario.net\/portal\/wp-content\/uploads\/2023\/07\/logo_ED.jpg","contentUrl":"https:\/\/www.eldiario.net\/portal\/wp-content\/uploads\/2023\/07\/logo_ED.jpg","width":272,"height":52,"caption":"El Diario - Decano de la prensa nacional"},"image":{"@id":"https:\/\/www.eldiario.net\/portal\/#\/schema\/logo\/image\/"},"sameAs":["https:\/\/www.facebook.com\/eldiario.bolivia\/","https:\/\/x.com\/eldiario_net"]},{"@type":"Person","@id":"https:\/\/www.eldiario.net\/portal\/#\/schema\/person\/f46445640444750d7d753ccd04ae01b7","name":"Jeanette","image":{"@type":"ImageObject","inLanguage":"es","@id":"https:\/\/secure.gravatar.com\/avatar\/3ea2118a5f7dad2b7138b1187a6b7ee55f160b9968b66013c3a3ef39dd7e5798?s=96&d=mm&r=g","url":"https:\/\/secure.gravatar.com\/avatar\/3ea2118a5f7dad2b7138b1187a6b7ee55f160b9968b66013c3a3ef39dd7e5798?s=96&d=mm&r=g","contentUrl":"https:\/\/secure.gravatar.com\/avatar\/3ea2118a5f7dad2b7138b1187a6b7ee55f160b9968b66013c3a3ef39dd7e5798?s=96&d=mm&r=g","caption":"Jeanette"},"sameAs":["https:\/\/www.eldiario.net\/portal"],"url":"https:\/\/www.eldiario.net\/portal\/author\/jeanette\/"}]}},"_links":{"self":[{"href":"https:\/\/www.eldiario.net\/portal\/wp-json\/wp\/v2\/posts\/225726","targetHints":{"allow":["GET"]}}],"collection":[{"href":"https:\/\/www.eldiario.net\/portal\/wp-json\/wp\/v2\/posts"}],"about":[{"href":"https:\/\/www.eldiario.net\/portal\/wp-json\/wp\/v2\/types\/post"}],"author":[{"embeddable":true,"href":"https:\/\/www.eldiario.net\/portal\/wp-json\/wp\/v2\/users\/1"}],"replies":[{"embeddable":true,"href":"https:\/\/www.eldiario.net\/portal\/wp-json\/wp\/v2\/comments?post=225726"}],"version-history":[{"count":1,"href":"https:\/\/www.eldiario.net\/portal\/wp-json\/wp\/v2\/posts\/225726\/revisions"}],"predecessor-version":[{"id":225727,"href":"https:\/\/www.eldiario.net\/portal\/wp-json\/wp\/v2\/posts\/225726\/revisions\/225727"}],"wp:featuredmedia":[{"embeddable":true,"href":"https:\/\/www.eldiario.net\/portal\/wp-json\/wp\/v2\/media\/157862"}],"wp:attachment":[{"href":"https:\/\/www.eldiario.net\/portal\/wp-json\/wp\/v2\/media?parent=225726"}],"wp:term":[{"taxonomy":"category","embeddable":true,"href":"https:\/\/www.eldiario.net\/portal\/wp-json\/wp\/v2\/categories?post=225726"},{"taxonomy":"post_tag","embeddable":true,"href":"https:\/\/www.eldiario.net\/portal\/wp-json\/wp\/v2\/tags?post=225726"}],"curies":[{"name":"wp","href":"https:\/\/api.w.org\/{rel}","templated":true}]}}