{"id":225720,"date":"2024-06-08T06:58:10","date_gmt":"2024-06-08T10:58:10","guid":{"rendered":"https:\/\/www.eldiario.net\/portal\/?p=225720"},"modified":"2024-06-08T06:58:10","modified_gmt":"2024-06-08T10:58:10","slug":"gestora-cubre-iliquidez-del-gobierno-con-dinero-privado-de-aportantes","status":"publish","type":"post","link":"https:\/\/www.eldiario.net\/portal\/2024\/06\/08\/gestora-cubre-iliquidez-del-gobierno-con-dinero-privado-de-aportantes\/","title":{"rendered":"Gestora cubre iliquidez del Gobierno con dinero privado de aportantes"},"content":{"rendered":"<p>Tras la informaci\u00f3n de varios economistas en las redes sociales sobre las inversiones realizadas por la Gestora, el gerente general de la entidad p\u00fablica, Jaime Dur\u00e1n, inform\u00f3 que 450 millones de d\u00f3lares se invirtieron en bonos en d\u00f3lares del Banco Central de Bolivia (BCB) y en valores del Tesoro General de la Naci\u00f3n (TGN), a un plazo de 3 a\u00f1os. Las cr\u00edticas no se dejaron esperar, pues se cumple lo que se tem\u00eda que la instituci\u00f3n que tiene que velar por los aportes, se convirti\u00f3 en la caja chica del Gobierno para cubrir su iliquidez.<br \/>\nAdem\u00e1s, inform\u00f3 que tambi\u00e9n invirtieron en bonos del Tesoro de Estados Unidos, por un valor de 50 millones de d\u00f3lares a una tasa de inter\u00e9s de 4,6% a tres a\u00f1os plazo.<br \/>\nTanto el economista Gonzalo Ch\u00e1vez, as\u00ed como el presidente del Colegio Departamental de Economistas de Tarija, Fernando Romero, coincidieron, por separado, sobre la resoluci\u00f3n administrativa publicada por la Autoridad de Supervisi\u00f3n de Pensiones y Seguros (APS), que autoriza inversiones en el exterior en bonos soberanos, incluyendo la de Bolivia.<br \/>\nEl art\u00edculo 6 se\u00f1ala que (&#8230;) la Gestora P\u00fablica de la Seguridad Social de Largo Plazo podr\u00e1 realizar operaciones de venta de reporto de los valores representativos de deuda emitidos en el extranjero por el TGN del Estado Plurinacional de Bolivia para los siguientes casos de manera individual o combinada: Requerimientos temporales de liquidez, debidamente justificadas, entre otras.<br \/>\nTambi\u00e9n se\u00f1ala que para incrementar la rentabilidad de la cartera de inversiones, diversificar el portafolio de inversiones, mejorar la calidad crediticia de los instrumentos y otras que el regulador determine de manera expresa.<br \/>\nDur\u00e1n, en conferencia de prensa, dijo que cumple lo que determina la norma en beneficio de los aportantes, es decir, una diversificaci\u00f3n de monedas con criterio de inversi\u00f3n y resalt\u00f3 la importancia de hacerlo en d\u00f3lares americanos.<br \/>\nInversiones<br \/>\nLa administradora p\u00fablica hizo una operaci\u00f3n de inversi\u00f3n en los mercados financieros internacionales que le permiti\u00f3 obtener un monto de 250 millones de d\u00f3lares y los invirti\u00f3 en el mercado nacional, seg\u00fan la entidad estatal.<br \/>\nExplic\u00f3 que invirtieron 200 millones de d\u00f3lares en Bonos en d\u00f3lares del Banco Central de Bolivia (BCB) a 3 a\u00f1os plazo a una tasa de 6,5% y 50 millones en bonos del Tesoro de Estados Unidos a una tasa de 4,6%.<br \/>\nAdem\u00e1s, el TGN emiti\u00f3 valores con mantenimiento de valor y la Gestora invirti\u00f3 1.715 millones de bolivianos, que en d\u00f3lares alcanza a 250 millones, a una tasa de 12,8%, en el marco de lo que establece la Ley 065 de Pensiones.<br \/>\nEn conjunto, las inversiones alcanzan a 500 millones de d\u00f3lares con un rendimiento total en promedio anual de 7%. La cartera de los aportantes supera los 26.000 millones de d\u00f3lares.<br \/>\nObservaciones<br \/>\nPara el analista financiero Jaime Dunn, las operaciones de la Gestora s\u00f3lo muestran que la batalla por la liquidez se intensifica, Gobierno Privados por $us y Bs, escribi\u00f3 en su cuenta de @JaimeDunn_.<br \/>\nDetall\u00f3 que, \u201cel BCB inscribe en Bolsa emisi\u00f3n de Bs 1.600 millones de DPFs (\u00bfBCB emite DPFs?). Alguien compra Bonos BCB por $us 200 millones. Bolsa registra transacci\u00f3n extraburs\u00e1til de venta de $us 250 millones de Bonos del Tesoro a una megatasa del 12.8% anual a 3 a\u00f1os (\u00bfQui\u00e9n compra?). Est\u00e1 claro que el BCB necesita $us y el TGN Bs. Ambos capturan liquidez en desmedro del sector privado\u201d.<br \/>\n\u201cOperaciones raras&#8230; muchas preguntas&#8230;\u201d, se\u00f1ala Dunn.<br \/>\nMientras tanto, el economista Dante Pino escribi\u00f3 en X (Twitter) que el BCB anunci\u00f3 un incremento de $us 200 millones en la venta de bonos, que hasta dos d\u00edas atr\u00e1s, eran $us 58.7 millones. \u00bfDe d\u00f3nde salieron los 200 millones?, pregunta.<br \/>\n\u201cUrge que la Gestora aclare cu\u00e1l es su posici\u00f3n financiera al 6 de junio. Si como sospechamos esta operaci\u00f3n es el resultado del uso de los dineros de los jubilados y aportantes, entonces estamos ante el inicio del desastre que se avecina\u201d, apunt\u00f3 @dantenapuco.<br \/>\nPor su parte, el economista Gonzalo Ch\u00e1vez, en entrevista con medios de comunicaci\u00f3n, que transmiti\u00f3 por redes sociales, lament\u00f3 que haya muchas observaciones en el manejo de los aportes en la Gestora por militantes del Movimiento al Socialismo (MAS).<br \/>\nCuestion\u00f3 la falta de transparencia en las inversiones que se realizan en el BCB, Bono en d\u00f3lares y que la reguladora de pensiones autorice a la Gestora abrir posibilidades financieras en el exterior, como reporto y compra de deuda.<br \/>\nEspera que no se repita la historia con la suerte del gas y las reservas internacionales, que cayeron en los \u00faltimos a\u00f1os. Record\u00f3 que, el Gobierno dijo que se tiene muchos candados jur\u00eddicos para cuidar los aportes de los trabajadores, pero \u201chay ganz\u00faas gigantescas cuando necesitan recursos, hacen de todo\u201d.<br \/>\nCh\u00e1vez sostiene que habr\u00eda que ver si es un buen negocio para los aportantes y si cuenta con el respaldo jur\u00eddico.<br \/>\nObservaciones<br \/>\nPara Romero llama la atenci\u00f3n que ahora la Gestora pueda invertir en el extranjero y que los instrumentos financieros deben tener una calificaci\u00f3n A o superior, pero para hacerlo en valores del TGN no pide ninguna calificaci\u00f3n de riesgo pa\u00eds.<br \/>\n\u201cEs decir, se mide riesgo fuera del pa\u00eds, pero se conf\u00eda en la econom\u00eda nacional y m\u00e1s a\u00fan en la capacidad de repago del Gobierno nacional. Debemos estar muy solventes, o simplemente queremos seguir endeud\u00e1ndonos m\u00e1s internamente con menos restricciones\u201d, cuestion\u00f3.<br \/>\nEn otras palabras, se est\u00e1 buscando un mecanismo \u201clegal\u201d para que con recursos de la Gestora se adquieran activos financieros del TGN, que no es otra cosa que financiar el gasto p\u00fablico con recursos de los aportantes, agreg\u00f3.<br \/>\n\u201cEl BCB indic\u00f3 que la Gestora les compr\u00f3 200 millones de d\u00f3lares en bonos BCB, que chistoso. Utilizando el dinero privado para financiar el gasto p\u00fablico, cosa que tampoco es novedad, con raz\u00f3n subi\u00f3 en d\u00edas tanto la venta de estos bonos\u201d, manifest\u00f3.<br \/>\nLa Gestora se habr\u00eda convertido en la caja chica del Gobierno para cubrir su iliquidez, pero con dinero que pertenecen a los aportantes. \u201cSi, el problema, que todo es legal. Si, el principal socio del Gobierno es el mismo gobierno\u201d, apunt\u00f3.<\/p>\n","protected":false},"excerpt":{"rendered":"<p>Tras la informaci\u00f3n de varios economistas en las redes sociales sobre las inversiones realizadas por la Gestora, el gerente general de la entidad p\u00fablica, Jaime Dur\u00e1n, inform\u00f3 que 450 millones de d\u00f3lares se invirtieron en bonos en d\u00f3lares del Banco Central de Bolivia (BCB) y en valores del Tesoro General de la Naci\u00f3n (TGN), a [&hellip;]<\/p>\n","protected":false},"author":1,"featured_media":225721,"comment_status":"open","ping_status":"open","sticky":false,"template":"","format":"standard","meta":{"_acf_changed":false,"footnotes":""},"categories":[7],"tags":[],"class_list":["post-225720","post","type-post","status-publish","format-standard","has-post-thumbnail","category-economia"],"acf":{"antetitulo":""},"yoast_head":"<!-- This site is optimized with the Yoast SEO plugin v28.4 - https:\/\/yoast.com\/product\/yoast-seo-wordpress\/ -->\n<title>Gestora cubre iliquidez del Gobierno con dinero privado de aportantes - El Diario - Bolivia<\/title>\n<meta name=\"robots\" content=\"index, follow, max-snippet:-1, max-image-preview:large, max-video-preview:-1\" \/>\n<link rel=\"canonical\" href=\"https:\/\/www.eldiario.net\/portal\/2024\/06\/08\/gestora-cubre-iliquidez-del-gobierno-con-dinero-privado-de-aportantes\/\" \/>\n<meta property=\"og:locale\" content=\"es_ES\" \/>\n<meta property=\"og:type\" content=\"article\" \/>\n<meta property=\"og:title\" content=\"Gestora cubre iliquidez del Gobierno con dinero privado de aportantes - El Diario - Bolivia\" \/>\n<meta property=\"og:description\" content=\"Tras la informaci\u00f3n de varios economistas en las redes sociales sobre las inversiones realizadas por la Gestora, el gerente general de la entidad p\u00fablica, Jaime Dur\u00e1n, inform\u00f3 que 450 millones de d\u00f3lares se invirtieron en bonos en d\u00f3lares del Banco Central de Bolivia (BCB) y en valores del Tesoro General de la Naci\u00f3n (TGN), a [&hellip;]\" \/>\n<meta property=\"og:url\" content=\"https:\/\/www.eldiario.net\/portal\/2024\/06\/08\/gestora-cubre-iliquidez-del-gobierno-con-dinero-privado-de-aportantes\/\" \/>\n<meta property=\"og:site_name\" content=\"El Diario - Bolivia\" \/>\n<meta property=\"article:publisher\" content=\"https:\/\/www.facebook.com\/eldiario.bolivia\/\" \/>\n<meta property=\"article:published_time\" content=\"2024-06-08T10:58:10+00:00\" \/>\n<meta property=\"og:image\" content=\"https:\/\/www.eldiario.net\/portal\/wp-content\/uploads\/2024\/06\/gestora.jpg\" \/>\n\t<meta property=\"og:image:width\" content=\"1124\" \/>\n\t<meta property=\"og:image:height\" content=\"750\" \/>\n\t<meta property=\"og:image:type\" content=\"image\/jpeg\" \/>\n<meta name=\"author\" content=\"Jeanette\" \/>\n<meta name=\"twitter:card\" content=\"summary_large_image\" \/>\n<meta name=\"twitter:creator\" content=\"@eldiario_net\" \/>\n<meta name=\"twitter:site\" content=\"@eldiario_net\" \/>\n<meta name=\"twitter:label1\" content=\"Escrito por\" \/>\n\t<meta name=\"twitter:data1\" content=\"Jeanette\" \/>\n\t<meta name=\"twitter:label2\" content=\"Tiempo de lectura\" \/>\n\t<meta name=\"twitter:data2\" content=\"5 minutos\" \/>\n<script type=\"application\/ld+json\" class=\"yoast-schema-graph\">{\"@context\":\"https:\\\/\\\/schema.org\",\"@graph\":[{\"@type\":\"Article\",\"@id\":\"https:\\\/\\\/www.eldiario.net\\\/portal\\\/2024\\\/06\\\/08\\\/gestora-cubre-iliquidez-del-gobierno-con-dinero-privado-de-aportantes\\\/#article\",\"isPartOf\":{\"@id\":\"https:\\\/\\\/www.eldiario.net\\\/portal\\\/2024\\\/06\\\/08\\\/gestora-cubre-iliquidez-del-gobierno-con-dinero-privado-de-aportantes\\\/\"},\"author\":{\"name\":\"Jeanette\",\"@id\":\"https:\\\/\\\/www.eldiario.net\\\/portal\\\/#\\\/schema\\\/person\\\/f46445640444750d7d753ccd04ae01b7\"},\"headline\":\"Gestora cubre iliquidez del Gobierno con dinero privado de aportantes\",\"datePublished\":\"2024-06-08T10:58:10+00:00\",\"mainEntityOfPage\":{\"@id\":\"https:\\\/\\\/www.eldiario.net\\\/portal\\\/2024\\\/06\\\/08\\\/gestora-cubre-iliquidez-del-gobierno-con-dinero-privado-de-aportantes\\\/\"},\"wordCount\":1057,\"commentCount\":0,\"publisher\":{\"@id\":\"https:\\\/\\\/www.eldiario.net\\\/portal\\\/#organization\"},\"image\":{\"@id\":\"https:\\\/\\\/www.eldiario.net\\\/portal\\\/2024\\\/06\\\/08\\\/gestora-cubre-iliquidez-del-gobierno-con-dinero-privado-de-aportantes\\\/#primaryimage\"},\"thumbnailUrl\":\"https:\\\/\\\/www.eldiario.net\\\/portal\\\/wp-content\\\/uploads\\\/2024\\\/06\\\/gestora.jpg\",\"articleSection\":[\"Econom\u00eda\"],\"inLanguage\":\"es\",\"potentialAction\":[{\"@type\":\"CommentAction\",\"name\":\"Comment\",\"target\":[\"https:\\\/\\\/www.eldiario.net\\\/portal\\\/2024\\\/06\\\/08\\\/gestora-cubre-iliquidez-del-gobierno-con-dinero-privado-de-aportantes\\\/#respond\"]}]},{\"@type\":\"WebPage\",\"@id\":\"https:\\\/\\\/www.eldiario.net\\\/portal\\\/2024\\\/06\\\/08\\\/gestora-cubre-iliquidez-del-gobierno-con-dinero-privado-de-aportantes\\\/\",\"url\":\"https:\\\/\\\/www.eldiario.net\\\/portal\\\/2024\\\/06\\\/08\\\/gestora-cubre-iliquidez-del-gobierno-con-dinero-privado-de-aportantes\\\/\",\"name\":\"Gestora cubre iliquidez del Gobierno con dinero privado de aportantes - El Diario - Bolivia\",\"isPartOf\":{\"@id\":\"https:\\\/\\\/www.eldiario.net\\\/portal\\\/#website\"},\"primaryImageOfPage\":{\"@id\":\"https:\\\/\\\/www.eldiario.net\\\/portal\\\/2024\\\/06\\\/08\\\/gestora-cubre-iliquidez-del-gobierno-con-dinero-privado-de-aportantes\\\/#primaryimage\"},\"image\":{\"@id\":\"https:\\\/\\\/www.eldiario.net\\\/portal\\\/2024\\\/06\\\/08\\\/gestora-cubre-iliquidez-del-gobierno-con-dinero-privado-de-aportantes\\\/#primaryimage\"},\"thumbnailUrl\":\"https:\\\/\\\/www.eldiario.net\\\/portal\\\/wp-content\\\/uploads\\\/2024\\\/06\\\/gestora.jpg\",\"datePublished\":\"2024-06-08T10:58:10+00:00\",\"breadcrumb\":{\"@id\":\"https:\\\/\\\/www.eldiario.net\\\/portal\\\/2024\\\/06\\\/08\\\/gestora-cubre-iliquidez-del-gobierno-con-dinero-privado-de-aportantes\\\/#breadcrumb\"},\"inLanguage\":\"es\",\"potentialAction\":[{\"@type\":\"ReadAction\",\"target\":[\"https:\\\/\\\/www.eldiario.net\\\/portal\\\/2024\\\/06\\\/08\\\/gestora-cubre-iliquidez-del-gobierno-con-dinero-privado-de-aportantes\\\/\"]}]},{\"@type\":\"ImageObject\",\"inLanguage\":\"es\",\"@id\":\"https:\\\/\\\/www.eldiario.net\\\/portal\\\/2024\\\/06\\\/08\\\/gestora-cubre-iliquidez-del-gobierno-con-dinero-privado-de-aportantes\\\/#primaryimage\",\"url\":\"https:\\\/\\\/www.eldiario.net\\\/portal\\\/wp-content\\\/uploads\\\/2024\\\/06\\\/gestora.jpg\",\"contentUrl\":\"https:\\\/\\\/www.eldiario.net\\\/portal\\\/wp-content\\\/uploads\\\/2024\\\/06\\\/gestora.jpg\",\"width\":1124,\"height\":750,\"caption\":\"gerente general de la Gestora, Jaime Dur\u00e1n.\"},{\"@type\":\"BreadcrumbList\",\"@id\":\"https:\\\/\\\/www.eldiario.net\\\/portal\\\/2024\\\/06\\\/08\\\/gestora-cubre-iliquidez-del-gobierno-con-dinero-privado-de-aportantes\\\/#breadcrumb\",\"itemListElement\":[{\"@type\":\"ListItem\",\"position\":1,\"name\":\"Portada\",\"item\":\"https:\\\/\\\/www.eldiario.net\\\/portal\\\/\"},{\"@type\":\"ListItem\",\"position\":2,\"name\":\"Gestora cubre iliquidez del Gobierno con dinero privado de aportantes\"}]},{\"@type\":\"WebSite\",\"@id\":\"https:\\\/\\\/www.eldiario.net\\\/portal\\\/#website\",\"url\":\"https:\\\/\\\/www.eldiario.net\\\/portal\\\/\",\"name\":\"El Diario - Decano de la prensa nacional\",\"description\":\"El Diario - Decano de la prensa nacional\",\"publisher\":{\"@id\":\"https:\\\/\\\/www.eldiario.net\\\/portal\\\/#organization\"},\"potentialAction\":[{\"@type\":\"SearchAction\",\"target\":{\"@type\":\"EntryPoint\",\"urlTemplate\":\"https:\\\/\\\/www.eldiario.net\\\/portal\\\/?s={search_term_string}\"},\"query-input\":{\"@type\":\"PropertyValueSpecification\",\"valueRequired\":true,\"valueName\":\"search_term_string\"}}],\"inLanguage\":\"es\"},{\"@type\":\"Organization\",\"@id\":\"https:\\\/\\\/www.eldiario.net\\\/portal\\\/#organization\",\"name\":\"El Diario - Decano de la prensa nacional\",\"url\":\"https:\\\/\\\/www.eldiario.net\\\/portal\\\/\",\"logo\":{\"@type\":\"ImageObject\",\"inLanguage\":\"es\",\"@id\":\"https:\\\/\\\/www.eldiario.net\\\/portal\\\/#\\\/schema\\\/logo\\\/image\\\/\",\"url\":\"https:\\\/\\\/www.eldiario.net\\\/portal\\\/wp-content\\\/uploads\\\/2023\\\/07\\\/logo_ED.jpg\",\"contentUrl\":\"https:\\\/\\\/www.eldiario.net\\\/portal\\\/wp-content\\\/uploads\\\/2023\\\/07\\\/logo_ED.jpg\",\"width\":272,\"height\":52,\"caption\":\"El Diario - Decano de la prensa nacional\"},\"image\":{\"@id\":\"https:\\\/\\\/www.eldiario.net\\\/portal\\\/#\\\/schema\\\/logo\\\/image\\\/\"},\"sameAs\":[\"https:\\\/\\\/www.facebook.com\\\/eldiario.bolivia\\\/\",\"https:\\\/\\\/x.com\\\/eldiario_net\"]},{\"@type\":\"Person\",\"@id\":\"https:\\\/\\\/www.eldiario.net\\\/portal\\\/#\\\/schema\\\/person\\\/f46445640444750d7d753ccd04ae01b7\",\"name\":\"Jeanette\",\"image\":{\"@type\":\"ImageObject\",\"inLanguage\":\"es\",\"@id\":\"https:\\\/\\\/secure.gravatar.com\\\/avatar\\\/3ea2118a5f7dad2b7138b1187a6b7ee55f160b9968b66013c3a3ef39dd7e5798?s=96&d=mm&r=g\",\"url\":\"https:\\\/\\\/secure.gravatar.com\\\/avatar\\\/3ea2118a5f7dad2b7138b1187a6b7ee55f160b9968b66013c3a3ef39dd7e5798?s=96&d=mm&r=g\",\"contentUrl\":\"https:\\\/\\\/secure.gravatar.com\\\/avatar\\\/3ea2118a5f7dad2b7138b1187a6b7ee55f160b9968b66013c3a3ef39dd7e5798?s=96&d=mm&r=g\",\"caption\":\"Jeanette\"},\"sameAs\":[\"https:\\\/\\\/www.eldiario.net\\\/portal\"],\"url\":\"https:\\\/\\\/www.eldiario.net\\\/portal\\\/author\\\/jeanette\\\/\"}]}<\/script>\n<!-- \/ Yoast SEO plugin. -->","yoast_head_json":{"title":"Gestora cubre iliquidez del Gobierno con dinero privado de aportantes - El Diario - Bolivia","robots":{"index":"index","follow":"follow","max-snippet":"max-snippet:-1","max-image-preview":"max-image-preview:large","max-video-preview":"max-video-preview:-1"},"canonical":"https:\/\/www.eldiario.net\/portal\/2024\/06\/08\/gestora-cubre-iliquidez-del-gobierno-con-dinero-privado-de-aportantes\/","og_locale":"es_ES","og_type":"article","og_title":"Gestora cubre iliquidez del Gobierno con dinero privado de aportantes - El Diario - Bolivia","og_description":"Tras la informaci\u00f3n de varios economistas en las redes sociales sobre las inversiones realizadas por la Gestora, el gerente general de la entidad p\u00fablica, Jaime Dur\u00e1n, inform\u00f3 que 450 millones de d\u00f3lares se invirtieron en bonos en d\u00f3lares del Banco Central de Bolivia (BCB) y en valores del Tesoro General de la Naci\u00f3n (TGN), a [&hellip;]","og_url":"https:\/\/www.eldiario.net\/portal\/2024\/06\/08\/gestora-cubre-iliquidez-del-gobierno-con-dinero-privado-de-aportantes\/","og_site_name":"El Diario - Bolivia","article_publisher":"https:\/\/www.facebook.com\/eldiario.bolivia\/","article_published_time":"2024-06-08T10:58:10+00:00","og_image":[{"width":1124,"height":750,"url":"https:\/\/www.eldiario.net\/portal\/wp-content\/uploads\/2024\/06\/gestora.jpg","type":"image\/jpeg"}],"author":"Jeanette","twitter_card":"summary_large_image","twitter_creator":"@eldiario_net","twitter_site":"@eldiario_net","twitter_misc":{"Escrito por":"Jeanette","Tiempo de lectura":"5 minutos"},"schema":{"@context":"https:\/\/schema.org","@graph":[{"@type":"Article","@id":"https:\/\/www.eldiario.net\/portal\/2024\/06\/08\/gestora-cubre-iliquidez-del-gobierno-con-dinero-privado-de-aportantes\/#article","isPartOf":{"@id":"https:\/\/www.eldiario.net\/portal\/2024\/06\/08\/gestora-cubre-iliquidez-del-gobierno-con-dinero-privado-de-aportantes\/"},"author":{"name":"Jeanette","@id":"https:\/\/www.eldiario.net\/portal\/#\/schema\/person\/f46445640444750d7d753ccd04ae01b7"},"headline":"Gestora cubre iliquidez del Gobierno con dinero privado de aportantes","datePublished":"2024-06-08T10:58:10+00:00","mainEntityOfPage":{"@id":"https:\/\/www.eldiario.net\/portal\/2024\/06\/08\/gestora-cubre-iliquidez-del-gobierno-con-dinero-privado-de-aportantes\/"},"wordCount":1057,"commentCount":0,"publisher":{"@id":"https:\/\/www.eldiario.net\/portal\/#organization"},"image":{"@id":"https:\/\/www.eldiario.net\/portal\/2024\/06\/08\/gestora-cubre-iliquidez-del-gobierno-con-dinero-privado-de-aportantes\/#primaryimage"},"thumbnailUrl":"https:\/\/www.eldiario.net\/portal\/wp-content\/uploads\/2024\/06\/gestora.jpg","articleSection":["Econom\u00eda"],"inLanguage":"es","potentialAction":[{"@type":"CommentAction","name":"Comment","target":["https:\/\/www.eldiario.net\/portal\/2024\/06\/08\/gestora-cubre-iliquidez-del-gobierno-con-dinero-privado-de-aportantes\/#respond"]}]},{"@type":"WebPage","@id":"https:\/\/www.eldiario.net\/portal\/2024\/06\/08\/gestora-cubre-iliquidez-del-gobierno-con-dinero-privado-de-aportantes\/","url":"https:\/\/www.eldiario.net\/portal\/2024\/06\/08\/gestora-cubre-iliquidez-del-gobierno-con-dinero-privado-de-aportantes\/","name":"Gestora cubre iliquidez del Gobierno con dinero privado de aportantes - El Diario - Bolivia","isPartOf":{"@id":"https:\/\/www.eldiario.net\/portal\/#website"},"primaryImageOfPage":{"@id":"https:\/\/www.eldiario.net\/portal\/2024\/06\/08\/gestora-cubre-iliquidez-del-gobierno-con-dinero-privado-de-aportantes\/#primaryimage"},"image":{"@id":"https:\/\/www.eldiario.net\/portal\/2024\/06\/08\/gestora-cubre-iliquidez-del-gobierno-con-dinero-privado-de-aportantes\/#primaryimage"},"thumbnailUrl":"https:\/\/www.eldiario.net\/portal\/wp-content\/uploads\/2024\/06\/gestora.jpg","datePublished":"2024-06-08T10:58:10+00:00","breadcrumb":{"@id":"https:\/\/www.eldiario.net\/portal\/2024\/06\/08\/gestora-cubre-iliquidez-del-gobierno-con-dinero-privado-de-aportantes\/#breadcrumb"},"inLanguage":"es","potentialAction":[{"@type":"ReadAction","target":["https:\/\/www.eldiario.net\/portal\/2024\/06\/08\/gestora-cubre-iliquidez-del-gobierno-con-dinero-privado-de-aportantes\/"]}]},{"@type":"ImageObject","inLanguage":"es","@id":"https:\/\/www.eldiario.net\/portal\/2024\/06\/08\/gestora-cubre-iliquidez-del-gobierno-con-dinero-privado-de-aportantes\/#primaryimage","url":"https:\/\/www.eldiario.net\/portal\/wp-content\/uploads\/2024\/06\/gestora.jpg","contentUrl":"https:\/\/www.eldiario.net\/portal\/wp-content\/uploads\/2024\/06\/gestora.jpg","width":1124,"height":750,"caption":"gerente general de la Gestora, Jaime Dur\u00e1n."},{"@type":"BreadcrumbList","@id":"https:\/\/www.eldiario.net\/portal\/2024\/06\/08\/gestora-cubre-iliquidez-del-gobierno-con-dinero-privado-de-aportantes\/#breadcrumb","itemListElement":[{"@type":"ListItem","position":1,"name":"Portada","item":"https:\/\/www.eldiario.net\/portal\/"},{"@type":"ListItem","position":2,"name":"Gestora cubre iliquidez del Gobierno con dinero privado de aportantes"}]},{"@type":"WebSite","@id":"https:\/\/www.eldiario.net\/portal\/#website","url":"https:\/\/www.eldiario.net\/portal\/","name":"El Diario - Decano de la prensa nacional","description":"El Diario - Decano de la prensa nacional","publisher":{"@id":"https:\/\/www.eldiario.net\/portal\/#organization"},"potentialAction":[{"@type":"SearchAction","target":{"@type":"EntryPoint","urlTemplate":"https:\/\/www.eldiario.net\/portal\/?s={search_term_string}"},"query-input":{"@type":"PropertyValueSpecification","valueRequired":true,"valueName":"search_term_string"}}],"inLanguage":"es"},{"@type":"Organization","@id":"https:\/\/www.eldiario.net\/portal\/#organization","name":"El Diario - Decano de la prensa nacional","url":"https:\/\/www.eldiario.net\/portal\/","logo":{"@type":"ImageObject","inLanguage":"es","@id":"https:\/\/www.eldiario.net\/portal\/#\/schema\/logo\/image\/","url":"https:\/\/www.eldiario.net\/portal\/wp-content\/uploads\/2023\/07\/logo_ED.jpg","contentUrl":"https:\/\/www.eldiario.net\/portal\/wp-content\/uploads\/2023\/07\/logo_ED.jpg","width":272,"height":52,"caption":"El Diario - Decano de la prensa nacional"},"image":{"@id":"https:\/\/www.eldiario.net\/portal\/#\/schema\/logo\/image\/"},"sameAs":["https:\/\/www.facebook.com\/eldiario.bolivia\/","https:\/\/x.com\/eldiario_net"]},{"@type":"Person","@id":"https:\/\/www.eldiario.net\/portal\/#\/schema\/person\/f46445640444750d7d753ccd04ae01b7","name":"Jeanette","image":{"@type":"ImageObject","inLanguage":"es","@id":"https:\/\/secure.gravatar.com\/avatar\/3ea2118a5f7dad2b7138b1187a6b7ee55f160b9968b66013c3a3ef39dd7e5798?s=96&d=mm&r=g","url":"https:\/\/secure.gravatar.com\/avatar\/3ea2118a5f7dad2b7138b1187a6b7ee55f160b9968b66013c3a3ef39dd7e5798?s=96&d=mm&r=g","contentUrl":"https:\/\/secure.gravatar.com\/avatar\/3ea2118a5f7dad2b7138b1187a6b7ee55f160b9968b66013c3a3ef39dd7e5798?s=96&d=mm&r=g","caption":"Jeanette"},"sameAs":["https:\/\/www.eldiario.net\/portal"],"url":"https:\/\/www.eldiario.net\/portal\/author\/jeanette\/"}]}},"_links":{"self":[{"href":"https:\/\/www.eldiario.net\/portal\/wp-json\/wp\/v2\/posts\/225720","targetHints":{"allow":["GET"]}}],"collection":[{"href":"https:\/\/www.eldiario.net\/portal\/wp-json\/wp\/v2\/posts"}],"about":[{"href":"https:\/\/www.eldiario.net\/portal\/wp-json\/wp\/v2\/types\/post"}],"author":[{"embeddable":true,"href":"https:\/\/www.eldiario.net\/portal\/wp-json\/wp\/v2\/users\/1"}],"replies":[{"embeddable":true,"href":"https:\/\/www.eldiario.net\/portal\/wp-json\/wp\/v2\/comments?post=225720"}],"version-history":[{"count":1,"href":"https:\/\/www.eldiario.net\/portal\/wp-json\/wp\/v2\/posts\/225720\/revisions"}],"predecessor-version":[{"id":225722,"href":"https:\/\/www.eldiario.net\/portal\/wp-json\/wp\/v2\/posts\/225720\/revisions\/225722"}],"wp:featuredmedia":[{"embeddable":true,"href":"https:\/\/www.eldiario.net\/portal\/wp-json\/wp\/v2\/media\/225721"}],"wp:attachment":[{"href":"https:\/\/www.eldiario.net\/portal\/wp-json\/wp\/v2\/media?parent=225720"}],"wp:term":[{"taxonomy":"category","embeddable":true,"href":"https:\/\/www.eldiario.net\/portal\/wp-json\/wp\/v2\/categories?post=225720"},{"taxonomy":"post_tag","embeddable":true,"href":"https:\/\/www.eldiario.net\/portal\/wp-json\/wp\/v2\/tags?post=225720"}],"curies":[{"name":"wp","href":"https:\/\/api.w.org\/{rel}","templated":true}]}}