{"id":224939,"date":"2024-06-04T06:01:40","date_gmt":"2024-06-04T10:01:40","guid":{"rendered":"https:\/\/www.eldiario.net\/portal\/?p=224939"},"modified":"2024-06-04T06:01:40","modified_gmt":"2024-06-04T10:01:40","slug":"saldo-comercial-negativo-en-primer-trimestre-de-este-ano","status":"publish","type":"post","link":"https:\/\/www.eldiario.net\/portal\/2024\/06\/04\/saldo-comercial-negativo-en-primer-trimestre-de-este-ano\/","title":{"rendered":"Saldo comercial negativo en primer trimestre de este a\u00f1o"},"content":{"rendered":"<p>El saldo comercial acumulado de enero a marzo de 2024 fue negativo, 438,1 millones de d\u00f3lares. Comparando con el primer trimestre 2023, las exportaciones e importaciones descendieron en 27% y 16% respectivamente, de acuerdo al an\u00e1lisis realizado por el presidente del Colegio Departamental de Economistas de Tarija, Fernando Romero.<\/p>\n<p>Todas las actividades econ\u00f3micas han decrecido sus exportaciones respecto al 2023, principalmente la industria manufacturera (-42%). Tambi\u00e9n el principal producto exportado en este 1er trimestre 2024 fue el gas natural ($us. 444,8 millones). Esta cifra es menor en un 23% respecto al 2023.<\/p>\n<p>Entre tanto, la importaci\u00f3n nacional igualmente decay\u00f3 en todas sus categor\u00edas econ\u00f3micas, destaca equipo de transporte y sus piezas, en -28,2%, pero la gasolina y di\u00e9sel, fueron los productos m\u00e1s importados del 2024, por 578,4 millones de d\u00f3lares.<\/p>\n<p>El 2023, solo en el 33% hubo saldo comercial (+). En los \u00faltimos 7 meses, tenemos un d\u00e9ficit comercial acumulado de 952 millones de d\u00f3lares, concluy\u00f3 Romero.<\/p>\n<p>Las exportaciones a marzo alcanzaron los 1.920 millones de d\u00f3lares, pero las importaciones en el mismo periodo lograron llegar a 2.359 millones, cuyas cifras un d\u00e9ficit comercial, y tambi\u00e9n uno de los or\u00edgenes de la falta de d\u00f3lar en el mercado nacional.<\/p>\n<p>An\u00e1lisis<\/p>\n<p>En el primer bimestre del 2024 el valor de las exportaciones bolivianas registr\u00f3 una ca\u00edda del 23% comparado con el mismo per\u00edodo de la pasada gesti\u00f3n, alcanzando los 1.247 millones de d\u00f3lares, siendo esta cifra la m\u00e1s baja en los \u00faltimos 6 a\u00f1os; por su parte, el volumen exportado baj\u00f3 un 3%, lo que denota un efecto precio \u201cnegativo\u201d, seg\u00fan rezaba el an\u00e1lisis del Instituto Boliviano de Comercio Exterior (IBCE).<\/p>\n<p>\u201cLas exportaciones de productos tradicionales registraron un descenso del 33% en valor y 15% en volumen en relaci\u00f3n con el per\u00edodo enero-febrero del 2023. Las ventas externas de productos no tradicionales registraron un buen desempe\u00f1o, con un crecimiento del 20% en t\u00e9rminos de valor y 33% en volumen, impulsado por el incremento en las exportaciones de joyer\u00eda, az\u00facar y carne bovina.<\/p>\n<p>Por otra parte, las importaciones bolivianas al mes de febrero del 2024 alcanzaron los 1.558 millones de d\u00f3lares, un 10% menos comparado con igual lapso del 2023; a su vez el volumen baj\u00f3 un 5%. Las principales categor\u00edas de importaci\u00f3n fueron: suministros industriales, con una participaci\u00f3n del 27% sobre el total, seguido de combustibles y lubricantes (23%) y bienes de capital (18%). Se registraron disminuciones en casi todas las categor\u00edas, exceptuando en alimentos y bebidas que crecieron un 4% en valor y 3% en volumen.<\/p>\n","protected":false},"excerpt":{"rendered":"<p>El saldo comercial acumulado de enero a marzo de 2024 fue negativo, 438,1 millones de d\u00f3lares. Comparando con el primer trimestre 2023, las exportaciones e importaciones descendieron en 27% y 16% respectivamente, de acuerdo al an\u00e1lisis realizado por el presidente del Colegio Departamental de Economistas de Tarija, Fernando Romero. Todas las actividades econ\u00f3micas han decrecido [&hellip;]<\/p>\n","protected":false},"author":1,"featured_media":224940,"comment_status":"open","ping_status":"open","sticky":false,"template":"","format":"standard","meta":{"_acf_changed":false,"footnotes":""},"categories":[7],"tags":[],"class_list":["post-224939","post","type-post","status-publish","format-standard","has-post-thumbnail","category-economia"],"acf":{"antetitulo":""},"yoast_head":"<!-- This site is optimized with the Yoast SEO plugin v28.3 - https:\/\/yoast.com\/product\/yoast-seo-wordpress\/ -->\n<title>Saldo comercial negativo en primer trimestre de este a\u00f1o - El Diario - Bolivia<\/title>\n<meta name=\"robots\" content=\"index, follow, max-snippet:-1, max-image-preview:large, max-video-preview:-1\" \/>\n<link rel=\"canonical\" href=\"https:\/\/www.eldiario.net\/portal\/2024\/06\/04\/saldo-comercial-negativo-en-primer-trimestre-de-este-ano\/\" \/>\n<meta property=\"og:locale\" content=\"es_ES\" \/>\n<meta property=\"og:type\" content=\"article\" \/>\n<meta property=\"og:title\" content=\"Saldo comercial negativo en primer trimestre de este a\u00f1o - El Diario - Bolivia\" \/>\n<meta property=\"og:description\" content=\"El saldo comercial acumulado de enero a marzo de 2024 fue negativo, 438,1 millones de d\u00f3lares. Comparando con el primer trimestre 2023, las exportaciones e importaciones descendieron en 27% y 16% respectivamente, de acuerdo al an\u00e1lisis realizado por el presidente del Colegio Departamental de Economistas de Tarija, Fernando Romero. Todas las actividades econ\u00f3micas han decrecido [&hellip;]\" \/>\n<meta property=\"og:url\" content=\"https:\/\/www.eldiario.net\/portal\/2024\/06\/04\/saldo-comercial-negativo-en-primer-trimestre-de-este-ano\/\" \/>\n<meta property=\"og:site_name\" content=\"El Diario - Bolivia\" \/>\n<meta property=\"article:publisher\" content=\"https:\/\/www.facebook.com\/eldiario.bolivia\/\" \/>\n<meta property=\"article:published_time\" content=\"2024-06-04T10:01:40+00:00\" \/>\n<meta property=\"og:image\" content=\"https:\/\/www.eldiario.net\/portal\/wp-content\/uploads\/2024\/06\/SALDO-FOTO.jpg\" \/>\n\t<meta property=\"og:image:width\" content=\"1099\" \/>\n\t<meta property=\"og:image:height\" content=\"364\" \/>\n\t<meta property=\"og:image:type\" content=\"image\/jpeg\" \/>\n<meta name=\"author\" content=\"Jeanette\" \/>\n<meta name=\"twitter:card\" content=\"summary_large_image\" \/>\n<meta name=\"twitter:creator\" content=\"@eldiario_net\" \/>\n<meta name=\"twitter:site\" content=\"@eldiario_net\" \/>\n<meta name=\"twitter:label1\" content=\"Escrito por\" \/>\n\t<meta name=\"twitter:data1\" content=\"Jeanette\" \/>\n\t<meta name=\"twitter:label2\" content=\"Tiempo de lectura\" \/>\n\t<meta name=\"twitter:data2\" content=\"3 minutos\" \/>\n<script type=\"application\/ld+json\" class=\"yoast-schema-graph\">{\"@context\":\"https:\\\/\\\/schema.org\",\"@graph\":[{\"@type\":\"Article\",\"@id\":\"https:\\\/\\\/www.eldiario.net\\\/portal\\\/2024\\\/06\\\/04\\\/saldo-comercial-negativo-en-primer-trimestre-de-este-ano\\\/#article\",\"isPartOf\":{\"@id\":\"https:\\\/\\\/www.eldiario.net\\\/portal\\\/2024\\\/06\\\/04\\\/saldo-comercial-negativo-en-primer-trimestre-de-este-ano\\\/\"},\"author\":{\"name\":\"Jeanette\",\"@id\":\"https:\\\/\\\/www.eldiario.net\\\/portal\\\/#\\\/schema\\\/person\\\/f46445640444750d7d753ccd04ae01b7\"},\"headline\":\"Saldo comercial negativo en primer trimestre de este a\u00f1o\",\"datePublished\":\"2024-06-04T10:01:40+00:00\",\"mainEntityOfPage\":{\"@id\":\"https:\\\/\\\/www.eldiario.net\\\/portal\\\/2024\\\/06\\\/04\\\/saldo-comercial-negativo-en-primer-trimestre-de-este-ano\\\/\"},\"wordCount\":424,\"commentCount\":0,\"publisher\":{\"@id\":\"https:\\\/\\\/www.eldiario.net\\\/portal\\\/#organization\"},\"image\":{\"@id\":\"https:\\\/\\\/www.eldiario.net\\\/portal\\\/2024\\\/06\\\/04\\\/saldo-comercial-negativo-en-primer-trimestre-de-este-ano\\\/#primaryimage\"},\"thumbnailUrl\":\"https:\\\/\\\/www.eldiario.net\\\/portal\\\/wp-content\\\/uploads\\\/2024\\\/06\\\/SALDO-FOTO.jpg\",\"articleSection\":[\"Econom\u00eda\"],\"inLanguage\":\"es\",\"potentialAction\":[{\"@type\":\"CommentAction\",\"name\":\"Comment\",\"target\":[\"https:\\\/\\\/www.eldiario.net\\\/portal\\\/2024\\\/06\\\/04\\\/saldo-comercial-negativo-en-primer-trimestre-de-este-ano\\\/#respond\"]}]},{\"@type\":\"WebPage\",\"@id\":\"https:\\\/\\\/www.eldiario.net\\\/portal\\\/2024\\\/06\\\/04\\\/saldo-comercial-negativo-en-primer-trimestre-de-este-ano\\\/\",\"url\":\"https:\\\/\\\/www.eldiario.net\\\/portal\\\/2024\\\/06\\\/04\\\/saldo-comercial-negativo-en-primer-trimestre-de-este-ano\\\/\",\"name\":\"Saldo comercial negativo en primer trimestre de este a\u00f1o - El Diario - Bolivia\",\"isPartOf\":{\"@id\":\"https:\\\/\\\/www.eldiario.net\\\/portal\\\/#website\"},\"primaryImageOfPage\":{\"@id\":\"https:\\\/\\\/www.eldiario.net\\\/portal\\\/2024\\\/06\\\/04\\\/saldo-comercial-negativo-en-primer-trimestre-de-este-ano\\\/#primaryimage\"},\"image\":{\"@id\":\"https:\\\/\\\/www.eldiario.net\\\/portal\\\/2024\\\/06\\\/04\\\/saldo-comercial-negativo-en-primer-trimestre-de-este-ano\\\/#primaryimage\"},\"thumbnailUrl\":\"https:\\\/\\\/www.eldiario.net\\\/portal\\\/wp-content\\\/uploads\\\/2024\\\/06\\\/SALDO-FOTO.jpg\",\"datePublished\":\"2024-06-04T10:01:40+00:00\",\"breadcrumb\":{\"@id\":\"https:\\\/\\\/www.eldiario.net\\\/portal\\\/2024\\\/06\\\/04\\\/saldo-comercial-negativo-en-primer-trimestre-de-este-ano\\\/#breadcrumb\"},\"inLanguage\":\"es\",\"potentialAction\":[{\"@type\":\"ReadAction\",\"target\":[\"https:\\\/\\\/www.eldiario.net\\\/portal\\\/2024\\\/06\\\/04\\\/saldo-comercial-negativo-en-primer-trimestre-de-este-ano\\\/\"]}]},{\"@type\":\"ImageObject\",\"inLanguage\":\"es\",\"@id\":\"https:\\\/\\\/www.eldiario.net\\\/portal\\\/2024\\\/06\\\/04\\\/saldo-comercial-negativo-en-primer-trimestre-de-este-ano\\\/#primaryimage\",\"url\":\"https:\\\/\\\/www.eldiario.net\\\/portal\\\/wp-content\\\/uploads\\\/2024\\\/06\\\/SALDO-FOTO.jpg\",\"contentUrl\":\"https:\\\/\\\/www.eldiario.net\\\/portal\\\/wp-content\\\/uploads\\\/2024\\\/06\\\/SALDO-FOTO.jpg\",\"width\":1099,\"height\":364},{\"@type\":\"BreadcrumbList\",\"@id\":\"https:\\\/\\\/www.eldiario.net\\\/portal\\\/2024\\\/06\\\/04\\\/saldo-comercial-negativo-en-primer-trimestre-de-este-ano\\\/#breadcrumb\",\"itemListElement\":[{\"@type\":\"ListItem\",\"position\":1,\"name\":\"Portada\",\"item\":\"https:\\\/\\\/www.eldiario.net\\\/portal\\\/\"},{\"@type\":\"ListItem\",\"position\":2,\"name\":\"Saldo comercial negativo en primer trimestre de este a\u00f1o\"}]},{\"@type\":\"WebSite\",\"@id\":\"https:\\\/\\\/www.eldiario.net\\\/portal\\\/#website\",\"url\":\"https:\\\/\\\/www.eldiario.net\\\/portal\\\/\",\"name\":\"El Diario - Decano de la prensa nacional\",\"description\":\"El Diario - Decano de la prensa nacional\",\"publisher\":{\"@id\":\"https:\\\/\\\/www.eldiario.net\\\/portal\\\/#organization\"},\"potentialAction\":[{\"@type\":\"SearchAction\",\"target\":{\"@type\":\"EntryPoint\",\"urlTemplate\":\"https:\\\/\\\/www.eldiario.net\\\/portal\\\/?s={search_term_string}\"},\"query-input\":{\"@type\":\"PropertyValueSpecification\",\"valueRequired\":true,\"valueName\":\"search_term_string\"}}],\"inLanguage\":\"es\"},{\"@type\":\"Organization\",\"@id\":\"https:\\\/\\\/www.eldiario.net\\\/portal\\\/#organization\",\"name\":\"El Diario - Decano de la prensa nacional\",\"url\":\"https:\\\/\\\/www.eldiario.net\\\/portal\\\/\",\"logo\":{\"@type\":\"ImageObject\",\"inLanguage\":\"es\",\"@id\":\"https:\\\/\\\/www.eldiario.net\\\/portal\\\/#\\\/schema\\\/logo\\\/image\\\/\",\"url\":\"https:\\\/\\\/www.eldiario.net\\\/portal\\\/wp-content\\\/uploads\\\/2023\\\/07\\\/logo_ED.jpg\",\"contentUrl\":\"https:\\\/\\\/www.eldiario.net\\\/portal\\\/wp-content\\\/uploads\\\/2023\\\/07\\\/logo_ED.jpg\",\"width\":272,\"height\":52,\"caption\":\"El Diario - Decano de la prensa nacional\"},\"image\":{\"@id\":\"https:\\\/\\\/www.eldiario.net\\\/portal\\\/#\\\/schema\\\/logo\\\/image\\\/\"},\"sameAs\":[\"https:\\\/\\\/www.facebook.com\\\/eldiario.bolivia\\\/\",\"https:\\\/\\\/x.com\\\/eldiario_net\"]},{\"@type\":\"Person\",\"@id\":\"https:\\\/\\\/www.eldiario.net\\\/portal\\\/#\\\/schema\\\/person\\\/f46445640444750d7d753ccd04ae01b7\",\"name\":\"Jeanette\",\"image\":{\"@type\":\"ImageObject\",\"inLanguage\":\"es\",\"@id\":\"https:\\\/\\\/secure.gravatar.com\\\/avatar\\\/3ea2118a5f7dad2b7138b1187a6b7ee55f160b9968b66013c3a3ef39dd7e5798?s=96&d=mm&r=g\",\"url\":\"https:\\\/\\\/secure.gravatar.com\\\/avatar\\\/3ea2118a5f7dad2b7138b1187a6b7ee55f160b9968b66013c3a3ef39dd7e5798?s=96&d=mm&r=g\",\"contentUrl\":\"https:\\\/\\\/secure.gravatar.com\\\/avatar\\\/3ea2118a5f7dad2b7138b1187a6b7ee55f160b9968b66013c3a3ef39dd7e5798?s=96&d=mm&r=g\",\"caption\":\"Jeanette\"},\"sameAs\":[\"https:\\\/\\\/www.eldiario.net\\\/portal\"],\"url\":\"https:\\\/\\\/www.eldiario.net\\\/portal\\\/author\\\/jeanette\\\/\"}]}<\/script>\n<!-- \/ Yoast SEO plugin. -->","yoast_head_json":{"title":"Saldo comercial negativo en primer trimestre de este a\u00f1o - El Diario - Bolivia","robots":{"index":"index","follow":"follow","max-snippet":"max-snippet:-1","max-image-preview":"max-image-preview:large","max-video-preview":"max-video-preview:-1"},"canonical":"https:\/\/www.eldiario.net\/portal\/2024\/06\/04\/saldo-comercial-negativo-en-primer-trimestre-de-este-ano\/","og_locale":"es_ES","og_type":"article","og_title":"Saldo comercial negativo en primer trimestre de este a\u00f1o - El Diario - Bolivia","og_description":"El saldo comercial acumulado de enero a marzo de 2024 fue negativo, 438,1 millones de d\u00f3lares. Comparando con el primer trimestre 2023, las exportaciones e importaciones descendieron en 27% y 16% respectivamente, de acuerdo al an\u00e1lisis realizado por el presidente del Colegio Departamental de Economistas de Tarija, Fernando Romero. Todas las actividades econ\u00f3micas han decrecido [&hellip;]","og_url":"https:\/\/www.eldiario.net\/portal\/2024\/06\/04\/saldo-comercial-negativo-en-primer-trimestre-de-este-ano\/","og_site_name":"El Diario - Bolivia","article_publisher":"https:\/\/www.facebook.com\/eldiario.bolivia\/","article_published_time":"2024-06-04T10:01:40+00:00","og_image":[{"width":1099,"height":364,"url":"https:\/\/www.eldiario.net\/portal\/wp-content\/uploads\/2024\/06\/SALDO-FOTO.jpg","type":"image\/jpeg"}],"author":"Jeanette","twitter_card":"summary_large_image","twitter_creator":"@eldiario_net","twitter_site":"@eldiario_net","twitter_misc":{"Escrito por":"Jeanette","Tiempo de lectura":"3 minutos"},"schema":{"@context":"https:\/\/schema.org","@graph":[{"@type":"Article","@id":"https:\/\/www.eldiario.net\/portal\/2024\/06\/04\/saldo-comercial-negativo-en-primer-trimestre-de-este-ano\/#article","isPartOf":{"@id":"https:\/\/www.eldiario.net\/portal\/2024\/06\/04\/saldo-comercial-negativo-en-primer-trimestre-de-este-ano\/"},"author":{"name":"Jeanette","@id":"https:\/\/www.eldiario.net\/portal\/#\/schema\/person\/f46445640444750d7d753ccd04ae01b7"},"headline":"Saldo comercial negativo en primer trimestre de este a\u00f1o","datePublished":"2024-06-04T10:01:40+00:00","mainEntityOfPage":{"@id":"https:\/\/www.eldiario.net\/portal\/2024\/06\/04\/saldo-comercial-negativo-en-primer-trimestre-de-este-ano\/"},"wordCount":424,"commentCount":0,"publisher":{"@id":"https:\/\/www.eldiario.net\/portal\/#organization"},"image":{"@id":"https:\/\/www.eldiario.net\/portal\/2024\/06\/04\/saldo-comercial-negativo-en-primer-trimestre-de-este-ano\/#primaryimage"},"thumbnailUrl":"https:\/\/www.eldiario.net\/portal\/wp-content\/uploads\/2024\/06\/SALDO-FOTO.jpg","articleSection":["Econom\u00eda"],"inLanguage":"es","potentialAction":[{"@type":"CommentAction","name":"Comment","target":["https:\/\/www.eldiario.net\/portal\/2024\/06\/04\/saldo-comercial-negativo-en-primer-trimestre-de-este-ano\/#respond"]}]},{"@type":"WebPage","@id":"https:\/\/www.eldiario.net\/portal\/2024\/06\/04\/saldo-comercial-negativo-en-primer-trimestre-de-este-ano\/","url":"https:\/\/www.eldiario.net\/portal\/2024\/06\/04\/saldo-comercial-negativo-en-primer-trimestre-de-este-ano\/","name":"Saldo comercial negativo en primer trimestre de este a\u00f1o - El Diario - Bolivia","isPartOf":{"@id":"https:\/\/www.eldiario.net\/portal\/#website"},"primaryImageOfPage":{"@id":"https:\/\/www.eldiario.net\/portal\/2024\/06\/04\/saldo-comercial-negativo-en-primer-trimestre-de-este-ano\/#primaryimage"},"image":{"@id":"https:\/\/www.eldiario.net\/portal\/2024\/06\/04\/saldo-comercial-negativo-en-primer-trimestre-de-este-ano\/#primaryimage"},"thumbnailUrl":"https:\/\/www.eldiario.net\/portal\/wp-content\/uploads\/2024\/06\/SALDO-FOTO.jpg","datePublished":"2024-06-04T10:01:40+00:00","breadcrumb":{"@id":"https:\/\/www.eldiario.net\/portal\/2024\/06\/04\/saldo-comercial-negativo-en-primer-trimestre-de-este-ano\/#breadcrumb"},"inLanguage":"es","potentialAction":[{"@type":"ReadAction","target":["https:\/\/www.eldiario.net\/portal\/2024\/06\/04\/saldo-comercial-negativo-en-primer-trimestre-de-este-ano\/"]}]},{"@type":"ImageObject","inLanguage":"es","@id":"https:\/\/www.eldiario.net\/portal\/2024\/06\/04\/saldo-comercial-negativo-en-primer-trimestre-de-este-ano\/#primaryimage","url":"https:\/\/www.eldiario.net\/portal\/wp-content\/uploads\/2024\/06\/SALDO-FOTO.jpg","contentUrl":"https:\/\/www.eldiario.net\/portal\/wp-content\/uploads\/2024\/06\/SALDO-FOTO.jpg","width":1099,"height":364},{"@type":"BreadcrumbList","@id":"https:\/\/www.eldiario.net\/portal\/2024\/06\/04\/saldo-comercial-negativo-en-primer-trimestre-de-este-ano\/#breadcrumb","itemListElement":[{"@type":"ListItem","position":1,"name":"Portada","item":"https:\/\/www.eldiario.net\/portal\/"},{"@type":"ListItem","position":2,"name":"Saldo comercial negativo en primer trimestre de este a\u00f1o"}]},{"@type":"WebSite","@id":"https:\/\/www.eldiario.net\/portal\/#website","url":"https:\/\/www.eldiario.net\/portal\/","name":"El Diario - Decano de la prensa nacional","description":"El Diario - Decano de la prensa nacional","publisher":{"@id":"https:\/\/www.eldiario.net\/portal\/#organization"},"potentialAction":[{"@type":"SearchAction","target":{"@type":"EntryPoint","urlTemplate":"https:\/\/www.eldiario.net\/portal\/?s={search_term_string}"},"query-input":{"@type":"PropertyValueSpecification","valueRequired":true,"valueName":"search_term_string"}}],"inLanguage":"es"},{"@type":"Organization","@id":"https:\/\/www.eldiario.net\/portal\/#organization","name":"El Diario - Decano de la prensa nacional","url":"https:\/\/www.eldiario.net\/portal\/","logo":{"@type":"ImageObject","inLanguage":"es","@id":"https:\/\/www.eldiario.net\/portal\/#\/schema\/logo\/image\/","url":"https:\/\/www.eldiario.net\/portal\/wp-content\/uploads\/2023\/07\/logo_ED.jpg","contentUrl":"https:\/\/www.eldiario.net\/portal\/wp-content\/uploads\/2023\/07\/logo_ED.jpg","width":272,"height":52,"caption":"El Diario - Decano de la prensa nacional"},"image":{"@id":"https:\/\/www.eldiario.net\/portal\/#\/schema\/logo\/image\/"},"sameAs":["https:\/\/www.facebook.com\/eldiario.bolivia\/","https:\/\/x.com\/eldiario_net"]},{"@type":"Person","@id":"https:\/\/www.eldiario.net\/portal\/#\/schema\/person\/f46445640444750d7d753ccd04ae01b7","name":"Jeanette","image":{"@type":"ImageObject","inLanguage":"es","@id":"https:\/\/secure.gravatar.com\/avatar\/3ea2118a5f7dad2b7138b1187a6b7ee55f160b9968b66013c3a3ef39dd7e5798?s=96&d=mm&r=g","url":"https:\/\/secure.gravatar.com\/avatar\/3ea2118a5f7dad2b7138b1187a6b7ee55f160b9968b66013c3a3ef39dd7e5798?s=96&d=mm&r=g","contentUrl":"https:\/\/secure.gravatar.com\/avatar\/3ea2118a5f7dad2b7138b1187a6b7ee55f160b9968b66013c3a3ef39dd7e5798?s=96&d=mm&r=g","caption":"Jeanette"},"sameAs":["https:\/\/www.eldiario.net\/portal"],"url":"https:\/\/www.eldiario.net\/portal\/author\/jeanette\/"}]}},"_links":{"self":[{"href":"https:\/\/www.eldiario.net\/portal\/wp-json\/wp\/v2\/posts\/224939","targetHints":{"allow":["GET"]}}],"collection":[{"href":"https:\/\/www.eldiario.net\/portal\/wp-json\/wp\/v2\/posts"}],"about":[{"href":"https:\/\/www.eldiario.net\/portal\/wp-json\/wp\/v2\/types\/post"}],"author":[{"embeddable":true,"href":"https:\/\/www.eldiario.net\/portal\/wp-json\/wp\/v2\/users\/1"}],"replies":[{"embeddable":true,"href":"https:\/\/www.eldiario.net\/portal\/wp-json\/wp\/v2\/comments?post=224939"}],"version-history":[{"count":1,"href":"https:\/\/www.eldiario.net\/portal\/wp-json\/wp\/v2\/posts\/224939\/revisions"}],"predecessor-version":[{"id":224941,"href":"https:\/\/www.eldiario.net\/portal\/wp-json\/wp\/v2\/posts\/224939\/revisions\/224941"}],"wp:featuredmedia":[{"embeddable":true,"href":"https:\/\/www.eldiario.net\/portal\/wp-json\/wp\/v2\/media\/224940"}],"wp:attachment":[{"href":"https:\/\/www.eldiario.net\/portal\/wp-json\/wp\/v2\/media?parent=224939"}],"wp:term":[{"taxonomy":"category","embeddable":true,"href":"https:\/\/www.eldiario.net\/portal\/wp-json\/wp\/v2\/categories?post=224939"},{"taxonomy":"post_tag","embeddable":true,"href":"https:\/\/www.eldiario.net\/portal\/wp-json\/wp\/v2\/tags?post=224939"}],"curies":[{"name":"wp","href":"https:\/\/api.w.org\/{rel}","templated":true}]}}