{"id":224551,"date":"2024-06-02T08:06:47","date_gmt":"2024-06-02T12:06:47","guid":{"rendered":"https:\/\/www.eldiario.net\/portal\/?p=224551"},"modified":"2024-06-02T08:06:47","modified_gmt":"2024-06-02T12:06:47","slug":"que-es-la-dialisis","status":"publish","type":"post","link":"https:\/\/www.eldiario.net\/portal\/2024\/06\/02\/que-es-la-dialisis\/","title":{"rendered":"\u00bfQU\u00c9 ES LA DI\u00c1LISIS?"},"content":{"rendered":"<p>Dra. Vanessa Lerma S\u00e1nchez \u2013 Especialidad en Nefrolog\u00eda y Alta especialidad en Trasplante Renal<\/p>\n<p>El trabajo principal de los ri\u00f1ones es eliminar las toxinas y el l\u00edquido de la sangre, ya que es peligroso que los productos de desecho se acumulen en el cuerpo, cuando se pierde la funci\u00f3n renal la di\u00e1lisis es necesaria.<\/p>\n<p><em>La di\u00e1lisis es un tratamiento en que se extraen<\/em> las toxinas y el exceso de agua de la sangre, as\u00ed, durante el proceso:<\/p>\n<p><strong><em>\u00a0<\/em><\/strong><\/p>\n<ul>\n<li>Se retiran los excedentes de sal, agua y productos de desecho para que no acumulen en el cuerpo.<\/li>\n<li>Se mantienen niveles adecuados de minerales y vitaminas en el cuerpo.<\/li>\n<li>Ayuda a controlar la presi\u00f3n de la sangre y en la producci\u00f3n de gl\u00f3bulos rojos.<\/li>\n<\/ul>\n<p>&nbsp;<\/p>\n<p><strong>Existen dos tipos de di\u00e1lisis:<\/strong><\/p>\n<p>&nbsp;<\/p>\n<p><strong>La hemodi\u00e1lisis: <\/strong>Es el tratamiento com\u00fan de di\u00e1lisis y se caracteriza por el uso de una membrana artificial. La purificaci\u00f3n de la sangre se realiza mediante un ri\u00f1\u00f3n artificial, que quita el exceso de agua, residuos y toxinas antes de devolverla al cuerpo. Cada sesi\u00f3n puede durar de tres a cuatro horas.<\/p>\n<p><strong>La di\u00e1lisis peritoneal: <\/strong>Se caracteriza por el uso de una membrana natural (el peritoneo del paciente). Consiste en retirar el desecho y el l\u00edquido excedente a trav\u00e9s de un tubo (cat\u00e9ter), hacia parte del abdomen.<\/p>\n<p>La di\u00e1lisis se realiza en pacientes con insuficiencia renal, que es la fase terminal de la insuficiencia renal cr\u00f3nica. Esto ocurre cuando los ri\u00f1ones ya no son capaces de realizar su funci\u00f3n excretora y \u00fanicamente funcionan entre un 10% y un 15%.<\/p>\n<p>&nbsp;<\/p>\n<p><strong><em>La preparaci\u00f3n para la di\u00e1lisis depender\u00e1 del tipo de di\u00e1lisis elegida por el especialista. <\/em><\/strong>En funci\u00f3n de eso se le colocar\u00e1 al paciente un cat\u00e9ter o no, a trav\u00e9s del cual se introducir\u00e1 el l\u00edquido de di\u00e1lisis. <em>Adem\u00e1s, siempre es recomendable:<\/em><\/p>\n<ul>\n<li>Llevar una dieta saludable, baja en potasio y prote\u00ednas (dieta renal).<\/li>\n<li>Mantener la medicaci\u00f3n del ri\u00f1\u00f3n.<\/li>\n<li>Descansar, dormir antes y durante la di\u00e1lisis.<\/li>\n<\/ul>\n<p>Tras la di\u00e1lisis es normal que el paciente se sienta cansado o d\u00e9bil, por lo que se recomienda descansar una vez de vuelta al hogar. No obstante, en cuanto se encuentre mejor, ya puede retomar su d\u00eda a d\u00eda normal.<\/p>\n","protected":false},"excerpt":{"rendered":"<p>Dra. Vanessa Lerma S\u00e1nchez \u2013 Especialidad en Nefrolog\u00eda y Alta especialidad en Trasplante Renal El trabajo principal de los ri\u00f1ones es eliminar las toxinas y el l\u00edquido de la sangre, ya que es peligroso que los productos de desecho se acumulen en el cuerpo, cuando se pierde la funci\u00f3n renal la di\u00e1lisis es necesaria. La [&hellip;]<\/p>\n","protected":false},"author":1,"featured_media":224552,"comment_status":"open","ping_status":"open","sticky":false,"template":"","format":"standard","meta":{"_acf_changed":false,"footnotes":""},"categories":[52],"tags":[],"class_list":["post-224551","post","type-post","status-publish","format-standard","has-post-thumbnail","category-de-salud-mas-vida"],"acf":{"antetitulo":""},"yoast_head":"<!-- This site is optimized with the Yoast SEO plugin v28.4 - https:\/\/yoast.com\/product\/yoast-seo-wordpress\/ -->\n<title>\u00bfQU\u00c9 ES LA DI\u00c1LISIS? - El Diario - Bolivia<\/title>\n<meta name=\"robots\" content=\"index, follow, max-snippet:-1, max-image-preview:large, max-video-preview:-1\" \/>\n<link rel=\"canonical\" href=\"https:\/\/www.eldiario.net\/portal\/2024\/06\/02\/que-es-la-dialisis\/\" \/>\n<meta property=\"og:locale\" content=\"es_ES\" \/>\n<meta property=\"og:type\" content=\"article\" \/>\n<meta property=\"og:title\" content=\"\u00bfQU\u00c9 ES LA DI\u00c1LISIS? - El Diario - Bolivia\" \/>\n<meta property=\"og:description\" content=\"Dra. Vanessa Lerma S\u00e1nchez \u2013 Especialidad en Nefrolog\u00eda y Alta especialidad en Trasplante Renal El trabajo principal de los ri\u00f1ones es eliminar las toxinas y el l\u00edquido de la sangre, ya que es peligroso que los productos de desecho se acumulen en el cuerpo, cuando se pierde la funci\u00f3n renal la di\u00e1lisis es necesaria. La [&hellip;]\" \/>\n<meta property=\"og:url\" content=\"https:\/\/www.eldiario.net\/portal\/2024\/06\/02\/que-es-la-dialisis\/\" \/>\n<meta property=\"og:site_name\" content=\"El Diario - Bolivia\" \/>\n<meta property=\"article:publisher\" content=\"https:\/\/www.facebook.com\/eldiario.bolivia\/\" \/>\n<meta property=\"article:published_time\" content=\"2024-06-02T12:06:47+00:00\" \/>\n<meta property=\"og:image\" content=\"https:\/\/www.eldiario.net\/portal\/wp-content\/uploads\/2024\/06\/\u00bfQUE-ES-LA-DIALISIS.jpg\" \/>\n\t<meta property=\"og:image:width\" content=\"1200\" \/>\n\t<meta property=\"og:image:height\" content=\"814\" \/>\n\t<meta property=\"og:image:type\" content=\"image\/jpeg\" \/>\n<meta name=\"author\" content=\"Jeanette\" \/>\n<meta name=\"twitter:card\" content=\"summary_large_image\" \/>\n<meta name=\"twitter:creator\" content=\"@eldiario_net\" \/>\n<meta name=\"twitter:site\" content=\"@eldiario_net\" \/>\n<meta name=\"twitter:label1\" content=\"Escrito por\" \/>\n\t<meta name=\"twitter:data1\" content=\"Jeanette\" \/>\n\t<meta name=\"twitter:label2\" content=\"Tiempo de lectura\" \/>\n\t<meta name=\"twitter:data2\" content=\"2 minutos\" \/>\n<script type=\"application\/ld+json\" class=\"yoast-schema-graph\">{\"@context\":\"https:\\\/\\\/schema.org\",\"@graph\":[{\"@type\":\"Article\",\"@id\":\"https:\\\/\\\/www.eldiario.net\\\/portal\\\/2024\\\/06\\\/02\\\/que-es-la-dialisis\\\/#article\",\"isPartOf\":{\"@id\":\"https:\\\/\\\/www.eldiario.net\\\/portal\\\/2024\\\/06\\\/02\\\/que-es-la-dialisis\\\/\"},\"author\":{\"name\":\"Jeanette\",\"@id\":\"https:\\\/\\\/www.eldiario.net\\\/portal\\\/#\\\/schema\\\/person\\\/2c57cf2b7a7ae032e449e4c9b1019eac\"},\"headline\":\"\u00bfQU\u00c9 ES LA DI\u00c1LISIS?\",\"datePublished\":\"2024-06-02T12:06:47+00:00\",\"mainEntityOfPage\":{\"@id\":\"https:\\\/\\\/www.eldiario.net\\\/portal\\\/2024\\\/06\\\/02\\\/que-es-la-dialisis\\\/\"},\"wordCount\":406,\"commentCount\":0,\"publisher\":{\"@id\":\"https:\\\/\\\/www.eldiario.net\\\/portal\\\/#organization\"},\"image\":{\"@id\":\"https:\\\/\\\/www.eldiario.net\\\/portal\\\/2024\\\/06\\\/02\\\/que-es-la-dialisis\\\/#primaryimage\"},\"thumbnailUrl\":\"https:\\\/\\\/www.eldiario.net\\\/portal\\\/wp-content\\\/uploads\\\/2024\\\/06\\\/\u00bfQUE-ES-LA-DIALISIS.jpg\",\"articleSection\":[\"De Salud + vida\"],\"inLanguage\":\"es\",\"potentialAction\":[{\"@type\":\"CommentAction\",\"name\":\"Comment\",\"target\":[\"https:\\\/\\\/www.eldiario.net\\\/portal\\\/2024\\\/06\\\/02\\\/que-es-la-dialisis\\\/#respond\"]}]},{\"@type\":\"WebPage\",\"@id\":\"https:\\\/\\\/www.eldiario.net\\\/portal\\\/2024\\\/06\\\/02\\\/que-es-la-dialisis\\\/\",\"url\":\"https:\\\/\\\/www.eldiario.net\\\/portal\\\/2024\\\/06\\\/02\\\/que-es-la-dialisis\\\/\",\"name\":\"\u00bfQU\u00c9 ES LA DI\u00c1LISIS? - El Diario - Bolivia\",\"isPartOf\":{\"@id\":\"https:\\\/\\\/www.eldiario.net\\\/portal\\\/#website\"},\"primaryImageOfPage\":{\"@id\":\"https:\\\/\\\/www.eldiario.net\\\/portal\\\/2024\\\/06\\\/02\\\/que-es-la-dialisis\\\/#primaryimage\"},\"image\":{\"@id\":\"https:\\\/\\\/www.eldiario.net\\\/portal\\\/2024\\\/06\\\/02\\\/que-es-la-dialisis\\\/#primaryimage\"},\"thumbnailUrl\":\"https:\\\/\\\/www.eldiario.net\\\/portal\\\/wp-content\\\/uploads\\\/2024\\\/06\\\/\u00bfQUE-ES-LA-DIALISIS.jpg\",\"datePublished\":\"2024-06-02T12:06:47+00:00\",\"breadcrumb\":{\"@id\":\"https:\\\/\\\/www.eldiario.net\\\/portal\\\/2024\\\/06\\\/02\\\/que-es-la-dialisis\\\/#breadcrumb\"},\"inLanguage\":\"es\",\"potentialAction\":[{\"@type\":\"ReadAction\",\"target\":[\"https:\\\/\\\/www.eldiario.net\\\/portal\\\/2024\\\/06\\\/02\\\/que-es-la-dialisis\\\/\"]}]},{\"@type\":\"ImageObject\",\"inLanguage\":\"es\",\"@id\":\"https:\\\/\\\/www.eldiario.net\\\/portal\\\/2024\\\/06\\\/02\\\/que-es-la-dialisis\\\/#primaryimage\",\"url\":\"https:\\\/\\\/www.eldiario.net\\\/portal\\\/wp-content\\\/uploads\\\/2024\\\/06\\\/\u00bfQUE-ES-LA-DIALISIS.jpg\",\"contentUrl\":\"https:\\\/\\\/www.eldiario.net\\\/portal\\\/wp-content\\\/uploads\\\/2024\\\/06\\\/\u00bfQUE-ES-LA-DIALISIS.jpg\",\"width\":1200,\"height\":814},{\"@type\":\"BreadcrumbList\",\"@id\":\"https:\\\/\\\/www.eldiario.net\\\/portal\\\/2024\\\/06\\\/02\\\/que-es-la-dialisis\\\/#breadcrumb\",\"itemListElement\":[{\"@type\":\"ListItem\",\"position\":1,\"name\":\"Portada\",\"item\":\"https:\\\/\\\/www.eldiario.net\\\/portal\\\/\"},{\"@type\":\"ListItem\",\"position\":2,\"name\":\"\u00bfQU\u00c9 ES LA DI\u00c1LISIS?\"}]},{\"@type\":\"WebSite\",\"@id\":\"https:\\\/\\\/www.eldiario.net\\\/portal\\\/#website\",\"url\":\"https:\\\/\\\/www.eldiario.net\\\/portal\\\/\",\"name\":\"El Diario - Decano de la prensa nacional\",\"description\":\"El Diario - Decano de la prensa nacional\",\"publisher\":{\"@id\":\"https:\\\/\\\/www.eldiario.net\\\/portal\\\/#organization\"},\"potentialAction\":[{\"@type\":\"SearchAction\",\"target\":{\"@type\":\"EntryPoint\",\"urlTemplate\":\"https:\\\/\\\/www.eldiario.net\\\/portal\\\/?s={search_term_string}\"},\"query-input\":{\"@type\":\"PropertyValueSpecification\",\"valueRequired\":true,\"valueName\":\"search_term_string\"}}],\"inLanguage\":\"es\"},{\"@type\":\"Organization\",\"@id\":\"https:\\\/\\\/www.eldiario.net\\\/portal\\\/#organization\",\"name\":\"El Diario - Decano de la prensa nacional\",\"url\":\"https:\\\/\\\/www.eldiario.net\\\/portal\\\/\",\"logo\":{\"@type\":\"ImageObject\",\"inLanguage\":\"es\",\"@id\":\"https:\\\/\\\/www.eldiario.net\\\/portal\\\/#\\\/schema\\\/logo\\\/image\\\/\",\"url\":\"https:\\\/\\\/www.eldiario.net\\\/portal\\\/wp-content\\\/uploads\\\/2023\\\/07\\\/logo_ED.jpg\",\"contentUrl\":\"https:\\\/\\\/www.eldiario.net\\\/portal\\\/wp-content\\\/uploads\\\/2023\\\/07\\\/logo_ED.jpg\",\"width\":272,\"height\":52,\"caption\":\"El Diario - Decano de la prensa nacional\"},\"image\":{\"@id\":\"https:\\\/\\\/www.eldiario.net\\\/portal\\\/#\\\/schema\\\/logo\\\/image\\\/\"},\"sameAs\":[\"https:\\\/\\\/www.facebook.com\\\/eldiario.bolivia\\\/\",\"https:\\\/\\\/x.com\\\/eldiario_net\"]},{\"@type\":\"Person\",\"@id\":\"https:\\\/\\\/www.eldiario.net\\\/portal\\\/#\\\/schema\\\/person\\\/2c57cf2b7a7ae032e449e4c9b1019eac\",\"name\":\"Jeanette\",\"image\":{\"@type\":\"ImageObject\",\"inLanguage\":\"es\",\"@id\":\"https:\\\/\\\/secure.gravatar.com\\\/avatar\\\/3ea2118a5f7dad2b7138b1187a6b7ee55f160b9968b66013c3a3ef39dd7e5798?s=96&d=mm&r=g\",\"url\":\"https:\\\/\\\/secure.gravatar.com\\\/avatar\\\/3ea2118a5f7dad2b7138b1187a6b7ee55f160b9968b66013c3a3ef39dd7e5798?s=96&d=mm&r=g\",\"contentUrl\":\"https:\\\/\\\/secure.gravatar.com\\\/avatar\\\/3ea2118a5f7dad2b7138b1187a6b7ee55f160b9968b66013c3a3ef39dd7e5798?s=96&d=mm&r=g\",\"caption\":\"Jeanette\"},\"sameAs\":[\"https:\\\/\\\/www.eldiario.net\\\/portal\"],\"url\":\"https:\\\/\\\/www.eldiario.net\\\/portal\\\/author\\\/jeanette\\\/\"}]}<\/script>\n<!-- \/ Yoast SEO plugin. -->","yoast_head_json":{"title":"\u00bfQU\u00c9 ES LA DI\u00c1LISIS? - El Diario - Bolivia","robots":{"index":"index","follow":"follow","max-snippet":"max-snippet:-1","max-image-preview":"max-image-preview:large","max-video-preview":"max-video-preview:-1"},"canonical":"https:\/\/www.eldiario.net\/portal\/2024\/06\/02\/que-es-la-dialisis\/","og_locale":"es_ES","og_type":"article","og_title":"\u00bfQU\u00c9 ES LA DI\u00c1LISIS? - El Diario - Bolivia","og_description":"Dra. Vanessa Lerma S\u00e1nchez \u2013 Especialidad en Nefrolog\u00eda y Alta especialidad en Trasplante Renal El trabajo principal de los ri\u00f1ones es eliminar las toxinas y el l\u00edquido de la sangre, ya que es peligroso que los productos de desecho se acumulen en el cuerpo, cuando se pierde la funci\u00f3n renal la di\u00e1lisis es necesaria. La [&hellip;]","og_url":"https:\/\/www.eldiario.net\/portal\/2024\/06\/02\/que-es-la-dialisis\/","og_site_name":"El Diario - Bolivia","article_publisher":"https:\/\/www.facebook.com\/eldiario.bolivia\/","article_published_time":"2024-06-02T12:06:47+00:00","og_image":[{"width":1200,"height":814,"url":"https:\/\/www.eldiario.net\/portal\/wp-content\/uploads\/2024\/06\/\u00bfQUE-ES-LA-DIALISIS.jpg","type":"image\/jpeg"}],"author":"Jeanette","twitter_card":"summary_large_image","twitter_creator":"@eldiario_net","twitter_site":"@eldiario_net","twitter_misc":{"Escrito por":"Jeanette","Tiempo de lectura":"2 minutos"},"schema":{"@context":"https:\/\/schema.org","@graph":[{"@type":"Article","@id":"https:\/\/www.eldiario.net\/portal\/2024\/06\/02\/que-es-la-dialisis\/#article","isPartOf":{"@id":"https:\/\/www.eldiario.net\/portal\/2024\/06\/02\/que-es-la-dialisis\/"},"author":{"name":"Jeanette","@id":"https:\/\/www.eldiario.net\/portal\/#\/schema\/person\/2c57cf2b7a7ae032e449e4c9b1019eac"},"headline":"\u00bfQU\u00c9 ES LA DI\u00c1LISIS?","datePublished":"2024-06-02T12:06:47+00:00","mainEntityOfPage":{"@id":"https:\/\/www.eldiario.net\/portal\/2024\/06\/02\/que-es-la-dialisis\/"},"wordCount":406,"commentCount":0,"publisher":{"@id":"https:\/\/www.eldiario.net\/portal\/#organization"},"image":{"@id":"https:\/\/www.eldiario.net\/portal\/2024\/06\/02\/que-es-la-dialisis\/#primaryimage"},"thumbnailUrl":"https:\/\/www.eldiario.net\/portal\/wp-content\/uploads\/2024\/06\/\u00bfQUE-ES-LA-DIALISIS.jpg","articleSection":["De Salud + vida"],"inLanguage":"es","potentialAction":[{"@type":"CommentAction","name":"Comment","target":["https:\/\/www.eldiario.net\/portal\/2024\/06\/02\/que-es-la-dialisis\/#respond"]}]},{"@type":"WebPage","@id":"https:\/\/www.eldiario.net\/portal\/2024\/06\/02\/que-es-la-dialisis\/","url":"https:\/\/www.eldiario.net\/portal\/2024\/06\/02\/que-es-la-dialisis\/","name":"\u00bfQU\u00c9 ES LA DI\u00c1LISIS? - El Diario - Bolivia","isPartOf":{"@id":"https:\/\/www.eldiario.net\/portal\/#website"},"primaryImageOfPage":{"@id":"https:\/\/www.eldiario.net\/portal\/2024\/06\/02\/que-es-la-dialisis\/#primaryimage"},"image":{"@id":"https:\/\/www.eldiario.net\/portal\/2024\/06\/02\/que-es-la-dialisis\/#primaryimage"},"thumbnailUrl":"https:\/\/www.eldiario.net\/portal\/wp-content\/uploads\/2024\/06\/\u00bfQUE-ES-LA-DIALISIS.jpg","datePublished":"2024-06-02T12:06:47+00:00","breadcrumb":{"@id":"https:\/\/www.eldiario.net\/portal\/2024\/06\/02\/que-es-la-dialisis\/#breadcrumb"},"inLanguage":"es","potentialAction":[{"@type":"ReadAction","target":["https:\/\/www.eldiario.net\/portal\/2024\/06\/02\/que-es-la-dialisis\/"]}]},{"@type":"ImageObject","inLanguage":"es","@id":"https:\/\/www.eldiario.net\/portal\/2024\/06\/02\/que-es-la-dialisis\/#primaryimage","url":"https:\/\/www.eldiario.net\/portal\/wp-content\/uploads\/2024\/06\/\u00bfQUE-ES-LA-DIALISIS.jpg","contentUrl":"https:\/\/www.eldiario.net\/portal\/wp-content\/uploads\/2024\/06\/\u00bfQUE-ES-LA-DIALISIS.jpg","width":1200,"height":814},{"@type":"BreadcrumbList","@id":"https:\/\/www.eldiario.net\/portal\/2024\/06\/02\/que-es-la-dialisis\/#breadcrumb","itemListElement":[{"@type":"ListItem","position":1,"name":"Portada","item":"https:\/\/www.eldiario.net\/portal\/"},{"@type":"ListItem","position":2,"name":"\u00bfQU\u00c9 ES LA DI\u00c1LISIS?"}]},{"@type":"WebSite","@id":"https:\/\/www.eldiario.net\/portal\/#website","url":"https:\/\/www.eldiario.net\/portal\/","name":"El Diario - Decano de la prensa nacional","description":"El Diario - Decano de la prensa nacional","publisher":{"@id":"https:\/\/www.eldiario.net\/portal\/#organization"},"potentialAction":[{"@type":"SearchAction","target":{"@type":"EntryPoint","urlTemplate":"https:\/\/www.eldiario.net\/portal\/?s={search_term_string}"},"query-input":{"@type":"PropertyValueSpecification","valueRequired":true,"valueName":"search_term_string"}}],"inLanguage":"es"},{"@type":"Organization","@id":"https:\/\/www.eldiario.net\/portal\/#organization","name":"El Diario - Decano de la prensa nacional","url":"https:\/\/www.eldiario.net\/portal\/","logo":{"@type":"ImageObject","inLanguage":"es","@id":"https:\/\/www.eldiario.net\/portal\/#\/schema\/logo\/image\/","url":"https:\/\/www.eldiario.net\/portal\/wp-content\/uploads\/2023\/07\/logo_ED.jpg","contentUrl":"https:\/\/www.eldiario.net\/portal\/wp-content\/uploads\/2023\/07\/logo_ED.jpg","width":272,"height":52,"caption":"El Diario - Decano de la prensa nacional"},"image":{"@id":"https:\/\/www.eldiario.net\/portal\/#\/schema\/logo\/image\/"},"sameAs":["https:\/\/www.facebook.com\/eldiario.bolivia\/","https:\/\/x.com\/eldiario_net"]},{"@type":"Person","@id":"https:\/\/www.eldiario.net\/portal\/#\/schema\/person\/2c57cf2b7a7ae032e449e4c9b1019eac","name":"Jeanette","image":{"@type":"ImageObject","inLanguage":"es","@id":"https:\/\/secure.gravatar.com\/avatar\/3ea2118a5f7dad2b7138b1187a6b7ee55f160b9968b66013c3a3ef39dd7e5798?s=96&d=mm&r=g","url":"https:\/\/secure.gravatar.com\/avatar\/3ea2118a5f7dad2b7138b1187a6b7ee55f160b9968b66013c3a3ef39dd7e5798?s=96&d=mm&r=g","contentUrl":"https:\/\/secure.gravatar.com\/avatar\/3ea2118a5f7dad2b7138b1187a6b7ee55f160b9968b66013c3a3ef39dd7e5798?s=96&d=mm&r=g","caption":"Jeanette"},"sameAs":["https:\/\/www.eldiario.net\/portal"],"url":"https:\/\/www.eldiario.net\/portal\/author\/jeanette\/"}]}},"_links":{"self":[{"href":"https:\/\/www.eldiario.net\/portal\/wp-json\/wp\/v2\/posts\/224551","targetHints":{"allow":["GET"]}}],"collection":[{"href":"https:\/\/www.eldiario.net\/portal\/wp-json\/wp\/v2\/posts"}],"about":[{"href":"https:\/\/www.eldiario.net\/portal\/wp-json\/wp\/v2\/types\/post"}],"author":[{"embeddable":true,"href":"https:\/\/www.eldiario.net\/portal\/wp-json\/wp\/v2\/users\/1"}],"replies":[{"embeddable":true,"href":"https:\/\/www.eldiario.net\/portal\/wp-json\/wp\/v2\/comments?post=224551"}],"version-history":[{"count":1,"href":"https:\/\/www.eldiario.net\/portal\/wp-json\/wp\/v2\/posts\/224551\/revisions"}],"predecessor-version":[{"id":224553,"href":"https:\/\/www.eldiario.net\/portal\/wp-json\/wp\/v2\/posts\/224551\/revisions\/224553"}],"wp:featuredmedia":[{"embeddable":true,"href":"https:\/\/www.eldiario.net\/portal\/wp-json\/wp\/v2\/media\/224552"}],"wp:attachment":[{"href":"https:\/\/www.eldiario.net\/portal\/wp-json\/wp\/v2\/media?parent=224551"}],"wp:term":[{"taxonomy":"category","embeddable":true,"href":"https:\/\/www.eldiario.net\/portal\/wp-json\/wp\/v2\/categories?post=224551"},{"taxonomy":"post_tag","embeddable":true,"href":"https:\/\/www.eldiario.net\/portal\/wp-json\/wp\/v2\/tags?post=224551"}],"curies":[{"name":"wp","href":"https:\/\/api.w.org\/{rel}","templated":true}]}}