{"id":224548,"date":"2024-06-02T08:06:13","date_gmt":"2024-06-02T12:06:13","guid":{"rendered":"https:\/\/www.eldiario.net\/portal\/?p=224548"},"modified":"2024-06-02T08:06:13","modified_gmt":"2024-06-02T12:06:13","slug":"que-es-la-migrana","status":"publish","type":"post","link":"https:\/\/www.eldiario.net\/portal\/2024\/06\/02\/que-es-la-migrana\/","title":{"rendered":"\u00bfQU\u00c9 ES LA MIGRA\u00d1A?"},"content":{"rendered":"<p>Lic. Lupe Fern\u00e1ndez &#8211; Enfermera<\/p>\n<p>&nbsp;<\/p>\n<p>La migra\u00f1a es una patolog\u00eda Neurol\u00f3gica se presenta con un dolor \u00a0de cabeza \u00a0moderado a grave con un \u00a0intenso dolor puls\u00e1til usualmente acompa\u00f1ada de n\u00e1useas , v\u00f3mitos, \u00a0sensibilidad a la luz (fotofobia )y al sonido (ruido) empeorando con el esfuerzo f\u00edsico o olores en el ambiente puede durar horas o d\u00edas es una enfermedad extremadamente incapacitante\u00a0 para las personas que sufren afecta a la parte frontal o todo el cr\u00e1neo, causada por una actividad anormal del cerebro \u00a0el nervio trig\u00e9mino se encuentra en la cabeza una rama de este nervio \u00a0se conecta a los vasos sangu\u00edneos de las meninges del cerebro y esta se inflama provocando dolor intenso pulsante de cabeza (migra\u00f1a).<\/p>\n<p>Las migra\u00f1as pueden presentarse en ni\u00f1os j\u00f3venes y adultos mayor desde los 10 a 55 a\u00f1os de edad afectando a las mujeres en mayor magnitud asociadas a cambios hormonales, gen\u00e9ticos, etc. nivel mundial m\u00e1s del 50% son afectados con esta enfermedad.<\/p>\n<p>\u00bfC\u00d3MO SE CLASIFICA?<\/p>\n<p>Migra\u00f1a sin aura; se presenta con dolores de cabeza o cefaleas epis\u00f3dicas<\/p>\n<p>Migra\u00f1a con aura: puede afectar la sensibilidad el equilibrio la coordinaci\u00f3n muscular antes del inicio de la migra\u00f1a presenta en el \u00e1rea visual de ambos ojos arcos de luces centellantes rel\u00e1mpagos brillantes aparici\u00f3n de parestesias entumecimiento comienza en la mano brazo cara en un lado del cuerpo o una sensaci\u00f3n de hormigueo rostro o lengua trastornos en el lenguaje en algunos casos la migra\u00f1a se puede presentar sin cefalea.<\/p>\n<p>Migra\u00f1a hemipl\u00e9jica: \u00a0es muy rara, pero por su importancia es necesario tomar en cuenta este tipo de migra\u00f1a que puede confundirse con otra patolog\u00eda, puede la persona presentar debilidad en un lado del cuerpo (Hemiplejia) est\u00e9 tambi\u00e9n es un signo de accidente Cerebro Vascular inmediatamente debe acudir a un Hospital para su tratamiento urgente!!<\/p>\n<p>\u00bfCU\u00c1LES SON LOS FACTORES QU\u00c9 PREDISPONEN DE LA MIGRA\u00d1A?<\/p>\n<p>Ansiedad y Depresi\u00f3n: necesaria la relajaci\u00f3n<\/p>\n<p>Edad: en ni\u00f1os y en la pubertad por los cambios hormonales padecen esta enfermedad<\/p>\n<p>Hormonas: la migra\u00f1a empeora con la ovulaci\u00f3n o menstruaci\u00f3n, el uso d1e anticonceptivos orales, durante el embarazo.<\/p>\n<p>Falta o exceso de sue\u00f1o: puede ser un desencadenante de migra\u00f1a.<\/p>\n<p>Factores Medioambientales: luces fluorescentes o deslumbrantes, olores ambientales.<\/p>\n<p>Alimentaci\u00f3n: el ayuno puede ser preponderante para la aparici\u00f3n de la migra\u00f1a<\/p>\n<p>Herencia: no definido, pero algunos si con antecedentes familiares puede presentar episodios de migra\u00f1a.<\/p>\n<p>\u00bfCU\u00c1LES SON LOS SIGNOS Y S\u00cdNTOMAS DE LA MIGRA\u00d1A?<\/p>\n<p>Fatiga<\/p>\n<p>Mareos<\/p>\n<p>Nauseas<\/p>\n<p>Dolor de cabeza intenso<\/p>\n<p>Sensibilidad a la luz, sonido o olores ambientales<\/p>\n<p>Alteraciones visuales (aura)<\/p>\n<p>\u00bfC\u00d3MO PREVENIR?<\/p>\n<p>No al consumo de alimentos (alcohol, cafe\u00edna, chocolates, queso etc.)<\/p>\n<p>No a la automedicaci\u00f3n<\/p>\n<p>Evitar la tensi\u00f3n emocional<\/p>\n<p>No alterar patrones de sue\u00f1o (horarios necesarios)<\/p>\n<p>Estr\u00e9s Laboral (evitar)<\/p>\n<p>A nivel mundial es una de las enfermedades que ocupa el tercer puesto dentro de las patolog\u00edas m\u00e1s frecuentes por su afecci\u00f3n m\u00e1s del 50 % de la poblaci\u00f3n mundial se encuentra afectados en el pa\u00eds actualmente m\u00e1s del 30% las afectadas son mujeres que hombres por su importancia es necesario acudir al Hospital o Centro de Salud para la atenci\u00f3n de M\u00e9dicos Especialistas en Neurolog\u00eda Enfermeras T\u00e9cnico en Rx etc.<\/p>\n<p>&nbsp;<\/p>\n<p>\u201cAPRECIA Y VALORA TU SALUD TODOS LOS D\u00cdAS\u201d<\/p>\n<p><strong>\u00a0<\/strong><\/p>\n<p><strong>\u00a0<\/strong><\/p>\n","protected":false},"excerpt":{"rendered":"<p>Lic. Lupe Fern\u00e1ndez &#8211; Enfermera &nbsp; La migra\u00f1a es una patolog\u00eda Neurol\u00f3gica se presenta con un dolor \u00a0de cabeza \u00a0moderado a grave con un \u00a0intenso dolor puls\u00e1til usualmente acompa\u00f1ada de n\u00e1useas , v\u00f3mitos, \u00a0sensibilidad a la luz (fotofobia )y al sonido (ruido) empeorando con el esfuerzo f\u00edsico o olores en el ambiente puede durar horas [&hellip;]<\/p>\n","protected":false},"author":1,"featured_media":224549,"comment_status":"open","ping_status":"open","sticky":false,"template":"","format":"standard","meta":{"_acf_changed":false,"footnotes":""},"categories":[52],"tags":[],"class_list":["post-224548","post","type-post","status-publish","format-standard","has-post-thumbnail","category-de-salud-mas-vida"],"acf":{"antetitulo":""},"yoast_head":"<!-- This site is optimized with the Yoast SEO plugin v28.4 - https:\/\/yoast.com\/product\/yoast-seo-wordpress\/ -->\n<title>\u00bfQU\u00c9 ES LA MIGRA\u00d1A? - El Diario - Bolivia<\/title>\n<meta name=\"robots\" content=\"index, follow, max-snippet:-1, max-image-preview:large, max-video-preview:-1\" \/>\n<link rel=\"canonical\" href=\"https:\/\/www.eldiario.net\/portal\/2024\/06\/02\/que-es-la-migrana\/\" \/>\n<meta property=\"og:locale\" content=\"es_ES\" \/>\n<meta property=\"og:type\" content=\"article\" \/>\n<meta property=\"og:title\" content=\"\u00bfQU\u00c9 ES LA MIGRA\u00d1A? - El Diario - Bolivia\" \/>\n<meta property=\"og:description\" content=\"Lic. Lupe Fern\u00e1ndez &#8211; Enfermera &nbsp; La migra\u00f1a es una patolog\u00eda Neurol\u00f3gica se presenta con un dolor \u00a0de cabeza \u00a0moderado a grave con un \u00a0intenso dolor puls\u00e1til usualmente acompa\u00f1ada de n\u00e1useas , v\u00f3mitos, \u00a0sensibilidad a la luz (fotofobia )y al sonido (ruido) empeorando con el esfuerzo f\u00edsico o olores en el ambiente puede durar horas [&hellip;]\" \/>\n<meta property=\"og:url\" content=\"https:\/\/www.eldiario.net\/portal\/2024\/06\/02\/que-es-la-migrana\/\" \/>\n<meta property=\"og:site_name\" content=\"El Diario - Bolivia\" \/>\n<meta property=\"article:publisher\" content=\"https:\/\/www.facebook.com\/eldiario.bolivia\/\" \/>\n<meta property=\"article:published_time\" content=\"2024-06-02T12:06:13+00:00\" \/>\n<meta property=\"og:image\" content=\"https:\/\/www.eldiario.net\/portal\/wp-content\/uploads\/2024\/06\/\u00bfQUE-ES-LA-MIGRANA.jpg\" \/>\n\t<meta property=\"og:image:width\" content=\"467\" \/>\n\t<meta property=\"og:image:height\" content=\"564\" \/>\n\t<meta property=\"og:image:type\" content=\"image\/jpeg\" \/>\n<meta name=\"author\" content=\"Jeanette\" \/>\n<meta name=\"twitter:card\" content=\"summary_large_image\" \/>\n<meta name=\"twitter:creator\" content=\"@eldiario_net\" \/>\n<meta name=\"twitter:site\" content=\"@eldiario_net\" \/>\n<meta name=\"twitter:label1\" content=\"Escrito por\" \/>\n\t<meta name=\"twitter:data1\" content=\"Jeanette\" \/>\n\t<meta name=\"twitter:label2\" content=\"Tiempo de lectura\" \/>\n\t<meta name=\"twitter:data2\" content=\"3 minutos\" \/>\n<script type=\"application\/ld+json\" class=\"yoast-schema-graph\">{\"@context\":\"https:\\\/\\\/schema.org\",\"@graph\":[{\"@type\":\"Article\",\"@id\":\"https:\\\/\\\/www.eldiario.net\\\/portal\\\/2024\\\/06\\\/02\\\/que-es-la-migrana\\\/#article\",\"isPartOf\":{\"@id\":\"https:\\\/\\\/www.eldiario.net\\\/portal\\\/2024\\\/06\\\/02\\\/que-es-la-migrana\\\/\"},\"author\":{\"name\":\"Jeanette\",\"@id\":\"https:\\\/\\\/www.eldiario.net\\\/portal\\\/#\\\/schema\\\/person\\\/2c57cf2b7a7ae032e449e4c9b1019eac\"},\"headline\":\"\u00bfQU\u00c9 ES LA MIGRA\u00d1A?\",\"datePublished\":\"2024-06-02T12:06:13+00:00\",\"mainEntityOfPage\":{\"@id\":\"https:\\\/\\\/www.eldiario.net\\\/portal\\\/2024\\\/06\\\/02\\\/que-es-la-migrana\\\/\"},\"wordCount\":594,\"commentCount\":0,\"publisher\":{\"@id\":\"https:\\\/\\\/www.eldiario.net\\\/portal\\\/#organization\"},\"image\":{\"@id\":\"https:\\\/\\\/www.eldiario.net\\\/portal\\\/2024\\\/06\\\/02\\\/que-es-la-migrana\\\/#primaryimage\"},\"thumbnailUrl\":\"https:\\\/\\\/www.eldiario.net\\\/portal\\\/wp-content\\\/uploads\\\/2024\\\/06\\\/\u00bfQUE-ES-LA-MIGRANA.jpg\",\"articleSection\":[\"De Salud + vida\"],\"inLanguage\":\"es\",\"potentialAction\":[{\"@type\":\"CommentAction\",\"name\":\"Comment\",\"target\":[\"https:\\\/\\\/www.eldiario.net\\\/portal\\\/2024\\\/06\\\/02\\\/que-es-la-migrana\\\/#respond\"]}]},{\"@type\":\"WebPage\",\"@id\":\"https:\\\/\\\/www.eldiario.net\\\/portal\\\/2024\\\/06\\\/02\\\/que-es-la-migrana\\\/\",\"url\":\"https:\\\/\\\/www.eldiario.net\\\/portal\\\/2024\\\/06\\\/02\\\/que-es-la-migrana\\\/\",\"name\":\"\u00bfQU\u00c9 ES LA MIGRA\u00d1A? - El Diario - Bolivia\",\"isPartOf\":{\"@id\":\"https:\\\/\\\/www.eldiario.net\\\/portal\\\/#website\"},\"primaryImageOfPage\":{\"@id\":\"https:\\\/\\\/www.eldiario.net\\\/portal\\\/2024\\\/06\\\/02\\\/que-es-la-migrana\\\/#primaryimage\"},\"image\":{\"@id\":\"https:\\\/\\\/www.eldiario.net\\\/portal\\\/2024\\\/06\\\/02\\\/que-es-la-migrana\\\/#primaryimage\"},\"thumbnailUrl\":\"https:\\\/\\\/www.eldiario.net\\\/portal\\\/wp-content\\\/uploads\\\/2024\\\/06\\\/\u00bfQUE-ES-LA-MIGRANA.jpg\",\"datePublished\":\"2024-06-02T12:06:13+00:00\",\"breadcrumb\":{\"@id\":\"https:\\\/\\\/www.eldiario.net\\\/portal\\\/2024\\\/06\\\/02\\\/que-es-la-migrana\\\/#breadcrumb\"},\"inLanguage\":\"es\",\"potentialAction\":[{\"@type\":\"ReadAction\",\"target\":[\"https:\\\/\\\/www.eldiario.net\\\/portal\\\/2024\\\/06\\\/02\\\/que-es-la-migrana\\\/\"]}]},{\"@type\":\"ImageObject\",\"inLanguage\":\"es\",\"@id\":\"https:\\\/\\\/www.eldiario.net\\\/portal\\\/2024\\\/06\\\/02\\\/que-es-la-migrana\\\/#primaryimage\",\"url\":\"https:\\\/\\\/www.eldiario.net\\\/portal\\\/wp-content\\\/uploads\\\/2024\\\/06\\\/\u00bfQUE-ES-LA-MIGRANA.jpg\",\"contentUrl\":\"https:\\\/\\\/www.eldiario.net\\\/portal\\\/wp-content\\\/uploads\\\/2024\\\/06\\\/\u00bfQUE-ES-LA-MIGRANA.jpg\",\"width\":467,\"height\":564},{\"@type\":\"BreadcrumbList\",\"@id\":\"https:\\\/\\\/www.eldiario.net\\\/portal\\\/2024\\\/06\\\/02\\\/que-es-la-migrana\\\/#breadcrumb\",\"itemListElement\":[{\"@type\":\"ListItem\",\"position\":1,\"name\":\"Portada\",\"item\":\"https:\\\/\\\/www.eldiario.net\\\/portal\\\/\"},{\"@type\":\"ListItem\",\"position\":2,\"name\":\"\u00bfQU\u00c9 ES LA MIGRA\u00d1A?\"}]},{\"@type\":\"WebSite\",\"@id\":\"https:\\\/\\\/www.eldiario.net\\\/portal\\\/#website\",\"url\":\"https:\\\/\\\/www.eldiario.net\\\/portal\\\/\",\"name\":\"El Diario - Decano de la prensa nacional\",\"description\":\"El Diario - Decano de la prensa nacional\",\"publisher\":{\"@id\":\"https:\\\/\\\/www.eldiario.net\\\/portal\\\/#organization\"},\"potentialAction\":[{\"@type\":\"SearchAction\",\"target\":{\"@type\":\"EntryPoint\",\"urlTemplate\":\"https:\\\/\\\/www.eldiario.net\\\/portal\\\/?s={search_term_string}\"},\"query-input\":{\"@type\":\"PropertyValueSpecification\",\"valueRequired\":true,\"valueName\":\"search_term_string\"}}],\"inLanguage\":\"es\"},{\"@type\":\"Organization\",\"@id\":\"https:\\\/\\\/www.eldiario.net\\\/portal\\\/#organization\",\"name\":\"El Diario - Decano de la prensa nacional\",\"url\":\"https:\\\/\\\/www.eldiario.net\\\/portal\\\/\",\"logo\":{\"@type\":\"ImageObject\",\"inLanguage\":\"es\",\"@id\":\"https:\\\/\\\/www.eldiario.net\\\/portal\\\/#\\\/schema\\\/logo\\\/image\\\/\",\"url\":\"https:\\\/\\\/www.eldiario.net\\\/portal\\\/wp-content\\\/uploads\\\/2023\\\/07\\\/logo_ED.jpg\",\"contentUrl\":\"https:\\\/\\\/www.eldiario.net\\\/portal\\\/wp-content\\\/uploads\\\/2023\\\/07\\\/logo_ED.jpg\",\"width\":272,\"height\":52,\"caption\":\"El Diario - Decano de la prensa nacional\"},\"image\":{\"@id\":\"https:\\\/\\\/www.eldiario.net\\\/portal\\\/#\\\/schema\\\/logo\\\/image\\\/\"},\"sameAs\":[\"https:\\\/\\\/www.facebook.com\\\/eldiario.bolivia\\\/\",\"https:\\\/\\\/x.com\\\/eldiario_net\"]},{\"@type\":\"Person\",\"@id\":\"https:\\\/\\\/www.eldiario.net\\\/portal\\\/#\\\/schema\\\/person\\\/2c57cf2b7a7ae032e449e4c9b1019eac\",\"name\":\"Jeanette\",\"image\":{\"@type\":\"ImageObject\",\"inLanguage\":\"es\",\"@id\":\"https:\\\/\\\/secure.gravatar.com\\\/avatar\\\/3ea2118a5f7dad2b7138b1187a6b7ee55f160b9968b66013c3a3ef39dd7e5798?s=96&d=mm&r=g\",\"url\":\"https:\\\/\\\/secure.gravatar.com\\\/avatar\\\/3ea2118a5f7dad2b7138b1187a6b7ee55f160b9968b66013c3a3ef39dd7e5798?s=96&d=mm&r=g\",\"contentUrl\":\"https:\\\/\\\/secure.gravatar.com\\\/avatar\\\/3ea2118a5f7dad2b7138b1187a6b7ee55f160b9968b66013c3a3ef39dd7e5798?s=96&d=mm&r=g\",\"caption\":\"Jeanette\"},\"sameAs\":[\"https:\\\/\\\/www.eldiario.net\\\/portal\"],\"url\":\"https:\\\/\\\/www.eldiario.net\\\/portal\\\/author\\\/jeanette\\\/\"}]}<\/script>\n<!-- \/ Yoast SEO plugin. -->","yoast_head_json":{"title":"\u00bfQU\u00c9 ES LA MIGRA\u00d1A? - El Diario - Bolivia","robots":{"index":"index","follow":"follow","max-snippet":"max-snippet:-1","max-image-preview":"max-image-preview:large","max-video-preview":"max-video-preview:-1"},"canonical":"https:\/\/www.eldiario.net\/portal\/2024\/06\/02\/que-es-la-migrana\/","og_locale":"es_ES","og_type":"article","og_title":"\u00bfQU\u00c9 ES LA MIGRA\u00d1A? - El Diario - Bolivia","og_description":"Lic. Lupe Fern\u00e1ndez &#8211; Enfermera &nbsp; La migra\u00f1a es una patolog\u00eda Neurol\u00f3gica se presenta con un dolor \u00a0de cabeza \u00a0moderado a grave con un \u00a0intenso dolor puls\u00e1til usualmente acompa\u00f1ada de n\u00e1useas , v\u00f3mitos, \u00a0sensibilidad a la luz (fotofobia )y al sonido (ruido) empeorando con el esfuerzo f\u00edsico o olores en el ambiente puede durar horas [&hellip;]","og_url":"https:\/\/www.eldiario.net\/portal\/2024\/06\/02\/que-es-la-migrana\/","og_site_name":"El Diario - Bolivia","article_publisher":"https:\/\/www.facebook.com\/eldiario.bolivia\/","article_published_time":"2024-06-02T12:06:13+00:00","og_image":[{"width":467,"height":564,"url":"https:\/\/www.eldiario.net\/portal\/wp-content\/uploads\/2024\/06\/\u00bfQUE-ES-LA-MIGRANA.jpg","type":"image\/jpeg"}],"author":"Jeanette","twitter_card":"summary_large_image","twitter_creator":"@eldiario_net","twitter_site":"@eldiario_net","twitter_misc":{"Escrito por":"Jeanette","Tiempo de lectura":"3 minutos"},"schema":{"@context":"https:\/\/schema.org","@graph":[{"@type":"Article","@id":"https:\/\/www.eldiario.net\/portal\/2024\/06\/02\/que-es-la-migrana\/#article","isPartOf":{"@id":"https:\/\/www.eldiario.net\/portal\/2024\/06\/02\/que-es-la-migrana\/"},"author":{"name":"Jeanette","@id":"https:\/\/www.eldiario.net\/portal\/#\/schema\/person\/2c57cf2b7a7ae032e449e4c9b1019eac"},"headline":"\u00bfQU\u00c9 ES LA MIGRA\u00d1A?","datePublished":"2024-06-02T12:06:13+00:00","mainEntityOfPage":{"@id":"https:\/\/www.eldiario.net\/portal\/2024\/06\/02\/que-es-la-migrana\/"},"wordCount":594,"commentCount":0,"publisher":{"@id":"https:\/\/www.eldiario.net\/portal\/#organization"},"image":{"@id":"https:\/\/www.eldiario.net\/portal\/2024\/06\/02\/que-es-la-migrana\/#primaryimage"},"thumbnailUrl":"https:\/\/www.eldiario.net\/portal\/wp-content\/uploads\/2024\/06\/\u00bfQUE-ES-LA-MIGRANA.jpg","articleSection":["De Salud + vida"],"inLanguage":"es","potentialAction":[{"@type":"CommentAction","name":"Comment","target":["https:\/\/www.eldiario.net\/portal\/2024\/06\/02\/que-es-la-migrana\/#respond"]}]},{"@type":"WebPage","@id":"https:\/\/www.eldiario.net\/portal\/2024\/06\/02\/que-es-la-migrana\/","url":"https:\/\/www.eldiario.net\/portal\/2024\/06\/02\/que-es-la-migrana\/","name":"\u00bfQU\u00c9 ES LA MIGRA\u00d1A? - El Diario - Bolivia","isPartOf":{"@id":"https:\/\/www.eldiario.net\/portal\/#website"},"primaryImageOfPage":{"@id":"https:\/\/www.eldiario.net\/portal\/2024\/06\/02\/que-es-la-migrana\/#primaryimage"},"image":{"@id":"https:\/\/www.eldiario.net\/portal\/2024\/06\/02\/que-es-la-migrana\/#primaryimage"},"thumbnailUrl":"https:\/\/www.eldiario.net\/portal\/wp-content\/uploads\/2024\/06\/\u00bfQUE-ES-LA-MIGRANA.jpg","datePublished":"2024-06-02T12:06:13+00:00","breadcrumb":{"@id":"https:\/\/www.eldiario.net\/portal\/2024\/06\/02\/que-es-la-migrana\/#breadcrumb"},"inLanguage":"es","potentialAction":[{"@type":"ReadAction","target":["https:\/\/www.eldiario.net\/portal\/2024\/06\/02\/que-es-la-migrana\/"]}]},{"@type":"ImageObject","inLanguage":"es","@id":"https:\/\/www.eldiario.net\/portal\/2024\/06\/02\/que-es-la-migrana\/#primaryimage","url":"https:\/\/www.eldiario.net\/portal\/wp-content\/uploads\/2024\/06\/\u00bfQUE-ES-LA-MIGRANA.jpg","contentUrl":"https:\/\/www.eldiario.net\/portal\/wp-content\/uploads\/2024\/06\/\u00bfQUE-ES-LA-MIGRANA.jpg","width":467,"height":564},{"@type":"BreadcrumbList","@id":"https:\/\/www.eldiario.net\/portal\/2024\/06\/02\/que-es-la-migrana\/#breadcrumb","itemListElement":[{"@type":"ListItem","position":1,"name":"Portada","item":"https:\/\/www.eldiario.net\/portal\/"},{"@type":"ListItem","position":2,"name":"\u00bfQU\u00c9 ES LA MIGRA\u00d1A?"}]},{"@type":"WebSite","@id":"https:\/\/www.eldiario.net\/portal\/#website","url":"https:\/\/www.eldiario.net\/portal\/","name":"El Diario - Decano de la prensa nacional","description":"El Diario - Decano de la prensa nacional","publisher":{"@id":"https:\/\/www.eldiario.net\/portal\/#organization"},"potentialAction":[{"@type":"SearchAction","target":{"@type":"EntryPoint","urlTemplate":"https:\/\/www.eldiario.net\/portal\/?s={search_term_string}"},"query-input":{"@type":"PropertyValueSpecification","valueRequired":true,"valueName":"search_term_string"}}],"inLanguage":"es"},{"@type":"Organization","@id":"https:\/\/www.eldiario.net\/portal\/#organization","name":"El Diario - Decano de la prensa nacional","url":"https:\/\/www.eldiario.net\/portal\/","logo":{"@type":"ImageObject","inLanguage":"es","@id":"https:\/\/www.eldiario.net\/portal\/#\/schema\/logo\/image\/","url":"https:\/\/www.eldiario.net\/portal\/wp-content\/uploads\/2023\/07\/logo_ED.jpg","contentUrl":"https:\/\/www.eldiario.net\/portal\/wp-content\/uploads\/2023\/07\/logo_ED.jpg","width":272,"height":52,"caption":"El Diario - Decano de la prensa nacional"},"image":{"@id":"https:\/\/www.eldiario.net\/portal\/#\/schema\/logo\/image\/"},"sameAs":["https:\/\/www.facebook.com\/eldiario.bolivia\/","https:\/\/x.com\/eldiario_net"]},{"@type":"Person","@id":"https:\/\/www.eldiario.net\/portal\/#\/schema\/person\/2c57cf2b7a7ae032e449e4c9b1019eac","name":"Jeanette","image":{"@type":"ImageObject","inLanguage":"es","@id":"https:\/\/secure.gravatar.com\/avatar\/3ea2118a5f7dad2b7138b1187a6b7ee55f160b9968b66013c3a3ef39dd7e5798?s=96&d=mm&r=g","url":"https:\/\/secure.gravatar.com\/avatar\/3ea2118a5f7dad2b7138b1187a6b7ee55f160b9968b66013c3a3ef39dd7e5798?s=96&d=mm&r=g","contentUrl":"https:\/\/secure.gravatar.com\/avatar\/3ea2118a5f7dad2b7138b1187a6b7ee55f160b9968b66013c3a3ef39dd7e5798?s=96&d=mm&r=g","caption":"Jeanette"},"sameAs":["https:\/\/www.eldiario.net\/portal"],"url":"https:\/\/www.eldiario.net\/portal\/author\/jeanette\/"}]}},"_links":{"self":[{"href":"https:\/\/www.eldiario.net\/portal\/wp-json\/wp\/v2\/posts\/224548","targetHints":{"allow":["GET"]}}],"collection":[{"href":"https:\/\/www.eldiario.net\/portal\/wp-json\/wp\/v2\/posts"}],"about":[{"href":"https:\/\/www.eldiario.net\/portal\/wp-json\/wp\/v2\/types\/post"}],"author":[{"embeddable":true,"href":"https:\/\/www.eldiario.net\/portal\/wp-json\/wp\/v2\/users\/1"}],"replies":[{"embeddable":true,"href":"https:\/\/www.eldiario.net\/portal\/wp-json\/wp\/v2\/comments?post=224548"}],"version-history":[{"count":1,"href":"https:\/\/www.eldiario.net\/portal\/wp-json\/wp\/v2\/posts\/224548\/revisions"}],"predecessor-version":[{"id":224550,"href":"https:\/\/www.eldiario.net\/portal\/wp-json\/wp\/v2\/posts\/224548\/revisions\/224550"}],"wp:featuredmedia":[{"embeddable":true,"href":"https:\/\/www.eldiario.net\/portal\/wp-json\/wp\/v2\/media\/224549"}],"wp:attachment":[{"href":"https:\/\/www.eldiario.net\/portal\/wp-json\/wp\/v2\/media?parent=224548"}],"wp:term":[{"taxonomy":"category","embeddable":true,"href":"https:\/\/www.eldiario.net\/portal\/wp-json\/wp\/v2\/categories?post=224548"},{"taxonomy":"post_tag","embeddable":true,"href":"https:\/\/www.eldiario.net\/portal\/wp-json\/wp\/v2\/tags?post=224548"}],"curies":[{"name":"wp","href":"https:\/\/api.w.org\/{rel}","templated":true}]}}