{"id":224535,"date":"2024-06-02T08:01:24","date_gmt":"2024-06-02T12:01:24","guid":{"rendered":"https:\/\/www.eldiario.net\/portal\/?p=224535"},"modified":"2024-06-02T08:02:36","modified_gmt":"2024-06-02T12:02:36","slug":"alteraciones-posturales-en-el-adulto-mayor","status":"publish","type":"post","link":"https:\/\/www.eldiario.net\/portal\/2024\/06\/02\/alteraciones-posturales-en-el-adulto-mayor\/","title":{"rendered":"ALTERACIONES POSTURALES EN EL ADULTO MAYOR"},"content":{"rendered":"<p><strong>Lic. Jaime Julio Ticona Pardo Fisioterapeuta Kinesi\u00f3logo UMSA, MAT-PROF. T-18. Ref. 72556224<\/strong><\/p>\n<p>Uno de los problemas\u00a0 que es muy com\u00fan en la etapa adulta mayor son las alteraciones posturales, estas alteraciones o desviaciones de las alineaciones en las estructuras naturales del cuerpo que conforman la postura, especialmente de la\u00a0 columna, son originadas en algunos casos por h\u00e1bitos cotidianos como ser la actitud postural en el trabajo, ya que muchas actividades laborales demandan estar parados continuamente, otros sentados e incluso de cuclillas y ello sumados por m\u00e1s de 4 hasta 8 horas continuas, como son los casos del personal de salud, docentes, agentes de tr\u00e1nsito, alba\u00f1iles, oficinistas, dise\u00f1adores, programadores, etc.<\/p>\n<p><strong>\u00bfQu\u00e9 tipo de alteraciones se presentan? <\/strong><\/p>\n<p>A parte de estos antecedentes cabe resaltar que la estructura \u00f3sea particularmente la de la columna vertebral, en el adulto mayor por diversos factores tiene la tendencia a Sufrir diversos deterioros y\/o alteraciones, como por ejemplo:\u00a0 la p\u00e9rdida del grosor en los discos intervertebrales, el cual puede conllevar a una disminuci\u00f3n considerables de la estatura. Dentro de estas alteraciones de origen ya considerado patol\u00f3gico tendremos a:<\/p>\n<ul>\n<li>La hipercifosis (joroba).<\/li>\n<li>La hiperlordosis lumbar.<\/li>\n<li>y la escoliosis.<\/li>\n<\/ul>\n<p>El desgaste o la degeneraci\u00f3n de las v\u00e9rtebras ya sea por afecciones t\u00edpicas como la artrosis, las secuelas de infecciones en el raquis, diversos traumatismos, fracturas, luxaciones, compresiones radiculares, secuelas post operatorias, pr\u00f3tesis de cadera, pr\u00f3tesis de rodilla, fracturas proximales y distales de miembro inferior e incluso las displasias de cadera no tratadas. Dar\u00e1n como resultado las mencionadas alteraciones.<\/p>\n<p><strong>\u00bfEs normal padecer estas afecciones?<\/strong><\/p>\n<p>Si bien se considera a estos cambios estructurales como parte de una \u201cnormalidad\u201d, en cuanto a un envejecimiento org\u00e1nico se refiere, en cierta manera no deber\u00edan serlo, ya que estas alteraciones son mayormente visibles en personas que no le dieron la importancia necesaria al movimiento y la actividad f\u00edsica, como factores preventivos.<\/p>\n<p><strong>\u00bfCu\u00e1les son las consecuencias?<\/strong><\/p>\n<p>El dolor es una de las mayores consecuencias en cualquiera de estas alteraciones, mismas que afectan de tal manera que llegan a afectar inclusive hasta en el desplazamiento, el traslado y la marcha de los adultos mayores, como el cl\u00e1sico \u201clumbago\u201d, la Ci\u00e1tica, deformaciones de la espina dorsal, las discopat\u00edas y las cervicalgias o dolor de cuello.<\/p>\n<p><strong>\u00bfQu\u00e9 Hacer?<\/strong><\/p>\n<p>Lo m\u00e1s ideal en estos casos ser\u00e1 siempre acudir a un profesional m\u00e9dico, el cual trabajar\u00e1 con un equipo multidisciplinario como ser: traumat\u00f3logo, neur\u00f3logo, m\u00e9dico rehabilitador, Fisioterapeuta Kinesi\u00f3logo, Nutricionista y personal de enfermer\u00eda.<\/p>\n<p>\u201cEL MOVIENTO ES PARTE ESENCIAL PARA MANTENER UNA VIDA ACTIVA\u201d<\/p>\n\r\n                <style type=\"text\/css\">\r\n                    \r\n                    #tdi_1  .td-doubleSlider-2 .td-item1 {\r\n                        background: url(https:\/\/www.eldiario.net\/portal\/wp-content\/uploads\/2024\/06\/ALTERACIONES-POSTURALES-EN-EL-ADULTO-MAYOR2-80x60.jpg) 0 0 no-repeat;\r\n                    }\r\n                    #tdi_1  .td-doubleSlider-2 .td-item2 {\r\n                        background: url(https:\/\/www.eldiario.net\/portal\/wp-content\/uploads\/2024\/06\/ALTERACIONES-POSTURALES-EN-EL-ADULTO-MAYOR-80x60.jpg) 0 0 no-repeat;\r\n                    }\r\n                    #tdi_1  .td-doubleSlider-2 .td-item3 {\r\n                        background: url(https:\/\/www.eldiario.net\/portal\/wp-content\/uploads\/2024\/06\/ALTERACIONES-POSTURALES-EN-EL-ADULTO-MAYOR-3-80x60.jpg) 0 0 no-repeat;\r\n                    }\r\n                    #tdi_1  .td-doubleSlider-2 .td-item4 {\r\n                        background: url(https:\/\/www.eldiario.net\/portal\/wp-content\/uploads\/2024\/06\/ALTERACIONES-POSTURALES-EN-EL-ADULTO-MAYOR-2-80x60.jpg) 0 0 no-repeat;\r\n                    }\r\n                <\/style>\r\n\r\n                <div id=\"tdi_1\" class=\"td-gallery td-slide-on-2-columns\">\r\n                    <div class=\"post_td_gallery\">\r\n                        <div class=\"td-gallery-slide-top\">\r\n                           <div class=\"td-gallery-title\"><\/div>\r\n\r\n                            <div class=\"td-gallery-controls-wrapper\">\r\n                                <div class=\"td-gallery-slide-count\"><span class=\"td-gallery-slide-item-focus\">1<\/span> de 4<\/div>\r\n                                <div class=\"td-gallery-slide-prev-next-but\">\r\n                                    <i class = \"td-icon-left doubleSliderPrevButton\"><\/i>\r\n                                    <i class = \"td-icon-right doubleSliderNextButton\"><\/i>\r\n                                <\/div>\r\n                            <\/div>\r\n                        <\/div>\r\n\r\n                        <div class = \"td-doubleSlider-1 \">\r\n                            <div class = \"td-slider\">\r\n                                \r\n                    <div class = \"td-slide-item td-item1\">\r\n                        <figure class=\"td-slide-galery-figure td-slide-popup-gallery\">\r\n                            <a class=\"slide-gallery-image-link\" href=\"https:\/\/www.eldiario.net\/portal\/wp-content\/uploads\/2024\/06\/ALTERACIONES-POSTURALES-EN-EL-ADULTO-MAYOR2.jpg\" title=\"ALTERACIONES-POSTURALES-EN-EL-ADULTO-MAYOR2\"  data-caption=\"\"  data-description=\"\">\r\n                                <img decoding=\"async\" src=\"https:\/\/www.eldiario.net\/portal\/wp-content\/uploads\/2024\/06\/ALTERACIONES-POSTURALES-EN-EL-ADULTO-MAYOR2.jpg\" srcset=\"https:\/\/www.eldiario.net\/portal\/wp-content\/uploads\/2024\/06\/ALTERACIONES-POSTURALES-EN-EL-ADULTO-MAYOR2.jpg 600w, https:\/\/www.eldiario.net\/portal\/wp-content\/uploads\/2024\/06\/ALTERACIONES-POSTURALES-EN-EL-ADULTO-MAYOR2-300x200.jpg 300w\" sizes=\"(max-width: 600px) 100vw, 600px\" alt=\"\">\r\n                            <\/a>\r\n                            \r\n                        <\/figure>\r\n                    <\/div>\r\n                    <div class = \"td-slide-item td-item2\">\r\n                        <figure class=\"td-slide-galery-figure td-slide-popup-gallery\">\r\n                            <a class=\"slide-gallery-image-link\" href=\"https:\/\/www.eldiario.net\/portal\/wp-content\/uploads\/2024\/06\/ALTERACIONES-POSTURALES-EN-EL-ADULTO-MAYOR.jpg\" title=\"ALTERACIONES-POSTURALES-EN-EL-ADULTO-MAYOR\"  data-caption=\"\"  data-description=\"\">\r\n                                <img decoding=\"async\" src=\"https:\/\/www.eldiario.net\/portal\/wp-content\/uploads\/2024\/06\/ALTERACIONES-POSTURALES-EN-EL-ADULTO-MAYOR-747x420.jpg\" srcset=\"https:\/\/www.eldiario.net\/portal\/wp-content\/uploads\/2024\/06\/ALTERACIONES-POSTURALES-EN-EL-ADULTO-MAYOR-747x420.jpg 747w, https:\/\/www.eldiario.net\/portal\/wp-content\/uploads\/2024\/06\/ALTERACIONES-POSTURALES-EN-EL-ADULTO-MAYOR-300x169.jpg 300w, https:\/\/www.eldiario.net\/portal\/wp-content\/uploads\/2024\/06\/ALTERACIONES-POSTURALES-EN-EL-ADULTO-MAYOR-1024x576.jpg 1024w, https:\/\/www.eldiario.net\/portal\/wp-content\/uploads\/2024\/06\/ALTERACIONES-POSTURALES-EN-EL-ADULTO-MAYOR-768x432.jpg 768w, https:\/\/www.eldiario.net\/portal\/wp-content\/uploads\/2024\/06\/ALTERACIONES-POSTURALES-EN-EL-ADULTO-MAYOR-696x392.jpg 696w, https:\/\/www.eldiario.net\/portal\/wp-content\/uploads\/2024\/06\/ALTERACIONES-POSTURALES-EN-EL-ADULTO-MAYOR-1068x601.jpg 1068w, https:\/\/www.eldiario.net\/portal\/wp-content\/uploads\/2024\/06\/ALTERACIONES-POSTURALES-EN-EL-ADULTO-MAYOR.jpg 1200w\" sizes=\"(max-width: 747px) 100vw, 747px\" alt=\"\">\r\n                            <\/a>\r\n                            \r\n                        <\/figure>\r\n                    <\/div>\r\n                    <div class = \"td-slide-item td-item3\">\r\n                        <figure class=\"td-slide-galery-figure td-slide-popup-gallery\">\r\n                            <a class=\"slide-gallery-image-link\" href=\"https:\/\/www.eldiario.net\/portal\/wp-content\/uploads\/2024\/06\/ALTERACIONES-POSTURALES-EN-EL-ADULTO-MAYOR-3.jpg\" title=\"ALTERACIONES-POSTURALES-EN-EL-ADULTO-MAYOR-(3)\"  data-caption=\"\"  data-description=\"\">\r\n                                <img decoding=\"async\" src=\"https:\/\/www.eldiario.net\/portal\/wp-content\/uploads\/2024\/06\/ALTERACIONES-POSTURALES-EN-EL-ADULTO-MAYOR-3-632x420.jpg\" srcset=\"https:\/\/www.eldiario.net\/portal\/wp-content\/uploads\/2024\/06\/ALTERACIONES-POSTURALES-EN-EL-ADULTO-MAYOR-3-632x420.jpg 632w, https:\/\/www.eldiario.net\/portal\/wp-content\/uploads\/2024\/06\/ALTERACIONES-POSTURALES-EN-EL-ADULTO-MAYOR-3-300x199.jpg 300w, https:\/\/www.eldiario.net\/portal\/wp-content\/uploads\/2024\/06\/ALTERACIONES-POSTURALES-EN-EL-ADULTO-MAYOR-3-1024x680.jpg 1024w, https:\/\/www.eldiario.net\/portal\/wp-content\/uploads\/2024\/06\/ALTERACIONES-POSTURALES-EN-EL-ADULTO-MAYOR-3-768x510.jpg 768w, https:\/\/www.eldiario.net\/portal\/wp-content\/uploads\/2024\/06\/ALTERACIONES-POSTURALES-EN-EL-ADULTO-MAYOR-3-696x462.jpg 696w, https:\/\/www.eldiario.net\/portal\/wp-content\/uploads\/2024\/06\/ALTERACIONES-POSTURALES-EN-EL-ADULTO-MAYOR-3-1068x709.jpg 1068w, https:\/\/www.eldiario.net\/portal\/wp-content\/uploads\/2024\/06\/ALTERACIONES-POSTURALES-EN-EL-ADULTO-MAYOR-3.jpg 1200w\" sizes=\"(max-width: 632px) 100vw, 632px\" alt=\"\">\r\n                            <\/a>\r\n                            \r\n                        <\/figure>\r\n                    <\/div>\r\n                    <div class = \"td-slide-item td-item4\">\r\n                        <figure class=\"td-slide-galery-figure td-slide-popup-gallery\">\r\n                            <a class=\"slide-gallery-image-link\" href=\"https:\/\/www.eldiario.net\/portal\/wp-content\/uploads\/2024\/06\/ALTERACIONES-POSTURALES-EN-EL-ADULTO-MAYOR-2.jpg\" title=\"ALTERACIONES-POSTURALES-EN-EL-ADULTO-MAYOR-(2)\"  data-caption=\"\"  data-description=\"\">\r\n                                <img decoding=\"async\" src=\"https:\/\/www.eldiario.net\/portal\/wp-content\/uploads\/2024\/06\/ALTERACIONES-POSTURALES-EN-EL-ADULTO-MAYOR-2-768x420.jpg\" srcset=\"https:\/\/www.eldiario.net\/portal\/wp-content\/uploads\/2024\/06\/ALTERACIONES-POSTURALES-EN-EL-ADULTO-MAYOR-2-768x420.jpg 768w, https:\/\/www.eldiario.net\/portal\/wp-content\/uploads\/2024\/06\/ALTERACIONES-POSTURALES-EN-EL-ADULTO-MAYOR-2-300x164.jpg 300w, https:\/\/www.eldiario.net\/portal\/wp-content\/uploads\/2024\/06\/ALTERACIONES-POSTURALES-EN-EL-ADULTO-MAYOR-2-1024x560.jpg 1024w, https:\/\/www.eldiario.net\/portal\/wp-content\/uploads\/2024\/06\/ALTERACIONES-POSTURALES-EN-EL-ADULTO-MAYOR-2-696x381.jpg 696w, https:\/\/www.eldiario.net\/portal\/wp-content\/uploads\/2024\/06\/ALTERACIONES-POSTURALES-EN-EL-ADULTO-MAYOR-2-1068x584.jpg 1068w, https:\/\/www.eldiario.net\/portal\/wp-content\/uploads\/2024\/06\/ALTERACIONES-POSTURALES-EN-EL-ADULTO-MAYOR-2.jpg 1476w\" sizes=\"(max-width: 768px) 100vw, 768px\" alt=\"\">\r\n                            <\/a>\r\n                            \r\n                        <\/figure>\r\n                    <\/div>\r\n                            <\/div>\r\n                        <\/div>\r\n\r\n                        <div class = \"td-doubleSlider-2\">\r\n                            <div class = \"td-slider\">\r\n                                \r\n                    <div class = \"td-button td-item1\">\r\n                        <div class = \"td-border\"><\/div>\r\n                    <\/div>\r\n                    <div class = \"td-button td-item2\">\r\n                        <div class = \"td-border\"><\/div>\r\n                    <\/div>\r\n                    <div class = \"td-button td-item3\">\r\n                        <div class = \"td-border\"><\/div>\r\n                    <\/div>\r\n                    <div class = \"td-button td-item4\">\r\n                        <div class = \"td-border\"><\/div>\r\n                    <\/div>\r\n                            <\/div>\r\n                        <\/div>\r\n\r\n                    <\/div>\r\n\r\n                <\/div>\r\n                \n","protected":false},"excerpt":{"rendered":"<p>Lic. Jaime Julio Ticona Pardo Fisioterapeuta Kinesi\u00f3logo UMSA, MAT-PROF. T-18. Ref. 72556224 Uno de los problemas\u00a0 que es muy com\u00fan en la etapa adulta mayor son las alteraciones posturales, estas alteraciones o desviaciones de las alineaciones en las estructuras naturales del cuerpo que conforman la postura, especialmente de la\u00a0 columna, son originadas en algunos casos [&hellip;]<\/p>\n","protected":false},"author":1,"featured_media":224536,"comment_status":"open","ping_status":"open","sticky":false,"template":"","format":"standard","meta":{"_acf_changed":false,"footnotes":""},"categories":[52],"tags":[],"class_list":["post-224535","post","type-post","status-publish","format-standard","has-post-thumbnail","category-de-salud-mas-vida"],"acf":{"antetitulo":""},"yoast_head":"<!-- This site is optimized with the Yoast SEO plugin v28.4 - https:\/\/yoast.com\/product\/yoast-seo-wordpress\/ -->\n<title>ALTERACIONES POSTURALES EN EL ADULTO MAYOR - El Diario - Bolivia<\/title>\n<meta name=\"robots\" content=\"index, follow, max-snippet:-1, max-image-preview:large, max-video-preview:-1\" \/>\n<link rel=\"canonical\" href=\"https:\/\/www.eldiario.net\/portal\/2024\/06\/02\/alteraciones-posturales-en-el-adulto-mayor\/\" \/>\n<meta property=\"og:locale\" content=\"es_ES\" \/>\n<meta property=\"og:type\" content=\"article\" \/>\n<meta property=\"og:title\" content=\"ALTERACIONES POSTURALES EN EL ADULTO MAYOR - El Diario - Bolivia\" \/>\n<meta property=\"og:description\" content=\"Lic. Jaime Julio Ticona Pardo Fisioterapeuta Kinesi\u00f3logo UMSA, MAT-PROF. T-18. Ref. 72556224 Uno de los problemas\u00a0 que es muy com\u00fan en la etapa adulta mayor son las alteraciones posturales, estas alteraciones o desviaciones de las alineaciones en las estructuras naturales del cuerpo que conforman la postura, especialmente de la\u00a0 columna, son originadas en algunos casos [&hellip;]\" \/>\n<meta property=\"og:url\" content=\"https:\/\/www.eldiario.net\/portal\/2024\/06\/02\/alteraciones-posturales-en-el-adulto-mayor\/\" \/>\n<meta property=\"og:site_name\" content=\"El Diario - Bolivia\" \/>\n<meta property=\"article:publisher\" content=\"https:\/\/www.facebook.com\/eldiario.bolivia\/\" \/>\n<meta property=\"article:published_time\" content=\"2024-06-02T12:01:24+00:00\" \/>\n<meta property=\"article:modified_time\" content=\"2024-06-02T12:02:36+00:00\" \/>\n<meta property=\"og:image\" content=\"https:\/\/www.eldiario.net\/portal\/wp-content\/uploads\/2024\/06\/ALTERACIONES-POSTURALES-EN-EL-ADULTO-MAYOR2.jpg\" \/>\n\t<meta property=\"og:image:width\" content=\"600\" \/>\n\t<meta property=\"og:image:height\" content=\"400\" \/>\n\t<meta property=\"og:image:type\" content=\"image\/jpeg\" \/>\n<meta name=\"author\" content=\"Jeanette\" \/>\n<meta name=\"twitter:card\" content=\"summary_large_image\" \/>\n<meta name=\"twitter:creator\" content=\"@eldiario_net\" \/>\n<meta name=\"twitter:site\" content=\"@eldiario_net\" \/>\n<meta name=\"twitter:label1\" content=\"Escrito por\" \/>\n\t<meta name=\"twitter:data1\" content=\"Jeanette\" \/>\n\t<meta name=\"twitter:label2\" content=\"Tiempo de lectura\" \/>\n\t<meta name=\"twitter:data2\" content=\"3 minutos\" \/>\n<script type=\"application\/ld+json\" class=\"yoast-schema-graph\">{\"@context\":\"https:\\\/\\\/schema.org\",\"@graph\":[{\"@type\":\"Article\",\"@id\":\"https:\\\/\\\/www.eldiario.net\\\/portal\\\/2024\\\/06\\\/02\\\/alteraciones-posturales-en-el-adulto-mayor\\\/#article\",\"isPartOf\":{\"@id\":\"https:\\\/\\\/www.eldiario.net\\\/portal\\\/2024\\\/06\\\/02\\\/alteraciones-posturales-en-el-adulto-mayor\\\/\"},\"author\":{\"name\":\"Jeanette\",\"@id\":\"https:\\\/\\\/www.eldiario.net\\\/portal\\\/#\\\/schema\\\/person\\\/2c57cf2b7a7ae032e449e4c9b1019eac\"},\"headline\":\"ALTERACIONES POSTURALES EN EL ADULTO MAYOR\",\"datePublished\":\"2024-06-02T12:01:24+00:00\",\"dateModified\":\"2024-06-02T12:02:36+00:00\",\"mainEntityOfPage\":{\"@id\":\"https:\\\/\\\/www.eldiario.net\\\/portal\\\/2024\\\/06\\\/02\\\/alteraciones-posturales-en-el-adulto-mayor\\\/\"},\"wordCount\":455,\"commentCount\":0,\"publisher\":{\"@id\":\"https:\\\/\\\/www.eldiario.net\\\/portal\\\/#organization\"},\"image\":{\"@id\":\"https:\\\/\\\/www.eldiario.net\\\/portal\\\/2024\\\/06\\\/02\\\/alteraciones-posturales-en-el-adulto-mayor\\\/#primaryimage\"},\"thumbnailUrl\":\"https:\\\/\\\/www.eldiario.net\\\/portal\\\/wp-content\\\/uploads\\\/2024\\\/06\\\/ALTERACIONES-POSTURALES-EN-EL-ADULTO-MAYOR2.jpg\",\"articleSection\":[\"De Salud + vida\"],\"inLanguage\":\"es\",\"potentialAction\":[{\"@type\":\"CommentAction\",\"name\":\"Comment\",\"target\":[\"https:\\\/\\\/www.eldiario.net\\\/portal\\\/2024\\\/06\\\/02\\\/alteraciones-posturales-en-el-adulto-mayor\\\/#respond\"]}]},{\"@type\":\"WebPage\",\"@id\":\"https:\\\/\\\/www.eldiario.net\\\/portal\\\/2024\\\/06\\\/02\\\/alteraciones-posturales-en-el-adulto-mayor\\\/\",\"url\":\"https:\\\/\\\/www.eldiario.net\\\/portal\\\/2024\\\/06\\\/02\\\/alteraciones-posturales-en-el-adulto-mayor\\\/\",\"name\":\"ALTERACIONES POSTURALES EN EL ADULTO MAYOR - El Diario - Bolivia\",\"isPartOf\":{\"@id\":\"https:\\\/\\\/www.eldiario.net\\\/portal\\\/#website\"},\"primaryImageOfPage\":{\"@id\":\"https:\\\/\\\/www.eldiario.net\\\/portal\\\/2024\\\/06\\\/02\\\/alteraciones-posturales-en-el-adulto-mayor\\\/#primaryimage\"},\"image\":{\"@id\":\"https:\\\/\\\/www.eldiario.net\\\/portal\\\/2024\\\/06\\\/02\\\/alteraciones-posturales-en-el-adulto-mayor\\\/#primaryimage\"},\"thumbnailUrl\":\"https:\\\/\\\/www.eldiario.net\\\/portal\\\/wp-content\\\/uploads\\\/2024\\\/06\\\/ALTERACIONES-POSTURALES-EN-EL-ADULTO-MAYOR2.jpg\",\"datePublished\":\"2024-06-02T12:01:24+00:00\",\"dateModified\":\"2024-06-02T12:02:36+00:00\",\"breadcrumb\":{\"@id\":\"https:\\\/\\\/www.eldiario.net\\\/portal\\\/2024\\\/06\\\/02\\\/alteraciones-posturales-en-el-adulto-mayor\\\/#breadcrumb\"},\"inLanguage\":\"es\",\"potentialAction\":[{\"@type\":\"ReadAction\",\"target\":[\"https:\\\/\\\/www.eldiario.net\\\/portal\\\/2024\\\/06\\\/02\\\/alteraciones-posturales-en-el-adulto-mayor\\\/\"]}]},{\"@type\":\"ImageObject\",\"inLanguage\":\"es\",\"@id\":\"https:\\\/\\\/www.eldiario.net\\\/portal\\\/2024\\\/06\\\/02\\\/alteraciones-posturales-en-el-adulto-mayor\\\/#primaryimage\",\"url\":\"https:\\\/\\\/www.eldiario.net\\\/portal\\\/wp-content\\\/uploads\\\/2024\\\/06\\\/ALTERACIONES-POSTURALES-EN-EL-ADULTO-MAYOR2.jpg\",\"contentUrl\":\"https:\\\/\\\/www.eldiario.net\\\/portal\\\/wp-content\\\/uploads\\\/2024\\\/06\\\/ALTERACIONES-POSTURALES-EN-EL-ADULTO-MAYOR2.jpg\",\"width\":600,\"height\":400},{\"@type\":\"BreadcrumbList\",\"@id\":\"https:\\\/\\\/www.eldiario.net\\\/portal\\\/2024\\\/06\\\/02\\\/alteraciones-posturales-en-el-adulto-mayor\\\/#breadcrumb\",\"itemListElement\":[{\"@type\":\"ListItem\",\"position\":1,\"name\":\"Portada\",\"item\":\"https:\\\/\\\/www.eldiario.net\\\/portal\\\/\"},{\"@type\":\"ListItem\",\"position\":2,\"name\":\"ALTERACIONES POSTURALES EN EL ADULTO MAYOR\"}]},{\"@type\":\"WebSite\",\"@id\":\"https:\\\/\\\/www.eldiario.net\\\/portal\\\/#website\",\"url\":\"https:\\\/\\\/www.eldiario.net\\\/portal\\\/\",\"name\":\"El Diario - Decano de la prensa nacional\",\"description\":\"El Diario - Decano de la prensa nacional\",\"publisher\":{\"@id\":\"https:\\\/\\\/www.eldiario.net\\\/portal\\\/#organization\"},\"potentialAction\":[{\"@type\":\"SearchAction\",\"target\":{\"@type\":\"EntryPoint\",\"urlTemplate\":\"https:\\\/\\\/www.eldiario.net\\\/portal\\\/?s={search_term_string}\"},\"query-input\":{\"@type\":\"PropertyValueSpecification\",\"valueRequired\":true,\"valueName\":\"search_term_string\"}}],\"inLanguage\":\"es\"},{\"@type\":\"Organization\",\"@id\":\"https:\\\/\\\/www.eldiario.net\\\/portal\\\/#organization\",\"name\":\"El Diario - Decano de la prensa nacional\",\"url\":\"https:\\\/\\\/www.eldiario.net\\\/portal\\\/\",\"logo\":{\"@type\":\"ImageObject\",\"inLanguage\":\"es\",\"@id\":\"https:\\\/\\\/www.eldiario.net\\\/portal\\\/#\\\/schema\\\/logo\\\/image\\\/\",\"url\":\"https:\\\/\\\/www.eldiario.net\\\/portal\\\/wp-content\\\/uploads\\\/2023\\\/07\\\/logo_ED.jpg\",\"contentUrl\":\"https:\\\/\\\/www.eldiario.net\\\/portal\\\/wp-content\\\/uploads\\\/2023\\\/07\\\/logo_ED.jpg\",\"width\":272,\"height\":52,\"caption\":\"El Diario - Decano de la prensa nacional\"},\"image\":{\"@id\":\"https:\\\/\\\/www.eldiario.net\\\/portal\\\/#\\\/schema\\\/logo\\\/image\\\/\"},\"sameAs\":[\"https:\\\/\\\/www.facebook.com\\\/eldiario.bolivia\\\/\",\"https:\\\/\\\/x.com\\\/eldiario_net\"]},{\"@type\":\"Person\",\"@id\":\"https:\\\/\\\/www.eldiario.net\\\/portal\\\/#\\\/schema\\\/person\\\/2c57cf2b7a7ae032e449e4c9b1019eac\",\"name\":\"Jeanette\",\"image\":{\"@type\":\"ImageObject\",\"inLanguage\":\"es\",\"@id\":\"https:\\\/\\\/secure.gravatar.com\\\/avatar\\\/3ea2118a5f7dad2b7138b1187a6b7ee55f160b9968b66013c3a3ef39dd7e5798?s=96&d=mm&r=g\",\"url\":\"https:\\\/\\\/secure.gravatar.com\\\/avatar\\\/3ea2118a5f7dad2b7138b1187a6b7ee55f160b9968b66013c3a3ef39dd7e5798?s=96&d=mm&r=g\",\"contentUrl\":\"https:\\\/\\\/secure.gravatar.com\\\/avatar\\\/3ea2118a5f7dad2b7138b1187a6b7ee55f160b9968b66013c3a3ef39dd7e5798?s=96&d=mm&r=g\",\"caption\":\"Jeanette\"},\"sameAs\":[\"https:\\\/\\\/www.eldiario.net\\\/portal\"],\"url\":\"https:\\\/\\\/www.eldiario.net\\\/portal\\\/author\\\/jeanette\\\/\"}]}<\/script>\n<!-- \/ Yoast SEO plugin. -->","yoast_head_json":{"title":"ALTERACIONES POSTURALES EN EL ADULTO MAYOR - El Diario - Bolivia","robots":{"index":"index","follow":"follow","max-snippet":"max-snippet:-1","max-image-preview":"max-image-preview:large","max-video-preview":"max-video-preview:-1"},"canonical":"https:\/\/www.eldiario.net\/portal\/2024\/06\/02\/alteraciones-posturales-en-el-adulto-mayor\/","og_locale":"es_ES","og_type":"article","og_title":"ALTERACIONES POSTURALES EN EL ADULTO MAYOR - El Diario - Bolivia","og_description":"Lic. Jaime Julio Ticona Pardo Fisioterapeuta Kinesi\u00f3logo UMSA, MAT-PROF. T-18. Ref. 72556224 Uno de los problemas\u00a0 que es muy com\u00fan en la etapa adulta mayor son las alteraciones posturales, estas alteraciones o desviaciones de las alineaciones en las estructuras naturales del cuerpo que conforman la postura, especialmente de la\u00a0 columna, son originadas en algunos casos [&hellip;]","og_url":"https:\/\/www.eldiario.net\/portal\/2024\/06\/02\/alteraciones-posturales-en-el-adulto-mayor\/","og_site_name":"El Diario - Bolivia","article_publisher":"https:\/\/www.facebook.com\/eldiario.bolivia\/","article_published_time":"2024-06-02T12:01:24+00:00","article_modified_time":"2024-06-02T12:02:36+00:00","og_image":[{"width":600,"height":400,"url":"https:\/\/www.eldiario.net\/portal\/wp-content\/uploads\/2024\/06\/ALTERACIONES-POSTURALES-EN-EL-ADULTO-MAYOR2.jpg","type":"image\/jpeg"}],"author":"Jeanette","twitter_card":"summary_large_image","twitter_creator":"@eldiario_net","twitter_site":"@eldiario_net","twitter_misc":{"Escrito por":"Jeanette","Tiempo de lectura":"3 minutos"},"schema":{"@context":"https:\/\/schema.org","@graph":[{"@type":"Article","@id":"https:\/\/www.eldiario.net\/portal\/2024\/06\/02\/alteraciones-posturales-en-el-adulto-mayor\/#article","isPartOf":{"@id":"https:\/\/www.eldiario.net\/portal\/2024\/06\/02\/alteraciones-posturales-en-el-adulto-mayor\/"},"author":{"name":"Jeanette","@id":"https:\/\/www.eldiario.net\/portal\/#\/schema\/person\/2c57cf2b7a7ae032e449e4c9b1019eac"},"headline":"ALTERACIONES POSTURALES EN EL ADULTO MAYOR","datePublished":"2024-06-02T12:01:24+00:00","dateModified":"2024-06-02T12:02:36+00:00","mainEntityOfPage":{"@id":"https:\/\/www.eldiario.net\/portal\/2024\/06\/02\/alteraciones-posturales-en-el-adulto-mayor\/"},"wordCount":455,"commentCount":0,"publisher":{"@id":"https:\/\/www.eldiario.net\/portal\/#organization"},"image":{"@id":"https:\/\/www.eldiario.net\/portal\/2024\/06\/02\/alteraciones-posturales-en-el-adulto-mayor\/#primaryimage"},"thumbnailUrl":"https:\/\/www.eldiario.net\/portal\/wp-content\/uploads\/2024\/06\/ALTERACIONES-POSTURALES-EN-EL-ADULTO-MAYOR2.jpg","articleSection":["De Salud + vida"],"inLanguage":"es","potentialAction":[{"@type":"CommentAction","name":"Comment","target":["https:\/\/www.eldiario.net\/portal\/2024\/06\/02\/alteraciones-posturales-en-el-adulto-mayor\/#respond"]}]},{"@type":"WebPage","@id":"https:\/\/www.eldiario.net\/portal\/2024\/06\/02\/alteraciones-posturales-en-el-adulto-mayor\/","url":"https:\/\/www.eldiario.net\/portal\/2024\/06\/02\/alteraciones-posturales-en-el-adulto-mayor\/","name":"ALTERACIONES POSTURALES EN EL ADULTO MAYOR - El Diario - Bolivia","isPartOf":{"@id":"https:\/\/www.eldiario.net\/portal\/#website"},"primaryImageOfPage":{"@id":"https:\/\/www.eldiario.net\/portal\/2024\/06\/02\/alteraciones-posturales-en-el-adulto-mayor\/#primaryimage"},"image":{"@id":"https:\/\/www.eldiario.net\/portal\/2024\/06\/02\/alteraciones-posturales-en-el-adulto-mayor\/#primaryimage"},"thumbnailUrl":"https:\/\/www.eldiario.net\/portal\/wp-content\/uploads\/2024\/06\/ALTERACIONES-POSTURALES-EN-EL-ADULTO-MAYOR2.jpg","datePublished":"2024-06-02T12:01:24+00:00","dateModified":"2024-06-02T12:02:36+00:00","breadcrumb":{"@id":"https:\/\/www.eldiario.net\/portal\/2024\/06\/02\/alteraciones-posturales-en-el-adulto-mayor\/#breadcrumb"},"inLanguage":"es","potentialAction":[{"@type":"ReadAction","target":["https:\/\/www.eldiario.net\/portal\/2024\/06\/02\/alteraciones-posturales-en-el-adulto-mayor\/"]}]},{"@type":"ImageObject","inLanguage":"es","@id":"https:\/\/www.eldiario.net\/portal\/2024\/06\/02\/alteraciones-posturales-en-el-adulto-mayor\/#primaryimage","url":"https:\/\/www.eldiario.net\/portal\/wp-content\/uploads\/2024\/06\/ALTERACIONES-POSTURALES-EN-EL-ADULTO-MAYOR2.jpg","contentUrl":"https:\/\/www.eldiario.net\/portal\/wp-content\/uploads\/2024\/06\/ALTERACIONES-POSTURALES-EN-EL-ADULTO-MAYOR2.jpg","width":600,"height":400},{"@type":"BreadcrumbList","@id":"https:\/\/www.eldiario.net\/portal\/2024\/06\/02\/alteraciones-posturales-en-el-adulto-mayor\/#breadcrumb","itemListElement":[{"@type":"ListItem","position":1,"name":"Portada","item":"https:\/\/www.eldiario.net\/portal\/"},{"@type":"ListItem","position":2,"name":"ALTERACIONES POSTURALES EN EL ADULTO MAYOR"}]},{"@type":"WebSite","@id":"https:\/\/www.eldiario.net\/portal\/#website","url":"https:\/\/www.eldiario.net\/portal\/","name":"El Diario - Decano de la prensa nacional","description":"El Diario - Decano de la prensa nacional","publisher":{"@id":"https:\/\/www.eldiario.net\/portal\/#organization"},"potentialAction":[{"@type":"SearchAction","target":{"@type":"EntryPoint","urlTemplate":"https:\/\/www.eldiario.net\/portal\/?s={search_term_string}"},"query-input":{"@type":"PropertyValueSpecification","valueRequired":true,"valueName":"search_term_string"}}],"inLanguage":"es"},{"@type":"Organization","@id":"https:\/\/www.eldiario.net\/portal\/#organization","name":"El Diario - Decano de la prensa nacional","url":"https:\/\/www.eldiario.net\/portal\/","logo":{"@type":"ImageObject","inLanguage":"es","@id":"https:\/\/www.eldiario.net\/portal\/#\/schema\/logo\/image\/","url":"https:\/\/www.eldiario.net\/portal\/wp-content\/uploads\/2023\/07\/logo_ED.jpg","contentUrl":"https:\/\/www.eldiario.net\/portal\/wp-content\/uploads\/2023\/07\/logo_ED.jpg","width":272,"height":52,"caption":"El Diario - Decano de la prensa nacional"},"image":{"@id":"https:\/\/www.eldiario.net\/portal\/#\/schema\/logo\/image\/"},"sameAs":["https:\/\/www.facebook.com\/eldiario.bolivia\/","https:\/\/x.com\/eldiario_net"]},{"@type":"Person","@id":"https:\/\/www.eldiario.net\/portal\/#\/schema\/person\/2c57cf2b7a7ae032e449e4c9b1019eac","name":"Jeanette","image":{"@type":"ImageObject","inLanguage":"es","@id":"https:\/\/secure.gravatar.com\/avatar\/3ea2118a5f7dad2b7138b1187a6b7ee55f160b9968b66013c3a3ef39dd7e5798?s=96&d=mm&r=g","url":"https:\/\/secure.gravatar.com\/avatar\/3ea2118a5f7dad2b7138b1187a6b7ee55f160b9968b66013c3a3ef39dd7e5798?s=96&d=mm&r=g","contentUrl":"https:\/\/secure.gravatar.com\/avatar\/3ea2118a5f7dad2b7138b1187a6b7ee55f160b9968b66013c3a3ef39dd7e5798?s=96&d=mm&r=g","caption":"Jeanette"},"sameAs":["https:\/\/www.eldiario.net\/portal"],"url":"https:\/\/www.eldiario.net\/portal\/author\/jeanette\/"}]}},"_links":{"self":[{"href":"https:\/\/www.eldiario.net\/portal\/wp-json\/wp\/v2\/posts\/224535","targetHints":{"allow":["GET"]}}],"collection":[{"href":"https:\/\/www.eldiario.net\/portal\/wp-json\/wp\/v2\/posts"}],"about":[{"href":"https:\/\/www.eldiario.net\/portal\/wp-json\/wp\/v2\/types\/post"}],"author":[{"embeddable":true,"href":"https:\/\/www.eldiario.net\/portal\/wp-json\/wp\/v2\/users\/1"}],"replies":[{"embeddable":true,"href":"https:\/\/www.eldiario.net\/portal\/wp-json\/wp\/v2\/comments?post=224535"}],"version-history":[{"count":2,"href":"https:\/\/www.eldiario.net\/portal\/wp-json\/wp\/v2\/posts\/224535\/revisions"}],"predecessor-version":[{"id":224541,"href":"https:\/\/www.eldiario.net\/portal\/wp-json\/wp\/v2\/posts\/224535\/revisions\/224541"}],"wp:featuredmedia":[{"embeddable":true,"href":"https:\/\/www.eldiario.net\/portal\/wp-json\/wp\/v2\/media\/224536"}],"wp:attachment":[{"href":"https:\/\/www.eldiario.net\/portal\/wp-json\/wp\/v2\/media?parent=224535"}],"wp:term":[{"taxonomy":"category","embeddable":true,"href":"https:\/\/www.eldiario.net\/portal\/wp-json\/wp\/v2\/categories?post=224535"},{"taxonomy":"post_tag","embeddable":true,"href":"https:\/\/www.eldiario.net\/portal\/wp-json\/wp\/v2\/tags?post=224535"}],"curies":[{"name":"wp","href":"https:\/\/api.w.org\/{rel}","templated":true}]}}