{"id":224403,"date":"2024-06-02T07:13:49","date_gmt":"2024-06-02T11:13:49","guid":{"rendered":"https:\/\/www.eldiario.net\/portal\/?p=224403"},"modified":"2024-06-02T07:13:49","modified_gmt":"2024-06-02T11:13:49","slug":"proyectos-importantes-siguen-relegados-por-disputas-en-alp","status":"publish","type":"post","link":"https:\/\/www.eldiario.net\/portal\/2024\/06\/02\/proyectos-importantes-siguen-relegados-por-disputas-en-alp\/","title":{"rendered":"Proyectos importantes siguen relegados por disputas en ALP"},"content":{"rendered":"<p>Tras una nueva semana en la que desde la Asamblea Legislativa Plurinacional (ALP) no se logr\u00f3 avanzar en salidas para destrabar la realizaci\u00f3n de las elecciones judiciales, el diputado por el Movimiento al Socialismo (MAS), Zacar\u00edas Laura, lament\u00f3 que la falta de consensos en este tema evite al Parlamento avanzar en el tratamiento de otras normativas importantes para la poblaci\u00f3n.<br \/>\nPrecisando que los proyectos de ley que est\u00e1n siendo relegados por posiciones intransigentes de algunos legisladores, representan inversi\u00f3n en carreteras e infraestructura productiva que benefician directamente a diferentes regiones del pa\u00eds, Laura observ\u00f3 que se han visto las intenciones para perjudicar la gesti\u00f3n mediante la negativa para avanzar en el tratamiento de otras normativas pendientes.<br \/>\n\u201cPr\u00e1cticamente se ha visto esta descoordinaci\u00f3n que se quiere realizar a lo que es la gesti\u00f3n que se lleva adelante mediante estos cr\u00e9ditos que no se aprueban\u201d, dijo.<br \/>\nReiterando que los cr\u00e9ditos internacionales en puerta para su an\u00e1lisis, tienen que ver con la construcci\u00f3n de carreteras, infraestructuras y proyectos para el pa\u00eds, el parlamentario oficialista neg\u00f3 que estos recursos se destinen al pago de sueldos y otras asignaciones. \u201cEllos lo saben bien y no lo quieren entender de esa manera\u201d, afirm\u00f3.<br \/>\nPor su parte, el diputado Gustavo Vega, manifest\u00f3 que el tema de elecciones judiciales est\u00e1 perjudicando al pa\u00eds al no aprobarse proyectos de ley como los que se tienen previstos para departamentos como Chuquisaca.<br \/>\n\u201cPlantean con prioridad tratar el proyecto de Ley N\u00b0073 y N\u00b0075 en la sesi\u00f3n de la C\u00e1mara de Diputados y otra vez han saboteado la aprobaci\u00f3n de otros proyectos de ley que significan inyecci\u00f3n econ\u00f3mica en beneficio de todos\u201d, manifest\u00f3 Vega.<br \/>\nIndic\u00f3, adem\u00e1s, que la soluci\u00f3n a las elecciones judiciales est\u00e1 en Comisiones Mixtas porque el TCP dio luz verde para continuar y hay una nota del presidente Nato de la Asamblea Legislativa instando a estas dos instancias para que reanuden el trabajo.<br \/>\n\u201cPara la ampliaci\u00f3n de plazos para las elecciones judiciales se puede presentar una ley corta, est\u00e1 en nuestras manos poner soluci\u00f3n, pero no hay voluntad pol\u00edtica\u201d, indic\u00f3.<br \/>\nEsta semana, el \u00d3rgano Ejecutivo remiti\u00f3 tres nuevos proyectos de ley a la Asamblea Legislativa Plurinacional para su aprobaci\u00f3n, normativas relacionadas al saneamiento de tierras, manejo resiliente de agua y construcci\u00f3n de proyectos peatonales.<br \/>\nSin embargo, existe el peligro de que la Asamblea tampoco las apruebe, perjudicando a diferentes regiones del pa\u00eds a causa de posiciones encontradas entre oficialistas y opositores por el tema de las elecciones judiciales.<\/p>\n","protected":false},"excerpt":{"rendered":"<p>Tras una nueva semana en la que desde la Asamblea Legislativa Plurinacional (ALP) no se logr\u00f3 avanzar en salidas para destrabar la realizaci\u00f3n de las elecciones judiciales, el diputado por el Movimiento al Socialismo (MAS), Zacar\u00edas Laura, lament\u00f3 que la falta de consensos en este tema evite al Parlamento avanzar en el tratamiento de otras [&hellip;]<\/p>\n","protected":false},"author":1,"featured_media":224404,"comment_status":"open","ping_status":"open","sticky":false,"template":"","format":"standard","meta":{"_acf_changed":false,"footnotes":""},"categories":[14],"tags":[],"class_list":["post-224403","post","type-post","status-publish","format-standard","has-post-thumbnail","category-politica"],"acf":{"antetitulo":"Falta de consensos y acuerdos"},"yoast_head":"<!-- This site is optimized with the Yoast SEO plugin v28.4 - https:\/\/yoast.com\/product\/yoast-seo-wordpress\/ -->\n<title>Proyectos importantes siguen relegados por disputas en ALP - El Diario - Bolivia<\/title>\n<meta name=\"robots\" content=\"index, follow, max-snippet:-1, max-image-preview:large, max-video-preview:-1\" \/>\n<link rel=\"canonical\" href=\"https:\/\/www.eldiario.net\/portal\/2024\/06\/02\/proyectos-importantes-siguen-relegados-por-disputas-en-alp\/\" \/>\n<meta property=\"og:locale\" content=\"es_ES\" \/>\n<meta property=\"og:type\" content=\"article\" \/>\n<meta property=\"og:title\" content=\"Proyectos importantes siguen relegados por disputas en ALP - El Diario - Bolivia\" \/>\n<meta property=\"og:description\" content=\"Tras una nueva semana en la que desde la Asamblea Legislativa Plurinacional (ALP) no se logr\u00f3 avanzar en salidas para destrabar la realizaci\u00f3n de las elecciones judiciales, el diputado por el Movimiento al Socialismo (MAS), Zacar\u00edas Laura, lament\u00f3 que la falta de consensos en este tema evite al Parlamento avanzar en el tratamiento de otras [&hellip;]\" \/>\n<meta property=\"og:url\" content=\"https:\/\/www.eldiario.net\/portal\/2024\/06\/02\/proyectos-importantes-siguen-relegados-por-disputas-en-alp\/\" \/>\n<meta property=\"og:site_name\" content=\"El Diario - Bolivia\" \/>\n<meta property=\"article:publisher\" content=\"https:\/\/www.facebook.com\/eldiario.bolivia\/\" \/>\n<meta property=\"article:published_time\" content=\"2024-06-02T11:13:49+00:00\" \/>\n<meta property=\"og:image\" content=\"https:\/\/www.eldiario.net\/portal\/wp-content\/uploads\/2024\/06\/42-POL.jpg\" \/>\n\t<meta property=\"og:image:width\" content=\"1200\" \/>\n\t<meta property=\"og:image:height\" content=\"800\" \/>\n\t<meta property=\"og:image:type\" content=\"image\/jpeg\" \/>\n<meta name=\"author\" content=\"Jeanette\" \/>\n<meta name=\"twitter:card\" content=\"summary_large_image\" \/>\n<meta name=\"twitter:creator\" content=\"@eldiario_net\" \/>\n<meta name=\"twitter:site\" content=\"@eldiario_net\" \/>\n<meta name=\"twitter:label1\" content=\"Escrito por\" \/>\n\t<meta name=\"twitter:data1\" content=\"Jeanette\" \/>\n\t<meta name=\"twitter:label2\" content=\"Tiempo de lectura\" \/>\n\t<meta name=\"twitter:data2\" content=\"3 minutos\" \/>\n<script type=\"application\/ld+json\" class=\"yoast-schema-graph\">{\"@context\":\"https:\\\/\\\/schema.org\",\"@graph\":[{\"@type\":\"Article\",\"@id\":\"https:\\\/\\\/www.eldiario.net\\\/portal\\\/2024\\\/06\\\/02\\\/proyectos-importantes-siguen-relegados-por-disputas-en-alp\\\/#article\",\"isPartOf\":{\"@id\":\"https:\\\/\\\/www.eldiario.net\\\/portal\\\/2024\\\/06\\\/02\\\/proyectos-importantes-siguen-relegados-por-disputas-en-alp\\\/\"},\"author\":{\"name\":\"Jeanette\",\"@id\":\"https:\\\/\\\/www.eldiario.net\\\/portal\\\/#\\\/schema\\\/person\\\/2c57cf2b7a7ae032e449e4c9b1019eac\"},\"headline\":\"Proyectos importantes siguen relegados por disputas en ALP\",\"datePublished\":\"2024-06-02T11:13:49+00:00\",\"mainEntityOfPage\":{\"@id\":\"https:\\\/\\\/www.eldiario.net\\\/portal\\\/2024\\\/06\\\/02\\\/proyectos-importantes-siguen-relegados-por-disputas-en-alp\\\/\"},\"wordCount\":445,\"commentCount\":0,\"publisher\":{\"@id\":\"https:\\\/\\\/www.eldiario.net\\\/portal\\\/#organization\"},\"image\":{\"@id\":\"https:\\\/\\\/www.eldiario.net\\\/portal\\\/2024\\\/06\\\/02\\\/proyectos-importantes-siguen-relegados-por-disputas-en-alp\\\/#primaryimage\"},\"thumbnailUrl\":\"https:\\\/\\\/www.eldiario.net\\\/portal\\\/wp-content\\\/uploads\\\/2024\\\/06\\\/42-POL.jpg\",\"articleSection\":[\"Pol\u00edtica\"],\"inLanguage\":\"es\",\"potentialAction\":[{\"@type\":\"CommentAction\",\"name\":\"Comment\",\"target\":[\"https:\\\/\\\/www.eldiario.net\\\/portal\\\/2024\\\/06\\\/02\\\/proyectos-importantes-siguen-relegados-por-disputas-en-alp\\\/#respond\"]}]},{\"@type\":\"WebPage\",\"@id\":\"https:\\\/\\\/www.eldiario.net\\\/portal\\\/2024\\\/06\\\/02\\\/proyectos-importantes-siguen-relegados-por-disputas-en-alp\\\/\",\"url\":\"https:\\\/\\\/www.eldiario.net\\\/portal\\\/2024\\\/06\\\/02\\\/proyectos-importantes-siguen-relegados-por-disputas-en-alp\\\/\",\"name\":\"Proyectos importantes siguen relegados por disputas en ALP - El Diario - Bolivia\",\"isPartOf\":{\"@id\":\"https:\\\/\\\/www.eldiario.net\\\/portal\\\/#website\"},\"primaryImageOfPage\":{\"@id\":\"https:\\\/\\\/www.eldiario.net\\\/portal\\\/2024\\\/06\\\/02\\\/proyectos-importantes-siguen-relegados-por-disputas-en-alp\\\/#primaryimage\"},\"image\":{\"@id\":\"https:\\\/\\\/www.eldiario.net\\\/portal\\\/2024\\\/06\\\/02\\\/proyectos-importantes-siguen-relegados-por-disputas-en-alp\\\/#primaryimage\"},\"thumbnailUrl\":\"https:\\\/\\\/www.eldiario.net\\\/portal\\\/wp-content\\\/uploads\\\/2024\\\/06\\\/42-POL.jpg\",\"datePublished\":\"2024-06-02T11:13:49+00:00\",\"breadcrumb\":{\"@id\":\"https:\\\/\\\/www.eldiario.net\\\/portal\\\/2024\\\/06\\\/02\\\/proyectos-importantes-siguen-relegados-por-disputas-en-alp\\\/#breadcrumb\"},\"inLanguage\":\"es\",\"potentialAction\":[{\"@type\":\"ReadAction\",\"target\":[\"https:\\\/\\\/www.eldiario.net\\\/portal\\\/2024\\\/06\\\/02\\\/proyectos-importantes-siguen-relegados-por-disputas-en-alp\\\/\"]}]},{\"@type\":\"ImageObject\",\"inLanguage\":\"es\",\"@id\":\"https:\\\/\\\/www.eldiario.net\\\/portal\\\/2024\\\/06\\\/02\\\/proyectos-importantes-siguen-relegados-por-disputas-en-alp\\\/#primaryimage\",\"url\":\"https:\\\/\\\/www.eldiario.net\\\/portal\\\/wp-content\\\/uploads\\\/2024\\\/06\\\/42-POL.jpg\",\"contentUrl\":\"https:\\\/\\\/www.eldiario.net\\\/portal\\\/wp-content\\\/uploads\\\/2024\\\/06\\\/42-POL.jpg\",\"width\":1200,\"height\":800,\"caption\":\"ALP. (referencial)\"},{\"@type\":\"BreadcrumbList\",\"@id\":\"https:\\\/\\\/www.eldiario.net\\\/portal\\\/2024\\\/06\\\/02\\\/proyectos-importantes-siguen-relegados-por-disputas-en-alp\\\/#breadcrumb\",\"itemListElement\":[{\"@type\":\"ListItem\",\"position\":1,\"name\":\"Portada\",\"item\":\"https:\\\/\\\/www.eldiario.net\\\/portal\\\/\"},{\"@type\":\"ListItem\",\"position\":2,\"name\":\"Proyectos importantes siguen relegados por disputas en ALP\"}]},{\"@type\":\"WebSite\",\"@id\":\"https:\\\/\\\/www.eldiario.net\\\/portal\\\/#website\",\"url\":\"https:\\\/\\\/www.eldiario.net\\\/portal\\\/\",\"name\":\"El Diario - Decano de la prensa nacional\",\"description\":\"El Diario - Decano de la prensa nacional\",\"publisher\":{\"@id\":\"https:\\\/\\\/www.eldiario.net\\\/portal\\\/#organization\"},\"potentialAction\":[{\"@type\":\"SearchAction\",\"target\":{\"@type\":\"EntryPoint\",\"urlTemplate\":\"https:\\\/\\\/www.eldiario.net\\\/portal\\\/?s={search_term_string}\"},\"query-input\":{\"@type\":\"PropertyValueSpecification\",\"valueRequired\":true,\"valueName\":\"search_term_string\"}}],\"inLanguage\":\"es\"},{\"@type\":\"Organization\",\"@id\":\"https:\\\/\\\/www.eldiario.net\\\/portal\\\/#organization\",\"name\":\"El Diario - Decano de la prensa nacional\",\"url\":\"https:\\\/\\\/www.eldiario.net\\\/portal\\\/\",\"logo\":{\"@type\":\"ImageObject\",\"inLanguage\":\"es\",\"@id\":\"https:\\\/\\\/www.eldiario.net\\\/portal\\\/#\\\/schema\\\/logo\\\/image\\\/\",\"url\":\"https:\\\/\\\/www.eldiario.net\\\/portal\\\/wp-content\\\/uploads\\\/2023\\\/07\\\/logo_ED.jpg\",\"contentUrl\":\"https:\\\/\\\/www.eldiario.net\\\/portal\\\/wp-content\\\/uploads\\\/2023\\\/07\\\/logo_ED.jpg\",\"width\":272,\"height\":52,\"caption\":\"El Diario - Decano de la prensa nacional\"},\"image\":{\"@id\":\"https:\\\/\\\/www.eldiario.net\\\/portal\\\/#\\\/schema\\\/logo\\\/image\\\/\"},\"sameAs\":[\"https:\\\/\\\/www.facebook.com\\\/eldiario.bolivia\\\/\",\"https:\\\/\\\/x.com\\\/eldiario_net\"]},{\"@type\":\"Person\",\"@id\":\"https:\\\/\\\/www.eldiario.net\\\/portal\\\/#\\\/schema\\\/person\\\/2c57cf2b7a7ae032e449e4c9b1019eac\",\"name\":\"Jeanette\",\"image\":{\"@type\":\"ImageObject\",\"inLanguage\":\"es\",\"@id\":\"https:\\\/\\\/secure.gravatar.com\\\/avatar\\\/3ea2118a5f7dad2b7138b1187a6b7ee55f160b9968b66013c3a3ef39dd7e5798?s=96&d=mm&r=g\",\"url\":\"https:\\\/\\\/secure.gravatar.com\\\/avatar\\\/3ea2118a5f7dad2b7138b1187a6b7ee55f160b9968b66013c3a3ef39dd7e5798?s=96&d=mm&r=g\",\"contentUrl\":\"https:\\\/\\\/secure.gravatar.com\\\/avatar\\\/3ea2118a5f7dad2b7138b1187a6b7ee55f160b9968b66013c3a3ef39dd7e5798?s=96&d=mm&r=g\",\"caption\":\"Jeanette\"},\"sameAs\":[\"https:\\\/\\\/www.eldiario.net\\\/portal\"],\"url\":\"https:\\\/\\\/www.eldiario.net\\\/portal\\\/author\\\/jeanette\\\/\"}]}<\/script>\n<!-- \/ Yoast SEO plugin. -->","yoast_head_json":{"title":"Proyectos importantes siguen relegados por disputas en ALP - El Diario - Bolivia","robots":{"index":"index","follow":"follow","max-snippet":"max-snippet:-1","max-image-preview":"max-image-preview:large","max-video-preview":"max-video-preview:-1"},"canonical":"https:\/\/www.eldiario.net\/portal\/2024\/06\/02\/proyectos-importantes-siguen-relegados-por-disputas-en-alp\/","og_locale":"es_ES","og_type":"article","og_title":"Proyectos importantes siguen relegados por disputas en ALP - El Diario - Bolivia","og_description":"Tras una nueva semana en la que desde la Asamblea Legislativa Plurinacional (ALP) no se logr\u00f3 avanzar en salidas para destrabar la realizaci\u00f3n de las elecciones judiciales, el diputado por el Movimiento al Socialismo (MAS), Zacar\u00edas Laura, lament\u00f3 que la falta de consensos en este tema evite al Parlamento avanzar en el tratamiento de otras [&hellip;]","og_url":"https:\/\/www.eldiario.net\/portal\/2024\/06\/02\/proyectos-importantes-siguen-relegados-por-disputas-en-alp\/","og_site_name":"El Diario - Bolivia","article_publisher":"https:\/\/www.facebook.com\/eldiario.bolivia\/","article_published_time":"2024-06-02T11:13:49+00:00","og_image":[{"width":1200,"height":800,"url":"https:\/\/www.eldiario.net\/portal\/wp-content\/uploads\/2024\/06\/42-POL.jpg","type":"image\/jpeg"}],"author":"Jeanette","twitter_card":"summary_large_image","twitter_creator":"@eldiario_net","twitter_site":"@eldiario_net","twitter_misc":{"Escrito por":"Jeanette","Tiempo de lectura":"3 minutos"},"schema":{"@context":"https:\/\/schema.org","@graph":[{"@type":"Article","@id":"https:\/\/www.eldiario.net\/portal\/2024\/06\/02\/proyectos-importantes-siguen-relegados-por-disputas-en-alp\/#article","isPartOf":{"@id":"https:\/\/www.eldiario.net\/portal\/2024\/06\/02\/proyectos-importantes-siguen-relegados-por-disputas-en-alp\/"},"author":{"name":"Jeanette","@id":"https:\/\/www.eldiario.net\/portal\/#\/schema\/person\/2c57cf2b7a7ae032e449e4c9b1019eac"},"headline":"Proyectos importantes siguen relegados por disputas en ALP","datePublished":"2024-06-02T11:13:49+00:00","mainEntityOfPage":{"@id":"https:\/\/www.eldiario.net\/portal\/2024\/06\/02\/proyectos-importantes-siguen-relegados-por-disputas-en-alp\/"},"wordCount":445,"commentCount":0,"publisher":{"@id":"https:\/\/www.eldiario.net\/portal\/#organization"},"image":{"@id":"https:\/\/www.eldiario.net\/portal\/2024\/06\/02\/proyectos-importantes-siguen-relegados-por-disputas-en-alp\/#primaryimage"},"thumbnailUrl":"https:\/\/www.eldiario.net\/portal\/wp-content\/uploads\/2024\/06\/42-POL.jpg","articleSection":["Pol\u00edtica"],"inLanguage":"es","potentialAction":[{"@type":"CommentAction","name":"Comment","target":["https:\/\/www.eldiario.net\/portal\/2024\/06\/02\/proyectos-importantes-siguen-relegados-por-disputas-en-alp\/#respond"]}]},{"@type":"WebPage","@id":"https:\/\/www.eldiario.net\/portal\/2024\/06\/02\/proyectos-importantes-siguen-relegados-por-disputas-en-alp\/","url":"https:\/\/www.eldiario.net\/portal\/2024\/06\/02\/proyectos-importantes-siguen-relegados-por-disputas-en-alp\/","name":"Proyectos importantes siguen relegados por disputas en ALP - El Diario - Bolivia","isPartOf":{"@id":"https:\/\/www.eldiario.net\/portal\/#website"},"primaryImageOfPage":{"@id":"https:\/\/www.eldiario.net\/portal\/2024\/06\/02\/proyectos-importantes-siguen-relegados-por-disputas-en-alp\/#primaryimage"},"image":{"@id":"https:\/\/www.eldiario.net\/portal\/2024\/06\/02\/proyectos-importantes-siguen-relegados-por-disputas-en-alp\/#primaryimage"},"thumbnailUrl":"https:\/\/www.eldiario.net\/portal\/wp-content\/uploads\/2024\/06\/42-POL.jpg","datePublished":"2024-06-02T11:13:49+00:00","breadcrumb":{"@id":"https:\/\/www.eldiario.net\/portal\/2024\/06\/02\/proyectos-importantes-siguen-relegados-por-disputas-en-alp\/#breadcrumb"},"inLanguage":"es","potentialAction":[{"@type":"ReadAction","target":["https:\/\/www.eldiario.net\/portal\/2024\/06\/02\/proyectos-importantes-siguen-relegados-por-disputas-en-alp\/"]}]},{"@type":"ImageObject","inLanguage":"es","@id":"https:\/\/www.eldiario.net\/portal\/2024\/06\/02\/proyectos-importantes-siguen-relegados-por-disputas-en-alp\/#primaryimage","url":"https:\/\/www.eldiario.net\/portal\/wp-content\/uploads\/2024\/06\/42-POL.jpg","contentUrl":"https:\/\/www.eldiario.net\/portal\/wp-content\/uploads\/2024\/06\/42-POL.jpg","width":1200,"height":800,"caption":"ALP. (referencial)"},{"@type":"BreadcrumbList","@id":"https:\/\/www.eldiario.net\/portal\/2024\/06\/02\/proyectos-importantes-siguen-relegados-por-disputas-en-alp\/#breadcrumb","itemListElement":[{"@type":"ListItem","position":1,"name":"Portada","item":"https:\/\/www.eldiario.net\/portal\/"},{"@type":"ListItem","position":2,"name":"Proyectos importantes siguen relegados por disputas en ALP"}]},{"@type":"WebSite","@id":"https:\/\/www.eldiario.net\/portal\/#website","url":"https:\/\/www.eldiario.net\/portal\/","name":"El Diario - Decano de la prensa nacional","description":"El Diario - Decano de la prensa nacional","publisher":{"@id":"https:\/\/www.eldiario.net\/portal\/#organization"},"potentialAction":[{"@type":"SearchAction","target":{"@type":"EntryPoint","urlTemplate":"https:\/\/www.eldiario.net\/portal\/?s={search_term_string}"},"query-input":{"@type":"PropertyValueSpecification","valueRequired":true,"valueName":"search_term_string"}}],"inLanguage":"es"},{"@type":"Organization","@id":"https:\/\/www.eldiario.net\/portal\/#organization","name":"El Diario - Decano de la prensa nacional","url":"https:\/\/www.eldiario.net\/portal\/","logo":{"@type":"ImageObject","inLanguage":"es","@id":"https:\/\/www.eldiario.net\/portal\/#\/schema\/logo\/image\/","url":"https:\/\/www.eldiario.net\/portal\/wp-content\/uploads\/2023\/07\/logo_ED.jpg","contentUrl":"https:\/\/www.eldiario.net\/portal\/wp-content\/uploads\/2023\/07\/logo_ED.jpg","width":272,"height":52,"caption":"El Diario - Decano de la prensa nacional"},"image":{"@id":"https:\/\/www.eldiario.net\/portal\/#\/schema\/logo\/image\/"},"sameAs":["https:\/\/www.facebook.com\/eldiario.bolivia\/","https:\/\/x.com\/eldiario_net"]},{"@type":"Person","@id":"https:\/\/www.eldiario.net\/portal\/#\/schema\/person\/2c57cf2b7a7ae032e449e4c9b1019eac","name":"Jeanette","image":{"@type":"ImageObject","inLanguage":"es","@id":"https:\/\/secure.gravatar.com\/avatar\/3ea2118a5f7dad2b7138b1187a6b7ee55f160b9968b66013c3a3ef39dd7e5798?s=96&d=mm&r=g","url":"https:\/\/secure.gravatar.com\/avatar\/3ea2118a5f7dad2b7138b1187a6b7ee55f160b9968b66013c3a3ef39dd7e5798?s=96&d=mm&r=g","contentUrl":"https:\/\/secure.gravatar.com\/avatar\/3ea2118a5f7dad2b7138b1187a6b7ee55f160b9968b66013c3a3ef39dd7e5798?s=96&d=mm&r=g","caption":"Jeanette"},"sameAs":["https:\/\/www.eldiario.net\/portal"],"url":"https:\/\/www.eldiario.net\/portal\/author\/jeanette\/"}]}},"_links":{"self":[{"href":"https:\/\/www.eldiario.net\/portal\/wp-json\/wp\/v2\/posts\/224403","targetHints":{"allow":["GET"]}}],"collection":[{"href":"https:\/\/www.eldiario.net\/portal\/wp-json\/wp\/v2\/posts"}],"about":[{"href":"https:\/\/www.eldiario.net\/portal\/wp-json\/wp\/v2\/types\/post"}],"author":[{"embeddable":true,"href":"https:\/\/www.eldiario.net\/portal\/wp-json\/wp\/v2\/users\/1"}],"replies":[{"embeddable":true,"href":"https:\/\/www.eldiario.net\/portal\/wp-json\/wp\/v2\/comments?post=224403"}],"version-history":[{"count":1,"href":"https:\/\/www.eldiario.net\/portal\/wp-json\/wp\/v2\/posts\/224403\/revisions"}],"predecessor-version":[{"id":224405,"href":"https:\/\/www.eldiario.net\/portal\/wp-json\/wp\/v2\/posts\/224403\/revisions\/224405"}],"wp:featuredmedia":[{"embeddable":true,"href":"https:\/\/www.eldiario.net\/portal\/wp-json\/wp\/v2\/media\/224404"}],"wp:attachment":[{"href":"https:\/\/www.eldiario.net\/portal\/wp-json\/wp\/v2\/media?parent=224403"}],"wp:term":[{"taxonomy":"category","embeddable":true,"href":"https:\/\/www.eldiario.net\/portal\/wp-json\/wp\/v2\/categories?post=224403"},{"taxonomy":"post_tag","embeddable":true,"href":"https:\/\/www.eldiario.net\/portal\/wp-json\/wp\/v2\/tags?post=224403"}],"curies":[{"name":"wp","href":"https:\/\/api.w.org\/{rel}","templated":true}]}}