{"id":224401,"date":"2024-06-02T07:12:57","date_gmt":"2024-06-02T11:12:57","guid":{"rendered":"https:\/\/www.eldiario.net\/portal\/?p=224401"},"modified":"2024-06-02T07:12:57","modified_gmt":"2024-06-02T11:12:57","slug":"reprochan-negligencia-complice-de-la-justicia-en-el-caso-marset","status":"publish","type":"post","link":"https:\/\/www.eldiario.net\/portal\/2024\/06\/02\/reprochan-negligencia-complice-de-la-justicia-en-el-caso-marset\/","title":{"rendered":"Reprochan negligencia, c\u00f3mplice  de la Justicia en el caso Marset"},"content":{"rendered":"<p>Tras una tard\u00eda declaratoria en rebeld\u00eda y recientes gestiones para la b\u00fasqueda internacional del narcotraficante uruguayo, Sebasti\u00e1n Marset, por parte de autoridades en el pa\u00eds, parlamentarios de oposici\u00f3n reprocharon la falta de celeridad con que la justicia boliviana se maneja en este tipo de casos, pasividad que adem\u00e1s lleva a sospechar de un posible encubrimiento y complicidad.<br \/>\nPara el diputado pace\u00f1o Alejandro Reyes, la lentitud con la que avanzaron los procesos contra esta persona, llevan a cuestionar la forma en que desde el pa\u00eds se procede en lo relacionado a la lucha contra el narcotr\u00e1fico.<br \/>\n\u201cEl se\u00f1or Marset es m\u00e1s f\u00e1cil que llegue a la luna a que regrese a este pa\u00eds, porque realmente estaba bien cuidado y protegido, es reprochable el accionar y claramente es una lecci\u00f3n aprendida no solo para el Gobierno sino para los bolivianos sobre la necesidad de un urgente cambio en la pol\u00edtica contra las drogas\u201d, dijo.<br \/>\nEn ese sentido, sostuvo que las pol\u00edticas de interdicci\u00f3n promovidas y aplicadas por el gobierno del MAS en los \u00faltimos a\u00f1os fueron un verdadero fracaso, sin que se propongan nuevas estrategias para luchar contra esta actividad il\u00edcita.<br \/>\nPor su parte, la diputada Luisa Nayar apunt\u00f3 a la actual administraci\u00f3n de justicia como la responsable de la tardanza en los actuados para el proceso del narcotraficante m\u00e1s buscado de la regi\u00f3n.<br \/>\n\u201cM\u00e1s de diez meses despu\u00e9s de la fuga del narcotraficante Marset, reci\u00e9n se lo declara en rebeld\u00eda para proseguir su proceso. As\u00ed funciona la podrida justicia boliviana. Sus c\u00f3mplices y encubridores gozan de impunidad y poder. Esta es una de las facetas m\u00e1s obscenas del pa\u00eds que nos dejan los gobiernos del MAS\u201d, sostuvo.<br \/>\nEl viernes, un juez de Santa Cruz declar\u00f3 en rebeld\u00eda al uruguayo Sebasti\u00e1n Marset, considerado uno de los m\u00e1s buscados de la regi\u00f3n, y ahora la Fiscal\u00eda gestiona, ante la Polic\u00eda Internacional la notificaci\u00f3n con el sello rojo.<br \/>\nEl fiscal, Julio C\u00e9sar Porras, inform\u00f3 que el acusado por narcotr\u00e1fico fue citado mediante un edicto a la audiencia, sin embargo, no se present\u00f3. Su paradero es desconocido desde fines de julio de 2023. \u201cSe lo declar\u00f3 rebelde donde el Ministerio P\u00fablico est\u00e1 gestionando ya la notificaci\u00f3n roja como corresponde\u201d, afirm\u00f3.<br \/>\nMarset es buscado en Bolivia por tr\u00e1fico de sustancias controladas. Mientras se encontraba en el pa\u00eds utiliz\u00f3 una identidad falsa con la que se encarg\u00f3 de estructurar toda una organizaci\u00f3n delictiva junto con otras personas.<\/p>\n","protected":false},"excerpt":{"rendered":"<p>Tras una tard\u00eda declaratoria en rebeld\u00eda y recientes gestiones para la b\u00fasqueda internacional del narcotraficante uruguayo, Sebasti\u00e1n Marset, por parte de autoridades en el pa\u00eds, parlamentarios de oposici\u00f3n reprocharon la falta de celeridad con que la justicia boliviana se maneja en este tipo de casos, pasividad que adem\u00e1s lleva a sospechar de un posible encubrimiento [&hellip;]<\/p>\n","protected":false},"author":1,"featured_media":194754,"comment_status":"open","ping_status":"open","sticky":false,"template":"","format":"standard","meta":{"_acf_changed":false,"footnotes":""},"categories":[14],"tags":[],"class_list":["post-224401","post","type-post","status-publish","format-standard","has-post-thumbnail","category-politica"],"acf":{"antetitulo":"Ven complicidad y encubrimiento"},"yoast_head":"<!-- This site is optimized with the Yoast SEO plugin v28.4 - https:\/\/yoast.com\/product\/yoast-seo-wordpress\/ -->\n<title>Reprochan negligencia, c\u00f3mplice de la Justicia en el caso Marset - El Diario - Bolivia<\/title>\n<meta name=\"robots\" content=\"index, follow, max-snippet:-1, max-image-preview:large, max-video-preview:-1\" \/>\n<link rel=\"canonical\" href=\"https:\/\/www.eldiario.net\/portal\/2024\/06\/02\/reprochan-negligencia-complice-de-la-justicia-en-el-caso-marset\/\" \/>\n<meta property=\"og:locale\" content=\"es_ES\" \/>\n<meta property=\"og:type\" content=\"article\" \/>\n<meta property=\"og:title\" content=\"Reprochan negligencia, c\u00f3mplice de la Justicia en el caso Marset - El Diario - Bolivia\" \/>\n<meta property=\"og:description\" content=\"Tras una tard\u00eda declaratoria en rebeld\u00eda y recientes gestiones para la b\u00fasqueda internacional del narcotraficante uruguayo, Sebasti\u00e1n Marset, por parte de autoridades en el pa\u00eds, parlamentarios de oposici\u00f3n reprocharon la falta de celeridad con que la justicia boliviana se maneja en este tipo de casos, pasividad que adem\u00e1s lleva a sospechar de un posible encubrimiento [&hellip;]\" \/>\n<meta property=\"og:url\" content=\"https:\/\/www.eldiario.net\/portal\/2024\/06\/02\/reprochan-negligencia-complice-de-la-justicia-en-el-caso-marset\/\" \/>\n<meta property=\"og:site_name\" content=\"El Diario - Bolivia\" \/>\n<meta property=\"article:publisher\" content=\"https:\/\/www.facebook.com\/eldiario.bolivia\/\" \/>\n<meta property=\"article:published_time\" content=\"2024-06-02T11:12:57+00:00\" \/>\n<meta property=\"og:image\" content=\"https:\/\/www.eldiario.net\/portal\/wp-content\/uploads\/2023\/12\/Politica.jpg\" \/>\n\t<meta property=\"og:image:width\" content=\"800\" \/>\n\t<meta property=\"og:image:height\" content=\"500\" \/>\n\t<meta property=\"og:image:type\" content=\"image\/jpeg\" \/>\n<meta name=\"author\" content=\"Jeanette\" \/>\n<meta name=\"twitter:card\" content=\"summary_large_image\" \/>\n<meta name=\"twitter:creator\" content=\"@eldiario_net\" \/>\n<meta name=\"twitter:site\" content=\"@eldiario_net\" \/>\n<meta name=\"twitter:label1\" content=\"Escrito por\" \/>\n\t<meta name=\"twitter:data1\" content=\"Jeanette\" \/>\n\t<meta name=\"twitter:label2\" content=\"Tiempo de lectura\" \/>\n\t<meta name=\"twitter:data2\" content=\"3 minutos\" \/>\n<script type=\"application\/ld+json\" class=\"yoast-schema-graph\">{\"@context\":\"https:\\\/\\\/schema.org\",\"@graph\":[{\"@type\":\"Article\",\"@id\":\"https:\\\/\\\/www.eldiario.net\\\/portal\\\/2024\\\/06\\\/02\\\/reprochan-negligencia-complice-de-la-justicia-en-el-caso-marset\\\/#article\",\"isPartOf\":{\"@id\":\"https:\\\/\\\/www.eldiario.net\\\/portal\\\/2024\\\/06\\\/02\\\/reprochan-negligencia-complice-de-la-justicia-en-el-caso-marset\\\/\"},\"author\":{\"name\":\"Jeanette\",\"@id\":\"https:\\\/\\\/www.eldiario.net\\\/portal\\\/#\\\/schema\\\/person\\\/f46445640444750d7d753ccd04ae01b7\"},\"headline\":\"Reprochan negligencia, c\u00f3mplice de la Justicia en el caso Marset\",\"datePublished\":\"2024-06-02T11:12:57+00:00\",\"mainEntityOfPage\":{\"@id\":\"https:\\\/\\\/www.eldiario.net\\\/portal\\\/2024\\\/06\\\/02\\\/reprochan-negligencia-complice-de-la-justicia-en-el-caso-marset\\\/\"},\"wordCount\":454,\"commentCount\":0,\"publisher\":{\"@id\":\"https:\\\/\\\/www.eldiario.net\\\/portal\\\/#organization\"},\"image\":{\"@id\":\"https:\\\/\\\/www.eldiario.net\\\/portal\\\/2024\\\/06\\\/02\\\/reprochan-negligencia-complice-de-la-justicia-en-el-caso-marset\\\/#primaryimage\"},\"thumbnailUrl\":\"https:\\\/\\\/www.eldiario.net\\\/portal\\\/wp-content\\\/uploads\\\/2023\\\/12\\\/Politica.jpg\",\"articleSection\":[\"Pol\u00edtica\"],\"inLanguage\":\"es\",\"potentialAction\":[{\"@type\":\"CommentAction\",\"name\":\"Comment\",\"target\":[\"https:\\\/\\\/www.eldiario.net\\\/portal\\\/2024\\\/06\\\/02\\\/reprochan-negligencia-complice-de-la-justicia-en-el-caso-marset\\\/#respond\"]}]},{\"@type\":\"WebPage\",\"@id\":\"https:\\\/\\\/www.eldiario.net\\\/portal\\\/2024\\\/06\\\/02\\\/reprochan-negligencia-complice-de-la-justicia-en-el-caso-marset\\\/\",\"url\":\"https:\\\/\\\/www.eldiario.net\\\/portal\\\/2024\\\/06\\\/02\\\/reprochan-negligencia-complice-de-la-justicia-en-el-caso-marset\\\/\",\"name\":\"Reprochan negligencia, c\u00f3mplice de la Justicia en el caso Marset - El Diario - Bolivia\",\"isPartOf\":{\"@id\":\"https:\\\/\\\/www.eldiario.net\\\/portal\\\/#website\"},\"primaryImageOfPage\":{\"@id\":\"https:\\\/\\\/www.eldiario.net\\\/portal\\\/2024\\\/06\\\/02\\\/reprochan-negligencia-complice-de-la-justicia-en-el-caso-marset\\\/#primaryimage\"},\"image\":{\"@id\":\"https:\\\/\\\/www.eldiario.net\\\/portal\\\/2024\\\/06\\\/02\\\/reprochan-negligencia-complice-de-la-justicia-en-el-caso-marset\\\/#primaryimage\"},\"thumbnailUrl\":\"https:\\\/\\\/www.eldiario.net\\\/portal\\\/wp-content\\\/uploads\\\/2023\\\/12\\\/Politica.jpg\",\"datePublished\":\"2024-06-02T11:12:57+00:00\",\"breadcrumb\":{\"@id\":\"https:\\\/\\\/www.eldiario.net\\\/portal\\\/2024\\\/06\\\/02\\\/reprochan-negligencia-complice-de-la-justicia-en-el-caso-marset\\\/#breadcrumb\"},\"inLanguage\":\"es\",\"potentialAction\":[{\"@type\":\"ReadAction\",\"target\":[\"https:\\\/\\\/www.eldiario.net\\\/portal\\\/2024\\\/06\\\/02\\\/reprochan-negligencia-complice-de-la-justicia-en-el-caso-marset\\\/\"]}]},{\"@type\":\"ImageObject\",\"inLanguage\":\"es\",\"@id\":\"https:\\\/\\\/www.eldiario.net\\\/portal\\\/2024\\\/06\\\/02\\\/reprochan-negligencia-complice-de-la-justicia-en-el-caso-marset\\\/#primaryimage\",\"url\":\"https:\\\/\\\/www.eldiario.net\\\/portal\\\/wp-content\\\/uploads\\\/2023\\\/12\\\/Politica.jpg\",\"contentUrl\":\"https:\\\/\\\/www.eldiario.net\\\/portal\\\/wp-content\\\/uploads\\\/2023\\\/12\\\/Politica.jpg\",\"width\":800,\"height\":500},{\"@type\":\"BreadcrumbList\",\"@id\":\"https:\\\/\\\/www.eldiario.net\\\/portal\\\/2024\\\/06\\\/02\\\/reprochan-negligencia-complice-de-la-justicia-en-el-caso-marset\\\/#breadcrumb\",\"itemListElement\":[{\"@type\":\"ListItem\",\"position\":1,\"name\":\"Portada\",\"item\":\"https:\\\/\\\/www.eldiario.net\\\/portal\\\/\"},{\"@type\":\"ListItem\",\"position\":2,\"name\":\"Reprochan negligencia, c\u00f3mplice de la Justicia en el caso Marset\"}]},{\"@type\":\"WebSite\",\"@id\":\"https:\\\/\\\/www.eldiario.net\\\/portal\\\/#website\",\"url\":\"https:\\\/\\\/www.eldiario.net\\\/portal\\\/\",\"name\":\"El Diario - Decano de la prensa nacional\",\"description\":\"El Diario - Decano de la prensa nacional\",\"publisher\":{\"@id\":\"https:\\\/\\\/www.eldiario.net\\\/portal\\\/#organization\"},\"potentialAction\":[{\"@type\":\"SearchAction\",\"target\":{\"@type\":\"EntryPoint\",\"urlTemplate\":\"https:\\\/\\\/www.eldiario.net\\\/portal\\\/?s={search_term_string}\"},\"query-input\":{\"@type\":\"PropertyValueSpecification\",\"valueRequired\":true,\"valueName\":\"search_term_string\"}}],\"inLanguage\":\"es\"},{\"@type\":\"Organization\",\"@id\":\"https:\\\/\\\/www.eldiario.net\\\/portal\\\/#organization\",\"name\":\"El Diario - Decano de la prensa nacional\",\"url\":\"https:\\\/\\\/www.eldiario.net\\\/portal\\\/\",\"logo\":{\"@type\":\"ImageObject\",\"inLanguage\":\"es\",\"@id\":\"https:\\\/\\\/www.eldiario.net\\\/portal\\\/#\\\/schema\\\/logo\\\/image\\\/\",\"url\":\"https:\\\/\\\/www.eldiario.net\\\/portal\\\/wp-content\\\/uploads\\\/2023\\\/07\\\/logo_ED.jpg\",\"contentUrl\":\"https:\\\/\\\/www.eldiario.net\\\/portal\\\/wp-content\\\/uploads\\\/2023\\\/07\\\/logo_ED.jpg\",\"width\":272,\"height\":52,\"caption\":\"El Diario - Decano de la prensa nacional\"},\"image\":{\"@id\":\"https:\\\/\\\/www.eldiario.net\\\/portal\\\/#\\\/schema\\\/logo\\\/image\\\/\"},\"sameAs\":[\"https:\\\/\\\/www.facebook.com\\\/eldiario.bolivia\\\/\",\"https:\\\/\\\/x.com\\\/eldiario_net\"]},{\"@type\":\"Person\",\"@id\":\"https:\\\/\\\/www.eldiario.net\\\/portal\\\/#\\\/schema\\\/person\\\/f46445640444750d7d753ccd04ae01b7\",\"name\":\"Jeanette\",\"image\":{\"@type\":\"ImageObject\",\"inLanguage\":\"es\",\"@id\":\"https:\\\/\\\/secure.gravatar.com\\\/avatar\\\/3ea2118a5f7dad2b7138b1187a6b7ee55f160b9968b66013c3a3ef39dd7e5798?s=96&d=mm&r=g\",\"url\":\"https:\\\/\\\/secure.gravatar.com\\\/avatar\\\/3ea2118a5f7dad2b7138b1187a6b7ee55f160b9968b66013c3a3ef39dd7e5798?s=96&d=mm&r=g\",\"contentUrl\":\"https:\\\/\\\/secure.gravatar.com\\\/avatar\\\/3ea2118a5f7dad2b7138b1187a6b7ee55f160b9968b66013c3a3ef39dd7e5798?s=96&d=mm&r=g\",\"caption\":\"Jeanette\"},\"sameAs\":[\"https:\\\/\\\/www.eldiario.net\\\/portal\"],\"url\":\"https:\\\/\\\/www.eldiario.net\\\/portal\\\/author\\\/jeanette\\\/\"}]}<\/script>\n<!-- \/ Yoast SEO plugin. -->","yoast_head_json":{"title":"Reprochan negligencia, c\u00f3mplice de la Justicia en el caso Marset - El Diario - Bolivia","robots":{"index":"index","follow":"follow","max-snippet":"max-snippet:-1","max-image-preview":"max-image-preview:large","max-video-preview":"max-video-preview:-1"},"canonical":"https:\/\/www.eldiario.net\/portal\/2024\/06\/02\/reprochan-negligencia-complice-de-la-justicia-en-el-caso-marset\/","og_locale":"es_ES","og_type":"article","og_title":"Reprochan negligencia, c\u00f3mplice de la Justicia en el caso Marset - El Diario - Bolivia","og_description":"Tras una tard\u00eda declaratoria en rebeld\u00eda y recientes gestiones para la b\u00fasqueda internacional del narcotraficante uruguayo, Sebasti\u00e1n Marset, por parte de autoridades en el pa\u00eds, parlamentarios de oposici\u00f3n reprocharon la falta de celeridad con que la justicia boliviana se maneja en este tipo de casos, pasividad que adem\u00e1s lleva a sospechar de un posible encubrimiento [&hellip;]","og_url":"https:\/\/www.eldiario.net\/portal\/2024\/06\/02\/reprochan-negligencia-complice-de-la-justicia-en-el-caso-marset\/","og_site_name":"El Diario - Bolivia","article_publisher":"https:\/\/www.facebook.com\/eldiario.bolivia\/","article_published_time":"2024-06-02T11:12:57+00:00","og_image":[{"width":800,"height":500,"url":"https:\/\/www.eldiario.net\/portal\/wp-content\/uploads\/2023\/12\/Politica.jpg","type":"image\/jpeg"}],"author":"Jeanette","twitter_card":"summary_large_image","twitter_creator":"@eldiario_net","twitter_site":"@eldiario_net","twitter_misc":{"Escrito por":"Jeanette","Tiempo de lectura":"3 minutos"},"schema":{"@context":"https:\/\/schema.org","@graph":[{"@type":"Article","@id":"https:\/\/www.eldiario.net\/portal\/2024\/06\/02\/reprochan-negligencia-complice-de-la-justicia-en-el-caso-marset\/#article","isPartOf":{"@id":"https:\/\/www.eldiario.net\/portal\/2024\/06\/02\/reprochan-negligencia-complice-de-la-justicia-en-el-caso-marset\/"},"author":{"name":"Jeanette","@id":"https:\/\/www.eldiario.net\/portal\/#\/schema\/person\/f46445640444750d7d753ccd04ae01b7"},"headline":"Reprochan negligencia, c\u00f3mplice de la Justicia en el caso Marset","datePublished":"2024-06-02T11:12:57+00:00","mainEntityOfPage":{"@id":"https:\/\/www.eldiario.net\/portal\/2024\/06\/02\/reprochan-negligencia-complice-de-la-justicia-en-el-caso-marset\/"},"wordCount":454,"commentCount":0,"publisher":{"@id":"https:\/\/www.eldiario.net\/portal\/#organization"},"image":{"@id":"https:\/\/www.eldiario.net\/portal\/2024\/06\/02\/reprochan-negligencia-complice-de-la-justicia-en-el-caso-marset\/#primaryimage"},"thumbnailUrl":"https:\/\/www.eldiario.net\/portal\/wp-content\/uploads\/2023\/12\/Politica.jpg","articleSection":["Pol\u00edtica"],"inLanguage":"es","potentialAction":[{"@type":"CommentAction","name":"Comment","target":["https:\/\/www.eldiario.net\/portal\/2024\/06\/02\/reprochan-negligencia-complice-de-la-justicia-en-el-caso-marset\/#respond"]}]},{"@type":"WebPage","@id":"https:\/\/www.eldiario.net\/portal\/2024\/06\/02\/reprochan-negligencia-complice-de-la-justicia-en-el-caso-marset\/","url":"https:\/\/www.eldiario.net\/portal\/2024\/06\/02\/reprochan-negligencia-complice-de-la-justicia-en-el-caso-marset\/","name":"Reprochan negligencia, c\u00f3mplice de la Justicia en el caso Marset - El Diario - Bolivia","isPartOf":{"@id":"https:\/\/www.eldiario.net\/portal\/#website"},"primaryImageOfPage":{"@id":"https:\/\/www.eldiario.net\/portal\/2024\/06\/02\/reprochan-negligencia-complice-de-la-justicia-en-el-caso-marset\/#primaryimage"},"image":{"@id":"https:\/\/www.eldiario.net\/portal\/2024\/06\/02\/reprochan-negligencia-complice-de-la-justicia-en-el-caso-marset\/#primaryimage"},"thumbnailUrl":"https:\/\/www.eldiario.net\/portal\/wp-content\/uploads\/2023\/12\/Politica.jpg","datePublished":"2024-06-02T11:12:57+00:00","breadcrumb":{"@id":"https:\/\/www.eldiario.net\/portal\/2024\/06\/02\/reprochan-negligencia-complice-de-la-justicia-en-el-caso-marset\/#breadcrumb"},"inLanguage":"es","potentialAction":[{"@type":"ReadAction","target":["https:\/\/www.eldiario.net\/portal\/2024\/06\/02\/reprochan-negligencia-complice-de-la-justicia-en-el-caso-marset\/"]}]},{"@type":"ImageObject","inLanguage":"es","@id":"https:\/\/www.eldiario.net\/portal\/2024\/06\/02\/reprochan-negligencia-complice-de-la-justicia-en-el-caso-marset\/#primaryimage","url":"https:\/\/www.eldiario.net\/portal\/wp-content\/uploads\/2023\/12\/Politica.jpg","contentUrl":"https:\/\/www.eldiario.net\/portal\/wp-content\/uploads\/2023\/12\/Politica.jpg","width":800,"height":500},{"@type":"BreadcrumbList","@id":"https:\/\/www.eldiario.net\/portal\/2024\/06\/02\/reprochan-negligencia-complice-de-la-justicia-en-el-caso-marset\/#breadcrumb","itemListElement":[{"@type":"ListItem","position":1,"name":"Portada","item":"https:\/\/www.eldiario.net\/portal\/"},{"@type":"ListItem","position":2,"name":"Reprochan negligencia, c\u00f3mplice de la Justicia en el caso Marset"}]},{"@type":"WebSite","@id":"https:\/\/www.eldiario.net\/portal\/#website","url":"https:\/\/www.eldiario.net\/portal\/","name":"El Diario - Decano de la prensa nacional","description":"El Diario - Decano de la prensa nacional","publisher":{"@id":"https:\/\/www.eldiario.net\/portal\/#organization"},"potentialAction":[{"@type":"SearchAction","target":{"@type":"EntryPoint","urlTemplate":"https:\/\/www.eldiario.net\/portal\/?s={search_term_string}"},"query-input":{"@type":"PropertyValueSpecification","valueRequired":true,"valueName":"search_term_string"}}],"inLanguage":"es"},{"@type":"Organization","@id":"https:\/\/www.eldiario.net\/portal\/#organization","name":"El Diario - Decano de la prensa nacional","url":"https:\/\/www.eldiario.net\/portal\/","logo":{"@type":"ImageObject","inLanguage":"es","@id":"https:\/\/www.eldiario.net\/portal\/#\/schema\/logo\/image\/","url":"https:\/\/www.eldiario.net\/portal\/wp-content\/uploads\/2023\/07\/logo_ED.jpg","contentUrl":"https:\/\/www.eldiario.net\/portal\/wp-content\/uploads\/2023\/07\/logo_ED.jpg","width":272,"height":52,"caption":"El Diario - Decano de la prensa nacional"},"image":{"@id":"https:\/\/www.eldiario.net\/portal\/#\/schema\/logo\/image\/"},"sameAs":["https:\/\/www.facebook.com\/eldiario.bolivia\/","https:\/\/x.com\/eldiario_net"]},{"@type":"Person","@id":"https:\/\/www.eldiario.net\/portal\/#\/schema\/person\/f46445640444750d7d753ccd04ae01b7","name":"Jeanette","image":{"@type":"ImageObject","inLanguage":"es","@id":"https:\/\/secure.gravatar.com\/avatar\/3ea2118a5f7dad2b7138b1187a6b7ee55f160b9968b66013c3a3ef39dd7e5798?s=96&d=mm&r=g","url":"https:\/\/secure.gravatar.com\/avatar\/3ea2118a5f7dad2b7138b1187a6b7ee55f160b9968b66013c3a3ef39dd7e5798?s=96&d=mm&r=g","contentUrl":"https:\/\/secure.gravatar.com\/avatar\/3ea2118a5f7dad2b7138b1187a6b7ee55f160b9968b66013c3a3ef39dd7e5798?s=96&d=mm&r=g","caption":"Jeanette"},"sameAs":["https:\/\/www.eldiario.net\/portal"],"url":"https:\/\/www.eldiario.net\/portal\/author\/jeanette\/"}]}},"_links":{"self":[{"href":"https:\/\/www.eldiario.net\/portal\/wp-json\/wp\/v2\/posts\/224401","targetHints":{"allow":["GET"]}}],"collection":[{"href":"https:\/\/www.eldiario.net\/portal\/wp-json\/wp\/v2\/posts"}],"about":[{"href":"https:\/\/www.eldiario.net\/portal\/wp-json\/wp\/v2\/types\/post"}],"author":[{"embeddable":true,"href":"https:\/\/www.eldiario.net\/portal\/wp-json\/wp\/v2\/users\/1"}],"replies":[{"embeddable":true,"href":"https:\/\/www.eldiario.net\/portal\/wp-json\/wp\/v2\/comments?post=224401"}],"version-history":[{"count":1,"href":"https:\/\/www.eldiario.net\/portal\/wp-json\/wp\/v2\/posts\/224401\/revisions"}],"predecessor-version":[{"id":224402,"href":"https:\/\/www.eldiario.net\/portal\/wp-json\/wp\/v2\/posts\/224401\/revisions\/224402"}],"wp:featuredmedia":[{"embeddable":true,"href":"https:\/\/www.eldiario.net\/portal\/wp-json\/wp\/v2\/media\/194754"}],"wp:attachment":[{"href":"https:\/\/www.eldiario.net\/portal\/wp-json\/wp\/v2\/media?parent=224401"}],"wp:term":[{"taxonomy":"category","embeddable":true,"href":"https:\/\/www.eldiario.net\/portal\/wp-json\/wp\/v2\/categories?post=224401"},{"taxonomy":"post_tag","embeddable":true,"href":"https:\/\/www.eldiario.net\/portal\/wp-json\/wp\/v2\/tags?post=224401"}],"curies":[{"name":"wp","href":"https:\/\/api.w.org\/{rel}","templated":true}]}}