{"id":224398,"date":"2024-06-02T07:11:59","date_gmt":"2024-06-02T11:11:59","guid":{"rendered":"https:\/\/www.eldiario.net\/portal\/?p=224398"},"modified":"2024-06-02T07:11:59","modified_gmt":"2024-06-02T11:11:59","slug":"telescopio-espacial-james-webb-bate-su-propio-record","status":"publish","type":"post","link":"https:\/\/www.eldiario.net\/portal\/2024\/06\/02\/telescopio-espacial-james-webb-bate-su-propio-record\/","title":{"rendered":"Telescopio espacial James  Webb bate su propio r\u00e9cord"},"content":{"rendered":"<p>Hace 17.800 millones de a\u00f1os ocurri\u00f3 el comienzo de todo lo conocido: el Big Bang, una enorme explosi\u00f3n de gases y materia que dio origen al Universo visible existente hoy.<br \/>\nEn los \u00faltimos a\u00f1os, con el desarrollo de los super telescopios, tanto terrestres como espaciales, el ser humano se pregunt\u00f3 cu\u00e1l es la primera galaxia que surgi\u00f3 tras esa explosi\u00f3n. Cu\u00e1n lejos en el tiempo se puede viajar para observar las primeras luces de galaxias que hoy ya no existen.<br \/>\nLa respuesta final la tiene el Telescopio Espacial James Webb (JWST, por sus siglas en ingl\u00e9s), el m\u00e1s avanzado observatorio desarrollado hasta hoy, que identific\u00f3 la galaxia m\u00e1s antigua conocida hasta ahora, situada a 290 millones de a\u00f1os despu\u00e9s del Big Bang.<br \/>\n\u201cDurante los \u00faltimos dos a\u00f1os, los cient\u00edficos utilizaron el JWST para explorar lo que los astr\u00f3nomos llaman el Amanecer C\u00f3smico: el per\u00edodo de los primeros cientos de millones de a\u00f1os despu\u00e9s del Big Bang, donde nacieron las primeras galaxias, que proporcionan informaci\u00f3n vital sobre las formas en que cambiaban el gas, las estrellas y los agujeros negros cuando el universo era muy joven\u201d, explic\u00f3 la NASA.<br \/>\n\u201cEn octubre de 2023 y enero de 2024, un equipo internacional de astr\u00f3nomos utiliz\u00f3 el Webb para observar galaxias como parte del programa JWST Advanced Deep Extragalactic Survey (JADES). Utilizando el aparato NIRSpec, un espectr\u00f3grafo de infrarrojo cercano, del Webb, obtuvieron un espectro de una galaxia sin precedentes observada s\u00f3lo doscientos noventa millones de a\u00f1os despu\u00e9s del Big Bang\u201d, complet\u00f3.<br \/>\nLa agencia espacial estadounidense explic\u00f3 que esta brillante galaxia presenta particularidades que tienen \u201cprofundas implicaciones\u201d para comprender las primeras edades del universo. Stefano Carniani y Kevin Hainlin, dos investigadores que participaron del descubrimiento, dijeron en un comunicado que la llamada JADES-GS-z14-0 \u201cno es el tipo de galaxia que predijo modelos te\u00f3ricos y simulaciones computarizadas en el universo primitivo\u201d.<br \/>\n\u201cEn enero de 2024, NIRSpec observ\u00f3 esta galaxia, JADES-GS-z14-0, durante casi diez horas, y cuando se proces\u00f3 el espectro por primera vez, hubo evidencia inequ\u00edvoca de que la galaxia estaba efectivamente en un corrimiento al rojo de 14,32, rompiendo el anterior m\u00e1s, registro de galaxia distante. Ver este espectro fue incre\u00edblemente emocionante para todo el equipo, dado el misterio que rodea a la fuente\u201d.<br \/>\n\u201cEl aspecto m\u00e1s importante de JADES-GS-z14-0 fue que a esta distancia sabemos que esta galaxia debe ser intr\u00ednsecamente muy luminosa. A partir de las im\u00e1genes, se descubre que la fuente tiene m\u00e1s de 1.600 a\u00f1os luz de di\u00e1metro, lo que demuestra que la luz que vemos proviene principalmente de estrellas j\u00f3venes y no de emisiones cercanas a un agujero negro supermasivo en crecimiento. \u00a1Tanta luz estelar implica que la galaxia tiene varios cientos de millones de veces la masa del Sol! Esto plantea la pregunta: \u00bfC\u00f3mo puede la naturaleza crear una galaxia tan grande, masiva y brillante en menos de 300 millones de a\u00f1os?\u201d<br \/>\n\u201cLos datos revelan otros aspectos importantes de esta asombrosa galaxia. Vemos que el color de la galaxia no es tan azul como podr\u00eda ser, lo que indica que parte de la luz est\u00e1 enrojecida por el polvo, incluso en estos tiempos tan tempranos. \u00a1Estamos encantados de ver la extraordinaria diversidad de galaxias que exist\u00edan en el amanecer c\u00f3smico!\u201d, resaltaron. En astronom\u00eda, ver lejos es lo mismo que retroceder en el tiempo. Por ejemplo, la luz solar tarda ocho minutos en llegar a la Tierra y por eso vemos al Sol como era hace ocho minutos.<br \/>\nCuando el brillo de las galaxias m\u00e1s distantes llega a la Tierra, la expansi\u00f3n del universo va estirando y desplazando esa luz hacia el rango infrarrojo, un espectro que el James Webb es capaz de detectar con una claridad sin precedentes. La capacidad de este telescopio espacial, que opera \u00fanicamente en el espectro infrarrojo, es ideal para explorar el universo m\u00e1s joven.<br \/>\nCARACTER\u00cdSTICAS DE LA GALAXIA JADES-GSz14-0<br \/>\nLa galaxia JADES-GS-z14-0 se encuentra a un desplazamiento al rojo de 14,32, un indicador de su extrema lejan\u00eda. Las observaciones indican que no se asemeja a las galaxias te\u00f3ricas del universo primitivo y su luz est\u00e1 enrojecida por el polvo, incluso en estas etapas tempranas. Los datos obtenidos son preliminares y esperan ser publicados en una revista cient\u00edfica para su validaci\u00f3n.<br \/>\nEl desplazamiento al rojo (redshift) es un fen\u00f3meno causado por la expansi\u00f3n del universo, que desplaza la luz de los objetos distantes hacia el extremo rojo del espectro. Este efecto es crucial para medir la distancia de objetos astron\u00f3micos, y en el caso de JADES-GS-z14-0, confirma su lugar como la galaxia m\u00e1s distante observada hasta la fecha.<br \/>\nEsta galaxia, denominada JADES-GS-z14-0, muestra signos de ox\u00edgeno, sugiriendo la existencia de m\u00faltiples generaciones de estrellas en sus primeros d\u00edas. Este descubrimiento, parte del programa JADES, proporciona una nueva comprensi\u00f3n del Amanecer C\u00f3smico, el periodo formativo del universo.<br \/>\nEl investigador de JADES, Jake Helton, del Observatorio Steward y la Universidad de Arizona, tambi\u00e9n identific\u00f3 que JADES-GS-z14-0 se detect\u00f3 en longitudes de onda m\u00e1s largas con el MIRI (Instrumento de infrarrojo medio) de Webb, un logro notable considerando su distancia. La observaci\u00f3n MIRI cubre longitudes de onda de luz que fueron emitidas en el rango de luz visible, que est\u00e1n desplazadas al rojo fuera del alcance de los instrumentos del infrarrojo cercano de Webb.<br \/>\nEl an\u00e1lisis de Jake, revela que el brillo de la fuente impl\u00edcito en la observaci\u00f3n MIRI est\u00e1 por encima de lo que se extrapolar\u00eda de las mediciones de los otros instrumentos Webb, lo que indica la presencia de fuertes emisiones de gas ionizado en la galaxia en forma de l\u00edneas de emisi\u00f3n brillantes de hidr\u00f3geno y ox\u00edgeno. La presencia de ox\u00edgeno en una etapa tan temprana de la vida de esta galaxia es una sorpresa y sugiere que m\u00faltiples generaciones de estrellas muy masivas ya hab\u00edan vivido sus vidas antes de que observ\u00e1ramos la galaxia.<br \/>\nEl espectr\u00f3grafo revel\u00f3 que el color de la galaxia no es tan azul como cabr\u00eda esperar, lo que indica que parte de la luz est\u00e1 enrojecida por el polvo, a pesar de la temprana edad del universo. Tambi\u00e9n la c\u00e1mara MIRI, que cubre longitudes de onda m\u00e1s largas, indic\u00f3 la presencia de fuertes emisiones de gas ionizado en forma de l\u00edneas de emisi\u00f3n brillantes de hidr\u00f3geno y ox\u00edgeno en la galaxia.<br \/>\n\u201cLa presencia de ox\u00edgeno en una etapa tan temprana de la vida de la galaxia es una sorpresa y sugiere que m\u00faltiples generaciones de estrellas muy masivas ya hab\u00edan vivido sus vidas antes de que observ\u00e1ramos esta galaxia\u201d, destacaron los investigadores.<br \/>\nEL DESCUBRIMIENTO DEL UNIVERSO<br \/>\nEl Telescopio Espacial James Webb (JWST), lanzado en 2021, es el sucesor del ic\u00f3nico Hubble y est\u00e1 dise\u00f1ado para observar el universo en longitudes de onda del infrarrojo cercano y medio. Gracias a su espejo primario de 6,5 metros y tecnolog\u00eda avanzada, el JWST puede observar a trav\u00e9s del polvo c\u00f3smico y detectar estructuras y fen\u00f3menos que antes eran invisibles.<br \/>\nEste descubrimiento no solo ampl\u00eda nuestro conocimiento del universo temprano, sino que tambi\u00e9n destaca la capacidad del Telescopio Espacial James Webb para revolucionar la astronom\u00eda moderna. Ubicado a 1,5 millones de kil\u00f3metros de la Tierra y es utilizado por cient\u00edficos de todo el mundo para investigaciones.<br \/>\nDesde su lanzamiento en diciembre de 2021, el telescopio observ\u00f3 galaxias muy distantes, pero con el anuncio bate su propio r\u00e9cord de rango de observaci\u00f3n. Se estima que la luz de esta nueva galaxia tard\u00f3 m\u00e1s de 13.500 millones de a\u00f1os en llegar hasta la Tierra (el Big Bang sucedi\u00f3 hace 13.800 millones de a\u00f1os).<br \/>\nSeg\u00fan la NASA, esta galaxia es excepcionalmente brillante considerando su distancia y se estima que su masa es cientos de millones de veces superior a la del Sol. El hallazgo supera el r\u00e9cord previo de la galaxia m\u00e1s antigua conocida, la JADES-GS-z13-0, que existi\u00f3 320 millones de a\u00f1os despu\u00e9s del Big Bang.<br \/>\nLos astr\u00f3nomos dejaron un mensaje m\u00e1s esperanzador en la b\u00fasqueda de galaxias a\u00fan m\u00e1s antiguas: \u201cDada la regi\u00f3n relativamente peque\u00f1a del cielo que buscamos para encontrar JADES-GS-z14-0, su descubrimiento tiene profundas implicaciones para el n\u00famero previsto de galaxias brillantes que vemos en el universo temprano, como se analiza en otro estudio simult\u00e1neo de JADES. Es probable que los astr\u00f3nomos encuentren muchas galaxias luminosas de este tipo, posiblemente incluso en \u00e9pocas anteriores, durante la pr\u00f3xima d\u00e9cada con Webb\u201d. (Infobae)<\/p>\n","protected":false},"excerpt":{"rendered":"<p>Hace 17.800 millones de a\u00f1os ocurri\u00f3 el comienzo de todo lo conocido: el Big Bang, una enorme explosi\u00f3n de gases y materia que dio origen al Universo visible existente hoy. En los \u00faltimos a\u00f1os, con el desarrollo de los super telescopios, tanto terrestres como espaciales, el ser humano se pregunt\u00f3 cu\u00e1l es la primera galaxia [&hellip;]<\/p>\n","protected":false},"author":1,"featured_media":224399,"comment_status":"open","ping_status":"open","sticky":false,"template":"","format":"standard","meta":{"_acf_changed":false,"footnotes":""},"categories":[3],"tags":[],"class_list":["post-224398","post","type-post","status-publish","format-standard","has-post-thumbnail","category-internacional"],"acf":{"antetitulo":"Encontr\u00f3 la galaxia m\u00e1s antigua"},"yoast_head":"<!-- This site is optimized with the Yoast SEO plugin v28.4 - https:\/\/yoast.com\/product\/yoast-seo-wordpress\/ -->\n<title>Telescopio espacial James Webb bate su propio r\u00e9cord - El Diario - Bolivia<\/title>\n<meta name=\"robots\" content=\"index, follow, max-snippet:-1, max-image-preview:large, max-video-preview:-1\" \/>\n<link rel=\"canonical\" href=\"https:\/\/www.eldiario.net\/portal\/2024\/06\/02\/telescopio-espacial-james-webb-bate-su-propio-record\/\" \/>\n<meta property=\"og:locale\" content=\"es_ES\" \/>\n<meta property=\"og:type\" content=\"article\" \/>\n<meta property=\"og:title\" content=\"Telescopio espacial James Webb bate su propio r\u00e9cord - El Diario - Bolivia\" \/>\n<meta property=\"og:description\" content=\"Hace 17.800 millones de a\u00f1os ocurri\u00f3 el comienzo de todo lo conocido: el Big Bang, una enorme explosi\u00f3n de gases y materia que dio origen al Universo visible existente hoy. En los \u00faltimos a\u00f1os, con el desarrollo de los super telescopios, tanto terrestres como espaciales, el ser humano se pregunt\u00f3 cu\u00e1l es la primera galaxia [&hellip;]\" \/>\n<meta property=\"og:url\" content=\"https:\/\/www.eldiario.net\/portal\/2024\/06\/02\/telescopio-espacial-james-webb-bate-su-propio-record\/\" \/>\n<meta property=\"og:site_name\" content=\"El Diario - Bolivia\" \/>\n<meta property=\"article:publisher\" content=\"https:\/\/www.facebook.com\/eldiario.bolivia\/\" \/>\n<meta property=\"article:published_time\" content=\"2024-06-02T11:11:59+00:00\" \/>\n<meta property=\"og:image\" content=\"https:\/\/www.eldiario.net\/portal\/wp-content\/uploads\/2024\/06\/CUADROS.jpg\" \/>\n\t<meta property=\"og:image:width\" content=\"992\" \/>\n\t<meta property=\"og:image:height\" content=\"661\" \/>\n\t<meta property=\"og:image:type\" content=\"image\/jpeg\" \/>\n<meta name=\"author\" content=\"Jeanette\" \/>\n<meta name=\"twitter:card\" content=\"summary_large_image\" \/>\n<meta name=\"twitter:creator\" content=\"@eldiario_net\" \/>\n<meta name=\"twitter:site\" content=\"@eldiario_net\" \/>\n<meta name=\"twitter:label1\" content=\"Escrito por\" \/>\n\t<meta name=\"twitter:data1\" content=\"Jeanette\" \/>\n\t<meta name=\"twitter:label2\" content=\"Tiempo de lectura\" \/>\n\t<meta name=\"twitter:data2\" content=\"7 minutos\" \/>\n<script type=\"application\/ld+json\" class=\"yoast-schema-graph\">{\"@context\":\"https:\\\/\\\/schema.org\",\"@graph\":[{\"@type\":\"Article\",\"@id\":\"https:\\\/\\\/www.eldiario.net\\\/portal\\\/2024\\\/06\\\/02\\\/telescopio-espacial-james-webb-bate-su-propio-record\\\/#article\",\"isPartOf\":{\"@id\":\"https:\\\/\\\/www.eldiario.net\\\/portal\\\/2024\\\/06\\\/02\\\/telescopio-espacial-james-webb-bate-su-propio-record\\\/\"},\"author\":{\"name\":\"Jeanette\",\"@id\":\"https:\\\/\\\/www.eldiario.net\\\/portal\\\/#\\\/schema\\\/person\\\/f46445640444750d7d753ccd04ae01b7\"},\"headline\":\"Telescopio espacial James Webb bate su propio r\u00e9cord\",\"datePublished\":\"2024-06-02T11:11:59+00:00\",\"mainEntityOfPage\":{\"@id\":\"https:\\\/\\\/www.eldiario.net\\\/portal\\\/2024\\\/06\\\/02\\\/telescopio-espacial-james-webb-bate-su-propio-record\\\/\"},\"wordCount\":1492,\"commentCount\":0,\"publisher\":{\"@id\":\"https:\\\/\\\/www.eldiario.net\\\/portal\\\/#organization\"},\"image\":{\"@id\":\"https:\\\/\\\/www.eldiario.net\\\/portal\\\/2024\\\/06\\\/02\\\/telescopio-espacial-james-webb-bate-su-propio-record\\\/#primaryimage\"},\"thumbnailUrl\":\"https:\\\/\\\/www.eldiario.net\\\/portal\\\/wp-content\\\/uploads\\\/2024\\\/06\\\/CUADROS.jpg\",\"articleSection\":[\"Internacional\"],\"inLanguage\":\"es\",\"potentialAction\":[{\"@type\":\"CommentAction\",\"name\":\"Comment\",\"target\":[\"https:\\\/\\\/www.eldiario.net\\\/portal\\\/2024\\\/06\\\/02\\\/telescopio-espacial-james-webb-bate-su-propio-record\\\/#respond\"]}]},{\"@type\":\"WebPage\",\"@id\":\"https:\\\/\\\/www.eldiario.net\\\/portal\\\/2024\\\/06\\\/02\\\/telescopio-espacial-james-webb-bate-su-propio-record\\\/\",\"url\":\"https:\\\/\\\/www.eldiario.net\\\/portal\\\/2024\\\/06\\\/02\\\/telescopio-espacial-james-webb-bate-su-propio-record\\\/\",\"name\":\"Telescopio espacial James Webb bate su propio r\u00e9cord - El Diario - Bolivia\",\"isPartOf\":{\"@id\":\"https:\\\/\\\/www.eldiario.net\\\/portal\\\/#website\"},\"primaryImageOfPage\":{\"@id\":\"https:\\\/\\\/www.eldiario.net\\\/portal\\\/2024\\\/06\\\/02\\\/telescopio-espacial-james-webb-bate-su-propio-record\\\/#primaryimage\"},\"image\":{\"@id\":\"https:\\\/\\\/www.eldiario.net\\\/portal\\\/2024\\\/06\\\/02\\\/telescopio-espacial-james-webb-bate-su-propio-record\\\/#primaryimage\"},\"thumbnailUrl\":\"https:\\\/\\\/www.eldiario.net\\\/portal\\\/wp-content\\\/uploads\\\/2024\\\/06\\\/CUADROS.jpg\",\"datePublished\":\"2024-06-02T11:11:59+00:00\",\"breadcrumb\":{\"@id\":\"https:\\\/\\\/www.eldiario.net\\\/portal\\\/2024\\\/06\\\/02\\\/telescopio-espacial-james-webb-bate-su-propio-record\\\/#breadcrumb\"},\"inLanguage\":\"es\",\"potentialAction\":[{\"@type\":\"ReadAction\",\"target\":[\"https:\\\/\\\/www.eldiario.net\\\/portal\\\/2024\\\/06\\\/02\\\/telescopio-espacial-james-webb-bate-su-propio-record\\\/\"]}]},{\"@type\":\"ImageObject\",\"inLanguage\":\"es\",\"@id\":\"https:\\\/\\\/www.eldiario.net\\\/portal\\\/2024\\\/06\\\/02\\\/telescopio-espacial-james-webb-bate-su-propio-record\\\/#primaryimage\",\"url\":\"https:\\\/\\\/www.eldiario.net\\\/portal\\\/wp-content\\\/uploads\\\/2024\\\/06\\\/CUADROS.jpg\",\"contentUrl\":\"https:\\\/\\\/www.eldiario.net\\\/portal\\\/wp-content\\\/uploads\\\/2024\\\/06\\\/CUADROS.jpg\",\"width\":992,\"height\":661,\"caption\":\"UNA IMAGEN DEL TELESCOPIO JAMES WEBB MUESTRA EL QU\u00c1SAR J0148 RODEADO DE UN C\u00cdCULO ROJO. NASA\"},{\"@type\":\"BreadcrumbList\",\"@id\":\"https:\\\/\\\/www.eldiario.net\\\/portal\\\/2024\\\/06\\\/02\\\/telescopio-espacial-james-webb-bate-su-propio-record\\\/#breadcrumb\",\"itemListElement\":[{\"@type\":\"ListItem\",\"position\":1,\"name\":\"Portada\",\"item\":\"https:\\\/\\\/www.eldiario.net\\\/portal\\\/\"},{\"@type\":\"ListItem\",\"position\":2,\"name\":\"Telescopio espacial James Webb bate su propio r\u00e9cord\"}]},{\"@type\":\"WebSite\",\"@id\":\"https:\\\/\\\/www.eldiario.net\\\/portal\\\/#website\",\"url\":\"https:\\\/\\\/www.eldiario.net\\\/portal\\\/\",\"name\":\"El Diario - Decano de la prensa nacional\",\"description\":\"El Diario - Decano de la prensa nacional\",\"publisher\":{\"@id\":\"https:\\\/\\\/www.eldiario.net\\\/portal\\\/#organization\"},\"potentialAction\":[{\"@type\":\"SearchAction\",\"target\":{\"@type\":\"EntryPoint\",\"urlTemplate\":\"https:\\\/\\\/www.eldiario.net\\\/portal\\\/?s={search_term_string}\"},\"query-input\":{\"@type\":\"PropertyValueSpecification\",\"valueRequired\":true,\"valueName\":\"search_term_string\"}}],\"inLanguage\":\"es\"},{\"@type\":\"Organization\",\"@id\":\"https:\\\/\\\/www.eldiario.net\\\/portal\\\/#organization\",\"name\":\"El Diario - Decano de la prensa nacional\",\"url\":\"https:\\\/\\\/www.eldiario.net\\\/portal\\\/\",\"logo\":{\"@type\":\"ImageObject\",\"inLanguage\":\"es\",\"@id\":\"https:\\\/\\\/www.eldiario.net\\\/portal\\\/#\\\/schema\\\/logo\\\/image\\\/\",\"url\":\"https:\\\/\\\/www.eldiario.net\\\/portal\\\/wp-content\\\/uploads\\\/2023\\\/07\\\/logo_ED.jpg\",\"contentUrl\":\"https:\\\/\\\/www.eldiario.net\\\/portal\\\/wp-content\\\/uploads\\\/2023\\\/07\\\/logo_ED.jpg\",\"width\":272,\"height\":52,\"caption\":\"El Diario - Decano de la prensa nacional\"},\"image\":{\"@id\":\"https:\\\/\\\/www.eldiario.net\\\/portal\\\/#\\\/schema\\\/logo\\\/image\\\/\"},\"sameAs\":[\"https:\\\/\\\/www.facebook.com\\\/eldiario.bolivia\\\/\",\"https:\\\/\\\/x.com\\\/eldiario_net\"]},{\"@type\":\"Person\",\"@id\":\"https:\\\/\\\/www.eldiario.net\\\/portal\\\/#\\\/schema\\\/person\\\/f46445640444750d7d753ccd04ae01b7\",\"name\":\"Jeanette\",\"image\":{\"@type\":\"ImageObject\",\"inLanguage\":\"es\",\"@id\":\"https:\\\/\\\/secure.gravatar.com\\\/avatar\\\/3ea2118a5f7dad2b7138b1187a6b7ee55f160b9968b66013c3a3ef39dd7e5798?s=96&d=mm&r=g\",\"url\":\"https:\\\/\\\/secure.gravatar.com\\\/avatar\\\/3ea2118a5f7dad2b7138b1187a6b7ee55f160b9968b66013c3a3ef39dd7e5798?s=96&d=mm&r=g\",\"contentUrl\":\"https:\\\/\\\/secure.gravatar.com\\\/avatar\\\/3ea2118a5f7dad2b7138b1187a6b7ee55f160b9968b66013c3a3ef39dd7e5798?s=96&d=mm&r=g\",\"caption\":\"Jeanette\"},\"sameAs\":[\"https:\\\/\\\/www.eldiario.net\\\/portal\"],\"url\":\"https:\\\/\\\/www.eldiario.net\\\/portal\\\/author\\\/jeanette\\\/\"}]}<\/script>\n<!-- \/ Yoast SEO plugin. -->","yoast_head_json":{"title":"Telescopio espacial James Webb bate su propio r\u00e9cord - El Diario - Bolivia","robots":{"index":"index","follow":"follow","max-snippet":"max-snippet:-1","max-image-preview":"max-image-preview:large","max-video-preview":"max-video-preview:-1"},"canonical":"https:\/\/www.eldiario.net\/portal\/2024\/06\/02\/telescopio-espacial-james-webb-bate-su-propio-record\/","og_locale":"es_ES","og_type":"article","og_title":"Telescopio espacial James Webb bate su propio r\u00e9cord - El Diario - Bolivia","og_description":"Hace 17.800 millones de a\u00f1os ocurri\u00f3 el comienzo de todo lo conocido: el Big Bang, una enorme explosi\u00f3n de gases y materia que dio origen al Universo visible existente hoy. En los \u00faltimos a\u00f1os, con el desarrollo de los super telescopios, tanto terrestres como espaciales, el ser humano se pregunt\u00f3 cu\u00e1l es la primera galaxia [&hellip;]","og_url":"https:\/\/www.eldiario.net\/portal\/2024\/06\/02\/telescopio-espacial-james-webb-bate-su-propio-record\/","og_site_name":"El Diario - Bolivia","article_publisher":"https:\/\/www.facebook.com\/eldiario.bolivia\/","article_published_time":"2024-06-02T11:11:59+00:00","og_image":[{"width":992,"height":661,"url":"https:\/\/www.eldiario.net\/portal\/wp-content\/uploads\/2024\/06\/CUADROS.jpg","type":"image\/jpeg"}],"author":"Jeanette","twitter_card":"summary_large_image","twitter_creator":"@eldiario_net","twitter_site":"@eldiario_net","twitter_misc":{"Escrito por":"Jeanette","Tiempo de lectura":"7 minutos"},"schema":{"@context":"https:\/\/schema.org","@graph":[{"@type":"Article","@id":"https:\/\/www.eldiario.net\/portal\/2024\/06\/02\/telescopio-espacial-james-webb-bate-su-propio-record\/#article","isPartOf":{"@id":"https:\/\/www.eldiario.net\/portal\/2024\/06\/02\/telescopio-espacial-james-webb-bate-su-propio-record\/"},"author":{"name":"Jeanette","@id":"https:\/\/www.eldiario.net\/portal\/#\/schema\/person\/f46445640444750d7d753ccd04ae01b7"},"headline":"Telescopio espacial James Webb bate su propio r\u00e9cord","datePublished":"2024-06-02T11:11:59+00:00","mainEntityOfPage":{"@id":"https:\/\/www.eldiario.net\/portal\/2024\/06\/02\/telescopio-espacial-james-webb-bate-su-propio-record\/"},"wordCount":1492,"commentCount":0,"publisher":{"@id":"https:\/\/www.eldiario.net\/portal\/#organization"},"image":{"@id":"https:\/\/www.eldiario.net\/portal\/2024\/06\/02\/telescopio-espacial-james-webb-bate-su-propio-record\/#primaryimage"},"thumbnailUrl":"https:\/\/www.eldiario.net\/portal\/wp-content\/uploads\/2024\/06\/CUADROS.jpg","articleSection":["Internacional"],"inLanguage":"es","potentialAction":[{"@type":"CommentAction","name":"Comment","target":["https:\/\/www.eldiario.net\/portal\/2024\/06\/02\/telescopio-espacial-james-webb-bate-su-propio-record\/#respond"]}]},{"@type":"WebPage","@id":"https:\/\/www.eldiario.net\/portal\/2024\/06\/02\/telescopio-espacial-james-webb-bate-su-propio-record\/","url":"https:\/\/www.eldiario.net\/portal\/2024\/06\/02\/telescopio-espacial-james-webb-bate-su-propio-record\/","name":"Telescopio espacial James Webb bate su propio r\u00e9cord - El Diario - Bolivia","isPartOf":{"@id":"https:\/\/www.eldiario.net\/portal\/#website"},"primaryImageOfPage":{"@id":"https:\/\/www.eldiario.net\/portal\/2024\/06\/02\/telescopio-espacial-james-webb-bate-su-propio-record\/#primaryimage"},"image":{"@id":"https:\/\/www.eldiario.net\/portal\/2024\/06\/02\/telescopio-espacial-james-webb-bate-su-propio-record\/#primaryimage"},"thumbnailUrl":"https:\/\/www.eldiario.net\/portal\/wp-content\/uploads\/2024\/06\/CUADROS.jpg","datePublished":"2024-06-02T11:11:59+00:00","breadcrumb":{"@id":"https:\/\/www.eldiario.net\/portal\/2024\/06\/02\/telescopio-espacial-james-webb-bate-su-propio-record\/#breadcrumb"},"inLanguage":"es","potentialAction":[{"@type":"ReadAction","target":["https:\/\/www.eldiario.net\/portal\/2024\/06\/02\/telescopio-espacial-james-webb-bate-su-propio-record\/"]}]},{"@type":"ImageObject","inLanguage":"es","@id":"https:\/\/www.eldiario.net\/portal\/2024\/06\/02\/telescopio-espacial-james-webb-bate-su-propio-record\/#primaryimage","url":"https:\/\/www.eldiario.net\/portal\/wp-content\/uploads\/2024\/06\/CUADROS.jpg","contentUrl":"https:\/\/www.eldiario.net\/portal\/wp-content\/uploads\/2024\/06\/CUADROS.jpg","width":992,"height":661,"caption":"UNA IMAGEN DEL TELESCOPIO JAMES WEBB MUESTRA EL QU\u00c1SAR J0148 RODEADO DE UN C\u00cdCULO ROJO. NASA"},{"@type":"BreadcrumbList","@id":"https:\/\/www.eldiario.net\/portal\/2024\/06\/02\/telescopio-espacial-james-webb-bate-su-propio-record\/#breadcrumb","itemListElement":[{"@type":"ListItem","position":1,"name":"Portada","item":"https:\/\/www.eldiario.net\/portal\/"},{"@type":"ListItem","position":2,"name":"Telescopio espacial James Webb bate su propio r\u00e9cord"}]},{"@type":"WebSite","@id":"https:\/\/www.eldiario.net\/portal\/#website","url":"https:\/\/www.eldiario.net\/portal\/","name":"El Diario - Decano de la prensa nacional","description":"El Diario - Decano de la prensa nacional","publisher":{"@id":"https:\/\/www.eldiario.net\/portal\/#organization"},"potentialAction":[{"@type":"SearchAction","target":{"@type":"EntryPoint","urlTemplate":"https:\/\/www.eldiario.net\/portal\/?s={search_term_string}"},"query-input":{"@type":"PropertyValueSpecification","valueRequired":true,"valueName":"search_term_string"}}],"inLanguage":"es"},{"@type":"Organization","@id":"https:\/\/www.eldiario.net\/portal\/#organization","name":"El Diario - Decano de la prensa nacional","url":"https:\/\/www.eldiario.net\/portal\/","logo":{"@type":"ImageObject","inLanguage":"es","@id":"https:\/\/www.eldiario.net\/portal\/#\/schema\/logo\/image\/","url":"https:\/\/www.eldiario.net\/portal\/wp-content\/uploads\/2023\/07\/logo_ED.jpg","contentUrl":"https:\/\/www.eldiario.net\/portal\/wp-content\/uploads\/2023\/07\/logo_ED.jpg","width":272,"height":52,"caption":"El Diario - Decano de la prensa nacional"},"image":{"@id":"https:\/\/www.eldiario.net\/portal\/#\/schema\/logo\/image\/"},"sameAs":["https:\/\/www.facebook.com\/eldiario.bolivia\/","https:\/\/x.com\/eldiario_net"]},{"@type":"Person","@id":"https:\/\/www.eldiario.net\/portal\/#\/schema\/person\/f46445640444750d7d753ccd04ae01b7","name":"Jeanette","image":{"@type":"ImageObject","inLanguage":"es","@id":"https:\/\/secure.gravatar.com\/avatar\/3ea2118a5f7dad2b7138b1187a6b7ee55f160b9968b66013c3a3ef39dd7e5798?s=96&d=mm&r=g","url":"https:\/\/secure.gravatar.com\/avatar\/3ea2118a5f7dad2b7138b1187a6b7ee55f160b9968b66013c3a3ef39dd7e5798?s=96&d=mm&r=g","contentUrl":"https:\/\/secure.gravatar.com\/avatar\/3ea2118a5f7dad2b7138b1187a6b7ee55f160b9968b66013c3a3ef39dd7e5798?s=96&d=mm&r=g","caption":"Jeanette"},"sameAs":["https:\/\/www.eldiario.net\/portal"],"url":"https:\/\/www.eldiario.net\/portal\/author\/jeanette\/"}]}},"_links":{"self":[{"href":"https:\/\/www.eldiario.net\/portal\/wp-json\/wp\/v2\/posts\/224398","targetHints":{"allow":["GET"]}}],"collection":[{"href":"https:\/\/www.eldiario.net\/portal\/wp-json\/wp\/v2\/posts"}],"about":[{"href":"https:\/\/www.eldiario.net\/portal\/wp-json\/wp\/v2\/types\/post"}],"author":[{"embeddable":true,"href":"https:\/\/www.eldiario.net\/portal\/wp-json\/wp\/v2\/users\/1"}],"replies":[{"embeddable":true,"href":"https:\/\/www.eldiario.net\/portal\/wp-json\/wp\/v2\/comments?post=224398"}],"version-history":[{"count":1,"href":"https:\/\/www.eldiario.net\/portal\/wp-json\/wp\/v2\/posts\/224398\/revisions"}],"predecessor-version":[{"id":224400,"href":"https:\/\/www.eldiario.net\/portal\/wp-json\/wp\/v2\/posts\/224398\/revisions\/224400"}],"wp:featuredmedia":[{"embeddable":true,"href":"https:\/\/www.eldiario.net\/portal\/wp-json\/wp\/v2\/media\/224399"}],"wp:attachment":[{"href":"https:\/\/www.eldiario.net\/portal\/wp-json\/wp\/v2\/media?parent=224398"}],"wp:term":[{"taxonomy":"category","embeddable":true,"href":"https:\/\/www.eldiario.net\/portal\/wp-json\/wp\/v2\/categories?post=224398"},{"taxonomy":"post_tag","embeddable":true,"href":"https:\/\/www.eldiario.net\/portal\/wp-json\/wp\/v2\/tags?post=224398"}],"curies":[{"name":"wp","href":"https:\/\/api.w.org\/{rel}","templated":true}]}}