{"id":224395,"date":"2024-06-02T07:11:01","date_gmt":"2024-06-02T11:11:01","guid":{"rendered":"https:\/\/www.eldiario.net\/portal\/?p=224395"},"modified":"2024-06-02T07:11:01","modified_gmt":"2024-06-02T11:11:01","slug":"china-comienza-a-cultivar-arroz-en-pleno-desierto","status":"publish","type":"post","link":"https:\/\/www.eldiario.net\/portal\/2024\/06\/02\/china-comienza-a-cultivar-arroz-en-pleno-desierto\/","title":{"rendered":"China comienza a cultivar  arroz en pleno desierto"},"content":{"rendered":"<p>Cient\u00edficos de la Academia China de Ciencias Agr\u00edcolas cosecharon el primer lote de arroz cultivado en el desierto, en invernaderos levantados en Xinjiang Uigur, al noroeste del pa\u00eds.<br \/>\n\u201cEl arroz se cultiva en marcos de tres capas junto con un control ambiental preciso en invernaderos des\u00e9rticos, en lugar de m\u00e9todos convencionales, lo que reduce casi a la mitad el ciclo de crecimiento, cosech\u00e1ndose en solo dos meses\u201d, dijo Yang Qichang, el cient\u00edfico jefe del Instituto de Agricultura Urbana (IUA), citado por Xinhua.<br \/>\nSeg\u00fan Yang, este logro se bas\u00f3 en los \u00e9xitos anteriores en la f\u00e1brica de plantas en Chengdu, provincia de Sichuan, suroeste de China, donde su equipo redujo a la mitad el per\u00edodo de crecimiento por primera vez a trav\u00e9s de la tecnolog\u00eda de reproducci\u00f3n r\u00e1pida en 2021.<br \/>\nEn opini\u00f3n de Yang, el duro clima del desierto de Hotan ofrece una oportunidad en lugar de un obst\u00e1culo. Las caracter\u00edsticas geogr\u00e1ficas \u00fanicas de esta regi\u00f3n, que incluyen largas horas de sol y una gran diferencia de temperatura entre el d\u00eda y la noche, proporcionan una condici\u00f3n ideal para el cultivo.<br \/>\nLos investigadores tambi\u00e9n aceleraron el crecimiento de las plantas mediante la aplicaci\u00f3n de recetas de iluminaci\u00f3n LED din\u00e1mica, formulaciones espec\u00edficas de soluciones nutritivas y tecnolog\u00edas avanzadas de cultivo sin suelo.<br \/>\n\u201cAl aprovechar las ventajas del clima des\u00e9rtico, como los abundantes recursos de luz y calor, el potencial para la agricultura protegida se vuelve cada vez m\u00e1s prometedor, allanando el camino para la producci\u00f3n de alimentos sostenibles en Xinjiang\u201d, indic\u00f3 Shi Dawei, investigador de la IUA.<br \/>\nSeg\u00fan Yang, al utilizar tecnolog\u00edas de eficiencia energ\u00e9tica en los invernaderos del desierto de Hotan, los costos de funcionamiento se redujeron significativamente en comparaci\u00f3n con los invernaderos convencionales.<br \/>\n\u201cActualmente, el costo de construcci\u00f3n de los invernaderos des\u00e9rticos que ahorran energ\u00eda es de 350 yuanes (alrededor de 48,2 d\u00f3lares estadounidenses) por metro cuadrado, alrededor de un tercio del de los invernaderos en Pa\u00edses Bajos. Mientras tanto, su costo de operaci\u00f3n es aproximadamente el 25 por ciento de los invernaderos holandeses\u201d, explic\u00f3 Yang, y se\u00f1ala que los invernaderos en los Pa\u00edses Bajos son reconocidos como uno de los principales ejemplos de agricultura basada en instalaciones.<br \/>\n\u201cEn el futuro, tanto los costos de construcci\u00f3n como los de operaci\u00f3n de este tipo de invernaderos se pueden reducir mediante el uso de energ\u00eda verde, mecanizaci\u00f3n e inteligencia artificial\u201d, agreg\u00f3.<br \/>\nYang dijo que este avance en la tecnolog\u00eda de cultivo r\u00e1pido de cultivos de invernadero del desierto proporciona apoyo t\u00e9cnico para el uso de invernaderos del desierto para llevar a cabo la producci\u00f3n de cultivos anuales y el cultivo r\u00e1pido en Xinjiang en el futuro.<br \/>\nYang y su equipo de investigaci\u00f3n tambi\u00e9n exploraron tecnolog\u00edas clave para el cultivo r\u00e1pido de cultivos b\u00e1sicos como la soja, el ma\u00edz y el trigo, as\u00ed como la colza, el algod\u00f3n y la alfalfa en el invernadero del desierto en Hotan. (Europa Press)<\/p>\n","protected":false},"excerpt":{"rendered":"<p>Cient\u00edficos de la Academia China de Ciencias Agr\u00edcolas cosecharon el primer lote de arroz cultivado en el desierto, en invernaderos levantados en Xinjiang Uigur, al noroeste del pa\u00eds. \u201cEl arroz se cultiva en marcos de tres capas junto con un control ambiental preciso en invernaderos des\u00e9rticos, en lugar de m\u00e9todos convencionales, lo que reduce casi [&hellip;]<\/p>\n","protected":false},"author":1,"featured_media":224396,"comment_status":"open","ping_status":"open","sticky":false,"template":"","format":"standard","meta":{"_acf_changed":false,"footnotes":""},"categories":[3],"tags":[],"class_list":["post-224395","post","type-post","status-publish","format-standard","has-post-thumbnail","category-internacional"],"acf":{"antetitulo":"Cosecha ser\u00e1 en dos meses"},"yoast_head":"<!-- This site is optimized with the Yoast SEO plugin v28.4 - https:\/\/yoast.com\/product\/yoast-seo-wordpress\/ -->\n<title>China comienza a cultivar arroz en pleno desierto - El Diario - Bolivia<\/title>\n<meta name=\"robots\" content=\"index, follow, max-snippet:-1, max-image-preview:large, max-video-preview:-1\" \/>\n<link rel=\"canonical\" href=\"https:\/\/www.eldiario.net\/portal\/2024\/06\/02\/china-comienza-a-cultivar-arroz-en-pleno-desierto\/\" \/>\n<meta property=\"og:locale\" content=\"es_ES\" \/>\n<meta property=\"og:type\" content=\"article\" \/>\n<meta property=\"og:title\" content=\"China comienza a cultivar arroz en pleno desierto - El Diario - Bolivia\" \/>\n<meta property=\"og:description\" content=\"Cient\u00edficos de la Academia China de Ciencias Agr\u00edcolas cosecharon el primer lote de arroz cultivado en el desierto, en invernaderos levantados en Xinjiang Uigur, al noroeste del pa\u00eds. \u201cEl arroz se cultiva en marcos de tres capas junto con un control ambiental preciso en invernaderos des\u00e9rticos, en lugar de m\u00e9todos convencionales, lo que reduce casi [&hellip;]\" \/>\n<meta property=\"og:url\" content=\"https:\/\/www.eldiario.net\/portal\/2024\/06\/02\/china-comienza-a-cultivar-arroz-en-pleno-desierto\/\" \/>\n<meta property=\"og:site_name\" content=\"El Diario - Bolivia\" \/>\n<meta property=\"article:publisher\" content=\"https:\/\/www.facebook.com\/eldiario.bolivia\/\" \/>\n<meta property=\"article:published_time\" content=\"2024-06-02T11:11:01+00:00\" \/>\n<meta property=\"og:image\" content=\"https:\/\/www.eldiario.net\/portal\/wp-content\/uploads\/2024\/06\/PLANTA.jpg\" \/>\n\t<meta property=\"og:image:width\" content=\"690\" \/>\n\t<meta property=\"og:image:height\" content=\"386\" \/>\n\t<meta property=\"og:image:type\" content=\"image\/jpeg\" \/>\n<meta name=\"author\" content=\"Jeanette\" \/>\n<meta name=\"twitter:card\" content=\"summary_large_image\" \/>\n<meta name=\"twitter:creator\" content=\"@eldiario_net\" \/>\n<meta name=\"twitter:site\" content=\"@eldiario_net\" \/>\n<meta name=\"twitter:label1\" content=\"Escrito por\" \/>\n\t<meta name=\"twitter:data1\" content=\"Jeanette\" \/>\n\t<meta name=\"twitter:label2\" content=\"Tiempo de lectura\" \/>\n\t<meta name=\"twitter:data2\" content=\"3 minutos\" \/>\n<script type=\"application\/ld+json\" class=\"yoast-schema-graph\">{\"@context\":\"https:\\\/\\\/schema.org\",\"@graph\":[{\"@type\":\"Article\",\"@id\":\"https:\\\/\\\/www.eldiario.net\\\/portal\\\/2024\\\/06\\\/02\\\/china-comienza-a-cultivar-arroz-en-pleno-desierto\\\/#article\",\"isPartOf\":{\"@id\":\"https:\\\/\\\/www.eldiario.net\\\/portal\\\/2024\\\/06\\\/02\\\/china-comienza-a-cultivar-arroz-en-pleno-desierto\\\/\"},\"author\":{\"name\":\"Jeanette\",\"@id\":\"https:\\\/\\\/www.eldiario.net\\\/portal\\\/#\\\/schema\\\/person\\\/f46445640444750d7d753ccd04ae01b7\"},\"headline\":\"China comienza a cultivar arroz en pleno desierto\",\"datePublished\":\"2024-06-02T11:11:01+00:00\",\"mainEntityOfPage\":{\"@id\":\"https:\\\/\\\/www.eldiario.net\\\/portal\\\/2024\\\/06\\\/02\\\/china-comienza-a-cultivar-arroz-en-pleno-desierto\\\/\"},\"wordCount\":539,\"commentCount\":0,\"publisher\":{\"@id\":\"https:\\\/\\\/www.eldiario.net\\\/portal\\\/#organization\"},\"image\":{\"@id\":\"https:\\\/\\\/www.eldiario.net\\\/portal\\\/2024\\\/06\\\/02\\\/china-comienza-a-cultivar-arroz-en-pleno-desierto\\\/#primaryimage\"},\"thumbnailUrl\":\"https:\\\/\\\/www.eldiario.net\\\/portal\\\/wp-content\\\/uploads\\\/2024\\\/06\\\/PLANTA.jpg\",\"articleSection\":[\"Internacional\"],\"inLanguage\":\"es\",\"potentialAction\":[{\"@type\":\"CommentAction\",\"name\":\"Comment\",\"target\":[\"https:\\\/\\\/www.eldiario.net\\\/portal\\\/2024\\\/06\\\/02\\\/china-comienza-a-cultivar-arroz-en-pleno-desierto\\\/#respond\"]}]},{\"@type\":\"WebPage\",\"@id\":\"https:\\\/\\\/www.eldiario.net\\\/portal\\\/2024\\\/06\\\/02\\\/china-comienza-a-cultivar-arroz-en-pleno-desierto\\\/\",\"url\":\"https:\\\/\\\/www.eldiario.net\\\/portal\\\/2024\\\/06\\\/02\\\/china-comienza-a-cultivar-arroz-en-pleno-desierto\\\/\",\"name\":\"China comienza a cultivar arroz en pleno desierto - El Diario - Bolivia\",\"isPartOf\":{\"@id\":\"https:\\\/\\\/www.eldiario.net\\\/portal\\\/#website\"},\"primaryImageOfPage\":{\"@id\":\"https:\\\/\\\/www.eldiario.net\\\/portal\\\/2024\\\/06\\\/02\\\/china-comienza-a-cultivar-arroz-en-pleno-desierto\\\/#primaryimage\"},\"image\":{\"@id\":\"https:\\\/\\\/www.eldiario.net\\\/portal\\\/2024\\\/06\\\/02\\\/china-comienza-a-cultivar-arroz-en-pleno-desierto\\\/#primaryimage\"},\"thumbnailUrl\":\"https:\\\/\\\/www.eldiario.net\\\/portal\\\/wp-content\\\/uploads\\\/2024\\\/06\\\/PLANTA.jpg\",\"datePublished\":\"2024-06-02T11:11:01+00:00\",\"breadcrumb\":{\"@id\":\"https:\\\/\\\/www.eldiario.net\\\/portal\\\/2024\\\/06\\\/02\\\/china-comienza-a-cultivar-arroz-en-pleno-desierto\\\/#breadcrumb\"},\"inLanguage\":\"es\",\"potentialAction\":[{\"@type\":\"ReadAction\",\"target\":[\"https:\\\/\\\/www.eldiario.net\\\/portal\\\/2024\\\/06\\\/02\\\/china-comienza-a-cultivar-arroz-en-pleno-desierto\\\/\"]}]},{\"@type\":\"ImageObject\",\"inLanguage\":\"es\",\"@id\":\"https:\\\/\\\/www.eldiario.net\\\/portal\\\/2024\\\/06\\\/02\\\/china-comienza-a-cultivar-arroz-en-pleno-desierto\\\/#primaryimage\",\"url\":\"https:\\\/\\\/www.eldiario.net\\\/portal\\\/wp-content\\\/uploads\\\/2024\\\/06\\\/PLANTA.jpg\",\"contentUrl\":\"https:\\\/\\\/www.eldiario.net\\\/portal\\\/wp-content\\\/uploads\\\/2024\\\/06\\\/PLANTA.jpg\",\"width\":690,\"height\":386,\"caption\":\"UTILIZAR\u00c1N TECNOLOG\u00cdAS DE EFICIENCIA ENERG\u00c9TICA EN INVERNADEROS. Notim\u00e9rica\"},{\"@type\":\"BreadcrumbList\",\"@id\":\"https:\\\/\\\/www.eldiario.net\\\/portal\\\/2024\\\/06\\\/02\\\/china-comienza-a-cultivar-arroz-en-pleno-desierto\\\/#breadcrumb\",\"itemListElement\":[{\"@type\":\"ListItem\",\"position\":1,\"name\":\"Portada\",\"item\":\"https:\\\/\\\/www.eldiario.net\\\/portal\\\/\"},{\"@type\":\"ListItem\",\"position\":2,\"name\":\"China comienza a cultivar arroz en pleno desierto\"}]},{\"@type\":\"WebSite\",\"@id\":\"https:\\\/\\\/www.eldiario.net\\\/portal\\\/#website\",\"url\":\"https:\\\/\\\/www.eldiario.net\\\/portal\\\/\",\"name\":\"El Diario - Decano de la prensa nacional\",\"description\":\"El Diario - Decano de la prensa nacional\",\"publisher\":{\"@id\":\"https:\\\/\\\/www.eldiario.net\\\/portal\\\/#organization\"},\"potentialAction\":[{\"@type\":\"SearchAction\",\"target\":{\"@type\":\"EntryPoint\",\"urlTemplate\":\"https:\\\/\\\/www.eldiario.net\\\/portal\\\/?s={search_term_string}\"},\"query-input\":{\"@type\":\"PropertyValueSpecification\",\"valueRequired\":true,\"valueName\":\"search_term_string\"}}],\"inLanguage\":\"es\"},{\"@type\":\"Organization\",\"@id\":\"https:\\\/\\\/www.eldiario.net\\\/portal\\\/#organization\",\"name\":\"El Diario - Decano de la prensa nacional\",\"url\":\"https:\\\/\\\/www.eldiario.net\\\/portal\\\/\",\"logo\":{\"@type\":\"ImageObject\",\"inLanguage\":\"es\",\"@id\":\"https:\\\/\\\/www.eldiario.net\\\/portal\\\/#\\\/schema\\\/logo\\\/image\\\/\",\"url\":\"https:\\\/\\\/www.eldiario.net\\\/portal\\\/wp-content\\\/uploads\\\/2023\\\/07\\\/logo_ED.jpg\",\"contentUrl\":\"https:\\\/\\\/www.eldiario.net\\\/portal\\\/wp-content\\\/uploads\\\/2023\\\/07\\\/logo_ED.jpg\",\"width\":272,\"height\":52,\"caption\":\"El Diario - Decano de la prensa nacional\"},\"image\":{\"@id\":\"https:\\\/\\\/www.eldiario.net\\\/portal\\\/#\\\/schema\\\/logo\\\/image\\\/\"},\"sameAs\":[\"https:\\\/\\\/www.facebook.com\\\/eldiario.bolivia\\\/\",\"https:\\\/\\\/x.com\\\/eldiario_net\"]},{\"@type\":\"Person\",\"@id\":\"https:\\\/\\\/www.eldiario.net\\\/portal\\\/#\\\/schema\\\/person\\\/f46445640444750d7d753ccd04ae01b7\",\"name\":\"Jeanette\",\"image\":{\"@type\":\"ImageObject\",\"inLanguage\":\"es\",\"@id\":\"https:\\\/\\\/secure.gravatar.com\\\/avatar\\\/3ea2118a5f7dad2b7138b1187a6b7ee55f160b9968b66013c3a3ef39dd7e5798?s=96&d=mm&r=g\",\"url\":\"https:\\\/\\\/secure.gravatar.com\\\/avatar\\\/3ea2118a5f7dad2b7138b1187a6b7ee55f160b9968b66013c3a3ef39dd7e5798?s=96&d=mm&r=g\",\"contentUrl\":\"https:\\\/\\\/secure.gravatar.com\\\/avatar\\\/3ea2118a5f7dad2b7138b1187a6b7ee55f160b9968b66013c3a3ef39dd7e5798?s=96&d=mm&r=g\",\"caption\":\"Jeanette\"},\"sameAs\":[\"https:\\\/\\\/www.eldiario.net\\\/portal\"],\"url\":\"https:\\\/\\\/www.eldiario.net\\\/portal\\\/author\\\/jeanette\\\/\"}]}<\/script>\n<!-- \/ Yoast SEO plugin. -->","yoast_head_json":{"title":"China comienza a cultivar arroz en pleno desierto - El Diario - Bolivia","robots":{"index":"index","follow":"follow","max-snippet":"max-snippet:-1","max-image-preview":"max-image-preview:large","max-video-preview":"max-video-preview:-1"},"canonical":"https:\/\/www.eldiario.net\/portal\/2024\/06\/02\/china-comienza-a-cultivar-arroz-en-pleno-desierto\/","og_locale":"es_ES","og_type":"article","og_title":"China comienza a cultivar arroz en pleno desierto - El Diario - Bolivia","og_description":"Cient\u00edficos de la Academia China de Ciencias Agr\u00edcolas cosecharon el primer lote de arroz cultivado en el desierto, en invernaderos levantados en Xinjiang Uigur, al noroeste del pa\u00eds. \u201cEl arroz se cultiva en marcos de tres capas junto con un control ambiental preciso en invernaderos des\u00e9rticos, en lugar de m\u00e9todos convencionales, lo que reduce casi [&hellip;]","og_url":"https:\/\/www.eldiario.net\/portal\/2024\/06\/02\/china-comienza-a-cultivar-arroz-en-pleno-desierto\/","og_site_name":"El Diario - Bolivia","article_publisher":"https:\/\/www.facebook.com\/eldiario.bolivia\/","article_published_time":"2024-06-02T11:11:01+00:00","og_image":[{"width":690,"height":386,"url":"https:\/\/www.eldiario.net\/portal\/wp-content\/uploads\/2024\/06\/PLANTA.jpg","type":"image\/jpeg"}],"author":"Jeanette","twitter_card":"summary_large_image","twitter_creator":"@eldiario_net","twitter_site":"@eldiario_net","twitter_misc":{"Escrito por":"Jeanette","Tiempo de lectura":"3 minutos"},"schema":{"@context":"https:\/\/schema.org","@graph":[{"@type":"Article","@id":"https:\/\/www.eldiario.net\/portal\/2024\/06\/02\/china-comienza-a-cultivar-arroz-en-pleno-desierto\/#article","isPartOf":{"@id":"https:\/\/www.eldiario.net\/portal\/2024\/06\/02\/china-comienza-a-cultivar-arroz-en-pleno-desierto\/"},"author":{"name":"Jeanette","@id":"https:\/\/www.eldiario.net\/portal\/#\/schema\/person\/f46445640444750d7d753ccd04ae01b7"},"headline":"China comienza a cultivar arroz en pleno desierto","datePublished":"2024-06-02T11:11:01+00:00","mainEntityOfPage":{"@id":"https:\/\/www.eldiario.net\/portal\/2024\/06\/02\/china-comienza-a-cultivar-arroz-en-pleno-desierto\/"},"wordCount":539,"commentCount":0,"publisher":{"@id":"https:\/\/www.eldiario.net\/portal\/#organization"},"image":{"@id":"https:\/\/www.eldiario.net\/portal\/2024\/06\/02\/china-comienza-a-cultivar-arroz-en-pleno-desierto\/#primaryimage"},"thumbnailUrl":"https:\/\/www.eldiario.net\/portal\/wp-content\/uploads\/2024\/06\/PLANTA.jpg","articleSection":["Internacional"],"inLanguage":"es","potentialAction":[{"@type":"CommentAction","name":"Comment","target":["https:\/\/www.eldiario.net\/portal\/2024\/06\/02\/china-comienza-a-cultivar-arroz-en-pleno-desierto\/#respond"]}]},{"@type":"WebPage","@id":"https:\/\/www.eldiario.net\/portal\/2024\/06\/02\/china-comienza-a-cultivar-arroz-en-pleno-desierto\/","url":"https:\/\/www.eldiario.net\/portal\/2024\/06\/02\/china-comienza-a-cultivar-arroz-en-pleno-desierto\/","name":"China comienza a cultivar arroz en pleno desierto - El Diario - Bolivia","isPartOf":{"@id":"https:\/\/www.eldiario.net\/portal\/#website"},"primaryImageOfPage":{"@id":"https:\/\/www.eldiario.net\/portal\/2024\/06\/02\/china-comienza-a-cultivar-arroz-en-pleno-desierto\/#primaryimage"},"image":{"@id":"https:\/\/www.eldiario.net\/portal\/2024\/06\/02\/china-comienza-a-cultivar-arroz-en-pleno-desierto\/#primaryimage"},"thumbnailUrl":"https:\/\/www.eldiario.net\/portal\/wp-content\/uploads\/2024\/06\/PLANTA.jpg","datePublished":"2024-06-02T11:11:01+00:00","breadcrumb":{"@id":"https:\/\/www.eldiario.net\/portal\/2024\/06\/02\/china-comienza-a-cultivar-arroz-en-pleno-desierto\/#breadcrumb"},"inLanguage":"es","potentialAction":[{"@type":"ReadAction","target":["https:\/\/www.eldiario.net\/portal\/2024\/06\/02\/china-comienza-a-cultivar-arroz-en-pleno-desierto\/"]}]},{"@type":"ImageObject","inLanguage":"es","@id":"https:\/\/www.eldiario.net\/portal\/2024\/06\/02\/china-comienza-a-cultivar-arroz-en-pleno-desierto\/#primaryimage","url":"https:\/\/www.eldiario.net\/portal\/wp-content\/uploads\/2024\/06\/PLANTA.jpg","contentUrl":"https:\/\/www.eldiario.net\/portal\/wp-content\/uploads\/2024\/06\/PLANTA.jpg","width":690,"height":386,"caption":"UTILIZAR\u00c1N TECNOLOG\u00cdAS DE EFICIENCIA ENERG\u00c9TICA EN INVERNADEROS. Notim\u00e9rica"},{"@type":"BreadcrumbList","@id":"https:\/\/www.eldiario.net\/portal\/2024\/06\/02\/china-comienza-a-cultivar-arroz-en-pleno-desierto\/#breadcrumb","itemListElement":[{"@type":"ListItem","position":1,"name":"Portada","item":"https:\/\/www.eldiario.net\/portal\/"},{"@type":"ListItem","position":2,"name":"China comienza a cultivar arroz en pleno desierto"}]},{"@type":"WebSite","@id":"https:\/\/www.eldiario.net\/portal\/#website","url":"https:\/\/www.eldiario.net\/portal\/","name":"El Diario - Decano de la prensa nacional","description":"El Diario - Decano de la prensa nacional","publisher":{"@id":"https:\/\/www.eldiario.net\/portal\/#organization"},"potentialAction":[{"@type":"SearchAction","target":{"@type":"EntryPoint","urlTemplate":"https:\/\/www.eldiario.net\/portal\/?s={search_term_string}"},"query-input":{"@type":"PropertyValueSpecification","valueRequired":true,"valueName":"search_term_string"}}],"inLanguage":"es"},{"@type":"Organization","@id":"https:\/\/www.eldiario.net\/portal\/#organization","name":"El Diario - Decano de la prensa nacional","url":"https:\/\/www.eldiario.net\/portal\/","logo":{"@type":"ImageObject","inLanguage":"es","@id":"https:\/\/www.eldiario.net\/portal\/#\/schema\/logo\/image\/","url":"https:\/\/www.eldiario.net\/portal\/wp-content\/uploads\/2023\/07\/logo_ED.jpg","contentUrl":"https:\/\/www.eldiario.net\/portal\/wp-content\/uploads\/2023\/07\/logo_ED.jpg","width":272,"height":52,"caption":"El Diario - Decano de la prensa nacional"},"image":{"@id":"https:\/\/www.eldiario.net\/portal\/#\/schema\/logo\/image\/"},"sameAs":["https:\/\/www.facebook.com\/eldiario.bolivia\/","https:\/\/x.com\/eldiario_net"]},{"@type":"Person","@id":"https:\/\/www.eldiario.net\/portal\/#\/schema\/person\/f46445640444750d7d753ccd04ae01b7","name":"Jeanette","image":{"@type":"ImageObject","inLanguage":"es","@id":"https:\/\/secure.gravatar.com\/avatar\/3ea2118a5f7dad2b7138b1187a6b7ee55f160b9968b66013c3a3ef39dd7e5798?s=96&d=mm&r=g","url":"https:\/\/secure.gravatar.com\/avatar\/3ea2118a5f7dad2b7138b1187a6b7ee55f160b9968b66013c3a3ef39dd7e5798?s=96&d=mm&r=g","contentUrl":"https:\/\/secure.gravatar.com\/avatar\/3ea2118a5f7dad2b7138b1187a6b7ee55f160b9968b66013c3a3ef39dd7e5798?s=96&d=mm&r=g","caption":"Jeanette"},"sameAs":["https:\/\/www.eldiario.net\/portal"],"url":"https:\/\/www.eldiario.net\/portal\/author\/jeanette\/"}]}},"_links":{"self":[{"href":"https:\/\/www.eldiario.net\/portal\/wp-json\/wp\/v2\/posts\/224395","targetHints":{"allow":["GET"]}}],"collection":[{"href":"https:\/\/www.eldiario.net\/portal\/wp-json\/wp\/v2\/posts"}],"about":[{"href":"https:\/\/www.eldiario.net\/portal\/wp-json\/wp\/v2\/types\/post"}],"author":[{"embeddable":true,"href":"https:\/\/www.eldiario.net\/portal\/wp-json\/wp\/v2\/users\/1"}],"replies":[{"embeddable":true,"href":"https:\/\/www.eldiario.net\/portal\/wp-json\/wp\/v2\/comments?post=224395"}],"version-history":[{"count":1,"href":"https:\/\/www.eldiario.net\/portal\/wp-json\/wp\/v2\/posts\/224395\/revisions"}],"predecessor-version":[{"id":224397,"href":"https:\/\/www.eldiario.net\/portal\/wp-json\/wp\/v2\/posts\/224395\/revisions\/224397"}],"wp:featuredmedia":[{"embeddable":true,"href":"https:\/\/www.eldiario.net\/portal\/wp-json\/wp\/v2\/media\/224396"}],"wp:attachment":[{"href":"https:\/\/www.eldiario.net\/portal\/wp-json\/wp\/v2\/media?parent=224395"}],"wp:term":[{"taxonomy":"category","embeddable":true,"href":"https:\/\/www.eldiario.net\/portal\/wp-json\/wp\/v2\/categories?post=224395"},{"taxonomy":"post_tag","embeddable":true,"href":"https:\/\/www.eldiario.net\/portal\/wp-json\/wp\/v2\/tags?post=224395"}],"curies":[{"name":"wp","href":"https:\/\/api.w.org\/{rel}","templated":true}]}}