{"id":224393,"date":"2024-06-02T07:10:09","date_gmt":"2024-06-02T11:10:09","guid":{"rendered":"https:\/\/www.eldiario.net\/portal\/?p=224393"},"modified":"2024-06-02T07:10:09","modified_gmt":"2024-06-02T11:10:09","slug":"pequeno-helecho-bate-record-del-mayor-genoma-de-la-tierra","status":"publish","type":"post","link":"https:\/\/www.eldiario.net\/portal\/2024\/06\/02\/pequeno-helecho-bate-record-del-mayor-genoma-de-la-tierra\/","title":{"rendered":"Peque\u00f1o helecho bate r\u00e9cord  del mayor genoma de la Tierra"},"content":{"rendered":"<p>Una especie de helecho de horquilla de Nueva Caledonia (Tmesipteris oblanceolata) contiene m\u00e1s de 50 veces m\u00e1s ADN que los humanos, hasta un r\u00e9cord de 100 metros de ser desenredado.<br \/>\nSe trata de la mayor cantidad de ADN almacenado en el n\u00facleo de cualquier organismo vivo del planeta y destron\u00f3 a la especie de planta con flores japonesa Paris japonica, que ostentaba este r\u00e9cord desde 2010.<br \/>\nAdem\u00e1s, la planta consigui\u00f3 tres t\u00edtulos de r\u00e9cords mundiales Guinness por la mayor cantidad de ADN en el n\u00facleo: el genoma de planta m\u00e1s grande, el genoma m\u00e1s grande y el genoma de helecho m\u00e1s grande.<br \/>\nT. oblanceolata es una especie rara de helecho que se encuentra en la naci\u00f3n insular de Nueva Caledonia, un territorio franc\u00e9s de ultramar situado en el suroeste del Pac\u00edfico, a uno 1.200 kil\u00f3metros al este de Australia. El g\u00e9nero Tmesipteris es un grupo de plantas poco estudiado que consta de unas 15 especies, la mayor\u00eda de las cuales se encuentran en una serie de islas del Pac\u00edfico y Ocean\u00eda.<br \/>\nHasta ahora, los cient\u00edficos solo estimaron el tama\u00f1o de los genomas de dos especies de Tmesipteris, T. tannensis y T. obliqua, que se encontr\u00f3 que conten\u00edan genomas gigantescos, de 73,19 y 147,29 pares de gigabases (Gbp) respectivamente.<br \/>\nEn 2023, los autores principales, el Dr. Jaume Pellicer y la Dra. Oriane Hidalgo, del IBB (Institut Bot\u00e0nic de Barcelona-CSIC) y anteriormente de RBG (Royal Botanic Graden) Kew, viajaron a Nueva Caledonia para recolectar muestras de Tmesipteris, que luego se analizaron para estimar el tama\u00f1o de sus genomas. Para ello, se aislaron los n\u00facleos de miles de c\u00e9lulas, se ti\u00f1eron con un tinte.<br \/>\nEl an\u00e1lisis revel\u00f3 que la especie T. oblanceolata tiene un tama\u00f1o de genoma r\u00e9cord de 160,45 Gbp, que es aproximadamente un 7% m\u00e1s grande que el de P. japonica (148,89 Gbp). A modo de comparaci\u00f3n, el genoma humano contiene alrededor de 3,1 Gbp distribuidos en 23 cromosomas y cuando se estira como una bola de lana, la longitud del ADN en cada c\u00e9lula mide solo unos 2 m, informa el IBB en un comunicado.<br \/>\nEn los animales, algunos de los genomas m\u00e1s grandes incluyen el pez pulmonado jaspeado (Protopterus aethiopicus) con 129,90 Gbp y el perro de agua del r\u00edo Neuse (Necturus lewisi) con 117,47 Gbp. En marcado contraste, seis de los genomas eucariotas m\u00e1s grandes conocidos est\u00e1n en manos de plantas, incluido el mu\u00e9rdago europeo (Viscum album) con 100,84 Gbp. (Europa Press)<\/p>\n","protected":false},"excerpt":{"rendered":"<p>Una especie de helecho de horquilla de Nueva Caledonia (Tmesipteris oblanceolata) contiene m\u00e1s de 50 veces m\u00e1s ADN que los humanos, hasta un r\u00e9cord de 100 metros de ser desenredado. Se trata de la mayor cantidad de ADN almacenado en el n\u00facleo de cualquier organismo vivo del planeta y destron\u00f3 a la especie de planta [&hellip;]<\/p>\n","protected":false},"author":1,"featured_media":194703,"comment_status":"open","ping_status":"open","sticky":false,"template":"","format":"standard","meta":{"_acf_changed":false,"footnotes":""},"categories":[3],"tags":[],"class_list":["post-224393","post","type-post","status-publish","format-standard","has-post-thumbnail","category-internacional"],"acf":{"antetitulo":""},"yoast_head":"<!-- This site is optimized with the Yoast SEO plugin v28.4 - https:\/\/yoast.com\/product\/yoast-seo-wordpress\/ -->\n<title>Peque\u00f1o helecho bate r\u00e9cord del mayor genoma de la Tierra - El Diario - Bolivia<\/title>\n<meta name=\"robots\" content=\"index, follow, max-snippet:-1, max-image-preview:large, max-video-preview:-1\" \/>\n<link rel=\"canonical\" href=\"https:\/\/www.eldiario.net\/portal\/2024\/06\/02\/pequeno-helecho-bate-record-del-mayor-genoma-de-la-tierra\/\" \/>\n<meta property=\"og:locale\" content=\"es_ES\" \/>\n<meta property=\"og:type\" content=\"article\" \/>\n<meta property=\"og:title\" content=\"Peque\u00f1o helecho bate r\u00e9cord del mayor genoma de la Tierra - El Diario - Bolivia\" \/>\n<meta property=\"og:description\" content=\"Una especie de helecho de horquilla de Nueva Caledonia (Tmesipteris oblanceolata) contiene m\u00e1s de 50 veces m\u00e1s ADN que los humanos, hasta un r\u00e9cord de 100 metros de ser desenredado. Se trata de la mayor cantidad de ADN almacenado en el n\u00facleo de cualquier organismo vivo del planeta y destron\u00f3 a la especie de planta [&hellip;]\" \/>\n<meta property=\"og:url\" content=\"https:\/\/www.eldiario.net\/portal\/2024\/06\/02\/pequeno-helecho-bate-record-del-mayor-genoma-de-la-tierra\/\" \/>\n<meta property=\"og:site_name\" content=\"El Diario - Bolivia\" \/>\n<meta property=\"article:publisher\" content=\"https:\/\/www.facebook.com\/eldiario.bolivia\/\" \/>\n<meta property=\"article:published_time\" content=\"2024-06-02T11:10:09+00:00\" \/>\n<meta property=\"og:image\" content=\"https:\/\/www.eldiario.net\/portal\/wp-content\/uploads\/2023\/12\/Internacional.jpg\" \/>\n\t<meta property=\"og:image:width\" content=\"800\" \/>\n\t<meta property=\"og:image:height\" content=\"500\" \/>\n\t<meta property=\"og:image:type\" content=\"image\/jpeg\" \/>\n<meta name=\"author\" content=\"Jeanette\" \/>\n<meta name=\"twitter:card\" content=\"summary_large_image\" \/>\n<meta name=\"twitter:creator\" content=\"@eldiario_net\" \/>\n<meta name=\"twitter:site\" content=\"@eldiario_net\" \/>\n<meta name=\"twitter:label1\" content=\"Escrito por\" \/>\n\t<meta name=\"twitter:data1\" content=\"Jeanette\" \/>\n\t<meta name=\"twitter:label2\" content=\"Tiempo de lectura\" \/>\n\t<meta name=\"twitter:data2\" content=\"3 minutos\" \/>\n<script type=\"application\/ld+json\" class=\"yoast-schema-graph\">{\"@context\":\"https:\\\/\\\/schema.org\",\"@graph\":[{\"@type\":\"Article\",\"@id\":\"https:\\\/\\\/www.eldiario.net\\\/portal\\\/2024\\\/06\\\/02\\\/pequeno-helecho-bate-record-del-mayor-genoma-de-la-tierra\\\/#article\",\"isPartOf\":{\"@id\":\"https:\\\/\\\/www.eldiario.net\\\/portal\\\/2024\\\/06\\\/02\\\/pequeno-helecho-bate-record-del-mayor-genoma-de-la-tierra\\\/\"},\"author\":{\"name\":\"Jeanette\",\"@id\":\"https:\\\/\\\/www.eldiario.net\\\/portal\\\/#\\\/schema\\\/person\\\/f46445640444750d7d753ccd04ae01b7\"},\"headline\":\"Peque\u00f1o helecho bate r\u00e9cord del mayor genoma de la Tierra\",\"datePublished\":\"2024-06-02T11:10:09+00:00\",\"mainEntityOfPage\":{\"@id\":\"https:\\\/\\\/www.eldiario.net\\\/portal\\\/2024\\\/06\\\/02\\\/pequeno-helecho-bate-record-del-mayor-genoma-de-la-tierra\\\/\"},\"wordCount\":438,\"commentCount\":0,\"publisher\":{\"@id\":\"https:\\\/\\\/www.eldiario.net\\\/portal\\\/#organization\"},\"image\":{\"@id\":\"https:\\\/\\\/www.eldiario.net\\\/portal\\\/2024\\\/06\\\/02\\\/pequeno-helecho-bate-record-del-mayor-genoma-de-la-tierra\\\/#primaryimage\"},\"thumbnailUrl\":\"https:\\\/\\\/www.eldiario.net\\\/portal\\\/wp-content\\\/uploads\\\/2023\\\/12\\\/Internacional.jpg\",\"articleSection\":[\"Internacional\"],\"inLanguage\":\"es\",\"potentialAction\":[{\"@type\":\"CommentAction\",\"name\":\"Comment\",\"target\":[\"https:\\\/\\\/www.eldiario.net\\\/portal\\\/2024\\\/06\\\/02\\\/pequeno-helecho-bate-record-del-mayor-genoma-de-la-tierra\\\/#respond\"]}]},{\"@type\":\"WebPage\",\"@id\":\"https:\\\/\\\/www.eldiario.net\\\/portal\\\/2024\\\/06\\\/02\\\/pequeno-helecho-bate-record-del-mayor-genoma-de-la-tierra\\\/\",\"url\":\"https:\\\/\\\/www.eldiario.net\\\/portal\\\/2024\\\/06\\\/02\\\/pequeno-helecho-bate-record-del-mayor-genoma-de-la-tierra\\\/\",\"name\":\"Peque\u00f1o helecho bate r\u00e9cord del mayor genoma de la Tierra - El Diario - Bolivia\",\"isPartOf\":{\"@id\":\"https:\\\/\\\/www.eldiario.net\\\/portal\\\/#website\"},\"primaryImageOfPage\":{\"@id\":\"https:\\\/\\\/www.eldiario.net\\\/portal\\\/2024\\\/06\\\/02\\\/pequeno-helecho-bate-record-del-mayor-genoma-de-la-tierra\\\/#primaryimage\"},\"image\":{\"@id\":\"https:\\\/\\\/www.eldiario.net\\\/portal\\\/2024\\\/06\\\/02\\\/pequeno-helecho-bate-record-del-mayor-genoma-de-la-tierra\\\/#primaryimage\"},\"thumbnailUrl\":\"https:\\\/\\\/www.eldiario.net\\\/portal\\\/wp-content\\\/uploads\\\/2023\\\/12\\\/Internacional.jpg\",\"datePublished\":\"2024-06-02T11:10:09+00:00\",\"breadcrumb\":{\"@id\":\"https:\\\/\\\/www.eldiario.net\\\/portal\\\/2024\\\/06\\\/02\\\/pequeno-helecho-bate-record-del-mayor-genoma-de-la-tierra\\\/#breadcrumb\"},\"inLanguage\":\"es\",\"potentialAction\":[{\"@type\":\"ReadAction\",\"target\":[\"https:\\\/\\\/www.eldiario.net\\\/portal\\\/2024\\\/06\\\/02\\\/pequeno-helecho-bate-record-del-mayor-genoma-de-la-tierra\\\/\"]}]},{\"@type\":\"ImageObject\",\"inLanguage\":\"es\",\"@id\":\"https:\\\/\\\/www.eldiario.net\\\/portal\\\/2024\\\/06\\\/02\\\/pequeno-helecho-bate-record-del-mayor-genoma-de-la-tierra\\\/#primaryimage\",\"url\":\"https:\\\/\\\/www.eldiario.net\\\/portal\\\/wp-content\\\/uploads\\\/2023\\\/12\\\/Internacional.jpg\",\"contentUrl\":\"https:\\\/\\\/www.eldiario.net\\\/portal\\\/wp-content\\\/uploads\\\/2023\\\/12\\\/Internacional.jpg\",\"width\":800,\"height\":500},{\"@type\":\"BreadcrumbList\",\"@id\":\"https:\\\/\\\/www.eldiario.net\\\/portal\\\/2024\\\/06\\\/02\\\/pequeno-helecho-bate-record-del-mayor-genoma-de-la-tierra\\\/#breadcrumb\",\"itemListElement\":[{\"@type\":\"ListItem\",\"position\":1,\"name\":\"Portada\",\"item\":\"https:\\\/\\\/www.eldiario.net\\\/portal\\\/\"},{\"@type\":\"ListItem\",\"position\":2,\"name\":\"Peque\u00f1o helecho bate r\u00e9cord del mayor genoma de la Tierra\"}]},{\"@type\":\"WebSite\",\"@id\":\"https:\\\/\\\/www.eldiario.net\\\/portal\\\/#website\",\"url\":\"https:\\\/\\\/www.eldiario.net\\\/portal\\\/\",\"name\":\"El Diario - Decano de la prensa nacional\",\"description\":\"El Diario - Decano de la prensa nacional\",\"publisher\":{\"@id\":\"https:\\\/\\\/www.eldiario.net\\\/portal\\\/#organization\"},\"potentialAction\":[{\"@type\":\"SearchAction\",\"target\":{\"@type\":\"EntryPoint\",\"urlTemplate\":\"https:\\\/\\\/www.eldiario.net\\\/portal\\\/?s={search_term_string}\"},\"query-input\":{\"@type\":\"PropertyValueSpecification\",\"valueRequired\":true,\"valueName\":\"search_term_string\"}}],\"inLanguage\":\"es\"},{\"@type\":\"Organization\",\"@id\":\"https:\\\/\\\/www.eldiario.net\\\/portal\\\/#organization\",\"name\":\"El Diario - Decano de la prensa nacional\",\"url\":\"https:\\\/\\\/www.eldiario.net\\\/portal\\\/\",\"logo\":{\"@type\":\"ImageObject\",\"inLanguage\":\"es\",\"@id\":\"https:\\\/\\\/www.eldiario.net\\\/portal\\\/#\\\/schema\\\/logo\\\/image\\\/\",\"url\":\"https:\\\/\\\/www.eldiario.net\\\/portal\\\/wp-content\\\/uploads\\\/2023\\\/07\\\/logo_ED.jpg\",\"contentUrl\":\"https:\\\/\\\/www.eldiario.net\\\/portal\\\/wp-content\\\/uploads\\\/2023\\\/07\\\/logo_ED.jpg\",\"width\":272,\"height\":52,\"caption\":\"El Diario - Decano de la prensa nacional\"},\"image\":{\"@id\":\"https:\\\/\\\/www.eldiario.net\\\/portal\\\/#\\\/schema\\\/logo\\\/image\\\/\"},\"sameAs\":[\"https:\\\/\\\/www.facebook.com\\\/eldiario.bolivia\\\/\",\"https:\\\/\\\/x.com\\\/eldiario_net\"]},{\"@type\":\"Person\",\"@id\":\"https:\\\/\\\/www.eldiario.net\\\/portal\\\/#\\\/schema\\\/person\\\/f46445640444750d7d753ccd04ae01b7\",\"name\":\"Jeanette\",\"image\":{\"@type\":\"ImageObject\",\"inLanguage\":\"es\",\"@id\":\"https:\\\/\\\/secure.gravatar.com\\\/avatar\\\/3ea2118a5f7dad2b7138b1187a6b7ee55f160b9968b66013c3a3ef39dd7e5798?s=96&d=mm&r=g\",\"url\":\"https:\\\/\\\/secure.gravatar.com\\\/avatar\\\/3ea2118a5f7dad2b7138b1187a6b7ee55f160b9968b66013c3a3ef39dd7e5798?s=96&d=mm&r=g\",\"contentUrl\":\"https:\\\/\\\/secure.gravatar.com\\\/avatar\\\/3ea2118a5f7dad2b7138b1187a6b7ee55f160b9968b66013c3a3ef39dd7e5798?s=96&d=mm&r=g\",\"caption\":\"Jeanette\"},\"sameAs\":[\"https:\\\/\\\/www.eldiario.net\\\/portal\"],\"url\":\"https:\\\/\\\/www.eldiario.net\\\/portal\\\/author\\\/jeanette\\\/\"}]}<\/script>\n<!-- \/ Yoast SEO plugin. -->","yoast_head_json":{"title":"Peque\u00f1o helecho bate r\u00e9cord del mayor genoma de la Tierra - El Diario - Bolivia","robots":{"index":"index","follow":"follow","max-snippet":"max-snippet:-1","max-image-preview":"max-image-preview:large","max-video-preview":"max-video-preview:-1"},"canonical":"https:\/\/www.eldiario.net\/portal\/2024\/06\/02\/pequeno-helecho-bate-record-del-mayor-genoma-de-la-tierra\/","og_locale":"es_ES","og_type":"article","og_title":"Peque\u00f1o helecho bate r\u00e9cord del mayor genoma de la Tierra - El Diario - Bolivia","og_description":"Una especie de helecho de horquilla de Nueva Caledonia (Tmesipteris oblanceolata) contiene m\u00e1s de 50 veces m\u00e1s ADN que los humanos, hasta un r\u00e9cord de 100 metros de ser desenredado. Se trata de la mayor cantidad de ADN almacenado en el n\u00facleo de cualquier organismo vivo del planeta y destron\u00f3 a la especie de planta [&hellip;]","og_url":"https:\/\/www.eldiario.net\/portal\/2024\/06\/02\/pequeno-helecho-bate-record-del-mayor-genoma-de-la-tierra\/","og_site_name":"El Diario - Bolivia","article_publisher":"https:\/\/www.facebook.com\/eldiario.bolivia\/","article_published_time":"2024-06-02T11:10:09+00:00","og_image":[{"width":800,"height":500,"url":"https:\/\/www.eldiario.net\/portal\/wp-content\/uploads\/2023\/12\/Internacional.jpg","type":"image\/jpeg"}],"author":"Jeanette","twitter_card":"summary_large_image","twitter_creator":"@eldiario_net","twitter_site":"@eldiario_net","twitter_misc":{"Escrito por":"Jeanette","Tiempo de lectura":"3 minutos"},"schema":{"@context":"https:\/\/schema.org","@graph":[{"@type":"Article","@id":"https:\/\/www.eldiario.net\/portal\/2024\/06\/02\/pequeno-helecho-bate-record-del-mayor-genoma-de-la-tierra\/#article","isPartOf":{"@id":"https:\/\/www.eldiario.net\/portal\/2024\/06\/02\/pequeno-helecho-bate-record-del-mayor-genoma-de-la-tierra\/"},"author":{"name":"Jeanette","@id":"https:\/\/www.eldiario.net\/portal\/#\/schema\/person\/f46445640444750d7d753ccd04ae01b7"},"headline":"Peque\u00f1o helecho bate r\u00e9cord del mayor genoma de la Tierra","datePublished":"2024-06-02T11:10:09+00:00","mainEntityOfPage":{"@id":"https:\/\/www.eldiario.net\/portal\/2024\/06\/02\/pequeno-helecho-bate-record-del-mayor-genoma-de-la-tierra\/"},"wordCount":438,"commentCount":0,"publisher":{"@id":"https:\/\/www.eldiario.net\/portal\/#organization"},"image":{"@id":"https:\/\/www.eldiario.net\/portal\/2024\/06\/02\/pequeno-helecho-bate-record-del-mayor-genoma-de-la-tierra\/#primaryimage"},"thumbnailUrl":"https:\/\/www.eldiario.net\/portal\/wp-content\/uploads\/2023\/12\/Internacional.jpg","articleSection":["Internacional"],"inLanguage":"es","potentialAction":[{"@type":"CommentAction","name":"Comment","target":["https:\/\/www.eldiario.net\/portal\/2024\/06\/02\/pequeno-helecho-bate-record-del-mayor-genoma-de-la-tierra\/#respond"]}]},{"@type":"WebPage","@id":"https:\/\/www.eldiario.net\/portal\/2024\/06\/02\/pequeno-helecho-bate-record-del-mayor-genoma-de-la-tierra\/","url":"https:\/\/www.eldiario.net\/portal\/2024\/06\/02\/pequeno-helecho-bate-record-del-mayor-genoma-de-la-tierra\/","name":"Peque\u00f1o helecho bate r\u00e9cord del mayor genoma de la Tierra - El Diario - Bolivia","isPartOf":{"@id":"https:\/\/www.eldiario.net\/portal\/#website"},"primaryImageOfPage":{"@id":"https:\/\/www.eldiario.net\/portal\/2024\/06\/02\/pequeno-helecho-bate-record-del-mayor-genoma-de-la-tierra\/#primaryimage"},"image":{"@id":"https:\/\/www.eldiario.net\/portal\/2024\/06\/02\/pequeno-helecho-bate-record-del-mayor-genoma-de-la-tierra\/#primaryimage"},"thumbnailUrl":"https:\/\/www.eldiario.net\/portal\/wp-content\/uploads\/2023\/12\/Internacional.jpg","datePublished":"2024-06-02T11:10:09+00:00","breadcrumb":{"@id":"https:\/\/www.eldiario.net\/portal\/2024\/06\/02\/pequeno-helecho-bate-record-del-mayor-genoma-de-la-tierra\/#breadcrumb"},"inLanguage":"es","potentialAction":[{"@type":"ReadAction","target":["https:\/\/www.eldiario.net\/portal\/2024\/06\/02\/pequeno-helecho-bate-record-del-mayor-genoma-de-la-tierra\/"]}]},{"@type":"ImageObject","inLanguage":"es","@id":"https:\/\/www.eldiario.net\/portal\/2024\/06\/02\/pequeno-helecho-bate-record-del-mayor-genoma-de-la-tierra\/#primaryimage","url":"https:\/\/www.eldiario.net\/portal\/wp-content\/uploads\/2023\/12\/Internacional.jpg","contentUrl":"https:\/\/www.eldiario.net\/portal\/wp-content\/uploads\/2023\/12\/Internacional.jpg","width":800,"height":500},{"@type":"BreadcrumbList","@id":"https:\/\/www.eldiario.net\/portal\/2024\/06\/02\/pequeno-helecho-bate-record-del-mayor-genoma-de-la-tierra\/#breadcrumb","itemListElement":[{"@type":"ListItem","position":1,"name":"Portada","item":"https:\/\/www.eldiario.net\/portal\/"},{"@type":"ListItem","position":2,"name":"Peque\u00f1o helecho bate r\u00e9cord del mayor genoma de la Tierra"}]},{"@type":"WebSite","@id":"https:\/\/www.eldiario.net\/portal\/#website","url":"https:\/\/www.eldiario.net\/portal\/","name":"El Diario - Decano de la prensa nacional","description":"El Diario - Decano de la prensa nacional","publisher":{"@id":"https:\/\/www.eldiario.net\/portal\/#organization"},"potentialAction":[{"@type":"SearchAction","target":{"@type":"EntryPoint","urlTemplate":"https:\/\/www.eldiario.net\/portal\/?s={search_term_string}"},"query-input":{"@type":"PropertyValueSpecification","valueRequired":true,"valueName":"search_term_string"}}],"inLanguage":"es"},{"@type":"Organization","@id":"https:\/\/www.eldiario.net\/portal\/#organization","name":"El Diario - Decano de la prensa nacional","url":"https:\/\/www.eldiario.net\/portal\/","logo":{"@type":"ImageObject","inLanguage":"es","@id":"https:\/\/www.eldiario.net\/portal\/#\/schema\/logo\/image\/","url":"https:\/\/www.eldiario.net\/portal\/wp-content\/uploads\/2023\/07\/logo_ED.jpg","contentUrl":"https:\/\/www.eldiario.net\/portal\/wp-content\/uploads\/2023\/07\/logo_ED.jpg","width":272,"height":52,"caption":"El Diario - Decano de la prensa nacional"},"image":{"@id":"https:\/\/www.eldiario.net\/portal\/#\/schema\/logo\/image\/"},"sameAs":["https:\/\/www.facebook.com\/eldiario.bolivia\/","https:\/\/x.com\/eldiario_net"]},{"@type":"Person","@id":"https:\/\/www.eldiario.net\/portal\/#\/schema\/person\/f46445640444750d7d753ccd04ae01b7","name":"Jeanette","image":{"@type":"ImageObject","inLanguage":"es","@id":"https:\/\/secure.gravatar.com\/avatar\/3ea2118a5f7dad2b7138b1187a6b7ee55f160b9968b66013c3a3ef39dd7e5798?s=96&d=mm&r=g","url":"https:\/\/secure.gravatar.com\/avatar\/3ea2118a5f7dad2b7138b1187a6b7ee55f160b9968b66013c3a3ef39dd7e5798?s=96&d=mm&r=g","contentUrl":"https:\/\/secure.gravatar.com\/avatar\/3ea2118a5f7dad2b7138b1187a6b7ee55f160b9968b66013c3a3ef39dd7e5798?s=96&d=mm&r=g","caption":"Jeanette"},"sameAs":["https:\/\/www.eldiario.net\/portal"],"url":"https:\/\/www.eldiario.net\/portal\/author\/jeanette\/"}]}},"_links":{"self":[{"href":"https:\/\/www.eldiario.net\/portal\/wp-json\/wp\/v2\/posts\/224393","targetHints":{"allow":["GET"]}}],"collection":[{"href":"https:\/\/www.eldiario.net\/portal\/wp-json\/wp\/v2\/posts"}],"about":[{"href":"https:\/\/www.eldiario.net\/portal\/wp-json\/wp\/v2\/types\/post"}],"author":[{"embeddable":true,"href":"https:\/\/www.eldiario.net\/portal\/wp-json\/wp\/v2\/users\/1"}],"replies":[{"embeddable":true,"href":"https:\/\/www.eldiario.net\/portal\/wp-json\/wp\/v2\/comments?post=224393"}],"version-history":[{"count":1,"href":"https:\/\/www.eldiario.net\/portal\/wp-json\/wp\/v2\/posts\/224393\/revisions"}],"predecessor-version":[{"id":224394,"href":"https:\/\/www.eldiario.net\/portal\/wp-json\/wp\/v2\/posts\/224393\/revisions\/224394"}],"wp:featuredmedia":[{"embeddable":true,"href":"https:\/\/www.eldiario.net\/portal\/wp-json\/wp\/v2\/media\/194703"}],"wp:attachment":[{"href":"https:\/\/www.eldiario.net\/portal\/wp-json\/wp\/v2\/media?parent=224393"}],"wp:term":[{"taxonomy":"category","embeddable":true,"href":"https:\/\/www.eldiario.net\/portal\/wp-json\/wp\/v2\/categories?post=224393"},{"taxonomy":"post_tag","embeddable":true,"href":"https:\/\/www.eldiario.net\/portal\/wp-json\/wp\/v2\/tags?post=224393"}],"curies":[{"name":"wp","href":"https:\/\/api.w.org\/{rel}","templated":true}]}}