{"id":224390,"date":"2024-06-02T07:09:40","date_gmt":"2024-06-02T11:09:40","guid":{"rendered":"https:\/\/www.eldiario.net\/portal\/?p=224390"},"modified":"2024-06-02T07:09:40","modified_gmt":"2024-06-02T11:09:40","slug":"superobra-anunciada-por-arias-continua-postergada","status":"publish","type":"post","link":"https:\/\/www.eldiario.net\/portal\/2024\/06\/02\/superobra-anunciada-por-arias-continua-postergada\/","title":{"rendered":"\u201cSuperobra\u201d anunciada por  Arias contin\u00faa postergada"},"content":{"rendered":"<p>En julio de 2021, el alcalde pace\u00f1o, Iv\u00e1n Arias, anunci\u00f3 la construcci\u00f3n de un monumento al Se\u00f1or Jes\u00fas del Gran Poder de m\u00e1s de 50 metros de altura, aunque no se identific\u00f3 el sitio donde deb\u00eda ser emplazado, la idea era que sea vistosa desde cualquier punto de la ciudad. En noviembre del mismo a\u00f1o indic\u00f3 que ser\u00eda instalado en la subalcald\u00eda Max Paredes, luego lo traslad\u00f3 al final de la avenida Buenos Aires, sin embargo hasta la fecha dicho proyecto no cuenta con dise\u00f1o final y el ejecutivo indic\u00f3 que s\u00f3lo es una \u201cidea de proyecto\u201d.<br \/>\n\u201cA lo largo de estos tres a\u00f1os tampoco se ha tenido una idea clara, porque habla de un templo para 200 personas, dos cholets para 1.500 personas cada uno, pero cuando se solicit\u00f3 informaci\u00f3n nos respondieron que s\u00f3lo era una \u2018idea\u2019 lo que denota improvisaci\u00f3n\u201d, declar\u00f3 al respecto, el concejal pace\u00f1o Javier Escalier.<br \/>\nRecord\u00f3 que Arias realiz\u00f3 el primer anuncio en julio del 2021, a tres meses de iniciar su gesti\u00f3n en la Alcald\u00eda pace\u00f1a. En noviembre de ese a\u00f1o, el burgomaestre en su programa radial \u201cLa Paz en paz\u201d, sostuvo que el monumento del Se\u00f1or Jes\u00fas del Gran Poder de 50 metros de altura se construir\u00e1 en las mismas instalaciones de la Subalcald\u00eda Max Paredes, porque este sector forma parte de la ruta de la entrada folkl\u00f3rica.<br \/>\nLuego, en febrero de 2022 pidi\u00f3 la bendici\u00f3n de la Virgen del Socav\u00f3n para la construcci\u00f3n del monumento del Se\u00f1or Jes\u00fas del Gran Poder \u201cen proximidades de la ruta de la entrada folkl\u00f3rica pace\u00f1a\u201d.<br \/>\nEn marzo del 2023, se anunci\u00f3 la construcci\u00f3n \u201ccon una Iglesia para 200 personas, dos cholets para fiestas y cada uno para 1.500 personas, un espacio para conciertos musicales, entre otras obras, y cuyo dise\u00f1o \u201cest\u00e1 a punto de su conclusi\u00f3n\u201d. Incluso se indic\u00f3 que el 2023 es \u201cel a\u00f1o de las s\u00faper obras\u201d.<br \/>\nRESPUESTA<br \/>\nCon el prop\u00f3sito de actualizar y verificar el avance del proyecto de Arias, el concejal Escalier, desde la Presidencia de la Comisi\u00f3n de Desarrollo Humano y Culturas del Concejo Municipal de La Paz, solicit\u00f3 al Ejecutivo Municipal informaci\u00f3n precisa respecto a las caracter\u00edsticas t\u00e9cnicas del proyecto y su ubicaci\u00f3n.<br \/>\nLa Secretar\u00eda Municipal de Culturas puntualiz\u00f3, en el 2021, que para la implementaci\u00f3n y dise\u00f1o del proyecto denominado \u201cMonumento Jes\u00fas del Gran Poder\u201d, se debe elaborar un \u201cInforme T\u00e9cnico de Condiciones Previas \u2013 ITCP\u201d, el cual debe ser aprobado por la M\u00e1xima Autoridad Ejecutiva, el Alcalde.<br \/>\nEste documento identificar\u00eda los factores que afectan o afectar\u00e1n la viabilidad del proyecto, para posteriormente dar inicio a la elaboraci\u00f3n de estudios para su respectiva ejecuci\u00f3n, a trav\u00e9s de una \u00fanica etapa expresada como \u201cEstudio de Dise\u00f1o T\u00e9cnico de Preinversi\u00f3n\u201d.<br \/>\nEntonces, seg\u00fan el legislador pace\u00f1o, \u201cse consign\u00f3 al Ejecutivo emitir un informe sustentado y que nos explique por qu\u00e9 el Alcalde brinda declaraciones acerca de un monumento a Jes\u00fas del Gran Poder, sin tener previamente una base y respaldo t\u00e9cnico de su respectivo dise\u00f1o y ejecuci\u00f3n\u201d.<br \/>\nY la respuesta que lleg\u00f3 fue: \u201cEl Sr. Alcalde puede realizar las declaraciones que considere pertinentes como parte de la \u2018idea del proyecto\u2019, y por tanto, las ideas de proyecto no requieren de considerar su viabilidad t\u00e9cnica, econ\u00f3mica, financiera, legal, social institucional, medioambiental, de gesti\u00f3n de riesgos ni de adaptaci\u00f3n al cambio clim\u00e1tico\u201d.<br \/>\n\u201cDe todas maneras. Es una oferta incumplida que seguramente volver\u00e1 a desempolvarse a puertas de la pr\u00f3xima entrada del 2025 y tal vez as\u00ed sucesivamente. Lo cierto, es que se la pretende emplazar en un espacio que no va a poder ser visibilizado por la poblaci\u00f3n, que no se tiene un estudio de suelos para ver si soporta su peso y que no es apropiado emplazar una imagen religiosa encima de un local de fiestas\u201d, puntualiz\u00f3 Escalier.<\/p>\n","protected":false},"excerpt":{"rendered":"<p>En julio de 2021, el alcalde pace\u00f1o, Iv\u00e1n Arias, anunci\u00f3 la construcci\u00f3n de un monumento al Se\u00f1or Jes\u00fas del Gran Poder de m\u00e1s de 50 metros de altura, aunque no se identific\u00f3 el sitio donde deb\u00eda ser emplazado, la idea era que sea vistosa desde cualquier punto de la ciudad. En noviembre del mismo a\u00f1o [&hellip;]<\/p>\n","protected":false},"author":1,"featured_media":224391,"comment_status":"open","ping_status":"open","sticky":false,"template":"","format":"standard","meta":{"_acf_changed":false,"footnotes":""},"categories":[12],"tags":[],"class_list":["post-224390","post","type-post","status-publish","format-standard","has-post-thumbnail","category-nacional"],"acf":{"antetitulo":"Tres a\u00f1os esperando el monumento del \u201cTata\u201d"},"yoast_head":"<!-- This site is optimized with the Yoast SEO plugin v28.3 - https:\/\/yoast.com\/product\/yoast-seo-wordpress\/ -->\n<title>\u201cSuperobra\u201d anunciada por Arias contin\u00faa postergada - El Diario - Bolivia<\/title>\n<meta name=\"robots\" content=\"index, follow, max-snippet:-1, max-image-preview:large, max-video-preview:-1\" \/>\n<link rel=\"canonical\" href=\"https:\/\/www.eldiario.net\/portal\/2024\/06\/02\/superobra-anunciada-por-arias-continua-postergada\/\" \/>\n<meta property=\"og:locale\" content=\"es_ES\" \/>\n<meta property=\"og:type\" content=\"article\" \/>\n<meta property=\"og:title\" content=\"\u201cSuperobra\u201d anunciada por Arias contin\u00faa postergada - El Diario - Bolivia\" \/>\n<meta property=\"og:description\" content=\"En julio de 2021, el alcalde pace\u00f1o, Iv\u00e1n Arias, anunci\u00f3 la construcci\u00f3n de un monumento al Se\u00f1or Jes\u00fas del Gran Poder de m\u00e1s de 50 metros de altura, aunque no se identific\u00f3 el sitio donde deb\u00eda ser emplazado, la idea era que sea vistosa desde cualquier punto de la ciudad. En noviembre del mismo a\u00f1o [&hellip;]\" \/>\n<meta property=\"og:url\" content=\"https:\/\/www.eldiario.net\/portal\/2024\/06\/02\/superobra-anunciada-por-arias-continua-postergada\/\" \/>\n<meta property=\"og:site_name\" content=\"El Diario - Bolivia\" \/>\n<meta property=\"article:publisher\" content=\"https:\/\/www.facebook.com\/eldiario.bolivia\/\" \/>\n<meta property=\"article:published_time\" content=\"2024-06-02T11:09:40+00:00\" \/>\n<meta property=\"og:image\" content=\"https:\/\/www.eldiario.net\/portal\/wp-content\/uploads\/2024\/06\/F-1-Tata.jpg\" \/>\n\t<meta property=\"og:image:width\" content=\"1024\" \/>\n\t<meta property=\"og:image:height\" content=\"576\" \/>\n\t<meta property=\"og:image:type\" content=\"image\/jpeg\" \/>\n<meta name=\"author\" content=\"Jeanette\" \/>\n<meta name=\"twitter:card\" content=\"summary_large_image\" \/>\n<meta name=\"twitter:creator\" content=\"@eldiario_net\" \/>\n<meta name=\"twitter:site\" content=\"@eldiario_net\" \/>\n<meta name=\"twitter:label1\" content=\"Escrito por\" \/>\n\t<meta name=\"twitter:data1\" content=\"Jeanette\" \/>\n\t<meta name=\"twitter:label2\" content=\"Tiempo de lectura\" \/>\n\t<meta name=\"twitter:data2\" content=\"4 minutos\" \/>\n<script type=\"application\/ld+json\" class=\"yoast-schema-graph\">{\"@context\":\"https:\\\/\\\/schema.org\",\"@graph\":[{\"@type\":\"Article\",\"@id\":\"https:\\\/\\\/www.eldiario.net\\\/portal\\\/2024\\\/06\\\/02\\\/superobra-anunciada-por-arias-continua-postergada\\\/#article\",\"isPartOf\":{\"@id\":\"https:\\\/\\\/www.eldiario.net\\\/portal\\\/2024\\\/06\\\/02\\\/superobra-anunciada-por-arias-continua-postergada\\\/\"},\"author\":{\"name\":\"Jeanette\",\"@id\":\"https:\\\/\\\/www.eldiario.net\\\/portal\\\/#\\\/schema\\\/person\\\/f46445640444750d7d753ccd04ae01b7\"},\"headline\":\"\u201cSuperobra\u201d anunciada por Arias contin\u00faa postergada\",\"datePublished\":\"2024-06-02T11:09:40+00:00\",\"mainEntityOfPage\":{\"@id\":\"https:\\\/\\\/www.eldiario.net\\\/portal\\\/2024\\\/06\\\/02\\\/superobra-anunciada-por-arias-continua-postergada\\\/\"},\"wordCount\":688,\"commentCount\":0,\"publisher\":{\"@id\":\"https:\\\/\\\/www.eldiario.net\\\/portal\\\/#organization\"},\"image\":{\"@id\":\"https:\\\/\\\/www.eldiario.net\\\/portal\\\/2024\\\/06\\\/02\\\/superobra-anunciada-por-arias-continua-postergada\\\/#primaryimage\"},\"thumbnailUrl\":\"https:\\\/\\\/www.eldiario.net\\\/portal\\\/wp-content\\\/uploads\\\/2024\\\/06\\\/F-1-Tata.jpg\",\"articleSection\":[\"Nacional\"],\"inLanguage\":\"es\",\"potentialAction\":[{\"@type\":\"CommentAction\",\"name\":\"Comment\",\"target\":[\"https:\\\/\\\/www.eldiario.net\\\/portal\\\/2024\\\/06\\\/02\\\/superobra-anunciada-por-arias-continua-postergada\\\/#respond\"]}]},{\"@type\":\"WebPage\",\"@id\":\"https:\\\/\\\/www.eldiario.net\\\/portal\\\/2024\\\/06\\\/02\\\/superobra-anunciada-por-arias-continua-postergada\\\/\",\"url\":\"https:\\\/\\\/www.eldiario.net\\\/portal\\\/2024\\\/06\\\/02\\\/superobra-anunciada-por-arias-continua-postergada\\\/\",\"name\":\"\u201cSuperobra\u201d anunciada por Arias contin\u00faa postergada - El Diario - Bolivia\",\"isPartOf\":{\"@id\":\"https:\\\/\\\/www.eldiario.net\\\/portal\\\/#website\"},\"primaryImageOfPage\":{\"@id\":\"https:\\\/\\\/www.eldiario.net\\\/portal\\\/2024\\\/06\\\/02\\\/superobra-anunciada-por-arias-continua-postergada\\\/#primaryimage\"},\"image\":{\"@id\":\"https:\\\/\\\/www.eldiario.net\\\/portal\\\/2024\\\/06\\\/02\\\/superobra-anunciada-por-arias-continua-postergada\\\/#primaryimage\"},\"thumbnailUrl\":\"https:\\\/\\\/www.eldiario.net\\\/portal\\\/wp-content\\\/uploads\\\/2024\\\/06\\\/F-1-Tata.jpg\",\"datePublished\":\"2024-06-02T11:09:40+00:00\",\"breadcrumb\":{\"@id\":\"https:\\\/\\\/www.eldiario.net\\\/portal\\\/2024\\\/06\\\/02\\\/superobra-anunciada-por-arias-continua-postergada\\\/#breadcrumb\"},\"inLanguage\":\"es\",\"potentialAction\":[{\"@type\":\"ReadAction\",\"target\":[\"https:\\\/\\\/www.eldiario.net\\\/portal\\\/2024\\\/06\\\/02\\\/superobra-anunciada-por-arias-continua-postergada\\\/\"]}]},{\"@type\":\"ImageObject\",\"inLanguage\":\"es\",\"@id\":\"https:\\\/\\\/www.eldiario.net\\\/portal\\\/2024\\\/06\\\/02\\\/superobra-anunciada-por-arias-continua-postergada\\\/#primaryimage\",\"url\":\"https:\\\/\\\/www.eldiario.net\\\/portal\\\/wp-content\\\/uploads\\\/2024\\\/06\\\/F-1-Tata.jpg\",\"contentUrl\":\"https:\\\/\\\/www.eldiario.net\\\/portal\\\/wp-content\\\/uploads\\\/2024\\\/06\\\/F-1-Tata.jpg\",\"width\":1024,\"height\":576,\"caption\":\"El monumento al \u201cTata\u201d que se ofreci\u00f3 construir.\"},{\"@type\":\"BreadcrumbList\",\"@id\":\"https:\\\/\\\/www.eldiario.net\\\/portal\\\/2024\\\/06\\\/02\\\/superobra-anunciada-por-arias-continua-postergada\\\/#breadcrumb\",\"itemListElement\":[{\"@type\":\"ListItem\",\"position\":1,\"name\":\"Portada\",\"item\":\"https:\\\/\\\/www.eldiario.net\\\/portal\\\/\"},{\"@type\":\"ListItem\",\"position\":2,\"name\":\"\u201cSuperobra\u201d anunciada por Arias contin\u00faa postergada\"}]},{\"@type\":\"WebSite\",\"@id\":\"https:\\\/\\\/www.eldiario.net\\\/portal\\\/#website\",\"url\":\"https:\\\/\\\/www.eldiario.net\\\/portal\\\/\",\"name\":\"El Diario - Decano de la prensa nacional\",\"description\":\"El Diario - Decano de la prensa nacional\",\"publisher\":{\"@id\":\"https:\\\/\\\/www.eldiario.net\\\/portal\\\/#organization\"},\"potentialAction\":[{\"@type\":\"SearchAction\",\"target\":{\"@type\":\"EntryPoint\",\"urlTemplate\":\"https:\\\/\\\/www.eldiario.net\\\/portal\\\/?s={search_term_string}\"},\"query-input\":{\"@type\":\"PropertyValueSpecification\",\"valueRequired\":true,\"valueName\":\"search_term_string\"}}],\"inLanguage\":\"es\"},{\"@type\":\"Organization\",\"@id\":\"https:\\\/\\\/www.eldiario.net\\\/portal\\\/#organization\",\"name\":\"El Diario - Decano de la prensa nacional\",\"url\":\"https:\\\/\\\/www.eldiario.net\\\/portal\\\/\",\"logo\":{\"@type\":\"ImageObject\",\"inLanguage\":\"es\",\"@id\":\"https:\\\/\\\/www.eldiario.net\\\/portal\\\/#\\\/schema\\\/logo\\\/image\\\/\",\"url\":\"https:\\\/\\\/www.eldiario.net\\\/portal\\\/wp-content\\\/uploads\\\/2023\\\/07\\\/logo_ED.jpg\",\"contentUrl\":\"https:\\\/\\\/www.eldiario.net\\\/portal\\\/wp-content\\\/uploads\\\/2023\\\/07\\\/logo_ED.jpg\",\"width\":272,\"height\":52,\"caption\":\"El Diario - Decano de la prensa nacional\"},\"image\":{\"@id\":\"https:\\\/\\\/www.eldiario.net\\\/portal\\\/#\\\/schema\\\/logo\\\/image\\\/\"},\"sameAs\":[\"https:\\\/\\\/www.facebook.com\\\/eldiario.bolivia\\\/\",\"https:\\\/\\\/x.com\\\/eldiario_net\"]},{\"@type\":\"Person\",\"@id\":\"https:\\\/\\\/www.eldiario.net\\\/portal\\\/#\\\/schema\\\/person\\\/f46445640444750d7d753ccd04ae01b7\",\"name\":\"Jeanette\",\"image\":{\"@type\":\"ImageObject\",\"inLanguage\":\"es\",\"@id\":\"https:\\\/\\\/secure.gravatar.com\\\/avatar\\\/3ea2118a5f7dad2b7138b1187a6b7ee55f160b9968b66013c3a3ef39dd7e5798?s=96&d=mm&r=g\",\"url\":\"https:\\\/\\\/secure.gravatar.com\\\/avatar\\\/3ea2118a5f7dad2b7138b1187a6b7ee55f160b9968b66013c3a3ef39dd7e5798?s=96&d=mm&r=g\",\"contentUrl\":\"https:\\\/\\\/secure.gravatar.com\\\/avatar\\\/3ea2118a5f7dad2b7138b1187a6b7ee55f160b9968b66013c3a3ef39dd7e5798?s=96&d=mm&r=g\",\"caption\":\"Jeanette\"},\"sameAs\":[\"https:\\\/\\\/www.eldiario.net\\\/portal\"],\"url\":\"https:\\\/\\\/www.eldiario.net\\\/portal\\\/author\\\/jeanette\\\/\"}]}<\/script>\n<!-- \/ Yoast SEO plugin. -->","yoast_head_json":{"title":"\u201cSuperobra\u201d anunciada por Arias contin\u00faa postergada - El Diario - Bolivia","robots":{"index":"index","follow":"follow","max-snippet":"max-snippet:-1","max-image-preview":"max-image-preview:large","max-video-preview":"max-video-preview:-1"},"canonical":"https:\/\/www.eldiario.net\/portal\/2024\/06\/02\/superobra-anunciada-por-arias-continua-postergada\/","og_locale":"es_ES","og_type":"article","og_title":"\u201cSuperobra\u201d anunciada por Arias contin\u00faa postergada - El Diario - Bolivia","og_description":"En julio de 2021, el alcalde pace\u00f1o, Iv\u00e1n Arias, anunci\u00f3 la construcci\u00f3n de un monumento al Se\u00f1or Jes\u00fas del Gran Poder de m\u00e1s de 50 metros de altura, aunque no se identific\u00f3 el sitio donde deb\u00eda ser emplazado, la idea era que sea vistosa desde cualquier punto de la ciudad. En noviembre del mismo a\u00f1o [&hellip;]","og_url":"https:\/\/www.eldiario.net\/portal\/2024\/06\/02\/superobra-anunciada-por-arias-continua-postergada\/","og_site_name":"El Diario - Bolivia","article_publisher":"https:\/\/www.facebook.com\/eldiario.bolivia\/","article_published_time":"2024-06-02T11:09:40+00:00","og_image":[{"width":1024,"height":576,"url":"https:\/\/www.eldiario.net\/portal\/wp-content\/uploads\/2024\/06\/F-1-Tata.jpg","type":"image\/jpeg"}],"author":"Jeanette","twitter_card":"summary_large_image","twitter_creator":"@eldiario_net","twitter_site":"@eldiario_net","twitter_misc":{"Escrito por":"Jeanette","Tiempo de lectura":"4 minutos"},"schema":{"@context":"https:\/\/schema.org","@graph":[{"@type":"Article","@id":"https:\/\/www.eldiario.net\/portal\/2024\/06\/02\/superobra-anunciada-por-arias-continua-postergada\/#article","isPartOf":{"@id":"https:\/\/www.eldiario.net\/portal\/2024\/06\/02\/superobra-anunciada-por-arias-continua-postergada\/"},"author":{"name":"Jeanette","@id":"https:\/\/www.eldiario.net\/portal\/#\/schema\/person\/f46445640444750d7d753ccd04ae01b7"},"headline":"\u201cSuperobra\u201d anunciada por Arias contin\u00faa postergada","datePublished":"2024-06-02T11:09:40+00:00","mainEntityOfPage":{"@id":"https:\/\/www.eldiario.net\/portal\/2024\/06\/02\/superobra-anunciada-por-arias-continua-postergada\/"},"wordCount":688,"commentCount":0,"publisher":{"@id":"https:\/\/www.eldiario.net\/portal\/#organization"},"image":{"@id":"https:\/\/www.eldiario.net\/portal\/2024\/06\/02\/superobra-anunciada-por-arias-continua-postergada\/#primaryimage"},"thumbnailUrl":"https:\/\/www.eldiario.net\/portal\/wp-content\/uploads\/2024\/06\/F-1-Tata.jpg","articleSection":["Nacional"],"inLanguage":"es","potentialAction":[{"@type":"CommentAction","name":"Comment","target":["https:\/\/www.eldiario.net\/portal\/2024\/06\/02\/superobra-anunciada-por-arias-continua-postergada\/#respond"]}]},{"@type":"WebPage","@id":"https:\/\/www.eldiario.net\/portal\/2024\/06\/02\/superobra-anunciada-por-arias-continua-postergada\/","url":"https:\/\/www.eldiario.net\/portal\/2024\/06\/02\/superobra-anunciada-por-arias-continua-postergada\/","name":"\u201cSuperobra\u201d anunciada por Arias contin\u00faa postergada - El Diario - Bolivia","isPartOf":{"@id":"https:\/\/www.eldiario.net\/portal\/#website"},"primaryImageOfPage":{"@id":"https:\/\/www.eldiario.net\/portal\/2024\/06\/02\/superobra-anunciada-por-arias-continua-postergada\/#primaryimage"},"image":{"@id":"https:\/\/www.eldiario.net\/portal\/2024\/06\/02\/superobra-anunciada-por-arias-continua-postergada\/#primaryimage"},"thumbnailUrl":"https:\/\/www.eldiario.net\/portal\/wp-content\/uploads\/2024\/06\/F-1-Tata.jpg","datePublished":"2024-06-02T11:09:40+00:00","breadcrumb":{"@id":"https:\/\/www.eldiario.net\/portal\/2024\/06\/02\/superobra-anunciada-por-arias-continua-postergada\/#breadcrumb"},"inLanguage":"es","potentialAction":[{"@type":"ReadAction","target":["https:\/\/www.eldiario.net\/portal\/2024\/06\/02\/superobra-anunciada-por-arias-continua-postergada\/"]}]},{"@type":"ImageObject","inLanguage":"es","@id":"https:\/\/www.eldiario.net\/portal\/2024\/06\/02\/superobra-anunciada-por-arias-continua-postergada\/#primaryimage","url":"https:\/\/www.eldiario.net\/portal\/wp-content\/uploads\/2024\/06\/F-1-Tata.jpg","contentUrl":"https:\/\/www.eldiario.net\/portal\/wp-content\/uploads\/2024\/06\/F-1-Tata.jpg","width":1024,"height":576,"caption":"El monumento al \u201cTata\u201d que se ofreci\u00f3 construir."},{"@type":"BreadcrumbList","@id":"https:\/\/www.eldiario.net\/portal\/2024\/06\/02\/superobra-anunciada-por-arias-continua-postergada\/#breadcrumb","itemListElement":[{"@type":"ListItem","position":1,"name":"Portada","item":"https:\/\/www.eldiario.net\/portal\/"},{"@type":"ListItem","position":2,"name":"\u201cSuperobra\u201d anunciada por Arias contin\u00faa postergada"}]},{"@type":"WebSite","@id":"https:\/\/www.eldiario.net\/portal\/#website","url":"https:\/\/www.eldiario.net\/portal\/","name":"El Diario - Decano de la prensa nacional","description":"El Diario - Decano de la prensa nacional","publisher":{"@id":"https:\/\/www.eldiario.net\/portal\/#organization"},"potentialAction":[{"@type":"SearchAction","target":{"@type":"EntryPoint","urlTemplate":"https:\/\/www.eldiario.net\/portal\/?s={search_term_string}"},"query-input":{"@type":"PropertyValueSpecification","valueRequired":true,"valueName":"search_term_string"}}],"inLanguage":"es"},{"@type":"Organization","@id":"https:\/\/www.eldiario.net\/portal\/#organization","name":"El Diario - Decano de la prensa nacional","url":"https:\/\/www.eldiario.net\/portal\/","logo":{"@type":"ImageObject","inLanguage":"es","@id":"https:\/\/www.eldiario.net\/portal\/#\/schema\/logo\/image\/","url":"https:\/\/www.eldiario.net\/portal\/wp-content\/uploads\/2023\/07\/logo_ED.jpg","contentUrl":"https:\/\/www.eldiario.net\/portal\/wp-content\/uploads\/2023\/07\/logo_ED.jpg","width":272,"height":52,"caption":"El Diario - Decano de la prensa nacional"},"image":{"@id":"https:\/\/www.eldiario.net\/portal\/#\/schema\/logo\/image\/"},"sameAs":["https:\/\/www.facebook.com\/eldiario.bolivia\/","https:\/\/x.com\/eldiario_net"]},{"@type":"Person","@id":"https:\/\/www.eldiario.net\/portal\/#\/schema\/person\/f46445640444750d7d753ccd04ae01b7","name":"Jeanette","image":{"@type":"ImageObject","inLanguage":"es","@id":"https:\/\/secure.gravatar.com\/avatar\/3ea2118a5f7dad2b7138b1187a6b7ee55f160b9968b66013c3a3ef39dd7e5798?s=96&d=mm&r=g","url":"https:\/\/secure.gravatar.com\/avatar\/3ea2118a5f7dad2b7138b1187a6b7ee55f160b9968b66013c3a3ef39dd7e5798?s=96&d=mm&r=g","contentUrl":"https:\/\/secure.gravatar.com\/avatar\/3ea2118a5f7dad2b7138b1187a6b7ee55f160b9968b66013c3a3ef39dd7e5798?s=96&d=mm&r=g","caption":"Jeanette"},"sameAs":["https:\/\/www.eldiario.net\/portal"],"url":"https:\/\/www.eldiario.net\/portal\/author\/jeanette\/"}]}},"_links":{"self":[{"href":"https:\/\/www.eldiario.net\/portal\/wp-json\/wp\/v2\/posts\/224390","targetHints":{"allow":["GET"]}}],"collection":[{"href":"https:\/\/www.eldiario.net\/portal\/wp-json\/wp\/v2\/posts"}],"about":[{"href":"https:\/\/www.eldiario.net\/portal\/wp-json\/wp\/v2\/types\/post"}],"author":[{"embeddable":true,"href":"https:\/\/www.eldiario.net\/portal\/wp-json\/wp\/v2\/users\/1"}],"replies":[{"embeddable":true,"href":"https:\/\/www.eldiario.net\/portal\/wp-json\/wp\/v2\/comments?post=224390"}],"version-history":[{"count":1,"href":"https:\/\/www.eldiario.net\/portal\/wp-json\/wp\/v2\/posts\/224390\/revisions"}],"predecessor-version":[{"id":224392,"href":"https:\/\/www.eldiario.net\/portal\/wp-json\/wp\/v2\/posts\/224390\/revisions\/224392"}],"wp:featuredmedia":[{"embeddable":true,"href":"https:\/\/www.eldiario.net\/portal\/wp-json\/wp\/v2\/media\/224391"}],"wp:attachment":[{"href":"https:\/\/www.eldiario.net\/portal\/wp-json\/wp\/v2\/media?parent=224390"}],"wp:term":[{"taxonomy":"category","embeddable":true,"href":"https:\/\/www.eldiario.net\/portal\/wp-json\/wp\/v2\/categories?post=224390"},{"taxonomy":"post_tag","embeddable":true,"href":"https:\/\/www.eldiario.net\/portal\/wp-json\/wp\/v2\/tags?post=224390"}],"curies":[{"name":"wp","href":"https:\/\/api.w.org\/{rel}","templated":true}]}}