{"id":224387,"date":"2024-06-02T07:08:37","date_gmt":"2024-06-02T11:08:37","guid":{"rendered":"https:\/\/www.eldiario.net\/portal\/?p=224387"},"modified":"2024-06-02T07:08:37","modified_gmt":"2024-06-02T11:08:37","slug":"liberan-a-pacha-un-condor-que-fue-rescatado","status":"publish","type":"post","link":"https:\/\/www.eldiario.net\/portal\/2024\/06\/02\/liberan-a-pacha-un-condor-que-fue-rescatado\/","title":{"rendered":"Liberan a \u201cPacha\u201d, un  c\u00f3ndor que fue rescatado"},"content":{"rendered":"<p>\u00a1Al fin! tras varios d\u00edas de recuperaci\u00f3n y el anuncio de su liberaci\u00f3n, \u201cPacha\u201d la c\u00f3ndor hembra fue puesta en libertad la ma\u00f1ana del s\u00e1bado en el municipio pace\u00f1o de Malla y el encargado de hacerlo fue el presidente de Estado, Luis Arce Catacora. Este esp\u00e9cimen andino fue rescatada por un comunario luego de que colisionara con un cerro, el pasado 24 de mayo.<br \/>\nEl ave tiene aproximadamente cuatro a\u00f1os, fue entregada al bioparque Vesty Pakos, dependiente del Gobierno Aut\u00f3nomo Municipal de La Paz y el Ministerio de Medio Ambiente hizo seguimiento del proceso de recuperaci\u00f3n.<br \/>\nEspecialistas del Vesty Packos identificaron que \u201cPacha\u201d sufr\u00eda de deshidrataci\u00f3n y desnutrici\u00f3n, por lo que, fue rehabilitada por m\u00e1s de dos meses. Recibi\u00f3 tratamiento mediante antiinflamatorios, complejos multivitam\u00ednicos y fluidoterapia.<br \/>\nLa ma\u00f1ana de ayer, s\u00e1bado, Arce en compa\u00f1\u00eda de comunarios, autoridades y t\u00e9cnicos especialistas del bioparque y del ministerio, dej\u00f3 en libertad a \u201cPacha\u201d, para que est\u00e9 en su h\u00e1bitat.<br \/>\nEl municipio de Malla est\u00e1 en la provincia de Jos\u00e9 Ram\u00f3n Loayza del departamento de La Paz. El c\u00f3ndor andino tiene un dispositivo para su seguimiento en el censo de c\u00f3ndores, que se realizar\u00e1 pr\u00f3ximamente en el pa\u00eds.<\/p>\n","protected":false},"excerpt":{"rendered":"<p>\u00a1Al fin! tras varios d\u00edas de recuperaci\u00f3n y el anuncio de su liberaci\u00f3n, \u201cPacha\u201d la c\u00f3ndor hembra fue puesta en libertad la ma\u00f1ana del s\u00e1bado en el municipio pace\u00f1o de Malla y el encargado de hacerlo fue el presidente de Estado, Luis Arce Catacora. Este esp\u00e9cimen andino fue rescatada por un comunario luego de que [&hellip;]<\/p>\n","protected":false},"author":1,"featured_media":224388,"comment_status":"open","ping_status":"open","sticky":false,"template":"","format":"standard","meta":{"_acf_changed":false,"footnotes":""},"categories":[12],"tags":[],"class_list":["post-224387","post","type-post","status-publish","format-standard","has-post-thumbnail","category-nacional"],"acf":{"antetitulo":""},"yoast_head":"<!-- This site is optimized with the Yoast SEO plugin v28.3 - https:\/\/yoast.com\/product\/yoast-seo-wordpress\/ -->\n<title>Liberan a \u201cPacha\u201d, un c\u00f3ndor que fue rescatado - El Diario - Bolivia<\/title>\n<meta name=\"robots\" content=\"index, follow, max-snippet:-1, max-image-preview:large, max-video-preview:-1\" \/>\n<link rel=\"canonical\" href=\"https:\/\/www.eldiario.net\/portal\/2024\/06\/02\/liberan-a-pacha-un-condor-que-fue-rescatado\/\" \/>\n<meta property=\"og:locale\" content=\"es_ES\" \/>\n<meta property=\"og:type\" content=\"article\" \/>\n<meta property=\"og:title\" content=\"Liberan a \u201cPacha\u201d, un c\u00f3ndor que fue rescatado - El Diario - Bolivia\" \/>\n<meta property=\"og:description\" content=\"\u00a1Al fin! tras varios d\u00edas de recuperaci\u00f3n y el anuncio de su liberaci\u00f3n, \u201cPacha\u201d la c\u00f3ndor hembra fue puesta en libertad la ma\u00f1ana del s\u00e1bado en el municipio pace\u00f1o de Malla y el encargado de hacerlo fue el presidente de Estado, Luis Arce Catacora. Este esp\u00e9cimen andino fue rescatada por un comunario luego de que [&hellip;]\" \/>\n<meta property=\"og:url\" content=\"https:\/\/www.eldiario.net\/portal\/2024\/06\/02\/liberan-a-pacha-un-condor-que-fue-rescatado\/\" \/>\n<meta property=\"og:site_name\" content=\"El Diario - Bolivia\" \/>\n<meta property=\"article:publisher\" content=\"https:\/\/www.facebook.com\/eldiario.bolivia\/\" \/>\n<meta property=\"article:published_time\" content=\"2024-06-02T11:08:37+00:00\" \/>\n<meta property=\"og:image\" content=\"https:\/\/www.eldiario.net\/portal\/wp-content\/uploads\/2024\/06\/F-2-pacha.jpg\" \/>\n\t<meta property=\"og:image:width\" content=\"1049\" \/>\n\t<meta property=\"og:image:height\" content=\"593\" \/>\n\t<meta property=\"og:image:type\" content=\"image\/jpeg\" \/>\n<meta name=\"author\" content=\"Jeanette\" \/>\n<meta name=\"twitter:card\" content=\"summary_large_image\" \/>\n<meta name=\"twitter:creator\" content=\"@eldiario_net\" \/>\n<meta name=\"twitter:site\" content=\"@eldiario_net\" \/>\n<meta name=\"twitter:label1\" content=\"Escrito por\" \/>\n\t<meta name=\"twitter:data1\" content=\"Jeanette\" \/>\n\t<meta name=\"twitter:label2\" content=\"Tiempo de lectura\" \/>\n\t<meta name=\"twitter:data2\" content=\"2 minutos\" \/>\n<script type=\"application\/ld+json\" class=\"yoast-schema-graph\">{\"@context\":\"https:\\\/\\\/schema.org\",\"@graph\":[{\"@type\":\"Article\",\"@id\":\"https:\\\/\\\/www.eldiario.net\\\/portal\\\/2024\\\/06\\\/02\\\/liberan-a-pacha-un-condor-que-fue-rescatado\\\/#article\",\"isPartOf\":{\"@id\":\"https:\\\/\\\/www.eldiario.net\\\/portal\\\/2024\\\/06\\\/02\\\/liberan-a-pacha-un-condor-que-fue-rescatado\\\/\"},\"author\":{\"name\":\"Jeanette\",\"@id\":\"https:\\\/\\\/www.eldiario.net\\\/portal\\\/#\\\/schema\\\/person\\\/f46445640444750d7d753ccd04ae01b7\"},\"headline\":\"Liberan a \u201cPacha\u201d, un c\u00f3ndor que fue rescatado\",\"datePublished\":\"2024-06-02T11:08:37+00:00\",\"mainEntityOfPage\":{\"@id\":\"https:\\\/\\\/www.eldiario.net\\\/portal\\\/2024\\\/06\\\/02\\\/liberan-a-pacha-un-condor-que-fue-rescatado\\\/\"},\"wordCount\":228,\"commentCount\":0,\"publisher\":{\"@id\":\"https:\\\/\\\/www.eldiario.net\\\/portal\\\/#organization\"},\"image\":{\"@id\":\"https:\\\/\\\/www.eldiario.net\\\/portal\\\/2024\\\/06\\\/02\\\/liberan-a-pacha-un-condor-que-fue-rescatado\\\/#primaryimage\"},\"thumbnailUrl\":\"https:\\\/\\\/www.eldiario.net\\\/portal\\\/wp-content\\\/uploads\\\/2024\\\/06\\\/F-2-pacha.jpg\",\"articleSection\":[\"Nacional\"],\"inLanguage\":\"es\",\"potentialAction\":[{\"@type\":\"CommentAction\",\"name\":\"Comment\",\"target\":[\"https:\\\/\\\/www.eldiario.net\\\/portal\\\/2024\\\/06\\\/02\\\/liberan-a-pacha-un-condor-que-fue-rescatado\\\/#respond\"]}]},{\"@type\":\"WebPage\",\"@id\":\"https:\\\/\\\/www.eldiario.net\\\/portal\\\/2024\\\/06\\\/02\\\/liberan-a-pacha-un-condor-que-fue-rescatado\\\/\",\"url\":\"https:\\\/\\\/www.eldiario.net\\\/portal\\\/2024\\\/06\\\/02\\\/liberan-a-pacha-un-condor-que-fue-rescatado\\\/\",\"name\":\"Liberan a \u201cPacha\u201d, un c\u00f3ndor que fue rescatado - El Diario - Bolivia\",\"isPartOf\":{\"@id\":\"https:\\\/\\\/www.eldiario.net\\\/portal\\\/#website\"},\"primaryImageOfPage\":{\"@id\":\"https:\\\/\\\/www.eldiario.net\\\/portal\\\/2024\\\/06\\\/02\\\/liberan-a-pacha-un-condor-que-fue-rescatado\\\/#primaryimage\"},\"image\":{\"@id\":\"https:\\\/\\\/www.eldiario.net\\\/portal\\\/2024\\\/06\\\/02\\\/liberan-a-pacha-un-condor-que-fue-rescatado\\\/#primaryimage\"},\"thumbnailUrl\":\"https:\\\/\\\/www.eldiario.net\\\/portal\\\/wp-content\\\/uploads\\\/2024\\\/06\\\/F-2-pacha.jpg\",\"datePublished\":\"2024-06-02T11:08:37+00:00\",\"breadcrumb\":{\"@id\":\"https:\\\/\\\/www.eldiario.net\\\/portal\\\/2024\\\/06\\\/02\\\/liberan-a-pacha-un-condor-que-fue-rescatado\\\/#breadcrumb\"},\"inLanguage\":\"es\",\"potentialAction\":[{\"@type\":\"ReadAction\",\"target\":[\"https:\\\/\\\/www.eldiario.net\\\/portal\\\/2024\\\/06\\\/02\\\/liberan-a-pacha-un-condor-que-fue-rescatado\\\/\"]}]},{\"@type\":\"ImageObject\",\"inLanguage\":\"es\",\"@id\":\"https:\\\/\\\/www.eldiario.net\\\/portal\\\/2024\\\/06\\\/02\\\/liberan-a-pacha-un-condor-que-fue-rescatado\\\/#primaryimage\",\"url\":\"https:\\\/\\\/www.eldiario.net\\\/portal\\\/wp-content\\\/uploads\\\/2024\\\/06\\\/F-2-pacha.jpg\",\"contentUrl\":\"https:\\\/\\\/www.eldiario.net\\\/portal\\\/wp-content\\\/uploads\\\/2024\\\/06\\\/F-2-pacha.jpg\",\"width\":1049,\"height\":593,\"caption\":\"ave fue liberada y lleva un dispositivo de seguimiento.\"},{\"@type\":\"BreadcrumbList\",\"@id\":\"https:\\\/\\\/www.eldiario.net\\\/portal\\\/2024\\\/06\\\/02\\\/liberan-a-pacha-un-condor-que-fue-rescatado\\\/#breadcrumb\",\"itemListElement\":[{\"@type\":\"ListItem\",\"position\":1,\"name\":\"Portada\",\"item\":\"https:\\\/\\\/www.eldiario.net\\\/portal\\\/\"},{\"@type\":\"ListItem\",\"position\":2,\"name\":\"Liberan a \u201cPacha\u201d, un c\u00f3ndor que fue rescatado\"}]},{\"@type\":\"WebSite\",\"@id\":\"https:\\\/\\\/www.eldiario.net\\\/portal\\\/#website\",\"url\":\"https:\\\/\\\/www.eldiario.net\\\/portal\\\/\",\"name\":\"El Diario - Decano de la prensa nacional\",\"description\":\"El Diario - Decano de la prensa nacional\",\"publisher\":{\"@id\":\"https:\\\/\\\/www.eldiario.net\\\/portal\\\/#organization\"},\"potentialAction\":[{\"@type\":\"SearchAction\",\"target\":{\"@type\":\"EntryPoint\",\"urlTemplate\":\"https:\\\/\\\/www.eldiario.net\\\/portal\\\/?s={search_term_string}\"},\"query-input\":{\"@type\":\"PropertyValueSpecification\",\"valueRequired\":true,\"valueName\":\"search_term_string\"}}],\"inLanguage\":\"es\"},{\"@type\":\"Organization\",\"@id\":\"https:\\\/\\\/www.eldiario.net\\\/portal\\\/#organization\",\"name\":\"El Diario - Decano de la prensa nacional\",\"url\":\"https:\\\/\\\/www.eldiario.net\\\/portal\\\/\",\"logo\":{\"@type\":\"ImageObject\",\"inLanguage\":\"es\",\"@id\":\"https:\\\/\\\/www.eldiario.net\\\/portal\\\/#\\\/schema\\\/logo\\\/image\\\/\",\"url\":\"https:\\\/\\\/www.eldiario.net\\\/portal\\\/wp-content\\\/uploads\\\/2023\\\/07\\\/logo_ED.jpg\",\"contentUrl\":\"https:\\\/\\\/www.eldiario.net\\\/portal\\\/wp-content\\\/uploads\\\/2023\\\/07\\\/logo_ED.jpg\",\"width\":272,\"height\":52,\"caption\":\"El Diario - Decano de la prensa nacional\"},\"image\":{\"@id\":\"https:\\\/\\\/www.eldiario.net\\\/portal\\\/#\\\/schema\\\/logo\\\/image\\\/\"},\"sameAs\":[\"https:\\\/\\\/www.facebook.com\\\/eldiario.bolivia\\\/\",\"https:\\\/\\\/x.com\\\/eldiario_net\"]},{\"@type\":\"Person\",\"@id\":\"https:\\\/\\\/www.eldiario.net\\\/portal\\\/#\\\/schema\\\/person\\\/f46445640444750d7d753ccd04ae01b7\",\"name\":\"Jeanette\",\"image\":{\"@type\":\"ImageObject\",\"inLanguage\":\"es\",\"@id\":\"https:\\\/\\\/secure.gravatar.com\\\/avatar\\\/3ea2118a5f7dad2b7138b1187a6b7ee55f160b9968b66013c3a3ef39dd7e5798?s=96&d=mm&r=g\",\"url\":\"https:\\\/\\\/secure.gravatar.com\\\/avatar\\\/3ea2118a5f7dad2b7138b1187a6b7ee55f160b9968b66013c3a3ef39dd7e5798?s=96&d=mm&r=g\",\"contentUrl\":\"https:\\\/\\\/secure.gravatar.com\\\/avatar\\\/3ea2118a5f7dad2b7138b1187a6b7ee55f160b9968b66013c3a3ef39dd7e5798?s=96&d=mm&r=g\",\"caption\":\"Jeanette\"},\"sameAs\":[\"https:\\\/\\\/www.eldiario.net\\\/portal\"],\"url\":\"https:\\\/\\\/www.eldiario.net\\\/portal\\\/author\\\/jeanette\\\/\"}]}<\/script>\n<!-- \/ Yoast SEO plugin. -->","yoast_head_json":{"title":"Liberan a \u201cPacha\u201d, un c\u00f3ndor que fue rescatado - El Diario - Bolivia","robots":{"index":"index","follow":"follow","max-snippet":"max-snippet:-1","max-image-preview":"max-image-preview:large","max-video-preview":"max-video-preview:-1"},"canonical":"https:\/\/www.eldiario.net\/portal\/2024\/06\/02\/liberan-a-pacha-un-condor-que-fue-rescatado\/","og_locale":"es_ES","og_type":"article","og_title":"Liberan a \u201cPacha\u201d, un c\u00f3ndor que fue rescatado - El Diario - Bolivia","og_description":"\u00a1Al fin! tras varios d\u00edas de recuperaci\u00f3n y el anuncio de su liberaci\u00f3n, \u201cPacha\u201d la c\u00f3ndor hembra fue puesta en libertad la ma\u00f1ana del s\u00e1bado en el municipio pace\u00f1o de Malla y el encargado de hacerlo fue el presidente de Estado, Luis Arce Catacora. Este esp\u00e9cimen andino fue rescatada por un comunario luego de que [&hellip;]","og_url":"https:\/\/www.eldiario.net\/portal\/2024\/06\/02\/liberan-a-pacha-un-condor-que-fue-rescatado\/","og_site_name":"El Diario - Bolivia","article_publisher":"https:\/\/www.facebook.com\/eldiario.bolivia\/","article_published_time":"2024-06-02T11:08:37+00:00","og_image":[{"width":1049,"height":593,"url":"https:\/\/www.eldiario.net\/portal\/wp-content\/uploads\/2024\/06\/F-2-pacha.jpg","type":"image\/jpeg"}],"author":"Jeanette","twitter_card":"summary_large_image","twitter_creator":"@eldiario_net","twitter_site":"@eldiario_net","twitter_misc":{"Escrito por":"Jeanette","Tiempo de lectura":"2 minutos"},"schema":{"@context":"https:\/\/schema.org","@graph":[{"@type":"Article","@id":"https:\/\/www.eldiario.net\/portal\/2024\/06\/02\/liberan-a-pacha-un-condor-que-fue-rescatado\/#article","isPartOf":{"@id":"https:\/\/www.eldiario.net\/portal\/2024\/06\/02\/liberan-a-pacha-un-condor-que-fue-rescatado\/"},"author":{"name":"Jeanette","@id":"https:\/\/www.eldiario.net\/portal\/#\/schema\/person\/f46445640444750d7d753ccd04ae01b7"},"headline":"Liberan a \u201cPacha\u201d, un c\u00f3ndor que fue rescatado","datePublished":"2024-06-02T11:08:37+00:00","mainEntityOfPage":{"@id":"https:\/\/www.eldiario.net\/portal\/2024\/06\/02\/liberan-a-pacha-un-condor-que-fue-rescatado\/"},"wordCount":228,"commentCount":0,"publisher":{"@id":"https:\/\/www.eldiario.net\/portal\/#organization"},"image":{"@id":"https:\/\/www.eldiario.net\/portal\/2024\/06\/02\/liberan-a-pacha-un-condor-que-fue-rescatado\/#primaryimage"},"thumbnailUrl":"https:\/\/www.eldiario.net\/portal\/wp-content\/uploads\/2024\/06\/F-2-pacha.jpg","articleSection":["Nacional"],"inLanguage":"es","potentialAction":[{"@type":"CommentAction","name":"Comment","target":["https:\/\/www.eldiario.net\/portal\/2024\/06\/02\/liberan-a-pacha-un-condor-que-fue-rescatado\/#respond"]}]},{"@type":"WebPage","@id":"https:\/\/www.eldiario.net\/portal\/2024\/06\/02\/liberan-a-pacha-un-condor-que-fue-rescatado\/","url":"https:\/\/www.eldiario.net\/portal\/2024\/06\/02\/liberan-a-pacha-un-condor-que-fue-rescatado\/","name":"Liberan a \u201cPacha\u201d, un c\u00f3ndor que fue rescatado - El Diario - Bolivia","isPartOf":{"@id":"https:\/\/www.eldiario.net\/portal\/#website"},"primaryImageOfPage":{"@id":"https:\/\/www.eldiario.net\/portal\/2024\/06\/02\/liberan-a-pacha-un-condor-que-fue-rescatado\/#primaryimage"},"image":{"@id":"https:\/\/www.eldiario.net\/portal\/2024\/06\/02\/liberan-a-pacha-un-condor-que-fue-rescatado\/#primaryimage"},"thumbnailUrl":"https:\/\/www.eldiario.net\/portal\/wp-content\/uploads\/2024\/06\/F-2-pacha.jpg","datePublished":"2024-06-02T11:08:37+00:00","breadcrumb":{"@id":"https:\/\/www.eldiario.net\/portal\/2024\/06\/02\/liberan-a-pacha-un-condor-que-fue-rescatado\/#breadcrumb"},"inLanguage":"es","potentialAction":[{"@type":"ReadAction","target":["https:\/\/www.eldiario.net\/portal\/2024\/06\/02\/liberan-a-pacha-un-condor-que-fue-rescatado\/"]}]},{"@type":"ImageObject","inLanguage":"es","@id":"https:\/\/www.eldiario.net\/portal\/2024\/06\/02\/liberan-a-pacha-un-condor-que-fue-rescatado\/#primaryimage","url":"https:\/\/www.eldiario.net\/portal\/wp-content\/uploads\/2024\/06\/F-2-pacha.jpg","contentUrl":"https:\/\/www.eldiario.net\/portal\/wp-content\/uploads\/2024\/06\/F-2-pacha.jpg","width":1049,"height":593,"caption":"ave fue liberada y lleva un dispositivo de seguimiento."},{"@type":"BreadcrumbList","@id":"https:\/\/www.eldiario.net\/portal\/2024\/06\/02\/liberan-a-pacha-un-condor-que-fue-rescatado\/#breadcrumb","itemListElement":[{"@type":"ListItem","position":1,"name":"Portada","item":"https:\/\/www.eldiario.net\/portal\/"},{"@type":"ListItem","position":2,"name":"Liberan a \u201cPacha\u201d, un c\u00f3ndor que fue rescatado"}]},{"@type":"WebSite","@id":"https:\/\/www.eldiario.net\/portal\/#website","url":"https:\/\/www.eldiario.net\/portal\/","name":"El Diario - Decano de la prensa nacional","description":"El Diario - Decano de la prensa nacional","publisher":{"@id":"https:\/\/www.eldiario.net\/portal\/#organization"},"potentialAction":[{"@type":"SearchAction","target":{"@type":"EntryPoint","urlTemplate":"https:\/\/www.eldiario.net\/portal\/?s={search_term_string}"},"query-input":{"@type":"PropertyValueSpecification","valueRequired":true,"valueName":"search_term_string"}}],"inLanguage":"es"},{"@type":"Organization","@id":"https:\/\/www.eldiario.net\/portal\/#organization","name":"El Diario - Decano de la prensa nacional","url":"https:\/\/www.eldiario.net\/portal\/","logo":{"@type":"ImageObject","inLanguage":"es","@id":"https:\/\/www.eldiario.net\/portal\/#\/schema\/logo\/image\/","url":"https:\/\/www.eldiario.net\/portal\/wp-content\/uploads\/2023\/07\/logo_ED.jpg","contentUrl":"https:\/\/www.eldiario.net\/portal\/wp-content\/uploads\/2023\/07\/logo_ED.jpg","width":272,"height":52,"caption":"El Diario - Decano de la prensa nacional"},"image":{"@id":"https:\/\/www.eldiario.net\/portal\/#\/schema\/logo\/image\/"},"sameAs":["https:\/\/www.facebook.com\/eldiario.bolivia\/","https:\/\/x.com\/eldiario_net"]},{"@type":"Person","@id":"https:\/\/www.eldiario.net\/portal\/#\/schema\/person\/f46445640444750d7d753ccd04ae01b7","name":"Jeanette","image":{"@type":"ImageObject","inLanguage":"es","@id":"https:\/\/secure.gravatar.com\/avatar\/3ea2118a5f7dad2b7138b1187a6b7ee55f160b9968b66013c3a3ef39dd7e5798?s=96&d=mm&r=g","url":"https:\/\/secure.gravatar.com\/avatar\/3ea2118a5f7dad2b7138b1187a6b7ee55f160b9968b66013c3a3ef39dd7e5798?s=96&d=mm&r=g","contentUrl":"https:\/\/secure.gravatar.com\/avatar\/3ea2118a5f7dad2b7138b1187a6b7ee55f160b9968b66013c3a3ef39dd7e5798?s=96&d=mm&r=g","caption":"Jeanette"},"sameAs":["https:\/\/www.eldiario.net\/portal"],"url":"https:\/\/www.eldiario.net\/portal\/author\/jeanette\/"}]}},"_links":{"self":[{"href":"https:\/\/www.eldiario.net\/portal\/wp-json\/wp\/v2\/posts\/224387","targetHints":{"allow":["GET"]}}],"collection":[{"href":"https:\/\/www.eldiario.net\/portal\/wp-json\/wp\/v2\/posts"}],"about":[{"href":"https:\/\/www.eldiario.net\/portal\/wp-json\/wp\/v2\/types\/post"}],"author":[{"embeddable":true,"href":"https:\/\/www.eldiario.net\/portal\/wp-json\/wp\/v2\/users\/1"}],"replies":[{"embeddable":true,"href":"https:\/\/www.eldiario.net\/portal\/wp-json\/wp\/v2\/comments?post=224387"}],"version-history":[{"count":1,"href":"https:\/\/www.eldiario.net\/portal\/wp-json\/wp\/v2\/posts\/224387\/revisions"}],"predecessor-version":[{"id":224389,"href":"https:\/\/www.eldiario.net\/portal\/wp-json\/wp\/v2\/posts\/224387\/revisions\/224389"}],"wp:featuredmedia":[{"embeddable":true,"href":"https:\/\/www.eldiario.net\/portal\/wp-json\/wp\/v2\/media\/224388"}],"wp:attachment":[{"href":"https:\/\/www.eldiario.net\/portal\/wp-json\/wp\/v2\/media?parent=224387"}],"wp:term":[{"taxonomy":"category","embeddable":true,"href":"https:\/\/www.eldiario.net\/portal\/wp-json\/wp\/v2\/categories?post=224387"},{"taxonomy":"post_tag","embeddable":true,"href":"https:\/\/www.eldiario.net\/portal\/wp-json\/wp\/v2\/tags?post=224387"}],"curies":[{"name":"wp","href":"https:\/\/api.w.org\/{rel}","templated":true}]}}