{"id":224382,"date":"2024-06-02T07:07:35","date_gmt":"2024-06-02T11:07:35","guid":{"rendered":"https:\/\/www.eldiario.net\/portal\/?p=224382"},"modified":"2024-06-02T07:07:35","modified_gmt":"2024-06-02T11:07:35","slug":"invertiran-mas-de-bs-500-mil-en-restauracion-de-achumani","status":"publish","type":"post","link":"https:\/\/www.eldiario.net\/portal\/2024\/06\/02\/invertiran-mas-de-bs-500-mil-en-restauracion-de-achumani\/","title":{"rendered":"Invertir\u00e1n m\u00e1s de Bs 500 mil en restauraci\u00f3n de Achumani"},"content":{"rendered":"<p>La comuna pace\u00f1a inform\u00f3 que con recursos municipales de m\u00e1s de Bs 500 mil, se realizar\u00e1n los trabajos de restauraci\u00f3n en la zona de Achumani, entre las calles 36 y 53, que fueron afectadas por el desborde de r\u00edos y arrastre de material durante la \u00e9poca de lluvias.<br \/>\n\u201cCon recursos propios (de la Alcald\u00eda de La Paz) hemos logrado conseguir para este sector el financiamiento de todo lo que va a significar lo que ya se les ha presentado, esta vez una avenida ecol\u00f3gica, con ciclov\u00eda, con paseos. Va ser una avenida muy valorada, muy diferente, vamos a reponer la plaza, con su parque\u201d, se\u00f1al\u00f3 el alcalde pace\u00f1o, Iv\u00e1n Arias, al referirse a las obras que ya se ejecutan.<br \/>\nSe espera que los vecinos del sector tambi\u00e9n aporten con recursos del Pan Operativo Anual o POA vecinal. Se prev\u00e9 que los trabajos de prevenci\u00f3n tanto en el r\u00edo de Achumani, la v\u00eda y la plaza de la Mascota est\u00e9n concluidos hasta octubre.<br \/>\nPersonal edil realiza obras de prevenci\u00f3n, \u201cno estamos esperando que llegue la lluvia sino que ya estamos haciendo labores de prevenci\u00f3n, es decir, limpieza de cunetas, limpieza de r\u00edos, sacado de material aluvial y realmente todo ese sector, de 3.5 kil\u00f3metros desde Huayllani, Kelluniani y todo aquello\u201d, afirm\u00f3 el burgomaestre.<br \/>\n\u201cEn este tramo que tiene un kil\u00f3metro, estamos trabajando 65 d\u00edas y estamos en menos del 70 por ciento de avance y es uno de los 14 puntos donde se est\u00e1 trabajando con maquinaria; son 11 hacia Kellumani, tres en Huayllani\u201d, detall\u00f3 por su lado, el secretario municipal de Resiliencia y Gesti\u00f3n de Vulnerabilidades, Juan Pablo Palma.<\/p>\n<p>&nbsp;<\/p>\n","protected":false},"excerpt":{"rendered":"<p>La comuna pace\u00f1a inform\u00f3 que con recursos municipales de m\u00e1s de Bs 500 mil, se realizar\u00e1n los trabajos de restauraci\u00f3n en la zona de Achumani, entre las calles 36 y 53, que fueron afectadas por el desborde de r\u00edos y arrastre de material durante la \u00e9poca de lluvias. \u201cCon recursos propios (de la Alcald\u00eda de [&hellip;]<\/p>\n","protected":false},"author":1,"featured_media":224383,"comment_status":"open","ping_status":"open","sticky":false,"template":"","format":"standard","meta":{"_acf_changed":false,"footnotes":""},"categories":[12],"tags":[],"class_list":["post-224382","post","type-post","status-publish","format-standard","has-post-thumbnail","category-nacional"],"acf":{"antetitulo":""},"yoast_head":"<!-- This site is optimized with the Yoast SEO plugin v28.3 - https:\/\/yoast.com\/product\/yoast-seo-wordpress\/ -->\n<title>Invertir\u00e1n m\u00e1s de Bs 500 mil en restauraci\u00f3n de Achumani - El Diario - Bolivia<\/title>\n<meta name=\"robots\" content=\"index, follow, max-snippet:-1, max-image-preview:large, max-video-preview:-1\" \/>\n<link rel=\"canonical\" href=\"https:\/\/www.eldiario.net\/portal\/2024\/06\/02\/invertiran-mas-de-bs-500-mil-en-restauracion-de-achumani\/\" \/>\n<meta property=\"og:locale\" content=\"es_ES\" \/>\n<meta property=\"og:type\" content=\"article\" \/>\n<meta property=\"og:title\" content=\"Invertir\u00e1n m\u00e1s de Bs 500 mil en restauraci\u00f3n de Achumani - El Diario - Bolivia\" \/>\n<meta property=\"og:description\" content=\"La comuna pace\u00f1a inform\u00f3 que con recursos municipales de m\u00e1s de Bs 500 mil, se realizar\u00e1n los trabajos de restauraci\u00f3n en la zona de Achumani, entre las calles 36 y 53, que fueron afectadas por el desborde de r\u00edos y arrastre de material durante la \u00e9poca de lluvias. \u201cCon recursos propios (de la Alcald\u00eda de [&hellip;]\" \/>\n<meta property=\"og:url\" content=\"https:\/\/www.eldiario.net\/portal\/2024\/06\/02\/invertiran-mas-de-bs-500-mil-en-restauracion-de-achumani\/\" \/>\n<meta property=\"og:site_name\" content=\"El Diario - Bolivia\" \/>\n<meta property=\"article:publisher\" content=\"https:\/\/www.facebook.com\/eldiario.bolivia\/\" \/>\n<meta property=\"article:published_time\" content=\"2024-06-02T11:07:35+00:00\" \/>\n<meta property=\"og:image\" content=\"https:\/\/www.eldiario.net\/portal\/wp-content\/uploads\/2024\/06\/F-4-achumani.jpg\" \/>\n\t<meta property=\"og:image:width\" content=\"1024\" \/>\n\t<meta property=\"og:image:height\" content=\"682\" \/>\n\t<meta property=\"og:image:type\" content=\"image\/jpeg\" \/>\n<meta name=\"author\" content=\"Jeanette\" \/>\n<meta name=\"twitter:card\" content=\"summary_large_image\" \/>\n<meta name=\"twitter:creator\" content=\"@eldiario_net\" \/>\n<meta name=\"twitter:site\" content=\"@eldiario_net\" \/>\n<meta name=\"twitter:label1\" content=\"Escrito por\" \/>\n\t<meta name=\"twitter:data1\" content=\"Jeanette\" \/>\n\t<meta name=\"twitter:label2\" content=\"Tiempo de lectura\" \/>\n\t<meta name=\"twitter:data2\" content=\"2 minutos\" \/>\n<script type=\"application\/ld+json\" class=\"yoast-schema-graph\">{\"@context\":\"https:\\\/\\\/schema.org\",\"@graph\":[{\"@type\":\"Article\",\"@id\":\"https:\\\/\\\/www.eldiario.net\\\/portal\\\/2024\\\/06\\\/02\\\/invertiran-mas-de-bs-500-mil-en-restauracion-de-achumani\\\/#article\",\"isPartOf\":{\"@id\":\"https:\\\/\\\/www.eldiario.net\\\/portal\\\/2024\\\/06\\\/02\\\/invertiran-mas-de-bs-500-mil-en-restauracion-de-achumani\\\/\"},\"author\":{\"name\":\"Jeanette\",\"@id\":\"https:\\\/\\\/www.eldiario.net\\\/portal\\\/#\\\/schema\\\/person\\\/f46445640444750d7d753ccd04ae01b7\"},\"headline\":\"Invertir\u00e1n m\u00e1s de Bs 500 mil en restauraci\u00f3n de Achumani\",\"datePublished\":\"2024-06-02T11:07:35+00:00\",\"mainEntityOfPage\":{\"@id\":\"https:\\\/\\\/www.eldiario.net\\\/portal\\\/2024\\\/06\\\/02\\\/invertiran-mas-de-bs-500-mil-en-restauracion-de-achumani\\\/\"},\"wordCount\":297,\"commentCount\":0,\"publisher\":{\"@id\":\"https:\\\/\\\/www.eldiario.net\\\/portal\\\/#organization\"},\"image\":{\"@id\":\"https:\\\/\\\/www.eldiario.net\\\/portal\\\/2024\\\/06\\\/02\\\/invertiran-mas-de-bs-500-mil-en-restauracion-de-achumani\\\/#primaryimage\"},\"thumbnailUrl\":\"https:\\\/\\\/www.eldiario.net\\\/portal\\\/wp-content\\\/uploads\\\/2024\\\/06\\\/F-4-achumani.jpg\",\"articleSection\":[\"Nacional\"],\"inLanguage\":\"es\",\"potentialAction\":[{\"@type\":\"CommentAction\",\"name\":\"Comment\",\"target\":[\"https:\\\/\\\/www.eldiario.net\\\/portal\\\/2024\\\/06\\\/02\\\/invertiran-mas-de-bs-500-mil-en-restauracion-de-achumani\\\/#respond\"]}]},{\"@type\":\"WebPage\",\"@id\":\"https:\\\/\\\/www.eldiario.net\\\/portal\\\/2024\\\/06\\\/02\\\/invertiran-mas-de-bs-500-mil-en-restauracion-de-achumani\\\/\",\"url\":\"https:\\\/\\\/www.eldiario.net\\\/portal\\\/2024\\\/06\\\/02\\\/invertiran-mas-de-bs-500-mil-en-restauracion-de-achumani\\\/\",\"name\":\"Invertir\u00e1n m\u00e1s de Bs 500 mil en restauraci\u00f3n de Achumani - El Diario - Bolivia\",\"isPartOf\":{\"@id\":\"https:\\\/\\\/www.eldiario.net\\\/portal\\\/#website\"},\"primaryImageOfPage\":{\"@id\":\"https:\\\/\\\/www.eldiario.net\\\/portal\\\/2024\\\/06\\\/02\\\/invertiran-mas-de-bs-500-mil-en-restauracion-de-achumani\\\/#primaryimage\"},\"image\":{\"@id\":\"https:\\\/\\\/www.eldiario.net\\\/portal\\\/2024\\\/06\\\/02\\\/invertiran-mas-de-bs-500-mil-en-restauracion-de-achumani\\\/#primaryimage\"},\"thumbnailUrl\":\"https:\\\/\\\/www.eldiario.net\\\/portal\\\/wp-content\\\/uploads\\\/2024\\\/06\\\/F-4-achumani.jpg\",\"datePublished\":\"2024-06-02T11:07:35+00:00\",\"breadcrumb\":{\"@id\":\"https:\\\/\\\/www.eldiario.net\\\/portal\\\/2024\\\/06\\\/02\\\/invertiran-mas-de-bs-500-mil-en-restauracion-de-achumani\\\/#breadcrumb\"},\"inLanguage\":\"es\",\"potentialAction\":[{\"@type\":\"ReadAction\",\"target\":[\"https:\\\/\\\/www.eldiario.net\\\/portal\\\/2024\\\/06\\\/02\\\/invertiran-mas-de-bs-500-mil-en-restauracion-de-achumani\\\/\"]}]},{\"@type\":\"ImageObject\",\"inLanguage\":\"es\",\"@id\":\"https:\\\/\\\/www.eldiario.net\\\/portal\\\/2024\\\/06\\\/02\\\/invertiran-mas-de-bs-500-mil-en-restauracion-de-achumani\\\/#primaryimage\",\"url\":\"https:\\\/\\\/www.eldiario.net\\\/portal\\\/wp-content\\\/uploads\\\/2024\\\/06\\\/F-4-achumani.jpg\",\"contentUrl\":\"https:\\\/\\\/www.eldiario.net\\\/portal\\\/wp-content\\\/uploads\\\/2024\\\/06\\\/F-4-achumani.jpg\",\"width\":1024,\"height\":682,\"caption\":\"Autoridades ediles y vecinos del sector en inspecci\u00f3n.\"},{\"@type\":\"BreadcrumbList\",\"@id\":\"https:\\\/\\\/www.eldiario.net\\\/portal\\\/2024\\\/06\\\/02\\\/invertiran-mas-de-bs-500-mil-en-restauracion-de-achumani\\\/#breadcrumb\",\"itemListElement\":[{\"@type\":\"ListItem\",\"position\":1,\"name\":\"Portada\",\"item\":\"https:\\\/\\\/www.eldiario.net\\\/portal\\\/\"},{\"@type\":\"ListItem\",\"position\":2,\"name\":\"Invertir\u00e1n m\u00e1s de Bs 500 mil en restauraci\u00f3n de Achumani\"}]},{\"@type\":\"WebSite\",\"@id\":\"https:\\\/\\\/www.eldiario.net\\\/portal\\\/#website\",\"url\":\"https:\\\/\\\/www.eldiario.net\\\/portal\\\/\",\"name\":\"El Diario - Decano de la prensa nacional\",\"description\":\"El Diario - Decano de la prensa nacional\",\"publisher\":{\"@id\":\"https:\\\/\\\/www.eldiario.net\\\/portal\\\/#organization\"},\"potentialAction\":[{\"@type\":\"SearchAction\",\"target\":{\"@type\":\"EntryPoint\",\"urlTemplate\":\"https:\\\/\\\/www.eldiario.net\\\/portal\\\/?s={search_term_string}\"},\"query-input\":{\"@type\":\"PropertyValueSpecification\",\"valueRequired\":true,\"valueName\":\"search_term_string\"}}],\"inLanguage\":\"es\"},{\"@type\":\"Organization\",\"@id\":\"https:\\\/\\\/www.eldiario.net\\\/portal\\\/#organization\",\"name\":\"El Diario - Decano de la prensa nacional\",\"url\":\"https:\\\/\\\/www.eldiario.net\\\/portal\\\/\",\"logo\":{\"@type\":\"ImageObject\",\"inLanguage\":\"es\",\"@id\":\"https:\\\/\\\/www.eldiario.net\\\/portal\\\/#\\\/schema\\\/logo\\\/image\\\/\",\"url\":\"https:\\\/\\\/www.eldiario.net\\\/portal\\\/wp-content\\\/uploads\\\/2023\\\/07\\\/logo_ED.jpg\",\"contentUrl\":\"https:\\\/\\\/www.eldiario.net\\\/portal\\\/wp-content\\\/uploads\\\/2023\\\/07\\\/logo_ED.jpg\",\"width\":272,\"height\":52,\"caption\":\"El Diario - Decano de la prensa nacional\"},\"image\":{\"@id\":\"https:\\\/\\\/www.eldiario.net\\\/portal\\\/#\\\/schema\\\/logo\\\/image\\\/\"},\"sameAs\":[\"https:\\\/\\\/www.facebook.com\\\/eldiario.bolivia\\\/\",\"https:\\\/\\\/x.com\\\/eldiario_net\"]},{\"@type\":\"Person\",\"@id\":\"https:\\\/\\\/www.eldiario.net\\\/portal\\\/#\\\/schema\\\/person\\\/f46445640444750d7d753ccd04ae01b7\",\"name\":\"Jeanette\",\"image\":{\"@type\":\"ImageObject\",\"inLanguage\":\"es\",\"@id\":\"https:\\\/\\\/secure.gravatar.com\\\/avatar\\\/3ea2118a5f7dad2b7138b1187a6b7ee55f160b9968b66013c3a3ef39dd7e5798?s=96&d=mm&r=g\",\"url\":\"https:\\\/\\\/secure.gravatar.com\\\/avatar\\\/3ea2118a5f7dad2b7138b1187a6b7ee55f160b9968b66013c3a3ef39dd7e5798?s=96&d=mm&r=g\",\"contentUrl\":\"https:\\\/\\\/secure.gravatar.com\\\/avatar\\\/3ea2118a5f7dad2b7138b1187a6b7ee55f160b9968b66013c3a3ef39dd7e5798?s=96&d=mm&r=g\",\"caption\":\"Jeanette\"},\"sameAs\":[\"https:\\\/\\\/www.eldiario.net\\\/portal\"],\"url\":\"https:\\\/\\\/www.eldiario.net\\\/portal\\\/author\\\/jeanette\\\/\"}]}<\/script>\n<!-- \/ Yoast SEO plugin. -->","yoast_head_json":{"title":"Invertir\u00e1n m\u00e1s de Bs 500 mil en restauraci\u00f3n de Achumani - El Diario - Bolivia","robots":{"index":"index","follow":"follow","max-snippet":"max-snippet:-1","max-image-preview":"max-image-preview:large","max-video-preview":"max-video-preview:-1"},"canonical":"https:\/\/www.eldiario.net\/portal\/2024\/06\/02\/invertiran-mas-de-bs-500-mil-en-restauracion-de-achumani\/","og_locale":"es_ES","og_type":"article","og_title":"Invertir\u00e1n m\u00e1s de Bs 500 mil en restauraci\u00f3n de Achumani - El Diario - Bolivia","og_description":"La comuna pace\u00f1a inform\u00f3 que con recursos municipales de m\u00e1s de Bs 500 mil, se realizar\u00e1n los trabajos de restauraci\u00f3n en la zona de Achumani, entre las calles 36 y 53, que fueron afectadas por el desborde de r\u00edos y arrastre de material durante la \u00e9poca de lluvias. \u201cCon recursos propios (de la Alcald\u00eda de [&hellip;]","og_url":"https:\/\/www.eldiario.net\/portal\/2024\/06\/02\/invertiran-mas-de-bs-500-mil-en-restauracion-de-achumani\/","og_site_name":"El Diario - Bolivia","article_publisher":"https:\/\/www.facebook.com\/eldiario.bolivia\/","article_published_time":"2024-06-02T11:07:35+00:00","og_image":[{"width":1024,"height":682,"url":"https:\/\/www.eldiario.net\/portal\/wp-content\/uploads\/2024\/06\/F-4-achumani.jpg","type":"image\/jpeg"}],"author":"Jeanette","twitter_card":"summary_large_image","twitter_creator":"@eldiario_net","twitter_site":"@eldiario_net","twitter_misc":{"Escrito por":"Jeanette","Tiempo de lectura":"2 minutos"},"schema":{"@context":"https:\/\/schema.org","@graph":[{"@type":"Article","@id":"https:\/\/www.eldiario.net\/portal\/2024\/06\/02\/invertiran-mas-de-bs-500-mil-en-restauracion-de-achumani\/#article","isPartOf":{"@id":"https:\/\/www.eldiario.net\/portal\/2024\/06\/02\/invertiran-mas-de-bs-500-mil-en-restauracion-de-achumani\/"},"author":{"name":"Jeanette","@id":"https:\/\/www.eldiario.net\/portal\/#\/schema\/person\/f46445640444750d7d753ccd04ae01b7"},"headline":"Invertir\u00e1n m\u00e1s de Bs 500 mil en restauraci\u00f3n de Achumani","datePublished":"2024-06-02T11:07:35+00:00","mainEntityOfPage":{"@id":"https:\/\/www.eldiario.net\/portal\/2024\/06\/02\/invertiran-mas-de-bs-500-mil-en-restauracion-de-achumani\/"},"wordCount":297,"commentCount":0,"publisher":{"@id":"https:\/\/www.eldiario.net\/portal\/#organization"},"image":{"@id":"https:\/\/www.eldiario.net\/portal\/2024\/06\/02\/invertiran-mas-de-bs-500-mil-en-restauracion-de-achumani\/#primaryimage"},"thumbnailUrl":"https:\/\/www.eldiario.net\/portal\/wp-content\/uploads\/2024\/06\/F-4-achumani.jpg","articleSection":["Nacional"],"inLanguage":"es","potentialAction":[{"@type":"CommentAction","name":"Comment","target":["https:\/\/www.eldiario.net\/portal\/2024\/06\/02\/invertiran-mas-de-bs-500-mil-en-restauracion-de-achumani\/#respond"]}]},{"@type":"WebPage","@id":"https:\/\/www.eldiario.net\/portal\/2024\/06\/02\/invertiran-mas-de-bs-500-mil-en-restauracion-de-achumani\/","url":"https:\/\/www.eldiario.net\/portal\/2024\/06\/02\/invertiran-mas-de-bs-500-mil-en-restauracion-de-achumani\/","name":"Invertir\u00e1n m\u00e1s de Bs 500 mil en restauraci\u00f3n de Achumani - El Diario - Bolivia","isPartOf":{"@id":"https:\/\/www.eldiario.net\/portal\/#website"},"primaryImageOfPage":{"@id":"https:\/\/www.eldiario.net\/portal\/2024\/06\/02\/invertiran-mas-de-bs-500-mil-en-restauracion-de-achumani\/#primaryimage"},"image":{"@id":"https:\/\/www.eldiario.net\/portal\/2024\/06\/02\/invertiran-mas-de-bs-500-mil-en-restauracion-de-achumani\/#primaryimage"},"thumbnailUrl":"https:\/\/www.eldiario.net\/portal\/wp-content\/uploads\/2024\/06\/F-4-achumani.jpg","datePublished":"2024-06-02T11:07:35+00:00","breadcrumb":{"@id":"https:\/\/www.eldiario.net\/portal\/2024\/06\/02\/invertiran-mas-de-bs-500-mil-en-restauracion-de-achumani\/#breadcrumb"},"inLanguage":"es","potentialAction":[{"@type":"ReadAction","target":["https:\/\/www.eldiario.net\/portal\/2024\/06\/02\/invertiran-mas-de-bs-500-mil-en-restauracion-de-achumani\/"]}]},{"@type":"ImageObject","inLanguage":"es","@id":"https:\/\/www.eldiario.net\/portal\/2024\/06\/02\/invertiran-mas-de-bs-500-mil-en-restauracion-de-achumani\/#primaryimage","url":"https:\/\/www.eldiario.net\/portal\/wp-content\/uploads\/2024\/06\/F-4-achumani.jpg","contentUrl":"https:\/\/www.eldiario.net\/portal\/wp-content\/uploads\/2024\/06\/F-4-achumani.jpg","width":1024,"height":682,"caption":"Autoridades ediles y vecinos del sector en inspecci\u00f3n."},{"@type":"BreadcrumbList","@id":"https:\/\/www.eldiario.net\/portal\/2024\/06\/02\/invertiran-mas-de-bs-500-mil-en-restauracion-de-achumani\/#breadcrumb","itemListElement":[{"@type":"ListItem","position":1,"name":"Portada","item":"https:\/\/www.eldiario.net\/portal\/"},{"@type":"ListItem","position":2,"name":"Invertir\u00e1n m\u00e1s de Bs 500 mil en restauraci\u00f3n de Achumani"}]},{"@type":"WebSite","@id":"https:\/\/www.eldiario.net\/portal\/#website","url":"https:\/\/www.eldiario.net\/portal\/","name":"El Diario - Decano de la prensa nacional","description":"El Diario - Decano de la prensa nacional","publisher":{"@id":"https:\/\/www.eldiario.net\/portal\/#organization"},"potentialAction":[{"@type":"SearchAction","target":{"@type":"EntryPoint","urlTemplate":"https:\/\/www.eldiario.net\/portal\/?s={search_term_string}"},"query-input":{"@type":"PropertyValueSpecification","valueRequired":true,"valueName":"search_term_string"}}],"inLanguage":"es"},{"@type":"Organization","@id":"https:\/\/www.eldiario.net\/portal\/#organization","name":"El Diario - Decano de la prensa nacional","url":"https:\/\/www.eldiario.net\/portal\/","logo":{"@type":"ImageObject","inLanguage":"es","@id":"https:\/\/www.eldiario.net\/portal\/#\/schema\/logo\/image\/","url":"https:\/\/www.eldiario.net\/portal\/wp-content\/uploads\/2023\/07\/logo_ED.jpg","contentUrl":"https:\/\/www.eldiario.net\/portal\/wp-content\/uploads\/2023\/07\/logo_ED.jpg","width":272,"height":52,"caption":"El Diario - Decano de la prensa nacional"},"image":{"@id":"https:\/\/www.eldiario.net\/portal\/#\/schema\/logo\/image\/"},"sameAs":["https:\/\/www.facebook.com\/eldiario.bolivia\/","https:\/\/x.com\/eldiario_net"]},{"@type":"Person","@id":"https:\/\/www.eldiario.net\/portal\/#\/schema\/person\/f46445640444750d7d753ccd04ae01b7","name":"Jeanette","image":{"@type":"ImageObject","inLanguage":"es","@id":"https:\/\/secure.gravatar.com\/avatar\/3ea2118a5f7dad2b7138b1187a6b7ee55f160b9968b66013c3a3ef39dd7e5798?s=96&d=mm&r=g","url":"https:\/\/secure.gravatar.com\/avatar\/3ea2118a5f7dad2b7138b1187a6b7ee55f160b9968b66013c3a3ef39dd7e5798?s=96&d=mm&r=g","contentUrl":"https:\/\/secure.gravatar.com\/avatar\/3ea2118a5f7dad2b7138b1187a6b7ee55f160b9968b66013c3a3ef39dd7e5798?s=96&d=mm&r=g","caption":"Jeanette"},"sameAs":["https:\/\/www.eldiario.net\/portal"],"url":"https:\/\/www.eldiario.net\/portal\/author\/jeanette\/"}]}},"_links":{"self":[{"href":"https:\/\/www.eldiario.net\/portal\/wp-json\/wp\/v2\/posts\/224382","targetHints":{"allow":["GET"]}}],"collection":[{"href":"https:\/\/www.eldiario.net\/portal\/wp-json\/wp\/v2\/posts"}],"about":[{"href":"https:\/\/www.eldiario.net\/portal\/wp-json\/wp\/v2\/types\/post"}],"author":[{"embeddable":true,"href":"https:\/\/www.eldiario.net\/portal\/wp-json\/wp\/v2\/users\/1"}],"replies":[{"embeddable":true,"href":"https:\/\/www.eldiario.net\/portal\/wp-json\/wp\/v2\/comments?post=224382"}],"version-history":[{"count":1,"href":"https:\/\/www.eldiario.net\/portal\/wp-json\/wp\/v2\/posts\/224382\/revisions"}],"predecessor-version":[{"id":224384,"href":"https:\/\/www.eldiario.net\/portal\/wp-json\/wp\/v2\/posts\/224382\/revisions\/224384"}],"wp:featuredmedia":[{"embeddable":true,"href":"https:\/\/www.eldiario.net\/portal\/wp-json\/wp\/v2\/media\/224383"}],"wp:attachment":[{"href":"https:\/\/www.eldiario.net\/portal\/wp-json\/wp\/v2\/media?parent=224382"}],"wp:term":[{"taxonomy":"category","embeddable":true,"href":"https:\/\/www.eldiario.net\/portal\/wp-json\/wp\/v2\/categories?post=224382"},{"taxonomy":"post_tag","embeddable":true,"href":"https:\/\/www.eldiario.net\/portal\/wp-json\/wp\/v2\/tags?post=224382"}],"curies":[{"name":"wp","href":"https:\/\/api.w.org\/{rel}","templated":true}]}}