{"id":22431,"date":"2021-08-10T05:33:05","date_gmt":"2021-08-10T09:33:05","guid":{"rendered":"https:\/\/www.eldiario.net\/portal\/?p=22431"},"modified":"2021-08-10T05:33:05","modified_gmt":"2021-08-10T09:33:05","slug":"virus-de-la-inmunodeficiencia-humana-vih","status":"publish","type":"post","link":"https:\/\/www.eldiario.net\/portal\/2021\/08\/10\/virus-de-la-inmunodeficiencia-humana-vih\/","title":{"rendered":"Virus de la Inmunodeficiencia Humana VIH"},"content":{"rendered":"<p>El virus de la inmunodeficiencia humana (VIH) infecta a las c\u00e9lulas del sistema inmunitario y las destruye o trastorna su funcionamiento, lo que acarrea el deterioro progresivo de dicho sistema produciendo una deficiencia inmunitaria. Se habla de inmunodeficiencia cuando el sistema inmunitario ya no puede cumplir su funci\u00f3n de combatir las infecciones y otras enfermedades.<\/p>\n<p>&nbsp;<\/p>\n<p>Se puede transmitir por las relaciones sexuales (vaginales, anales o bucales) sin protecci\u00f3n con una persona infectada; por la transfusi\u00f3n de sangre contaminada; por compartir agujas, jeringas y otros objetos cortopunzantes que est\u00e9n contaminados. De igual forma una madre puede transmitirle la infecci\u00f3n al hijo durante el embarazo, el parto o el amamantamiento.<\/p>\n<p>&nbsp;<\/p>\n<p>El SIDA es la enfermedad causada por el da\u00f1o que el VIH produce en el sistema inmunitario. Una persona tiene SIDA cuando contrae infecciones peligrosas o tiene un n\u00famero extremadamente bajo de c\u00e9lulas CD4. El SIDA es la fase m\u00e1s grave de la infecci\u00f3n por VIH y, con el tiempo, termina provocando la muerte.<\/p>\n<p>&nbsp;<\/p>\n<p>El SIDA (s\u00edndrome de inmunodeficiencia adquirida) representa las etapas m\u00e1s avanzadas de la infecci\u00f3n por el VIH. Se define por la aparici\u00f3n de alguna de m\u00e1s de veinte infecciones oportunistas o c\u00e1nceres vinculados con el VIH.<\/p>\n<p>&nbsp;<\/p>\n<p>Un individuo infectado con VIH puede desarrollar la enfermedad del SIDA entre 5 a 10 a\u00f1os despu\u00e9s de haberse infectado. El tratamiento con antirretrov\u00edricos puede hacer m\u00e1s lenta la evoluci\u00f3n, porque evita la multiplicaci\u00f3n del virus y en consecuencia, disminuye la cantidad de virus presentes en la sangre del individuo infectado.<\/p>\n<p>&nbsp;<\/p>\n<p><strong>Primeros s\u00edntomas del VIH<\/strong><\/p>\n<p>&nbsp;<\/p>\n<p>La gente con VIH generalmente no presentan s\u00edntomas inmediatamente, por lo que pueden desconocer que tienen el virus. Pueden pasar a\u00f1os antes de que el VIH se manifieste. En general, las personas que contraen la infecci\u00f3n lucen y se sienten sanas durante mucho tiempo. Pueden transcurrir 10 a\u00f1os o m\u00e1s hasta que la infecci\u00f3n por VIH manifiesta s\u00edntomas, e incluso mucho m\u00e1s tiempo en el caso de quienes toman medicamentos antivirales. Las primeras 2 a 4 semanas despu\u00e9s de contraer el VIH, puedes sentirte afiebrado, con dolor y malestar. Estos s\u00edntomas similares a los de la gripe son la primera reacci\u00f3n del cuerpo a la infecci\u00f3n por el VIH. Durante esta etapa, hay una gran concentraci\u00f3n del virus en tu organismo, de modo que es f\u00e1cil transmitirlo a otras personas. Los s\u00edntomas desaparecen tras unas semanas y habitualmente no vuelves a tenerlos en a\u00f1os.<\/p>\n<p>&nbsp;<\/p>\n<p><strong>Se\u00f1ales comunes del SIDA<\/strong><\/p>\n<p>&nbsp;<\/p>\n<ul>\n<li>Aftas (un revestimiento espeso y blanco en la lengua o la boca)<\/li>\n<li>Enfermedad p\u00e9lvica inflamatoria cr\u00f3nica<\/li>\n<li>Infecciones graves recurrentes<\/li>\n<li>Protuberancias viol\u00e1ceas en la piel o en la boca<\/li>\n<li>Sangrado de la boca, la nariz, el ano o la vagina<\/li>\n<li>Cansancio persistente, mareos y aturdimiento<\/li>\n<li>Adormecimiento de las manos o los pies<\/li>\n<li>Episodios de tos seca y profunda<\/li>\n<li>Dolores de cabeza<\/li>\n<li>Infecciones graves por hongos<\/li>\n<li>Formaci\u00f3n de hematomas con mucha frecuencia<\/li>\n<li>Diarrea, fiebre, o sudores nocturnos durante mucho tiempo<\/li>\n<li>P\u00e9rdida brusca de peso<\/li>\n<li>Erupciones de la piel<\/li>\n<li>Sensaci\u00f3n de falta de aire<\/li>\n<li>Gl\u00e1ndulas inflamadas o duras en la garganta, las axilas o la ingle<\/li>\n<li>P\u00e9rdida del control sobre los m\u00fasculos y los reflejos, e incapacidad de movimiento<\/li>\n<\/ul>\n<p>&nbsp;<\/p>\n<p><strong>S\u00edntomas tard\u00edos de la infecci\u00f3n por VIH\/SIDA<\/strong><\/p>\n<p>&nbsp;<\/p>\n<p>Es necesario recordar que las \u201cc\u00e9lulas CD4\u201d son los linfocitos\u00a0T4, son gl\u00f3bulos blancos que combaten infecciones y desempe\u00f1an un papel importante en el sistema inmunitario.<\/p>\n<p>&nbsp;<\/p>\n<p>El VIH destruye las c\u00e9lulas del sistema inmunitario llamadas c\u00e9lulas CD4 o c\u00e9lulas T. Sin c\u00e9lulas CD4, a tu organismo se le hace muy dif\u00edcil combatir las enfermedades. Esto te hace m\u00e1s propenso a enfermarte gravemente por infecciones que generalmente no te har\u00edan da\u00f1o. Con el tiempo del tiempo, el da\u00f1o que el VIH causa en tu sistema inmunitario provoca el SIDA.<\/p>\n<p>&nbsp;<\/p>\n<p>Una persona tiene SIDA cuando sufre infecciones raras (denominadas oportunistas), ciertos tipos extra\u00f1os de c\u00e1ncer o tiene un recuento muy bajo de c\u00e9lulas CD4. En general, esto sucede alrededor de 10 a\u00f1os despu\u00e9s de contraer el VIH y no recibir tratamiento. Con tratamiento, la aparici\u00f3n del SIDA puede tardar mucho m\u00e1s.<\/p>\n<p>&nbsp;<\/p>\n<p><strong>\u00bfC\u00f3mo puedo evitar el VIH?<\/strong><\/p>\n<p>&nbsp;<\/p>\n<p>El VIH se propaga a trav\u00e9s del semen, las secreciones vaginales, la sangre y la leche materna. Para protegerse se debe usar cond\u00f3n cada para cada relaci\u00f3n sexual y si en alg\u00fan momento por razones de salud o similares se llega a usar agujas, estas no deben compartirse con nadie. Tambi\u00e9n se puede preguntar al especialista sobre PrPE (p\u00edldoras de profilaxis pre exposici\u00f3n) que es una p\u00edldora de toma diaria que ayuda a prevenir el VIH.<\/p>\n<p>&nbsp;<\/p>\n<p><strong>\u00bfC\u00f3mo evito contagiarme del VIH durante una relaci\u00f3n sexual?<\/strong><\/p>\n<p>&nbsp;<\/p>\n<p>El VIH se contagia a trav\u00e9s del contacto con la sangre o con las secreciones que se expulsan durante una relaci\u00f3n sexual (como el semen y los fluidos vaginales), normalmente durante el sexo vaginal y anal. Por eso, la \u00fanica forma de estar 100% seguros de evitar el contagio es no tener sexo vaginal o anal; sin embargo, existen varios m\u00e9todos de protecci\u00f3n para mantener relaciones sexuales m\u00e1s seguras, pero ninguna ofrece una seguridad de 100% sobre el riesgo de contagio de alguna ETS (Enfermedad de Transmisi\u00f3n Sexual).<\/p>\n<p>&nbsp;<\/p>\n<p>Las siguientes actividades son de \u201criesgo nulo\u201d; es decir, nunca se ha reportado un caso de VIH por hacerlas:<\/p>\n<p>&nbsp;<\/p>\n<ul>\n<li>Tocar los \u00f3rganos genitales de tu pareja<\/li>\n<li>Besarse<\/li>\n<li>Frotarse el cuerpo mutuamente (sexo seco)<\/li>\n<li>Masturbarse<\/li>\n<li>Tener sexo oral con un cond\u00f3n o barrera de l\u00e1tex bucal<\/li>\n<li>Usar juguetes sexuales limpios<\/li>\n<\/ul>\n<p>&nbsp;<\/p>\n<p>Estas actividades son de \u201cbajo riesgo\u201d; es decir, solo se han reportado algunos casos de VIH (entre millones) durante su pr\u00e1ctica:<\/p>\n<p>&nbsp;<\/p>\n<ul>\n<li>Darse besos con la boca abierta si se tiene VIH adem\u00e1s de llagas o sangrado en la boca<\/li>\n<li>Tener sexo anal con cond\u00f3n y\/o PrEP<\/li>\n<li>Sexo oral sin cond\u00f3n ni barrera bucal<\/li>\n<li>Tener sexo vaginal con cond\u00f3n y\/o PrEP<\/li>\n<\/ul>\n<p>&nbsp;<\/p>\n<p>Las siguientes actividades son de \u201calto riesgo\u201d; es decir, millones de personas se contagian del VIH al hacerlas:<\/p>\n<p>&nbsp;<\/p>\n<ul>\n<li>Tener sexo vaginal sin cond\u00f3n o PrEP<\/li>\n<li>Tener sexo anal sin cond\u00f3n o PrEP<\/li>\n<\/ul>\n<p>&nbsp;<\/p>\n<p><strong>\u00bfQu\u00e9 es PrEP?<\/strong><\/p>\n<p>&nbsp;<\/p>\n<p>Es una p\u00edldora que se debe ingerir una vez al d\u00eda para prevenir el VIH. Sin embargo, solo es preventiva; es decir, no es cura para esta enfermedad. Adem\u00e1s, su uso debe ser autorizado por un especialista, quien tras lo an\u00e1lisis correspondientes, determinar\u00e1 si es o no adecuado su consumo.<\/p>\n<p>&nbsp;<\/p>\n<p>Sin embargo, la mayor\u00eda de las personas tienen relaciones sexuales en alg\u00fan momento de su vida, por lo que es importante informarse sobre la prevenci\u00f3n de VIH y el sexo m\u00e1s seguro. El uso de condones <strong>REALMENTE<\/strong> disminuye el riesgo de contagio del VIH. Por lo que, la mejor manera de protegerse es usar cond\u00f3n durante cada relaci\u00f3n sexual.<\/p>\n<p>&nbsp;<\/p>\n<p><strong>\u00bfC\u00f3mo se manifiesta la infecci\u00f3n VIH?<\/strong><\/p>\n<p>&nbsp;<\/p>\n<p>Una vez que el VIH entra en el organismo se producen una serie de fases:<\/p>\n<p>&nbsp;<\/p>\n<p><strong>Etapa 1: Infecci\u00f3n aguda o precoz<\/strong><\/p>\n<p>&nbsp;<\/p>\n<p>Dentro de las 2 a 4 semanas al principio de la infecci\u00f3n por el VIH, en algunos casos, las personas pueden sentirse enfermas como si tuvieran la gripe y esto puede durar algunas semanas. Esta es la respuesta natural del cuerpo a la infecci\u00f3n. Cuando una persona tiene una infecci\u00f3n aguda por el VIH, tiene una gran cantidad de virus en la sangre y se puede transmitir la infecci\u00f3n con mucha facilidad. Pero las personas con infecci\u00f3n aguda a menudo no saben que est\u00e1n infectadas porque podr\u00edan no sentirse mal de inmediato.<\/p>\n<p>&nbsp;<\/p>\n<p><strong>Etapa 2: Fase intermedia o cr\u00f3nica<\/strong><\/p>\n<p>&nbsp;<\/p>\n<p>Durante esta fase, el VIH sigue activo, pero se reproduce a niveles muy bajos, y las personas podr\u00edan no tener ning\u00fan s\u00edntoma ni sentirse enfermas. En las personas que no est\u00e1n tomando ning\u00fan medicamento para tratar el VIH, esta fase podr\u00eda durar varios a\u00f1os; sin embargo, existen personas que pueden pasar m\u00e1s r\u00e1pido por esta etapa.<\/p>\n<p>&nbsp;<\/p>\n<p>Las personas que toman, de la manera correcta, medicamentos para tratar el VIH (Tratamiento Antirretroviral de Gran Actividad &#8211; TARGA) todos los d\u00edas, pueden estar en esta etapa por varias d\u00e9cadas y no desarrollar SIDA. Es importante recordar que todav\u00eda se puede transmitir el VIH durante esta fase, aunque quienes usan y mantienen una carga viral inhibida (o sea, que tienen un nivel de virus muy bajo en la sangre) tienen muchas menos probabilidades de transmitir el virus que aquellas que no tienen una carga viral controlada.<\/p>\n<p>&nbsp;<\/p>\n<p><strong>Etapa 3: Fase avanzada o de SIDA<\/strong><\/p>\n<p>&nbsp;<\/p>\n<p>En esta fase, como consecuencia del grave deterioro del sistema inmunol\u00f3gico, la carga viral es elevada, los CD4 (c\u00e9lulas que forman el sistema inmunitario) est\u00e1n por debajo de 200 copias y surgen las enfermedades oportunistas y\/o neoplasias. En esta fase el VIH est\u00e1 venciendo la batalla y si la persona no es tratada desarrollar\u00e1 enfermedades que le pueden provocar la muerte.<\/p>\n<p>&nbsp;<\/p>\n<p><strong>Preguntas frecuentes sobre hacerse la prueba para el VIH<\/strong><\/p>\n<p>&nbsp;<\/p>\n<p><strong>\u00bfQu\u00e9 es lo mejor de hacerse la prueba de VIH?<\/strong><\/p>\n<p>&nbsp;<\/p>\n<p>En caso de tener VIH, es mejor saberlo cuanto antes para tomar los medicamentos que ayudar\u00e1n a mantenerse saludable y disminuir las posibilidades de transmitir el VIH a otros. De obtener resultados negativos, se genera seguridad, tranquilidad y manifiesta responsabilidad sobre el cuidado de la salud.<\/p>\n<p>&nbsp;<\/p>\n<p><strong>\u00bfC\u00f3mo saber si se tiene VIH?<\/strong><\/p>\n<p>&nbsp;<\/p>\n<p>La \u00fanica manera de saber con seguridad si se tiene VIH es hacerse una prueba, ya que la mayor\u00eda de las personas con VIH no presentan s\u00edntomas durante a\u00f1os. Es recomendable hacerse las pruebas si se tuvo sexo sin protecci\u00f3n. Tambi\u00e9n se debe realizar una prueba si se comparti\u00f3 agujas al hacerte perforaciones o alg\u00fan tatuaje. Si se est\u00e1 embarazada, la prueba debe hacerse en la primera consulta prenatal. Afortunadamente, la prueba de VIH es bastante sencilla e indolora.<\/p>\n<p>&nbsp;<\/p>\n<p><strong>\u00bfC\u00f3mo funcionan los ex\u00e1menes de detecci\u00f3n del VIH?<\/strong><\/p>\n<p>&nbsp;<\/p>\n<p>Cuando se contrae VIH, el sistema inmunitario fabrica anticuerpos que tratan de combatir la infecci\u00f3n. La prueba m\u00e1s com\u00fan de VIH busca esos anticuerpos en la sangre o en las c\u00e9lulas de la mejilla.<\/p>\n<p>&nbsp;<\/p>\n<p>Por lo general, el cuerpo tarda tres meses en fabricar suficiente cantidad de anticuerpos para que puedan detectarse en la prueba, aunque puede demorarse un poco m\u00e1s. Este per\u00edodo durante el que no se detecta la infecci\u00f3n a pesar de ya haberla contra\u00eddo se denomina \u201cperiodo ventana\u201d. Si se hace la prueba durante este periodo, es posible que de negativa, aun cuando se tenga el virus. Durante este periodo tambi\u00e9n se tiene gran probabilidad de transmitir el virus a otras personas.<\/p>\n<p><a href=\"https:\/\/www.eldiario.net\/portal\/wp-content\/uploads\/2021\/08\/Bio-Mas.jpg\"><img loading=\"lazy\" decoding=\"async\" class=\"aligncenter size-large wp-image-22433\" src=\"https:\/\/www.eldiario.net\/portal\/wp-content\/uploads\/2021\/08\/Bio-Mas-1024x686.jpg\" alt=\"\" width=\"1024\" height=\"686\" \/><\/a><\/p>\n<p><a href=\"https:\/\/www.eldiario.net\/portal\/wp-content\/uploads\/2021\/08\/Bio-SIDA-Infografia.jpg\"><img loading=\"lazy\" decoding=\"async\" class=\"aligncenter size-full wp-image-22434\" src=\"https:\/\/www.eldiario.net\/portal\/wp-content\/uploads\/2021\/08\/Bio-SIDA-Infografia.jpg\" alt=\"\" width=\"600\" height=\"429\" \/><\/a><\/p>\n<p><a href=\"https:\/\/www.eldiario.net\/portal\/wp-content\/uploads\/2021\/08\/Bio-VIH.jpg\"><img loading=\"lazy\" decoding=\"async\" class=\"aligncenter size-large wp-image-22435\" src=\"https:\/\/www.eldiario.net\/portal\/wp-content\/uploads\/2021\/08\/Bio-VIH-1024x1024.jpg\" alt=\"\" width=\"1024\" height=\"1024\" \/><\/a><\/p>\n","protected":false},"excerpt":{"rendered":"<p>El virus de la inmunodeficiencia humana (VIH) infecta a las c\u00e9lulas del sistema inmunitario y las destruye o trastorna su funcionamiento, lo que acarrea el deterioro progresivo de dicho sistema produciendo una deficiencia inmunitaria. Se habla de inmunodeficiencia cuando el sistema inmunitario ya no puede cumplir su funci\u00f3n de combatir las infecciones y otras enfermedades. [&hellip;]<\/p>\n","protected":false},"author":1,"featured_media":22432,"comment_status":"closed","ping_status":"closed","sticky":false,"template":"","format":"standard","meta":{"_acf_changed":false,"footnotes":""},"categories":[43],"tags":[],"class_list":["post-22431","post","type-post","status-publish","format-standard","has-post-thumbnail","category-nuevos-horizontes"],"acf":{"antetitulo":""},"yoast_head":"<!-- This site is optimized with the Yoast SEO plugin v28.4 - https:\/\/yoast.com\/product\/yoast-seo-wordpress\/ -->\n<title>Virus de la Inmunodeficiencia Humana VIH - El Diario - Bolivia<\/title>\n<meta name=\"robots\" content=\"index, follow, max-snippet:-1, max-image-preview:large, max-video-preview:-1\" \/>\n<link rel=\"canonical\" href=\"https:\/\/www.eldiario.net\/portal\/2021\/08\/10\/virus-de-la-inmunodeficiencia-humana-vih\/\" \/>\n<meta property=\"og:locale\" content=\"es_ES\" \/>\n<meta property=\"og:type\" content=\"article\" \/>\n<meta property=\"og:title\" content=\"Virus de la Inmunodeficiencia Humana VIH - El Diario - Bolivia\" \/>\n<meta property=\"og:description\" content=\"El virus de la inmunodeficiencia humana (VIH) infecta a las c\u00e9lulas del sistema inmunitario y las destruye o trastorna su funcionamiento, lo que acarrea el deterioro progresivo de dicho sistema produciendo una deficiencia inmunitaria. Se habla de inmunodeficiencia cuando el sistema inmunitario ya no puede cumplir su funci\u00f3n de combatir las infecciones y otras enfermedades. [&hellip;]\" \/>\n<meta property=\"og:url\" content=\"https:\/\/www.eldiario.net\/portal\/2021\/08\/10\/virus-de-la-inmunodeficiencia-humana-vih\/\" \/>\n<meta property=\"og:site_name\" content=\"El Diario - Bolivia\" \/>\n<meta property=\"article:publisher\" content=\"https:\/\/www.facebook.com\/eldiario.bolivia\/\" \/>\n<meta property=\"article:published_time\" content=\"2021-08-10T09:33:05+00:00\" \/>\n<meta property=\"og:image\" content=\"https:\/\/www.eldiario.net\/portal\/wp-content\/uploads\/2021\/08\/Bio-SIDA-scaled-1.jpg\" \/>\n\t<meta property=\"og:image:width\" content=\"2560\" \/>\n\t<meta property=\"og:image:height\" content=\"1810\" \/>\n\t<meta property=\"og:image:type\" content=\"image\/jpeg\" \/>\n<meta name=\"author\" content=\"Jeanette\" \/>\n<meta name=\"twitter:card\" content=\"summary_large_image\" \/>\n<meta name=\"twitter:creator\" content=\"@eldiario_net\" \/>\n<meta name=\"twitter:site\" content=\"@eldiario_net\" \/>\n<meta name=\"twitter:label1\" content=\"Escrito por\" \/>\n\t<meta name=\"twitter:data1\" content=\"Jeanette\" \/>\n\t<meta name=\"twitter:label2\" content=\"Tiempo de lectura\" \/>\n\t<meta name=\"twitter:data2\" content=\"9 minutos\" \/>\n<script type=\"application\/ld+json\" class=\"yoast-schema-graph\">{\"@context\":\"https:\\\/\\\/schema.org\",\"@graph\":[{\"@type\":\"Article\",\"@id\":\"https:\\\/\\\/www.eldiario.net\\\/portal\\\/2021\\\/08\\\/10\\\/virus-de-la-inmunodeficiencia-humana-vih\\\/#article\",\"isPartOf\":{\"@id\":\"https:\\\/\\\/www.eldiario.net\\\/portal\\\/2021\\\/08\\\/10\\\/virus-de-la-inmunodeficiencia-humana-vih\\\/\"},\"author\":{\"name\":\"Jeanette\",\"@id\":\"https:\\\/\\\/www.eldiario.net\\\/portal\\\/#\\\/schema\\\/person\\\/2c57cf2b7a7ae032e449e4c9b1019eac\"},\"headline\":\"Virus de la Inmunodeficiencia Humana VIH\",\"datePublished\":\"2021-08-10T09:33:05+00:00\",\"mainEntityOfPage\":{\"@id\":\"https:\\\/\\\/www.eldiario.net\\\/portal\\\/2021\\\/08\\\/10\\\/virus-de-la-inmunodeficiencia-humana-vih\\\/\"},\"wordCount\":1895,\"publisher\":{\"@id\":\"https:\\\/\\\/www.eldiario.net\\\/portal\\\/#organization\"},\"image\":{\"@id\":\"https:\\\/\\\/www.eldiario.net\\\/portal\\\/2021\\\/08\\\/10\\\/virus-de-la-inmunodeficiencia-humana-vih\\\/#primaryimage\"},\"thumbnailUrl\":\"https:\\\/\\\/www.eldiario.net\\\/portal\\\/wp-content\\\/uploads\\\/2021\\\/08\\\/Bio-SIDA-scaled-1.jpg\",\"articleSection\":[\"Nuevos Horizontes\"],\"inLanguage\":\"es\"},{\"@type\":\"WebPage\",\"@id\":\"https:\\\/\\\/www.eldiario.net\\\/portal\\\/2021\\\/08\\\/10\\\/virus-de-la-inmunodeficiencia-humana-vih\\\/\",\"url\":\"https:\\\/\\\/www.eldiario.net\\\/portal\\\/2021\\\/08\\\/10\\\/virus-de-la-inmunodeficiencia-humana-vih\\\/\",\"name\":\"Virus de la Inmunodeficiencia Humana VIH - El Diario - Bolivia\",\"isPartOf\":{\"@id\":\"https:\\\/\\\/www.eldiario.net\\\/portal\\\/#website\"},\"primaryImageOfPage\":{\"@id\":\"https:\\\/\\\/www.eldiario.net\\\/portal\\\/2021\\\/08\\\/10\\\/virus-de-la-inmunodeficiencia-humana-vih\\\/#primaryimage\"},\"image\":{\"@id\":\"https:\\\/\\\/www.eldiario.net\\\/portal\\\/2021\\\/08\\\/10\\\/virus-de-la-inmunodeficiencia-humana-vih\\\/#primaryimage\"},\"thumbnailUrl\":\"https:\\\/\\\/www.eldiario.net\\\/portal\\\/wp-content\\\/uploads\\\/2021\\\/08\\\/Bio-SIDA-scaled-1.jpg\",\"datePublished\":\"2021-08-10T09:33:05+00:00\",\"breadcrumb\":{\"@id\":\"https:\\\/\\\/www.eldiario.net\\\/portal\\\/2021\\\/08\\\/10\\\/virus-de-la-inmunodeficiencia-humana-vih\\\/#breadcrumb\"},\"inLanguage\":\"es\",\"potentialAction\":[{\"@type\":\"ReadAction\",\"target\":[\"https:\\\/\\\/www.eldiario.net\\\/portal\\\/2021\\\/08\\\/10\\\/virus-de-la-inmunodeficiencia-humana-vih\\\/\"]}]},{\"@type\":\"ImageObject\",\"inLanguage\":\"es\",\"@id\":\"https:\\\/\\\/www.eldiario.net\\\/portal\\\/2021\\\/08\\\/10\\\/virus-de-la-inmunodeficiencia-humana-vih\\\/#primaryimage\",\"url\":\"https:\\\/\\\/www.eldiario.net\\\/portal\\\/wp-content\\\/uploads\\\/2021\\\/08\\\/Bio-SIDA-scaled-1.jpg\",\"contentUrl\":\"https:\\\/\\\/www.eldiario.net\\\/portal\\\/wp-content\\\/uploads\\\/2021\\\/08\\\/Bio-SIDA-scaled-1.jpg\",\"width\":2560,\"height\":1810},{\"@type\":\"BreadcrumbList\",\"@id\":\"https:\\\/\\\/www.eldiario.net\\\/portal\\\/2021\\\/08\\\/10\\\/virus-de-la-inmunodeficiencia-humana-vih\\\/#breadcrumb\",\"itemListElement\":[{\"@type\":\"ListItem\",\"position\":1,\"name\":\"Portada\",\"item\":\"https:\\\/\\\/www.eldiario.net\\\/portal\\\/\"},{\"@type\":\"ListItem\",\"position\":2,\"name\":\"Virus de la Inmunodeficiencia Humana VIH\"}]},{\"@type\":\"WebSite\",\"@id\":\"https:\\\/\\\/www.eldiario.net\\\/portal\\\/#website\",\"url\":\"https:\\\/\\\/www.eldiario.net\\\/portal\\\/\",\"name\":\"El Diario - Decano de la prensa nacional\",\"description\":\"El Diario - Decano de la prensa nacional\",\"publisher\":{\"@id\":\"https:\\\/\\\/www.eldiario.net\\\/portal\\\/#organization\"},\"potentialAction\":[{\"@type\":\"SearchAction\",\"target\":{\"@type\":\"EntryPoint\",\"urlTemplate\":\"https:\\\/\\\/www.eldiario.net\\\/portal\\\/?s={search_term_string}\"},\"query-input\":{\"@type\":\"PropertyValueSpecification\",\"valueRequired\":true,\"valueName\":\"search_term_string\"}}],\"inLanguage\":\"es\"},{\"@type\":\"Organization\",\"@id\":\"https:\\\/\\\/www.eldiario.net\\\/portal\\\/#organization\",\"name\":\"El Diario - Decano de la prensa nacional\",\"url\":\"https:\\\/\\\/www.eldiario.net\\\/portal\\\/\",\"logo\":{\"@type\":\"ImageObject\",\"inLanguage\":\"es\",\"@id\":\"https:\\\/\\\/www.eldiario.net\\\/portal\\\/#\\\/schema\\\/logo\\\/image\\\/\",\"url\":\"https:\\\/\\\/www.eldiario.net\\\/portal\\\/wp-content\\\/uploads\\\/2023\\\/07\\\/logo_ED.jpg\",\"contentUrl\":\"https:\\\/\\\/www.eldiario.net\\\/portal\\\/wp-content\\\/uploads\\\/2023\\\/07\\\/logo_ED.jpg\",\"width\":272,\"height\":52,\"caption\":\"El Diario - Decano de la prensa nacional\"},\"image\":{\"@id\":\"https:\\\/\\\/www.eldiario.net\\\/portal\\\/#\\\/schema\\\/logo\\\/image\\\/\"},\"sameAs\":[\"https:\\\/\\\/www.facebook.com\\\/eldiario.bolivia\\\/\",\"https:\\\/\\\/x.com\\\/eldiario_net\"]},{\"@type\":\"Person\",\"@id\":\"https:\\\/\\\/www.eldiario.net\\\/portal\\\/#\\\/schema\\\/person\\\/2c57cf2b7a7ae032e449e4c9b1019eac\",\"name\":\"Jeanette\",\"image\":{\"@type\":\"ImageObject\",\"inLanguage\":\"es\",\"@id\":\"https:\\\/\\\/secure.gravatar.com\\\/avatar\\\/3ea2118a5f7dad2b7138b1187a6b7ee55f160b9968b66013c3a3ef39dd7e5798?s=96&d=mm&r=g\",\"url\":\"https:\\\/\\\/secure.gravatar.com\\\/avatar\\\/3ea2118a5f7dad2b7138b1187a6b7ee55f160b9968b66013c3a3ef39dd7e5798?s=96&d=mm&r=g\",\"contentUrl\":\"https:\\\/\\\/secure.gravatar.com\\\/avatar\\\/3ea2118a5f7dad2b7138b1187a6b7ee55f160b9968b66013c3a3ef39dd7e5798?s=96&d=mm&r=g\",\"caption\":\"Jeanette\"},\"sameAs\":[\"https:\\\/\\\/www.eldiario.net\\\/portal\"],\"url\":\"https:\\\/\\\/www.eldiario.net\\\/portal\\\/author\\\/jeanette\\\/\"}]}<\/script>\n<!-- \/ Yoast SEO plugin. -->","yoast_head_json":{"title":"Virus de la Inmunodeficiencia Humana VIH - El Diario - Bolivia","robots":{"index":"index","follow":"follow","max-snippet":"max-snippet:-1","max-image-preview":"max-image-preview:large","max-video-preview":"max-video-preview:-1"},"canonical":"https:\/\/www.eldiario.net\/portal\/2021\/08\/10\/virus-de-la-inmunodeficiencia-humana-vih\/","og_locale":"es_ES","og_type":"article","og_title":"Virus de la Inmunodeficiencia Humana VIH - El Diario - Bolivia","og_description":"El virus de la inmunodeficiencia humana (VIH) infecta a las c\u00e9lulas del sistema inmunitario y las destruye o trastorna su funcionamiento, lo que acarrea el deterioro progresivo de dicho sistema produciendo una deficiencia inmunitaria. Se habla de inmunodeficiencia cuando el sistema inmunitario ya no puede cumplir su funci\u00f3n de combatir las infecciones y otras enfermedades. [&hellip;]","og_url":"https:\/\/www.eldiario.net\/portal\/2021\/08\/10\/virus-de-la-inmunodeficiencia-humana-vih\/","og_site_name":"El Diario - Bolivia","article_publisher":"https:\/\/www.facebook.com\/eldiario.bolivia\/","article_published_time":"2021-08-10T09:33:05+00:00","og_image":[{"width":2560,"height":1810,"url":"https:\/\/www.eldiario.net\/portal\/wp-content\/uploads\/2021\/08\/Bio-SIDA-scaled-1.jpg","type":"image\/jpeg"}],"author":"Jeanette","twitter_card":"summary_large_image","twitter_creator":"@eldiario_net","twitter_site":"@eldiario_net","twitter_misc":{"Escrito por":"Jeanette","Tiempo de lectura":"9 minutos"},"schema":{"@context":"https:\/\/schema.org","@graph":[{"@type":"Article","@id":"https:\/\/www.eldiario.net\/portal\/2021\/08\/10\/virus-de-la-inmunodeficiencia-humana-vih\/#article","isPartOf":{"@id":"https:\/\/www.eldiario.net\/portal\/2021\/08\/10\/virus-de-la-inmunodeficiencia-humana-vih\/"},"author":{"name":"Jeanette","@id":"https:\/\/www.eldiario.net\/portal\/#\/schema\/person\/2c57cf2b7a7ae032e449e4c9b1019eac"},"headline":"Virus de la Inmunodeficiencia Humana VIH","datePublished":"2021-08-10T09:33:05+00:00","mainEntityOfPage":{"@id":"https:\/\/www.eldiario.net\/portal\/2021\/08\/10\/virus-de-la-inmunodeficiencia-humana-vih\/"},"wordCount":1895,"publisher":{"@id":"https:\/\/www.eldiario.net\/portal\/#organization"},"image":{"@id":"https:\/\/www.eldiario.net\/portal\/2021\/08\/10\/virus-de-la-inmunodeficiencia-humana-vih\/#primaryimage"},"thumbnailUrl":"https:\/\/www.eldiario.net\/portal\/wp-content\/uploads\/2021\/08\/Bio-SIDA-scaled-1.jpg","articleSection":["Nuevos Horizontes"],"inLanguage":"es"},{"@type":"WebPage","@id":"https:\/\/www.eldiario.net\/portal\/2021\/08\/10\/virus-de-la-inmunodeficiencia-humana-vih\/","url":"https:\/\/www.eldiario.net\/portal\/2021\/08\/10\/virus-de-la-inmunodeficiencia-humana-vih\/","name":"Virus de la Inmunodeficiencia Humana VIH - El Diario - Bolivia","isPartOf":{"@id":"https:\/\/www.eldiario.net\/portal\/#website"},"primaryImageOfPage":{"@id":"https:\/\/www.eldiario.net\/portal\/2021\/08\/10\/virus-de-la-inmunodeficiencia-humana-vih\/#primaryimage"},"image":{"@id":"https:\/\/www.eldiario.net\/portal\/2021\/08\/10\/virus-de-la-inmunodeficiencia-humana-vih\/#primaryimage"},"thumbnailUrl":"https:\/\/www.eldiario.net\/portal\/wp-content\/uploads\/2021\/08\/Bio-SIDA-scaled-1.jpg","datePublished":"2021-08-10T09:33:05+00:00","breadcrumb":{"@id":"https:\/\/www.eldiario.net\/portal\/2021\/08\/10\/virus-de-la-inmunodeficiencia-humana-vih\/#breadcrumb"},"inLanguage":"es","potentialAction":[{"@type":"ReadAction","target":["https:\/\/www.eldiario.net\/portal\/2021\/08\/10\/virus-de-la-inmunodeficiencia-humana-vih\/"]}]},{"@type":"ImageObject","inLanguage":"es","@id":"https:\/\/www.eldiario.net\/portal\/2021\/08\/10\/virus-de-la-inmunodeficiencia-humana-vih\/#primaryimage","url":"https:\/\/www.eldiario.net\/portal\/wp-content\/uploads\/2021\/08\/Bio-SIDA-scaled-1.jpg","contentUrl":"https:\/\/www.eldiario.net\/portal\/wp-content\/uploads\/2021\/08\/Bio-SIDA-scaled-1.jpg","width":2560,"height":1810},{"@type":"BreadcrumbList","@id":"https:\/\/www.eldiario.net\/portal\/2021\/08\/10\/virus-de-la-inmunodeficiencia-humana-vih\/#breadcrumb","itemListElement":[{"@type":"ListItem","position":1,"name":"Portada","item":"https:\/\/www.eldiario.net\/portal\/"},{"@type":"ListItem","position":2,"name":"Virus de la Inmunodeficiencia Humana VIH"}]},{"@type":"WebSite","@id":"https:\/\/www.eldiario.net\/portal\/#website","url":"https:\/\/www.eldiario.net\/portal\/","name":"El Diario - Decano de la prensa nacional","description":"El Diario - Decano de la prensa nacional","publisher":{"@id":"https:\/\/www.eldiario.net\/portal\/#organization"},"potentialAction":[{"@type":"SearchAction","target":{"@type":"EntryPoint","urlTemplate":"https:\/\/www.eldiario.net\/portal\/?s={search_term_string}"},"query-input":{"@type":"PropertyValueSpecification","valueRequired":true,"valueName":"search_term_string"}}],"inLanguage":"es"},{"@type":"Organization","@id":"https:\/\/www.eldiario.net\/portal\/#organization","name":"El Diario - Decano de la prensa nacional","url":"https:\/\/www.eldiario.net\/portal\/","logo":{"@type":"ImageObject","inLanguage":"es","@id":"https:\/\/www.eldiario.net\/portal\/#\/schema\/logo\/image\/","url":"https:\/\/www.eldiario.net\/portal\/wp-content\/uploads\/2023\/07\/logo_ED.jpg","contentUrl":"https:\/\/www.eldiario.net\/portal\/wp-content\/uploads\/2023\/07\/logo_ED.jpg","width":272,"height":52,"caption":"El Diario - Decano de la prensa nacional"},"image":{"@id":"https:\/\/www.eldiario.net\/portal\/#\/schema\/logo\/image\/"},"sameAs":["https:\/\/www.facebook.com\/eldiario.bolivia\/","https:\/\/x.com\/eldiario_net"]},{"@type":"Person","@id":"https:\/\/www.eldiario.net\/portal\/#\/schema\/person\/2c57cf2b7a7ae032e449e4c9b1019eac","name":"Jeanette","image":{"@type":"ImageObject","inLanguage":"es","@id":"https:\/\/secure.gravatar.com\/avatar\/3ea2118a5f7dad2b7138b1187a6b7ee55f160b9968b66013c3a3ef39dd7e5798?s=96&d=mm&r=g","url":"https:\/\/secure.gravatar.com\/avatar\/3ea2118a5f7dad2b7138b1187a6b7ee55f160b9968b66013c3a3ef39dd7e5798?s=96&d=mm&r=g","contentUrl":"https:\/\/secure.gravatar.com\/avatar\/3ea2118a5f7dad2b7138b1187a6b7ee55f160b9968b66013c3a3ef39dd7e5798?s=96&d=mm&r=g","caption":"Jeanette"},"sameAs":["https:\/\/www.eldiario.net\/portal"],"url":"https:\/\/www.eldiario.net\/portal\/author\/jeanette\/"}]}},"_links":{"self":[{"href":"https:\/\/www.eldiario.net\/portal\/wp-json\/wp\/v2\/posts\/22431","targetHints":{"allow":["GET"]}}],"collection":[{"href":"https:\/\/www.eldiario.net\/portal\/wp-json\/wp\/v2\/posts"}],"about":[{"href":"https:\/\/www.eldiario.net\/portal\/wp-json\/wp\/v2\/types\/post"}],"author":[{"embeddable":true,"href":"https:\/\/www.eldiario.net\/portal\/wp-json\/wp\/v2\/users\/1"}],"replies":[{"embeddable":true,"href":"https:\/\/www.eldiario.net\/portal\/wp-json\/wp\/v2\/comments?post=22431"}],"version-history":[{"count":0,"href":"https:\/\/www.eldiario.net\/portal\/wp-json\/wp\/v2\/posts\/22431\/revisions"}],"wp:featuredmedia":[{"embeddable":true,"href":"https:\/\/www.eldiario.net\/portal\/wp-json\/wp\/v2\/media\/22432"}],"wp:attachment":[{"href":"https:\/\/www.eldiario.net\/portal\/wp-json\/wp\/v2\/media?parent=22431"}],"wp:term":[{"taxonomy":"category","embeddable":true,"href":"https:\/\/www.eldiario.net\/portal\/wp-json\/wp\/v2\/categories?post=22431"},{"taxonomy":"post_tag","embeddable":true,"href":"https:\/\/www.eldiario.net\/portal\/wp-json\/wp\/v2\/tags?post=22431"}],"curies":[{"name":"wp","href":"https:\/\/api.w.org\/{rel}","templated":true}]}}