{"id":224202,"date":"2024-06-01T06:52:07","date_gmt":"2024-06-01T10:52:07","guid":{"rendered":"https:\/\/www.eldiario.net\/portal\/?p=224202"},"modified":"2024-06-01T06:52:07","modified_gmt":"2024-06-01T10:52:07","slug":"siete-muertos-tras-colision-en-via-la-paz-copacabana","status":"publish","type":"post","link":"https:\/\/www.eldiario.net\/portal\/2024\/06\/01\/siete-muertos-tras-colision-en-via-la-paz-copacabana\/","title":{"rendered":"Siete muertos tras colisi\u00f3n en v\u00eda La Paz-Copacabana"},"content":{"rendered":"<p>Un hecho de tr\u00e1nsito se registr\u00f3 ayer en horas de la madrugada en la localidad de Vilaque, en la carretera La Paz-Copacabana, cuando un bus con pasajeros colision\u00f3 de frente contra una volqueta que habr\u00eda invadido carril, dejando un lamentable saldo de siete personas fallecidas y cinco heridos.<br \/>\nDe acuerdo con la Polic\u00eda, el impacto ocurri\u00f3 ayer alrededor de las 06:20 a unos kil\u00f3metros de la tranca de Coripata, en el sector denominado Vilaque, por una aparente invasi\u00f3n de carril por parte de la volqueta, cuyo conductor no advirti\u00f3 al bus que se aproximaba en sentido contrario, seg\u00fan inform\u00f3 el director departamental de Tr\u00e1nsito, Jes\u00fas Bejarano.<br \/>\n\u201cUna volqueta habr\u00eda ingresado en contrarruta, en contrasentido,\u00a0habr\u00eda invadido carril sobre la v\u00eda\u00a0en la que estaba viniendo un bus de servicio p\u00fablico con pasajeros. Esta volqueta, al ingresar en contrarruta, llega a colisionar violenta y frontalmente contra el bus\u201d, inform\u00f3 el jefe policial.<br \/>\nBejarano confirm\u00f3 la lamentable cifra de siete personas fallecidas y al menos cinco heridos; asimismo, indic\u00f3 que iniciaron las investigaciones para esclarecer el hecho.<br \/>\nSe realiz\u00f3 el levantamiento de los cuerpos por parte de las autoridades. En cuanto a los heridos, estos fueron evacuados al Hospital del Norte de la ciudad de El Alto y otros nosocomios. Uno de ellos permanece en estado cr\u00edtico.<br \/>\nInicialmente, ayer se inform\u00f3 que la cifra de fallecidos era seis, pues hab\u00eda algunos heridos que quedaron en estado cr\u00edtico. No obstante, el s\u00e9ptimo deceso se confirm\u00f3 alrededor del mediod\u00eda.<br \/>\nEl lugar del siniestro conecta a El Alto con localidades como Tiquina y Copacabana, ubicadas a orillas del lago Titicaca.<br \/>\nBejarano remarc\u00f3 la recomendaci\u00f3n de no realizar este tipo de \u201cmaniobras prohibidas e invasivas\u201d en carretera, pues suponen un alto riesgo de producir hechos lamentables como este. La mayor\u00eda de colisiones frontales ocasionan numerosas p\u00e9rdidas humanas por la violencia y gravedad del impacto.<\/p>\n","protected":false},"excerpt":{"rendered":"<p>Un hecho de tr\u00e1nsito se registr\u00f3 ayer en horas de la madrugada en la localidad de Vilaque, en la carretera La Paz-Copacabana, cuando un bus con pasajeros colision\u00f3 de frente contra una volqueta que habr\u00eda invadido carril, dejando un lamentable saldo de siete personas fallecidas y cinco heridos. De acuerdo con la Polic\u00eda, el impacto [&hellip;]<\/p>\n","protected":false},"author":1,"featured_media":224203,"comment_status":"open","ping_status":"open","sticky":false,"template":"","format":"standard","meta":{"_acf_changed":false,"footnotes":""},"categories":[39],"tags":[],"class_list":["post-224202","post","type-post","status-publish","format-standard","has-post-thumbnail","category-sociedad"],"acf":{"antetitulo":"Fatal accidente"},"yoast_head":"<!-- This site is optimized with the Yoast SEO plugin v28.4 - https:\/\/yoast.com\/product\/yoast-seo-wordpress\/ -->\n<title>Siete muertos tras colisi\u00f3n en v\u00eda La Paz-Copacabana - El Diario - Bolivia<\/title>\n<meta name=\"robots\" content=\"index, follow, max-snippet:-1, max-image-preview:large, max-video-preview:-1\" \/>\n<link rel=\"canonical\" href=\"https:\/\/www.eldiario.net\/portal\/2024\/06\/01\/siete-muertos-tras-colision-en-via-la-paz-copacabana\/\" \/>\n<meta property=\"og:locale\" content=\"es_ES\" \/>\n<meta property=\"og:type\" content=\"article\" \/>\n<meta property=\"og:title\" content=\"Siete muertos tras colisi\u00f3n en v\u00eda La Paz-Copacabana - El Diario - Bolivia\" \/>\n<meta property=\"og:description\" content=\"Un hecho de tr\u00e1nsito se registr\u00f3 ayer en horas de la madrugada en la localidad de Vilaque, en la carretera La Paz-Copacabana, cuando un bus con pasajeros colision\u00f3 de frente contra una volqueta que habr\u00eda invadido carril, dejando un lamentable saldo de siete personas fallecidas y cinco heridos. De acuerdo con la Polic\u00eda, el impacto [&hellip;]\" \/>\n<meta property=\"og:url\" content=\"https:\/\/www.eldiario.net\/portal\/2024\/06\/01\/siete-muertos-tras-colision-en-via-la-paz-copacabana\/\" \/>\n<meta property=\"og:site_name\" content=\"El Diario - Bolivia\" \/>\n<meta property=\"article:publisher\" content=\"https:\/\/www.facebook.com\/eldiario.bolivia\/\" \/>\n<meta property=\"article:published_time\" content=\"2024-06-01T10:52:07+00:00\" \/>\n<meta property=\"og:image\" content=\"https:\/\/www.eldiario.net\/portal\/wp-content\/uploads\/2024\/06\/1-COPA.jpg\" \/>\n\t<meta property=\"og:image:width\" content=\"720\" \/>\n\t<meta property=\"og:image:height\" content=\"459\" \/>\n\t<meta property=\"og:image:type\" content=\"image\/jpeg\" \/>\n<meta name=\"author\" content=\"Jeanette\" \/>\n<meta name=\"twitter:card\" content=\"summary_large_image\" \/>\n<meta name=\"twitter:creator\" content=\"@eldiario_net\" \/>\n<meta name=\"twitter:site\" content=\"@eldiario_net\" \/>\n<meta name=\"twitter:label1\" content=\"Escrito por\" \/>\n\t<meta name=\"twitter:data1\" content=\"Jeanette\" \/>\n\t<meta name=\"twitter:label2\" content=\"Tiempo de lectura\" \/>\n\t<meta name=\"twitter:data2\" content=\"2 minutos\" \/>\n<script type=\"application\/ld+json\" class=\"yoast-schema-graph\">{\"@context\":\"https:\\\/\\\/schema.org\",\"@graph\":[{\"@type\":\"Article\",\"@id\":\"https:\\\/\\\/www.eldiario.net\\\/portal\\\/2024\\\/06\\\/01\\\/siete-muertos-tras-colision-en-via-la-paz-copacabana\\\/#article\",\"isPartOf\":{\"@id\":\"https:\\\/\\\/www.eldiario.net\\\/portal\\\/2024\\\/06\\\/01\\\/siete-muertos-tras-colision-en-via-la-paz-copacabana\\\/\"},\"author\":{\"name\":\"Jeanette\",\"@id\":\"https:\\\/\\\/www.eldiario.net\\\/portal\\\/#\\\/schema\\\/person\\\/f46445640444750d7d753ccd04ae01b7\"},\"headline\":\"Siete muertos tras colisi\u00f3n en v\u00eda La Paz-Copacabana\",\"datePublished\":\"2024-06-01T10:52:07+00:00\",\"mainEntityOfPage\":{\"@id\":\"https:\\\/\\\/www.eldiario.net\\\/portal\\\/2024\\\/06\\\/01\\\/siete-muertos-tras-colision-en-via-la-paz-copacabana\\\/\"},\"wordCount\":337,\"commentCount\":0,\"publisher\":{\"@id\":\"https:\\\/\\\/www.eldiario.net\\\/portal\\\/#organization\"},\"image\":{\"@id\":\"https:\\\/\\\/www.eldiario.net\\\/portal\\\/2024\\\/06\\\/01\\\/siete-muertos-tras-colision-en-via-la-paz-copacabana\\\/#primaryimage\"},\"thumbnailUrl\":\"https:\\\/\\\/www.eldiario.net\\\/portal\\\/wp-content\\\/uploads\\\/2024\\\/06\\\/1-COPA.jpg\",\"articleSection\":[\"Sociedad - Seguridad\"],\"inLanguage\":\"es\",\"potentialAction\":[{\"@type\":\"CommentAction\",\"name\":\"Comment\",\"target\":[\"https:\\\/\\\/www.eldiario.net\\\/portal\\\/2024\\\/06\\\/01\\\/siete-muertos-tras-colision-en-via-la-paz-copacabana\\\/#respond\"]}]},{\"@type\":\"WebPage\",\"@id\":\"https:\\\/\\\/www.eldiario.net\\\/portal\\\/2024\\\/06\\\/01\\\/siete-muertos-tras-colision-en-via-la-paz-copacabana\\\/\",\"url\":\"https:\\\/\\\/www.eldiario.net\\\/portal\\\/2024\\\/06\\\/01\\\/siete-muertos-tras-colision-en-via-la-paz-copacabana\\\/\",\"name\":\"Siete muertos tras colisi\u00f3n en v\u00eda La Paz-Copacabana - El Diario - Bolivia\",\"isPartOf\":{\"@id\":\"https:\\\/\\\/www.eldiario.net\\\/portal\\\/#website\"},\"primaryImageOfPage\":{\"@id\":\"https:\\\/\\\/www.eldiario.net\\\/portal\\\/2024\\\/06\\\/01\\\/siete-muertos-tras-colision-en-via-la-paz-copacabana\\\/#primaryimage\"},\"image\":{\"@id\":\"https:\\\/\\\/www.eldiario.net\\\/portal\\\/2024\\\/06\\\/01\\\/siete-muertos-tras-colision-en-via-la-paz-copacabana\\\/#primaryimage\"},\"thumbnailUrl\":\"https:\\\/\\\/www.eldiario.net\\\/portal\\\/wp-content\\\/uploads\\\/2024\\\/06\\\/1-COPA.jpg\",\"datePublished\":\"2024-06-01T10:52:07+00:00\",\"breadcrumb\":{\"@id\":\"https:\\\/\\\/www.eldiario.net\\\/portal\\\/2024\\\/06\\\/01\\\/siete-muertos-tras-colision-en-via-la-paz-copacabana\\\/#breadcrumb\"},\"inLanguage\":\"es\",\"potentialAction\":[{\"@type\":\"ReadAction\",\"target\":[\"https:\\\/\\\/www.eldiario.net\\\/portal\\\/2024\\\/06\\\/01\\\/siete-muertos-tras-colision-en-via-la-paz-copacabana\\\/\"]}]},{\"@type\":\"ImageObject\",\"inLanguage\":\"es\",\"@id\":\"https:\\\/\\\/www.eldiario.net\\\/portal\\\/2024\\\/06\\\/01\\\/siete-muertos-tras-colision-en-via-la-paz-copacabana\\\/#primaryimage\",\"url\":\"https:\\\/\\\/www.eldiario.net\\\/portal\\\/wp-content\\\/uploads\\\/2024\\\/06\\\/1-COPA.jpg\",\"contentUrl\":\"https:\\\/\\\/www.eldiario.net\\\/portal\\\/wp-content\\\/uploads\\\/2024\\\/06\\\/1-COPA.jpg\",\"width\":720,\"height\":459,\"caption\":\"Restos del bus que sufri\u00f3 un choque frontal con una volqueta.\"},{\"@type\":\"BreadcrumbList\",\"@id\":\"https:\\\/\\\/www.eldiario.net\\\/portal\\\/2024\\\/06\\\/01\\\/siete-muertos-tras-colision-en-via-la-paz-copacabana\\\/#breadcrumb\",\"itemListElement\":[{\"@type\":\"ListItem\",\"position\":1,\"name\":\"Portada\",\"item\":\"https:\\\/\\\/www.eldiario.net\\\/portal\\\/\"},{\"@type\":\"ListItem\",\"position\":2,\"name\":\"Siete muertos tras colisi\u00f3n en v\u00eda La Paz-Copacabana\"}]},{\"@type\":\"WebSite\",\"@id\":\"https:\\\/\\\/www.eldiario.net\\\/portal\\\/#website\",\"url\":\"https:\\\/\\\/www.eldiario.net\\\/portal\\\/\",\"name\":\"El Diario - Decano de la prensa nacional\",\"description\":\"El Diario - Decano de la prensa nacional\",\"publisher\":{\"@id\":\"https:\\\/\\\/www.eldiario.net\\\/portal\\\/#organization\"},\"potentialAction\":[{\"@type\":\"SearchAction\",\"target\":{\"@type\":\"EntryPoint\",\"urlTemplate\":\"https:\\\/\\\/www.eldiario.net\\\/portal\\\/?s={search_term_string}\"},\"query-input\":{\"@type\":\"PropertyValueSpecification\",\"valueRequired\":true,\"valueName\":\"search_term_string\"}}],\"inLanguage\":\"es\"},{\"@type\":\"Organization\",\"@id\":\"https:\\\/\\\/www.eldiario.net\\\/portal\\\/#organization\",\"name\":\"El Diario - Decano de la prensa nacional\",\"url\":\"https:\\\/\\\/www.eldiario.net\\\/portal\\\/\",\"logo\":{\"@type\":\"ImageObject\",\"inLanguage\":\"es\",\"@id\":\"https:\\\/\\\/www.eldiario.net\\\/portal\\\/#\\\/schema\\\/logo\\\/image\\\/\",\"url\":\"https:\\\/\\\/www.eldiario.net\\\/portal\\\/wp-content\\\/uploads\\\/2023\\\/07\\\/logo_ED.jpg\",\"contentUrl\":\"https:\\\/\\\/www.eldiario.net\\\/portal\\\/wp-content\\\/uploads\\\/2023\\\/07\\\/logo_ED.jpg\",\"width\":272,\"height\":52,\"caption\":\"El Diario - Decano de la prensa nacional\"},\"image\":{\"@id\":\"https:\\\/\\\/www.eldiario.net\\\/portal\\\/#\\\/schema\\\/logo\\\/image\\\/\"},\"sameAs\":[\"https:\\\/\\\/www.facebook.com\\\/eldiario.bolivia\\\/\",\"https:\\\/\\\/x.com\\\/eldiario_net\"]},{\"@type\":\"Person\",\"@id\":\"https:\\\/\\\/www.eldiario.net\\\/portal\\\/#\\\/schema\\\/person\\\/f46445640444750d7d753ccd04ae01b7\",\"name\":\"Jeanette\",\"image\":{\"@type\":\"ImageObject\",\"inLanguage\":\"es\",\"@id\":\"https:\\\/\\\/secure.gravatar.com\\\/avatar\\\/3ea2118a5f7dad2b7138b1187a6b7ee55f160b9968b66013c3a3ef39dd7e5798?s=96&d=mm&r=g\",\"url\":\"https:\\\/\\\/secure.gravatar.com\\\/avatar\\\/3ea2118a5f7dad2b7138b1187a6b7ee55f160b9968b66013c3a3ef39dd7e5798?s=96&d=mm&r=g\",\"contentUrl\":\"https:\\\/\\\/secure.gravatar.com\\\/avatar\\\/3ea2118a5f7dad2b7138b1187a6b7ee55f160b9968b66013c3a3ef39dd7e5798?s=96&d=mm&r=g\",\"caption\":\"Jeanette\"},\"sameAs\":[\"https:\\\/\\\/www.eldiario.net\\\/portal\"],\"url\":\"https:\\\/\\\/www.eldiario.net\\\/portal\\\/author\\\/jeanette\\\/\"}]}<\/script>\n<!-- \/ Yoast SEO plugin. -->","yoast_head_json":{"title":"Siete muertos tras colisi\u00f3n en v\u00eda La Paz-Copacabana - El Diario - Bolivia","robots":{"index":"index","follow":"follow","max-snippet":"max-snippet:-1","max-image-preview":"max-image-preview:large","max-video-preview":"max-video-preview:-1"},"canonical":"https:\/\/www.eldiario.net\/portal\/2024\/06\/01\/siete-muertos-tras-colision-en-via-la-paz-copacabana\/","og_locale":"es_ES","og_type":"article","og_title":"Siete muertos tras colisi\u00f3n en v\u00eda La Paz-Copacabana - El Diario - Bolivia","og_description":"Un hecho de tr\u00e1nsito se registr\u00f3 ayer en horas de la madrugada en la localidad de Vilaque, en la carretera La Paz-Copacabana, cuando un bus con pasajeros colision\u00f3 de frente contra una volqueta que habr\u00eda invadido carril, dejando un lamentable saldo de siete personas fallecidas y cinco heridos. De acuerdo con la Polic\u00eda, el impacto [&hellip;]","og_url":"https:\/\/www.eldiario.net\/portal\/2024\/06\/01\/siete-muertos-tras-colision-en-via-la-paz-copacabana\/","og_site_name":"El Diario - Bolivia","article_publisher":"https:\/\/www.facebook.com\/eldiario.bolivia\/","article_published_time":"2024-06-01T10:52:07+00:00","og_image":[{"width":720,"height":459,"url":"https:\/\/www.eldiario.net\/portal\/wp-content\/uploads\/2024\/06\/1-COPA.jpg","type":"image\/jpeg"}],"author":"Jeanette","twitter_card":"summary_large_image","twitter_creator":"@eldiario_net","twitter_site":"@eldiario_net","twitter_misc":{"Escrito por":"Jeanette","Tiempo de lectura":"2 minutos"},"schema":{"@context":"https:\/\/schema.org","@graph":[{"@type":"Article","@id":"https:\/\/www.eldiario.net\/portal\/2024\/06\/01\/siete-muertos-tras-colision-en-via-la-paz-copacabana\/#article","isPartOf":{"@id":"https:\/\/www.eldiario.net\/portal\/2024\/06\/01\/siete-muertos-tras-colision-en-via-la-paz-copacabana\/"},"author":{"name":"Jeanette","@id":"https:\/\/www.eldiario.net\/portal\/#\/schema\/person\/f46445640444750d7d753ccd04ae01b7"},"headline":"Siete muertos tras colisi\u00f3n en v\u00eda La Paz-Copacabana","datePublished":"2024-06-01T10:52:07+00:00","mainEntityOfPage":{"@id":"https:\/\/www.eldiario.net\/portal\/2024\/06\/01\/siete-muertos-tras-colision-en-via-la-paz-copacabana\/"},"wordCount":337,"commentCount":0,"publisher":{"@id":"https:\/\/www.eldiario.net\/portal\/#organization"},"image":{"@id":"https:\/\/www.eldiario.net\/portal\/2024\/06\/01\/siete-muertos-tras-colision-en-via-la-paz-copacabana\/#primaryimage"},"thumbnailUrl":"https:\/\/www.eldiario.net\/portal\/wp-content\/uploads\/2024\/06\/1-COPA.jpg","articleSection":["Sociedad - Seguridad"],"inLanguage":"es","potentialAction":[{"@type":"CommentAction","name":"Comment","target":["https:\/\/www.eldiario.net\/portal\/2024\/06\/01\/siete-muertos-tras-colision-en-via-la-paz-copacabana\/#respond"]}]},{"@type":"WebPage","@id":"https:\/\/www.eldiario.net\/portal\/2024\/06\/01\/siete-muertos-tras-colision-en-via-la-paz-copacabana\/","url":"https:\/\/www.eldiario.net\/portal\/2024\/06\/01\/siete-muertos-tras-colision-en-via-la-paz-copacabana\/","name":"Siete muertos tras colisi\u00f3n en v\u00eda La Paz-Copacabana - El Diario - Bolivia","isPartOf":{"@id":"https:\/\/www.eldiario.net\/portal\/#website"},"primaryImageOfPage":{"@id":"https:\/\/www.eldiario.net\/portal\/2024\/06\/01\/siete-muertos-tras-colision-en-via-la-paz-copacabana\/#primaryimage"},"image":{"@id":"https:\/\/www.eldiario.net\/portal\/2024\/06\/01\/siete-muertos-tras-colision-en-via-la-paz-copacabana\/#primaryimage"},"thumbnailUrl":"https:\/\/www.eldiario.net\/portal\/wp-content\/uploads\/2024\/06\/1-COPA.jpg","datePublished":"2024-06-01T10:52:07+00:00","breadcrumb":{"@id":"https:\/\/www.eldiario.net\/portal\/2024\/06\/01\/siete-muertos-tras-colision-en-via-la-paz-copacabana\/#breadcrumb"},"inLanguage":"es","potentialAction":[{"@type":"ReadAction","target":["https:\/\/www.eldiario.net\/portal\/2024\/06\/01\/siete-muertos-tras-colision-en-via-la-paz-copacabana\/"]}]},{"@type":"ImageObject","inLanguage":"es","@id":"https:\/\/www.eldiario.net\/portal\/2024\/06\/01\/siete-muertos-tras-colision-en-via-la-paz-copacabana\/#primaryimage","url":"https:\/\/www.eldiario.net\/portal\/wp-content\/uploads\/2024\/06\/1-COPA.jpg","contentUrl":"https:\/\/www.eldiario.net\/portal\/wp-content\/uploads\/2024\/06\/1-COPA.jpg","width":720,"height":459,"caption":"Restos del bus que sufri\u00f3 un choque frontal con una volqueta."},{"@type":"BreadcrumbList","@id":"https:\/\/www.eldiario.net\/portal\/2024\/06\/01\/siete-muertos-tras-colision-en-via-la-paz-copacabana\/#breadcrumb","itemListElement":[{"@type":"ListItem","position":1,"name":"Portada","item":"https:\/\/www.eldiario.net\/portal\/"},{"@type":"ListItem","position":2,"name":"Siete muertos tras colisi\u00f3n en v\u00eda La Paz-Copacabana"}]},{"@type":"WebSite","@id":"https:\/\/www.eldiario.net\/portal\/#website","url":"https:\/\/www.eldiario.net\/portal\/","name":"El Diario - Decano de la prensa nacional","description":"El Diario - Decano de la prensa nacional","publisher":{"@id":"https:\/\/www.eldiario.net\/portal\/#organization"},"potentialAction":[{"@type":"SearchAction","target":{"@type":"EntryPoint","urlTemplate":"https:\/\/www.eldiario.net\/portal\/?s={search_term_string}"},"query-input":{"@type":"PropertyValueSpecification","valueRequired":true,"valueName":"search_term_string"}}],"inLanguage":"es"},{"@type":"Organization","@id":"https:\/\/www.eldiario.net\/portal\/#organization","name":"El Diario - Decano de la prensa nacional","url":"https:\/\/www.eldiario.net\/portal\/","logo":{"@type":"ImageObject","inLanguage":"es","@id":"https:\/\/www.eldiario.net\/portal\/#\/schema\/logo\/image\/","url":"https:\/\/www.eldiario.net\/portal\/wp-content\/uploads\/2023\/07\/logo_ED.jpg","contentUrl":"https:\/\/www.eldiario.net\/portal\/wp-content\/uploads\/2023\/07\/logo_ED.jpg","width":272,"height":52,"caption":"El Diario - Decano de la prensa nacional"},"image":{"@id":"https:\/\/www.eldiario.net\/portal\/#\/schema\/logo\/image\/"},"sameAs":["https:\/\/www.facebook.com\/eldiario.bolivia\/","https:\/\/x.com\/eldiario_net"]},{"@type":"Person","@id":"https:\/\/www.eldiario.net\/portal\/#\/schema\/person\/f46445640444750d7d753ccd04ae01b7","name":"Jeanette","image":{"@type":"ImageObject","inLanguage":"es","@id":"https:\/\/secure.gravatar.com\/avatar\/3ea2118a5f7dad2b7138b1187a6b7ee55f160b9968b66013c3a3ef39dd7e5798?s=96&d=mm&r=g","url":"https:\/\/secure.gravatar.com\/avatar\/3ea2118a5f7dad2b7138b1187a6b7ee55f160b9968b66013c3a3ef39dd7e5798?s=96&d=mm&r=g","contentUrl":"https:\/\/secure.gravatar.com\/avatar\/3ea2118a5f7dad2b7138b1187a6b7ee55f160b9968b66013c3a3ef39dd7e5798?s=96&d=mm&r=g","caption":"Jeanette"},"sameAs":["https:\/\/www.eldiario.net\/portal"],"url":"https:\/\/www.eldiario.net\/portal\/author\/jeanette\/"}]}},"_links":{"self":[{"href":"https:\/\/www.eldiario.net\/portal\/wp-json\/wp\/v2\/posts\/224202","targetHints":{"allow":["GET"]}}],"collection":[{"href":"https:\/\/www.eldiario.net\/portal\/wp-json\/wp\/v2\/posts"}],"about":[{"href":"https:\/\/www.eldiario.net\/portal\/wp-json\/wp\/v2\/types\/post"}],"author":[{"embeddable":true,"href":"https:\/\/www.eldiario.net\/portal\/wp-json\/wp\/v2\/users\/1"}],"replies":[{"embeddable":true,"href":"https:\/\/www.eldiario.net\/portal\/wp-json\/wp\/v2\/comments?post=224202"}],"version-history":[{"count":1,"href":"https:\/\/www.eldiario.net\/portal\/wp-json\/wp\/v2\/posts\/224202\/revisions"}],"predecessor-version":[{"id":224204,"href":"https:\/\/www.eldiario.net\/portal\/wp-json\/wp\/v2\/posts\/224202\/revisions\/224204"}],"wp:featuredmedia":[{"embeddable":true,"href":"https:\/\/www.eldiario.net\/portal\/wp-json\/wp\/v2\/media\/224203"}],"wp:attachment":[{"href":"https:\/\/www.eldiario.net\/portal\/wp-json\/wp\/v2\/media?parent=224202"}],"wp:term":[{"taxonomy":"category","embeddable":true,"href":"https:\/\/www.eldiario.net\/portal\/wp-json\/wp\/v2\/categories?post=224202"},{"taxonomy":"post_tag","embeddable":true,"href":"https:\/\/www.eldiario.net\/portal\/wp-json\/wp\/v2\/tags?post=224202"}],"curies":[{"name":"wp","href":"https:\/\/api.w.org\/{rel}","templated":true}]}}