{"id":224196,"date":"2024-06-01T06:48:47","date_gmt":"2024-06-01T10:48:47","guid":{"rendered":"https:\/\/www.eldiario.net\/portal\/?p=224196"},"modified":"2024-06-01T06:48:47","modified_gmt":"2024-06-01T10:48:47","slug":"envian-minuta-a-fiscalia-pidiendo-investigar-a-alcalde","status":"publish","type":"post","link":"https:\/\/www.eldiario.net\/portal\/2024\/06\/01\/envian-minuta-a-fiscalia-pidiendo-investigar-a-alcalde\/","title":{"rendered":"Env\u00edan minuta a Fiscal\u00eda pidiendo investigar a Alcalde"},"content":{"rendered":"<p>Tras la pol\u00e9mica por el presunto caso de estafa m\u00faltiple del empresario Harold Lora, el diputado de Comunidad Ciudadana, Alejandro Reyes, inform\u00f3 que envi\u00f3 una minuta a la Fiscal\u00eda General del Estado (FGE) pidiendo que se inicie una investigaci\u00f3n contra el alcalde, Iv\u00e1n Arias, secretarios municipales y concejales, para determinar responsabilidades administrativas y legales en construcciones no autorizadas en la Sede de Gobierno.<br \/>\nReyes afirm\u00f3 que \u201chay evidencia de sobra\u201d que demuestra los v\u00ednculos de Arias con empresarios que impulsan la construcci\u00f3n ilegal, como el caso de Lora, detenido preventivamente en el penal de San Pedro.<br \/>\nEl legislador acus\u00f3 a Arias de \u201cabrir la puerta del municipio\u201d a las constructoras fuera de norma, a las que llam\u00f3 \u201cla mafia de la construcci\u00f3n\u201d. En su criterio, el Alcalde impuls\u00f3 cuatro normativas para favorecer a Lora, lo cual es \u201cuna clara acci\u00f3n de favorecimiento a una sola persona\u201d, por lo que pidi\u00f3 que el Fiscal General investigue el caso a fondo.<br \/>\nEl martes, la autoridad edil de La Paz admiti\u00f3 conocer personalmente a Lora, pero neg\u00f3 tener relaci\u00f3n de negocios con \u00e9l. Previamente, advirti\u00f3 que los loteadores y las construcciones ilegales son una amenaza al municipio. (Br\u00fajula Digital)<\/p>\n","protected":false},"excerpt":{"rendered":"<p>Tras la pol\u00e9mica por el presunto caso de estafa m\u00faltiple del empresario Harold Lora, el diputado de Comunidad Ciudadana, Alejandro Reyes, inform\u00f3 que envi\u00f3 una minuta a la Fiscal\u00eda General del Estado (FGE) pidiendo que se inicie una investigaci\u00f3n contra el alcalde, Iv\u00e1n Arias, secretarios municipales y concejales, para determinar responsabilidades administrativas y legales en [&hellip;]<\/p>\n","protected":false},"author":1,"featured_media":224197,"comment_status":"open","ping_status":"open","sticky":false,"template":"","format":"standard","meta":{"_acf_changed":false,"footnotes":""},"categories":[39],"tags":[],"class_list":["post-224196","post","type-post","status-publish","format-standard","has-post-thumbnail","category-sociedad"],"acf":{"antetitulo":"Denuncia v\u00ednculos con Lora"},"yoast_head":"<!-- This site is optimized with the Yoast SEO plugin v28.4 - https:\/\/yoast.com\/product\/yoast-seo-wordpress\/ -->\n<title>Env\u00edan minuta a Fiscal\u00eda pidiendo investigar a Alcalde - El Diario - Bolivia<\/title>\n<meta name=\"robots\" content=\"index, follow, max-snippet:-1, max-image-preview:large, max-video-preview:-1\" \/>\n<link rel=\"canonical\" href=\"https:\/\/www.eldiario.net\/portal\/2024\/06\/01\/envian-minuta-a-fiscalia-pidiendo-investigar-a-alcalde\/\" \/>\n<meta property=\"og:locale\" content=\"es_ES\" \/>\n<meta property=\"og:type\" content=\"article\" \/>\n<meta property=\"og:title\" content=\"Env\u00edan minuta a Fiscal\u00eda pidiendo investigar a Alcalde - El Diario - Bolivia\" \/>\n<meta property=\"og:description\" content=\"Tras la pol\u00e9mica por el presunto caso de estafa m\u00faltiple del empresario Harold Lora, el diputado de Comunidad Ciudadana, Alejandro Reyes, inform\u00f3 que envi\u00f3 una minuta a la Fiscal\u00eda General del Estado (FGE) pidiendo que se inicie una investigaci\u00f3n contra el alcalde, Iv\u00e1n Arias, secretarios municipales y concejales, para determinar responsabilidades administrativas y legales en [&hellip;]\" \/>\n<meta property=\"og:url\" content=\"https:\/\/www.eldiario.net\/portal\/2024\/06\/01\/envian-minuta-a-fiscalia-pidiendo-investigar-a-alcalde\/\" \/>\n<meta property=\"og:site_name\" content=\"El Diario - Bolivia\" \/>\n<meta property=\"article:publisher\" content=\"https:\/\/www.facebook.com\/eldiario.bolivia\/\" \/>\n<meta property=\"article:published_time\" content=\"2024-06-01T10:48:47+00:00\" \/>\n<meta property=\"og:image\" content=\"https:\/\/www.eldiario.net\/portal\/wp-content\/uploads\/2024\/06\/1-LORA.jpg\" \/>\n\t<meta property=\"og:image:width\" content=\"720\" \/>\n\t<meta property=\"og:image:height\" content=\"399\" \/>\n\t<meta property=\"og:image:type\" content=\"image\/jpeg\" \/>\n<meta name=\"author\" content=\"Jeanette\" \/>\n<meta name=\"twitter:card\" content=\"summary_large_image\" \/>\n<meta name=\"twitter:creator\" content=\"@eldiario_net\" \/>\n<meta name=\"twitter:site\" content=\"@eldiario_net\" \/>\n<meta name=\"twitter:label1\" content=\"Escrito por\" \/>\n\t<meta name=\"twitter:data1\" content=\"Jeanette\" \/>\n\t<meta name=\"twitter:label2\" content=\"Tiempo de lectura\" \/>\n\t<meta name=\"twitter:data2\" content=\"2 minutos\" \/>\n<script type=\"application\/ld+json\" class=\"yoast-schema-graph\">{\"@context\":\"https:\\\/\\\/schema.org\",\"@graph\":[{\"@type\":\"Article\",\"@id\":\"https:\\\/\\\/www.eldiario.net\\\/portal\\\/2024\\\/06\\\/01\\\/envian-minuta-a-fiscalia-pidiendo-investigar-a-alcalde\\\/#article\",\"isPartOf\":{\"@id\":\"https:\\\/\\\/www.eldiario.net\\\/portal\\\/2024\\\/06\\\/01\\\/envian-minuta-a-fiscalia-pidiendo-investigar-a-alcalde\\\/\"},\"author\":{\"name\":\"Jeanette\",\"@id\":\"https:\\\/\\\/www.eldiario.net\\\/portal\\\/#\\\/schema\\\/person\\\/f46445640444750d7d753ccd04ae01b7\"},\"headline\":\"Env\u00edan minuta a Fiscal\u00eda pidiendo investigar a Alcalde\",\"datePublished\":\"2024-06-01T10:48:47+00:00\",\"mainEntityOfPage\":{\"@id\":\"https:\\\/\\\/www.eldiario.net\\\/portal\\\/2024\\\/06\\\/01\\\/envian-minuta-a-fiscalia-pidiendo-investigar-a-alcalde\\\/\"},\"wordCount\":217,\"commentCount\":0,\"publisher\":{\"@id\":\"https:\\\/\\\/www.eldiario.net\\\/portal\\\/#organization\"},\"image\":{\"@id\":\"https:\\\/\\\/www.eldiario.net\\\/portal\\\/2024\\\/06\\\/01\\\/envian-minuta-a-fiscalia-pidiendo-investigar-a-alcalde\\\/#primaryimage\"},\"thumbnailUrl\":\"https:\\\/\\\/www.eldiario.net\\\/portal\\\/wp-content\\\/uploads\\\/2024\\\/06\\\/1-LORA.jpg\",\"articleSection\":[\"Sociedad - Seguridad\"],\"inLanguage\":\"es\",\"potentialAction\":[{\"@type\":\"CommentAction\",\"name\":\"Comment\",\"target\":[\"https:\\\/\\\/www.eldiario.net\\\/portal\\\/2024\\\/06\\\/01\\\/envian-minuta-a-fiscalia-pidiendo-investigar-a-alcalde\\\/#respond\"]}]},{\"@type\":\"WebPage\",\"@id\":\"https:\\\/\\\/www.eldiario.net\\\/portal\\\/2024\\\/06\\\/01\\\/envian-minuta-a-fiscalia-pidiendo-investigar-a-alcalde\\\/\",\"url\":\"https:\\\/\\\/www.eldiario.net\\\/portal\\\/2024\\\/06\\\/01\\\/envian-minuta-a-fiscalia-pidiendo-investigar-a-alcalde\\\/\",\"name\":\"Env\u00edan minuta a Fiscal\u00eda pidiendo investigar a Alcalde - El Diario - Bolivia\",\"isPartOf\":{\"@id\":\"https:\\\/\\\/www.eldiario.net\\\/portal\\\/#website\"},\"primaryImageOfPage\":{\"@id\":\"https:\\\/\\\/www.eldiario.net\\\/portal\\\/2024\\\/06\\\/01\\\/envian-minuta-a-fiscalia-pidiendo-investigar-a-alcalde\\\/#primaryimage\"},\"image\":{\"@id\":\"https:\\\/\\\/www.eldiario.net\\\/portal\\\/2024\\\/06\\\/01\\\/envian-minuta-a-fiscalia-pidiendo-investigar-a-alcalde\\\/#primaryimage\"},\"thumbnailUrl\":\"https:\\\/\\\/www.eldiario.net\\\/portal\\\/wp-content\\\/uploads\\\/2024\\\/06\\\/1-LORA.jpg\",\"datePublished\":\"2024-06-01T10:48:47+00:00\",\"breadcrumb\":{\"@id\":\"https:\\\/\\\/www.eldiario.net\\\/portal\\\/2024\\\/06\\\/01\\\/envian-minuta-a-fiscalia-pidiendo-investigar-a-alcalde\\\/#breadcrumb\"},\"inLanguage\":\"es\",\"potentialAction\":[{\"@type\":\"ReadAction\",\"target\":[\"https:\\\/\\\/www.eldiario.net\\\/portal\\\/2024\\\/06\\\/01\\\/envian-minuta-a-fiscalia-pidiendo-investigar-a-alcalde\\\/\"]}]},{\"@type\":\"ImageObject\",\"inLanguage\":\"es\",\"@id\":\"https:\\\/\\\/www.eldiario.net\\\/portal\\\/2024\\\/06\\\/01\\\/envian-minuta-a-fiscalia-pidiendo-investigar-a-alcalde\\\/#primaryimage\",\"url\":\"https:\\\/\\\/www.eldiario.net\\\/portal\\\/wp-content\\\/uploads\\\/2024\\\/06\\\/1-LORA.jpg\",\"contentUrl\":\"https:\\\/\\\/www.eldiario.net\\\/portal\\\/wp-content\\\/uploads\\\/2024\\\/06\\\/1-LORA.jpg\",\"width\":720,\"height\":399,\"caption\":\"El diputado de CC, Alejandro Reyes.\"},{\"@type\":\"BreadcrumbList\",\"@id\":\"https:\\\/\\\/www.eldiario.net\\\/portal\\\/2024\\\/06\\\/01\\\/envian-minuta-a-fiscalia-pidiendo-investigar-a-alcalde\\\/#breadcrumb\",\"itemListElement\":[{\"@type\":\"ListItem\",\"position\":1,\"name\":\"Portada\",\"item\":\"https:\\\/\\\/www.eldiario.net\\\/portal\\\/\"},{\"@type\":\"ListItem\",\"position\":2,\"name\":\"Env\u00edan minuta a Fiscal\u00eda pidiendo investigar a Alcalde\"}]},{\"@type\":\"WebSite\",\"@id\":\"https:\\\/\\\/www.eldiario.net\\\/portal\\\/#website\",\"url\":\"https:\\\/\\\/www.eldiario.net\\\/portal\\\/\",\"name\":\"El Diario - Decano de la prensa nacional\",\"description\":\"El Diario - Decano de la prensa nacional\",\"publisher\":{\"@id\":\"https:\\\/\\\/www.eldiario.net\\\/portal\\\/#organization\"},\"potentialAction\":[{\"@type\":\"SearchAction\",\"target\":{\"@type\":\"EntryPoint\",\"urlTemplate\":\"https:\\\/\\\/www.eldiario.net\\\/portal\\\/?s={search_term_string}\"},\"query-input\":{\"@type\":\"PropertyValueSpecification\",\"valueRequired\":true,\"valueName\":\"search_term_string\"}}],\"inLanguage\":\"es\"},{\"@type\":\"Organization\",\"@id\":\"https:\\\/\\\/www.eldiario.net\\\/portal\\\/#organization\",\"name\":\"El Diario - Decano de la prensa nacional\",\"url\":\"https:\\\/\\\/www.eldiario.net\\\/portal\\\/\",\"logo\":{\"@type\":\"ImageObject\",\"inLanguage\":\"es\",\"@id\":\"https:\\\/\\\/www.eldiario.net\\\/portal\\\/#\\\/schema\\\/logo\\\/image\\\/\",\"url\":\"https:\\\/\\\/www.eldiario.net\\\/portal\\\/wp-content\\\/uploads\\\/2023\\\/07\\\/logo_ED.jpg\",\"contentUrl\":\"https:\\\/\\\/www.eldiario.net\\\/portal\\\/wp-content\\\/uploads\\\/2023\\\/07\\\/logo_ED.jpg\",\"width\":272,\"height\":52,\"caption\":\"El Diario - Decano de la prensa nacional\"},\"image\":{\"@id\":\"https:\\\/\\\/www.eldiario.net\\\/portal\\\/#\\\/schema\\\/logo\\\/image\\\/\"},\"sameAs\":[\"https:\\\/\\\/www.facebook.com\\\/eldiario.bolivia\\\/\",\"https:\\\/\\\/x.com\\\/eldiario_net\"]},{\"@type\":\"Person\",\"@id\":\"https:\\\/\\\/www.eldiario.net\\\/portal\\\/#\\\/schema\\\/person\\\/f46445640444750d7d753ccd04ae01b7\",\"name\":\"Jeanette\",\"image\":{\"@type\":\"ImageObject\",\"inLanguage\":\"es\",\"@id\":\"https:\\\/\\\/secure.gravatar.com\\\/avatar\\\/3ea2118a5f7dad2b7138b1187a6b7ee55f160b9968b66013c3a3ef39dd7e5798?s=96&d=mm&r=g\",\"url\":\"https:\\\/\\\/secure.gravatar.com\\\/avatar\\\/3ea2118a5f7dad2b7138b1187a6b7ee55f160b9968b66013c3a3ef39dd7e5798?s=96&d=mm&r=g\",\"contentUrl\":\"https:\\\/\\\/secure.gravatar.com\\\/avatar\\\/3ea2118a5f7dad2b7138b1187a6b7ee55f160b9968b66013c3a3ef39dd7e5798?s=96&d=mm&r=g\",\"caption\":\"Jeanette\"},\"sameAs\":[\"https:\\\/\\\/www.eldiario.net\\\/portal\"],\"url\":\"https:\\\/\\\/www.eldiario.net\\\/portal\\\/author\\\/jeanette\\\/\"}]}<\/script>\n<!-- \/ Yoast SEO plugin. -->","yoast_head_json":{"title":"Env\u00edan minuta a Fiscal\u00eda pidiendo investigar a Alcalde - El Diario - Bolivia","robots":{"index":"index","follow":"follow","max-snippet":"max-snippet:-1","max-image-preview":"max-image-preview:large","max-video-preview":"max-video-preview:-1"},"canonical":"https:\/\/www.eldiario.net\/portal\/2024\/06\/01\/envian-minuta-a-fiscalia-pidiendo-investigar-a-alcalde\/","og_locale":"es_ES","og_type":"article","og_title":"Env\u00edan minuta a Fiscal\u00eda pidiendo investigar a Alcalde - El Diario - Bolivia","og_description":"Tras la pol\u00e9mica por el presunto caso de estafa m\u00faltiple del empresario Harold Lora, el diputado de Comunidad Ciudadana, Alejandro Reyes, inform\u00f3 que envi\u00f3 una minuta a la Fiscal\u00eda General del Estado (FGE) pidiendo que se inicie una investigaci\u00f3n contra el alcalde, Iv\u00e1n Arias, secretarios municipales y concejales, para determinar responsabilidades administrativas y legales en [&hellip;]","og_url":"https:\/\/www.eldiario.net\/portal\/2024\/06\/01\/envian-minuta-a-fiscalia-pidiendo-investigar-a-alcalde\/","og_site_name":"El Diario - Bolivia","article_publisher":"https:\/\/www.facebook.com\/eldiario.bolivia\/","article_published_time":"2024-06-01T10:48:47+00:00","og_image":[{"width":720,"height":399,"url":"https:\/\/www.eldiario.net\/portal\/wp-content\/uploads\/2024\/06\/1-LORA.jpg","type":"image\/jpeg"}],"author":"Jeanette","twitter_card":"summary_large_image","twitter_creator":"@eldiario_net","twitter_site":"@eldiario_net","twitter_misc":{"Escrito por":"Jeanette","Tiempo de lectura":"2 minutos"},"schema":{"@context":"https:\/\/schema.org","@graph":[{"@type":"Article","@id":"https:\/\/www.eldiario.net\/portal\/2024\/06\/01\/envian-minuta-a-fiscalia-pidiendo-investigar-a-alcalde\/#article","isPartOf":{"@id":"https:\/\/www.eldiario.net\/portal\/2024\/06\/01\/envian-minuta-a-fiscalia-pidiendo-investigar-a-alcalde\/"},"author":{"name":"Jeanette","@id":"https:\/\/www.eldiario.net\/portal\/#\/schema\/person\/f46445640444750d7d753ccd04ae01b7"},"headline":"Env\u00edan minuta a Fiscal\u00eda pidiendo investigar a Alcalde","datePublished":"2024-06-01T10:48:47+00:00","mainEntityOfPage":{"@id":"https:\/\/www.eldiario.net\/portal\/2024\/06\/01\/envian-minuta-a-fiscalia-pidiendo-investigar-a-alcalde\/"},"wordCount":217,"commentCount":0,"publisher":{"@id":"https:\/\/www.eldiario.net\/portal\/#organization"},"image":{"@id":"https:\/\/www.eldiario.net\/portal\/2024\/06\/01\/envian-minuta-a-fiscalia-pidiendo-investigar-a-alcalde\/#primaryimage"},"thumbnailUrl":"https:\/\/www.eldiario.net\/portal\/wp-content\/uploads\/2024\/06\/1-LORA.jpg","articleSection":["Sociedad - Seguridad"],"inLanguage":"es","potentialAction":[{"@type":"CommentAction","name":"Comment","target":["https:\/\/www.eldiario.net\/portal\/2024\/06\/01\/envian-minuta-a-fiscalia-pidiendo-investigar-a-alcalde\/#respond"]}]},{"@type":"WebPage","@id":"https:\/\/www.eldiario.net\/portal\/2024\/06\/01\/envian-minuta-a-fiscalia-pidiendo-investigar-a-alcalde\/","url":"https:\/\/www.eldiario.net\/portal\/2024\/06\/01\/envian-minuta-a-fiscalia-pidiendo-investigar-a-alcalde\/","name":"Env\u00edan minuta a Fiscal\u00eda pidiendo investigar a Alcalde - El Diario - Bolivia","isPartOf":{"@id":"https:\/\/www.eldiario.net\/portal\/#website"},"primaryImageOfPage":{"@id":"https:\/\/www.eldiario.net\/portal\/2024\/06\/01\/envian-minuta-a-fiscalia-pidiendo-investigar-a-alcalde\/#primaryimage"},"image":{"@id":"https:\/\/www.eldiario.net\/portal\/2024\/06\/01\/envian-minuta-a-fiscalia-pidiendo-investigar-a-alcalde\/#primaryimage"},"thumbnailUrl":"https:\/\/www.eldiario.net\/portal\/wp-content\/uploads\/2024\/06\/1-LORA.jpg","datePublished":"2024-06-01T10:48:47+00:00","breadcrumb":{"@id":"https:\/\/www.eldiario.net\/portal\/2024\/06\/01\/envian-minuta-a-fiscalia-pidiendo-investigar-a-alcalde\/#breadcrumb"},"inLanguage":"es","potentialAction":[{"@type":"ReadAction","target":["https:\/\/www.eldiario.net\/portal\/2024\/06\/01\/envian-minuta-a-fiscalia-pidiendo-investigar-a-alcalde\/"]}]},{"@type":"ImageObject","inLanguage":"es","@id":"https:\/\/www.eldiario.net\/portal\/2024\/06\/01\/envian-minuta-a-fiscalia-pidiendo-investigar-a-alcalde\/#primaryimage","url":"https:\/\/www.eldiario.net\/portal\/wp-content\/uploads\/2024\/06\/1-LORA.jpg","contentUrl":"https:\/\/www.eldiario.net\/portal\/wp-content\/uploads\/2024\/06\/1-LORA.jpg","width":720,"height":399,"caption":"El diputado de CC, Alejandro Reyes."},{"@type":"BreadcrumbList","@id":"https:\/\/www.eldiario.net\/portal\/2024\/06\/01\/envian-minuta-a-fiscalia-pidiendo-investigar-a-alcalde\/#breadcrumb","itemListElement":[{"@type":"ListItem","position":1,"name":"Portada","item":"https:\/\/www.eldiario.net\/portal\/"},{"@type":"ListItem","position":2,"name":"Env\u00edan minuta a Fiscal\u00eda pidiendo investigar a Alcalde"}]},{"@type":"WebSite","@id":"https:\/\/www.eldiario.net\/portal\/#website","url":"https:\/\/www.eldiario.net\/portal\/","name":"El Diario - Decano de la prensa nacional","description":"El Diario - Decano de la prensa nacional","publisher":{"@id":"https:\/\/www.eldiario.net\/portal\/#organization"},"potentialAction":[{"@type":"SearchAction","target":{"@type":"EntryPoint","urlTemplate":"https:\/\/www.eldiario.net\/portal\/?s={search_term_string}"},"query-input":{"@type":"PropertyValueSpecification","valueRequired":true,"valueName":"search_term_string"}}],"inLanguage":"es"},{"@type":"Organization","@id":"https:\/\/www.eldiario.net\/portal\/#organization","name":"El Diario - Decano de la prensa nacional","url":"https:\/\/www.eldiario.net\/portal\/","logo":{"@type":"ImageObject","inLanguage":"es","@id":"https:\/\/www.eldiario.net\/portal\/#\/schema\/logo\/image\/","url":"https:\/\/www.eldiario.net\/portal\/wp-content\/uploads\/2023\/07\/logo_ED.jpg","contentUrl":"https:\/\/www.eldiario.net\/portal\/wp-content\/uploads\/2023\/07\/logo_ED.jpg","width":272,"height":52,"caption":"El Diario - Decano de la prensa nacional"},"image":{"@id":"https:\/\/www.eldiario.net\/portal\/#\/schema\/logo\/image\/"},"sameAs":["https:\/\/www.facebook.com\/eldiario.bolivia\/","https:\/\/x.com\/eldiario_net"]},{"@type":"Person","@id":"https:\/\/www.eldiario.net\/portal\/#\/schema\/person\/f46445640444750d7d753ccd04ae01b7","name":"Jeanette","image":{"@type":"ImageObject","inLanguage":"es","@id":"https:\/\/secure.gravatar.com\/avatar\/3ea2118a5f7dad2b7138b1187a6b7ee55f160b9968b66013c3a3ef39dd7e5798?s=96&d=mm&r=g","url":"https:\/\/secure.gravatar.com\/avatar\/3ea2118a5f7dad2b7138b1187a6b7ee55f160b9968b66013c3a3ef39dd7e5798?s=96&d=mm&r=g","contentUrl":"https:\/\/secure.gravatar.com\/avatar\/3ea2118a5f7dad2b7138b1187a6b7ee55f160b9968b66013c3a3ef39dd7e5798?s=96&d=mm&r=g","caption":"Jeanette"},"sameAs":["https:\/\/www.eldiario.net\/portal"],"url":"https:\/\/www.eldiario.net\/portal\/author\/jeanette\/"}]}},"_links":{"self":[{"href":"https:\/\/www.eldiario.net\/portal\/wp-json\/wp\/v2\/posts\/224196","targetHints":{"allow":["GET"]}}],"collection":[{"href":"https:\/\/www.eldiario.net\/portal\/wp-json\/wp\/v2\/posts"}],"about":[{"href":"https:\/\/www.eldiario.net\/portal\/wp-json\/wp\/v2\/types\/post"}],"author":[{"embeddable":true,"href":"https:\/\/www.eldiario.net\/portal\/wp-json\/wp\/v2\/users\/1"}],"replies":[{"embeddable":true,"href":"https:\/\/www.eldiario.net\/portal\/wp-json\/wp\/v2\/comments?post=224196"}],"version-history":[{"count":1,"href":"https:\/\/www.eldiario.net\/portal\/wp-json\/wp\/v2\/posts\/224196\/revisions"}],"predecessor-version":[{"id":224198,"href":"https:\/\/www.eldiario.net\/portal\/wp-json\/wp\/v2\/posts\/224196\/revisions\/224198"}],"wp:featuredmedia":[{"embeddable":true,"href":"https:\/\/www.eldiario.net\/portal\/wp-json\/wp\/v2\/media\/224197"}],"wp:attachment":[{"href":"https:\/\/www.eldiario.net\/portal\/wp-json\/wp\/v2\/media?parent=224196"}],"wp:term":[{"taxonomy":"category","embeddable":true,"href":"https:\/\/www.eldiario.net\/portal\/wp-json\/wp\/v2\/categories?post=224196"},{"taxonomy":"post_tag","embeddable":true,"href":"https:\/\/www.eldiario.net\/portal\/wp-json\/wp\/v2\/tags?post=224196"}],"curies":[{"name":"wp","href":"https:\/\/api.w.org\/{rel}","templated":true}]}}