{"id":224172,"date":"2024-06-01T06:36:48","date_gmt":"2024-06-01T10:36:48","guid":{"rendered":"https:\/\/www.eldiario.net\/portal\/?p=224172"},"modified":"2024-06-01T06:36:48","modified_gmt":"2024-06-01T10:36:48","slug":"rescatan-cuerpo-de-canadiense-del-volcan-pomerape-en-oruro","status":"publish","type":"post","link":"https:\/\/www.eldiario.net\/portal\/2024\/06\/01\/rescatan-cuerpo-de-canadiense-del-volcan-pomerape-en-oruro\/","title":{"rendered":"Rescatan cuerpo de canadiense  del volc\u00e1n Pomerape en Oruro"},"content":{"rendered":"<p class=\"v1MsoNormal\">Un turista canadiense de 70 a\u00f1os de edad falleci\u00f3 tr\u00e1gicamente, cuando realizaba descenso en rapel en el Volc\u00e1n Pomerape ubicado en la frontera del departamento de Oruro con Chile, inform\u00f3 el Socorro Andino Boliviano (SAB).<\/p>\n<p class=\"v1MsoNormal\">El hecho se registr\u00f3 el 29 de marzo, cuando una comitiva de tres personas extranjeras escal\u00f3 el volc\u00e1n y emprendieron el descenso en rapeles.<\/p>\n<p class=\"v1MsoNormal\">En ese contexto, el canadiense estaba desencordado y cay\u00f3 unos 500 metros por una pendiente, sufriendo politraumatismo y hemorragia. Perdi\u00f3 la vida de forma inmediata, indica el reporte del SAB.<\/p>\n<p class=\"v1MsoNormal\">Seg\u00fan el Socorro, la causa del accidente pudo ser la falta de visibilidad, el cansancio acumulado y exceso de confianza.<\/p>\n<p class=\"v1MsoNormal\">\n<p class=\"v1MsoNormal\">EL RESCATE<\/p>\n<p class=\"v1MsoNormal\">El 30 de mayo, el Socorro Andino recibi\u00f3 la alerta de lo sucedido y emprendi\u00f3 una misi\u00f3n de rescate, que se extendi\u00f3 por varias horas.<\/p>\n<p class=\"v1MsoNormal\">El operativo comenz\u00f3 de madrugada y, al mediod\u00eda, se dio con el cuerpo del turista a una altura de 5.394 metros sobre el nivel del mar.<\/p>\n<p class=\"v1MsoNormal\">El traslado del cuerpo se realiz\u00f3 en camilla, que fue deslizada sobre el hielo, hasta llegar al encuentro de veh\u00edculos a media tarde. El cuerpo fue entregado a la Polic\u00eda. (Erbol)<\/p>\n","protected":false},"excerpt":{"rendered":"<p>Un turista canadiense de 70 a\u00f1os de edad falleci\u00f3 tr\u00e1gicamente, cuando realizaba descenso en rapel en el Volc\u00e1n Pomerape ubicado en la frontera del departamento de Oruro con Chile, inform\u00f3 el Socorro Andino Boliviano (SAB). El hecho se registr\u00f3 el 29 de marzo, cuando una comitiva de tres personas extranjeras escal\u00f3 el volc\u00e1n y emprendieron [&hellip;]<\/p>\n","protected":false},"author":1,"featured_media":224173,"comment_status":"open","ping_status":"open","sticky":false,"template":"","format":"standard","meta":{"_acf_changed":false,"footnotes":""},"categories":[15],"tags":[],"class_list":["post-224172","post","type-post","status-publish","format-standard","has-post-thumbnail","category-portada"],"acf":{"antetitulo":"Cay\u00f3 por un precipicio"},"yoast_head":"<!-- This site is optimized with the Yoast SEO plugin v28.4 - https:\/\/yoast.com\/product\/yoast-seo-wordpress\/ -->\n<title>Rescatan cuerpo de canadiense del volc\u00e1n Pomerape en Oruro - El Diario - Bolivia<\/title>\n<meta name=\"robots\" content=\"index, follow, max-snippet:-1, max-image-preview:large, max-video-preview:-1\" \/>\n<link rel=\"canonical\" href=\"https:\/\/www.eldiario.net\/portal\/2024\/06\/01\/rescatan-cuerpo-de-canadiense-del-volcan-pomerape-en-oruro\/\" \/>\n<meta property=\"og:locale\" content=\"es_ES\" \/>\n<meta property=\"og:type\" content=\"article\" \/>\n<meta property=\"og:title\" content=\"Rescatan cuerpo de canadiense del volc\u00e1n Pomerape en Oruro - El Diario - Bolivia\" \/>\n<meta property=\"og:description\" content=\"Un turista canadiense de 70 a\u00f1os de edad falleci\u00f3 tr\u00e1gicamente, cuando realizaba descenso en rapel en el Volc\u00e1n Pomerape ubicado en la frontera del departamento de Oruro con Chile, inform\u00f3 el Socorro Andino Boliviano (SAB). El hecho se registr\u00f3 el 29 de marzo, cuando una comitiva de tres personas extranjeras escal\u00f3 el volc\u00e1n y emprendieron [&hellip;]\" \/>\n<meta property=\"og:url\" content=\"https:\/\/www.eldiario.net\/portal\/2024\/06\/01\/rescatan-cuerpo-de-canadiense-del-volcan-pomerape-en-oruro\/\" \/>\n<meta property=\"og:site_name\" content=\"El Diario - Bolivia\" \/>\n<meta property=\"article:publisher\" content=\"https:\/\/www.facebook.com\/eldiario.bolivia\/\" \/>\n<meta property=\"article:published_time\" content=\"2024-06-01T10:36:48+00:00\" \/>\n<meta property=\"og:image\" content=\"https:\/\/www.eldiario.net\/portal\/wp-content\/uploads\/2024\/06\/rescate-Erbol.jpg\" \/>\n\t<meta property=\"og:image:width\" content=\"900\" \/>\n\t<meta property=\"og:image:height\" content=\"557\" \/>\n\t<meta property=\"og:image:type\" content=\"image\/jpeg\" \/>\n<meta name=\"author\" content=\"Jeanette\" \/>\n<meta name=\"twitter:card\" content=\"summary_large_image\" \/>\n<meta name=\"twitter:creator\" content=\"@eldiario_net\" \/>\n<meta name=\"twitter:site\" content=\"@eldiario_net\" \/>\n<meta name=\"twitter:label1\" content=\"Escrito por\" \/>\n\t<meta name=\"twitter:data1\" content=\"Jeanette\" \/>\n\t<meta name=\"twitter:label2\" content=\"Tiempo de lectura\" \/>\n\t<meta name=\"twitter:data2\" content=\"2 minutos\" \/>\n<script type=\"application\/ld+json\" class=\"yoast-schema-graph\">{\"@context\":\"https:\\\/\\\/schema.org\",\"@graph\":[{\"@type\":\"Article\",\"@id\":\"https:\\\/\\\/www.eldiario.net\\\/portal\\\/2024\\\/06\\\/01\\\/rescatan-cuerpo-de-canadiense-del-volcan-pomerape-en-oruro\\\/#article\",\"isPartOf\":{\"@id\":\"https:\\\/\\\/www.eldiario.net\\\/portal\\\/2024\\\/06\\\/01\\\/rescatan-cuerpo-de-canadiense-del-volcan-pomerape-en-oruro\\\/\"},\"author\":{\"name\":\"Jeanette\",\"@id\":\"https:\\\/\\\/www.eldiario.net\\\/portal\\\/#\\\/schema\\\/person\\\/f46445640444750d7d753ccd04ae01b7\"},\"headline\":\"Rescatan cuerpo de canadiense del volc\u00e1n Pomerape en Oruro\",\"datePublished\":\"2024-06-01T10:36:48+00:00\",\"mainEntityOfPage\":{\"@id\":\"https:\\\/\\\/www.eldiario.net\\\/portal\\\/2024\\\/06\\\/01\\\/rescatan-cuerpo-de-canadiense-del-volcan-pomerape-en-oruro\\\/\"},\"wordCount\":207,\"commentCount\":0,\"publisher\":{\"@id\":\"https:\\\/\\\/www.eldiario.net\\\/portal\\\/#organization\"},\"image\":{\"@id\":\"https:\\\/\\\/www.eldiario.net\\\/portal\\\/2024\\\/06\\\/01\\\/rescatan-cuerpo-de-canadiense-del-volcan-pomerape-en-oruro\\\/#primaryimage\"},\"thumbnailUrl\":\"https:\\\/\\\/www.eldiario.net\\\/portal\\\/wp-content\\\/uploads\\\/2024\\\/06\\\/rescate-Erbol.jpg\",\"articleSection\":[\"Portada\"],\"inLanguage\":\"es\",\"potentialAction\":[{\"@type\":\"CommentAction\",\"name\":\"Comment\",\"target\":[\"https:\\\/\\\/www.eldiario.net\\\/portal\\\/2024\\\/06\\\/01\\\/rescatan-cuerpo-de-canadiense-del-volcan-pomerape-en-oruro\\\/#respond\"]}]},{\"@type\":\"WebPage\",\"@id\":\"https:\\\/\\\/www.eldiario.net\\\/portal\\\/2024\\\/06\\\/01\\\/rescatan-cuerpo-de-canadiense-del-volcan-pomerape-en-oruro\\\/\",\"url\":\"https:\\\/\\\/www.eldiario.net\\\/portal\\\/2024\\\/06\\\/01\\\/rescatan-cuerpo-de-canadiense-del-volcan-pomerape-en-oruro\\\/\",\"name\":\"Rescatan cuerpo de canadiense del volc\u00e1n Pomerape en Oruro - El Diario - Bolivia\",\"isPartOf\":{\"@id\":\"https:\\\/\\\/www.eldiario.net\\\/portal\\\/#website\"},\"primaryImageOfPage\":{\"@id\":\"https:\\\/\\\/www.eldiario.net\\\/portal\\\/2024\\\/06\\\/01\\\/rescatan-cuerpo-de-canadiense-del-volcan-pomerape-en-oruro\\\/#primaryimage\"},\"image\":{\"@id\":\"https:\\\/\\\/www.eldiario.net\\\/portal\\\/2024\\\/06\\\/01\\\/rescatan-cuerpo-de-canadiense-del-volcan-pomerape-en-oruro\\\/#primaryimage\"},\"thumbnailUrl\":\"https:\\\/\\\/www.eldiario.net\\\/portal\\\/wp-content\\\/uploads\\\/2024\\\/06\\\/rescate-Erbol.jpg\",\"datePublished\":\"2024-06-01T10:36:48+00:00\",\"breadcrumb\":{\"@id\":\"https:\\\/\\\/www.eldiario.net\\\/portal\\\/2024\\\/06\\\/01\\\/rescatan-cuerpo-de-canadiense-del-volcan-pomerape-en-oruro\\\/#breadcrumb\"},\"inLanguage\":\"es\",\"potentialAction\":[{\"@type\":\"ReadAction\",\"target\":[\"https:\\\/\\\/www.eldiario.net\\\/portal\\\/2024\\\/06\\\/01\\\/rescatan-cuerpo-de-canadiense-del-volcan-pomerape-en-oruro\\\/\"]}]},{\"@type\":\"ImageObject\",\"inLanguage\":\"es\",\"@id\":\"https:\\\/\\\/www.eldiario.net\\\/portal\\\/2024\\\/06\\\/01\\\/rescatan-cuerpo-de-canadiense-del-volcan-pomerape-en-oruro\\\/#primaryimage\",\"url\":\"https:\\\/\\\/www.eldiario.net\\\/portal\\\/wp-content\\\/uploads\\\/2024\\\/06\\\/rescate-Erbol.jpg\",\"contentUrl\":\"https:\\\/\\\/www.eldiario.net\\\/portal\\\/wp-content\\\/uploads\\\/2024\\\/06\\\/rescate-Erbol.jpg\",\"width\":900,\"height\":557,\"caption\":\"Rescatistas deslizaron la camilla sobre el hielo para rescatar el cuerpo. Foto: Socorro Andino.\"},{\"@type\":\"BreadcrumbList\",\"@id\":\"https:\\\/\\\/www.eldiario.net\\\/portal\\\/2024\\\/06\\\/01\\\/rescatan-cuerpo-de-canadiense-del-volcan-pomerape-en-oruro\\\/#breadcrumb\",\"itemListElement\":[{\"@type\":\"ListItem\",\"position\":1,\"name\":\"Portada\",\"item\":\"https:\\\/\\\/www.eldiario.net\\\/portal\\\/\"},{\"@type\":\"ListItem\",\"position\":2,\"name\":\"Rescatan cuerpo de canadiense del volc\u00e1n Pomerape en Oruro\"}]},{\"@type\":\"WebSite\",\"@id\":\"https:\\\/\\\/www.eldiario.net\\\/portal\\\/#website\",\"url\":\"https:\\\/\\\/www.eldiario.net\\\/portal\\\/\",\"name\":\"El Diario - Decano de la prensa nacional\",\"description\":\"El Diario - Decano de la prensa nacional\",\"publisher\":{\"@id\":\"https:\\\/\\\/www.eldiario.net\\\/portal\\\/#organization\"},\"potentialAction\":[{\"@type\":\"SearchAction\",\"target\":{\"@type\":\"EntryPoint\",\"urlTemplate\":\"https:\\\/\\\/www.eldiario.net\\\/portal\\\/?s={search_term_string}\"},\"query-input\":{\"@type\":\"PropertyValueSpecification\",\"valueRequired\":true,\"valueName\":\"search_term_string\"}}],\"inLanguage\":\"es\"},{\"@type\":\"Organization\",\"@id\":\"https:\\\/\\\/www.eldiario.net\\\/portal\\\/#organization\",\"name\":\"El Diario - Decano de la prensa nacional\",\"url\":\"https:\\\/\\\/www.eldiario.net\\\/portal\\\/\",\"logo\":{\"@type\":\"ImageObject\",\"inLanguage\":\"es\",\"@id\":\"https:\\\/\\\/www.eldiario.net\\\/portal\\\/#\\\/schema\\\/logo\\\/image\\\/\",\"url\":\"https:\\\/\\\/www.eldiario.net\\\/portal\\\/wp-content\\\/uploads\\\/2023\\\/07\\\/logo_ED.jpg\",\"contentUrl\":\"https:\\\/\\\/www.eldiario.net\\\/portal\\\/wp-content\\\/uploads\\\/2023\\\/07\\\/logo_ED.jpg\",\"width\":272,\"height\":52,\"caption\":\"El Diario - Decano de la prensa nacional\"},\"image\":{\"@id\":\"https:\\\/\\\/www.eldiario.net\\\/portal\\\/#\\\/schema\\\/logo\\\/image\\\/\"},\"sameAs\":[\"https:\\\/\\\/www.facebook.com\\\/eldiario.bolivia\\\/\",\"https:\\\/\\\/x.com\\\/eldiario_net\"]},{\"@type\":\"Person\",\"@id\":\"https:\\\/\\\/www.eldiario.net\\\/portal\\\/#\\\/schema\\\/person\\\/f46445640444750d7d753ccd04ae01b7\",\"name\":\"Jeanette\",\"image\":{\"@type\":\"ImageObject\",\"inLanguage\":\"es\",\"@id\":\"https:\\\/\\\/secure.gravatar.com\\\/avatar\\\/3ea2118a5f7dad2b7138b1187a6b7ee55f160b9968b66013c3a3ef39dd7e5798?s=96&d=mm&r=g\",\"url\":\"https:\\\/\\\/secure.gravatar.com\\\/avatar\\\/3ea2118a5f7dad2b7138b1187a6b7ee55f160b9968b66013c3a3ef39dd7e5798?s=96&d=mm&r=g\",\"contentUrl\":\"https:\\\/\\\/secure.gravatar.com\\\/avatar\\\/3ea2118a5f7dad2b7138b1187a6b7ee55f160b9968b66013c3a3ef39dd7e5798?s=96&d=mm&r=g\",\"caption\":\"Jeanette\"},\"sameAs\":[\"https:\\\/\\\/www.eldiario.net\\\/portal\"],\"url\":\"https:\\\/\\\/www.eldiario.net\\\/portal\\\/author\\\/jeanette\\\/\"}]}<\/script>\n<!-- \/ Yoast SEO plugin. -->","yoast_head_json":{"title":"Rescatan cuerpo de canadiense del volc\u00e1n Pomerape en Oruro - El Diario - Bolivia","robots":{"index":"index","follow":"follow","max-snippet":"max-snippet:-1","max-image-preview":"max-image-preview:large","max-video-preview":"max-video-preview:-1"},"canonical":"https:\/\/www.eldiario.net\/portal\/2024\/06\/01\/rescatan-cuerpo-de-canadiense-del-volcan-pomerape-en-oruro\/","og_locale":"es_ES","og_type":"article","og_title":"Rescatan cuerpo de canadiense del volc\u00e1n Pomerape en Oruro - El Diario - Bolivia","og_description":"Un turista canadiense de 70 a\u00f1os de edad falleci\u00f3 tr\u00e1gicamente, cuando realizaba descenso en rapel en el Volc\u00e1n Pomerape ubicado en la frontera del departamento de Oruro con Chile, inform\u00f3 el Socorro Andino Boliviano (SAB). El hecho se registr\u00f3 el 29 de marzo, cuando una comitiva de tres personas extranjeras escal\u00f3 el volc\u00e1n y emprendieron [&hellip;]","og_url":"https:\/\/www.eldiario.net\/portal\/2024\/06\/01\/rescatan-cuerpo-de-canadiense-del-volcan-pomerape-en-oruro\/","og_site_name":"El Diario - Bolivia","article_publisher":"https:\/\/www.facebook.com\/eldiario.bolivia\/","article_published_time":"2024-06-01T10:36:48+00:00","og_image":[{"width":900,"height":557,"url":"https:\/\/www.eldiario.net\/portal\/wp-content\/uploads\/2024\/06\/rescate-Erbol.jpg","type":"image\/jpeg"}],"author":"Jeanette","twitter_card":"summary_large_image","twitter_creator":"@eldiario_net","twitter_site":"@eldiario_net","twitter_misc":{"Escrito por":"Jeanette","Tiempo de lectura":"2 minutos"},"schema":{"@context":"https:\/\/schema.org","@graph":[{"@type":"Article","@id":"https:\/\/www.eldiario.net\/portal\/2024\/06\/01\/rescatan-cuerpo-de-canadiense-del-volcan-pomerape-en-oruro\/#article","isPartOf":{"@id":"https:\/\/www.eldiario.net\/portal\/2024\/06\/01\/rescatan-cuerpo-de-canadiense-del-volcan-pomerape-en-oruro\/"},"author":{"name":"Jeanette","@id":"https:\/\/www.eldiario.net\/portal\/#\/schema\/person\/f46445640444750d7d753ccd04ae01b7"},"headline":"Rescatan cuerpo de canadiense del volc\u00e1n Pomerape en Oruro","datePublished":"2024-06-01T10:36:48+00:00","mainEntityOfPage":{"@id":"https:\/\/www.eldiario.net\/portal\/2024\/06\/01\/rescatan-cuerpo-de-canadiense-del-volcan-pomerape-en-oruro\/"},"wordCount":207,"commentCount":0,"publisher":{"@id":"https:\/\/www.eldiario.net\/portal\/#organization"},"image":{"@id":"https:\/\/www.eldiario.net\/portal\/2024\/06\/01\/rescatan-cuerpo-de-canadiense-del-volcan-pomerape-en-oruro\/#primaryimage"},"thumbnailUrl":"https:\/\/www.eldiario.net\/portal\/wp-content\/uploads\/2024\/06\/rescate-Erbol.jpg","articleSection":["Portada"],"inLanguage":"es","potentialAction":[{"@type":"CommentAction","name":"Comment","target":["https:\/\/www.eldiario.net\/portal\/2024\/06\/01\/rescatan-cuerpo-de-canadiense-del-volcan-pomerape-en-oruro\/#respond"]}]},{"@type":"WebPage","@id":"https:\/\/www.eldiario.net\/portal\/2024\/06\/01\/rescatan-cuerpo-de-canadiense-del-volcan-pomerape-en-oruro\/","url":"https:\/\/www.eldiario.net\/portal\/2024\/06\/01\/rescatan-cuerpo-de-canadiense-del-volcan-pomerape-en-oruro\/","name":"Rescatan cuerpo de canadiense del volc\u00e1n Pomerape en Oruro - El Diario - Bolivia","isPartOf":{"@id":"https:\/\/www.eldiario.net\/portal\/#website"},"primaryImageOfPage":{"@id":"https:\/\/www.eldiario.net\/portal\/2024\/06\/01\/rescatan-cuerpo-de-canadiense-del-volcan-pomerape-en-oruro\/#primaryimage"},"image":{"@id":"https:\/\/www.eldiario.net\/portal\/2024\/06\/01\/rescatan-cuerpo-de-canadiense-del-volcan-pomerape-en-oruro\/#primaryimage"},"thumbnailUrl":"https:\/\/www.eldiario.net\/portal\/wp-content\/uploads\/2024\/06\/rescate-Erbol.jpg","datePublished":"2024-06-01T10:36:48+00:00","breadcrumb":{"@id":"https:\/\/www.eldiario.net\/portal\/2024\/06\/01\/rescatan-cuerpo-de-canadiense-del-volcan-pomerape-en-oruro\/#breadcrumb"},"inLanguage":"es","potentialAction":[{"@type":"ReadAction","target":["https:\/\/www.eldiario.net\/portal\/2024\/06\/01\/rescatan-cuerpo-de-canadiense-del-volcan-pomerape-en-oruro\/"]}]},{"@type":"ImageObject","inLanguage":"es","@id":"https:\/\/www.eldiario.net\/portal\/2024\/06\/01\/rescatan-cuerpo-de-canadiense-del-volcan-pomerape-en-oruro\/#primaryimage","url":"https:\/\/www.eldiario.net\/portal\/wp-content\/uploads\/2024\/06\/rescate-Erbol.jpg","contentUrl":"https:\/\/www.eldiario.net\/portal\/wp-content\/uploads\/2024\/06\/rescate-Erbol.jpg","width":900,"height":557,"caption":"Rescatistas deslizaron la camilla sobre el hielo para rescatar el cuerpo. Foto: Socorro Andino."},{"@type":"BreadcrumbList","@id":"https:\/\/www.eldiario.net\/portal\/2024\/06\/01\/rescatan-cuerpo-de-canadiense-del-volcan-pomerape-en-oruro\/#breadcrumb","itemListElement":[{"@type":"ListItem","position":1,"name":"Portada","item":"https:\/\/www.eldiario.net\/portal\/"},{"@type":"ListItem","position":2,"name":"Rescatan cuerpo de canadiense del volc\u00e1n Pomerape en Oruro"}]},{"@type":"WebSite","@id":"https:\/\/www.eldiario.net\/portal\/#website","url":"https:\/\/www.eldiario.net\/portal\/","name":"El Diario - Decano de la prensa nacional","description":"El Diario - Decano de la prensa nacional","publisher":{"@id":"https:\/\/www.eldiario.net\/portal\/#organization"},"potentialAction":[{"@type":"SearchAction","target":{"@type":"EntryPoint","urlTemplate":"https:\/\/www.eldiario.net\/portal\/?s={search_term_string}"},"query-input":{"@type":"PropertyValueSpecification","valueRequired":true,"valueName":"search_term_string"}}],"inLanguage":"es"},{"@type":"Organization","@id":"https:\/\/www.eldiario.net\/portal\/#organization","name":"El Diario - Decano de la prensa nacional","url":"https:\/\/www.eldiario.net\/portal\/","logo":{"@type":"ImageObject","inLanguage":"es","@id":"https:\/\/www.eldiario.net\/portal\/#\/schema\/logo\/image\/","url":"https:\/\/www.eldiario.net\/portal\/wp-content\/uploads\/2023\/07\/logo_ED.jpg","contentUrl":"https:\/\/www.eldiario.net\/portal\/wp-content\/uploads\/2023\/07\/logo_ED.jpg","width":272,"height":52,"caption":"El Diario - Decano de la prensa nacional"},"image":{"@id":"https:\/\/www.eldiario.net\/portal\/#\/schema\/logo\/image\/"},"sameAs":["https:\/\/www.facebook.com\/eldiario.bolivia\/","https:\/\/x.com\/eldiario_net"]},{"@type":"Person","@id":"https:\/\/www.eldiario.net\/portal\/#\/schema\/person\/f46445640444750d7d753ccd04ae01b7","name":"Jeanette","image":{"@type":"ImageObject","inLanguage":"es","@id":"https:\/\/secure.gravatar.com\/avatar\/3ea2118a5f7dad2b7138b1187a6b7ee55f160b9968b66013c3a3ef39dd7e5798?s=96&d=mm&r=g","url":"https:\/\/secure.gravatar.com\/avatar\/3ea2118a5f7dad2b7138b1187a6b7ee55f160b9968b66013c3a3ef39dd7e5798?s=96&d=mm&r=g","contentUrl":"https:\/\/secure.gravatar.com\/avatar\/3ea2118a5f7dad2b7138b1187a6b7ee55f160b9968b66013c3a3ef39dd7e5798?s=96&d=mm&r=g","caption":"Jeanette"},"sameAs":["https:\/\/www.eldiario.net\/portal"],"url":"https:\/\/www.eldiario.net\/portal\/author\/jeanette\/"}]}},"_links":{"self":[{"href":"https:\/\/www.eldiario.net\/portal\/wp-json\/wp\/v2\/posts\/224172","targetHints":{"allow":["GET"]}}],"collection":[{"href":"https:\/\/www.eldiario.net\/portal\/wp-json\/wp\/v2\/posts"}],"about":[{"href":"https:\/\/www.eldiario.net\/portal\/wp-json\/wp\/v2\/types\/post"}],"author":[{"embeddable":true,"href":"https:\/\/www.eldiario.net\/portal\/wp-json\/wp\/v2\/users\/1"}],"replies":[{"embeddable":true,"href":"https:\/\/www.eldiario.net\/portal\/wp-json\/wp\/v2\/comments?post=224172"}],"version-history":[{"count":1,"href":"https:\/\/www.eldiario.net\/portal\/wp-json\/wp\/v2\/posts\/224172\/revisions"}],"predecessor-version":[{"id":224174,"href":"https:\/\/www.eldiario.net\/portal\/wp-json\/wp\/v2\/posts\/224172\/revisions\/224174"}],"wp:featuredmedia":[{"embeddable":true,"href":"https:\/\/www.eldiario.net\/portal\/wp-json\/wp\/v2\/media\/224173"}],"wp:attachment":[{"href":"https:\/\/www.eldiario.net\/portal\/wp-json\/wp\/v2\/media?parent=224172"}],"wp:term":[{"taxonomy":"category","embeddable":true,"href":"https:\/\/www.eldiario.net\/portal\/wp-json\/wp\/v2\/categories?post=224172"},{"taxonomy":"post_tag","embeddable":true,"href":"https:\/\/www.eldiario.net\/portal\/wp-json\/wp\/v2\/tags?post=224172"}],"curies":[{"name":"wp","href":"https:\/\/api.w.org\/{rel}","templated":true}]}}